{"id":85093,"date":"2019-01-23T12:04:48","date_gmt":"2019-01-23T18:04:48","guid":{"rendered":"https:\/\/centrourbano.com\/?p=85093"},"modified":"2019-01-23T12:09:26","modified_gmt":"2019-01-23T18:09:26","slug":"buscara-infonavit-regular-despachos","status":"publish","type":"post","link":"https:\/\/centrourbano.com\/revista\/vivienda\/buscara-infonavit-regular-despachos\/","title":{"rendered":"Buscar\u00e1 Infonavit regular a despachos de cobranza"},"content":{"rendered":"<p><em>Ante quejas por abusos, el Instituto plantear\u00e1 una visi\u00f3n apegada al respeto de los trabajadores<\/em><!--more--><\/p>\n<p>El Instituto del Fondo Nacional de la Vivienda para los Trabajadores (Infonavit) buscar\u00e1 dar un giro en su trato con la derechohabiencia, apegada al respeto a los derechos humanos. Por ello, el organismo impulsar\u00e1 una agenda de colaboraci\u00f3n con la Comisi\u00f3n Nacional de los Derechos Humanos, sobre todo para cuidar los procesos de cobranza del organismo.<\/p>\n<p>As\u00ed lo dio a conocer Carlos Mart\u00ednez, director general del Infonavit, quien destac\u00f3 que ante la poca transparencia en el actuar de los despachos, y las quejas de abusos por parte de estas entidades hacia los derechohabientes, el organismo tomar\u00e1 cartas en el asunto. <\/p>\n<p>De manera particular, Mart\u00ednez Vel\u00e1zquez dijo que trabajar\u00e1 con la CNDH para emitir un est\u00e1ndar de cumplimiento para la actuaci\u00f3n de despachos de cobranza. Asegur\u00f3 que a partir de la puesta en marcha de estos lineamientos, cada oficina que quiera trabajar con el Instituto deber\u00e1 apegarse a los criterios.<\/p>\n<p>Sumado a lo anterior, dijo que se difundir\u00e1 el quehacer de los despachos de cobranza. Anuncio que se pondr\u00e1 a disposici\u00f3n de los trabajadores informaci\u00f3n sobre cu\u00e1les son los despachos que trabajaban con el Infonavit, cu\u00e1ntos cr\u00e9ditos manejan, as\u00ed como informaci\u00f3n sobre denuncias en su proceder. <\/p>\n<p>\u00abBuscaremos con la CNDH revisar el cumplimiento de reglas de operaci\u00f3n; que nos ayude a revisar desde la perspectiva de derechos humanos.<\/p>\n<p>\u00abEn el caso de los esquemas de cobranza, si bien son eficaz econ\u00f3micamente, podr\u00edan vulnerar a trabajadores\u00bb, apunt\u00f3. <\/p>\n","protected":false},"excerpt":{"rendered":"<p>Ante quejas por abusos, el Instituto plantear\u00e1 una visi\u00f3n apegada al respeto de los trabajadores<\/p>\n","protected":false},"author":77,"featured_media":83912,"comment_status":"open","ping_status":"closed","sticky":false,"template":"","format":"standard","meta":{"inline_featured_image":false,"footnotes":""},"categories":[12],"tags":[14572,11075,642,5300,15201,100,60],"class_list":["post-85093","post","type-post","status-publish","format-standard","has-post-thumbnail","hentry","category-vivienda","tag-carlos-martinez","tag-cndh","tag-creditos","tag-derechos-humanos","tag-despachos-de-cobranza","tag-infonavit","tag-vivienda-2"],"yoast_head":"<!-- This site is optimized with the Yoast SEO plugin v28.4 - https:\/\/yoast.com\/product\/yoast-seo-wordpress\/ -->\n<title>Buscar\u00e1 Infonavit regular actuaci\u00f3n de despachos de cobranza<\/title>\n<meta name=\"description\" content=\"El Instituto del Fondo Nacional de la Vivienda para los Trabajadores (Infonavit) buscar\u00e1 dar un giro en su trato con la derechohabiencia, apegada al respeto a los derechos humanos\" \/>\n<meta name=\"robots\" content=\"index, follow, max-snippet:-1, max-image-preview:large, max-video-preview:-1\" \/>\n<link rel=\"canonical\" href=\"https:\/\/centrourbano.com\/revista\/vivienda\/buscara-infonavit-regular-despachos\/\" \/>\n<meta property=\"og:locale\" content=\"es_ES\" \/>\n<meta property=\"og:type\" content=\"article\" \/>\n<meta property=\"og:title\" content=\"Buscar\u00e1 Infonavit regular actuaci\u00f3n de despachos de cobranza\" \/>\n<meta property=\"og:description\" content=\"El Instituto del Fondo Nacional de la Vivienda para los Trabajadores (Infonavit) buscar\u00e1 dar un giro en su trato con la derechohabiencia, apegada al respeto a los derechos humanos\" \/>\n<meta property=\"og:url\" content=\"https:\/\/centrourbano.com\/revista\/vivienda\/buscara-infonavit-regular-despachos\/\" \/>\n<meta property=\"og:site_name\" content=\"Centro Urbano\" \/>\n<meta property=\"article:publisher\" content=\"https:\/\/www.facebook.com\/portalcentrourbano\" \/>\n<meta property=\"article:published_time\" content=\"2019-01-23T18:04:48+00:00\" \/>\n<meta property=\"article:modified_time\" content=\"2019-01-23T18:09:26+00:00\" \/>\n<meta property=\"og:image\" content=\"https:\/\/centrourbano.com\/revista\/wp-content\/uploads\/Carlos-Mart\u00ednez_Infonavit_Asamblea-117_1.jpeg\" \/>\n\t<meta property=\"og:image:width\" content=\"800\" \/>\n\t<meta property=\"og:image:height\" content=\"533\" \/>\n\t<meta property=\"og:image:type\" content=\"image\/jpeg\" \/>\n<meta name=\"author\" content=\"G4A\" \/>\n<meta name=\"twitter:card\" content=\"summary_large_image\" \/>\n<meta name=\"twitter:creator\" content=\"@CentroUrbano\" \/>\n<meta name=\"twitter:site\" content=\"@CentroUrbano\" \/>\n<meta name=\"twitter:label1\" content=\"Escrito por\" \/>\n\t<meta name=\"twitter:data1\" content=\"G4A\" \/>\n\t<meta name=\"twitter:label2\" content=\"Tiempo de lectura\" \/>\n\t<meta name=\"twitter:data2\" content=\"1 minuto\" \/>\n<script type=\"application\/ld+json\" class=\"yoast-schema-graph\">{\"@context\":\"https:\\\/\\\/schema.org\",\"@graph\":[{\"@type\":\"Article\",\"@id\":\"https:\\\/\\\/centrourbano.com\\\/revista\\\/vivienda\\\/buscara-infonavit-regular-despachos\\\/#article\",\"isPartOf\":{\"@id\":\"https:\\\/\\\/centrourbano.com\\\/revista\\\/vivienda\\\/buscara-infonavit-regular-despachos\\\/\"},\"author\":{\"name\":\"G4A\",\"@id\":\"https:\\\/\\\/centrourbano.com\\\/revista\\\/#\\\/schema\\\/person\\\/370fa0ba2d8dd5bde3fdb8b62ad360aa\"},\"headline\":\"Buscar\u00e1 Infonavit regular a despachos de cobranza\",\"datePublished\":\"2019-01-23T18:04:48+00:00\",\"dateModified\":\"2019-01-23T18:09:26+00:00\",\"mainEntityOfPage\":{\"@id\":\"https:\\\/\\\/centrourbano.com\\\/revista\\\/vivienda\\\/buscara-infonavit-regular-despachos\\\/\"},\"wordCount\":274,\"commentCount\":0,\"publisher\":{\"@id\":\"https:\\\/\\\/centrourbano.com\\\/revista\\\/#organization\"},\"image\":{\"@id\":\"https:\\\/\\\/centrourbano.com\\\/revista\\\/vivienda\\\/buscara-infonavit-regular-despachos\\\/#primaryimage\"},\"thumbnailUrl\":\"https:\\\/\\\/centrourbano.com\\\/revista\\\/wp-content\\\/uploads\\\/Carlos-Mart\u00ednez_Infonavit_Asamblea-117_1.jpeg\",\"keywords\":[\"Carlos Mart\u00ednez\",\"CNDH\",\"Cr\u00e9ditos\",\"Derechos Humanos\",\"despachos de cobranza\",\"Infonavit\",\"vivienda\"],\"articleSection\":[\"Vivienda\"],\"inLanguage\":\"es\"},{\"@type\":\"WebPage\",\"@id\":\"https:\\\/\\\/centrourbano.com\\\/revista\\\/vivienda\\\/buscara-infonavit-regular-despachos\\\/\",\"url\":\"https:\\\/\\\/centrourbano.com\\\/revista\\\/vivienda\\\/buscara-infonavit-regular-despachos\\\/\",\"name\":\"Buscar\u00e1 Infonavit regular actuaci\u00f3n de despachos de cobranza\",\"isPartOf\":{\"@id\":\"https:\\\/\\\/centrourbano.com\\\/revista\\\/#website\"},\"primaryImageOfPage\":{\"@id\":\"https:\\\/\\\/centrourbano.com\\\/revista\\\/vivienda\\\/buscara-infonavit-regular-despachos\\\/#primaryimage\"},\"image\":{\"@id\":\"https:\\\/\\\/centrourbano.com\\\/revista\\\/vivienda\\\/buscara-infonavit-regular-despachos\\\/#primaryimage\"},\"thumbnailUrl\":\"https:\\\/\\\/centrourbano.com\\\/revista\\\/wp-content\\\/uploads\\\/Carlos-Mart\u00ednez_Infonavit_Asamblea-117_1.jpeg\",\"datePublished\":\"2019-01-23T18:04:48+00:00\",\"dateModified\":\"2019-01-23T18:09:26+00:00\",\"description\":\"El Instituto del Fondo Nacional de la Vivienda para los Trabajadores (Infonavit) buscar\u00e1 dar un giro en su trato con la derechohabiencia, apegada al respeto a los derechos humanos\",\"breadcrumb\":{\"@id\":\"https:\\\/\\\/centrourbano.com\\\/revista\\\/vivienda\\\/buscara-infonavit-regular-despachos\\\/#breadcrumb\"},\"inLanguage\":\"es\",\"potentialAction\":[{\"@type\":\"ReadAction\",\"target\":[\"https:\\\/\\\/centrourbano.com\\\/revista\\\/vivienda\\\/buscara-infonavit-regular-despachos\\\/\"]}]},{\"@type\":\"ImageObject\",\"inLanguage\":\"es\",\"@id\":\"https:\\\/\\\/centrourbano.com\\\/revista\\\/vivienda\\\/buscara-infonavit-regular-despachos\\\/#primaryimage\",\"url\":\"https:\\\/\\\/centrourbano.com\\\/revista\\\/wp-content\\\/uploads\\\/Carlos-Mart\u00ednez_Infonavit_Asamblea-117_1.jpeg\",\"contentUrl\":\"https:\\\/\\\/centrourbano.com\\\/revista\\\/wp-content\\\/uploads\\\/Carlos-Mart\u00ednez_Infonavit_Asamblea-117_1.jpeg\",\"width\":800,\"height\":533,\"caption\":\"Del total de acciones contempladas para el a\u00f1o, 58% se concentra en trabajadores con deciles de ingreso bajo, es decir, quienes ganan menos de 4 UMAs\"},{\"@type\":\"BreadcrumbList\",\"@id\":\"https:\\\/\\\/centrourbano.com\\\/revista\\\/vivienda\\\/buscara-infonavit-regular-despachos\\\/#breadcrumb\",\"itemListElement\":[{\"@type\":\"ListItem\",\"position\":1,\"name\":\"Portada\",\"item\":\"https:\\\/\\\/centrourbano.com\\\/revista\\\/\"},{\"@type\":\"ListItem\",\"position\":2,\"name\":\"Buscar\u00e1 Infonavit regular a despachos de cobranza\"}]},{\"@type\":\"WebSite\",\"@id\":\"https:\\\/\\\/centrourbano.com\\\/revista\\\/#website\",\"url\":\"https:\\\/\\\/centrourbano.com\\\/revista\\\/\",\"name\":\"Centro Urbano\",\"description\":\"Medio especializado en los sectores vivienda, inmobiliario, construcci\u00f3n, arquitectura y urbanismo.\",\"publisher\":{\"@id\":\"https:\\\/\\\/centrourbano.com\\\/revista\\\/#organization\"},\"potentialAction\":[{\"@type\":\"SearchAction\",\"target\":{\"@type\":\"EntryPoint\",\"urlTemplate\":\"https:\\\/\\\/centrourbano.com\\\/revista\\\/?s={search_term_string}\"},\"query-input\":{\"@type\":\"PropertyValueSpecification\",\"valueRequired\":true,\"valueName\":\"search_term_string\"}}],\"inLanguage\":\"es\"},{\"@type\":\"Organization\",\"@id\":\"https:\\\/\\\/centrourbano.com\\\/revista\\\/#organization\",\"name\":\"Centro Urbano\",\"url\":\"https:\\\/\\\/centrourbano.com\\\/revista\\\/\",\"logo\":{\"@type\":\"ImageObject\",\"inLanguage\":\"es\",\"@id\":\"https:\\\/\\\/centrourbano.com\\\/revista\\\/#\\\/schema\\\/logo\\\/image\\\/\",\"url\":\"https:\\\/\\\/centrourbano.com\\\/revista\\\/wp-content\\\/uploads\\\/web_CU_logo-1.png\",\"contentUrl\":\"https:\\\/\\\/centrourbano.com\\\/revista\\\/wp-content\\\/uploads\\\/web_CU_logo-1.png\",\"width\":350,\"height\":91,\"caption\":\"Centro Urbano\"},\"image\":{\"@id\":\"https:\\\/\\\/centrourbano.com\\\/revista\\\/#\\\/schema\\\/logo\\\/image\\\/\"},\"sameAs\":[\"https:\\\/\\\/www.facebook.com\\\/portalcentrourbano\",\"https:\\\/\\\/x.com\\\/CentroUrbano\",\"https:\\\/\\\/www.instagram.com\\\/centro_urbano\\\/\",\"https:\\\/\\\/www.linkedin.com\\\/company\\\/centro-urbano\\\/\",\"http:\\\/\\\/www.youtube.com\\\/user\\\/portalcentrourbano\"]},{\"@type\":\"Person\",\"@id\":\"https:\\\/\\\/centrourbano.com\\\/revista\\\/#\\\/schema\\\/person\\\/370fa0ba2d8dd5bde3fdb8b62ad360aa\",\"name\":\"G4A\",\"image\":{\"@type\":\"ImageObject\",\"inLanguage\":\"es\",\"@id\":\"https:\\\/\\\/secure.gravatar.com\\\/avatar\\\/932a97121b13d5de5bbd8193c6c83d3b92c9eda0f39623607d4280e7a5778d97?s=96&d=mm&r=g\",\"url\":\"https:\\\/\\\/secure.gravatar.com\\\/avatar\\\/932a97121b13d5de5bbd8193c6c83d3b92c9eda0f39623607d4280e7a5778d97?s=96&d=mm&r=g\",\"contentUrl\":\"https:\\\/\\\/secure.gravatar.com\\\/avatar\\\/932a97121b13d5de5bbd8193c6c83d3b92c9eda0f39623607d4280e7a5778d97?s=96&d=mm&r=g\",\"caption\":\"G4A\"},\"url\":\"https:\\\/\\\/centrourbano.com\\\/revista\\\/author\\\/admin-g4a\\\/\"}]}<\/script>\n<!-- \/ Yoast SEO plugin. -->","yoast_head_json":{"title":"Buscar\u00e1 Infonavit regular actuaci\u00f3n de despachos de cobranza","description":"El Instituto del Fondo Nacional de la Vivienda para los Trabajadores (Infonavit) buscar\u00e1 dar un giro en su trato con la derechohabiencia, apegada al respeto a los derechos humanos","robots":{"index":"index","follow":"follow","max-snippet":"max-snippet:-1","max-image-preview":"max-image-preview:large","max-video-preview":"max-video-preview:-1"},"canonical":"https:\/\/centrourbano.com\/revista\/vivienda\/buscara-infonavit-regular-despachos\/","og_locale":"es_ES","og_type":"article","og_title":"Buscar\u00e1 Infonavit regular actuaci\u00f3n de despachos de cobranza","og_description":"El Instituto del Fondo Nacional de la Vivienda para los Trabajadores (Infonavit) buscar\u00e1 dar un giro en su trato con la derechohabiencia, apegada al respeto a los derechos humanos","og_url":"https:\/\/centrourbano.com\/revista\/vivienda\/buscara-infonavit-regular-despachos\/","og_site_name":"Centro Urbano","article_publisher":"https:\/\/www.facebook.com\/portalcentrourbano","article_published_time":"2019-01-23T18:04:48+00:00","article_modified_time":"2019-01-23T18:09:26+00:00","og_image":[{"width":800,"height":533,"url":"https:\/\/centrourbano.com\/revista\/wp-content\/uploads\/Carlos-Mart\u00ednez_Infonavit_Asamblea-117_1.jpeg","type":"image\/jpeg"}],"author":"G4A","twitter_card":"summary_large_image","twitter_creator":"@CentroUrbano","twitter_site":"@CentroUrbano","twitter_misc":{"Escrito por":"G4A","Tiempo de lectura":"1 minuto"},"schema":{"@context":"https:\/\/schema.org","@graph":[{"@type":"Article","@id":"https:\/\/centrourbano.com\/revista\/vivienda\/buscara-infonavit-regular-despachos\/#article","isPartOf":{"@id":"https:\/\/centrourbano.com\/revista\/vivienda\/buscara-infonavit-regular-despachos\/"},"author":{"name":"G4A","@id":"https:\/\/centrourbano.com\/revista\/#\/schema\/person\/370fa0ba2d8dd5bde3fdb8b62ad360aa"},"headline":"Buscar\u00e1 Infonavit regular a despachos de cobranza","datePublished":"2019-01-23T18:04:48+00:00","dateModified":"2019-01-23T18:09:26+00:00","mainEntityOfPage":{"@id":"https:\/\/centrourbano.com\/revista\/vivienda\/buscara-infonavit-regular-despachos\/"},"wordCount":274,"commentCount":0,"publisher":{"@id":"https:\/\/centrourbano.com\/revista\/#organization"},"image":{"@id":"https:\/\/centrourbano.com\/revista\/vivienda\/buscara-infonavit-regular-despachos\/#primaryimage"},"thumbnailUrl":"https:\/\/centrourbano.com\/revista\/wp-content\/uploads\/Carlos-Mart\u00ednez_Infonavit_Asamblea-117_1.jpeg","keywords":["Carlos Mart\u00ednez","CNDH","Cr\u00e9ditos","Derechos Humanos","despachos de cobranza","Infonavit","vivienda"],"articleSection":["Vivienda"],"inLanguage":"es"},{"@type":"WebPage","@id":"https:\/\/centrourbano.com\/revista\/vivienda\/buscara-infonavit-regular-despachos\/","url":"https:\/\/centrourbano.com\/revista\/vivienda\/buscara-infonavit-regular-despachos\/","name":"Buscar\u00e1 Infonavit regular actuaci\u00f3n de despachos de cobranza","isPartOf":{"@id":"https:\/\/centrourbano.com\/revista\/#website"},"primaryImageOfPage":{"@id":"https:\/\/centrourbano.com\/revista\/vivienda\/buscara-infonavit-regular-despachos\/#primaryimage"},"image":{"@id":"https:\/\/centrourbano.com\/revista\/vivienda\/buscara-infonavit-regular-despachos\/#primaryimage"},"thumbnailUrl":"https:\/\/centrourbano.com\/revista\/wp-content\/uploads\/Carlos-Mart\u00ednez_Infonavit_Asamblea-117_1.jpeg","datePublished":"2019-01-23T18:04:48+00:00","dateModified":"2019-01-23T18:09:26+00:00","description":"El Instituto del Fondo Nacional de la Vivienda para los Trabajadores (Infonavit) buscar\u00e1 dar un giro en su trato con la derechohabiencia, apegada al respeto a los derechos humanos","breadcrumb":{"@id":"https:\/\/centrourbano.com\/revista\/vivienda\/buscara-infonavit-regular-despachos\/#breadcrumb"},"inLanguage":"es","potentialAction":[{"@type":"ReadAction","target":["https:\/\/centrourbano.com\/revista\/vivienda\/buscara-infonavit-regular-despachos\/"]}]},{"@type":"ImageObject","inLanguage":"es","@id":"https:\/\/centrourbano.com\/revista\/vivienda\/buscara-infonavit-regular-despachos\/#primaryimage","url":"https:\/\/centrourbano.com\/revista\/wp-content\/uploads\/Carlos-Mart\u00ednez_Infonavit_Asamblea-117_1.jpeg","contentUrl":"https:\/\/centrourbano.com\/revista\/wp-content\/uploads\/Carlos-Mart\u00ednez_Infonavit_Asamblea-117_1.jpeg","width":800,"height":533,"caption":"Del total de acciones contempladas para el a\u00f1o, 58% se concentra en trabajadores con deciles de ingreso bajo, es decir, quienes ganan menos de 4 UMAs"},{"@type":"BreadcrumbList","@id":"https:\/\/centrourbano.com\/revista\/vivienda\/buscara-infonavit-regular-despachos\/#breadcrumb","itemListElement":[{"@type":"ListItem","position":1,"name":"Portada","item":"https:\/\/centrourbano.com\/revista\/"},{"@type":"ListItem","position":2,"name":"Buscar\u00e1 Infonavit regular a despachos de cobranza"}]},{"@type":"WebSite","@id":"https:\/\/centrourbano.com\/revista\/#website","url":"https:\/\/centrourbano.com\/revista\/","name":"Centro Urbano","description":"Medio especializado en los sectores vivienda, inmobiliario, construcci\u00f3n, arquitectura y urbanismo.","publisher":{"@id":"https:\/\/centrourbano.com\/revista\/#organization"},"potentialAction":[{"@type":"SearchAction","target":{"@type":"EntryPoint","urlTemplate":"https:\/\/centrourbano.com\/revista\/?s={search_term_string}"},"query-input":{"@type":"PropertyValueSpecification","valueRequired":true,"valueName":"search_term_string"}}],"inLanguage":"es"},{"@type":"Organization","@id":"https:\/\/centrourbano.com\/revista\/#organization","name":"Centro Urbano","url":"https:\/\/centrourbano.com\/revista\/","logo":{"@type":"ImageObject","inLanguage":"es","@id":"https:\/\/centrourbano.com\/revista\/#\/schema\/logo\/image\/","url":"https:\/\/centrourbano.com\/revista\/wp-content\/uploads\/web_CU_logo-1.png","contentUrl":"https:\/\/centrourbano.com\/revista\/wp-content\/uploads\/web_CU_logo-1.png","width":350,"height":91,"caption":"Centro Urbano"},"image":{"@id":"https:\/\/centrourbano.com\/revista\/#\/schema\/logo\/image\/"},"sameAs":["https:\/\/www.facebook.com\/portalcentrourbano","https:\/\/x.com\/CentroUrbano","https:\/\/www.instagram.com\/centro_urbano\/","https:\/\/www.linkedin.com\/company\/centro-urbano\/","http:\/\/www.youtube.com\/user\/portalcentrourbano"]},{"@type":"Person","@id":"https:\/\/centrourbano.com\/revista\/#\/schema\/person\/370fa0ba2d8dd5bde3fdb8b62ad360aa","name":"G4A","image":{"@type":"ImageObject","inLanguage":"es","@id":"https:\/\/secure.gravatar.com\/avatar\/932a97121b13d5de5bbd8193c6c83d3b92c9eda0f39623607d4280e7a5778d97?s=96&d=mm&r=g","url":"https:\/\/secure.gravatar.com\/avatar\/932a97121b13d5de5bbd8193c6c83d3b92c9eda0f39623607d4280e7a5778d97?s=96&d=mm&r=g","contentUrl":"https:\/\/secure.gravatar.com\/avatar\/932a97121b13d5de5bbd8193c6c83d3b92c9eda0f39623607d4280e7a5778d97?s=96&d=mm&r=g","caption":"G4A"},"url":"https:\/\/centrourbano.com\/revista\/author\/admin-g4a\/"}]}},"_links":{"self":[{"href":"https:\/\/centrourbano.com\/revista\/wp-json\/wp\/v2\/posts\/85093","targetHints":{"allow":["GET"]}}],"collection":[{"href":"https:\/\/centrourbano.com\/revista\/wp-json\/wp\/v2\/posts"}],"about":[{"href":"https:\/\/centrourbano.com\/revista\/wp-json\/wp\/v2\/types\/post"}],"author":[{"embeddable":true,"href":"https:\/\/centrourbano.com\/revista\/wp-json\/wp\/v2\/users\/77"}],"replies":[{"embeddable":true,"href":"https:\/\/centrourbano.com\/revista\/wp-json\/wp\/v2\/comments?post=85093"}],"version-history":[{"count":1,"href":"https:\/\/centrourbano.com\/revista\/wp-json\/wp\/v2\/posts\/85093\/revisions"}],"predecessor-version":[{"id":85094,"href":"https:\/\/centrourbano.com\/revista\/wp-json\/wp\/v2\/posts\/85093\/revisions\/85094"}],"wp:featuredmedia":[{"embeddable":true,"href":"https:\/\/centrourbano.com\/revista\/wp-json\/wp\/v2\/media\/83912"}],"wp:attachment":[{"href":"https:\/\/centrourbano.com\/revista\/wp-json\/wp\/v2\/media?parent=85093"}],"wp:term":[{"taxonomy":"category","embeddable":true,"href":"https:\/\/centrourbano.com\/revista\/wp-json\/wp\/v2\/categories?post=85093"},{"taxonomy":"post_tag","embeddable":true,"href":"https:\/\/centrourbano.com\/revista\/wp-json\/wp\/v2\/tags?post=85093"}],"curies":[{"name":"wp","href":"https:\/\/api.w.org\/{rel}","templated":true}]}}