{"id":85086,"date":"2019-01-23T11:48:43","date_gmt":"2019-01-23T17:48:43","guid":{"rendered":"https:\/\/centrourbano.com\/?p=85086"},"modified":"2019-01-23T15:30:30","modified_gmt":"2019-01-23T21:30:30","slug":"subastas-infonavit-perdidas","status":"publish","type":"post","link":"https:\/\/centrourbano.com\/revista\/vivienda\/subastas-infonavit-perdidas\/","title":{"rendered":"Subastas Infonavit representaron p\u00e9rdidas por 245 mdp"},"content":{"rendered":"<p><em>El organismo record\u00f3 que el proceso fue suspendido para impulsar un esquema integral para atender el fen\u00f3meno de abandono de vivienda <\/em><!--more--><\/p>\n<p>El proceso de <strong>subasta<\/strong> implementado por la administraci\u00f3n anterior trajo <strong>perd\u00edas<\/strong> por 245 millones de pesos al Instituto del Fondo Nacional de la Vivienda para los Trabajadores (<strong>Infonavit<\/strong>), inform\u00f3 <strong>Carlos Mart\u00ednez<\/strong>, director general del organismo.<\/p>\n<p>De acuerdo con el funcionario, a pesar que la iniciativa buscaba <strong>retornar<\/strong> recursos a las arcas del organismo, la implementaci\u00f3n del modelo trajo m\u00e1s <strong>gastos<\/strong> que ganancias.<\/p>\n<p>\u00abAnunciamos la suspensi\u00f3n de los procesos de subasta y ya con los n\u00fameros les puedo decir que fue una decisi\u00f3n<strong> financieramente razonada<\/strong>. En t\u00e9rminos netos, la instituci\u00f3n <strong>perdi\u00f3<\/strong> 245 millones de pesos. Es decir, hicimos los procesos para recuperar algo de dinero y perdimos m\u00e1s\u00bb, dijo.<\/p>\n<p>El Director General destac\u00f3 que en 2018 se retornaron al mercado m\u00e1s de 20,000 viviendas.Y seg\u00fan con datos de la administraci\u00f3n pasada, en 2018, se realizaron cuatro procesos de subasta, en lo que se obtuvieron\u00a02,700 millones de pesos.<\/p>\n<p>Por otro lado, Mart\u00ednez Vel\u00e1zquez record\u00f3 que el Infonavit trabaja en un esquema integral en torno a la vivienda abandonada y recuperada. Se\u00f1al\u00f3 que la intenci\u00f3n no s\u00f3lo ser\u00e1 retornar al mercado la vivienda, sino regenerar el entorno de las casas.<\/p>\n<p>&nbsp;<\/p>\n<p style=\"text-align: center;\"><em><strong>Te podr\u00eda interesar:<\/strong><\/em><\/p>\n<a href=\"https:\/\/centrourbano.com\/2018\/12\/20\/vivienda-abandonada-eje-prioritario-nuevo-infonavit\/\" target=\"_blank\" rel=\"noopener noreferrer\"><img loading=\"lazy\" decoding=\"async\" class=\"aligncenter wp-image-83918\" src=\"https:\/\/centrourbano.com\/revista\/wp-content\/uploads\/Vivienda-abandonada-nota-Infonavit.jpg\" alt=\"\" width=\"450\" height=\"353\" srcset=\"https:\/\/centrourbano.com\/revista\/wp-content\/uploads\/Vivienda-abandonada-nota-Infonavit.jpg 608w, https:\/\/centrourbano.com\/revista\/wp-content\/uploads\/Vivienda-abandonada-nota-Infonavit-300x235.jpg 300w\" sizes=\"auto, (max-width: 450px) 100vw, 450px\" \/><\/a>\n","protected":false},"excerpt":{"rendered":"<p>El organismo record\u00f3 que el proceso fue suspendido para impulsar un esquema integral para atender el fen\u00f3meno de abandono de vivienda<\/p>\n","protected":false},"author":77,"featured_media":85087,"comment_status":"open","ping_status":"closed","sticky":false,"template":"","format":"standard","meta":{"inline_featured_image":false,"footnotes":""},"categories":[12],"tags":[14572,173,100,15200,8190,60],"class_list":["post-85086","post","type-post","status-publish","format-standard","has-post-thumbnail","hentry","category-vivienda","tag-carlos-martinez","tag-credito","tag-infonavit","tag-perdida","tag-subasta","tag-vivienda-2"],"yoast_head":"<!-- This site is optimized with the Yoast SEO plugin v28.4 - https:\/\/yoast.com\/product\/yoast-seo-wordpress\/ -->\n<title>Subastas representaron p\u00e9rdidas por 245 mdp para Infonavit<\/title>\n<meta name=\"description\" content=\"El proceso de subasta implementado por la administraci\u00f3n anterior trajo perd\u00edas por 245 millones de pesos para el Infonavit.\" \/>\n<meta name=\"robots\" content=\"index, follow, max-snippet:-1, max-image-preview:large, max-video-preview:-1\" \/>\n<link rel=\"canonical\" href=\"https:\/\/centrourbano.com\/revista\/vivienda\/subastas-infonavit-perdidas\/\" \/>\n<meta property=\"og:locale\" content=\"es_ES\" \/>\n<meta property=\"og:type\" content=\"article\" \/>\n<meta property=\"og:title\" content=\"Subastas representaron p\u00e9rdidas por 245 mdp para Infonavit\" \/>\n<meta property=\"og:description\" content=\"El proceso de subasta implementado por la administraci\u00f3n anterior trajo perd\u00edas por 245 millones de pesos para el Infonavit.\" \/>\n<meta property=\"og:url\" content=\"https:\/\/centrourbano.com\/revista\/vivienda\/subastas-infonavit-perdidas\/\" \/>\n<meta property=\"og:site_name\" content=\"Centro Urbano\" \/>\n<meta property=\"article:publisher\" content=\"https:\/\/www.facebook.com\/portalcentrourbano\" \/>\n<meta property=\"article:published_time\" content=\"2019-01-23T17:48:43+00:00\" \/>\n<meta property=\"article:modified_time\" content=\"2019-01-23T21:30:30+00:00\" \/>\n<meta property=\"og:image\" content=\"https:\/\/centrourbano.com\/revista\/wp-content\/uploads\/IMG_20190123_103618.jpg\" \/>\n\t<meta property=\"og:image:width\" content=\"1440\" \/>\n\t<meta property=\"og:image:height\" content=\"1080\" \/>\n\t<meta property=\"og:image:type\" content=\"image\/jpeg\" \/>\n<meta name=\"author\" content=\"G4A\" \/>\n<meta name=\"twitter:card\" content=\"summary_large_image\" \/>\n<meta name=\"twitter:creator\" content=\"@CentroUrbano\" \/>\n<meta name=\"twitter:site\" content=\"@CentroUrbano\" \/>\n<meta name=\"twitter:label1\" content=\"Escrito por\" \/>\n\t<meta name=\"twitter:data1\" content=\"G4A\" \/>\n\t<meta name=\"twitter:label2\" content=\"Tiempo de lectura\" \/>\n\t<meta name=\"twitter:data2\" content=\"1 minuto\" \/>\n<script type=\"application\/ld+json\" class=\"yoast-schema-graph\">{\"@context\":\"https:\\\/\\\/schema.org\",\"@graph\":[{\"@type\":\"Article\",\"@id\":\"https:\\\/\\\/centrourbano.com\\\/revista\\\/vivienda\\\/subastas-infonavit-perdidas\\\/#article\",\"isPartOf\":{\"@id\":\"https:\\\/\\\/centrourbano.com\\\/revista\\\/vivienda\\\/subastas-infonavit-perdidas\\\/\"},\"author\":{\"name\":\"G4A\",\"@id\":\"https:\\\/\\\/centrourbano.com\\\/revista\\\/#\\\/schema\\\/person\\\/370fa0ba2d8dd5bde3fdb8b62ad360aa\"},\"headline\":\"Subastas Infonavit representaron p\u00e9rdidas por 245 mdp\",\"datePublished\":\"2019-01-23T17:48:43+00:00\",\"dateModified\":\"2019-01-23T21:30:30+00:00\",\"mainEntityOfPage\":{\"@id\":\"https:\\\/\\\/centrourbano.com\\\/revista\\\/vivienda\\\/subastas-infonavit-perdidas\\\/\"},\"wordCount\":236,\"commentCount\":0,\"publisher\":{\"@id\":\"https:\\\/\\\/centrourbano.com\\\/revista\\\/#organization\"},\"image\":{\"@id\":\"https:\\\/\\\/centrourbano.com\\\/revista\\\/vivienda\\\/subastas-infonavit-perdidas\\\/#primaryimage\"},\"thumbnailUrl\":\"https:\\\/\\\/centrourbano.com\\\/revista\\\/wp-content\\\/uploads\\\/IMG_20190123_103618.jpg\",\"keywords\":[\"Carlos Mart\u00ednez\",\"cr\u00e9dito\",\"Infonavit\",\"p\u00e9rdida\",\"subasta\",\"vivienda\"],\"articleSection\":[\"Vivienda\"],\"inLanguage\":\"es\"},{\"@type\":\"WebPage\",\"@id\":\"https:\\\/\\\/centrourbano.com\\\/revista\\\/vivienda\\\/subastas-infonavit-perdidas\\\/\",\"url\":\"https:\\\/\\\/centrourbano.com\\\/revista\\\/vivienda\\\/subastas-infonavit-perdidas\\\/\",\"name\":\"Subastas representaron p\u00e9rdidas por 245 mdp para Infonavit\",\"isPartOf\":{\"@id\":\"https:\\\/\\\/centrourbano.com\\\/revista\\\/#website\"},\"primaryImageOfPage\":{\"@id\":\"https:\\\/\\\/centrourbano.com\\\/revista\\\/vivienda\\\/subastas-infonavit-perdidas\\\/#primaryimage\"},\"image\":{\"@id\":\"https:\\\/\\\/centrourbano.com\\\/revista\\\/vivienda\\\/subastas-infonavit-perdidas\\\/#primaryimage\"},\"thumbnailUrl\":\"https:\\\/\\\/centrourbano.com\\\/revista\\\/wp-content\\\/uploads\\\/IMG_20190123_103618.jpg\",\"datePublished\":\"2019-01-23T17:48:43+00:00\",\"dateModified\":\"2019-01-23T21:30:30+00:00\",\"description\":\"El proceso de subasta implementado por la administraci\u00f3n anterior trajo perd\u00edas por 245 millones de pesos para el Infonavit.\",\"breadcrumb\":{\"@id\":\"https:\\\/\\\/centrourbano.com\\\/revista\\\/vivienda\\\/subastas-infonavit-perdidas\\\/#breadcrumb\"},\"inLanguage\":\"es\",\"potentialAction\":[{\"@type\":\"ReadAction\",\"target\":[\"https:\\\/\\\/centrourbano.com\\\/revista\\\/vivienda\\\/subastas-infonavit-perdidas\\\/\"]}]},{\"@type\":\"ImageObject\",\"inLanguage\":\"es\",\"@id\":\"https:\\\/\\\/centrourbano.com\\\/revista\\\/vivienda\\\/subastas-infonavit-perdidas\\\/#primaryimage\",\"url\":\"https:\\\/\\\/centrourbano.com\\\/revista\\\/wp-content\\\/uploads\\\/IMG_20190123_103618.jpg\",\"contentUrl\":\"https:\\\/\\\/centrourbano.com\\\/revista\\\/wp-content\\\/uploads\\\/IMG_20190123_103618.jpg\",\"width\":1440,\"height\":1080},{\"@type\":\"BreadcrumbList\",\"@id\":\"https:\\\/\\\/centrourbano.com\\\/revista\\\/vivienda\\\/subastas-infonavit-perdidas\\\/#breadcrumb\",\"itemListElement\":[{\"@type\":\"ListItem\",\"position\":1,\"name\":\"Portada\",\"item\":\"https:\\\/\\\/centrourbano.com\\\/revista\\\/\"},{\"@type\":\"ListItem\",\"position\":2,\"name\":\"Subastas Infonavit representaron p\u00e9rdidas por 245 mdp\"}]},{\"@type\":\"WebSite\",\"@id\":\"https:\\\/\\\/centrourbano.com\\\/revista\\\/#website\",\"url\":\"https:\\\/\\\/centrourbano.com\\\/revista\\\/\",\"name\":\"Centro Urbano\",\"description\":\"Medio especializado en los sectores vivienda, inmobiliario, construcci\u00f3n, arquitectura y urbanismo.\",\"publisher\":{\"@id\":\"https:\\\/\\\/centrourbano.com\\\/revista\\\/#organization\"},\"potentialAction\":[{\"@type\":\"SearchAction\",\"target\":{\"@type\":\"EntryPoint\",\"urlTemplate\":\"https:\\\/\\\/centrourbano.com\\\/revista\\\/?s={search_term_string}\"},\"query-input\":{\"@type\":\"PropertyValueSpecification\",\"valueRequired\":true,\"valueName\":\"search_term_string\"}}],\"inLanguage\":\"es\"},{\"@type\":\"Organization\",\"@id\":\"https:\\\/\\\/centrourbano.com\\\/revista\\\/#organization\",\"name\":\"Centro Urbano\",\"url\":\"https:\\\/\\\/centrourbano.com\\\/revista\\\/\",\"logo\":{\"@type\":\"ImageObject\",\"inLanguage\":\"es\",\"@id\":\"https:\\\/\\\/centrourbano.com\\\/revista\\\/#\\\/schema\\\/logo\\\/image\\\/\",\"url\":\"https:\\\/\\\/centrourbano.com\\\/revista\\\/wp-content\\\/uploads\\\/web_CU_logo-1.png\",\"contentUrl\":\"https:\\\/\\\/centrourbano.com\\\/revista\\\/wp-content\\\/uploads\\\/web_CU_logo-1.png\",\"width\":350,\"height\":91,\"caption\":\"Centro Urbano\"},\"image\":{\"@id\":\"https:\\\/\\\/centrourbano.com\\\/revista\\\/#\\\/schema\\\/logo\\\/image\\\/\"},\"sameAs\":[\"https:\\\/\\\/www.facebook.com\\\/portalcentrourbano\",\"https:\\\/\\\/x.com\\\/CentroUrbano\",\"https:\\\/\\\/www.instagram.com\\\/centro_urbano\\\/\",\"https:\\\/\\\/www.linkedin.com\\\/company\\\/centro-urbano\\\/\",\"http:\\\/\\\/www.youtube.com\\\/user\\\/portalcentrourbano\"]},{\"@type\":\"Person\",\"@id\":\"https:\\\/\\\/centrourbano.com\\\/revista\\\/#\\\/schema\\\/person\\\/370fa0ba2d8dd5bde3fdb8b62ad360aa\",\"name\":\"G4A\",\"image\":{\"@type\":\"ImageObject\",\"inLanguage\":\"es\",\"@id\":\"https:\\\/\\\/secure.gravatar.com\\\/avatar\\\/932a97121b13d5de5bbd8193c6c83d3b92c9eda0f39623607d4280e7a5778d97?s=96&d=mm&r=g\",\"url\":\"https:\\\/\\\/secure.gravatar.com\\\/avatar\\\/932a97121b13d5de5bbd8193c6c83d3b92c9eda0f39623607d4280e7a5778d97?s=96&d=mm&r=g\",\"contentUrl\":\"https:\\\/\\\/secure.gravatar.com\\\/avatar\\\/932a97121b13d5de5bbd8193c6c83d3b92c9eda0f39623607d4280e7a5778d97?s=96&d=mm&r=g\",\"caption\":\"G4A\"},\"url\":\"https:\\\/\\\/centrourbano.com\\\/revista\\\/author\\\/admin-g4a\\\/\"}]}<\/script>\n<!-- \/ Yoast SEO plugin. -->","yoast_head_json":{"title":"Subastas representaron p\u00e9rdidas por 245 mdp para Infonavit","description":"El proceso de subasta implementado por la administraci\u00f3n anterior trajo perd\u00edas por 245 millones de pesos para el Infonavit.","robots":{"index":"index","follow":"follow","max-snippet":"max-snippet:-1","max-image-preview":"max-image-preview:large","max-video-preview":"max-video-preview:-1"},"canonical":"https:\/\/centrourbano.com\/revista\/vivienda\/subastas-infonavit-perdidas\/","og_locale":"es_ES","og_type":"article","og_title":"Subastas representaron p\u00e9rdidas por 245 mdp para Infonavit","og_description":"El proceso de subasta implementado por la administraci\u00f3n anterior trajo perd\u00edas por 245 millones de pesos para el Infonavit.","og_url":"https:\/\/centrourbano.com\/revista\/vivienda\/subastas-infonavit-perdidas\/","og_site_name":"Centro Urbano","article_publisher":"https:\/\/www.facebook.com\/portalcentrourbano","article_published_time":"2019-01-23T17:48:43+00:00","article_modified_time":"2019-01-23T21:30:30+00:00","og_image":[{"width":1440,"height":1080,"url":"https:\/\/centrourbano.com\/revista\/wp-content\/uploads\/IMG_20190123_103618.jpg","type":"image\/jpeg"}],"author":"G4A","twitter_card":"summary_large_image","twitter_creator":"@CentroUrbano","twitter_site":"@CentroUrbano","twitter_misc":{"Escrito por":"G4A","Tiempo de lectura":"1 minuto"},"schema":{"@context":"https:\/\/schema.org","@graph":[{"@type":"Article","@id":"https:\/\/centrourbano.com\/revista\/vivienda\/subastas-infonavit-perdidas\/#article","isPartOf":{"@id":"https:\/\/centrourbano.com\/revista\/vivienda\/subastas-infonavit-perdidas\/"},"author":{"name":"G4A","@id":"https:\/\/centrourbano.com\/revista\/#\/schema\/person\/370fa0ba2d8dd5bde3fdb8b62ad360aa"},"headline":"Subastas Infonavit representaron p\u00e9rdidas por 245 mdp","datePublished":"2019-01-23T17:48:43+00:00","dateModified":"2019-01-23T21:30:30+00:00","mainEntityOfPage":{"@id":"https:\/\/centrourbano.com\/revista\/vivienda\/subastas-infonavit-perdidas\/"},"wordCount":236,"commentCount":0,"publisher":{"@id":"https:\/\/centrourbano.com\/revista\/#organization"},"image":{"@id":"https:\/\/centrourbano.com\/revista\/vivienda\/subastas-infonavit-perdidas\/#primaryimage"},"thumbnailUrl":"https:\/\/centrourbano.com\/revista\/wp-content\/uploads\/IMG_20190123_103618.jpg","keywords":["Carlos Mart\u00ednez","cr\u00e9dito","Infonavit","p\u00e9rdida","subasta","vivienda"],"articleSection":["Vivienda"],"inLanguage":"es"},{"@type":"WebPage","@id":"https:\/\/centrourbano.com\/revista\/vivienda\/subastas-infonavit-perdidas\/","url":"https:\/\/centrourbano.com\/revista\/vivienda\/subastas-infonavit-perdidas\/","name":"Subastas representaron p\u00e9rdidas por 245 mdp para Infonavit","isPartOf":{"@id":"https:\/\/centrourbano.com\/revista\/#website"},"primaryImageOfPage":{"@id":"https:\/\/centrourbano.com\/revista\/vivienda\/subastas-infonavit-perdidas\/#primaryimage"},"image":{"@id":"https:\/\/centrourbano.com\/revista\/vivienda\/subastas-infonavit-perdidas\/#primaryimage"},"thumbnailUrl":"https:\/\/centrourbano.com\/revista\/wp-content\/uploads\/IMG_20190123_103618.jpg","datePublished":"2019-01-23T17:48:43+00:00","dateModified":"2019-01-23T21:30:30+00:00","description":"El proceso de subasta implementado por la administraci\u00f3n anterior trajo perd\u00edas por 245 millones de pesos para el Infonavit.","breadcrumb":{"@id":"https:\/\/centrourbano.com\/revista\/vivienda\/subastas-infonavit-perdidas\/#breadcrumb"},"inLanguage":"es","potentialAction":[{"@type":"ReadAction","target":["https:\/\/centrourbano.com\/revista\/vivienda\/subastas-infonavit-perdidas\/"]}]},{"@type":"ImageObject","inLanguage":"es","@id":"https:\/\/centrourbano.com\/revista\/vivienda\/subastas-infonavit-perdidas\/#primaryimage","url":"https:\/\/centrourbano.com\/revista\/wp-content\/uploads\/IMG_20190123_103618.jpg","contentUrl":"https:\/\/centrourbano.com\/revista\/wp-content\/uploads\/IMG_20190123_103618.jpg","width":1440,"height":1080},{"@type":"BreadcrumbList","@id":"https:\/\/centrourbano.com\/revista\/vivienda\/subastas-infonavit-perdidas\/#breadcrumb","itemListElement":[{"@type":"ListItem","position":1,"name":"Portada","item":"https:\/\/centrourbano.com\/revista\/"},{"@type":"ListItem","position":2,"name":"Subastas Infonavit representaron p\u00e9rdidas por 245 mdp"}]},{"@type":"WebSite","@id":"https:\/\/centrourbano.com\/revista\/#website","url":"https:\/\/centrourbano.com\/revista\/","name":"Centro Urbano","description":"Medio especializado en los sectores vivienda, inmobiliario, construcci\u00f3n, arquitectura y urbanismo.","publisher":{"@id":"https:\/\/centrourbano.com\/revista\/#organization"},"potentialAction":[{"@type":"SearchAction","target":{"@type":"EntryPoint","urlTemplate":"https:\/\/centrourbano.com\/revista\/?s={search_term_string}"},"query-input":{"@type":"PropertyValueSpecification","valueRequired":true,"valueName":"search_term_string"}}],"inLanguage":"es"},{"@type":"Organization","@id":"https:\/\/centrourbano.com\/revista\/#organization","name":"Centro Urbano","url":"https:\/\/centrourbano.com\/revista\/","logo":{"@type":"ImageObject","inLanguage":"es","@id":"https:\/\/centrourbano.com\/revista\/#\/schema\/logo\/image\/","url":"https:\/\/centrourbano.com\/revista\/wp-content\/uploads\/web_CU_logo-1.png","contentUrl":"https:\/\/centrourbano.com\/revista\/wp-content\/uploads\/web_CU_logo-1.png","width":350,"height":91,"caption":"Centro Urbano"},"image":{"@id":"https:\/\/centrourbano.com\/revista\/#\/schema\/logo\/image\/"},"sameAs":["https:\/\/www.facebook.com\/portalcentrourbano","https:\/\/x.com\/CentroUrbano","https:\/\/www.instagram.com\/centro_urbano\/","https:\/\/www.linkedin.com\/company\/centro-urbano\/","http:\/\/www.youtube.com\/user\/portalcentrourbano"]},{"@type":"Person","@id":"https:\/\/centrourbano.com\/revista\/#\/schema\/person\/370fa0ba2d8dd5bde3fdb8b62ad360aa","name":"G4A","image":{"@type":"ImageObject","inLanguage":"es","@id":"https:\/\/secure.gravatar.com\/avatar\/932a97121b13d5de5bbd8193c6c83d3b92c9eda0f39623607d4280e7a5778d97?s=96&d=mm&r=g","url":"https:\/\/secure.gravatar.com\/avatar\/932a97121b13d5de5bbd8193c6c83d3b92c9eda0f39623607d4280e7a5778d97?s=96&d=mm&r=g","contentUrl":"https:\/\/secure.gravatar.com\/avatar\/932a97121b13d5de5bbd8193c6c83d3b92c9eda0f39623607d4280e7a5778d97?s=96&d=mm&r=g","caption":"G4A"},"url":"https:\/\/centrourbano.com\/revista\/author\/admin-g4a\/"}]}},"_links":{"self":[{"href":"https:\/\/centrourbano.com\/revista\/wp-json\/wp\/v2\/posts\/85086","targetHints":{"allow":["GET"]}}],"collection":[{"href":"https:\/\/centrourbano.com\/revista\/wp-json\/wp\/v2\/posts"}],"about":[{"href":"https:\/\/centrourbano.com\/revista\/wp-json\/wp\/v2\/types\/post"}],"author":[{"embeddable":true,"href":"https:\/\/centrourbano.com\/revista\/wp-json\/wp\/v2\/users\/77"}],"replies":[{"embeddable":true,"href":"https:\/\/centrourbano.com\/revista\/wp-json\/wp\/v2\/comments?post=85086"}],"version-history":[{"count":9,"href":"https:\/\/centrourbano.com\/revista\/wp-json\/wp\/v2\/posts\/85086\/revisions"}],"predecessor-version":[{"id":85125,"href":"https:\/\/centrourbano.com\/revista\/wp-json\/wp\/v2\/posts\/85086\/revisions\/85125"}],"wp:featuredmedia":[{"embeddable":true,"href":"https:\/\/centrourbano.com\/revista\/wp-json\/wp\/v2\/media\/85087"}],"wp:attachment":[{"href":"https:\/\/centrourbano.com\/revista\/wp-json\/wp\/v2\/media?parent=85086"}],"wp:term":[{"taxonomy":"category","embeddable":true,"href":"https:\/\/centrourbano.com\/revista\/wp-json\/wp\/v2\/categories?post=85086"},{"taxonomy":"post_tag","embeddable":true,"href":"https:\/\/centrourbano.com\/revista\/wp-json\/wp\/v2\/tags?post=85086"}],"curies":[{"name":"wp","href":"https:\/\/api.w.org\/{rel}","templated":true}]}}