{"id":84607,"date":"2019-01-14T09:00:13","date_gmt":"2019-01-14T15:00:13","guid":{"rendered":"https:\/\/centrourbano.com\/?p=84607"},"modified":"2019-01-14T10:07:37","modified_gmt":"2019-01-14T16:07:37","slug":"actualizacion-uma-modificara-saldo-creditos-fovissste","status":"publish","type":"post","link":"https:\/\/centrourbano.com\/revista\/vivienda\/actualizacion-uma-modificara-saldo-creditos-fovissste\/","title":{"rendered":"Actualizaci\u00f3n de UMA modificar\u00e1 saldo en cr\u00e9ditos Fovissste"},"content":{"rendered":"<p><em>El organismo exhort\u00f3 a los trabajadores a realizar un pago anticipado antes que la nueva UMA entre en vigor <\/em><!--more--><\/p>\n<p>El aumento en la Unidad de Medida y Actualizaci\u00f3n (<strong>UMA<\/strong>), dado a conocer hace unos d\u00edas, modificar\u00e1 a partir del 1 de febrero el saldo insoluto de los cr\u00e9ditos hipotecarios adquiridos con <strong>Infonavit<\/strong> y <strong>Fovissste<\/strong>. Por ello, los organismos llamaron a los derechohabientes con financiamiento a <strong>revisar<\/strong> el ajuste en su deuda.<\/p>\n<p>En el caso del Fovissste, organismo que encabeza Agust\u00edn Rodr\u00edguez, las autoridades exhortaron a los acreditado a realizar un <strong>pago anticipado<\/strong> antes de la entrada en vigor del ajuste a la UMA. Esta medida, dijeron los encargados de llevar las riendas del Fondo, permitir\u00e1 a los trabajadores reducir el saldo insoluto de sus cr\u00e9ditos.<\/p>\n<blockquote><p>\u201cPor ello, el Fondo les recomienda realizar un pago anticipado -antes de la entrada en vigor de la actualizaci\u00f3n- sin penalizaci\u00f3n alguna, lo que ayudar\u00e1 a que el saldo insoluto de sus cr\u00e9ditos se incremente en menor medida y que el plazo del compromiso hipotecario se reduzca\u201d, se\u00f1al\u00f3.<\/p><\/blockquote>\n<p>El organismo record\u00f3 que los trabajadores interesados pueden realizar sus pagos a trav\u00e9s de internet o en sucursales bancarias.<\/p>\n<p>\u201cEs importante que el acreditado consulte su Estado de Cuenta para conocer el monto actualizado de su obligaci\u00f3n de pago a partir del 1 de febrero\u201d.<\/p>\n<p>&nbsp;<\/p>\n<p style=\"text-align: center;\"><strong><em>Te podr\u00eda interesar:<\/em><\/strong><\/p>\n<a href=\"https:\/\/centrourbano.com\/2019\/01\/13\/aumenta-fovissste-monto-credito-trabajadores\/\" target=\"_blank\" rel=\"noopener noreferrer\"><img loading=\"lazy\" decoding=\"async\" class=\"aligncenter wp-image-84611\" src=\"https:\/\/centrourbano.com\/revista\/wp-content\/uploads\/Aumenta-Fovissste-cr\u00e9dito-para-trabajadores_Nota.png\" alt=\"\" width=\"450\" height=\"333\" srcset=\"https:\/\/centrourbano.com\/revista\/wp-content\/uploads\/Aumenta-Fovissste-cr\u00e9dito-para-trabajadores_Nota.png 604w, https:\/\/centrourbano.com\/revista\/wp-content\/uploads\/Aumenta-Fovissste-cr\u00e9dito-para-trabajadores_Nota-300x222.png 300w, https:\/\/centrourbano.com\/revista\/wp-content\/uploads\/Aumenta-Fovissste-cr\u00e9dito-para-trabajadores_Nota-100x75.png 100w\" sizes=\"auto, (max-width: 450px) 100vw, 450px\" \/><\/a>\n","protected":false},"excerpt":{"rendered":"<p>El organismo exhort\u00f3 a los trabajadores a realizar un pago anticipado antes que la nueva UMA entre en vigor<\/p>\n","protected":false},"author":47,"featured_media":83607,"comment_status":"open","ping_status":"closed","sticky":false,"template":"","format":"standard","meta":{"om_disable_all_campaigns":false,"inline_featured_image":false,"_monsterinsights_skip_tracking":false,"_monsterinsights_sitenote_active":false,"_monsterinsights_sitenote_note":"","_monsterinsights_sitenote_category":0,"footnotes":""},"categories":[12],"tags":[12942,518,173,155,15158,3586],"class_list":["post-84607","post","type-post","status-publish","format-standard","has-post-thumbnail","hentry","category-vivienda","tag-actualizacion","tag-aumento","tag-credito","tag-fovissste","tag-saldo-insoluto","tag-uma"],"yoast_head":"<!-- This site is optimized with the Yoast SEO plugin v27.5 - https:\/\/yoast.com\/product\/yoast-seo-wordpress\/ -->\n<title>Actualizaci\u00f3n de UMA modificar\u00e1 saldo en cr\u00e9ditos Fovissste<\/title>\n<meta name=\"description\" content=\"El aumento en la Unidad de Medida y Actualizaci\u00f3n (UMA), dado a conocer hace unos d\u00edas, modificar\u00e1 a partir del 1 de febrero el saldo insoluto...\" \/>\n<meta name=\"robots\" content=\"index, follow, max-snippet:-1, max-image-preview:large, max-video-preview:-1\" \/>\n<link rel=\"canonical\" href=\"https:\/\/centrourbano.com\/revista\/vivienda\/actualizacion-uma-modificara-saldo-creditos-fovissste\/\" \/>\n<meta property=\"og:locale\" content=\"es_ES\" \/>\n<meta property=\"og:type\" content=\"article\" \/>\n<meta property=\"og:title\" content=\"Actualizaci\u00f3n de UMA modificar\u00e1 saldo en cr\u00e9ditos Fovissste\" \/>\n<meta property=\"og:description\" content=\"El aumento en la Unidad de Medida y Actualizaci\u00f3n (UMA), dado a conocer hace unos d\u00edas, modificar\u00e1 a partir del 1 de febrero el saldo insoluto...\" \/>\n<meta property=\"og:url\" content=\"https:\/\/centrourbano.com\/revista\/vivienda\/actualizacion-uma-modificara-saldo-creditos-fovissste\/\" \/>\n<meta property=\"og:site_name\" content=\"Centro Urbano\" \/>\n<meta property=\"article:publisher\" content=\"https:\/\/www.facebook.com\/portalcentrourbano\" \/>\n<meta property=\"article:published_time\" content=\"2019-01-14T15:00:13+00:00\" \/>\n<meta property=\"article:modified_time\" content=\"2019-01-14T16:07:37+00:00\" \/>\n<meta property=\"og:image\" content=\"https:\/\/centrourbano.com\/revista\/wp-content\/uploads\/Fovissste_1.jpeg\" \/>\n\t<meta property=\"og:image:width\" content=\"800\" \/>\n\t<meta property=\"og:image:height\" content=\"418\" \/>\n\t<meta property=\"og:image:type\" content=\"image\/jpeg\" \/>\n<meta name=\"author\" content=\"Edgar Rosas\" \/>\n<meta name=\"twitter:card\" content=\"summary_large_image\" \/>\n<meta name=\"twitter:creator\" content=\"@https:\/\/twitter.com\/ERosasCU?s=09\" \/>\n<meta name=\"twitter:site\" content=\"@CentroUrbano\" \/>\n<meta name=\"twitter:label1\" content=\"Escrito por\" \/>\n\t<meta name=\"twitter:data1\" content=\"Edgar Rosas\" \/>\n\t<meta name=\"twitter:label2\" content=\"Tiempo de lectura\" \/>\n\t<meta name=\"twitter:data2\" content=\"1 minuto\" \/>\n<script type=\"application\/ld+json\" class=\"yoast-schema-graph\">{\"@context\":\"https:\\\/\\\/schema.org\",\"@graph\":[{\"@type\":\"Article\",\"@id\":\"https:\\\/\\\/centrourbano.com\\\/revista\\\/vivienda\\\/actualizacion-uma-modificara-saldo-creditos-fovissste\\\/#article\",\"isPartOf\":{\"@id\":\"https:\\\/\\\/centrourbano.com\\\/revista\\\/vivienda\\\/actualizacion-uma-modificara-saldo-creditos-fovissste\\\/\"},\"author\":{\"name\":\"Edgar Rosas\",\"@id\":\"https:\\\/\\\/centrourbano.com\\\/revista\\\/#\\\/schema\\\/person\\\/ff3c00651ce5b1630479d2cd0c2e3ac0\"},\"headline\":\"Actualizaci\u00f3n de UMA modificar\u00e1 saldo en cr\u00e9ditos Fovissste\",\"datePublished\":\"2019-01-14T15:00:13+00:00\",\"dateModified\":\"2019-01-14T16:07:37+00:00\",\"mainEntityOfPage\":{\"@id\":\"https:\\\/\\\/centrourbano.com\\\/revista\\\/vivienda\\\/actualizacion-uma-modificara-saldo-creditos-fovissste\\\/\"},\"wordCount\":243,\"commentCount\":0,\"publisher\":{\"@id\":\"https:\\\/\\\/centrourbano.com\\\/revista\\\/#organization\"},\"image\":{\"@id\":\"https:\\\/\\\/centrourbano.com\\\/revista\\\/vivienda\\\/actualizacion-uma-modificara-saldo-creditos-fovissste\\\/#primaryimage\"},\"thumbnailUrl\":\"https:\\\/\\\/centrourbano.com\\\/revista\\\/wp-content\\\/uploads\\\/Fovissste_1.jpeg\",\"keywords\":[\"actualizaci\u00f3n\",\"aumento\",\"cr\u00e9dito\",\"Fovissste\",\"saldo insoluto\",\"UMA\"],\"articleSection\":[\"Vivienda\"],\"inLanguage\":\"es\",\"potentialAction\":[{\"@type\":\"CommentAction\",\"name\":\"Comment\",\"target\":[\"https:\\\/\\\/centrourbano.com\\\/revista\\\/vivienda\\\/actualizacion-uma-modificara-saldo-creditos-fovissste\\\/#respond\"]}]},{\"@type\":\"WebPage\",\"@id\":\"https:\\\/\\\/centrourbano.com\\\/revista\\\/vivienda\\\/actualizacion-uma-modificara-saldo-creditos-fovissste\\\/\",\"url\":\"https:\\\/\\\/centrourbano.com\\\/revista\\\/vivienda\\\/actualizacion-uma-modificara-saldo-creditos-fovissste\\\/\",\"name\":\"Actualizaci\u00f3n de UMA modificar\u00e1 saldo en cr\u00e9ditos Fovissste\",\"isPartOf\":{\"@id\":\"https:\\\/\\\/centrourbano.com\\\/revista\\\/#website\"},\"primaryImageOfPage\":{\"@id\":\"https:\\\/\\\/centrourbano.com\\\/revista\\\/vivienda\\\/actualizacion-uma-modificara-saldo-creditos-fovissste\\\/#primaryimage\"},\"image\":{\"@id\":\"https:\\\/\\\/centrourbano.com\\\/revista\\\/vivienda\\\/actualizacion-uma-modificara-saldo-creditos-fovissste\\\/#primaryimage\"},\"thumbnailUrl\":\"https:\\\/\\\/centrourbano.com\\\/revista\\\/wp-content\\\/uploads\\\/Fovissste_1.jpeg\",\"datePublished\":\"2019-01-14T15:00:13+00:00\",\"dateModified\":\"2019-01-14T16:07:37+00:00\",\"description\":\"El aumento en la Unidad de Medida y Actualizaci\u00f3n (UMA), dado a conocer hace unos d\u00edas, modificar\u00e1 a partir del 1 de febrero el saldo insoluto...\",\"breadcrumb\":{\"@id\":\"https:\\\/\\\/centrourbano.com\\\/revista\\\/vivienda\\\/actualizacion-uma-modificara-saldo-creditos-fovissste\\\/#breadcrumb\"},\"inLanguage\":\"es\",\"potentialAction\":[{\"@type\":\"ReadAction\",\"target\":[\"https:\\\/\\\/centrourbano.com\\\/revista\\\/vivienda\\\/actualizacion-uma-modificara-saldo-creditos-fovissste\\\/\"]}]},{\"@type\":\"ImageObject\",\"inLanguage\":\"es\",\"@id\":\"https:\\\/\\\/centrourbano.com\\\/revista\\\/vivienda\\\/actualizacion-uma-modificara-saldo-creditos-fovissste\\\/#primaryimage\",\"url\":\"https:\\\/\\\/centrourbano.com\\\/revista\\\/wp-content\\\/uploads\\\/Fovissste_1.jpeg\",\"contentUrl\":\"https:\\\/\\\/centrourbano.com\\\/revista\\\/wp-content\\\/uploads\\\/Fovissste_1.jpeg\",\"width\":800,\"height\":418,\"caption\":\"El organismo destac\u00f3 que los cr\u00e9ditos utilizan como referencia a la UMA y no el salario m\u00ednimo\"},{\"@type\":\"BreadcrumbList\",\"@id\":\"https:\\\/\\\/centrourbano.com\\\/revista\\\/vivienda\\\/actualizacion-uma-modificara-saldo-creditos-fovissste\\\/#breadcrumb\",\"itemListElement\":[{\"@type\":\"ListItem\",\"position\":1,\"name\":\"Portada\",\"item\":\"https:\\\/\\\/centrourbano.com\\\/revista\\\/\"},{\"@type\":\"ListItem\",\"position\":2,\"name\":\"Actualizaci\u00f3n de UMA modificar\u00e1 saldo en cr\u00e9ditos Fovissste\"}]},{\"@type\":\"WebSite\",\"@id\":\"https:\\\/\\\/centrourbano.com\\\/revista\\\/#website\",\"url\":\"https:\\\/\\\/centrourbano.com\\\/revista\\\/\",\"name\":\"Centro Urbano\",\"description\":\"Medio especializado en los sectores vivienda, inmobiliario, construcci\u00f3n, arquitectura y urbanismo.\",\"publisher\":{\"@id\":\"https:\\\/\\\/centrourbano.com\\\/revista\\\/#organization\"},\"potentialAction\":[{\"@type\":\"SearchAction\",\"target\":{\"@type\":\"EntryPoint\",\"urlTemplate\":\"https:\\\/\\\/centrourbano.com\\\/revista\\\/?s={search_term_string}\"},\"query-input\":{\"@type\":\"PropertyValueSpecification\",\"valueRequired\":true,\"valueName\":\"search_term_string\"}}],\"inLanguage\":\"es\"},{\"@type\":\"Organization\",\"@id\":\"https:\\\/\\\/centrourbano.com\\\/revista\\\/#organization\",\"name\":\"Centro Urbano\",\"url\":\"https:\\\/\\\/centrourbano.com\\\/revista\\\/\",\"logo\":{\"@type\":\"ImageObject\",\"inLanguage\":\"es\",\"@id\":\"https:\\\/\\\/centrourbano.com\\\/revista\\\/#\\\/schema\\\/logo\\\/image\\\/\",\"url\":\"https:\\\/\\\/centrourbano.com\\\/revista\\\/wp-content\\\/uploads\\\/web_CU_logo-1.png\",\"contentUrl\":\"https:\\\/\\\/centrourbano.com\\\/revista\\\/wp-content\\\/uploads\\\/web_CU_logo-1.png\",\"width\":350,\"height\":91,\"caption\":\"Centro Urbano\"},\"image\":{\"@id\":\"https:\\\/\\\/centrourbano.com\\\/revista\\\/#\\\/schema\\\/logo\\\/image\\\/\"},\"sameAs\":[\"https:\\\/\\\/www.facebook.com\\\/portalcentrourbano\",\"https:\\\/\\\/x.com\\\/CentroUrbano\",\"https:\\\/\\\/www.instagram.com\\\/centro_urbano\\\/\",\"https:\\\/\\\/www.linkedin.com\\\/company\\\/centro-urbano\\\/\",\"http:\\\/\\\/www.youtube.com\\\/user\\\/portalcentrourbano\"]},{\"@type\":\"Person\",\"@id\":\"https:\\\/\\\/centrourbano.com\\\/revista\\\/#\\\/schema\\\/person\\\/ff3c00651ce5b1630479d2cd0c2e3ac0\",\"name\":\"Edgar Rosas\",\"image\":{\"@type\":\"ImageObject\",\"inLanguage\":\"es\",\"@id\":\"https:\\\/\\\/secure.gravatar.com\\\/avatar\\\/94440c4283495211faa5300bf85e80061036b83fced868c3783aa1310b350d9c?s=96&d=mm&r=g\",\"url\":\"https:\\\/\\\/secure.gravatar.com\\\/avatar\\\/94440c4283495211faa5300bf85e80061036b83fced868c3783aa1310b350d9c?s=96&d=mm&r=g\",\"contentUrl\":\"https:\\\/\\\/secure.gravatar.com\\\/avatar\\\/94440c4283495211faa5300bf85e80061036b83fced868c3783aa1310b350d9c?s=96&d=mm&r=g\",\"caption\":\"Edgar Rosas\"},\"description\":\"Editor en Jefe de Centro Urbano. Egresado de la maestr\u00eda en Periodismo Pol\u00edtico de la Escuela de Periodismo Carlos Septi\u00e9n Garc\u00eda (EPCSG). Estudi\u00f3 la licenciatura en Comunicaci\u00f3n en la Universidad Mexicana. Amante de la cr\u00f3nica y el reportaje. Admirador de Vicente Le\u00f1ero y Miguel \u00c1ngel Granados Chapa.\",\"sameAs\":[\"https:\\\/\\\/x.com\\\/https:\\\/\\\/twitter.com\\\/ERosasCU?s=09\"],\"url\":\"https:\\\/\\\/centrourbano.com\\\/revista\\\/author\\\/edgar-rosas\\\/\"}]}<\/script>\n<!-- \/ Yoast SEO plugin. -->","yoast_head_json":{"title":"Actualizaci\u00f3n de UMA modificar\u00e1 saldo en cr\u00e9ditos Fovissste","description":"El aumento en la Unidad de Medida y Actualizaci\u00f3n (UMA), dado a conocer hace unos d\u00edas, modificar\u00e1 a partir del 1 de febrero el saldo insoluto...","robots":{"index":"index","follow":"follow","max-snippet":"max-snippet:-1","max-image-preview":"max-image-preview:large","max-video-preview":"max-video-preview:-1"},"canonical":"https:\/\/centrourbano.com\/revista\/vivienda\/actualizacion-uma-modificara-saldo-creditos-fovissste\/","og_locale":"es_ES","og_type":"article","og_title":"Actualizaci\u00f3n de UMA modificar\u00e1 saldo en cr\u00e9ditos Fovissste","og_description":"El aumento en la Unidad de Medida y Actualizaci\u00f3n (UMA), dado a conocer hace unos d\u00edas, modificar\u00e1 a partir del 1 de febrero el saldo insoluto...","og_url":"https:\/\/centrourbano.com\/revista\/vivienda\/actualizacion-uma-modificara-saldo-creditos-fovissste\/","og_site_name":"Centro Urbano","article_publisher":"https:\/\/www.facebook.com\/portalcentrourbano","article_published_time":"2019-01-14T15:00:13+00:00","article_modified_time":"2019-01-14T16:07:37+00:00","og_image":[{"width":800,"height":418,"url":"https:\/\/centrourbano.com\/revista\/wp-content\/uploads\/Fovissste_1.jpeg","type":"image\/jpeg"}],"author":"Edgar Rosas","twitter_card":"summary_large_image","twitter_creator":"@https:\/\/twitter.com\/ERosasCU?s=09","twitter_site":"@CentroUrbano","twitter_misc":{"Escrito por":"Edgar Rosas","Tiempo de lectura":"1 minuto"},"schema":{"@context":"https:\/\/schema.org","@graph":[{"@type":"Article","@id":"https:\/\/centrourbano.com\/revista\/vivienda\/actualizacion-uma-modificara-saldo-creditos-fovissste\/#article","isPartOf":{"@id":"https:\/\/centrourbano.com\/revista\/vivienda\/actualizacion-uma-modificara-saldo-creditos-fovissste\/"},"author":{"name":"Edgar Rosas","@id":"https:\/\/centrourbano.com\/revista\/#\/schema\/person\/ff3c00651ce5b1630479d2cd0c2e3ac0"},"headline":"Actualizaci\u00f3n de UMA modificar\u00e1 saldo en cr\u00e9ditos Fovissste","datePublished":"2019-01-14T15:00:13+00:00","dateModified":"2019-01-14T16:07:37+00:00","mainEntityOfPage":{"@id":"https:\/\/centrourbano.com\/revista\/vivienda\/actualizacion-uma-modificara-saldo-creditos-fovissste\/"},"wordCount":243,"commentCount":0,"publisher":{"@id":"https:\/\/centrourbano.com\/revista\/#organization"},"image":{"@id":"https:\/\/centrourbano.com\/revista\/vivienda\/actualizacion-uma-modificara-saldo-creditos-fovissste\/#primaryimage"},"thumbnailUrl":"https:\/\/centrourbano.com\/revista\/wp-content\/uploads\/Fovissste_1.jpeg","keywords":["actualizaci\u00f3n","aumento","cr\u00e9dito","Fovissste","saldo insoluto","UMA"],"articleSection":["Vivienda"],"inLanguage":"es","potentialAction":[{"@type":"CommentAction","name":"Comment","target":["https:\/\/centrourbano.com\/revista\/vivienda\/actualizacion-uma-modificara-saldo-creditos-fovissste\/#respond"]}]},{"@type":"WebPage","@id":"https:\/\/centrourbano.com\/revista\/vivienda\/actualizacion-uma-modificara-saldo-creditos-fovissste\/","url":"https:\/\/centrourbano.com\/revista\/vivienda\/actualizacion-uma-modificara-saldo-creditos-fovissste\/","name":"Actualizaci\u00f3n de UMA modificar\u00e1 saldo en cr\u00e9ditos Fovissste","isPartOf":{"@id":"https:\/\/centrourbano.com\/revista\/#website"},"primaryImageOfPage":{"@id":"https:\/\/centrourbano.com\/revista\/vivienda\/actualizacion-uma-modificara-saldo-creditos-fovissste\/#primaryimage"},"image":{"@id":"https:\/\/centrourbano.com\/revista\/vivienda\/actualizacion-uma-modificara-saldo-creditos-fovissste\/#primaryimage"},"thumbnailUrl":"https:\/\/centrourbano.com\/revista\/wp-content\/uploads\/Fovissste_1.jpeg","datePublished":"2019-01-14T15:00:13+00:00","dateModified":"2019-01-14T16:07:37+00:00","description":"El aumento en la Unidad de Medida y Actualizaci\u00f3n (UMA), dado a conocer hace unos d\u00edas, modificar\u00e1 a partir del 1 de febrero el saldo insoluto...","breadcrumb":{"@id":"https:\/\/centrourbano.com\/revista\/vivienda\/actualizacion-uma-modificara-saldo-creditos-fovissste\/#breadcrumb"},"inLanguage":"es","potentialAction":[{"@type":"ReadAction","target":["https:\/\/centrourbano.com\/revista\/vivienda\/actualizacion-uma-modificara-saldo-creditos-fovissste\/"]}]},{"@type":"ImageObject","inLanguage":"es","@id":"https:\/\/centrourbano.com\/revista\/vivienda\/actualizacion-uma-modificara-saldo-creditos-fovissste\/#primaryimage","url":"https:\/\/centrourbano.com\/revista\/wp-content\/uploads\/Fovissste_1.jpeg","contentUrl":"https:\/\/centrourbano.com\/revista\/wp-content\/uploads\/Fovissste_1.jpeg","width":800,"height":418,"caption":"El organismo destac\u00f3 que los cr\u00e9ditos utilizan como referencia a la UMA y no el salario m\u00ednimo"},{"@type":"BreadcrumbList","@id":"https:\/\/centrourbano.com\/revista\/vivienda\/actualizacion-uma-modificara-saldo-creditos-fovissste\/#breadcrumb","itemListElement":[{"@type":"ListItem","position":1,"name":"Portada","item":"https:\/\/centrourbano.com\/revista\/"},{"@type":"ListItem","position":2,"name":"Actualizaci\u00f3n de UMA modificar\u00e1 saldo en cr\u00e9ditos Fovissste"}]},{"@type":"WebSite","@id":"https:\/\/centrourbano.com\/revista\/#website","url":"https:\/\/centrourbano.com\/revista\/","name":"Centro Urbano","description":"Medio especializado en los sectores vivienda, inmobiliario, construcci\u00f3n, arquitectura y urbanismo.","publisher":{"@id":"https:\/\/centrourbano.com\/revista\/#organization"},"potentialAction":[{"@type":"SearchAction","target":{"@type":"EntryPoint","urlTemplate":"https:\/\/centrourbano.com\/revista\/?s={search_term_string}"},"query-input":{"@type":"PropertyValueSpecification","valueRequired":true,"valueName":"search_term_string"}}],"inLanguage":"es"},{"@type":"Organization","@id":"https:\/\/centrourbano.com\/revista\/#organization","name":"Centro Urbano","url":"https:\/\/centrourbano.com\/revista\/","logo":{"@type":"ImageObject","inLanguage":"es","@id":"https:\/\/centrourbano.com\/revista\/#\/schema\/logo\/image\/","url":"https:\/\/centrourbano.com\/revista\/wp-content\/uploads\/web_CU_logo-1.png","contentUrl":"https:\/\/centrourbano.com\/revista\/wp-content\/uploads\/web_CU_logo-1.png","width":350,"height":91,"caption":"Centro Urbano"},"image":{"@id":"https:\/\/centrourbano.com\/revista\/#\/schema\/logo\/image\/"},"sameAs":["https:\/\/www.facebook.com\/portalcentrourbano","https:\/\/x.com\/CentroUrbano","https:\/\/www.instagram.com\/centro_urbano\/","https:\/\/www.linkedin.com\/company\/centro-urbano\/","http:\/\/www.youtube.com\/user\/portalcentrourbano"]},{"@type":"Person","@id":"https:\/\/centrourbano.com\/revista\/#\/schema\/person\/ff3c00651ce5b1630479d2cd0c2e3ac0","name":"Edgar Rosas","image":{"@type":"ImageObject","inLanguage":"es","@id":"https:\/\/secure.gravatar.com\/avatar\/94440c4283495211faa5300bf85e80061036b83fced868c3783aa1310b350d9c?s=96&d=mm&r=g","url":"https:\/\/secure.gravatar.com\/avatar\/94440c4283495211faa5300bf85e80061036b83fced868c3783aa1310b350d9c?s=96&d=mm&r=g","contentUrl":"https:\/\/secure.gravatar.com\/avatar\/94440c4283495211faa5300bf85e80061036b83fced868c3783aa1310b350d9c?s=96&d=mm&r=g","caption":"Edgar Rosas"},"description":"Editor en Jefe de Centro Urbano. Egresado de la maestr\u00eda en Periodismo Pol\u00edtico de la Escuela de Periodismo Carlos Septi\u00e9n Garc\u00eda (EPCSG). Estudi\u00f3 la licenciatura en Comunicaci\u00f3n en la Universidad Mexicana. Amante de la cr\u00f3nica y el reportaje. Admirador de Vicente Le\u00f1ero y Miguel \u00c1ngel Granados Chapa.","sameAs":["https:\/\/x.com\/https:\/\/twitter.com\/ERosasCU?s=09"],"url":"https:\/\/centrourbano.com\/revista\/author\/edgar-rosas\/"}]}},"_links":{"self":[{"href":"https:\/\/centrourbano.com\/revista\/wp-json\/wp\/v2\/posts\/84607","targetHints":{"allow":["GET"]}}],"collection":[{"href":"https:\/\/centrourbano.com\/revista\/wp-json\/wp\/v2\/posts"}],"about":[{"href":"https:\/\/centrourbano.com\/revista\/wp-json\/wp\/v2\/types\/post"}],"author":[{"embeddable":true,"href":"https:\/\/centrourbano.com\/revista\/wp-json\/wp\/v2\/users\/47"}],"replies":[{"embeddable":true,"href":"https:\/\/centrourbano.com\/revista\/wp-json\/wp\/v2\/comments?post=84607"}],"version-history":[{"count":4,"href":"https:\/\/centrourbano.com\/revista\/wp-json\/wp\/v2\/posts\/84607\/revisions"}],"predecessor-version":[{"id":84612,"href":"https:\/\/centrourbano.com\/revista\/wp-json\/wp\/v2\/posts\/84607\/revisions\/84612"}],"wp:featuredmedia":[{"embeddable":true,"href":"https:\/\/centrourbano.com\/revista\/wp-json\/wp\/v2\/media\/83607"}],"wp:attachment":[{"href":"https:\/\/centrourbano.com\/revista\/wp-json\/wp\/v2\/media?parent=84607"}],"wp:term":[{"taxonomy":"category","embeddable":true,"href":"https:\/\/centrourbano.com\/revista\/wp-json\/wp\/v2\/categories?post=84607"},{"taxonomy":"post_tag","embeddable":true,"href":"https:\/\/centrourbano.com\/revista\/wp-json\/wp\/v2\/tags?post=84607"}],"curies":[{"name":"wp","href":"https:\/\/api.w.org\/{rel}","templated":true}]}}