{"id":84596,"date":"2019-01-13T15:55:19","date_gmt":"2019-01-13T21:55:19","guid":{"rendered":"https:\/\/centrourbano.com\/?p=84596"},"modified":"2019-01-14T13:54:17","modified_gmt":"2019-01-14T19:54:17","slug":"aumenta-fovissste-credito","status":"publish","type":"post","link":"https:\/\/centrourbano.com\/revista\/vivienda\/aumenta-fovissste-credito\/","title":{"rendered":"Aumenta Fovissste monto de cr\u00e9dito para trabajadores"},"content":{"rendered":"<p><em>El organismo record\u00f3 que en el plan de trabajo de la nueva administraci\u00f3n contempla la mejora de las condiciones de cr\u00e9dito y el lanzamiento de nuevos productos <\/em><!--more--><\/p>\n<p>Los trabajadores del Estado contar\u00e1n con m\u00e1s recursos para poder acceder a una vivienda. Y es que el Fondo de la Vivienda del Issste <strong>(Fovissste)<\/strong> dio a conocer que en 2019 el monto de cr\u00e9dito otorgado crecer\u00e1 4.83 por ciento.<\/p>\n<p>De acuerdo con el organismo, a partir de febrero los trabajadores podr\u00e1n contar con hasta 1 mill\u00f3n 102,525 pesos de cr\u00e9dito bajo los esquemas <strong>Tradicional<\/strong> y <strong>Conyugal<\/strong>. Este ajuste, se\u00f1al\u00f3 el organismo, va en l\u00ednea con la actualizaci\u00f3n de la Unidad de Medida de Actualizaci\u00f2n (<strong>UMA<\/strong>).<\/p>\n<p>Aunado a lo anterior, el organismo inform\u00f3 que en e caso de los cr\u00e9ditos otorgados bajo el esquema para <strong>Pensionados<\/strong>, el monto m\u00e1ximo de cr\u00e9dito ser\u00e1 de 546,246.41 pesos; en el caso del cr\u00e9dito de <strong>Aliados<\/strong> ser\u00e1 de 299,553.41 pesos.<\/p>\n<p>El organismo detall\u00f3 que estas medidas forman parte de las acciones contempladas en el <strong>Plan de Trabajo<\/strong> para los primeros 100 d\u00edas, mismo que present\u00f3 el Fondo hace unos d\u00edas.<\/p>\n<p>De manera particular, el vocal ejecutivo del Fondo detall\u00f3 que el organismo buscar\u00e1 mejorar las condiciones de los cr\u00e9ditos. Y subray\u00f3 que en breve se presentar\u00e1n nuevos esquemas de financiamiento.<\/p>\n","protected":false},"excerpt":{"rendered":"<p>El organismo record\u00f3 que en el plan de trabajo de la nueva administraci\u00f3n contempla la mejora de las condiciones de cr\u00e9dito y el lanzamiento de nuevos productos<\/p>\n","protected":false},"author":77,"featured_media":84597,"comment_status":"open","ping_status":"closed","sticky":false,"template":"","format":"standard","meta":{"inline_featured_image":false,"footnotes":""},"categories":[12],"tags":[14544,518,173,155,15157,60],"class_list":["post-84596","post","type-post","status-publish","format-standard","has-post-thumbnail","hentry","category-vivienda","tag-agustin-rodriguez","tag-aumento","tag-credito","tag-fovissste","tag-monto-de-credito","tag-vivienda-2"],"yoast_head":"<!-- This site is optimized with the Yoast SEO plugin v28.4 - https:\/\/yoast.com\/product\/yoast-seo-wordpress\/ -->\n<title>Aumenta Fovissste monto de cr\u00e9dito para trabajadores<\/title>\n<meta name=\"description\" content=\"Los trabajadores del Estado contar\u00e1n con m\u00e1s recursos para poder acceder a una vivienda. Y es que el Fondo de la Vivienda del Issste (Fovissste)...\" \/>\n<meta name=\"robots\" content=\"index, follow, max-snippet:-1, max-image-preview:large, max-video-preview:-1\" \/>\n<link rel=\"canonical\" href=\"https:\/\/centrourbano.com\/revista\/vivienda\/aumenta-fovissste-credito\/\" \/>\n<meta property=\"og:locale\" content=\"es_ES\" \/>\n<meta property=\"og:type\" content=\"article\" \/>\n<meta property=\"og:title\" content=\"Aumenta Fovissste monto de cr\u00e9dito para trabajadores\" \/>\n<meta property=\"og:description\" content=\"Los trabajadores del Estado contar\u00e1n con m\u00e1s recursos para poder acceder a una vivienda. Y es que el Fondo de la Vivienda del Issste (Fovissste)...\" \/>\n<meta property=\"og:url\" content=\"https:\/\/centrourbano.com\/revista\/vivienda\/aumenta-fovissste-credito\/\" \/>\n<meta property=\"og:site_name\" content=\"Centro Urbano\" \/>\n<meta property=\"article:publisher\" content=\"https:\/\/www.facebook.com\/portalcentrourbano\" \/>\n<meta property=\"article:published_time\" content=\"2019-01-13T21:55:19+00:00\" \/>\n<meta property=\"article:modified_time\" content=\"2019-01-14T19:54:17+00:00\" \/>\n<meta property=\"og:image\" content=\"https:\/\/centrourbano.com\/revista\/wp-content\/uploads\/IMG_20190113_155450.jpg\" \/>\n\t<meta property=\"og:image:width\" content=\"1024\" \/>\n\t<meta property=\"og:image:height\" content=\"497\" \/>\n\t<meta property=\"og:image:type\" content=\"image\/jpeg\" \/>\n<meta name=\"author\" content=\"G4A\" \/>\n<meta name=\"twitter:card\" content=\"summary_large_image\" \/>\n<meta name=\"twitter:creator\" content=\"@CentroUrbano\" \/>\n<meta name=\"twitter:site\" content=\"@CentroUrbano\" \/>\n<meta name=\"twitter:label1\" content=\"Escrito por\" \/>\n\t<meta name=\"twitter:data1\" content=\"G4A\" \/>\n\t<meta name=\"twitter:label2\" content=\"Tiempo de lectura\" \/>\n\t<meta name=\"twitter:data2\" content=\"1 minuto\" \/>\n<script type=\"application\/ld+json\" class=\"yoast-schema-graph\">{\"@context\":\"https:\\\/\\\/schema.org\",\"@graph\":[{\"@type\":\"Article\",\"@id\":\"https:\\\/\\\/centrourbano.com\\\/revista\\\/vivienda\\\/aumenta-fovissste-credito\\\/#article\",\"isPartOf\":{\"@id\":\"https:\\\/\\\/centrourbano.com\\\/revista\\\/vivienda\\\/aumenta-fovissste-credito\\\/\"},\"author\":{\"name\":\"G4A\",\"@id\":\"https:\\\/\\\/centrourbano.com\\\/revista\\\/#\\\/schema\\\/person\\\/370fa0ba2d8dd5bde3fdb8b62ad360aa\"},\"headline\":\"Aumenta Fovissste monto de cr\u00e9dito para trabajadores\",\"datePublished\":\"2019-01-13T21:55:19+00:00\",\"dateModified\":\"2019-01-14T19:54:17+00:00\",\"mainEntityOfPage\":{\"@id\":\"https:\\\/\\\/centrourbano.com\\\/revista\\\/vivienda\\\/aumenta-fovissste-credito\\\/\"},\"wordCount\":234,\"commentCount\":0,\"publisher\":{\"@id\":\"https:\\\/\\\/centrourbano.com\\\/revista\\\/#organization\"},\"image\":{\"@id\":\"https:\\\/\\\/centrourbano.com\\\/revista\\\/vivienda\\\/aumenta-fovissste-credito\\\/#primaryimage\"},\"thumbnailUrl\":\"https:\\\/\\\/centrourbano.com\\\/revista\\\/wp-content\\\/uploads\\\/IMG_20190113_155450.jpg\",\"keywords\":[\"Agust\u00edn Rodr\u00edguez\",\"aumento\",\"cr\u00e9dito\",\"Fovissste\",\"monto de cr\u00e9dito\",\"vivienda\"],\"articleSection\":[\"Vivienda\"],\"inLanguage\":\"es\"},{\"@type\":\"WebPage\",\"@id\":\"https:\\\/\\\/centrourbano.com\\\/revista\\\/vivienda\\\/aumenta-fovissste-credito\\\/\",\"url\":\"https:\\\/\\\/centrourbano.com\\\/revista\\\/vivienda\\\/aumenta-fovissste-credito\\\/\",\"name\":\"Aumenta Fovissste monto de cr\u00e9dito para trabajadores\",\"isPartOf\":{\"@id\":\"https:\\\/\\\/centrourbano.com\\\/revista\\\/#website\"},\"primaryImageOfPage\":{\"@id\":\"https:\\\/\\\/centrourbano.com\\\/revista\\\/vivienda\\\/aumenta-fovissste-credito\\\/#primaryimage\"},\"image\":{\"@id\":\"https:\\\/\\\/centrourbano.com\\\/revista\\\/vivienda\\\/aumenta-fovissste-credito\\\/#primaryimage\"},\"thumbnailUrl\":\"https:\\\/\\\/centrourbano.com\\\/revista\\\/wp-content\\\/uploads\\\/IMG_20190113_155450.jpg\",\"datePublished\":\"2019-01-13T21:55:19+00:00\",\"dateModified\":\"2019-01-14T19:54:17+00:00\",\"description\":\"Los trabajadores del Estado contar\u00e1n con m\u00e1s recursos para poder acceder a una vivienda. Y es que el Fondo de la Vivienda del Issste (Fovissste)...\",\"breadcrumb\":{\"@id\":\"https:\\\/\\\/centrourbano.com\\\/revista\\\/vivienda\\\/aumenta-fovissste-credito\\\/#breadcrumb\"},\"inLanguage\":\"es\",\"potentialAction\":[{\"@type\":\"ReadAction\",\"target\":[\"https:\\\/\\\/centrourbano.com\\\/revista\\\/vivienda\\\/aumenta-fovissste-credito\\\/\"]}]},{\"@type\":\"ImageObject\",\"inLanguage\":\"es\",\"@id\":\"https:\\\/\\\/centrourbano.com\\\/revista\\\/vivienda\\\/aumenta-fovissste-credito\\\/#primaryimage\",\"url\":\"https:\\\/\\\/centrourbano.com\\\/revista\\\/wp-content\\\/uploads\\\/IMG_20190113_155450.jpg\",\"contentUrl\":\"https:\\\/\\\/centrourbano.com\\\/revista\\\/wp-content\\\/uploads\\\/IMG_20190113_155450.jpg\",\"width\":1024,\"height\":497},{\"@type\":\"BreadcrumbList\",\"@id\":\"https:\\\/\\\/centrourbano.com\\\/revista\\\/vivienda\\\/aumenta-fovissste-credito\\\/#breadcrumb\",\"itemListElement\":[{\"@type\":\"ListItem\",\"position\":1,\"name\":\"Portada\",\"item\":\"https:\\\/\\\/centrourbano.com\\\/revista\\\/\"},{\"@type\":\"ListItem\",\"position\":2,\"name\":\"Aumenta Fovissste monto de cr\u00e9dito para trabajadores\"}]},{\"@type\":\"WebSite\",\"@id\":\"https:\\\/\\\/centrourbano.com\\\/revista\\\/#website\",\"url\":\"https:\\\/\\\/centrourbano.com\\\/revista\\\/\",\"name\":\"Centro Urbano\",\"description\":\"Medio especializado en los sectores vivienda, inmobiliario, construcci\u00f3n, arquitectura y urbanismo.\",\"publisher\":{\"@id\":\"https:\\\/\\\/centrourbano.com\\\/revista\\\/#organization\"},\"potentialAction\":[{\"@type\":\"SearchAction\",\"target\":{\"@type\":\"EntryPoint\",\"urlTemplate\":\"https:\\\/\\\/centrourbano.com\\\/revista\\\/?s={search_term_string}\"},\"query-input\":{\"@type\":\"PropertyValueSpecification\",\"valueRequired\":true,\"valueName\":\"search_term_string\"}}],\"inLanguage\":\"es\"},{\"@type\":\"Organization\",\"@id\":\"https:\\\/\\\/centrourbano.com\\\/revista\\\/#organization\",\"name\":\"Centro Urbano\",\"url\":\"https:\\\/\\\/centrourbano.com\\\/revista\\\/\",\"logo\":{\"@type\":\"ImageObject\",\"inLanguage\":\"es\",\"@id\":\"https:\\\/\\\/centrourbano.com\\\/revista\\\/#\\\/schema\\\/logo\\\/image\\\/\",\"url\":\"https:\\\/\\\/centrourbano.com\\\/revista\\\/wp-content\\\/uploads\\\/web_CU_logo-1.png\",\"contentUrl\":\"https:\\\/\\\/centrourbano.com\\\/revista\\\/wp-content\\\/uploads\\\/web_CU_logo-1.png\",\"width\":350,\"height\":91,\"caption\":\"Centro Urbano\"},\"image\":{\"@id\":\"https:\\\/\\\/centrourbano.com\\\/revista\\\/#\\\/schema\\\/logo\\\/image\\\/\"},\"sameAs\":[\"https:\\\/\\\/www.facebook.com\\\/portalcentrourbano\",\"https:\\\/\\\/x.com\\\/CentroUrbano\",\"https:\\\/\\\/www.instagram.com\\\/centro_urbano\\\/\",\"https:\\\/\\\/www.linkedin.com\\\/company\\\/centro-urbano\\\/\",\"http:\\\/\\\/www.youtube.com\\\/user\\\/portalcentrourbano\"]},{\"@type\":\"Person\",\"@id\":\"https:\\\/\\\/centrourbano.com\\\/revista\\\/#\\\/schema\\\/person\\\/370fa0ba2d8dd5bde3fdb8b62ad360aa\",\"name\":\"G4A\",\"image\":{\"@type\":\"ImageObject\",\"inLanguage\":\"es\",\"@id\":\"https:\\\/\\\/secure.gravatar.com\\\/avatar\\\/932a97121b13d5de5bbd8193c6c83d3b92c9eda0f39623607d4280e7a5778d97?s=96&d=mm&r=g\",\"url\":\"https:\\\/\\\/secure.gravatar.com\\\/avatar\\\/932a97121b13d5de5bbd8193c6c83d3b92c9eda0f39623607d4280e7a5778d97?s=96&d=mm&r=g\",\"contentUrl\":\"https:\\\/\\\/secure.gravatar.com\\\/avatar\\\/932a97121b13d5de5bbd8193c6c83d3b92c9eda0f39623607d4280e7a5778d97?s=96&d=mm&r=g\",\"caption\":\"G4A\"},\"url\":\"https:\\\/\\\/centrourbano.com\\\/revista\\\/author\\\/admin-g4a\\\/\"}]}<\/script>\n<!-- \/ Yoast SEO plugin. -->","yoast_head_json":{"title":"Aumenta Fovissste monto de cr\u00e9dito para trabajadores","description":"Los trabajadores del Estado contar\u00e1n con m\u00e1s recursos para poder acceder a una vivienda. Y es que el Fondo de la Vivienda del Issste (Fovissste)...","robots":{"index":"index","follow":"follow","max-snippet":"max-snippet:-1","max-image-preview":"max-image-preview:large","max-video-preview":"max-video-preview:-1"},"canonical":"https:\/\/centrourbano.com\/revista\/vivienda\/aumenta-fovissste-credito\/","og_locale":"es_ES","og_type":"article","og_title":"Aumenta Fovissste monto de cr\u00e9dito para trabajadores","og_description":"Los trabajadores del Estado contar\u00e1n con m\u00e1s recursos para poder acceder a una vivienda. Y es que el Fondo de la Vivienda del Issste (Fovissste)...","og_url":"https:\/\/centrourbano.com\/revista\/vivienda\/aumenta-fovissste-credito\/","og_site_name":"Centro Urbano","article_publisher":"https:\/\/www.facebook.com\/portalcentrourbano","article_published_time":"2019-01-13T21:55:19+00:00","article_modified_time":"2019-01-14T19:54:17+00:00","og_image":[{"width":1024,"height":497,"url":"https:\/\/centrourbano.com\/revista\/wp-content\/uploads\/IMG_20190113_155450.jpg","type":"image\/jpeg"}],"author":"G4A","twitter_card":"summary_large_image","twitter_creator":"@CentroUrbano","twitter_site":"@CentroUrbano","twitter_misc":{"Escrito por":"G4A","Tiempo de lectura":"1 minuto"},"schema":{"@context":"https:\/\/schema.org","@graph":[{"@type":"Article","@id":"https:\/\/centrourbano.com\/revista\/vivienda\/aumenta-fovissste-credito\/#article","isPartOf":{"@id":"https:\/\/centrourbano.com\/revista\/vivienda\/aumenta-fovissste-credito\/"},"author":{"name":"G4A","@id":"https:\/\/centrourbano.com\/revista\/#\/schema\/person\/370fa0ba2d8dd5bde3fdb8b62ad360aa"},"headline":"Aumenta Fovissste monto de cr\u00e9dito para trabajadores","datePublished":"2019-01-13T21:55:19+00:00","dateModified":"2019-01-14T19:54:17+00:00","mainEntityOfPage":{"@id":"https:\/\/centrourbano.com\/revista\/vivienda\/aumenta-fovissste-credito\/"},"wordCount":234,"commentCount":0,"publisher":{"@id":"https:\/\/centrourbano.com\/revista\/#organization"},"image":{"@id":"https:\/\/centrourbano.com\/revista\/vivienda\/aumenta-fovissste-credito\/#primaryimage"},"thumbnailUrl":"https:\/\/centrourbano.com\/revista\/wp-content\/uploads\/IMG_20190113_155450.jpg","keywords":["Agust\u00edn Rodr\u00edguez","aumento","cr\u00e9dito","Fovissste","monto de cr\u00e9dito","vivienda"],"articleSection":["Vivienda"],"inLanguage":"es"},{"@type":"WebPage","@id":"https:\/\/centrourbano.com\/revista\/vivienda\/aumenta-fovissste-credito\/","url":"https:\/\/centrourbano.com\/revista\/vivienda\/aumenta-fovissste-credito\/","name":"Aumenta Fovissste monto de cr\u00e9dito para trabajadores","isPartOf":{"@id":"https:\/\/centrourbano.com\/revista\/#website"},"primaryImageOfPage":{"@id":"https:\/\/centrourbano.com\/revista\/vivienda\/aumenta-fovissste-credito\/#primaryimage"},"image":{"@id":"https:\/\/centrourbano.com\/revista\/vivienda\/aumenta-fovissste-credito\/#primaryimage"},"thumbnailUrl":"https:\/\/centrourbano.com\/revista\/wp-content\/uploads\/IMG_20190113_155450.jpg","datePublished":"2019-01-13T21:55:19+00:00","dateModified":"2019-01-14T19:54:17+00:00","description":"Los trabajadores del Estado contar\u00e1n con m\u00e1s recursos para poder acceder a una vivienda. Y es que el Fondo de la Vivienda del Issste (Fovissste)...","breadcrumb":{"@id":"https:\/\/centrourbano.com\/revista\/vivienda\/aumenta-fovissste-credito\/#breadcrumb"},"inLanguage":"es","potentialAction":[{"@type":"ReadAction","target":["https:\/\/centrourbano.com\/revista\/vivienda\/aumenta-fovissste-credito\/"]}]},{"@type":"ImageObject","inLanguage":"es","@id":"https:\/\/centrourbano.com\/revista\/vivienda\/aumenta-fovissste-credito\/#primaryimage","url":"https:\/\/centrourbano.com\/revista\/wp-content\/uploads\/IMG_20190113_155450.jpg","contentUrl":"https:\/\/centrourbano.com\/revista\/wp-content\/uploads\/IMG_20190113_155450.jpg","width":1024,"height":497},{"@type":"BreadcrumbList","@id":"https:\/\/centrourbano.com\/revista\/vivienda\/aumenta-fovissste-credito\/#breadcrumb","itemListElement":[{"@type":"ListItem","position":1,"name":"Portada","item":"https:\/\/centrourbano.com\/revista\/"},{"@type":"ListItem","position":2,"name":"Aumenta Fovissste monto de cr\u00e9dito para trabajadores"}]},{"@type":"WebSite","@id":"https:\/\/centrourbano.com\/revista\/#website","url":"https:\/\/centrourbano.com\/revista\/","name":"Centro Urbano","description":"Medio especializado en los sectores vivienda, inmobiliario, construcci\u00f3n, arquitectura y urbanismo.","publisher":{"@id":"https:\/\/centrourbano.com\/revista\/#organization"},"potentialAction":[{"@type":"SearchAction","target":{"@type":"EntryPoint","urlTemplate":"https:\/\/centrourbano.com\/revista\/?s={search_term_string}"},"query-input":{"@type":"PropertyValueSpecification","valueRequired":true,"valueName":"search_term_string"}}],"inLanguage":"es"},{"@type":"Organization","@id":"https:\/\/centrourbano.com\/revista\/#organization","name":"Centro Urbano","url":"https:\/\/centrourbano.com\/revista\/","logo":{"@type":"ImageObject","inLanguage":"es","@id":"https:\/\/centrourbano.com\/revista\/#\/schema\/logo\/image\/","url":"https:\/\/centrourbano.com\/revista\/wp-content\/uploads\/web_CU_logo-1.png","contentUrl":"https:\/\/centrourbano.com\/revista\/wp-content\/uploads\/web_CU_logo-1.png","width":350,"height":91,"caption":"Centro Urbano"},"image":{"@id":"https:\/\/centrourbano.com\/revista\/#\/schema\/logo\/image\/"},"sameAs":["https:\/\/www.facebook.com\/portalcentrourbano","https:\/\/x.com\/CentroUrbano","https:\/\/www.instagram.com\/centro_urbano\/","https:\/\/www.linkedin.com\/company\/centro-urbano\/","http:\/\/www.youtube.com\/user\/portalcentrourbano"]},{"@type":"Person","@id":"https:\/\/centrourbano.com\/revista\/#\/schema\/person\/370fa0ba2d8dd5bde3fdb8b62ad360aa","name":"G4A","image":{"@type":"ImageObject","inLanguage":"es","@id":"https:\/\/secure.gravatar.com\/avatar\/932a97121b13d5de5bbd8193c6c83d3b92c9eda0f39623607d4280e7a5778d97?s=96&d=mm&r=g","url":"https:\/\/secure.gravatar.com\/avatar\/932a97121b13d5de5bbd8193c6c83d3b92c9eda0f39623607d4280e7a5778d97?s=96&d=mm&r=g","contentUrl":"https:\/\/secure.gravatar.com\/avatar\/932a97121b13d5de5bbd8193c6c83d3b92c9eda0f39623607d4280e7a5778d97?s=96&d=mm&r=g","caption":"G4A"},"url":"https:\/\/centrourbano.com\/revista\/author\/admin-g4a\/"}]}},"_links":{"self":[{"href":"https:\/\/centrourbano.com\/revista\/wp-json\/wp\/v2\/posts\/84596","targetHints":{"allow":["GET"]}}],"collection":[{"href":"https:\/\/centrourbano.com\/revista\/wp-json\/wp\/v2\/posts"}],"about":[{"href":"https:\/\/centrourbano.com\/revista\/wp-json\/wp\/v2\/types\/post"}],"author":[{"embeddable":true,"href":"https:\/\/centrourbano.com\/revista\/wp-json\/wp\/v2\/users\/77"}],"replies":[{"embeddable":true,"href":"https:\/\/centrourbano.com\/revista\/wp-json\/wp\/v2\/comments?post=84596"}],"version-history":[{"count":4,"href":"https:\/\/centrourbano.com\/revista\/wp-json\/wp\/v2\/posts\/84596\/revisions"}],"predecessor-version":[{"id":84637,"href":"https:\/\/centrourbano.com\/revista\/wp-json\/wp\/v2\/posts\/84596\/revisions\/84637"}],"wp:featuredmedia":[{"embeddable":true,"href":"https:\/\/centrourbano.com\/revista\/wp-json\/wp\/v2\/media\/84597"}],"wp:attachment":[{"href":"https:\/\/centrourbano.com\/revista\/wp-json\/wp\/v2\/media?parent=84596"}],"wp:term":[{"taxonomy":"category","embeddable":true,"href":"https:\/\/centrourbano.com\/revista\/wp-json\/wp\/v2\/categories?post=84596"},{"taxonomy":"post_tag","embeddable":true,"href":"https:\/\/centrourbano.com\/revista\/wp-json\/wp\/v2\/tags?post=84596"}],"curies":[{"name":"wp","href":"https:\/\/api.w.org\/{rel}","templated":true}]}}