{"id":84562,"date":"2019-01-11T10:39:08","date_gmt":"2019-01-11T16:39:08","guid":{"rendered":"https:\/\/centrourbano.com\/?p=84562"},"modified":"2019-01-11T13:00:46","modified_gmt":"2019-01-11T19:00:46","slug":"alistan-recorridos-gratuitos-por-patrimonio-de-cuicuilco-tlatelolco-y-coyoacan","status":"publish","type":"post","link":"https:\/\/centrourbano.com\/revista\/arquitectura-2\/alistan-recorridos-gratuitos-por-patrimonio-de-cuicuilco-tlatelolco-y-coyoacan\/","title":{"rendered":"Alistan recorridos gratuitos por patrimonio de Cuicuilco, Tlatelolco y Coyoac\u00e1n"},"content":{"rendered":"<p><em>Las personas podr\u00e1n conocer el templo de San Juan Bautista, la casa de Cort\u00e9s, la zona arqueol\u00f3gica de Cuicuilco y el templo de Santiago Tlatelolco<\/em><br \/>\n<!--more--><\/p>\n<p>La\u00a0<strong>Secretar\u00eda de Cultura <\/strong>de la<strong> Ciudad de M\u00e9xico <\/strong>llevar\u00e1 a cabo diversos recorridos durante enero, esto con el objetivo de mostrar el patrimonio y los tesoros arqueol\u00f3gicos que guardan las zonas de\u00a0<strong>Cuicuilco, Tlatelolco<\/strong> y <strong>Coyoac\u00e1n.<\/strong><\/p>\n<p>El primer recorrido se llevar\u00e1 a cabo el pr\u00f3ximo domingo <strong>13 de enero<\/strong> a las\u00a010:45 horas\u00a0en la zona arqueol\u00f3gica de Cuicuilco, un sitio ceremonial que resguarda\u00a0una pir\u00e1mide en forma circular que sobrevive de una\u00a0erupci\u00f3n volc\u00e1nica que del volc\u00e1n\u00a0Xitle. Esta visita guiada tendr\u00e1 como nombre &#8216;<strong>Bajo la furia del volc\u00e1n.<\/strong><\/p>\n<p><strong>&#8216;<\/strong><b>Tlatelolco; muerte y surgimiento de una cultura&#8217; <\/b>se podr\u00e1 disfrutar\u00a0el\u00a0domingo <strong>20 de enero<\/strong>, en donde los\u00a0visitantes\u00a0conocer\u00e1n el museo de sitio y el templo de Santiago Tlatelolco. Este sitio fue\u00a0el \u00faltimo refugio que tuvo la defensa de M\u00e9xico Tenochtitl\u00e1n ante el ataque de los espa\u00f1oles y sus aliados ind\u00edgenas.<\/p>\n<p>Para el\u00a0\u00faltimo paseo de enero, el\u00a0<strong>domingo 27<\/strong>, se recorrer\u00e1 el sitio donde Hern\u00e1n Cort\u00e9s instal\u00f3 el primer Ayuntamiento de la ciudad: el centro de Coyoac\u00e1n. En este recorrido que lleva por nombre &#8216;<strong>La Villa de los conquistadores&#8217;<\/strong>,\u00a0las personas\u00a0caminar\u00e1n por el templo de San Juan Bautista\u00a0y la casa de Cort\u00e9s.<\/p>\n<p>Para conocer m\u00e1s sobre las visitas guiadas se puede ingresar a\u00a0<a href=\"https:\/\/www.facebook.com\/ProgramaPaseosHistoricos\/\">https:\/\/www.facebook.com\/ProgramaPaseosHistoricos\/<\/a><\/p>\n","protected":false},"excerpt":{"rendered":"<p>Las personas podr\u00e1n conocer el templo de San Juan Bautista, la casa de Cort\u00e9s, la zona arqueol\u00f3gica de Cuicuilco y el templo de Santiago Tlatelolco<\/p>\n","protected":false},"author":9,"featured_media":84568,"comment_status":"open","ping_status":"closed","sticky":false,"template":"","format":"standard","meta":{"om_disable_all_campaigns":false,"inline_featured_image":false,"_monsterinsights_skip_tracking":false,"_monsterinsights_sitenote_active":false,"_monsterinsights_sitenote_note":"","_monsterinsights_sitenote_category":0,"footnotes":""},"categories":[81,10585],"tags":[15153,1038,13586,15152,895,15154],"class_list":["post-84562","post","type-post","status-publish","format-standard","has-post-thumbnail","hentry","category-arquitectura-2","category-eventos","tag-casa-de-cortes","tag-coyoacan","tag-cuicuilco","tag-templo-de-san-juan-bautista","tag-tlatelolco","tag-zona-arqueologica-de-cuicuilco"],"yoast_head":"<!-- This site is optimized with the Yoast SEO plugin v27.4 - https:\/\/yoast.com\/product\/yoast-seo-wordpress\/ -->\n<title>Alistan recorridos gratuitos por patrimonio de Cuicuilco, Tlatelolco y Coyoac\u00e1n<\/title>\n<meta name=\"description\" content=\"Las personas podr\u00e1n conocer el templo de San Juan Bautista, la casa de Cort\u00e9s, la zona arqueol\u00f3gica de Cuicuilco y el templo de Santiago Tlatelolco\" \/>\n<meta name=\"robots\" content=\"index, follow, max-snippet:-1, max-image-preview:large, max-video-preview:-1\" \/>\n<link rel=\"canonical\" href=\"https:\/\/centrourbano.com\/revista\/arquitectura-2\/alistan-recorridos-gratuitos-por-patrimonio-de-cuicuilco-tlatelolco-y-coyoacan\/\" \/>\n<meta property=\"og:locale\" content=\"es_ES\" \/>\n<meta property=\"og:type\" content=\"article\" \/>\n<meta property=\"og:title\" content=\"Alistan recorridos gratuitos por patrimonio de Cuicuilco, Tlatelolco y Coyoac\u00e1n\" \/>\n<meta property=\"og:description\" content=\"Las personas podr\u00e1n conocer el templo de San Juan Bautista, la casa de Cort\u00e9s, la zona arqueol\u00f3gica de Cuicuilco y el templo de Santiago Tlatelolco\" \/>\n<meta property=\"og:url\" content=\"https:\/\/centrourbano.com\/revista\/arquitectura-2\/alistan-recorridos-gratuitos-por-patrimonio-de-cuicuilco-tlatelolco-y-coyoacan\/\" \/>\n<meta property=\"og:site_name\" content=\"Centro Urbano\" \/>\n<meta property=\"article:publisher\" content=\"https:\/\/www.facebook.com\/portalcentrourbano\" \/>\n<meta property=\"article:published_time\" content=\"2019-01-11T16:39:08+00:00\" \/>\n<meta property=\"article:modified_time\" content=\"2019-01-11T19:00:46+00:00\" \/>\n<meta property=\"og:image\" content=\"https:\/\/centrourbano.com\/revista\/wp-content\/uploads\/Alistan-recorridos-gratuitos-por-patrimonio-de-Cuicuilco-Tlatelolco-y-Coyoac\u00e1n.jpg\" \/>\n\t<meta property=\"og:image:width\" content=\"640\" \/>\n\t<meta property=\"og:image:height\" content=\"426\" \/>\n\t<meta property=\"og:image:type\" content=\"image\/jpeg\" \/>\n<meta name=\"author\" content=\"Dinorah Nava\" \/>\n<meta name=\"twitter:card\" content=\"summary_large_image\" \/>\n<meta name=\"twitter:creator\" content=\"@https:\/\/twitter.com\/Dinorah_Nava28\" \/>\n<meta name=\"twitter:site\" content=\"@CentroUrbano\" \/>\n<meta name=\"twitter:label1\" content=\"Escrito por\" \/>\n\t<meta name=\"twitter:data1\" content=\"Dinorah Nava\" \/>\n\t<meta name=\"twitter:label2\" content=\"Tiempo de lectura\" \/>\n\t<meta name=\"twitter:data2\" content=\"1 minuto\" \/>\n<script type=\"application\/ld+json\" class=\"yoast-schema-graph\">{\"@context\":\"https:\\\/\\\/schema.org\",\"@graph\":[{\"@type\":\"Article\",\"@id\":\"https:\\\/\\\/centrourbano.com\\\/revista\\\/arquitectura-2\\\/alistan-recorridos-gratuitos-por-patrimonio-de-cuicuilco-tlatelolco-y-coyoacan\\\/#article\",\"isPartOf\":{\"@id\":\"https:\\\/\\\/centrourbano.com\\\/revista\\\/arquitectura-2\\\/alistan-recorridos-gratuitos-por-patrimonio-de-cuicuilco-tlatelolco-y-coyoacan\\\/\"},\"author\":{\"name\":\"Dinorah Nava\",\"@id\":\"https:\\\/\\\/centrourbano.com\\\/revista\\\/#\\\/schema\\\/person\\\/b45db815d96831257ba428a3d5a5fbdc\"},\"headline\":\"Alistan recorridos gratuitos por patrimonio de Cuicuilco, Tlatelolco y Coyoac\u00e1n\",\"datePublished\":\"2019-01-11T16:39:08+00:00\",\"dateModified\":\"2019-01-11T19:00:46+00:00\",\"mainEntityOfPage\":{\"@id\":\"https:\\\/\\\/centrourbano.com\\\/revista\\\/arquitectura-2\\\/alistan-recorridos-gratuitos-por-patrimonio-de-cuicuilco-tlatelolco-y-coyoacan\\\/\"},\"wordCount\":271,\"commentCount\":0,\"publisher\":{\"@id\":\"https:\\\/\\\/centrourbano.com\\\/revista\\\/#organization\"},\"image\":{\"@id\":\"https:\\\/\\\/centrourbano.com\\\/revista\\\/arquitectura-2\\\/alistan-recorridos-gratuitos-por-patrimonio-de-cuicuilco-tlatelolco-y-coyoacan\\\/#primaryimage\"},\"thumbnailUrl\":\"https:\\\/\\\/centrourbano.com\\\/revista\\\/wp-content\\\/uploads\\\/Alistan-recorridos-gratuitos-por-patrimonio-de-Cuicuilco-Tlatelolco-y-Coyoac\u00e1n.jpg\",\"keywords\":[\"casa de Cort\u00e9s\",\"Coyoac\u00e1n\",\"Cuicuilco\",\"templo de San Juan Bautista\",\"Tlatelolco\",\"zona arqueol\u00f3gica de Cuicuilco\"],\"articleSection\":[\"Arquitectura\",\"Eventos\"],\"inLanguage\":\"es\",\"potentialAction\":[{\"@type\":\"CommentAction\",\"name\":\"Comment\",\"target\":[\"https:\\\/\\\/centrourbano.com\\\/revista\\\/arquitectura-2\\\/alistan-recorridos-gratuitos-por-patrimonio-de-cuicuilco-tlatelolco-y-coyoacan\\\/#respond\"]}]},{\"@type\":\"WebPage\",\"@id\":\"https:\\\/\\\/centrourbano.com\\\/revista\\\/arquitectura-2\\\/alistan-recorridos-gratuitos-por-patrimonio-de-cuicuilco-tlatelolco-y-coyoacan\\\/\",\"url\":\"https:\\\/\\\/centrourbano.com\\\/revista\\\/arquitectura-2\\\/alistan-recorridos-gratuitos-por-patrimonio-de-cuicuilco-tlatelolco-y-coyoacan\\\/\",\"name\":\"Alistan recorridos gratuitos por patrimonio de Cuicuilco, Tlatelolco y Coyoac\u00e1n\",\"isPartOf\":{\"@id\":\"https:\\\/\\\/centrourbano.com\\\/revista\\\/#website\"},\"primaryImageOfPage\":{\"@id\":\"https:\\\/\\\/centrourbano.com\\\/revista\\\/arquitectura-2\\\/alistan-recorridos-gratuitos-por-patrimonio-de-cuicuilco-tlatelolco-y-coyoacan\\\/#primaryimage\"},\"image\":{\"@id\":\"https:\\\/\\\/centrourbano.com\\\/revista\\\/arquitectura-2\\\/alistan-recorridos-gratuitos-por-patrimonio-de-cuicuilco-tlatelolco-y-coyoacan\\\/#primaryimage\"},\"thumbnailUrl\":\"https:\\\/\\\/centrourbano.com\\\/revista\\\/wp-content\\\/uploads\\\/Alistan-recorridos-gratuitos-por-patrimonio-de-Cuicuilco-Tlatelolco-y-Coyoac\u00e1n.jpg\",\"datePublished\":\"2019-01-11T16:39:08+00:00\",\"dateModified\":\"2019-01-11T19:00:46+00:00\",\"description\":\"Las personas podr\u00e1n conocer el templo de San Juan Bautista, la casa de Cort\u00e9s, la zona arqueol\u00f3gica de Cuicuilco y el templo de Santiago Tlatelolco\",\"breadcrumb\":{\"@id\":\"https:\\\/\\\/centrourbano.com\\\/revista\\\/arquitectura-2\\\/alistan-recorridos-gratuitos-por-patrimonio-de-cuicuilco-tlatelolco-y-coyoacan\\\/#breadcrumb\"},\"inLanguage\":\"es\",\"potentialAction\":[{\"@type\":\"ReadAction\",\"target\":[\"https:\\\/\\\/centrourbano.com\\\/revista\\\/arquitectura-2\\\/alistan-recorridos-gratuitos-por-patrimonio-de-cuicuilco-tlatelolco-y-coyoacan\\\/\"]}]},{\"@type\":\"ImageObject\",\"inLanguage\":\"es\",\"@id\":\"https:\\\/\\\/centrourbano.com\\\/revista\\\/arquitectura-2\\\/alistan-recorridos-gratuitos-por-patrimonio-de-cuicuilco-tlatelolco-y-coyoacan\\\/#primaryimage\",\"url\":\"https:\\\/\\\/centrourbano.com\\\/revista\\\/wp-content\\\/uploads\\\/Alistan-recorridos-gratuitos-por-patrimonio-de-Cuicuilco-Tlatelolco-y-Coyoac\u00e1n.jpg\",\"contentUrl\":\"https:\\\/\\\/centrourbano.com\\\/revista\\\/wp-content\\\/uploads\\\/Alistan-recorridos-gratuitos-por-patrimonio-de-Cuicuilco-Tlatelolco-y-Coyoac\u00e1n.jpg\",\"width\":640,\"height\":426,\"caption\":\"Las personas podr\u00e1n conocer el templo de San Juan Bautista, la casa de Cort\u00e9s, la zona arqueol\u00f3gica de Cuicuilco y el templo de Santiago Tlatelolco\"},{\"@type\":\"BreadcrumbList\",\"@id\":\"https:\\\/\\\/centrourbano.com\\\/revista\\\/arquitectura-2\\\/alistan-recorridos-gratuitos-por-patrimonio-de-cuicuilco-tlatelolco-y-coyoacan\\\/#breadcrumb\",\"itemListElement\":[{\"@type\":\"ListItem\",\"position\":1,\"name\":\"Portada\",\"item\":\"https:\\\/\\\/centrourbano.com\\\/revista\\\/\"},{\"@type\":\"ListItem\",\"position\":2,\"name\":\"Alistan recorridos gratuitos por patrimonio de Cuicuilco, Tlatelolco y Coyoac\u00e1n\"}]},{\"@type\":\"WebSite\",\"@id\":\"https:\\\/\\\/centrourbano.com\\\/revista\\\/#website\",\"url\":\"https:\\\/\\\/centrourbano.com\\\/revista\\\/\",\"name\":\"Centro Urbano\",\"description\":\"Medio especializado en los sectores vivienda, inmobiliario, construcci\u00f3n, arquitectura y urbanismo.\",\"publisher\":{\"@id\":\"https:\\\/\\\/centrourbano.com\\\/revista\\\/#organization\"},\"potentialAction\":[{\"@type\":\"SearchAction\",\"target\":{\"@type\":\"EntryPoint\",\"urlTemplate\":\"https:\\\/\\\/centrourbano.com\\\/revista\\\/?s={search_term_string}\"},\"query-input\":{\"@type\":\"PropertyValueSpecification\",\"valueRequired\":true,\"valueName\":\"search_term_string\"}}],\"inLanguage\":\"es\"},{\"@type\":\"Organization\",\"@id\":\"https:\\\/\\\/centrourbano.com\\\/revista\\\/#organization\",\"name\":\"Centro Urbano\",\"url\":\"https:\\\/\\\/centrourbano.com\\\/revista\\\/\",\"logo\":{\"@type\":\"ImageObject\",\"inLanguage\":\"es\",\"@id\":\"https:\\\/\\\/centrourbano.com\\\/revista\\\/#\\\/schema\\\/logo\\\/image\\\/\",\"url\":\"https:\\\/\\\/centrourbano.com\\\/revista\\\/wp-content\\\/uploads\\\/web_CU_logo-1.png\",\"contentUrl\":\"https:\\\/\\\/centrourbano.com\\\/revista\\\/wp-content\\\/uploads\\\/web_CU_logo-1.png\",\"width\":350,\"height\":91,\"caption\":\"Centro Urbano\"},\"image\":{\"@id\":\"https:\\\/\\\/centrourbano.com\\\/revista\\\/#\\\/schema\\\/logo\\\/image\\\/\"},\"sameAs\":[\"https:\\\/\\\/www.facebook.com\\\/portalcentrourbano\",\"https:\\\/\\\/x.com\\\/CentroUrbano\",\"https:\\\/\\\/www.instagram.com\\\/centro_urbano\\\/\",\"https:\\\/\\\/www.linkedin.com\\\/company\\\/centro-urbano\\\/\",\"http:\\\/\\\/www.youtube.com\\\/user\\\/portalcentrourbano\"]},{\"@type\":\"Person\",\"@id\":\"https:\\\/\\\/centrourbano.com\\\/revista\\\/#\\\/schema\\\/person\\\/b45db815d96831257ba428a3d5a5fbdc\",\"name\":\"Dinorah Nava\",\"image\":{\"@type\":\"ImageObject\",\"inLanguage\":\"es\",\"@id\":\"https:\\\/\\\/secure.gravatar.com\\\/avatar\\\/f6ca6430c51d147f363940f84e1225aa4b8183885c11802cc3b042305a4ecc1a?s=96&d=mm&r=g\",\"url\":\"https:\\\/\\\/secure.gravatar.com\\\/avatar\\\/f6ca6430c51d147f363940f84e1225aa4b8183885c11802cc3b042305a4ecc1a?s=96&d=mm&r=g\",\"contentUrl\":\"https:\\\/\\\/secure.gravatar.com\\\/avatar\\\/f6ca6430c51d147f363940f84e1225aa4b8183885c11802cc3b042305a4ecc1a?s=96&d=mm&r=g\",\"caption\":\"Dinorah Nava\"},\"description\":\"Editora de Contenidos y Estrategias Digitales en Centro Urbano y Coeditora en Peri\u00f3dico Mi Casa. Egresada de la licenciatura en Comunicaci\u00f3n y Periodismo de la Facultad de Estudios Superiores Arag\u00f3n (UNAM). Amante de la edici\u00f3n y correcci\u00f3n de estilo, las redes sociales y el mundo digital. Especialista en temas son arquitectura, inmobiliario y urbanismo.\",\"sameAs\":[\"linkedin.com\\\/in\\\/dinorah-nava\",\"https:\\\/\\\/x.com\\\/https:\\\/\\\/twitter.com\\\/Dinorah_Nava28\"],\"url\":\"https:\\\/\\\/centrourbano.com\\\/revista\\\/author\\\/dinorah-nava\\\/\"}]}<\/script>\n<!-- \/ Yoast SEO plugin. -->","yoast_head_json":{"title":"Alistan recorridos gratuitos por patrimonio de Cuicuilco, Tlatelolco y Coyoac\u00e1n","description":"Las personas podr\u00e1n conocer el templo de San Juan Bautista, la casa de Cort\u00e9s, la zona arqueol\u00f3gica de Cuicuilco y el templo de Santiago Tlatelolco","robots":{"index":"index","follow":"follow","max-snippet":"max-snippet:-1","max-image-preview":"max-image-preview:large","max-video-preview":"max-video-preview:-1"},"canonical":"https:\/\/centrourbano.com\/revista\/arquitectura-2\/alistan-recorridos-gratuitos-por-patrimonio-de-cuicuilco-tlatelolco-y-coyoacan\/","og_locale":"es_ES","og_type":"article","og_title":"Alistan recorridos gratuitos por patrimonio de Cuicuilco, Tlatelolco y Coyoac\u00e1n","og_description":"Las personas podr\u00e1n conocer el templo de San Juan Bautista, la casa de Cort\u00e9s, la zona arqueol\u00f3gica de Cuicuilco y el templo de Santiago Tlatelolco","og_url":"https:\/\/centrourbano.com\/revista\/arquitectura-2\/alistan-recorridos-gratuitos-por-patrimonio-de-cuicuilco-tlatelolco-y-coyoacan\/","og_site_name":"Centro Urbano","article_publisher":"https:\/\/www.facebook.com\/portalcentrourbano","article_published_time":"2019-01-11T16:39:08+00:00","article_modified_time":"2019-01-11T19:00:46+00:00","og_image":[{"width":640,"height":426,"url":"https:\/\/centrourbano.com\/revista\/wp-content\/uploads\/Alistan-recorridos-gratuitos-por-patrimonio-de-Cuicuilco-Tlatelolco-y-Coyoac\u00e1n.jpg","type":"image\/jpeg"}],"author":"Dinorah Nava","twitter_card":"summary_large_image","twitter_creator":"@https:\/\/twitter.com\/Dinorah_Nava28","twitter_site":"@CentroUrbano","twitter_misc":{"Escrito por":"Dinorah Nava","Tiempo de lectura":"1 minuto"},"schema":{"@context":"https:\/\/schema.org","@graph":[{"@type":"Article","@id":"https:\/\/centrourbano.com\/revista\/arquitectura-2\/alistan-recorridos-gratuitos-por-patrimonio-de-cuicuilco-tlatelolco-y-coyoacan\/#article","isPartOf":{"@id":"https:\/\/centrourbano.com\/revista\/arquitectura-2\/alistan-recorridos-gratuitos-por-patrimonio-de-cuicuilco-tlatelolco-y-coyoacan\/"},"author":{"name":"Dinorah Nava","@id":"https:\/\/centrourbano.com\/revista\/#\/schema\/person\/b45db815d96831257ba428a3d5a5fbdc"},"headline":"Alistan recorridos gratuitos por patrimonio de Cuicuilco, Tlatelolco y Coyoac\u00e1n","datePublished":"2019-01-11T16:39:08+00:00","dateModified":"2019-01-11T19:00:46+00:00","mainEntityOfPage":{"@id":"https:\/\/centrourbano.com\/revista\/arquitectura-2\/alistan-recorridos-gratuitos-por-patrimonio-de-cuicuilco-tlatelolco-y-coyoacan\/"},"wordCount":271,"commentCount":0,"publisher":{"@id":"https:\/\/centrourbano.com\/revista\/#organization"},"image":{"@id":"https:\/\/centrourbano.com\/revista\/arquitectura-2\/alistan-recorridos-gratuitos-por-patrimonio-de-cuicuilco-tlatelolco-y-coyoacan\/#primaryimage"},"thumbnailUrl":"https:\/\/centrourbano.com\/revista\/wp-content\/uploads\/Alistan-recorridos-gratuitos-por-patrimonio-de-Cuicuilco-Tlatelolco-y-Coyoac\u00e1n.jpg","keywords":["casa de Cort\u00e9s","Coyoac\u00e1n","Cuicuilco","templo de San Juan Bautista","Tlatelolco","zona arqueol\u00f3gica de Cuicuilco"],"articleSection":["Arquitectura","Eventos"],"inLanguage":"es","potentialAction":[{"@type":"CommentAction","name":"Comment","target":["https:\/\/centrourbano.com\/revista\/arquitectura-2\/alistan-recorridos-gratuitos-por-patrimonio-de-cuicuilco-tlatelolco-y-coyoacan\/#respond"]}]},{"@type":"WebPage","@id":"https:\/\/centrourbano.com\/revista\/arquitectura-2\/alistan-recorridos-gratuitos-por-patrimonio-de-cuicuilco-tlatelolco-y-coyoacan\/","url":"https:\/\/centrourbano.com\/revista\/arquitectura-2\/alistan-recorridos-gratuitos-por-patrimonio-de-cuicuilco-tlatelolco-y-coyoacan\/","name":"Alistan recorridos gratuitos por patrimonio de Cuicuilco, Tlatelolco y Coyoac\u00e1n","isPartOf":{"@id":"https:\/\/centrourbano.com\/revista\/#website"},"primaryImageOfPage":{"@id":"https:\/\/centrourbano.com\/revista\/arquitectura-2\/alistan-recorridos-gratuitos-por-patrimonio-de-cuicuilco-tlatelolco-y-coyoacan\/#primaryimage"},"image":{"@id":"https:\/\/centrourbano.com\/revista\/arquitectura-2\/alistan-recorridos-gratuitos-por-patrimonio-de-cuicuilco-tlatelolco-y-coyoacan\/#primaryimage"},"thumbnailUrl":"https:\/\/centrourbano.com\/revista\/wp-content\/uploads\/Alistan-recorridos-gratuitos-por-patrimonio-de-Cuicuilco-Tlatelolco-y-Coyoac\u00e1n.jpg","datePublished":"2019-01-11T16:39:08+00:00","dateModified":"2019-01-11T19:00:46+00:00","description":"Las personas podr\u00e1n conocer el templo de San Juan Bautista, la casa de Cort\u00e9s, la zona arqueol\u00f3gica de Cuicuilco y el templo de Santiago Tlatelolco","breadcrumb":{"@id":"https:\/\/centrourbano.com\/revista\/arquitectura-2\/alistan-recorridos-gratuitos-por-patrimonio-de-cuicuilco-tlatelolco-y-coyoacan\/#breadcrumb"},"inLanguage":"es","potentialAction":[{"@type":"ReadAction","target":["https:\/\/centrourbano.com\/revista\/arquitectura-2\/alistan-recorridos-gratuitos-por-patrimonio-de-cuicuilco-tlatelolco-y-coyoacan\/"]}]},{"@type":"ImageObject","inLanguage":"es","@id":"https:\/\/centrourbano.com\/revista\/arquitectura-2\/alistan-recorridos-gratuitos-por-patrimonio-de-cuicuilco-tlatelolco-y-coyoacan\/#primaryimage","url":"https:\/\/centrourbano.com\/revista\/wp-content\/uploads\/Alistan-recorridos-gratuitos-por-patrimonio-de-Cuicuilco-Tlatelolco-y-Coyoac\u00e1n.jpg","contentUrl":"https:\/\/centrourbano.com\/revista\/wp-content\/uploads\/Alistan-recorridos-gratuitos-por-patrimonio-de-Cuicuilco-Tlatelolco-y-Coyoac\u00e1n.jpg","width":640,"height":426,"caption":"Las personas podr\u00e1n conocer el templo de San Juan Bautista, la casa de Cort\u00e9s, la zona arqueol\u00f3gica de Cuicuilco y el templo de Santiago Tlatelolco"},{"@type":"BreadcrumbList","@id":"https:\/\/centrourbano.com\/revista\/arquitectura-2\/alistan-recorridos-gratuitos-por-patrimonio-de-cuicuilco-tlatelolco-y-coyoacan\/#breadcrumb","itemListElement":[{"@type":"ListItem","position":1,"name":"Portada","item":"https:\/\/centrourbano.com\/revista\/"},{"@type":"ListItem","position":2,"name":"Alistan recorridos gratuitos por patrimonio de Cuicuilco, Tlatelolco y Coyoac\u00e1n"}]},{"@type":"WebSite","@id":"https:\/\/centrourbano.com\/revista\/#website","url":"https:\/\/centrourbano.com\/revista\/","name":"Centro Urbano","description":"Medio especializado en los sectores vivienda, inmobiliario, construcci\u00f3n, arquitectura y urbanismo.","publisher":{"@id":"https:\/\/centrourbano.com\/revista\/#organization"},"potentialAction":[{"@type":"SearchAction","target":{"@type":"EntryPoint","urlTemplate":"https:\/\/centrourbano.com\/revista\/?s={search_term_string}"},"query-input":{"@type":"PropertyValueSpecification","valueRequired":true,"valueName":"search_term_string"}}],"inLanguage":"es"},{"@type":"Organization","@id":"https:\/\/centrourbano.com\/revista\/#organization","name":"Centro Urbano","url":"https:\/\/centrourbano.com\/revista\/","logo":{"@type":"ImageObject","inLanguage":"es","@id":"https:\/\/centrourbano.com\/revista\/#\/schema\/logo\/image\/","url":"https:\/\/centrourbano.com\/revista\/wp-content\/uploads\/web_CU_logo-1.png","contentUrl":"https:\/\/centrourbano.com\/revista\/wp-content\/uploads\/web_CU_logo-1.png","width":350,"height":91,"caption":"Centro Urbano"},"image":{"@id":"https:\/\/centrourbano.com\/revista\/#\/schema\/logo\/image\/"},"sameAs":["https:\/\/www.facebook.com\/portalcentrourbano","https:\/\/x.com\/CentroUrbano","https:\/\/www.instagram.com\/centro_urbano\/","https:\/\/www.linkedin.com\/company\/centro-urbano\/","http:\/\/www.youtube.com\/user\/portalcentrourbano"]},{"@type":"Person","@id":"https:\/\/centrourbano.com\/revista\/#\/schema\/person\/b45db815d96831257ba428a3d5a5fbdc","name":"Dinorah Nava","image":{"@type":"ImageObject","inLanguage":"es","@id":"https:\/\/secure.gravatar.com\/avatar\/f6ca6430c51d147f363940f84e1225aa4b8183885c11802cc3b042305a4ecc1a?s=96&d=mm&r=g","url":"https:\/\/secure.gravatar.com\/avatar\/f6ca6430c51d147f363940f84e1225aa4b8183885c11802cc3b042305a4ecc1a?s=96&d=mm&r=g","contentUrl":"https:\/\/secure.gravatar.com\/avatar\/f6ca6430c51d147f363940f84e1225aa4b8183885c11802cc3b042305a4ecc1a?s=96&d=mm&r=g","caption":"Dinorah Nava"},"description":"Editora de Contenidos y Estrategias Digitales en Centro Urbano y Coeditora en Peri\u00f3dico Mi Casa. Egresada de la licenciatura en Comunicaci\u00f3n y Periodismo de la Facultad de Estudios Superiores Arag\u00f3n (UNAM). Amante de la edici\u00f3n y correcci\u00f3n de estilo, las redes sociales y el mundo digital. Especialista en temas son arquitectura, inmobiliario y urbanismo.","sameAs":["linkedin.com\/in\/dinorah-nava","https:\/\/x.com\/https:\/\/twitter.com\/Dinorah_Nava28"],"url":"https:\/\/centrourbano.com\/revista\/author\/dinorah-nava\/"}]}},"_links":{"self":[{"href":"https:\/\/centrourbano.com\/revista\/wp-json\/wp\/v2\/posts\/84562","targetHints":{"allow":["GET"]}}],"collection":[{"href":"https:\/\/centrourbano.com\/revista\/wp-json\/wp\/v2\/posts"}],"about":[{"href":"https:\/\/centrourbano.com\/revista\/wp-json\/wp\/v2\/types\/post"}],"author":[{"embeddable":true,"href":"https:\/\/centrourbano.com\/revista\/wp-json\/wp\/v2\/users\/9"}],"replies":[{"embeddable":true,"href":"https:\/\/centrourbano.com\/revista\/wp-json\/wp\/v2\/comments?post=84562"}],"version-history":[{"count":3,"href":"https:\/\/centrourbano.com\/revista\/wp-json\/wp\/v2\/posts\/84562\/revisions"}],"predecessor-version":[{"id":84571,"href":"https:\/\/centrourbano.com\/revista\/wp-json\/wp\/v2\/posts\/84562\/revisions\/84571"}],"wp:featuredmedia":[{"embeddable":true,"href":"https:\/\/centrourbano.com\/revista\/wp-json\/wp\/v2\/media\/84568"}],"wp:attachment":[{"href":"https:\/\/centrourbano.com\/revista\/wp-json\/wp\/v2\/media?parent=84562"}],"wp:term":[{"taxonomy":"category","embeddable":true,"href":"https:\/\/centrourbano.com\/revista\/wp-json\/wp\/v2\/categories?post=84562"},{"taxonomy":"post_tag","embeddable":true,"href":"https:\/\/centrourbano.com\/revista\/wp-json\/wp\/v2\/tags?post=84562"}],"curies":[{"name":"wp","href":"https:\/\/api.w.org\/{rel}","templated":true}]}}