{"id":84506,"date":"2019-01-10T15:10:18","date_gmt":"2019-01-10T21:10:18","guid":{"rendered":"https:\/\/centrourbano.com\/?p=84506"},"modified":"2019-01-10T15:13:36","modified_gmt":"2019-01-10T21:13:36","slug":"corporativos-se-mudan-a-oficinas-clase-a-en-cdmx","status":"publish","type":"post","link":"https:\/\/centrourbano.com\/revista\/inmobiliario\/corporativos-se-mudan-a-oficinas-clase-a-en-cdmx\/","title":{"rendered":"Corporativos se mudan a oficinas Clase A en CDMX"},"content":{"rendered":"<p><em>Corredores como Reforma e Insurgentes est\u00e1n migrando a estos espacios por sus precios atractivos y ser edificios nuevos de alto perfil\u00a0<\/em><!--more--><\/p>\n<p>A pesar de la volatilidad manifestada en diferentes eventos del a\u00f1o pasado, la demanda de espacios de oficinas tuvo un desempe\u00f1o sobresaliente al cierre del cuarto trimestre de 2018, de acuerdo con datos de de la consultora inmobiliaria <strong><a href=\"http:\/\/www.cushmanwakefield.mx\/es-mx\" target=\"_blank\" rel=\"noopener noreferrer\">Cushman &amp; Wakefield<\/a>.<\/strong><\/p>\n<p>De acuerdo con la firma, el inventario de<strong> oficinas Clase A<\/strong> en la capital registr\u00f3 un total de <strong>6 millones 474,450 metros cuadrados<\/strong> (m\u00b2) y una absorci\u00f3n neta de 448,149\u00a0m\u00b2, cifras que muestran una tendencia de preferencia frente a otros espacios de oficinas.\u00a0<a href=\"https:\/\/centrourbano.com\/revista\/wp-content\/uploads\/Clase.png\" target=\"_blank\" rel=\"noopener noreferrer\"><img loading=\"lazy\" decoding=\"async\" class=\" wp-image-84510 alignright\" src=\"https:\/\/centrourbano.com\/revista\/wp-content\/uploads\/Clase-300x66.png\" alt=\"\" width=\"332\" height=\"73\" srcset=\"https:\/\/centrourbano.com\/revista\/wp-content\/uploads\/Clase-300x66.png 300w, https:\/\/centrourbano.com\/revista\/wp-content\/uploads\/Clase-768x169.png 768w, https:\/\/centrourbano.com\/revista\/wp-content\/uploads\/Clase-1024x225.png 1024w, https:\/\/centrourbano.com\/revista\/wp-content\/uploads\/Clase.png 1594w\" sizes=\"auto, (max-width: 332px) 100vw, 332px\" \/><\/a><\/p>\n<p>\u00abEs particularmente interesante observar la continua mudanza hacia espacios de mayor calidad, lo que ha hecho a la Ciudad de M\u00e9xico un lugar donde una importante absorci\u00f3n positiva en edificios Clase A se presenta en paralelo con una <strong>absorci\u00f3n<\/strong> negativa de edificios Clase B y C\u00bb, se\u00f1ala la firma en el documento.<\/p>\n<p>Este fen\u00f3meno, indica la consultora, estuvo presente en la mayor\u00eda de los <strong>submercados<\/strong>, pero fue m\u00e1s evidente en \u00e1reas de mayor antig\u00fcedad, como <strong>Reforma e Insurgentes<\/strong>, principalmente por la combinaci\u00f3n de precios atractivos con edificios nuevos de alto perfil,<\/p>\n<a href=\"https:\/\/centrourbano.com\/revista\/wp-content\/uploads\/tabla-1.png\" target=\"_blank\" rel=\"noopener noreferrer\"><img loading=\"lazy\" decoding=\"async\" class=\"size-medium wp-image-84511 aligncenter\" src=\"https:\/\/centrourbano.com\/revista\/wp-content\/uploads\/tabla-1-300x169.png\" alt=\"\" width=\"300\" height=\"169\" srcset=\"https:\/\/centrourbano.com\/revista\/wp-content\/uploads\/tabla-1-300x169.png 300w, https:\/\/centrourbano.com\/revista\/wp-content\/uploads\/tabla-1-768x433.png 768w, https:\/\/centrourbano.com\/revista\/wp-content\/uploads\/tabla-1-1024x577.png 1024w, https:\/\/centrourbano.com\/revista\/wp-content\/uploads\/tabla-1.png 1598w\" sizes=\"auto, (max-width: 300px) 100vw, 300px\" \/><\/a>\n<p>Cushman\u00a0indic\u00f3 que durante el 2018 se entregaron <strong>659,200 m\u00b2 de nuevos edificios<\/strong> de oficinas,\u00a063.1% m\u00e1s que el promedio de los cinco a\u00f1os anteriores, pero el volumen de edificios en construcci\u00f3n es hoy 35.3% menor al de hace un a\u00f1o.<\/p>\n<p>El sector gobierno y los servicios financieros mantuvieron\u00a0el\u00a0liderazgo, mientras que las empresas de tecnolog\u00eda y la industria de la comunicaci\u00f3n continuaron su ascenso como grandes usuarios de oficinas.<\/p>\n","protected":false},"excerpt":{"rendered":"<p>Corredores como Reforma e Insurgentes est\u00e1n migrando a estos espacios por sus precios atractivos y ser edificios nuevos de alto perfil\u00a0<\/p>\n","protected":false},"author":69,"featured_media":84513,"comment_status":"open","ping_status":"closed","sticky":false,"template":"","format":"standard","meta":{"om_disable_all_campaigns":false,"inline_featured_image":false,"_monsterinsights_skip_tracking":false,"_monsterinsights_sitenote_active":false,"_monsterinsights_sitenote_note":"","_monsterinsights_sitenote_category":0,"footnotes":""},"categories":[15],"tags":[2370,4662,2101,2625,15151,2153,58,193,15150],"class_list":["post-84506","post","type-post","status-publish","format-standard","has-post-thumbnail","hentry","category-inmobiliario","tag-clase-a","tag-corporativos","tag-corredor","tag-cushman-wakefield","tag-edificios-de-alto-perfil","tag-insurgentes","tag-oficinas","tag-reforma","tag-sumercados"],"yoast_head":"<!-- This site is optimized with the Yoast SEO plugin v27.5 - https:\/\/yoast.com\/product\/yoast-seo-wordpress\/ -->\n<title>Corporativos se mudan a oficinas Clase A en CDMX<\/title>\n<meta name=\"description\" content=\"Corredores como Reforma e Insurgentes est\u00e1n migrando a estos espacios por sus precios atractivos y ser edificios nuevos de alto perfil\" \/>\n<meta name=\"robots\" content=\"index, follow, max-snippet:-1, max-image-preview:large, max-video-preview:-1\" \/>\n<link rel=\"canonical\" href=\"https:\/\/centrourbano.com\/revista\/inmobiliario\/corporativos-se-mudan-a-oficinas-clase-a-en-cdmx\/\" \/>\n<meta property=\"og:locale\" content=\"es_ES\" \/>\n<meta property=\"og:type\" content=\"article\" \/>\n<meta property=\"og:title\" content=\"Corporativos se mudan a oficinas Clase A en CDMX\" \/>\n<meta property=\"og:description\" content=\"Corredores como Reforma e Insurgentes est\u00e1n migrando a estos espacios por sus precios atractivos y ser edificios nuevos de alto perfil\" \/>\n<meta property=\"og:url\" content=\"https:\/\/centrourbano.com\/revista\/inmobiliario\/corporativos-se-mudan-a-oficinas-clase-a-en-cdmx\/\" \/>\n<meta property=\"og:site_name\" content=\"Centro Urbano\" \/>\n<meta property=\"article:publisher\" content=\"https:\/\/www.facebook.com\/portalcentrourbano\" \/>\n<meta property=\"article:published_time\" content=\"2019-01-10T21:10:18+00:00\" \/>\n<meta property=\"article:modified_time\" content=\"2019-01-10T21:13:36+00:00\" \/>\n<meta property=\"og:image\" content=\"https:\/\/centrourbano.com\/revista\/wp-content\/uploads\/ProjectHeaderTorre-Reforma-Mexico-City-c-Torre-Reforma1.jpg\" \/>\n\t<meta property=\"og:image:width\" content=\"2000\" \/>\n\t<meta property=\"og:image:height\" content=\"1125\" \/>\n\t<meta property=\"og:image:type\" content=\"image\/jpeg\" \/>\n<meta name=\"author\" content=\"Fernando Navarrete\" \/>\n<meta name=\"twitter:card\" content=\"summary_large_image\" \/>\n<meta name=\"twitter:creator\" content=\"@CentroUrbano\" \/>\n<meta name=\"twitter:site\" content=\"@CentroUrbano\" \/>\n<meta name=\"twitter:label1\" content=\"Escrito por\" \/>\n\t<meta name=\"twitter:data1\" content=\"Fernando Navarrete\" \/>\n\t<meta name=\"twitter:label2\" content=\"Tiempo de lectura\" \/>\n\t<meta name=\"twitter:data2\" content=\"1 minuto\" \/>\n<script type=\"application\/ld+json\" class=\"yoast-schema-graph\">{\"@context\":\"https:\\\/\\\/schema.org\",\"@graph\":[{\"@type\":\"Article\",\"@id\":\"https:\\\/\\\/centrourbano.com\\\/revista\\\/inmobiliario\\\/corporativos-se-mudan-a-oficinas-clase-a-en-cdmx\\\/#article\",\"isPartOf\":{\"@id\":\"https:\\\/\\\/centrourbano.com\\\/revista\\\/inmobiliario\\\/corporativos-se-mudan-a-oficinas-clase-a-en-cdmx\\\/\"},\"author\":{\"name\":\"Fernando Navarrete\",\"@id\":\"https:\\\/\\\/centrourbano.com\\\/revista\\\/#\\\/schema\\\/person\\\/515c32d01ece40d20a7ed3fdf34051af\"},\"headline\":\"Corporativos se mudan a oficinas Clase A en CDMX\",\"datePublished\":\"2019-01-10T21:10:18+00:00\",\"dateModified\":\"2019-01-10T21:13:36+00:00\",\"mainEntityOfPage\":{\"@id\":\"https:\\\/\\\/centrourbano.com\\\/revista\\\/inmobiliario\\\/corporativos-se-mudan-a-oficinas-clase-a-en-cdmx\\\/\"},\"wordCount\":288,\"commentCount\":0,\"publisher\":{\"@id\":\"https:\\\/\\\/centrourbano.com\\\/revista\\\/#organization\"},\"image\":{\"@id\":\"https:\\\/\\\/centrourbano.com\\\/revista\\\/inmobiliario\\\/corporativos-se-mudan-a-oficinas-clase-a-en-cdmx\\\/#primaryimage\"},\"thumbnailUrl\":\"https:\\\/\\\/centrourbano.com\\\/revista\\\/wp-content\\\/uploads\\\/ProjectHeaderTorre-Reforma-Mexico-City-c-Torre-Reforma1.jpg\",\"keywords\":[\"clase A\",\"corporativos\",\"Corredor\",\"Cushman &amp; Wakefield\",\"Edificios de alto perfil\",\"Insurgentes\",\"oficinas\",\"reforma\",\"Sumercados\"],\"articleSection\":[\"Inmobiliario\"],\"inLanguage\":\"es\",\"potentialAction\":[{\"@type\":\"CommentAction\",\"name\":\"Comment\",\"target\":[\"https:\\\/\\\/centrourbano.com\\\/revista\\\/inmobiliario\\\/corporativos-se-mudan-a-oficinas-clase-a-en-cdmx\\\/#respond\"]}]},{\"@type\":\"WebPage\",\"@id\":\"https:\\\/\\\/centrourbano.com\\\/revista\\\/inmobiliario\\\/corporativos-se-mudan-a-oficinas-clase-a-en-cdmx\\\/\",\"url\":\"https:\\\/\\\/centrourbano.com\\\/revista\\\/inmobiliario\\\/corporativos-se-mudan-a-oficinas-clase-a-en-cdmx\\\/\",\"name\":\"Corporativos se mudan a oficinas Clase A en CDMX\",\"isPartOf\":{\"@id\":\"https:\\\/\\\/centrourbano.com\\\/revista\\\/#website\"},\"primaryImageOfPage\":{\"@id\":\"https:\\\/\\\/centrourbano.com\\\/revista\\\/inmobiliario\\\/corporativos-se-mudan-a-oficinas-clase-a-en-cdmx\\\/#primaryimage\"},\"image\":{\"@id\":\"https:\\\/\\\/centrourbano.com\\\/revista\\\/inmobiliario\\\/corporativos-se-mudan-a-oficinas-clase-a-en-cdmx\\\/#primaryimage\"},\"thumbnailUrl\":\"https:\\\/\\\/centrourbano.com\\\/revista\\\/wp-content\\\/uploads\\\/ProjectHeaderTorre-Reforma-Mexico-City-c-Torre-Reforma1.jpg\",\"datePublished\":\"2019-01-10T21:10:18+00:00\",\"dateModified\":\"2019-01-10T21:13:36+00:00\",\"description\":\"Corredores como Reforma e Insurgentes est\u00e1n migrando a estos espacios por sus precios atractivos y ser edificios nuevos de alto perfil\",\"breadcrumb\":{\"@id\":\"https:\\\/\\\/centrourbano.com\\\/revista\\\/inmobiliario\\\/corporativos-se-mudan-a-oficinas-clase-a-en-cdmx\\\/#breadcrumb\"},\"inLanguage\":\"es\",\"potentialAction\":[{\"@type\":\"ReadAction\",\"target\":[\"https:\\\/\\\/centrourbano.com\\\/revista\\\/inmobiliario\\\/corporativos-se-mudan-a-oficinas-clase-a-en-cdmx\\\/\"]}]},{\"@type\":\"ImageObject\",\"inLanguage\":\"es\",\"@id\":\"https:\\\/\\\/centrourbano.com\\\/revista\\\/inmobiliario\\\/corporativos-se-mudan-a-oficinas-clase-a-en-cdmx\\\/#primaryimage\",\"url\":\"https:\\\/\\\/centrourbano.com\\\/revista\\\/wp-content\\\/uploads\\\/ProjectHeaderTorre-Reforma-Mexico-City-c-Torre-Reforma1.jpg\",\"contentUrl\":\"https:\\\/\\\/centrourbano.com\\\/revista\\\/wp-content\\\/uploads\\\/ProjectHeaderTorre-Reforma-Mexico-City-c-Torre-Reforma1.jpg\",\"width\":2000,\"height\":1125,\"caption\":\"Corredores como Reforma e Insurgentes est\u00e1n migrando a estos espacios por sus precios atractivos y ser edificios nuevos de alto perfil\"},{\"@type\":\"BreadcrumbList\",\"@id\":\"https:\\\/\\\/centrourbano.com\\\/revista\\\/inmobiliario\\\/corporativos-se-mudan-a-oficinas-clase-a-en-cdmx\\\/#breadcrumb\",\"itemListElement\":[{\"@type\":\"ListItem\",\"position\":1,\"name\":\"Portada\",\"item\":\"https:\\\/\\\/centrourbano.com\\\/revista\\\/\"},{\"@type\":\"ListItem\",\"position\":2,\"name\":\"Corporativos se mudan a oficinas Clase A en CDMX\"}]},{\"@type\":\"WebSite\",\"@id\":\"https:\\\/\\\/centrourbano.com\\\/revista\\\/#website\",\"url\":\"https:\\\/\\\/centrourbano.com\\\/revista\\\/\",\"name\":\"Centro Urbano\",\"description\":\"Medio especializado en los sectores vivienda, inmobiliario, construcci\u00f3n, arquitectura y urbanismo.\",\"publisher\":{\"@id\":\"https:\\\/\\\/centrourbano.com\\\/revista\\\/#organization\"},\"potentialAction\":[{\"@type\":\"SearchAction\",\"target\":{\"@type\":\"EntryPoint\",\"urlTemplate\":\"https:\\\/\\\/centrourbano.com\\\/revista\\\/?s={search_term_string}\"},\"query-input\":{\"@type\":\"PropertyValueSpecification\",\"valueRequired\":true,\"valueName\":\"search_term_string\"}}],\"inLanguage\":\"es\"},{\"@type\":\"Organization\",\"@id\":\"https:\\\/\\\/centrourbano.com\\\/revista\\\/#organization\",\"name\":\"Centro Urbano\",\"url\":\"https:\\\/\\\/centrourbano.com\\\/revista\\\/\",\"logo\":{\"@type\":\"ImageObject\",\"inLanguage\":\"es\",\"@id\":\"https:\\\/\\\/centrourbano.com\\\/revista\\\/#\\\/schema\\\/logo\\\/image\\\/\",\"url\":\"https:\\\/\\\/centrourbano.com\\\/revista\\\/wp-content\\\/uploads\\\/web_CU_logo-1.png\",\"contentUrl\":\"https:\\\/\\\/centrourbano.com\\\/revista\\\/wp-content\\\/uploads\\\/web_CU_logo-1.png\",\"width\":350,\"height\":91,\"caption\":\"Centro Urbano\"},\"image\":{\"@id\":\"https:\\\/\\\/centrourbano.com\\\/revista\\\/#\\\/schema\\\/logo\\\/image\\\/\"},\"sameAs\":[\"https:\\\/\\\/www.facebook.com\\\/portalcentrourbano\",\"https:\\\/\\\/x.com\\\/CentroUrbano\",\"https:\\\/\\\/www.instagram.com\\\/centro_urbano\\\/\",\"https:\\\/\\\/www.linkedin.com\\\/company\\\/centro-urbano\\\/\",\"http:\\\/\\\/www.youtube.com\\\/user\\\/portalcentrourbano\"]},{\"@type\":\"Person\",\"@id\":\"https:\\\/\\\/centrourbano.com\\\/revista\\\/#\\\/schema\\\/person\\\/515c32d01ece40d20a7ed3fdf34051af\",\"name\":\"Fernando Navarrete\",\"image\":{\"@type\":\"ImageObject\",\"inLanguage\":\"es\",\"@id\":\"https:\\\/\\\/secure.gravatar.com\\\/avatar\\\/f4dd6927a99e72698473e350e20ec8a38bd48cb668e15b03d04e8e537da41ad0?s=96&d=mm&r=g\",\"url\":\"https:\\\/\\\/secure.gravatar.com\\\/avatar\\\/f4dd6927a99e72698473e350e20ec8a38bd48cb668e15b03d04e8e537da41ad0?s=96&d=mm&r=g\",\"contentUrl\":\"https:\\\/\\\/secure.gravatar.com\\\/avatar\\\/f4dd6927a99e72698473e350e20ec8a38bd48cb668e15b03d04e8e537da41ad0?s=96&d=mm&r=g\",\"caption\":\"Fernando Navarrete\"},\"description\":\"Reportero de negocios, inmobiliario, construcci\u00f3n e industria. Me interesa la econom\u00eda, pol\u00edtica, historia y antropolog\u00eda. Estudi\u00e9 en la Facultad de Ciencias Pol\u00edticas y Sociales de la UNAM. Tengo experiencia en el sector p\u00fablico, la industria del acero, ingenier\u00eda civil, IT y corporativos; soy un nost\u00e1lgico nacionalista contempor\u00e1neo que cree en la grandeza de su pa\u00eds. Asiduo lector de Juan Rulfo, Jos\u00e9 Revueltas y J. R. R Tolkien.\",\"url\":\"https:\\\/\\\/centrourbano.com\\\/revista\\\/author\\\/fernando-navarrete\\\/\"}]}<\/script>\n<!-- \/ Yoast SEO plugin. -->","yoast_head_json":{"title":"Corporativos se mudan a oficinas Clase A en CDMX","description":"Corredores como Reforma e Insurgentes est\u00e1n migrando a estos espacios por sus precios atractivos y ser edificios nuevos de alto perfil","robots":{"index":"index","follow":"follow","max-snippet":"max-snippet:-1","max-image-preview":"max-image-preview:large","max-video-preview":"max-video-preview:-1"},"canonical":"https:\/\/centrourbano.com\/revista\/inmobiliario\/corporativos-se-mudan-a-oficinas-clase-a-en-cdmx\/","og_locale":"es_ES","og_type":"article","og_title":"Corporativos se mudan a oficinas Clase A en CDMX","og_description":"Corredores como Reforma e Insurgentes est\u00e1n migrando a estos espacios por sus precios atractivos y ser edificios nuevos de alto perfil","og_url":"https:\/\/centrourbano.com\/revista\/inmobiliario\/corporativos-se-mudan-a-oficinas-clase-a-en-cdmx\/","og_site_name":"Centro Urbano","article_publisher":"https:\/\/www.facebook.com\/portalcentrourbano","article_published_time":"2019-01-10T21:10:18+00:00","article_modified_time":"2019-01-10T21:13:36+00:00","og_image":[{"width":2000,"height":1125,"url":"https:\/\/centrourbano.com\/revista\/wp-content\/uploads\/ProjectHeaderTorre-Reforma-Mexico-City-c-Torre-Reforma1.jpg","type":"image\/jpeg"}],"author":"Fernando Navarrete","twitter_card":"summary_large_image","twitter_creator":"@CentroUrbano","twitter_site":"@CentroUrbano","twitter_misc":{"Escrito por":"Fernando Navarrete","Tiempo de lectura":"1 minuto"},"schema":{"@context":"https:\/\/schema.org","@graph":[{"@type":"Article","@id":"https:\/\/centrourbano.com\/revista\/inmobiliario\/corporativos-se-mudan-a-oficinas-clase-a-en-cdmx\/#article","isPartOf":{"@id":"https:\/\/centrourbano.com\/revista\/inmobiliario\/corporativos-se-mudan-a-oficinas-clase-a-en-cdmx\/"},"author":{"name":"Fernando Navarrete","@id":"https:\/\/centrourbano.com\/revista\/#\/schema\/person\/515c32d01ece40d20a7ed3fdf34051af"},"headline":"Corporativos se mudan a oficinas Clase A en CDMX","datePublished":"2019-01-10T21:10:18+00:00","dateModified":"2019-01-10T21:13:36+00:00","mainEntityOfPage":{"@id":"https:\/\/centrourbano.com\/revista\/inmobiliario\/corporativos-se-mudan-a-oficinas-clase-a-en-cdmx\/"},"wordCount":288,"commentCount":0,"publisher":{"@id":"https:\/\/centrourbano.com\/revista\/#organization"},"image":{"@id":"https:\/\/centrourbano.com\/revista\/inmobiliario\/corporativos-se-mudan-a-oficinas-clase-a-en-cdmx\/#primaryimage"},"thumbnailUrl":"https:\/\/centrourbano.com\/revista\/wp-content\/uploads\/ProjectHeaderTorre-Reforma-Mexico-City-c-Torre-Reforma1.jpg","keywords":["clase A","corporativos","Corredor","Cushman &amp; Wakefield","Edificios de alto perfil","Insurgentes","oficinas","reforma","Sumercados"],"articleSection":["Inmobiliario"],"inLanguage":"es","potentialAction":[{"@type":"CommentAction","name":"Comment","target":["https:\/\/centrourbano.com\/revista\/inmobiliario\/corporativos-se-mudan-a-oficinas-clase-a-en-cdmx\/#respond"]}]},{"@type":"WebPage","@id":"https:\/\/centrourbano.com\/revista\/inmobiliario\/corporativos-se-mudan-a-oficinas-clase-a-en-cdmx\/","url":"https:\/\/centrourbano.com\/revista\/inmobiliario\/corporativos-se-mudan-a-oficinas-clase-a-en-cdmx\/","name":"Corporativos se mudan a oficinas Clase A en CDMX","isPartOf":{"@id":"https:\/\/centrourbano.com\/revista\/#website"},"primaryImageOfPage":{"@id":"https:\/\/centrourbano.com\/revista\/inmobiliario\/corporativos-se-mudan-a-oficinas-clase-a-en-cdmx\/#primaryimage"},"image":{"@id":"https:\/\/centrourbano.com\/revista\/inmobiliario\/corporativos-se-mudan-a-oficinas-clase-a-en-cdmx\/#primaryimage"},"thumbnailUrl":"https:\/\/centrourbano.com\/revista\/wp-content\/uploads\/ProjectHeaderTorre-Reforma-Mexico-City-c-Torre-Reforma1.jpg","datePublished":"2019-01-10T21:10:18+00:00","dateModified":"2019-01-10T21:13:36+00:00","description":"Corredores como Reforma e Insurgentes est\u00e1n migrando a estos espacios por sus precios atractivos y ser edificios nuevos de alto perfil","breadcrumb":{"@id":"https:\/\/centrourbano.com\/revista\/inmobiliario\/corporativos-se-mudan-a-oficinas-clase-a-en-cdmx\/#breadcrumb"},"inLanguage":"es","potentialAction":[{"@type":"ReadAction","target":["https:\/\/centrourbano.com\/revista\/inmobiliario\/corporativos-se-mudan-a-oficinas-clase-a-en-cdmx\/"]}]},{"@type":"ImageObject","inLanguage":"es","@id":"https:\/\/centrourbano.com\/revista\/inmobiliario\/corporativos-se-mudan-a-oficinas-clase-a-en-cdmx\/#primaryimage","url":"https:\/\/centrourbano.com\/revista\/wp-content\/uploads\/ProjectHeaderTorre-Reforma-Mexico-City-c-Torre-Reforma1.jpg","contentUrl":"https:\/\/centrourbano.com\/revista\/wp-content\/uploads\/ProjectHeaderTorre-Reforma-Mexico-City-c-Torre-Reforma1.jpg","width":2000,"height":1125,"caption":"Corredores como Reforma e Insurgentes est\u00e1n migrando a estos espacios por sus precios atractivos y ser edificios nuevos de alto perfil"},{"@type":"BreadcrumbList","@id":"https:\/\/centrourbano.com\/revista\/inmobiliario\/corporativos-se-mudan-a-oficinas-clase-a-en-cdmx\/#breadcrumb","itemListElement":[{"@type":"ListItem","position":1,"name":"Portada","item":"https:\/\/centrourbano.com\/revista\/"},{"@type":"ListItem","position":2,"name":"Corporativos se mudan a oficinas Clase A en CDMX"}]},{"@type":"WebSite","@id":"https:\/\/centrourbano.com\/revista\/#website","url":"https:\/\/centrourbano.com\/revista\/","name":"Centro Urbano","description":"Medio especializado en los sectores vivienda, inmobiliario, construcci\u00f3n, arquitectura y urbanismo.","publisher":{"@id":"https:\/\/centrourbano.com\/revista\/#organization"},"potentialAction":[{"@type":"SearchAction","target":{"@type":"EntryPoint","urlTemplate":"https:\/\/centrourbano.com\/revista\/?s={search_term_string}"},"query-input":{"@type":"PropertyValueSpecification","valueRequired":true,"valueName":"search_term_string"}}],"inLanguage":"es"},{"@type":"Organization","@id":"https:\/\/centrourbano.com\/revista\/#organization","name":"Centro Urbano","url":"https:\/\/centrourbano.com\/revista\/","logo":{"@type":"ImageObject","inLanguage":"es","@id":"https:\/\/centrourbano.com\/revista\/#\/schema\/logo\/image\/","url":"https:\/\/centrourbano.com\/revista\/wp-content\/uploads\/web_CU_logo-1.png","contentUrl":"https:\/\/centrourbano.com\/revista\/wp-content\/uploads\/web_CU_logo-1.png","width":350,"height":91,"caption":"Centro Urbano"},"image":{"@id":"https:\/\/centrourbano.com\/revista\/#\/schema\/logo\/image\/"},"sameAs":["https:\/\/www.facebook.com\/portalcentrourbano","https:\/\/x.com\/CentroUrbano","https:\/\/www.instagram.com\/centro_urbano\/","https:\/\/www.linkedin.com\/company\/centro-urbano\/","http:\/\/www.youtube.com\/user\/portalcentrourbano"]},{"@type":"Person","@id":"https:\/\/centrourbano.com\/revista\/#\/schema\/person\/515c32d01ece40d20a7ed3fdf34051af","name":"Fernando Navarrete","image":{"@type":"ImageObject","inLanguage":"es","@id":"https:\/\/secure.gravatar.com\/avatar\/f4dd6927a99e72698473e350e20ec8a38bd48cb668e15b03d04e8e537da41ad0?s=96&d=mm&r=g","url":"https:\/\/secure.gravatar.com\/avatar\/f4dd6927a99e72698473e350e20ec8a38bd48cb668e15b03d04e8e537da41ad0?s=96&d=mm&r=g","contentUrl":"https:\/\/secure.gravatar.com\/avatar\/f4dd6927a99e72698473e350e20ec8a38bd48cb668e15b03d04e8e537da41ad0?s=96&d=mm&r=g","caption":"Fernando Navarrete"},"description":"Reportero de negocios, inmobiliario, construcci\u00f3n e industria. Me interesa la econom\u00eda, pol\u00edtica, historia y antropolog\u00eda. Estudi\u00e9 en la Facultad de Ciencias Pol\u00edticas y Sociales de la UNAM. Tengo experiencia en el sector p\u00fablico, la industria del acero, ingenier\u00eda civil, IT y corporativos; soy un nost\u00e1lgico nacionalista contempor\u00e1neo que cree en la grandeza de su pa\u00eds. Asiduo lector de Juan Rulfo, Jos\u00e9 Revueltas y J. R. R Tolkien.","url":"https:\/\/centrourbano.com\/revista\/author\/fernando-navarrete\/"}]}},"_links":{"self":[{"href":"https:\/\/centrourbano.com\/revista\/wp-json\/wp\/v2\/posts\/84506","targetHints":{"allow":["GET"]}}],"collection":[{"href":"https:\/\/centrourbano.com\/revista\/wp-json\/wp\/v2\/posts"}],"about":[{"href":"https:\/\/centrourbano.com\/revista\/wp-json\/wp\/v2\/types\/post"}],"author":[{"embeddable":true,"href":"https:\/\/centrourbano.com\/revista\/wp-json\/wp\/v2\/users\/69"}],"replies":[{"embeddable":true,"href":"https:\/\/centrourbano.com\/revista\/wp-json\/wp\/v2\/comments?post=84506"}],"version-history":[{"count":3,"href":"https:\/\/centrourbano.com\/revista\/wp-json\/wp\/v2\/posts\/84506\/revisions"}],"predecessor-version":[{"id":84516,"href":"https:\/\/centrourbano.com\/revista\/wp-json\/wp\/v2\/posts\/84506\/revisions\/84516"}],"wp:featuredmedia":[{"embeddable":true,"href":"https:\/\/centrourbano.com\/revista\/wp-json\/wp\/v2\/media\/84513"}],"wp:attachment":[{"href":"https:\/\/centrourbano.com\/revista\/wp-json\/wp\/v2\/media?parent=84506"}],"wp:term":[{"taxonomy":"category","embeddable":true,"href":"https:\/\/centrourbano.com\/revista\/wp-json\/wp\/v2\/categories?post=84506"},{"taxonomy":"post_tag","embeddable":true,"href":"https:\/\/centrourbano.com\/revista\/wp-json\/wp\/v2\/tags?post=84506"}],"curies":[{"name":"wp","href":"https:\/\/api.w.org\/{rel}","templated":true}]}}