{"id":84462,"date":"2019-01-10T09:15:40","date_gmt":"2019-01-10T15:15:40","guid":{"rendered":"https:\/\/centrourbano.com\/?p=84462"},"modified":"2019-01-11T11:39:35","modified_gmt":"2019-01-11T17:39:35","slug":"crecio-cartera-credito-la-vivienda-la-banca","status":"publish","type":"post","link":"https:\/\/centrourbano.com\/revista\/vivienda\/crecio-cartera-credito-la-vivienda-la-banca\/","title":{"rendered":"Creci\u00f3 4.8% cartera de cr\u00e9dito a la vivienda de la banca"},"content":{"rendered":"<p><em>El financiamiento a la vivienda represent\u00f3 15.8% de la cartera total de cr\u00e9dito <\/em><!--more--><\/p>\n<p>La cartera de cr\u00e9dito a la vivienda de la banca creci\u00f3 4.8% al cierre de <strong>noviembre<\/strong>, esto en comparaci\u00f3n con la cifra observada al mismo mes, pero de 2017. As\u00ed, al d\u00e9cimo primer mes de 2018, el valor de la cartera de financiamiento a la vivienda alcanz\u00f3 un total de 814,000 millones de pesos.<\/p>\n<p>De acuerdo con datos de la Comisi\u00f3n Nacional Bancaria y de Valores (<strong>CNBV<\/strong>), el resultado obtenido en noviembre representa un crecimiento de 0.4% en relaci\u00f3n al mes anterior inmediato. Cabe destacar que en <strong>octubre<\/strong> la cartera alcanz\u00f3 un valor de 810,000 millones de pesos.<\/p>\n<p>\u201cCon un monto de 814,000 mdp, la cartera de cr\u00e9dito a la vivienda registr\u00f3 un incremento anual de 4.8% y alcanz\u00f3 una participaci\u00f3n de 15.8% de la cartera total. El cr\u00e9dito otorgado al segmento de vivienda media y residencial, con una participaci\u00f3n del 87.4% en la cartera de vivienda, present\u00f3 un crecimiento anual de 6.8% y se ubic\u00f3 en 712,000 mdp\u201d.<\/p>\n<p>En cuanto a la cartera vencida, el \u00cdndice de <strong>Morosidad <\/strong>de la cartera de cr\u00e9dito a la vivienda se coloc\u00f3 en 2.64 por ciento. Este margen se ubica 0.07 puntos porcentuales por debajo de lo observado en noviembre de 2017.<\/p>\n<blockquote><p>\u00abLa morosidad de los cr\u00e9ditos a la vivienda se situ\u00f3 en 2.64%, 0.07 pp menos que en noviembre 2017. El cr\u00e9dito destinado a la vivienda media y residencial alcanz\u00f3 un IMOR de 2.46%, 0.16 pp menos que el a\u00f1o anterior. Por su parte, el segmento de inter\u00e9s social registr\u00f3 un IMOR de 8.50%, 0.21 pp menos que lo observado el a\u00f1o previo. Los cr\u00e9ditos adquiridos al INFONAVIT o el FOVISSSTE y los cr\u00e9ditos garantizados por la Banca de Desarrollo o Fideicomisos P\u00fablicos presentaron un IMOR de 2.99% y 9.97%, lo que represent\u00f3 variaciones anuales de 0.67 pp y 4.12 pp, respectivamente\u00bb.<\/p><\/blockquote>\n","protected":false},"excerpt":{"rendered":"<p>El financiamiento a la vivienda represent\u00f3 15.8% de la cartera total de cr\u00e9dito<\/p>\n","protected":false},"author":47,"featured_media":72626,"comment_status":"open","ping_status":"closed","sticky":false,"template":"","format":"standard","meta":{"om_disable_all_campaigns":false,"inline_featured_image":false,"_monsterinsights_skip_tracking":false,"_monsterinsights_sitenote_active":false,"_monsterinsights_sitenote_note":"","_monsterinsights_sitenote_category":0,"footnotes":""},"categories":[12],"tags":[4090,173,482,60],"class_list":["post-84462","post","type-post","status-publish","format-standard","has-post-thumbnail","hentry","category-vivienda","tag-banca","tag-credito","tag-financiamiento","tag-vivienda-2"],"yoast_head":"<!-- This site is optimized with the Yoast SEO plugin v27.4 - https:\/\/yoast.com\/product\/yoast-seo-wordpress\/ -->\n<title>Creci\u00f3 4.8% cartera de cr\u00e9dito a la vivienda de la banca<\/title>\n<meta name=\"description\" content=\"La cartera de cr\u00e9dito a la vivienda de la banca creci\u00f3 4.8% al cierre de Noviembre, esto en comparaci\u00f3n con la cifra observada al mismo mes\" \/>\n<meta name=\"robots\" content=\"index, follow, max-snippet:-1, max-image-preview:large, max-video-preview:-1\" \/>\n<link rel=\"canonical\" href=\"https:\/\/centrourbano.com\/revista\/vivienda\/crecio-cartera-credito-la-vivienda-la-banca\/\" \/>\n<meta property=\"og:locale\" content=\"es_ES\" \/>\n<meta property=\"og:type\" content=\"article\" \/>\n<meta property=\"og:title\" content=\"Creci\u00f3 4.8% cartera de cr\u00e9dito a la vivienda de la banca\" \/>\n<meta property=\"og:description\" content=\"La cartera de cr\u00e9dito a la vivienda de la banca creci\u00f3 4.8% al cierre de Noviembre, esto en comparaci\u00f3n con la cifra observada al mismo mes\" \/>\n<meta property=\"og:url\" content=\"https:\/\/centrourbano.com\/revista\/vivienda\/crecio-cartera-credito-la-vivienda-la-banca\/\" \/>\n<meta property=\"og:site_name\" content=\"Centro Urbano\" \/>\n<meta property=\"article:publisher\" content=\"https:\/\/www.facebook.com\/portalcentrourbano\" \/>\n<meta property=\"article:published_time\" content=\"2019-01-10T15:15:40+00:00\" \/>\n<meta property=\"article:modified_time\" content=\"2019-01-11T17:39:35+00:00\" \/>\n<meta property=\"og:image\" content=\"https:\/\/centrourbano.com\/revista\/wp-content\/uploads\/Coliving.png\" \/>\n\t<meta property=\"og:image:width\" content=\"1147\" \/>\n\t<meta property=\"og:image:height\" content=\"671\" \/>\n\t<meta property=\"og:image:type\" content=\"image\/png\" \/>\n<meta name=\"author\" content=\"Edgar Rosas\" \/>\n<meta name=\"twitter:card\" content=\"summary_large_image\" \/>\n<meta name=\"twitter:creator\" content=\"@https:\/\/twitter.com\/ERosasCU?s=09\" \/>\n<meta name=\"twitter:site\" content=\"@CentroUrbano\" \/>\n<meta name=\"twitter:label1\" content=\"Escrito por\" \/>\n\t<meta name=\"twitter:data1\" content=\"Edgar Rosas\" \/>\n\t<meta name=\"twitter:label2\" content=\"Tiempo de lectura\" \/>\n\t<meta name=\"twitter:data2\" content=\"2 minutos\" \/>\n<script type=\"application\/ld+json\" class=\"yoast-schema-graph\">{\"@context\":\"https:\\\/\\\/schema.org\",\"@graph\":[{\"@type\":\"Article\",\"@id\":\"https:\\\/\\\/centrourbano.com\\\/revista\\\/vivienda\\\/crecio-cartera-credito-la-vivienda-la-banca\\\/#article\",\"isPartOf\":{\"@id\":\"https:\\\/\\\/centrourbano.com\\\/revista\\\/vivienda\\\/crecio-cartera-credito-la-vivienda-la-banca\\\/\"},\"author\":{\"name\":\"Edgar Rosas\",\"@id\":\"https:\\\/\\\/centrourbano.com\\\/revista\\\/#\\\/schema\\\/person\\\/ff3c00651ce5b1630479d2cd0c2e3ac0\"},\"headline\":\"Creci\u00f3 4.8% cartera de cr\u00e9dito a la vivienda de la banca\",\"datePublished\":\"2019-01-10T15:15:40+00:00\",\"dateModified\":\"2019-01-11T17:39:35+00:00\",\"mainEntityOfPage\":{\"@id\":\"https:\\\/\\\/centrourbano.com\\\/revista\\\/vivienda\\\/crecio-cartera-credito-la-vivienda-la-banca\\\/\"},\"wordCount\":316,\"commentCount\":0,\"publisher\":{\"@id\":\"https:\\\/\\\/centrourbano.com\\\/revista\\\/#organization\"},\"image\":{\"@id\":\"https:\\\/\\\/centrourbano.com\\\/revista\\\/vivienda\\\/crecio-cartera-credito-la-vivienda-la-banca\\\/#primaryimage\"},\"thumbnailUrl\":\"https:\\\/\\\/centrourbano.com\\\/revista\\\/wp-content\\\/uploads\\\/Coliving.png\",\"keywords\":[\"banca\",\"cr\u00e9dito\",\"financiamiento\",\"vivienda\"],\"articleSection\":[\"Vivienda\"],\"inLanguage\":\"es\",\"potentialAction\":[{\"@type\":\"CommentAction\",\"name\":\"Comment\",\"target\":[\"https:\\\/\\\/centrourbano.com\\\/revista\\\/vivienda\\\/crecio-cartera-credito-la-vivienda-la-banca\\\/#respond\"]}]},{\"@type\":\"WebPage\",\"@id\":\"https:\\\/\\\/centrourbano.com\\\/revista\\\/vivienda\\\/crecio-cartera-credito-la-vivienda-la-banca\\\/\",\"url\":\"https:\\\/\\\/centrourbano.com\\\/revista\\\/vivienda\\\/crecio-cartera-credito-la-vivienda-la-banca\\\/\",\"name\":\"Creci\u00f3 4.8% cartera de cr\u00e9dito a la vivienda de la banca\",\"isPartOf\":{\"@id\":\"https:\\\/\\\/centrourbano.com\\\/revista\\\/#website\"},\"primaryImageOfPage\":{\"@id\":\"https:\\\/\\\/centrourbano.com\\\/revista\\\/vivienda\\\/crecio-cartera-credito-la-vivienda-la-banca\\\/#primaryimage\"},\"image\":{\"@id\":\"https:\\\/\\\/centrourbano.com\\\/revista\\\/vivienda\\\/crecio-cartera-credito-la-vivienda-la-banca\\\/#primaryimage\"},\"thumbnailUrl\":\"https:\\\/\\\/centrourbano.com\\\/revista\\\/wp-content\\\/uploads\\\/Coliving.png\",\"datePublished\":\"2019-01-10T15:15:40+00:00\",\"dateModified\":\"2019-01-11T17:39:35+00:00\",\"description\":\"La cartera de cr\u00e9dito a la vivienda de la banca creci\u00f3 4.8% al cierre de Noviembre, esto en comparaci\u00f3n con la cifra observada al mismo mes\",\"breadcrumb\":{\"@id\":\"https:\\\/\\\/centrourbano.com\\\/revista\\\/vivienda\\\/crecio-cartera-credito-la-vivienda-la-banca\\\/#breadcrumb\"},\"inLanguage\":\"es\",\"potentialAction\":[{\"@type\":\"ReadAction\",\"target\":[\"https:\\\/\\\/centrourbano.com\\\/revista\\\/vivienda\\\/crecio-cartera-credito-la-vivienda-la-banca\\\/\"]}]},{\"@type\":\"ImageObject\",\"inLanguage\":\"es\",\"@id\":\"https:\\\/\\\/centrourbano.com\\\/revista\\\/vivienda\\\/crecio-cartera-credito-la-vivienda-la-banca\\\/#primaryimage\",\"url\":\"https:\\\/\\\/centrourbano.com\\\/revista\\\/wp-content\\\/uploads\\\/Coliving.png\",\"contentUrl\":\"https:\\\/\\\/centrourbano.com\\\/revista\\\/wp-content\\\/uploads\\\/Coliving.png\",\"width\":1147,\"height\":671,\"caption\":\"La generaci\u00f3n millennial ha abandonado como prioridad la adquisici\u00f3n de vivienda y seg\u00fan estudios, prefieren rentar que comprar, por la movilidad que esto representa\"},{\"@type\":\"BreadcrumbList\",\"@id\":\"https:\\\/\\\/centrourbano.com\\\/revista\\\/vivienda\\\/crecio-cartera-credito-la-vivienda-la-banca\\\/#breadcrumb\",\"itemListElement\":[{\"@type\":\"ListItem\",\"position\":1,\"name\":\"Portada\",\"item\":\"https:\\\/\\\/centrourbano.com\\\/revista\\\/\"},{\"@type\":\"ListItem\",\"position\":2,\"name\":\"Creci\u00f3 4.8% cartera de cr\u00e9dito a la vivienda de la banca\"}]},{\"@type\":\"WebSite\",\"@id\":\"https:\\\/\\\/centrourbano.com\\\/revista\\\/#website\",\"url\":\"https:\\\/\\\/centrourbano.com\\\/revista\\\/\",\"name\":\"Centro Urbano\",\"description\":\"Medio especializado en los sectores vivienda, inmobiliario, construcci\u00f3n, arquitectura y urbanismo.\",\"publisher\":{\"@id\":\"https:\\\/\\\/centrourbano.com\\\/revista\\\/#organization\"},\"potentialAction\":[{\"@type\":\"SearchAction\",\"target\":{\"@type\":\"EntryPoint\",\"urlTemplate\":\"https:\\\/\\\/centrourbano.com\\\/revista\\\/?s={search_term_string}\"},\"query-input\":{\"@type\":\"PropertyValueSpecification\",\"valueRequired\":true,\"valueName\":\"search_term_string\"}}],\"inLanguage\":\"es\"},{\"@type\":\"Organization\",\"@id\":\"https:\\\/\\\/centrourbano.com\\\/revista\\\/#organization\",\"name\":\"Centro Urbano\",\"url\":\"https:\\\/\\\/centrourbano.com\\\/revista\\\/\",\"logo\":{\"@type\":\"ImageObject\",\"inLanguage\":\"es\",\"@id\":\"https:\\\/\\\/centrourbano.com\\\/revista\\\/#\\\/schema\\\/logo\\\/image\\\/\",\"url\":\"https:\\\/\\\/centrourbano.com\\\/revista\\\/wp-content\\\/uploads\\\/web_CU_logo-1.png\",\"contentUrl\":\"https:\\\/\\\/centrourbano.com\\\/revista\\\/wp-content\\\/uploads\\\/web_CU_logo-1.png\",\"width\":350,\"height\":91,\"caption\":\"Centro Urbano\"},\"image\":{\"@id\":\"https:\\\/\\\/centrourbano.com\\\/revista\\\/#\\\/schema\\\/logo\\\/image\\\/\"},\"sameAs\":[\"https:\\\/\\\/www.facebook.com\\\/portalcentrourbano\",\"https:\\\/\\\/x.com\\\/CentroUrbano\",\"https:\\\/\\\/www.instagram.com\\\/centro_urbano\\\/\",\"https:\\\/\\\/www.linkedin.com\\\/company\\\/centro-urbano\\\/\",\"http:\\\/\\\/www.youtube.com\\\/user\\\/portalcentrourbano\"]},{\"@type\":\"Person\",\"@id\":\"https:\\\/\\\/centrourbano.com\\\/revista\\\/#\\\/schema\\\/person\\\/ff3c00651ce5b1630479d2cd0c2e3ac0\",\"name\":\"Edgar Rosas\",\"image\":{\"@type\":\"ImageObject\",\"inLanguage\":\"es\",\"@id\":\"https:\\\/\\\/secure.gravatar.com\\\/avatar\\\/94440c4283495211faa5300bf85e80061036b83fced868c3783aa1310b350d9c?s=96&d=mm&r=g\",\"url\":\"https:\\\/\\\/secure.gravatar.com\\\/avatar\\\/94440c4283495211faa5300bf85e80061036b83fced868c3783aa1310b350d9c?s=96&d=mm&r=g\",\"contentUrl\":\"https:\\\/\\\/secure.gravatar.com\\\/avatar\\\/94440c4283495211faa5300bf85e80061036b83fced868c3783aa1310b350d9c?s=96&d=mm&r=g\",\"caption\":\"Edgar Rosas\"},\"description\":\"Editor en Jefe de Centro Urbano. Egresado de la maestr\u00eda en Periodismo Pol\u00edtico de la Escuela de Periodismo Carlos Septi\u00e9n Garc\u00eda (EPCSG). Estudi\u00f3 la licenciatura en Comunicaci\u00f3n en la Universidad Mexicana. Amante de la cr\u00f3nica y el reportaje. Admirador de Vicente Le\u00f1ero y Miguel \u00c1ngel Granados Chapa.\",\"sameAs\":[\"https:\\\/\\\/x.com\\\/https:\\\/\\\/twitter.com\\\/ERosasCU?s=09\"],\"url\":\"https:\\\/\\\/centrourbano.com\\\/revista\\\/author\\\/edgar-rosas\\\/\"}]}<\/script>\n<!-- \/ Yoast SEO plugin. -->","yoast_head_json":{"title":"Creci\u00f3 4.8% cartera de cr\u00e9dito a la vivienda de la banca","description":"La cartera de cr\u00e9dito a la vivienda de la banca creci\u00f3 4.8% al cierre de Noviembre, esto en comparaci\u00f3n con la cifra observada al mismo mes","robots":{"index":"index","follow":"follow","max-snippet":"max-snippet:-1","max-image-preview":"max-image-preview:large","max-video-preview":"max-video-preview:-1"},"canonical":"https:\/\/centrourbano.com\/revista\/vivienda\/crecio-cartera-credito-la-vivienda-la-banca\/","og_locale":"es_ES","og_type":"article","og_title":"Creci\u00f3 4.8% cartera de cr\u00e9dito a la vivienda de la banca","og_description":"La cartera de cr\u00e9dito a la vivienda de la banca creci\u00f3 4.8% al cierre de Noviembre, esto en comparaci\u00f3n con la cifra observada al mismo mes","og_url":"https:\/\/centrourbano.com\/revista\/vivienda\/crecio-cartera-credito-la-vivienda-la-banca\/","og_site_name":"Centro Urbano","article_publisher":"https:\/\/www.facebook.com\/portalcentrourbano","article_published_time":"2019-01-10T15:15:40+00:00","article_modified_time":"2019-01-11T17:39:35+00:00","og_image":[{"width":1147,"height":671,"url":"https:\/\/centrourbano.com\/revista\/wp-content\/uploads\/Coliving.png","type":"image\/png"}],"author":"Edgar Rosas","twitter_card":"summary_large_image","twitter_creator":"@https:\/\/twitter.com\/ERosasCU?s=09","twitter_site":"@CentroUrbano","twitter_misc":{"Escrito por":"Edgar Rosas","Tiempo de lectura":"2 minutos"},"schema":{"@context":"https:\/\/schema.org","@graph":[{"@type":"Article","@id":"https:\/\/centrourbano.com\/revista\/vivienda\/crecio-cartera-credito-la-vivienda-la-banca\/#article","isPartOf":{"@id":"https:\/\/centrourbano.com\/revista\/vivienda\/crecio-cartera-credito-la-vivienda-la-banca\/"},"author":{"name":"Edgar Rosas","@id":"https:\/\/centrourbano.com\/revista\/#\/schema\/person\/ff3c00651ce5b1630479d2cd0c2e3ac0"},"headline":"Creci\u00f3 4.8% cartera de cr\u00e9dito a la vivienda de la banca","datePublished":"2019-01-10T15:15:40+00:00","dateModified":"2019-01-11T17:39:35+00:00","mainEntityOfPage":{"@id":"https:\/\/centrourbano.com\/revista\/vivienda\/crecio-cartera-credito-la-vivienda-la-banca\/"},"wordCount":316,"commentCount":0,"publisher":{"@id":"https:\/\/centrourbano.com\/revista\/#organization"},"image":{"@id":"https:\/\/centrourbano.com\/revista\/vivienda\/crecio-cartera-credito-la-vivienda-la-banca\/#primaryimage"},"thumbnailUrl":"https:\/\/centrourbano.com\/revista\/wp-content\/uploads\/Coliving.png","keywords":["banca","cr\u00e9dito","financiamiento","vivienda"],"articleSection":["Vivienda"],"inLanguage":"es","potentialAction":[{"@type":"CommentAction","name":"Comment","target":["https:\/\/centrourbano.com\/revista\/vivienda\/crecio-cartera-credito-la-vivienda-la-banca\/#respond"]}]},{"@type":"WebPage","@id":"https:\/\/centrourbano.com\/revista\/vivienda\/crecio-cartera-credito-la-vivienda-la-banca\/","url":"https:\/\/centrourbano.com\/revista\/vivienda\/crecio-cartera-credito-la-vivienda-la-banca\/","name":"Creci\u00f3 4.8% cartera de cr\u00e9dito a la vivienda de la banca","isPartOf":{"@id":"https:\/\/centrourbano.com\/revista\/#website"},"primaryImageOfPage":{"@id":"https:\/\/centrourbano.com\/revista\/vivienda\/crecio-cartera-credito-la-vivienda-la-banca\/#primaryimage"},"image":{"@id":"https:\/\/centrourbano.com\/revista\/vivienda\/crecio-cartera-credito-la-vivienda-la-banca\/#primaryimage"},"thumbnailUrl":"https:\/\/centrourbano.com\/revista\/wp-content\/uploads\/Coliving.png","datePublished":"2019-01-10T15:15:40+00:00","dateModified":"2019-01-11T17:39:35+00:00","description":"La cartera de cr\u00e9dito a la vivienda de la banca creci\u00f3 4.8% al cierre de Noviembre, esto en comparaci\u00f3n con la cifra observada al mismo mes","breadcrumb":{"@id":"https:\/\/centrourbano.com\/revista\/vivienda\/crecio-cartera-credito-la-vivienda-la-banca\/#breadcrumb"},"inLanguage":"es","potentialAction":[{"@type":"ReadAction","target":["https:\/\/centrourbano.com\/revista\/vivienda\/crecio-cartera-credito-la-vivienda-la-banca\/"]}]},{"@type":"ImageObject","inLanguage":"es","@id":"https:\/\/centrourbano.com\/revista\/vivienda\/crecio-cartera-credito-la-vivienda-la-banca\/#primaryimage","url":"https:\/\/centrourbano.com\/revista\/wp-content\/uploads\/Coliving.png","contentUrl":"https:\/\/centrourbano.com\/revista\/wp-content\/uploads\/Coliving.png","width":1147,"height":671,"caption":"La generaci\u00f3n millennial ha abandonado como prioridad la adquisici\u00f3n de vivienda y seg\u00fan estudios, prefieren rentar que comprar, por la movilidad que esto representa"},{"@type":"BreadcrumbList","@id":"https:\/\/centrourbano.com\/revista\/vivienda\/crecio-cartera-credito-la-vivienda-la-banca\/#breadcrumb","itemListElement":[{"@type":"ListItem","position":1,"name":"Portada","item":"https:\/\/centrourbano.com\/revista\/"},{"@type":"ListItem","position":2,"name":"Creci\u00f3 4.8% cartera de cr\u00e9dito a la vivienda de la banca"}]},{"@type":"WebSite","@id":"https:\/\/centrourbano.com\/revista\/#website","url":"https:\/\/centrourbano.com\/revista\/","name":"Centro Urbano","description":"Medio especializado en los sectores vivienda, inmobiliario, construcci\u00f3n, arquitectura y urbanismo.","publisher":{"@id":"https:\/\/centrourbano.com\/revista\/#organization"},"potentialAction":[{"@type":"SearchAction","target":{"@type":"EntryPoint","urlTemplate":"https:\/\/centrourbano.com\/revista\/?s={search_term_string}"},"query-input":{"@type":"PropertyValueSpecification","valueRequired":true,"valueName":"search_term_string"}}],"inLanguage":"es"},{"@type":"Organization","@id":"https:\/\/centrourbano.com\/revista\/#organization","name":"Centro Urbano","url":"https:\/\/centrourbano.com\/revista\/","logo":{"@type":"ImageObject","inLanguage":"es","@id":"https:\/\/centrourbano.com\/revista\/#\/schema\/logo\/image\/","url":"https:\/\/centrourbano.com\/revista\/wp-content\/uploads\/web_CU_logo-1.png","contentUrl":"https:\/\/centrourbano.com\/revista\/wp-content\/uploads\/web_CU_logo-1.png","width":350,"height":91,"caption":"Centro Urbano"},"image":{"@id":"https:\/\/centrourbano.com\/revista\/#\/schema\/logo\/image\/"},"sameAs":["https:\/\/www.facebook.com\/portalcentrourbano","https:\/\/x.com\/CentroUrbano","https:\/\/www.instagram.com\/centro_urbano\/","https:\/\/www.linkedin.com\/company\/centro-urbano\/","http:\/\/www.youtube.com\/user\/portalcentrourbano"]},{"@type":"Person","@id":"https:\/\/centrourbano.com\/revista\/#\/schema\/person\/ff3c00651ce5b1630479d2cd0c2e3ac0","name":"Edgar Rosas","image":{"@type":"ImageObject","inLanguage":"es","@id":"https:\/\/secure.gravatar.com\/avatar\/94440c4283495211faa5300bf85e80061036b83fced868c3783aa1310b350d9c?s=96&d=mm&r=g","url":"https:\/\/secure.gravatar.com\/avatar\/94440c4283495211faa5300bf85e80061036b83fced868c3783aa1310b350d9c?s=96&d=mm&r=g","contentUrl":"https:\/\/secure.gravatar.com\/avatar\/94440c4283495211faa5300bf85e80061036b83fced868c3783aa1310b350d9c?s=96&d=mm&r=g","caption":"Edgar Rosas"},"description":"Editor en Jefe de Centro Urbano. Egresado de la maestr\u00eda en Periodismo Pol\u00edtico de la Escuela de Periodismo Carlos Septi\u00e9n Garc\u00eda (EPCSG). Estudi\u00f3 la licenciatura en Comunicaci\u00f3n en la Universidad Mexicana. Amante de la cr\u00f3nica y el reportaje. Admirador de Vicente Le\u00f1ero y Miguel \u00c1ngel Granados Chapa.","sameAs":["https:\/\/x.com\/https:\/\/twitter.com\/ERosasCU?s=09"],"url":"https:\/\/centrourbano.com\/revista\/author\/edgar-rosas\/"}]}},"_links":{"self":[{"href":"https:\/\/centrourbano.com\/revista\/wp-json\/wp\/v2\/posts\/84462","targetHints":{"allow":["GET"]}}],"collection":[{"href":"https:\/\/centrourbano.com\/revista\/wp-json\/wp\/v2\/posts"}],"about":[{"href":"https:\/\/centrourbano.com\/revista\/wp-json\/wp\/v2\/types\/post"}],"author":[{"embeddable":true,"href":"https:\/\/centrourbano.com\/revista\/wp-json\/wp\/v2\/users\/47"}],"replies":[{"embeddable":true,"href":"https:\/\/centrourbano.com\/revista\/wp-json\/wp\/v2\/comments?post=84462"}],"version-history":[{"count":5,"href":"https:\/\/centrourbano.com\/revista\/wp-json\/wp\/v2\/posts\/84462\/revisions"}],"predecessor-version":[{"id":84563,"href":"https:\/\/centrourbano.com\/revista\/wp-json\/wp\/v2\/posts\/84462\/revisions\/84563"}],"wp:featuredmedia":[{"embeddable":true,"href":"https:\/\/centrourbano.com\/revista\/wp-json\/wp\/v2\/media\/72626"}],"wp:attachment":[{"href":"https:\/\/centrourbano.com\/revista\/wp-json\/wp\/v2\/media?parent=84462"}],"wp:term":[{"taxonomy":"category","embeddable":true,"href":"https:\/\/centrourbano.com\/revista\/wp-json\/wp\/v2\/categories?post=84462"},{"taxonomy":"post_tag","embeddable":true,"href":"https:\/\/centrourbano.com\/revista\/wp-json\/wp\/v2\/tags?post=84462"}],"curies":[{"name":"wp","href":"https:\/\/api.w.org\/{rel}","templated":true}]}}