{"id":84279,"date":"2019-01-07T16:17:16","date_gmt":"2019-01-07T22:17:16","guid":{"rendered":"https:\/\/centrourbano.com\/?p=84279"},"modified":"2019-01-07T16:17:16","modified_gmt":"2019-01-07T22:17:16","slug":"metepec-y-pachuca-los-nuevos-proyectos-de-gicsa-en-2019","status":"publish","type":"post","link":"https:\/\/centrourbano.com\/revista\/inmobiliario\/metepec-y-pachuca-los-nuevos-proyectos-de-gicsa-en-2019\/","title":{"rendered":"Metepec y Pachuca, los nuevos proyectos de Gicsa en 2019"},"content":{"rendered":"<p><em>Paseo Metepec y Explanada Pachuca son los dos proyectos con los que la desarrolladora buscar\u00e1 consolidarse este a\u00f1o\u00a0<\/em><!--more--><\/p>\n<p>Este a\u00f1o <a href=\"http:\/\/www.gicsa.com.mx\/inicio\" target=\"_blank\" rel=\"noopener noreferrer\"><strong>Grupo Gicsa<\/strong><\/a> tiene la mirada fija en dos de sus desarrollos m\u00e1s esperados para el centro del pa\u00eds: se trata de Explanada Pachuca y Paseo Metepec, dos mega desarrollos comerciales con la marca <strong>Malltertainment<\/strong> que conjuga una amplia oferta de entretenimiento, oficinas y hoteler\u00eda.<\/p>\n<p>\u00abEn Gicsa apostamos por M\u00e9xico, \u00e9stos son los proyectos para el 2019\u00bb, dice la firma en sus redes sociales la firma que en el tercer trimestre de 2018 report\u00f3 un total de 830,029 m\u00b2 de \u00c1rea Bruta Rentable (ABR) compuesto por 11 propiedades en el portafolio estabilizado y 4 propiedades en estabilizaci\u00f3n.<\/p>\n<p>Para finales del primer semestre de 2019 la firma estima la apertura de<strong> Explanada Pachuca Malltertainment<\/strong>, complejo que contar\u00e1 con un ABR promedio de 81,676 m\u00b2, en los que incluir\u00e1 centro de espect\u00e1culos, globo aerost\u00e1tico, feria, entre otros.<\/p>\n<p>Tambi\u00e9n para este a\u00f1o se tiene prevista la entrega de <strong>Paseo Metepec<\/strong>, un desarrollo de usos mixtos en la zona comercial de Metepec, en el Estado de M\u00e9xico.<\/p>\n<p>El complejo ser\u00e1 destinado al uso comercial, con un ABR total de aproximadamente de 70,007 m\u00b2, y sus principales inquilinos ser\u00e1n tiendas departamentales, tiendas de autoservicio, restaurantes, cines, gimnasio, as\u00ed como oficinas de empresas locales o de uso personal, se\u00f1ala Gicsa en su portal.<\/p>\n<p>El a\u00f1o pasado Grupo Gicsa realiz\u00f3 la entrega de <strong>Explanada Puebla, Paseo Quer\u00e9taro y Masaryk 169<\/strong>, aperturas que a\u00f1aden m\u00e1s de 15,000\u00a0\u00a0m\u00b2 de ABR al portafolio, adem\u00e1s de<strong> La Isla M\u00e9rida y Ampliaci\u00f3n Paseo Interlomas.<\/strong><\/p>\n<a href=\"https:\/\/centrourbano.com\/2018\/08\/28\/gicsa-alista-apertura-de-los-primeros-mallterteinment-para-2020\/\" target=\"_blank\" rel=\"noopener noreferrer\"><img loading=\"lazy\" decoding=\"async\" class=\" wp-image-84293 aligncenter\" src=\"https:\/\/centrourbano.com\/revista\/wp-content\/uploads\/gicsa-300x225.png\" alt=\"\" width=\"351\" height=\"263\" srcset=\"https:\/\/centrourbano.com\/revista\/wp-content\/uploads\/gicsa-300x225.png 300w, https:\/\/centrourbano.com\/revista\/wp-content\/uploads\/gicsa-768x575.png 768w, https:\/\/centrourbano.com\/revista\/wp-content\/uploads\/gicsa-1024x767.png 1024w, https:\/\/centrourbano.com\/revista\/wp-content\/uploads\/gicsa-100x75.png 100w, https:\/\/centrourbano.com\/revista\/wp-content\/uploads\/gicsa.png 1145w\" sizes=\"auto, (max-width: 351px) 100vw, 351px\" \/><\/a>\n","protected":false},"excerpt":{"rendered":"<p>Paseo Metepec y Explanada Pachuca son los dos proyectos con los que la desarrolladora buscar\u00e1 consolidarse este a\u00f1o\u00a0<\/p>\n","protected":false},"author":69,"featured_media":84292,"comment_status":"open","ping_status":"closed","sticky":false,"template":"","format":"standard","meta":{"om_disable_all_campaigns":false,"inline_featured_image":false,"_monsterinsights_skip_tracking":false,"_monsterinsights_sitenote_active":false,"_monsterinsights_sitenote_note":"","_monsterinsights_sitenote_category":0,"footnotes":""},"categories":[15],"tags":[219,15123,2900,14317,5126,1311],"class_list":["post-84279","post","type-post","status-publish","format-standard","has-post-thumbnail","hentry","category-inmobiliario","tag-centro-comercial","tag-explanada-pachuca","tag-grupo-gicsa","tag-malltertainment","tag-paseo-metepec","tag-usos-mixtos"],"yoast_head":"<!-- This site is optimized with the Yoast SEO plugin v27.4 - https:\/\/yoast.com\/product\/yoast-seo-wordpress\/ -->\n<title>Metepec y Pachuca, los nuevos proyectos de Gicsa en 2019<\/title>\n<meta name=\"description\" content=\"Paseo Metepec y Explanada Pachuca son los dos proyectos con los que la desarrolladora buscar\u00e1 consolidarse este a\u00f1o\" \/>\n<meta name=\"robots\" content=\"index, follow, max-snippet:-1, max-image-preview:large, max-video-preview:-1\" \/>\n<link rel=\"canonical\" href=\"https:\/\/centrourbano.com\/revista\/inmobiliario\/metepec-y-pachuca-los-nuevos-proyectos-de-gicsa-en-2019\/\" \/>\n<meta property=\"og:locale\" content=\"es_ES\" \/>\n<meta property=\"og:type\" content=\"article\" \/>\n<meta property=\"og:title\" content=\"Metepec y Pachuca, los nuevos proyectos de Gicsa en 2019\" \/>\n<meta property=\"og:description\" content=\"Paseo Metepec y Explanada Pachuca son los dos proyectos con los que la desarrolladora buscar\u00e1 consolidarse este a\u00f1o\" \/>\n<meta property=\"og:url\" content=\"https:\/\/centrourbano.com\/revista\/inmobiliario\/metepec-y-pachuca-los-nuevos-proyectos-de-gicsa-en-2019\/\" \/>\n<meta property=\"og:site_name\" content=\"Centro Urbano\" \/>\n<meta property=\"article:publisher\" content=\"https:\/\/www.facebook.com\/portalcentrourbano\" \/>\n<meta property=\"article:published_time\" content=\"2019-01-07T22:17:16+00:00\" \/>\n<meta property=\"og:image\" content=\"https:\/\/centrourbano.com\/revista\/wp-content\/uploads\/PMetepec.jpg\" \/>\n\t<meta property=\"og:image:width\" content=\"800\" \/>\n\t<meta property=\"og:image:height\" content=\"450\" \/>\n\t<meta property=\"og:image:type\" content=\"image\/jpeg\" \/>\n<meta name=\"author\" content=\"Fernando Navarrete\" \/>\n<meta name=\"twitter:card\" content=\"summary_large_image\" \/>\n<meta name=\"twitter:creator\" content=\"@CentroUrbano\" \/>\n<meta name=\"twitter:site\" content=\"@CentroUrbano\" \/>\n<meta name=\"twitter:label1\" content=\"Escrito por\" \/>\n\t<meta name=\"twitter:data1\" content=\"Fernando Navarrete\" \/>\n\t<meta name=\"twitter:label2\" content=\"Tiempo de lectura\" \/>\n\t<meta name=\"twitter:data2\" content=\"1 minuto\" \/>\n<script type=\"application\/ld+json\" class=\"yoast-schema-graph\">{\"@context\":\"https:\\\/\\\/schema.org\",\"@graph\":[{\"@type\":\"Article\",\"@id\":\"https:\\\/\\\/centrourbano.com\\\/revista\\\/inmobiliario\\\/metepec-y-pachuca-los-nuevos-proyectos-de-gicsa-en-2019\\\/#article\",\"isPartOf\":{\"@id\":\"https:\\\/\\\/centrourbano.com\\\/revista\\\/inmobiliario\\\/metepec-y-pachuca-los-nuevos-proyectos-de-gicsa-en-2019\\\/\"},\"author\":{\"name\":\"Fernando Navarrete\",\"@id\":\"https:\\\/\\\/centrourbano.com\\\/revista\\\/#\\\/schema\\\/person\\\/515c32d01ece40d20a7ed3fdf34051af\"},\"headline\":\"Metepec y Pachuca, los nuevos proyectos de Gicsa en 2019\",\"datePublished\":\"2019-01-07T22:17:16+00:00\",\"mainEntityOfPage\":{\"@id\":\"https:\\\/\\\/centrourbano.com\\\/revista\\\/inmobiliario\\\/metepec-y-pachuca-los-nuevos-proyectos-de-gicsa-en-2019\\\/\"},\"wordCount\":282,\"commentCount\":0,\"publisher\":{\"@id\":\"https:\\\/\\\/centrourbano.com\\\/revista\\\/#organization\"},\"image\":{\"@id\":\"https:\\\/\\\/centrourbano.com\\\/revista\\\/inmobiliario\\\/metepec-y-pachuca-los-nuevos-proyectos-de-gicsa-en-2019\\\/#primaryimage\"},\"thumbnailUrl\":\"https:\\\/\\\/centrourbano.com\\\/revista\\\/wp-content\\\/uploads\\\/PMetepec.jpg\",\"keywords\":[\"centro comercial\",\"Explanada Pachuca\",\"Grupo Gicsa\",\"Malltertainment\",\"Paseo Metepec\",\"Usos mixtos\"],\"articleSection\":[\"Inmobiliario\"],\"inLanguage\":\"es\",\"potentialAction\":[{\"@type\":\"CommentAction\",\"name\":\"Comment\",\"target\":[\"https:\\\/\\\/centrourbano.com\\\/revista\\\/inmobiliario\\\/metepec-y-pachuca-los-nuevos-proyectos-de-gicsa-en-2019\\\/#respond\"]}]},{\"@type\":\"WebPage\",\"@id\":\"https:\\\/\\\/centrourbano.com\\\/revista\\\/inmobiliario\\\/metepec-y-pachuca-los-nuevos-proyectos-de-gicsa-en-2019\\\/\",\"url\":\"https:\\\/\\\/centrourbano.com\\\/revista\\\/inmobiliario\\\/metepec-y-pachuca-los-nuevos-proyectos-de-gicsa-en-2019\\\/\",\"name\":\"Metepec y Pachuca, los nuevos proyectos de Gicsa en 2019\",\"isPartOf\":{\"@id\":\"https:\\\/\\\/centrourbano.com\\\/revista\\\/#website\"},\"primaryImageOfPage\":{\"@id\":\"https:\\\/\\\/centrourbano.com\\\/revista\\\/inmobiliario\\\/metepec-y-pachuca-los-nuevos-proyectos-de-gicsa-en-2019\\\/#primaryimage\"},\"image\":{\"@id\":\"https:\\\/\\\/centrourbano.com\\\/revista\\\/inmobiliario\\\/metepec-y-pachuca-los-nuevos-proyectos-de-gicsa-en-2019\\\/#primaryimage\"},\"thumbnailUrl\":\"https:\\\/\\\/centrourbano.com\\\/revista\\\/wp-content\\\/uploads\\\/PMetepec.jpg\",\"datePublished\":\"2019-01-07T22:17:16+00:00\",\"description\":\"Paseo Metepec y Explanada Pachuca son los dos proyectos con los que la desarrolladora buscar\u00e1 consolidarse este a\u00f1o\",\"breadcrumb\":{\"@id\":\"https:\\\/\\\/centrourbano.com\\\/revista\\\/inmobiliario\\\/metepec-y-pachuca-los-nuevos-proyectos-de-gicsa-en-2019\\\/#breadcrumb\"},\"inLanguage\":\"es\",\"potentialAction\":[{\"@type\":\"ReadAction\",\"target\":[\"https:\\\/\\\/centrourbano.com\\\/revista\\\/inmobiliario\\\/metepec-y-pachuca-los-nuevos-proyectos-de-gicsa-en-2019\\\/\"]}]},{\"@type\":\"ImageObject\",\"inLanguage\":\"es\",\"@id\":\"https:\\\/\\\/centrourbano.com\\\/revista\\\/inmobiliario\\\/metepec-y-pachuca-los-nuevos-proyectos-de-gicsa-en-2019\\\/#primaryimage\",\"url\":\"https:\\\/\\\/centrourbano.com\\\/revista\\\/wp-content\\\/uploads\\\/PMetepec.jpg\",\"contentUrl\":\"https:\\\/\\\/centrourbano.com\\\/revista\\\/wp-content\\\/uploads\\\/PMetepec.jpg\",\"width\":800,\"height\":450,\"caption\":\"Paseo Metepec y Explanada Pachuca son los dos proyectos con los que la desarrolladora buscar\u00e1 consolidarse este a\u00f1o\"},{\"@type\":\"BreadcrumbList\",\"@id\":\"https:\\\/\\\/centrourbano.com\\\/revista\\\/inmobiliario\\\/metepec-y-pachuca-los-nuevos-proyectos-de-gicsa-en-2019\\\/#breadcrumb\",\"itemListElement\":[{\"@type\":\"ListItem\",\"position\":1,\"name\":\"Portada\",\"item\":\"https:\\\/\\\/centrourbano.com\\\/revista\\\/\"},{\"@type\":\"ListItem\",\"position\":2,\"name\":\"Metepec y Pachuca, los nuevos proyectos de Gicsa en 2019\"}]},{\"@type\":\"WebSite\",\"@id\":\"https:\\\/\\\/centrourbano.com\\\/revista\\\/#website\",\"url\":\"https:\\\/\\\/centrourbano.com\\\/revista\\\/\",\"name\":\"Centro Urbano\",\"description\":\"Medio especializado en los sectores vivienda, inmobiliario, construcci\u00f3n, arquitectura y urbanismo.\",\"publisher\":{\"@id\":\"https:\\\/\\\/centrourbano.com\\\/revista\\\/#organization\"},\"potentialAction\":[{\"@type\":\"SearchAction\",\"target\":{\"@type\":\"EntryPoint\",\"urlTemplate\":\"https:\\\/\\\/centrourbano.com\\\/revista\\\/?s={search_term_string}\"},\"query-input\":{\"@type\":\"PropertyValueSpecification\",\"valueRequired\":true,\"valueName\":\"search_term_string\"}}],\"inLanguage\":\"es\"},{\"@type\":\"Organization\",\"@id\":\"https:\\\/\\\/centrourbano.com\\\/revista\\\/#organization\",\"name\":\"Centro Urbano\",\"url\":\"https:\\\/\\\/centrourbano.com\\\/revista\\\/\",\"logo\":{\"@type\":\"ImageObject\",\"inLanguage\":\"es\",\"@id\":\"https:\\\/\\\/centrourbano.com\\\/revista\\\/#\\\/schema\\\/logo\\\/image\\\/\",\"url\":\"https:\\\/\\\/centrourbano.com\\\/revista\\\/wp-content\\\/uploads\\\/web_CU_logo-1.png\",\"contentUrl\":\"https:\\\/\\\/centrourbano.com\\\/revista\\\/wp-content\\\/uploads\\\/web_CU_logo-1.png\",\"width\":350,\"height\":91,\"caption\":\"Centro Urbano\"},\"image\":{\"@id\":\"https:\\\/\\\/centrourbano.com\\\/revista\\\/#\\\/schema\\\/logo\\\/image\\\/\"},\"sameAs\":[\"https:\\\/\\\/www.facebook.com\\\/portalcentrourbano\",\"https:\\\/\\\/x.com\\\/CentroUrbano\",\"https:\\\/\\\/www.instagram.com\\\/centro_urbano\\\/\",\"https:\\\/\\\/www.linkedin.com\\\/company\\\/centro-urbano\\\/\",\"http:\\\/\\\/www.youtube.com\\\/user\\\/portalcentrourbano\"]},{\"@type\":\"Person\",\"@id\":\"https:\\\/\\\/centrourbano.com\\\/revista\\\/#\\\/schema\\\/person\\\/515c32d01ece40d20a7ed3fdf34051af\",\"name\":\"Fernando Navarrete\",\"image\":{\"@type\":\"ImageObject\",\"inLanguage\":\"es\",\"@id\":\"https:\\\/\\\/secure.gravatar.com\\\/avatar\\\/f4dd6927a99e72698473e350e20ec8a38bd48cb668e15b03d04e8e537da41ad0?s=96&d=mm&r=g\",\"url\":\"https:\\\/\\\/secure.gravatar.com\\\/avatar\\\/f4dd6927a99e72698473e350e20ec8a38bd48cb668e15b03d04e8e537da41ad0?s=96&d=mm&r=g\",\"contentUrl\":\"https:\\\/\\\/secure.gravatar.com\\\/avatar\\\/f4dd6927a99e72698473e350e20ec8a38bd48cb668e15b03d04e8e537da41ad0?s=96&d=mm&r=g\",\"caption\":\"Fernando Navarrete\"},\"description\":\"Reportero de negocios, inmobiliario, construcci\u00f3n e industria. Me interesa la econom\u00eda, pol\u00edtica, historia y antropolog\u00eda. Estudi\u00e9 en la Facultad de Ciencias Pol\u00edticas y Sociales de la UNAM. Tengo experiencia en el sector p\u00fablico, la industria del acero, ingenier\u00eda civil, IT y corporativos; soy un nost\u00e1lgico nacionalista contempor\u00e1neo que cree en la grandeza de su pa\u00eds. Asiduo lector de Juan Rulfo, Jos\u00e9 Revueltas y J. R. R Tolkien.\",\"url\":\"https:\\\/\\\/centrourbano.com\\\/revista\\\/author\\\/fernando-navarrete\\\/\"}]}<\/script>\n<!-- \/ Yoast SEO plugin. -->","yoast_head_json":{"title":"Metepec y Pachuca, los nuevos proyectos de Gicsa en 2019","description":"Paseo Metepec y Explanada Pachuca son los dos proyectos con los que la desarrolladora buscar\u00e1 consolidarse este a\u00f1o","robots":{"index":"index","follow":"follow","max-snippet":"max-snippet:-1","max-image-preview":"max-image-preview:large","max-video-preview":"max-video-preview:-1"},"canonical":"https:\/\/centrourbano.com\/revista\/inmobiliario\/metepec-y-pachuca-los-nuevos-proyectos-de-gicsa-en-2019\/","og_locale":"es_ES","og_type":"article","og_title":"Metepec y Pachuca, los nuevos proyectos de Gicsa en 2019","og_description":"Paseo Metepec y Explanada Pachuca son los dos proyectos con los que la desarrolladora buscar\u00e1 consolidarse este a\u00f1o","og_url":"https:\/\/centrourbano.com\/revista\/inmobiliario\/metepec-y-pachuca-los-nuevos-proyectos-de-gicsa-en-2019\/","og_site_name":"Centro Urbano","article_publisher":"https:\/\/www.facebook.com\/portalcentrourbano","article_published_time":"2019-01-07T22:17:16+00:00","og_image":[{"width":800,"height":450,"url":"https:\/\/centrourbano.com\/revista\/wp-content\/uploads\/PMetepec.jpg","type":"image\/jpeg"}],"author":"Fernando Navarrete","twitter_card":"summary_large_image","twitter_creator":"@CentroUrbano","twitter_site":"@CentroUrbano","twitter_misc":{"Escrito por":"Fernando Navarrete","Tiempo de lectura":"1 minuto"},"schema":{"@context":"https:\/\/schema.org","@graph":[{"@type":"Article","@id":"https:\/\/centrourbano.com\/revista\/inmobiliario\/metepec-y-pachuca-los-nuevos-proyectos-de-gicsa-en-2019\/#article","isPartOf":{"@id":"https:\/\/centrourbano.com\/revista\/inmobiliario\/metepec-y-pachuca-los-nuevos-proyectos-de-gicsa-en-2019\/"},"author":{"name":"Fernando Navarrete","@id":"https:\/\/centrourbano.com\/revista\/#\/schema\/person\/515c32d01ece40d20a7ed3fdf34051af"},"headline":"Metepec y Pachuca, los nuevos proyectos de Gicsa en 2019","datePublished":"2019-01-07T22:17:16+00:00","mainEntityOfPage":{"@id":"https:\/\/centrourbano.com\/revista\/inmobiliario\/metepec-y-pachuca-los-nuevos-proyectos-de-gicsa-en-2019\/"},"wordCount":282,"commentCount":0,"publisher":{"@id":"https:\/\/centrourbano.com\/revista\/#organization"},"image":{"@id":"https:\/\/centrourbano.com\/revista\/inmobiliario\/metepec-y-pachuca-los-nuevos-proyectos-de-gicsa-en-2019\/#primaryimage"},"thumbnailUrl":"https:\/\/centrourbano.com\/revista\/wp-content\/uploads\/PMetepec.jpg","keywords":["centro comercial","Explanada Pachuca","Grupo Gicsa","Malltertainment","Paseo Metepec","Usos mixtos"],"articleSection":["Inmobiliario"],"inLanguage":"es","potentialAction":[{"@type":"CommentAction","name":"Comment","target":["https:\/\/centrourbano.com\/revista\/inmobiliario\/metepec-y-pachuca-los-nuevos-proyectos-de-gicsa-en-2019\/#respond"]}]},{"@type":"WebPage","@id":"https:\/\/centrourbano.com\/revista\/inmobiliario\/metepec-y-pachuca-los-nuevos-proyectos-de-gicsa-en-2019\/","url":"https:\/\/centrourbano.com\/revista\/inmobiliario\/metepec-y-pachuca-los-nuevos-proyectos-de-gicsa-en-2019\/","name":"Metepec y Pachuca, los nuevos proyectos de Gicsa en 2019","isPartOf":{"@id":"https:\/\/centrourbano.com\/revista\/#website"},"primaryImageOfPage":{"@id":"https:\/\/centrourbano.com\/revista\/inmobiliario\/metepec-y-pachuca-los-nuevos-proyectos-de-gicsa-en-2019\/#primaryimage"},"image":{"@id":"https:\/\/centrourbano.com\/revista\/inmobiliario\/metepec-y-pachuca-los-nuevos-proyectos-de-gicsa-en-2019\/#primaryimage"},"thumbnailUrl":"https:\/\/centrourbano.com\/revista\/wp-content\/uploads\/PMetepec.jpg","datePublished":"2019-01-07T22:17:16+00:00","description":"Paseo Metepec y Explanada Pachuca son los dos proyectos con los que la desarrolladora buscar\u00e1 consolidarse este a\u00f1o","breadcrumb":{"@id":"https:\/\/centrourbano.com\/revista\/inmobiliario\/metepec-y-pachuca-los-nuevos-proyectos-de-gicsa-en-2019\/#breadcrumb"},"inLanguage":"es","potentialAction":[{"@type":"ReadAction","target":["https:\/\/centrourbano.com\/revista\/inmobiliario\/metepec-y-pachuca-los-nuevos-proyectos-de-gicsa-en-2019\/"]}]},{"@type":"ImageObject","inLanguage":"es","@id":"https:\/\/centrourbano.com\/revista\/inmobiliario\/metepec-y-pachuca-los-nuevos-proyectos-de-gicsa-en-2019\/#primaryimage","url":"https:\/\/centrourbano.com\/revista\/wp-content\/uploads\/PMetepec.jpg","contentUrl":"https:\/\/centrourbano.com\/revista\/wp-content\/uploads\/PMetepec.jpg","width":800,"height":450,"caption":"Paseo Metepec y Explanada Pachuca son los dos proyectos con los que la desarrolladora buscar\u00e1 consolidarse este a\u00f1o"},{"@type":"BreadcrumbList","@id":"https:\/\/centrourbano.com\/revista\/inmobiliario\/metepec-y-pachuca-los-nuevos-proyectos-de-gicsa-en-2019\/#breadcrumb","itemListElement":[{"@type":"ListItem","position":1,"name":"Portada","item":"https:\/\/centrourbano.com\/revista\/"},{"@type":"ListItem","position":2,"name":"Metepec y Pachuca, los nuevos proyectos de Gicsa en 2019"}]},{"@type":"WebSite","@id":"https:\/\/centrourbano.com\/revista\/#website","url":"https:\/\/centrourbano.com\/revista\/","name":"Centro Urbano","description":"Medio especializado en los sectores vivienda, inmobiliario, construcci\u00f3n, arquitectura y urbanismo.","publisher":{"@id":"https:\/\/centrourbano.com\/revista\/#organization"},"potentialAction":[{"@type":"SearchAction","target":{"@type":"EntryPoint","urlTemplate":"https:\/\/centrourbano.com\/revista\/?s={search_term_string}"},"query-input":{"@type":"PropertyValueSpecification","valueRequired":true,"valueName":"search_term_string"}}],"inLanguage":"es"},{"@type":"Organization","@id":"https:\/\/centrourbano.com\/revista\/#organization","name":"Centro Urbano","url":"https:\/\/centrourbano.com\/revista\/","logo":{"@type":"ImageObject","inLanguage":"es","@id":"https:\/\/centrourbano.com\/revista\/#\/schema\/logo\/image\/","url":"https:\/\/centrourbano.com\/revista\/wp-content\/uploads\/web_CU_logo-1.png","contentUrl":"https:\/\/centrourbano.com\/revista\/wp-content\/uploads\/web_CU_logo-1.png","width":350,"height":91,"caption":"Centro Urbano"},"image":{"@id":"https:\/\/centrourbano.com\/revista\/#\/schema\/logo\/image\/"},"sameAs":["https:\/\/www.facebook.com\/portalcentrourbano","https:\/\/x.com\/CentroUrbano","https:\/\/www.instagram.com\/centro_urbano\/","https:\/\/www.linkedin.com\/company\/centro-urbano\/","http:\/\/www.youtube.com\/user\/portalcentrourbano"]},{"@type":"Person","@id":"https:\/\/centrourbano.com\/revista\/#\/schema\/person\/515c32d01ece40d20a7ed3fdf34051af","name":"Fernando Navarrete","image":{"@type":"ImageObject","inLanguage":"es","@id":"https:\/\/secure.gravatar.com\/avatar\/f4dd6927a99e72698473e350e20ec8a38bd48cb668e15b03d04e8e537da41ad0?s=96&d=mm&r=g","url":"https:\/\/secure.gravatar.com\/avatar\/f4dd6927a99e72698473e350e20ec8a38bd48cb668e15b03d04e8e537da41ad0?s=96&d=mm&r=g","contentUrl":"https:\/\/secure.gravatar.com\/avatar\/f4dd6927a99e72698473e350e20ec8a38bd48cb668e15b03d04e8e537da41ad0?s=96&d=mm&r=g","caption":"Fernando Navarrete"},"description":"Reportero de negocios, inmobiliario, construcci\u00f3n e industria. Me interesa la econom\u00eda, pol\u00edtica, historia y antropolog\u00eda. Estudi\u00e9 en la Facultad de Ciencias Pol\u00edticas y Sociales de la UNAM. Tengo experiencia en el sector p\u00fablico, la industria del acero, ingenier\u00eda civil, IT y corporativos; soy un nost\u00e1lgico nacionalista contempor\u00e1neo que cree en la grandeza de su pa\u00eds. Asiduo lector de Juan Rulfo, Jos\u00e9 Revueltas y J. R. R Tolkien.","url":"https:\/\/centrourbano.com\/revista\/author\/fernando-navarrete\/"}]}},"_links":{"self":[{"href":"https:\/\/centrourbano.com\/revista\/wp-json\/wp\/v2\/posts\/84279","targetHints":{"allow":["GET"]}}],"collection":[{"href":"https:\/\/centrourbano.com\/revista\/wp-json\/wp\/v2\/posts"}],"about":[{"href":"https:\/\/centrourbano.com\/revista\/wp-json\/wp\/v2\/types\/post"}],"author":[{"embeddable":true,"href":"https:\/\/centrourbano.com\/revista\/wp-json\/wp\/v2\/users\/69"}],"replies":[{"embeddable":true,"href":"https:\/\/centrourbano.com\/revista\/wp-json\/wp\/v2\/comments?post=84279"}],"version-history":[{"count":1,"href":"https:\/\/centrourbano.com\/revista\/wp-json\/wp\/v2\/posts\/84279\/revisions"}],"predecessor-version":[{"id":84294,"href":"https:\/\/centrourbano.com\/revista\/wp-json\/wp\/v2\/posts\/84279\/revisions\/84294"}],"wp:featuredmedia":[{"embeddable":true,"href":"https:\/\/centrourbano.com\/revista\/wp-json\/wp\/v2\/media\/84292"}],"wp:attachment":[{"href":"https:\/\/centrourbano.com\/revista\/wp-json\/wp\/v2\/media?parent=84279"}],"wp:term":[{"taxonomy":"category","embeddable":true,"href":"https:\/\/centrourbano.com\/revista\/wp-json\/wp\/v2\/categories?post=84279"},{"taxonomy":"post_tag","embeddable":true,"href":"https:\/\/centrourbano.com\/revista\/wp-json\/wp\/v2\/tags?post=84279"}],"curies":[{"name":"wp","href":"https:\/\/api.w.org\/{rel}","templated":true}]}}