{"id":84222,"date":"2019-01-04T18:00:07","date_gmt":"2019-01-05T00:00:07","guid":{"rendered":"https:\/\/centrourbano.com\/?p=84222"},"modified":"2019-01-07T16:01:05","modified_gmt":"2019-01-07T22:01:05","slug":"pendientes-legislativos-ciudad-de-mexico","status":"publish","type":"post","link":"https:\/\/centrourbano.com\/revista\/opinion\/blog-desde-el-terreno\/pendientes-legislativos-ciudad-de-mexico\/","title":{"rendered":"Los pendientes legislativos en la Ciudad de M\u00e9xico"},"content":{"rendered":"<p>Inicia 2019, llega una nueva administraci\u00f3n en la <strong>Ciudad de M\u00e9xico<\/strong> y con ello una oportunidad m\u00e1s de impulsar el desarrollo urbano ordenado que tanto implora la capital mexicana.<\/p>\n<p>Sin embargo, para lograr la ciudad que queremos, el camino a\u00fan se antoja largo, sobre todo porque se deben mover cadenas legislativas que permitan contar con los marcos normativos que impulsen la construcci\u00f3n de mejor ciudad.<\/p>\n<p>Y hablamos no de uno, sino de diversos marcos que son necesario impulsar y\/o modificar, sea su caso, para atender los grandes retos que se presentan en la capital mexicana, como es el caso de incrementar la oferta de vivienda.<\/p>\n<p>En este caso espec\u00edfico, diversas voces ya se han pronunciado por una norma emergente. No obstante, no hay que perder de vista que a\u00fan tenemos la <strong>Norma Emergente para Trabajadores<\/strong> que lanz\u00f3 Miguel \u00c1ngel Mancera y que, a decir de desarrolladores, es necesario revisar porque no dio los resultados esperados.<\/p>\n<p>En este marco, tambi\u00e9n hay que recordar a la <strong>Ley de Vivienda<\/strong> que lleg\u00f3 en el marco de la nueva Constituci\u00f3n para la Ciudad de M\u00e9xico. La \u00faltima legislatura de la todav\u00eda Asamblea Legislativa del Distrito Federal, antes de dejar funciones, hizo menci\u00f3n del tema. De manera particular, la Comisi\u00f3n de Vivienda expres\u00f3 su preocupaci\u00f3n debido a que la Secretar\u00eda de Desarrollo Urbano y Vivienda (Seduvi) no hab\u00eda emitido la reglamentaci\u00f3n correspondiente: la propuesta de reglamento debi\u00f3 ser entregada desde marzo de 2018.<\/p>\n<p>Y en este embalaje, y como gran ausente, tenemos el<strong> Programa General de Desarrollo Urbano<\/strong>, un programa que la Asamblea no pudo sacar en 2018, aun cuando se esperaba que en el a\u00f1o que termin\u00f3 los diputados capitalinos pudieran debatir y sacar este tan necesario marco.<\/p>\n<p>Por lo pronto, esperemos que avance el a\u00f1o y se presenten estas buenas noticias en torno al desarrollo urbano. La jefa de Gobierno <strong>Claudia Sheinbaum<\/strong> ha insistido que su prioridad es hacer una ciudad <strong>sostenible<\/strong>, con visi\u00f3n a largo plazo, y si quiere lograr el cometido, es necesario que ponga atenci\u00f3n en este tipo de temas tan relevantes.<\/p>\n","protected":false},"excerpt":{"rendered":"<p>Inicia 2019, llega una nueva administraci\u00f3n en la Ciudad de M\u00e9xico y con ello una oportunidad m\u00e1s de impulsar el desarrollo urbano ordenado que tanto implora la capital mexicana. Sin embargo, para lograr la ciudad que queremos, el camino a\u00fan se antoja largo, sobre todo porque se deben mover cadenas legislativas que permitan contar con [&hellip;]<\/p>\n","protected":false},"author":47,"featured_media":75442,"comment_status":"open","ping_status":"closed","sticky":false,"template":"","format":"standard","meta":{"om_disable_all_campaigns":false,"inline_featured_image":false,"_monsterinsights_skip_tracking":false,"_monsterinsights_sitenote_active":false,"_monsterinsights_sitenote_note":"","_monsterinsights_sitenote_category":0,"footnotes":""},"categories":[14067],"tags":[290,1108,13451,15112,15111,5926],"class_list":["post-84222","post","type-post","status-publish","format-standard","has-post-thumbnail","hentry","category-blog-desde-el-terreno","tag-ciudad-de-mexico","tag-ley-de-vivienda","tag-leyes","tag-marcos-regulatorios","tag-pendientes","tag-programa-general-de-desarrollo-urbano"],"yoast_head":"<!-- This site is optimized with the Yoast SEO plugin v27.5 - https:\/\/yoast.com\/product\/yoast-seo-wordpress\/ -->\n<title>Los pendientes legislativos en la Ciudad de M\u00e9xico<\/title>\n<meta name=\"description\" content=\"Inicia 2019, llega una nueva administraci\u00f3n en la Ciudad de M\u00e9xico y con ello una oportunidad m\u00e1s de impulsar el desarrollo urbano...\" \/>\n<meta name=\"robots\" content=\"index, follow, max-snippet:-1, max-image-preview:large, max-video-preview:-1\" \/>\n<link rel=\"canonical\" href=\"https:\/\/centrourbano.com\/revista\/opinion\/blog-desde-el-terreno\/pendientes-legislativos-ciudad-de-mexico\/\" \/>\n<meta property=\"og:locale\" content=\"es_ES\" \/>\n<meta property=\"og:type\" content=\"article\" \/>\n<meta property=\"og:title\" content=\"Los pendientes legislativos en la Ciudad de M\u00e9xico\" \/>\n<meta property=\"og:description\" content=\"Inicia 2019, llega una nueva administraci\u00f3n en la Ciudad de M\u00e9xico y con ello una oportunidad m\u00e1s de impulsar el desarrollo urbano...\" \/>\n<meta property=\"og:url\" content=\"https:\/\/centrourbano.com\/revista\/opinion\/blog-desde-el-terreno\/pendientes-legislativos-ciudad-de-mexico\/\" \/>\n<meta property=\"og:site_name\" content=\"Centro Urbano\" \/>\n<meta property=\"article:publisher\" content=\"https:\/\/www.facebook.com\/portalcentrourbano\" \/>\n<meta property=\"article:published_time\" content=\"2019-01-05T00:00:07+00:00\" \/>\n<meta property=\"article:modified_time\" content=\"2019-01-07T22:01:05+00:00\" \/>\n<meta property=\"og:image\" content=\"https:\/\/centrourbano.com\/revista\/wp-content\/uploads\/blog_edgar_rosas.jpg\" \/>\n\t<meta property=\"og:image:width\" content=\"640\" \/>\n\t<meta property=\"og:image:height\" content=\"400\" \/>\n\t<meta property=\"og:image:type\" content=\"image\/jpeg\" \/>\n<meta name=\"author\" content=\"Edgar Rosas\" \/>\n<meta name=\"twitter:card\" content=\"summary_large_image\" \/>\n<meta name=\"twitter:creator\" content=\"@https:\/\/twitter.com\/ERosasCU?s=09\" \/>\n<meta name=\"twitter:site\" content=\"@CentroUrbano\" \/>\n<meta name=\"twitter:label1\" content=\"Escrito por\" \/>\n\t<meta name=\"twitter:data1\" content=\"Edgar Rosas\" \/>\n\t<meta name=\"twitter:label2\" content=\"Tiempo de lectura\" \/>\n\t<meta name=\"twitter:data2\" content=\"2 minutos\" \/>\n<script type=\"application\/ld+json\" class=\"yoast-schema-graph\">{\"@context\":\"https:\\\/\\\/schema.org\",\"@graph\":[{\"@type\":\"Article\",\"@id\":\"https:\\\/\\\/centrourbano.com\\\/revista\\\/opinion\\\/blog-desde-el-terreno\\\/pendientes-legislativos-ciudad-de-mexico\\\/#article\",\"isPartOf\":{\"@id\":\"https:\\\/\\\/centrourbano.com\\\/revista\\\/opinion\\\/blog-desde-el-terreno\\\/pendientes-legislativos-ciudad-de-mexico\\\/\"},\"author\":{\"name\":\"Edgar Rosas\",\"@id\":\"https:\\\/\\\/centrourbano.com\\\/revista\\\/#\\\/schema\\\/person\\\/ff3c00651ce5b1630479d2cd0c2e3ac0\"},\"headline\":\"Los pendientes legislativos en la Ciudad de M\u00e9xico\",\"datePublished\":\"2019-01-05T00:00:07+00:00\",\"dateModified\":\"2019-01-07T22:01:05+00:00\",\"mainEntityOfPage\":{\"@id\":\"https:\\\/\\\/centrourbano.com\\\/revista\\\/opinion\\\/blog-desde-el-terreno\\\/pendientes-legislativos-ciudad-de-mexico\\\/\"},\"wordCount\":370,\"commentCount\":0,\"publisher\":{\"@id\":\"https:\\\/\\\/centrourbano.com\\\/revista\\\/#organization\"},\"image\":{\"@id\":\"https:\\\/\\\/centrourbano.com\\\/revista\\\/opinion\\\/blog-desde-el-terreno\\\/pendientes-legislativos-ciudad-de-mexico\\\/#primaryimage\"},\"thumbnailUrl\":\"https:\\\/\\\/centrourbano.com\\\/revista\\\/wp-content\\\/uploads\\\/blog_edgar_rosas.jpg\",\"keywords\":[\"ciudad de M\u00e9xico\",\"Ley de vivienda\",\"Leyes\",\"marcos regulatorios\",\"Pendientes\",\"Programa General de Desarrollo Urbano\"],\"articleSection\":[\"Desde el terreno\"],\"inLanguage\":\"es\",\"potentialAction\":[{\"@type\":\"CommentAction\",\"name\":\"Comment\",\"target\":[\"https:\\\/\\\/centrourbano.com\\\/revista\\\/opinion\\\/blog-desde-el-terreno\\\/pendientes-legislativos-ciudad-de-mexico\\\/#respond\"]}]},{\"@type\":\"WebPage\",\"@id\":\"https:\\\/\\\/centrourbano.com\\\/revista\\\/opinion\\\/blog-desde-el-terreno\\\/pendientes-legislativos-ciudad-de-mexico\\\/\",\"url\":\"https:\\\/\\\/centrourbano.com\\\/revista\\\/opinion\\\/blog-desde-el-terreno\\\/pendientes-legislativos-ciudad-de-mexico\\\/\",\"name\":\"Los pendientes legislativos en la Ciudad de M\u00e9xico\",\"isPartOf\":{\"@id\":\"https:\\\/\\\/centrourbano.com\\\/revista\\\/#website\"},\"primaryImageOfPage\":{\"@id\":\"https:\\\/\\\/centrourbano.com\\\/revista\\\/opinion\\\/blog-desde-el-terreno\\\/pendientes-legislativos-ciudad-de-mexico\\\/#primaryimage\"},\"image\":{\"@id\":\"https:\\\/\\\/centrourbano.com\\\/revista\\\/opinion\\\/blog-desde-el-terreno\\\/pendientes-legislativos-ciudad-de-mexico\\\/#primaryimage\"},\"thumbnailUrl\":\"https:\\\/\\\/centrourbano.com\\\/revista\\\/wp-content\\\/uploads\\\/blog_edgar_rosas.jpg\",\"datePublished\":\"2019-01-05T00:00:07+00:00\",\"dateModified\":\"2019-01-07T22:01:05+00:00\",\"description\":\"Inicia 2019, llega una nueva administraci\u00f3n en la Ciudad de M\u00e9xico y con ello una oportunidad m\u00e1s de impulsar el desarrollo urbano...\",\"breadcrumb\":{\"@id\":\"https:\\\/\\\/centrourbano.com\\\/revista\\\/opinion\\\/blog-desde-el-terreno\\\/pendientes-legislativos-ciudad-de-mexico\\\/#breadcrumb\"},\"inLanguage\":\"es\",\"potentialAction\":[{\"@type\":\"ReadAction\",\"target\":[\"https:\\\/\\\/centrourbano.com\\\/revista\\\/opinion\\\/blog-desde-el-terreno\\\/pendientes-legislativos-ciudad-de-mexico\\\/\"]}]},{\"@type\":\"ImageObject\",\"inLanguage\":\"es\",\"@id\":\"https:\\\/\\\/centrourbano.com\\\/revista\\\/opinion\\\/blog-desde-el-terreno\\\/pendientes-legislativos-ciudad-de-mexico\\\/#primaryimage\",\"url\":\"https:\\\/\\\/centrourbano.com\\\/revista\\\/wp-content\\\/uploads\\\/blog_edgar_rosas.jpg\",\"contentUrl\":\"https:\\\/\\\/centrourbano.com\\\/revista\\\/wp-content\\\/uploads\\\/blog_edgar_rosas.jpg\",\"width\":640,\"height\":400,\"caption\":\"Columna-Edgar-Rosas\"},{\"@type\":\"BreadcrumbList\",\"@id\":\"https:\\\/\\\/centrourbano.com\\\/revista\\\/opinion\\\/blog-desde-el-terreno\\\/pendientes-legislativos-ciudad-de-mexico\\\/#breadcrumb\",\"itemListElement\":[{\"@type\":\"ListItem\",\"position\":1,\"name\":\"Portada\",\"item\":\"https:\\\/\\\/centrourbano.com\\\/revista\\\/\"},{\"@type\":\"ListItem\",\"position\":2,\"name\":\"Los pendientes legislativos en la Ciudad de M\u00e9xico\"}]},{\"@type\":\"WebSite\",\"@id\":\"https:\\\/\\\/centrourbano.com\\\/revista\\\/#website\",\"url\":\"https:\\\/\\\/centrourbano.com\\\/revista\\\/\",\"name\":\"Centro Urbano\",\"description\":\"Medio especializado en los sectores vivienda, inmobiliario, construcci\u00f3n, arquitectura y urbanismo.\",\"publisher\":{\"@id\":\"https:\\\/\\\/centrourbano.com\\\/revista\\\/#organization\"},\"potentialAction\":[{\"@type\":\"SearchAction\",\"target\":{\"@type\":\"EntryPoint\",\"urlTemplate\":\"https:\\\/\\\/centrourbano.com\\\/revista\\\/?s={search_term_string}\"},\"query-input\":{\"@type\":\"PropertyValueSpecification\",\"valueRequired\":true,\"valueName\":\"search_term_string\"}}],\"inLanguage\":\"es\"},{\"@type\":\"Organization\",\"@id\":\"https:\\\/\\\/centrourbano.com\\\/revista\\\/#organization\",\"name\":\"Centro Urbano\",\"url\":\"https:\\\/\\\/centrourbano.com\\\/revista\\\/\",\"logo\":{\"@type\":\"ImageObject\",\"inLanguage\":\"es\",\"@id\":\"https:\\\/\\\/centrourbano.com\\\/revista\\\/#\\\/schema\\\/logo\\\/image\\\/\",\"url\":\"https:\\\/\\\/centrourbano.com\\\/revista\\\/wp-content\\\/uploads\\\/web_CU_logo-1.png\",\"contentUrl\":\"https:\\\/\\\/centrourbano.com\\\/revista\\\/wp-content\\\/uploads\\\/web_CU_logo-1.png\",\"width\":350,\"height\":91,\"caption\":\"Centro Urbano\"},\"image\":{\"@id\":\"https:\\\/\\\/centrourbano.com\\\/revista\\\/#\\\/schema\\\/logo\\\/image\\\/\"},\"sameAs\":[\"https:\\\/\\\/www.facebook.com\\\/portalcentrourbano\",\"https:\\\/\\\/x.com\\\/CentroUrbano\",\"https:\\\/\\\/www.instagram.com\\\/centro_urbano\\\/\",\"https:\\\/\\\/www.linkedin.com\\\/company\\\/centro-urbano\\\/\",\"http:\\\/\\\/www.youtube.com\\\/user\\\/portalcentrourbano\"]},{\"@type\":\"Person\",\"@id\":\"https:\\\/\\\/centrourbano.com\\\/revista\\\/#\\\/schema\\\/person\\\/ff3c00651ce5b1630479d2cd0c2e3ac0\",\"name\":\"Edgar Rosas\",\"image\":{\"@type\":\"ImageObject\",\"inLanguage\":\"es\",\"@id\":\"https:\\\/\\\/secure.gravatar.com\\\/avatar\\\/94440c4283495211faa5300bf85e80061036b83fced868c3783aa1310b350d9c?s=96&d=mm&r=g\",\"url\":\"https:\\\/\\\/secure.gravatar.com\\\/avatar\\\/94440c4283495211faa5300bf85e80061036b83fced868c3783aa1310b350d9c?s=96&d=mm&r=g\",\"contentUrl\":\"https:\\\/\\\/secure.gravatar.com\\\/avatar\\\/94440c4283495211faa5300bf85e80061036b83fced868c3783aa1310b350d9c?s=96&d=mm&r=g\",\"caption\":\"Edgar Rosas\"},\"description\":\"Editor en Jefe de Centro Urbano. Egresado de la maestr\u00eda en Periodismo Pol\u00edtico de la Escuela de Periodismo Carlos Septi\u00e9n Garc\u00eda (EPCSG). Estudi\u00f3 la licenciatura en Comunicaci\u00f3n en la Universidad Mexicana. Amante de la cr\u00f3nica y el reportaje. Admirador de Vicente Le\u00f1ero y Miguel \u00c1ngel Granados Chapa.\",\"sameAs\":[\"https:\\\/\\\/x.com\\\/https:\\\/\\\/twitter.com\\\/ERosasCU?s=09\"],\"url\":\"https:\\\/\\\/centrourbano.com\\\/revista\\\/author\\\/edgar-rosas\\\/\"}]}<\/script>\n<!-- \/ Yoast SEO plugin. -->","yoast_head_json":{"title":"Los pendientes legislativos en la Ciudad de M\u00e9xico","description":"Inicia 2019, llega una nueva administraci\u00f3n en la Ciudad de M\u00e9xico y con ello una oportunidad m\u00e1s de impulsar el desarrollo urbano...","robots":{"index":"index","follow":"follow","max-snippet":"max-snippet:-1","max-image-preview":"max-image-preview:large","max-video-preview":"max-video-preview:-1"},"canonical":"https:\/\/centrourbano.com\/revista\/opinion\/blog-desde-el-terreno\/pendientes-legislativos-ciudad-de-mexico\/","og_locale":"es_ES","og_type":"article","og_title":"Los pendientes legislativos en la Ciudad de M\u00e9xico","og_description":"Inicia 2019, llega una nueva administraci\u00f3n en la Ciudad de M\u00e9xico y con ello una oportunidad m\u00e1s de impulsar el desarrollo urbano...","og_url":"https:\/\/centrourbano.com\/revista\/opinion\/blog-desde-el-terreno\/pendientes-legislativos-ciudad-de-mexico\/","og_site_name":"Centro Urbano","article_publisher":"https:\/\/www.facebook.com\/portalcentrourbano","article_published_time":"2019-01-05T00:00:07+00:00","article_modified_time":"2019-01-07T22:01:05+00:00","og_image":[{"width":640,"height":400,"url":"https:\/\/centrourbano.com\/revista\/wp-content\/uploads\/blog_edgar_rosas.jpg","type":"image\/jpeg"}],"author":"Edgar Rosas","twitter_card":"summary_large_image","twitter_creator":"@https:\/\/twitter.com\/ERosasCU?s=09","twitter_site":"@CentroUrbano","twitter_misc":{"Escrito por":"Edgar Rosas","Tiempo de lectura":"2 minutos"},"schema":{"@context":"https:\/\/schema.org","@graph":[{"@type":"Article","@id":"https:\/\/centrourbano.com\/revista\/opinion\/blog-desde-el-terreno\/pendientes-legislativos-ciudad-de-mexico\/#article","isPartOf":{"@id":"https:\/\/centrourbano.com\/revista\/opinion\/blog-desde-el-terreno\/pendientes-legislativos-ciudad-de-mexico\/"},"author":{"name":"Edgar Rosas","@id":"https:\/\/centrourbano.com\/revista\/#\/schema\/person\/ff3c00651ce5b1630479d2cd0c2e3ac0"},"headline":"Los pendientes legislativos en la Ciudad de M\u00e9xico","datePublished":"2019-01-05T00:00:07+00:00","dateModified":"2019-01-07T22:01:05+00:00","mainEntityOfPage":{"@id":"https:\/\/centrourbano.com\/revista\/opinion\/blog-desde-el-terreno\/pendientes-legislativos-ciudad-de-mexico\/"},"wordCount":370,"commentCount":0,"publisher":{"@id":"https:\/\/centrourbano.com\/revista\/#organization"},"image":{"@id":"https:\/\/centrourbano.com\/revista\/opinion\/blog-desde-el-terreno\/pendientes-legislativos-ciudad-de-mexico\/#primaryimage"},"thumbnailUrl":"https:\/\/centrourbano.com\/revista\/wp-content\/uploads\/blog_edgar_rosas.jpg","keywords":["ciudad de M\u00e9xico","Ley de vivienda","Leyes","marcos regulatorios","Pendientes","Programa General de Desarrollo Urbano"],"articleSection":["Desde el terreno"],"inLanguage":"es","potentialAction":[{"@type":"CommentAction","name":"Comment","target":["https:\/\/centrourbano.com\/revista\/opinion\/blog-desde-el-terreno\/pendientes-legislativos-ciudad-de-mexico\/#respond"]}]},{"@type":"WebPage","@id":"https:\/\/centrourbano.com\/revista\/opinion\/blog-desde-el-terreno\/pendientes-legislativos-ciudad-de-mexico\/","url":"https:\/\/centrourbano.com\/revista\/opinion\/blog-desde-el-terreno\/pendientes-legislativos-ciudad-de-mexico\/","name":"Los pendientes legislativos en la Ciudad de M\u00e9xico","isPartOf":{"@id":"https:\/\/centrourbano.com\/revista\/#website"},"primaryImageOfPage":{"@id":"https:\/\/centrourbano.com\/revista\/opinion\/blog-desde-el-terreno\/pendientes-legislativos-ciudad-de-mexico\/#primaryimage"},"image":{"@id":"https:\/\/centrourbano.com\/revista\/opinion\/blog-desde-el-terreno\/pendientes-legislativos-ciudad-de-mexico\/#primaryimage"},"thumbnailUrl":"https:\/\/centrourbano.com\/revista\/wp-content\/uploads\/blog_edgar_rosas.jpg","datePublished":"2019-01-05T00:00:07+00:00","dateModified":"2019-01-07T22:01:05+00:00","description":"Inicia 2019, llega una nueva administraci\u00f3n en la Ciudad de M\u00e9xico y con ello una oportunidad m\u00e1s de impulsar el desarrollo urbano...","breadcrumb":{"@id":"https:\/\/centrourbano.com\/revista\/opinion\/blog-desde-el-terreno\/pendientes-legislativos-ciudad-de-mexico\/#breadcrumb"},"inLanguage":"es","potentialAction":[{"@type":"ReadAction","target":["https:\/\/centrourbano.com\/revista\/opinion\/blog-desde-el-terreno\/pendientes-legislativos-ciudad-de-mexico\/"]}]},{"@type":"ImageObject","inLanguage":"es","@id":"https:\/\/centrourbano.com\/revista\/opinion\/blog-desde-el-terreno\/pendientes-legislativos-ciudad-de-mexico\/#primaryimage","url":"https:\/\/centrourbano.com\/revista\/wp-content\/uploads\/blog_edgar_rosas.jpg","contentUrl":"https:\/\/centrourbano.com\/revista\/wp-content\/uploads\/blog_edgar_rosas.jpg","width":640,"height":400,"caption":"Columna-Edgar-Rosas"},{"@type":"BreadcrumbList","@id":"https:\/\/centrourbano.com\/revista\/opinion\/blog-desde-el-terreno\/pendientes-legislativos-ciudad-de-mexico\/#breadcrumb","itemListElement":[{"@type":"ListItem","position":1,"name":"Portada","item":"https:\/\/centrourbano.com\/revista\/"},{"@type":"ListItem","position":2,"name":"Los pendientes legislativos en la Ciudad de M\u00e9xico"}]},{"@type":"WebSite","@id":"https:\/\/centrourbano.com\/revista\/#website","url":"https:\/\/centrourbano.com\/revista\/","name":"Centro Urbano","description":"Medio especializado en los sectores vivienda, inmobiliario, construcci\u00f3n, arquitectura y urbanismo.","publisher":{"@id":"https:\/\/centrourbano.com\/revista\/#organization"},"potentialAction":[{"@type":"SearchAction","target":{"@type":"EntryPoint","urlTemplate":"https:\/\/centrourbano.com\/revista\/?s={search_term_string}"},"query-input":{"@type":"PropertyValueSpecification","valueRequired":true,"valueName":"search_term_string"}}],"inLanguage":"es"},{"@type":"Organization","@id":"https:\/\/centrourbano.com\/revista\/#organization","name":"Centro Urbano","url":"https:\/\/centrourbano.com\/revista\/","logo":{"@type":"ImageObject","inLanguage":"es","@id":"https:\/\/centrourbano.com\/revista\/#\/schema\/logo\/image\/","url":"https:\/\/centrourbano.com\/revista\/wp-content\/uploads\/web_CU_logo-1.png","contentUrl":"https:\/\/centrourbano.com\/revista\/wp-content\/uploads\/web_CU_logo-1.png","width":350,"height":91,"caption":"Centro Urbano"},"image":{"@id":"https:\/\/centrourbano.com\/revista\/#\/schema\/logo\/image\/"},"sameAs":["https:\/\/www.facebook.com\/portalcentrourbano","https:\/\/x.com\/CentroUrbano","https:\/\/www.instagram.com\/centro_urbano\/","https:\/\/www.linkedin.com\/company\/centro-urbano\/","http:\/\/www.youtube.com\/user\/portalcentrourbano"]},{"@type":"Person","@id":"https:\/\/centrourbano.com\/revista\/#\/schema\/person\/ff3c00651ce5b1630479d2cd0c2e3ac0","name":"Edgar Rosas","image":{"@type":"ImageObject","inLanguage":"es","@id":"https:\/\/secure.gravatar.com\/avatar\/94440c4283495211faa5300bf85e80061036b83fced868c3783aa1310b350d9c?s=96&d=mm&r=g","url":"https:\/\/secure.gravatar.com\/avatar\/94440c4283495211faa5300bf85e80061036b83fced868c3783aa1310b350d9c?s=96&d=mm&r=g","contentUrl":"https:\/\/secure.gravatar.com\/avatar\/94440c4283495211faa5300bf85e80061036b83fced868c3783aa1310b350d9c?s=96&d=mm&r=g","caption":"Edgar Rosas"},"description":"Editor en Jefe de Centro Urbano. Egresado de la maestr\u00eda en Periodismo Pol\u00edtico de la Escuela de Periodismo Carlos Septi\u00e9n Garc\u00eda (EPCSG). Estudi\u00f3 la licenciatura en Comunicaci\u00f3n en la Universidad Mexicana. Amante de la cr\u00f3nica y el reportaje. Admirador de Vicente Le\u00f1ero y Miguel \u00c1ngel Granados Chapa.","sameAs":["https:\/\/x.com\/https:\/\/twitter.com\/ERosasCU?s=09"],"url":"https:\/\/centrourbano.com\/revista\/author\/edgar-rosas\/"}]}},"_links":{"self":[{"href":"https:\/\/centrourbano.com\/revista\/wp-json\/wp\/v2\/posts\/84222","targetHints":{"allow":["GET"]}}],"collection":[{"href":"https:\/\/centrourbano.com\/revista\/wp-json\/wp\/v2\/posts"}],"about":[{"href":"https:\/\/centrourbano.com\/revista\/wp-json\/wp\/v2\/types\/post"}],"author":[{"embeddable":true,"href":"https:\/\/centrourbano.com\/revista\/wp-json\/wp\/v2\/users\/47"}],"replies":[{"embeddable":true,"href":"https:\/\/centrourbano.com\/revista\/wp-json\/wp\/v2\/comments?post=84222"}],"version-history":[{"count":5,"href":"https:\/\/centrourbano.com\/revista\/wp-json\/wp\/v2\/posts\/84222\/revisions"}],"predecessor-version":[{"id":84289,"href":"https:\/\/centrourbano.com\/revista\/wp-json\/wp\/v2\/posts\/84222\/revisions\/84289"}],"wp:featuredmedia":[{"embeddable":true,"href":"https:\/\/centrourbano.com\/revista\/wp-json\/wp\/v2\/media\/75442"}],"wp:attachment":[{"href":"https:\/\/centrourbano.com\/revista\/wp-json\/wp\/v2\/media?parent=84222"}],"wp:term":[{"taxonomy":"category","embeddable":true,"href":"https:\/\/centrourbano.com\/revista\/wp-json\/wp\/v2\/categories?post=84222"},{"taxonomy":"post_tag","embeddable":true,"href":"https:\/\/centrourbano.com\/revista\/wp-json\/wp\/v2\/tags?post=84222"}],"curies":[{"name":"wp","href":"https:\/\/api.w.org\/{rel}","templated":true}]}}