{"id":84192,"date":"2019-01-04T07:00:46","date_gmt":"2019-01-04T13:00:46","guid":{"rendered":"https:\/\/centrourbano.com\/?p=84192"},"modified":"2019-01-03T18:52:58","modified_gmt":"2019-01-04T00:52:58","slug":"fibra-plus-mantendra-paso-firme-en-sus-proyectos-este-2019","status":"publish","type":"post","link":"https:\/\/centrourbano.com\/revista\/inmobiliario\/fibra-plus-mantendra-paso-firme-en-sus-proyectos-este-2019\/","title":{"rendered":"Fibra Plus mantendr\u00e1 paso firme en sus proyectos este 2019"},"content":{"rendered":"<p><em>Actualmente el fideicomiso cuenta con 15 proyectos en zonas estrat\u00e9gicas del pa\u00eds<\/em><!--more--><\/p>\n<p><strong><a href=\"http:\/\/www.fibraplus.mx\/\" target=\"_blank\" rel=\"noopener noreferrer\">Fibra Plus<\/a>,<\/strong> el primer fideicomiso de inversi\u00f3n en bienes ra\u00edces enfocado mayoritariamente al desarrollo de activos inmobiliarios, dio a conocer que durante este 2019 dar\u00e1 puntual seguimiento a sus planes de negocio establecidos, para brindar mayor certeza a los inversionistas.<\/p>\n<p>En un comunicado,\u00a0<strong>Gustavo Tom\u00e9<\/strong>, presidente del Consejo y fundador de la firma, dijo que se mantendr\u00e1n con firmeza para continuar sus proyectos en desarrollo a trav\u00e9s de la innovaci\u00f3n.<\/p>\n<p>\u201cEste <strong>2019<\/strong> ser\u00e1 un a\u00f1o de grandes logros, ya que continuaremos con paso firme en el desarrollo de nuestros proyectos, manteniendo el compromiso con la rentabilidad y generaci\u00f3n de valor a trav\u00e9s de un modelo innovador\u00bb, subray\u00f3.<\/p>\n<p>El directivo se\u00f1ala que derivado de los resultados obtenidos a lo largo de 2018, as\u00ed como\u00a0implementar ajustes para mejorar en un<strong> 5% el rendimiento<\/strong> y de brindar mayor certeza y rentabilidad a sus inversionistas, Fibra Plus se posiciona este a\u00f1o como una excelente opci\u00f3n en el mercado de los Fibras.<\/p>\n<p>\u00abLo anterior, aunado al avance de obra f\u00edsica de su portafolio de <strong>proyectos<\/strong>, entre los que se cuentan <strong>15<\/strong> repartidos en diferentes lugares de la Rep\u00fablica como Campeche, Colima, Estado de M\u00e9xico, Jalisco, Oaxaca, Tabasco, Baja California y CDMX, entre otros, llevan a Fibra Plus a mantenerse como una empresa punta de lanza en el sector inmobiliario\u00bb, agrega.<\/p>\n<p>Entre los activos actuales del fideicomiso destacan desarrollos como <strong>Espacio Condesa<\/strong>, Elite Acueducto, Centro Comercial Manzanillo, Capitolio Sat\u00e9lite, Torre Premier Villahermosa, Centro Comercial Salina Cruz, Torre Ciudad de Carmen y Edificio Arcos.<\/p>\n","protected":false},"excerpt":{"rendered":"<p>Actualmente el fideicomiso cuenta con 15 proyectos en zonas estrat\u00e9gicas del pa\u00eds<\/p>\n","protected":false},"author":69,"featured_media":84193,"comment_status":"open","ping_status":"closed","sticky":false,"template":"","format":"standard","meta":{"om_disable_all_campaigns":false,"inline_featured_image":false,"_monsterinsights_skip_tracking":false,"_monsterinsights_sitenote_active":false,"_monsterinsights_sitenote_note":"","_monsterinsights_sitenote_category":0,"footnotes":""},"categories":[15],"tags":[8859],"class_list":["post-84192","post","type-post","status-publish","format-standard","has-post-thumbnail","hentry","category-inmobiliario","tag-fibra-plus"],"yoast_head":"<!-- This site is optimized with the Yoast SEO plugin v27.4 - https:\/\/yoast.com\/product\/yoast-seo-wordpress\/ -->\n<title>Fibra Plus mantendr\u00e1 paso firme en sus proyectos este 2019<\/title>\n<meta name=\"description\" content=\"Actualmente el fideicomiso cuenta con 15 proyectos en zonas estrat\u00e9gicas del pa\u00eds\" \/>\n<meta name=\"robots\" content=\"index, follow, max-snippet:-1, max-image-preview:large, max-video-preview:-1\" \/>\n<link rel=\"canonical\" href=\"https:\/\/centrourbano.com\/revista\/inmobiliario\/fibra-plus-mantendra-paso-firme-en-sus-proyectos-este-2019\/\" \/>\n<meta property=\"og:locale\" content=\"es_ES\" \/>\n<meta property=\"og:type\" content=\"article\" \/>\n<meta property=\"og:title\" content=\"Fibra Plus mantendr\u00e1 paso firme en sus proyectos este 2019\" \/>\n<meta property=\"og:description\" content=\"Actualmente el fideicomiso cuenta con 15 proyectos en zonas estrat\u00e9gicas del pa\u00eds\" \/>\n<meta property=\"og:url\" content=\"https:\/\/centrourbano.com\/revista\/inmobiliario\/fibra-plus-mantendra-paso-firme-en-sus-proyectos-este-2019\/\" \/>\n<meta property=\"og:site_name\" content=\"Centro Urbano\" \/>\n<meta property=\"article:publisher\" content=\"https:\/\/www.facebook.com\/portalcentrourbano\" \/>\n<meta property=\"article:published_time\" content=\"2019-01-04T13:00:46+00:00\" \/>\n<meta property=\"og:image\" content=\"https:\/\/centrourbano.com\/revista\/wp-content\/uploads\/Condesa.jpg\" \/>\n\t<meta property=\"og:image:width\" content=\"1257\" \/>\n\t<meta property=\"og:image:height\" content=\"650\" \/>\n\t<meta property=\"og:image:type\" content=\"image\/jpeg\" \/>\n<meta name=\"author\" content=\"Fernando Navarrete\" \/>\n<meta name=\"twitter:card\" content=\"summary_large_image\" \/>\n<meta name=\"twitter:creator\" content=\"@CentroUrbano\" \/>\n<meta name=\"twitter:site\" content=\"@CentroUrbano\" \/>\n<meta name=\"twitter:label1\" content=\"Escrito por\" \/>\n\t<meta name=\"twitter:data1\" content=\"Fernando Navarrete\" \/>\n\t<meta name=\"twitter:label2\" content=\"Tiempo de lectura\" \/>\n\t<meta name=\"twitter:data2\" content=\"1 minuto\" \/>\n<script type=\"application\/ld+json\" class=\"yoast-schema-graph\">{\"@context\":\"https:\\\/\\\/schema.org\",\"@graph\":[{\"@type\":\"Article\",\"@id\":\"https:\\\/\\\/centrourbano.com\\\/revista\\\/inmobiliario\\\/fibra-plus-mantendra-paso-firme-en-sus-proyectos-este-2019\\\/#article\",\"isPartOf\":{\"@id\":\"https:\\\/\\\/centrourbano.com\\\/revista\\\/inmobiliario\\\/fibra-plus-mantendra-paso-firme-en-sus-proyectos-este-2019\\\/\"},\"author\":{\"name\":\"Fernando Navarrete\",\"@id\":\"https:\\\/\\\/centrourbano.com\\\/revista\\\/#\\\/schema\\\/person\\\/515c32d01ece40d20a7ed3fdf34051af\"},\"headline\":\"Fibra Plus mantendr\u00e1 paso firme en sus proyectos este 2019\",\"datePublished\":\"2019-01-04T13:00:46+00:00\",\"mainEntityOfPage\":{\"@id\":\"https:\\\/\\\/centrourbano.com\\\/revista\\\/inmobiliario\\\/fibra-plus-mantendra-paso-firme-en-sus-proyectos-este-2019\\\/\"},\"wordCount\":280,\"commentCount\":0,\"publisher\":{\"@id\":\"https:\\\/\\\/centrourbano.com\\\/revista\\\/#organization\"},\"image\":{\"@id\":\"https:\\\/\\\/centrourbano.com\\\/revista\\\/inmobiliario\\\/fibra-plus-mantendra-paso-firme-en-sus-proyectos-este-2019\\\/#primaryimage\"},\"thumbnailUrl\":\"https:\\\/\\\/centrourbano.com\\\/revista\\\/wp-content\\\/uploads\\\/Condesa.jpg\",\"keywords\":[\"Fibra Plus\"],\"articleSection\":[\"Inmobiliario\"],\"inLanguage\":\"es\",\"potentialAction\":[{\"@type\":\"CommentAction\",\"name\":\"Comment\",\"target\":[\"https:\\\/\\\/centrourbano.com\\\/revista\\\/inmobiliario\\\/fibra-plus-mantendra-paso-firme-en-sus-proyectos-este-2019\\\/#respond\"]}]},{\"@type\":\"WebPage\",\"@id\":\"https:\\\/\\\/centrourbano.com\\\/revista\\\/inmobiliario\\\/fibra-plus-mantendra-paso-firme-en-sus-proyectos-este-2019\\\/\",\"url\":\"https:\\\/\\\/centrourbano.com\\\/revista\\\/inmobiliario\\\/fibra-plus-mantendra-paso-firme-en-sus-proyectos-este-2019\\\/\",\"name\":\"Fibra Plus mantendr\u00e1 paso firme en sus proyectos este 2019\",\"isPartOf\":{\"@id\":\"https:\\\/\\\/centrourbano.com\\\/revista\\\/#website\"},\"primaryImageOfPage\":{\"@id\":\"https:\\\/\\\/centrourbano.com\\\/revista\\\/inmobiliario\\\/fibra-plus-mantendra-paso-firme-en-sus-proyectos-este-2019\\\/#primaryimage\"},\"image\":{\"@id\":\"https:\\\/\\\/centrourbano.com\\\/revista\\\/inmobiliario\\\/fibra-plus-mantendra-paso-firme-en-sus-proyectos-este-2019\\\/#primaryimage\"},\"thumbnailUrl\":\"https:\\\/\\\/centrourbano.com\\\/revista\\\/wp-content\\\/uploads\\\/Condesa.jpg\",\"datePublished\":\"2019-01-04T13:00:46+00:00\",\"description\":\"Actualmente el fideicomiso cuenta con 15 proyectos en zonas estrat\u00e9gicas del pa\u00eds\",\"breadcrumb\":{\"@id\":\"https:\\\/\\\/centrourbano.com\\\/revista\\\/inmobiliario\\\/fibra-plus-mantendra-paso-firme-en-sus-proyectos-este-2019\\\/#breadcrumb\"},\"inLanguage\":\"es\",\"potentialAction\":[{\"@type\":\"ReadAction\",\"target\":[\"https:\\\/\\\/centrourbano.com\\\/revista\\\/inmobiliario\\\/fibra-plus-mantendra-paso-firme-en-sus-proyectos-este-2019\\\/\"]}]},{\"@type\":\"ImageObject\",\"inLanguage\":\"es\",\"@id\":\"https:\\\/\\\/centrourbano.com\\\/revista\\\/inmobiliario\\\/fibra-plus-mantendra-paso-firme-en-sus-proyectos-este-2019\\\/#primaryimage\",\"url\":\"https:\\\/\\\/centrourbano.com\\\/revista\\\/wp-content\\\/uploads\\\/Condesa.jpg\",\"contentUrl\":\"https:\\\/\\\/centrourbano.com\\\/revista\\\/wp-content\\\/uploads\\\/Condesa.jpg\",\"width\":1257,\"height\":650,\"caption\":\"Actualmente el fideicomiso cuenta con 15 proyectos en zonas estrat\u00e9gicas del pa\u00eds\"},{\"@type\":\"BreadcrumbList\",\"@id\":\"https:\\\/\\\/centrourbano.com\\\/revista\\\/inmobiliario\\\/fibra-plus-mantendra-paso-firme-en-sus-proyectos-este-2019\\\/#breadcrumb\",\"itemListElement\":[{\"@type\":\"ListItem\",\"position\":1,\"name\":\"Portada\",\"item\":\"https:\\\/\\\/centrourbano.com\\\/revista\\\/\"},{\"@type\":\"ListItem\",\"position\":2,\"name\":\"Fibra Plus mantendr\u00e1 paso firme en sus proyectos este 2019\"}]},{\"@type\":\"WebSite\",\"@id\":\"https:\\\/\\\/centrourbano.com\\\/revista\\\/#website\",\"url\":\"https:\\\/\\\/centrourbano.com\\\/revista\\\/\",\"name\":\"Centro Urbano\",\"description\":\"Medio especializado en los sectores vivienda, inmobiliario, construcci\u00f3n, arquitectura y urbanismo.\",\"publisher\":{\"@id\":\"https:\\\/\\\/centrourbano.com\\\/revista\\\/#organization\"},\"potentialAction\":[{\"@type\":\"SearchAction\",\"target\":{\"@type\":\"EntryPoint\",\"urlTemplate\":\"https:\\\/\\\/centrourbano.com\\\/revista\\\/?s={search_term_string}\"},\"query-input\":{\"@type\":\"PropertyValueSpecification\",\"valueRequired\":true,\"valueName\":\"search_term_string\"}}],\"inLanguage\":\"es\"},{\"@type\":\"Organization\",\"@id\":\"https:\\\/\\\/centrourbano.com\\\/revista\\\/#organization\",\"name\":\"Centro Urbano\",\"url\":\"https:\\\/\\\/centrourbano.com\\\/revista\\\/\",\"logo\":{\"@type\":\"ImageObject\",\"inLanguage\":\"es\",\"@id\":\"https:\\\/\\\/centrourbano.com\\\/revista\\\/#\\\/schema\\\/logo\\\/image\\\/\",\"url\":\"https:\\\/\\\/centrourbano.com\\\/revista\\\/wp-content\\\/uploads\\\/web_CU_logo-1.png\",\"contentUrl\":\"https:\\\/\\\/centrourbano.com\\\/revista\\\/wp-content\\\/uploads\\\/web_CU_logo-1.png\",\"width\":350,\"height\":91,\"caption\":\"Centro Urbano\"},\"image\":{\"@id\":\"https:\\\/\\\/centrourbano.com\\\/revista\\\/#\\\/schema\\\/logo\\\/image\\\/\"},\"sameAs\":[\"https:\\\/\\\/www.facebook.com\\\/portalcentrourbano\",\"https:\\\/\\\/x.com\\\/CentroUrbano\",\"https:\\\/\\\/www.instagram.com\\\/centro_urbano\\\/\",\"https:\\\/\\\/www.linkedin.com\\\/company\\\/centro-urbano\\\/\",\"http:\\\/\\\/www.youtube.com\\\/user\\\/portalcentrourbano\"]},{\"@type\":\"Person\",\"@id\":\"https:\\\/\\\/centrourbano.com\\\/revista\\\/#\\\/schema\\\/person\\\/515c32d01ece40d20a7ed3fdf34051af\",\"name\":\"Fernando Navarrete\",\"image\":{\"@type\":\"ImageObject\",\"inLanguage\":\"es\",\"@id\":\"https:\\\/\\\/secure.gravatar.com\\\/avatar\\\/f4dd6927a99e72698473e350e20ec8a38bd48cb668e15b03d04e8e537da41ad0?s=96&d=mm&r=g\",\"url\":\"https:\\\/\\\/secure.gravatar.com\\\/avatar\\\/f4dd6927a99e72698473e350e20ec8a38bd48cb668e15b03d04e8e537da41ad0?s=96&d=mm&r=g\",\"contentUrl\":\"https:\\\/\\\/secure.gravatar.com\\\/avatar\\\/f4dd6927a99e72698473e350e20ec8a38bd48cb668e15b03d04e8e537da41ad0?s=96&d=mm&r=g\",\"caption\":\"Fernando Navarrete\"},\"description\":\"Reportero de negocios, inmobiliario, construcci\u00f3n e industria. Me interesa la econom\u00eda, pol\u00edtica, historia y antropolog\u00eda. Estudi\u00e9 en la Facultad de Ciencias Pol\u00edticas y Sociales de la UNAM. Tengo experiencia en el sector p\u00fablico, la industria del acero, ingenier\u00eda civil, IT y corporativos; soy un nost\u00e1lgico nacionalista contempor\u00e1neo que cree en la grandeza de su pa\u00eds. Asiduo lector de Juan Rulfo, Jos\u00e9 Revueltas y J. R. R Tolkien.\",\"url\":\"https:\\\/\\\/centrourbano.com\\\/revista\\\/author\\\/fernando-navarrete\\\/\"}]}<\/script>\n<!-- \/ Yoast SEO plugin. -->","yoast_head_json":{"title":"Fibra Plus mantendr\u00e1 paso firme en sus proyectos este 2019","description":"Actualmente el fideicomiso cuenta con 15 proyectos en zonas estrat\u00e9gicas del pa\u00eds","robots":{"index":"index","follow":"follow","max-snippet":"max-snippet:-1","max-image-preview":"max-image-preview:large","max-video-preview":"max-video-preview:-1"},"canonical":"https:\/\/centrourbano.com\/revista\/inmobiliario\/fibra-plus-mantendra-paso-firme-en-sus-proyectos-este-2019\/","og_locale":"es_ES","og_type":"article","og_title":"Fibra Plus mantendr\u00e1 paso firme en sus proyectos este 2019","og_description":"Actualmente el fideicomiso cuenta con 15 proyectos en zonas estrat\u00e9gicas del pa\u00eds","og_url":"https:\/\/centrourbano.com\/revista\/inmobiliario\/fibra-plus-mantendra-paso-firme-en-sus-proyectos-este-2019\/","og_site_name":"Centro Urbano","article_publisher":"https:\/\/www.facebook.com\/portalcentrourbano","article_published_time":"2019-01-04T13:00:46+00:00","og_image":[{"width":1257,"height":650,"url":"https:\/\/centrourbano.com\/revista\/wp-content\/uploads\/Condesa.jpg","type":"image\/jpeg"}],"author":"Fernando Navarrete","twitter_card":"summary_large_image","twitter_creator":"@CentroUrbano","twitter_site":"@CentroUrbano","twitter_misc":{"Escrito por":"Fernando Navarrete","Tiempo de lectura":"1 minuto"},"schema":{"@context":"https:\/\/schema.org","@graph":[{"@type":"Article","@id":"https:\/\/centrourbano.com\/revista\/inmobiliario\/fibra-plus-mantendra-paso-firme-en-sus-proyectos-este-2019\/#article","isPartOf":{"@id":"https:\/\/centrourbano.com\/revista\/inmobiliario\/fibra-plus-mantendra-paso-firme-en-sus-proyectos-este-2019\/"},"author":{"name":"Fernando Navarrete","@id":"https:\/\/centrourbano.com\/revista\/#\/schema\/person\/515c32d01ece40d20a7ed3fdf34051af"},"headline":"Fibra Plus mantendr\u00e1 paso firme en sus proyectos este 2019","datePublished":"2019-01-04T13:00:46+00:00","mainEntityOfPage":{"@id":"https:\/\/centrourbano.com\/revista\/inmobiliario\/fibra-plus-mantendra-paso-firme-en-sus-proyectos-este-2019\/"},"wordCount":280,"commentCount":0,"publisher":{"@id":"https:\/\/centrourbano.com\/revista\/#organization"},"image":{"@id":"https:\/\/centrourbano.com\/revista\/inmobiliario\/fibra-plus-mantendra-paso-firme-en-sus-proyectos-este-2019\/#primaryimage"},"thumbnailUrl":"https:\/\/centrourbano.com\/revista\/wp-content\/uploads\/Condesa.jpg","keywords":["Fibra Plus"],"articleSection":["Inmobiliario"],"inLanguage":"es","potentialAction":[{"@type":"CommentAction","name":"Comment","target":["https:\/\/centrourbano.com\/revista\/inmobiliario\/fibra-plus-mantendra-paso-firme-en-sus-proyectos-este-2019\/#respond"]}]},{"@type":"WebPage","@id":"https:\/\/centrourbano.com\/revista\/inmobiliario\/fibra-plus-mantendra-paso-firme-en-sus-proyectos-este-2019\/","url":"https:\/\/centrourbano.com\/revista\/inmobiliario\/fibra-plus-mantendra-paso-firme-en-sus-proyectos-este-2019\/","name":"Fibra Plus mantendr\u00e1 paso firme en sus proyectos este 2019","isPartOf":{"@id":"https:\/\/centrourbano.com\/revista\/#website"},"primaryImageOfPage":{"@id":"https:\/\/centrourbano.com\/revista\/inmobiliario\/fibra-plus-mantendra-paso-firme-en-sus-proyectos-este-2019\/#primaryimage"},"image":{"@id":"https:\/\/centrourbano.com\/revista\/inmobiliario\/fibra-plus-mantendra-paso-firme-en-sus-proyectos-este-2019\/#primaryimage"},"thumbnailUrl":"https:\/\/centrourbano.com\/revista\/wp-content\/uploads\/Condesa.jpg","datePublished":"2019-01-04T13:00:46+00:00","description":"Actualmente el fideicomiso cuenta con 15 proyectos en zonas estrat\u00e9gicas del pa\u00eds","breadcrumb":{"@id":"https:\/\/centrourbano.com\/revista\/inmobiliario\/fibra-plus-mantendra-paso-firme-en-sus-proyectos-este-2019\/#breadcrumb"},"inLanguage":"es","potentialAction":[{"@type":"ReadAction","target":["https:\/\/centrourbano.com\/revista\/inmobiliario\/fibra-plus-mantendra-paso-firme-en-sus-proyectos-este-2019\/"]}]},{"@type":"ImageObject","inLanguage":"es","@id":"https:\/\/centrourbano.com\/revista\/inmobiliario\/fibra-plus-mantendra-paso-firme-en-sus-proyectos-este-2019\/#primaryimage","url":"https:\/\/centrourbano.com\/revista\/wp-content\/uploads\/Condesa.jpg","contentUrl":"https:\/\/centrourbano.com\/revista\/wp-content\/uploads\/Condesa.jpg","width":1257,"height":650,"caption":"Actualmente el fideicomiso cuenta con 15 proyectos en zonas estrat\u00e9gicas del pa\u00eds"},{"@type":"BreadcrumbList","@id":"https:\/\/centrourbano.com\/revista\/inmobiliario\/fibra-plus-mantendra-paso-firme-en-sus-proyectos-este-2019\/#breadcrumb","itemListElement":[{"@type":"ListItem","position":1,"name":"Portada","item":"https:\/\/centrourbano.com\/revista\/"},{"@type":"ListItem","position":2,"name":"Fibra Plus mantendr\u00e1 paso firme en sus proyectos este 2019"}]},{"@type":"WebSite","@id":"https:\/\/centrourbano.com\/revista\/#website","url":"https:\/\/centrourbano.com\/revista\/","name":"Centro Urbano","description":"Medio especializado en los sectores vivienda, inmobiliario, construcci\u00f3n, arquitectura y urbanismo.","publisher":{"@id":"https:\/\/centrourbano.com\/revista\/#organization"},"potentialAction":[{"@type":"SearchAction","target":{"@type":"EntryPoint","urlTemplate":"https:\/\/centrourbano.com\/revista\/?s={search_term_string}"},"query-input":{"@type":"PropertyValueSpecification","valueRequired":true,"valueName":"search_term_string"}}],"inLanguage":"es"},{"@type":"Organization","@id":"https:\/\/centrourbano.com\/revista\/#organization","name":"Centro Urbano","url":"https:\/\/centrourbano.com\/revista\/","logo":{"@type":"ImageObject","inLanguage":"es","@id":"https:\/\/centrourbano.com\/revista\/#\/schema\/logo\/image\/","url":"https:\/\/centrourbano.com\/revista\/wp-content\/uploads\/web_CU_logo-1.png","contentUrl":"https:\/\/centrourbano.com\/revista\/wp-content\/uploads\/web_CU_logo-1.png","width":350,"height":91,"caption":"Centro Urbano"},"image":{"@id":"https:\/\/centrourbano.com\/revista\/#\/schema\/logo\/image\/"},"sameAs":["https:\/\/www.facebook.com\/portalcentrourbano","https:\/\/x.com\/CentroUrbano","https:\/\/www.instagram.com\/centro_urbano\/","https:\/\/www.linkedin.com\/company\/centro-urbano\/","http:\/\/www.youtube.com\/user\/portalcentrourbano"]},{"@type":"Person","@id":"https:\/\/centrourbano.com\/revista\/#\/schema\/person\/515c32d01ece40d20a7ed3fdf34051af","name":"Fernando Navarrete","image":{"@type":"ImageObject","inLanguage":"es","@id":"https:\/\/secure.gravatar.com\/avatar\/f4dd6927a99e72698473e350e20ec8a38bd48cb668e15b03d04e8e537da41ad0?s=96&d=mm&r=g","url":"https:\/\/secure.gravatar.com\/avatar\/f4dd6927a99e72698473e350e20ec8a38bd48cb668e15b03d04e8e537da41ad0?s=96&d=mm&r=g","contentUrl":"https:\/\/secure.gravatar.com\/avatar\/f4dd6927a99e72698473e350e20ec8a38bd48cb668e15b03d04e8e537da41ad0?s=96&d=mm&r=g","caption":"Fernando Navarrete"},"description":"Reportero de negocios, inmobiliario, construcci\u00f3n e industria. Me interesa la econom\u00eda, pol\u00edtica, historia y antropolog\u00eda. Estudi\u00e9 en la Facultad de Ciencias Pol\u00edticas y Sociales de la UNAM. Tengo experiencia en el sector p\u00fablico, la industria del acero, ingenier\u00eda civil, IT y corporativos; soy un nost\u00e1lgico nacionalista contempor\u00e1neo que cree en la grandeza de su pa\u00eds. Asiduo lector de Juan Rulfo, Jos\u00e9 Revueltas y J. R. R Tolkien.","url":"https:\/\/centrourbano.com\/revista\/author\/fernando-navarrete\/"}]}},"_links":{"self":[{"href":"https:\/\/centrourbano.com\/revista\/wp-json\/wp\/v2\/posts\/84192","targetHints":{"allow":["GET"]}}],"collection":[{"href":"https:\/\/centrourbano.com\/revista\/wp-json\/wp\/v2\/posts"}],"about":[{"href":"https:\/\/centrourbano.com\/revista\/wp-json\/wp\/v2\/types\/post"}],"author":[{"embeddable":true,"href":"https:\/\/centrourbano.com\/revista\/wp-json\/wp\/v2\/users\/69"}],"replies":[{"embeddable":true,"href":"https:\/\/centrourbano.com\/revista\/wp-json\/wp\/v2\/comments?post=84192"}],"version-history":[{"count":2,"href":"https:\/\/centrourbano.com\/revista\/wp-json\/wp\/v2\/posts\/84192\/revisions"}],"predecessor-version":[{"id":84195,"href":"https:\/\/centrourbano.com\/revista\/wp-json\/wp\/v2\/posts\/84192\/revisions\/84195"}],"wp:featuredmedia":[{"embeddable":true,"href":"https:\/\/centrourbano.com\/revista\/wp-json\/wp\/v2\/media\/84193"}],"wp:attachment":[{"href":"https:\/\/centrourbano.com\/revista\/wp-json\/wp\/v2\/media?parent=84192"}],"wp:term":[{"taxonomy":"category","embeddable":true,"href":"https:\/\/centrourbano.com\/revista\/wp-json\/wp\/v2\/categories?post=84192"},{"taxonomy":"post_tag","embeddable":true,"href":"https:\/\/centrourbano.com\/revista\/wp-json\/wp\/v2\/tags?post=84192"}],"curies":[{"name":"wp","href":"https:\/\/api.w.org\/{rel}","templated":true}]}}