{"id":84179,"date":"2019-01-04T08:00:21","date_gmt":"2019-01-04T14:00:21","guid":{"rendered":"https:\/\/centrourbano.com\/?p=84179"},"modified":"2019-01-03T15:40:16","modified_gmt":"2019-01-03T21:40:16","slug":"se-crea-una-luminaria-solar-poblaciones-rurales","status":"publish","type":"post","link":"https:\/\/centrourbano.com\/revista\/urbanismo\/se-crea-una-luminaria-solar-poblaciones-rurales\/","title":{"rendered":"Mexicana crea luminaria solar para poblaciones rurales"},"content":{"rendered":"<p><em>El proyecto se presentar\u00e1 a autoridades estatales con el fin de beneficiar a poblaciones que no cuenten con energ\u00eda el\u00e9ctrica<\/em><!--more-->Lucero de la Rosa Mac\u00edas, ingeniera qu\u00edmica egresada del Instituto Tecnol\u00f3gico de Villahermosa desarroll\u00f3 una luminaria que transforma la energ\u00eda solar en el\u00e9ctrica capaz de proveer iluminaci\u00f3n a poblaciones que a\u00fan emplean l\u00e1mparas de gas o alcohol.<\/p>\n<p>La luminaria solar result\u00f3 ganadora en el segundo Foro Global de Crecimiento Verde y se encuentra preparando la propuesta para que autoridades estatales utilicen estas luminarias en zonas que no cuentan con energ\u00eda el\u00e9ctrica.<\/p>\n<p>El dispositivo utiliza paneles solares y una bater\u00eda de litio\u00a0que provee de energ\u00eda a una l\u00e1mpara LED para alumbrar por ocho horas, puede abastecer de energ\u00eda para refrigeraci\u00f3n de alimentos y medicinas, adem\u00e1s cuenta con conexiones para celular o tabletas electr\u00f3nicas.<\/p>\n<p>El tiempo de vida es de m\u00e1s de 15 a\u00f1os por tanto podr\u00eda utilizarse en centros de educaci\u00f3n con el prop\u00f3sito de impulsar el desarrollo sustentable en poblaciones sin energ\u00eda el\u00e9ctrica..<\/p>\n","protected":false},"excerpt":{"rendered":"<p>El proyecto se presentar\u00e1 a autoridades estatales con el fin de beneficiar a poblaciones que no cuenten con energ\u00eda el\u00e9ctrica<\/p>\n","protected":false},"author":72,"featured_media":84182,"comment_status":"open","ping_status":"closed","sticky":false,"template":"","format":"standard","meta":{"om_disable_all_campaigns":false,"inline_featured_image":false,"_monsterinsights_skip_tracking":false,"_monsterinsights_sitenote_active":false,"_monsterinsights_sitenote_note":"","_monsterinsights_sitenote_category":0,"footnotes":""},"categories":[82],"tags":[],"class_list":["post-84179","post","type-post","status-publish","format-standard","has-post-thumbnail","hentry","category-urbanismo"],"yoast_head":"<!-- This site is optimized with the Yoast SEO plugin v27.4 - https:\/\/yoast.com\/product\/yoast-seo-wordpress\/ -->\n<title>Mexicana crea luminaria solar para poblaciones rurales<\/title>\n<meta name=\"description\" content=\"El proyecto se presentar\u00e1 a autoridades estatales con el fin de beneficiar a poblaciones que no cuenten con energ\u00eda el\u00e9ctrica\" \/>\n<meta name=\"robots\" content=\"index, follow, max-snippet:-1, max-image-preview:large, max-video-preview:-1\" \/>\n<link rel=\"canonical\" href=\"https:\/\/centrourbano.com\/revista\/urbanismo\/se-crea-una-luminaria-solar-poblaciones-rurales\/\" \/>\n<meta property=\"og:locale\" content=\"es_ES\" \/>\n<meta property=\"og:type\" content=\"article\" \/>\n<meta property=\"og:title\" content=\"Mexicana crea luminaria solar para poblaciones rurales\" \/>\n<meta property=\"og:description\" content=\"El proyecto se presentar\u00e1 a autoridades estatales con el fin de beneficiar a poblaciones que no cuenten con energ\u00eda el\u00e9ctrica\" \/>\n<meta property=\"og:url\" content=\"https:\/\/centrourbano.com\/revista\/urbanismo\/se-crea-una-luminaria-solar-poblaciones-rurales\/\" \/>\n<meta property=\"og:site_name\" content=\"Centro Urbano\" \/>\n<meta property=\"article:publisher\" content=\"https:\/\/www.facebook.com\/portalcentrourbano\" \/>\n<meta property=\"article:published_time\" content=\"2019-01-04T14:00:21+00:00\" \/>\n<meta property=\"og:image\" content=\"https:\/\/centrourbano.com\/revista\/wp-content\/uploads\/Escuela_N\u00ba_4805_-_Comunidad_Wichi_Lapacho_II_-_Tartagal_-_San_Mart\u00edn_-_panoramio.jpg\" \/>\n\t<meta property=\"og:image:width\" content=\"3264\" \/>\n\t<meta property=\"og:image:height\" content=\"2448\" \/>\n\t<meta property=\"og:image:type\" content=\"image\/jpeg\" \/>\n<meta name=\"author\" content=\"Erika Escobar\" \/>\n<meta name=\"twitter:card\" content=\"summary_large_image\" \/>\n<meta name=\"twitter:creator\" content=\"@CentroUrbano\" \/>\n<meta name=\"twitter:site\" content=\"@CentroUrbano\" \/>\n<meta name=\"twitter:label1\" content=\"Escrito por\" \/>\n\t<meta name=\"twitter:data1\" content=\"Erika Escobar\" \/>\n\t<meta name=\"twitter:label2\" content=\"Tiempo de lectura\" \/>\n\t<meta name=\"twitter:data2\" content=\"1 minuto\" \/>\n<script type=\"application\/ld+json\" class=\"yoast-schema-graph\">{\"@context\":\"https:\\\/\\\/schema.org\",\"@graph\":[{\"@type\":\"Article\",\"@id\":\"https:\\\/\\\/centrourbano.com\\\/revista\\\/urbanismo\\\/se-crea-una-luminaria-solar-poblaciones-rurales\\\/#article\",\"isPartOf\":{\"@id\":\"https:\\\/\\\/centrourbano.com\\\/revista\\\/urbanismo\\\/se-crea-una-luminaria-solar-poblaciones-rurales\\\/\"},\"author\":{\"name\":\"Erika Escobar\",\"@id\":\"https:\\\/\\\/centrourbano.com\\\/revista\\\/#\\\/schema\\\/person\\\/8469a7904fe3cf3ff7a3c2e0686b6587\"},\"headline\":\"Mexicana crea luminaria solar para poblaciones rurales\",\"datePublished\":\"2019-01-04T14:00:21+00:00\",\"mainEntityOfPage\":{\"@id\":\"https:\\\/\\\/centrourbano.com\\\/revista\\\/urbanismo\\\/se-crea-una-luminaria-solar-poblaciones-rurales\\\/\"},\"wordCount\":196,\"commentCount\":0,\"publisher\":{\"@id\":\"https:\\\/\\\/centrourbano.com\\\/revista\\\/#organization\"},\"image\":{\"@id\":\"https:\\\/\\\/centrourbano.com\\\/revista\\\/urbanismo\\\/se-crea-una-luminaria-solar-poblaciones-rurales\\\/#primaryimage\"},\"thumbnailUrl\":\"https:\\\/\\\/centrourbano.com\\\/revista\\\/wp-content\\\/uploads\\\/Escuela_N\u00ba_4805_-_Comunidad_Wichi_Lapacho_II_-_Tartagal_-_San_Mart\u00edn_-_panoramio.jpg\",\"articleSection\":[\"Urbanismo\"],\"inLanguage\":\"es\",\"potentialAction\":[{\"@type\":\"CommentAction\",\"name\":\"Comment\",\"target\":[\"https:\\\/\\\/centrourbano.com\\\/revista\\\/urbanismo\\\/se-crea-una-luminaria-solar-poblaciones-rurales\\\/#respond\"]}]},{\"@type\":\"WebPage\",\"@id\":\"https:\\\/\\\/centrourbano.com\\\/revista\\\/urbanismo\\\/se-crea-una-luminaria-solar-poblaciones-rurales\\\/\",\"url\":\"https:\\\/\\\/centrourbano.com\\\/revista\\\/urbanismo\\\/se-crea-una-luminaria-solar-poblaciones-rurales\\\/\",\"name\":\"Mexicana crea luminaria solar para poblaciones rurales\",\"isPartOf\":{\"@id\":\"https:\\\/\\\/centrourbano.com\\\/revista\\\/#website\"},\"primaryImageOfPage\":{\"@id\":\"https:\\\/\\\/centrourbano.com\\\/revista\\\/urbanismo\\\/se-crea-una-luminaria-solar-poblaciones-rurales\\\/#primaryimage\"},\"image\":{\"@id\":\"https:\\\/\\\/centrourbano.com\\\/revista\\\/urbanismo\\\/se-crea-una-luminaria-solar-poblaciones-rurales\\\/#primaryimage\"},\"thumbnailUrl\":\"https:\\\/\\\/centrourbano.com\\\/revista\\\/wp-content\\\/uploads\\\/Escuela_N\u00ba_4805_-_Comunidad_Wichi_Lapacho_II_-_Tartagal_-_San_Mart\u00edn_-_panoramio.jpg\",\"datePublished\":\"2019-01-04T14:00:21+00:00\",\"description\":\"El proyecto se presentar\u00e1 a autoridades estatales con el fin de beneficiar a poblaciones que no cuenten con energ\u00eda el\u00e9ctrica\",\"breadcrumb\":{\"@id\":\"https:\\\/\\\/centrourbano.com\\\/revista\\\/urbanismo\\\/se-crea-una-luminaria-solar-poblaciones-rurales\\\/#breadcrumb\"},\"inLanguage\":\"es\",\"potentialAction\":[{\"@type\":\"ReadAction\",\"target\":[\"https:\\\/\\\/centrourbano.com\\\/revista\\\/urbanismo\\\/se-crea-una-luminaria-solar-poblaciones-rurales\\\/\"]}]},{\"@type\":\"ImageObject\",\"inLanguage\":\"es\",\"@id\":\"https:\\\/\\\/centrourbano.com\\\/revista\\\/urbanismo\\\/se-crea-una-luminaria-solar-poblaciones-rurales\\\/#primaryimage\",\"url\":\"https:\\\/\\\/centrourbano.com\\\/revista\\\/wp-content\\\/uploads\\\/Escuela_N\u00ba_4805_-_Comunidad_Wichi_Lapacho_II_-_Tartagal_-_San_Mart\u00edn_-_panoramio.jpg\",\"contentUrl\":\"https:\\\/\\\/centrourbano.com\\\/revista\\\/wp-content\\\/uploads\\\/Escuela_N\u00ba_4805_-_Comunidad_Wichi_Lapacho_II_-_Tartagal_-_San_Mart\u00edn_-_panoramio.jpg\",\"width\":3264,\"height\":2448,\"caption\":\"El proyecto se presentar\u00e1 a autoridades estatales con el fin de beneficiar a poblaciones que no cuenten con energ\u00eda el\u00e9ctrica\"},{\"@type\":\"BreadcrumbList\",\"@id\":\"https:\\\/\\\/centrourbano.com\\\/revista\\\/urbanismo\\\/se-crea-una-luminaria-solar-poblaciones-rurales\\\/#breadcrumb\",\"itemListElement\":[{\"@type\":\"ListItem\",\"position\":1,\"name\":\"Portada\",\"item\":\"https:\\\/\\\/centrourbano.com\\\/revista\\\/\"},{\"@type\":\"ListItem\",\"position\":2,\"name\":\"Mexicana crea luminaria solar para poblaciones rurales\"}]},{\"@type\":\"WebSite\",\"@id\":\"https:\\\/\\\/centrourbano.com\\\/revista\\\/#website\",\"url\":\"https:\\\/\\\/centrourbano.com\\\/revista\\\/\",\"name\":\"Centro Urbano\",\"description\":\"Medio especializado en los sectores vivienda, inmobiliario, construcci\u00f3n, arquitectura y urbanismo.\",\"publisher\":{\"@id\":\"https:\\\/\\\/centrourbano.com\\\/revista\\\/#organization\"},\"potentialAction\":[{\"@type\":\"SearchAction\",\"target\":{\"@type\":\"EntryPoint\",\"urlTemplate\":\"https:\\\/\\\/centrourbano.com\\\/revista\\\/?s={search_term_string}\"},\"query-input\":{\"@type\":\"PropertyValueSpecification\",\"valueRequired\":true,\"valueName\":\"search_term_string\"}}],\"inLanguage\":\"es\"},{\"@type\":\"Organization\",\"@id\":\"https:\\\/\\\/centrourbano.com\\\/revista\\\/#organization\",\"name\":\"Centro Urbano\",\"url\":\"https:\\\/\\\/centrourbano.com\\\/revista\\\/\",\"logo\":{\"@type\":\"ImageObject\",\"inLanguage\":\"es\",\"@id\":\"https:\\\/\\\/centrourbano.com\\\/revista\\\/#\\\/schema\\\/logo\\\/image\\\/\",\"url\":\"https:\\\/\\\/centrourbano.com\\\/revista\\\/wp-content\\\/uploads\\\/web_CU_logo-1.png\",\"contentUrl\":\"https:\\\/\\\/centrourbano.com\\\/revista\\\/wp-content\\\/uploads\\\/web_CU_logo-1.png\",\"width\":350,\"height\":91,\"caption\":\"Centro Urbano\"},\"image\":{\"@id\":\"https:\\\/\\\/centrourbano.com\\\/revista\\\/#\\\/schema\\\/logo\\\/image\\\/\"},\"sameAs\":[\"https:\\\/\\\/www.facebook.com\\\/portalcentrourbano\",\"https:\\\/\\\/x.com\\\/CentroUrbano\",\"https:\\\/\\\/www.instagram.com\\\/centro_urbano\\\/\",\"https:\\\/\\\/www.linkedin.com\\\/company\\\/centro-urbano\\\/\",\"http:\\\/\\\/www.youtube.com\\\/user\\\/portalcentrourbano\"]},{\"@type\":\"Person\",\"@id\":\"https:\\\/\\\/centrourbano.com\\\/revista\\\/#\\\/schema\\\/person\\\/8469a7904fe3cf3ff7a3c2e0686b6587\",\"name\":\"Erika Escobar\",\"image\":{\"@type\":\"ImageObject\",\"inLanguage\":\"es\",\"@id\":\"https:\\\/\\\/secure.gravatar.com\\\/avatar\\\/b1a25103701e9979acaf062795c9a583ddab62261a614b46accfcaf729f55957?s=96&d=mm&r=g\",\"url\":\"https:\\\/\\\/secure.gravatar.com\\\/avatar\\\/b1a25103701e9979acaf062795c9a583ddab62261a614b46accfcaf729f55957?s=96&d=mm&r=g\",\"contentUrl\":\"https:\\\/\\\/secure.gravatar.com\\\/avatar\\\/b1a25103701e9979acaf062795c9a583ddab62261a614b46accfcaf729f55957?s=96&d=mm&r=g\",\"caption\":\"Erika Escobar\"},\"url\":\"https:\\\/\\\/centrourbano.com\\\/revista\\\/author\\\/erika-escobar\\\/\"}]}<\/script>\n<!-- \/ Yoast SEO plugin. -->","yoast_head_json":{"title":"Mexicana crea luminaria solar para poblaciones rurales","description":"El proyecto se presentar\u00e1 a autoridades estatales con el fin de beneficiar a poblaciones que no cuenten con energ\u00eda el\u00e9ctrica","robots":{"index":"index","follow":"follow","max-snippet":"max-snippet:-1","max-image-preview":"max-image-preview:large","max-video-preview":"max-video-preview:-1"},"canonical":"https:\/\/centrourbano.com\/revista\/urbanismo\/se-crea-una-luminaria-solar-poblaciones-rurales\/","og_locale":"es_ES","og_type":"article","og_title":"Mexicana crea luminaria solar para poblaciones rurales","og_description":"El proyecto se presentar\u00e1 a autoridades estatales con el fin de beneficiar a poblaciones que no cuenten con energ\u00eda el\u00e9ctrica","og_url":"https:\/\/centrourbano.com\/revista\/urbanismo\/se-crea-una-luminaria-solar-poblaciones-rurales\/","og_site_name":"Centro Urbano","article_publisher":"https:\/\/www.facebook.com\/portalcentrourbano","article_published_time":"2019-01-04T14:00:21+00:00","og_image":[{"width":3264,"height":2448,"url":"https:\/\/centrourbano.com\/revista\/wp-content\/uploads\/Escuela_N\u00ba_4805_-_Comunidad_Wichi_Lapacho_II_-_Tartagal_-_San_Mart\u00edn_-_panoramio.jpg","type":"image\/jpeg"}],"author":"Erika Escobar","twitter_card":"summary_large_image","twitter_creator":"@CentroUrbano","twitter_site":"@CentroUrbano","twitter_misc":{"Escrito por":"Erika Escobar","Tiempo de lectura":"1 minuto"},"schema":{"@context":"https:\/\/schema.org","@graph":[{"@type":"Article","@id":"https:\/\/centrourbano.com\/revista\/urbanismo\/se-crea-una-luminaria-solar-poblaciones-rurales\/#article","isPartOf":{"@id":"https:\/\/centrourbano.com\/revista\/urbanismo\/se-crea-una-luminaria-solar-poblaciones-rurales\/"},"author":{"name":"Erika Escobar","@id":"https:\/\/centrourbano.com\/revista\/#\/schema\/person\/8469a7904fe3cf3ff7a3c2e0686b6587"},"headline":"Mexicana crea luminaria solar para poblaciones rurales","datePublished":"2019-01-04T14:00:21+00:00","mainEntityOfPage":{"@id":"https:\/\/centrourbano.com\/revista\/urbanismo\/se-crea-una-luminaria-solar-poblaciones-rurales\/"},"wordCount":196,"commentCount":0,"publisher":{"@id":"https:\/\/centrourbano.com\/revista\/#organization"},"image":{"@id":"https:\/\/centrourbano.com\/revista\/urbanismo\/se-crea-una-luminaria-solar-poblaciones-rurales\/#primaryimage"},"thumbnailUrl":"https:\/\/centrourbano.com\/revista\/wp-content\/uploads\/Escuela_N\u00ba_4805_-_Comunidad_Wichi_Lapacho_II_-_Tartagal_-_San_Mart\u00edn_-_panoramio.jpg","articleSection":["Urbanismo"],"inLanguage":"es","potentialAction":[{"@type":"CommentAction","name":"Comment","target":["https:\/\/centrourbano.com\/revista\/urbanismo\/se-crea-una-luminaria-solar-poblaciones-rurales\/#respond"]}]},{"@type":"WebPage","@id":"https:\/\/centrourbano.com\/revista\/urbanismo\/se-crea-una-luminaria-solar-poblaciones-rurales\/","url":"https:\/\/centrourbano.com\/revista\/urbanismo\/se-crea-una-luminaria-solar-poblaciones-rurales\/","name":"Mexicana crea luminaria solar para poblaciones rurales","isPartOf":{"@id":"https:\/\/centrourbano.com\/revista\/#website"},"primaryImageOfPage":{"@id":"https:\/\/centrourbano.com\/revista\/urbanismo\/se-crea-una-luminaria-solar-poblaciones-rurales\/#primaryimage"},"image":{"@id":"https:\/\/centrourbano.com\/revista\/urbanismo\/se-crea-una-luminaria-solar-poblaciones-rurales\/#primaryimage"},"thumbnailUrl":"https:\/\/centrourbano.com\/revista\/wp-content\/uploads\/Escuela_N\u00ba_4805_-_Comunidad_Wichi_Lapacho_II_-_Tartagal_-_San_Mart\u00edn_-_panoramio.jpg","datePublished":"2019-01-04T14:00:21+00:00","description":"El proyecto se presentar\u00e1 a autoridades estatales con el fin de beneficiar a poblaciones que no cuenten con energ\u00eda el\u00e9ctrica","breadcrumb":{"@id":"https:\/\/centrourbano.com\/revista\/urbanismo\/se-crea-una-luminaria-solar-poblaciones-rurales\/#breadcrumb"},"inLanguage":"es","potentialAction":[{"@type":"ReadAction","target":["https:\/\/centrourbano.com\/revista\/urbanismo\/se-crea-una-luminaria-solar-poblaciones-rurales\/"]}]},{"@type":"ImageObject","inLanguage":"es","@id":"https:\/\/centrourbano.com\/revista\/urbanismo\/se-crea-una-luminaria-solar-poblaciones-rurales\/#primaryimage","url":"https:\/\/centrourbano.com\/revista\/wp-content\/uploads\/Escuela_N\u00ba_4805_-_Comunidad_Wichi_Lapacho_II_-_Tartagal_-_San_Mart\u00edn_-_panoramio.jpg","contentUrl":"https:\/\/centrourbano.com\/revista\/wp-content\/uploads\/Escuela_N\u00ba_4805_-_Comunidad_Wichi_Lapacho_II_-_Tartagal_-_San_Mart\u00edn_-_panoramio.jpg","width":3264,"height":2448,"caption":"El proyecto se presentar\u00e1 a autoridades estatales con el fin de beneficiar a poblaciones que no cuenten con energ\u00eda el\u00e9ctrica"},{"@type":"BreadcrumbList","@id":"https:\/\/centrourbano.com\/revista\/urbanismo\/se-crea-una-luminaria-solar-poblaciones-rurales\/#breadcrumb","itemListElement":[{"@type":"ListItem","position":1,"name":"Portada","item":"https:\/\/centrourbano.com\/revista\/"},{"@type":"ListItem","position":2,"name":"Mexicana crea luminaria solar para poblaciones rurales"}]},{"@type":"WebSite","@id":"https:\/\/centrourbano.com\/revista\/#website","url":"https:\/\/centrourbano.com\/revista\/","name":"Centro Urbano","description":"Medio especializado en los sectores vivienda, inmobiliario, construcci\u00f3n, arquitectura y urbanismo.","publisher":{"@id":"https:\/\/centrourbano.com\/revista\/#organization"},"potentialAction":[{"@type":"SearchAction","target":{"@type":"EntryPoint","urlTemplate":"https:\/\/centrourbano.com\/revista\/?s={search_term_string}"},"query-input":{"@type":"PropertyValueSpecification","valueRequired":true,"valueName":"search_term_string"}}],"inLanguage":"es"},{"@type":"Organization","@id":"https:\/\/centrourbano.com\/revista\/#organization","name":"Centro Urbano","url":"https:\/\/centrourbano.com\/revista\/","logo":{"@type":"ImageObject","inLanguage":"es","@id":"https:\/\/centrourbano.com\/revista\/#\/schema\/logo\/image\/","url":"https:\/\/centrourbano.com\/revista\/wp-content\/uploads\/web_CU_logo-1.png","contentUrl":"https:\/\/centrourbano.com\/revista\/wp-content\/uploads\/web_CU_logo-1.png","width":350,"height":91,"caption":"Centro Urbano"},"image":{"@id":"https:\/\/centrourbano.com\/revista\/#\/schema\/logo\/image\/"},"sameAs":["https:\/\/www.facebook.com\/portalcentrourbano","https:\/\/x.com\/CentroUrbano","https:\/\/www.instagram.com\/centro_urbano\/","https:\/\/www.linkedin.com\/company\/centro-urbano\/","http:\/\/www.youtube.com\/user\/portalcentrourbano"]},{"@type":"Person","@id":"https:\/\/centrourbano.com\/revista\/#\/schema\/person\/8469a7904fe3cf3ff7a3c2e0686b6587","name":"Erika Escobar","image":{"@type":"ImageObject","inLanguage":"es","@id":"https:\/\/secure.gravatar.com\/avatar\/b1a25103701e9979acaf062795c9a583ddab62261a614b46accfcaf729f55957?s=96&d=mm&r=g","url":"https:\/\/secure.gravatar.com\/avatar\/b1a25103701e9979acaf062795c9a583ddab62261a614b46accfcaf729f55957?s=96&d=mm&r=g","contentUrl":"https:\/\/secure.gravatar.com\/avatar\/b1a25103701e9979acaf062795c9a583ddab62261a614b46accfcaf729f55957?s=96&d=mm&r=g","caption":"Erika Escobar"},"url":"https:\/\/centrourbano.com\/revista\/author\/erika-escobar\/"}]}},"_links":{"self":[{"href":"https:\/\/centrourbano.com\/revista\/wp-json\/wp\/v2\/posts\/84179","targetHints":{"allow":["GET"]}}],"collection":[{"href":"https:\/\/centrourbano.com\/revista\/wp-json\/wp\/v2\/posts"}],"about":[{"href":"https:\/\/centrourbano.com\/revista\/wp-json\/wp\/v2\/types\/post"}],"author":[{"embeddable":true,"href":"https:\/\/centrourbano.com\/revista\/wp-json\/wp\/v2\/users\/72"}],"replies":[{"embeddable":true,"href":"https:\/\/centrourbano.com\/revista\/wp-json\/wp\/v2\/comments?post=84179"}],"version-history":[{"count":1,"href":"https:\/\/centrourbano.com\/revista\/wp-json\/wp\/v2\/posts\/84179\/revisions"}],"predecessor-version":[{"id":84183,"href":"https:\/\/centrourbano.com\/revista\/wp-json\/wp\/v2\/posts\/84179\/revisions\/84183"}],"wp:featuredmedia":[{"embeddable":true,"href":"https:\/\/centrourbano.com\/revista\/wp-json\/wp\/v2\/media\/84182"}],"wp:attachment":[{"href":"https:\/\/centrourbano.com\/revista\/wp-json\/wp\/v2\/media?parent=84179"}],"wp:term":[{"taxonomy":"category","embeddable":true,"href":"https:\/\/centrourbano.com\/revista\/wp-json\/wp\/v2\/categories?post=84179"},{"taxonomy":"post_tag","embeddable":true,"href":"https:\/\/centrourbano.com\/revista\/wp-json\/wp\/v2\/tags?post=84179"}],"curies":[{"name":"wp","href":"https:\/\/api.w.org\/{rel}","templated":true}]}}