{"id":84160,"date":"2019-01-03T11:00:04","date_gmt":"2019-01-03T17:00:04","guid":{"rendered":"https:\/\/centrourbano.com\/?p=84160"},"modified":"2019-01-03T12:06:17","modified_gmt":"2019-01-03T18:06:17","slug":"construccion-del-naim-suspendida-desde-diciembre-sct","status":"publish","type":"post","link":"https:\/\/centrourbano.com\/revista\/construccion\/construccion-del-naim-suspendida-desde-diciembre-sct\/","title":{"rendered":"Construcci\u00f3n del NAIM, suspendida desde diciembre: SCT"},"content":{"rendered":"<p><em>Se ha empezado la negociaci\u00f3n de los contratos para darlos por terminado anticipadamente<\/em><!--more--><\/p>\n<p>La construcci\u00f3n del <strong>Nuevo Aeropuerto Internacional de M\u00e9xico<\/strong> (NAIM) se encuentra suspendida desde el mes de diciembre. confirm\u00f3 Javier Jim\u00e9nez Espri\u00fa, secretario de Comunicaciones y Transportes.<\/p>\n<p>\u00abYa est\u00e1n suspendidos oficialmente la <strong>construcci\u00f3n<\/strong> de ese aeropuerto y ya se ha empezado la negociaci\u00f3n con los contratos para darlos por terminados anticipadamente, a resolver con los due\u00f1os de los contratos\u00bb, dijo esta ma\u00f1ana en conferencia de prensa desde Palacio Nacional.<\/p>\n<p>El funcionario se\u00f1al\u00f3 que se plante\u00f3 que el gobierno no pod\u00eda tomar una decisi\u00f3n sobre el t\u00e9rmino de la construcci\u00f3n del nuevo aeropuerto, hasta que se resolviera el tema de la recompra de los <strong>bonos<\/strong> financieros del proyecto.<\/p>\n<p>En ese sentido aclar\u00f3 que, con la compra de 1,800 millones de d\u00f3lares de bonos, \u201cde los 6,000 millones de d\u00f3lares que se deb\u00edan, hoy ya s\u00f3lo se deben 4,200, y la idea es cada a\u00f1o ir disminuyendo en 200 millones de d\u00f3lares esa deuda\u201d.<\/p>\n<p>Jim\u00e9nez Espri\u00fa\u00a0coment\u00f3 que se hab\u00eda se\u00f1alado que el 4 de enero era el l\u00edmite planteado para la adquisici\u00f3n de los bonos, \u00abpero ese l\u00edmite no se tuvo que esperar, ya que desde el 25 o 26 de diciembre se logr\u00f3 la aceptaci\u00f3n de la venta de los bonos\u201d.<\/p>\n<p>El pasado 27 de diciembre de 2018,\u00a0Gerardo Ferrando Bravo, director general del <strong>Grupo Aeroportuario de la Ciudad de M\u00e9xico<\/strong> (GACM) firm\u00f3 un oficio para la suspensi\u00f3n de forma anticipada todos los contratos de obras y adquisiciones, por lo que ahora se mantienen las negociaciones de la Fibra E del proyecto.<\/p>\n<a href=\"https:\/\/centrourbano.com\/2019\/01\/02\/gacm-busca-amortizar-con-anticipo-fibra-e-del-naim\/\" target=\"_blank\" rel=\"noopener noreferrer\"><img loading=\"lazy\" decoding=\"async\" class=\"size-medium wp-image-84165 aligncenter\" src=\"https:\/\/centrourbano.com\/revista\/wp-content\/uploads\/gcm-300x219.png\" alt=\"\" width=\"300\" height=\"219\" srcset=\"https:\/\/centrourbano.com\/revista\/wp-content\/uploads\/gcm-300x219.png 300w, https:\/\/centrourbano.com\/revista\/wp-content\/uploads\/gcm-768x561.png 768w, https:\/\/centrourbano.com\/revista\/wp-content\/uploads\/gcm-1024x748.png 1024w, https:\/\/centrourbano.com\/revista\/wp-content\/uploads\/gcm.png 1135w\" sizes=\"auto, (max-width: 300px) 100vw, 300px\" \/><\/a>\n<p>&nbsp;<\/p>\n","protected":false},"excerpt":{"rendered":"<p>Se ha empezado la negociaci\u00f3n de los contratos para darlos por terminado anticipadamente<\/p>\n","protected":false},"author":69,"featured_media":84161,"comment_status":"open","ping_status":"closed","sticky":false,"template":"","format":"standard","meta":{"om_disable_all_campaigns":false,"inline_featured_image":false,"_monsterinsights_skip_tracking":false,"_monsterinsights_sitenote_active":false,"_monsterinsights_sitenote_note":"","_monsterinsights_sitenote_category":0,"footnotes":""},"categories":[14],"tags":[7936,22,12159,29],"class_list":["post-84160","post","type-post","status-publish","format-standard","has-post-thumbnail","hentry","category-construccion","tag-bonos","tag-construccion-2","tag-naim","tag-sct"],"yoast_head":"<!-- This site is optimized with the Yoast SEO plugin v27.4 - https:\/\/yoast.com\/product\/yoast-seo-wordpress\/ -->\n<title>Construcci\u00f3n del NAIM, suspendida desde diciembre: SCT<\/title>\n<meta name=\"description\" content=\"Se ha empezado la negociaci\u00f3n de los contratos para darlos por terminado anticipadamente\" \/>\n<meta name=\"robots\" content=\"index, follow, max-snippet:-1, max-image-preview:large, max-video-preview:-1\" \/>\n<link rel=\"canonical\" href=\"https:\/\/centrourbano.com\/revista\/construccion\/construccion-del-naim-suspendida-desde-diciembre-sct\/\" \/>\n<meta property=\"og:locale\" content=\"es_ES\" \/>\n<meta property=\"og:type\" content=\"article\" \/>\n<meta property=\"og:title\" content=\"Construcci\u00f3n del NAIM, suspendida desde diciembre: SCT\" \/>\n<meta property=\"og:description\" content=\"Se ha empezado la negociaci\u00f3n de los contratos para darlos por terminado anticipadamente\" \/>\n<meta property=\"og:url\" content=\"https:\/\/centrourbano.com\/revista\/construccion\/construccion-del-naim-suspendida-desde-diciembre-sct\/\" \/>\n<meta property=\"og:site_name\" content=\"Centro Urbano\" \/>\n<meta property=\"article:publisher\" content=\"https:\/\/www.facebook.com\/portalcentrourbano\" \/>\n<meta property=\"article:published_time\" content=\"2019-01-03T17:00:04+00:00\" \/>\n<meta property=\"article:modified_time\" content=\"2019-01-03T18:06:17+00:00\" \/>\n<meta property=\"og:image\" content=\"https:\/\/centrourbano.com\/revista\/wp-content\/uploads\/46426.jpg\" \/>\n\t<meta property=\"og:image:width\" content=\"960\" \/>\n\t<meta property=\"og:image:height\" content=\"540\" \/>\n\t<meta property=\"og:image:type\" content=\"image\/jpeg\" \/>\n<meta name=\"author\" content=\"Fernando Navarrete\" \/>\n<meta name=\"twitter:card\" content=\"summary_large_image\" \/>\n<meta name=\"twitter:creator\" content=\"@CentroUrbano\" \/>\n<meta name=\"twitter:site\" content=\"@CentroUrbano\" \/>\n<meta name=\"twitter:label1\" content=\"Escrito por\" \/>\n\t<meta name=\"twitter:data1\" content=\"Fernando Navarrete\" \/>\n\t<meta name=\"twitter:label2\" content=\"Tiempo de lectura\" \/>\n\t<meta name=\"twitter:data2\" content=\"1 minuto\" \/>\n<script type=\"application\/ld+json\" class=\"yoast-schema-graph\">{\"@context\":\"https:\\\/\\\/schema.org\",\"@graph\":[{\"@type\":\"Article\",\"@id\":\"https:\\\/\\\/centrourbano.com\\\/revista\\\/construccion\\\/construccion-del-naim-suspendida-desde-diciembre-sct\\\/#article\",\"isPartOf\":{\"@id\":\"https:\\\/\\\/centrourbano.com\\\/revista\\\/construccion\\\/construccion-del-naim-suspendida-desde-diciembre-sct\\\/\"},\"author\":{\"name\":\"Fernando Navarrete\",\"@id\":\"https:\\\/\\\/centrourbano.com\\\/revista\\\/#\\\/schema\\\/person\\\/515c32d01ece40d20a7ed3fdf34051af\"},\"headline\":\"Construcci\u00f3n del NAIM, suspendida desde diciembre: SCT\",\"datePublished\":\"2019-01-03T17:00:04+00:00\",\"dateModified\":\"2019-01-03T18:06:17+00:00\",\"mainEntityOfPage\":{\"@id\":\"https:\\\/\\\/centrourbano.com\\\/revista\\\/construccion\\\/construccion-del-naim-suspendida-desde-diciembre-sct\\\/\"},\"wordCount\":293,\"commentCount\":0,\"publisher\":{\"@id\":\"https:\\\/\\\/centrourbano.com\\\/revista\\\/#organization\"},\"image\":{\"@id\":\"https:\\\/\\\/centrourbano.com\\\/revista\\\/construccion\\\/construccion-del-naim-suspendida-desde-diciembre-sct\\\/#primaryimage\"},\"thumbnailUrl\":\"https:\\\/\\\/centrourbano.com\\\/revista\\\/wp-content\\\/uploads\\\/46426.jpg\",\"keywords\":[\"bonos\",\"construcci\u00f3n\",\"NAIM\",\"SCT\"],\"articleSection\":[\"Construcci\u00f3n\"],\"inLanguage\":\"es\",\"potentialAction\":[{\"@type\":\"CommentAction\",\"name\":\"Comment\",\"target\":[\"https:\\\/\\\/centrourbano.com\\\/revista\\\/construccion\\\/construccion-del-naim-suspendida-desde-diciembre-sct\\\/#respond\"]}]},{\"@type\":\"WebPage\",\"@id\":\"https:\\\/\\\/centrourbano.com\\\/revista\\\/construccion\\\/construccion-del-naim-suspendida-desde-diciembre-sct\\\/\",\"url\":\"https:\\\/\\\/centrourbano.com\\\/revista\\\/construccion\\\/construccion-del-naim-suspendida-desde-diciembre-sct\\\/\",\"name\":\"Construcci\u00f3n del NAIM, suspendida desde diciembre: SCT\",\"isPartOf\":{\"@id\":\"https:\\\/\\\/centrourbano.com\\\/revista\\\/#website\"},\"primaryImageOfPage\":{\"@id\":\"https:\\\/\\\/centrourbano.com\\\/revista\\\/construccion\\\/construccion-del-naim-suspendida-desde-diciembre-sct\\\/#primaryimage\"},\"image\":{\"@id\":\"https:\\\/\\\/centrourbano.com\\\/revista\\\/construccion\\\/construccion-del-naim-suspendida-desde-diciembre-sct\\\/#primaryimage\"},\"thumbnailUrl\":\"https:\\\/\\\/centrourbano.com\\\/revista\\\/wp-content\\\/uploads\\\/46426.jpg\",\"datePublished\":\"2019-01-03T17:00:04+00:00\",\"dateModified\":\"2019-01-03T18:06:17+00:00\",\"description\":\"Se ha empezado la negociaci\u00f3n de los contratos para darlos por terminado anticipadamente\",\"breadcrumb\":{\"@id\":\"https:\\\/\\\/centrourbano.com\\\/revista\\\/construccion\\\/construccion-del-naim-suspendida-desde-diciembre-sct\\\/#breadcrumb\"},\"inLanguage\":\"es\",\"potentialAction\":[{\"@type\":\"ReadAction\",\"target\":[\"https:\\\/\\\/centrourbano.com\\\/revista\\\/construccion\\\/construccion-del-naim-suspendida-desde-diciembre-sct\\\/\"]}]},{\"@type\":\"ImageObject\",\"inLanguage\":\"es\",\"@id\":\"https:\\\/\\\/centrourbano.com\\\/revista\\\/construccion\\\/construccion-del-naim-suspendida-desde-diciembre-sct\\\/#primaryimage\",\"url\":\"https:\\\/\\\/centrourbano.com\\\/revista\\\/wp-content\\\/uploads\\\/46426.jpg\",\"contentUrl\":\"https:\\\/\\\/centrourbano.com\\\/revista\\\/wp-content\\\/uploads\\\/46426.jpg\",\"width\":960,\"height\":540,\"caption\":\"Se ha empezado la negociaci\u00f3n de los contratos para darlos por terminado anticipadamente\"},{\"@type\":\"BreadcrumbList\",\"@id\":\"https:\\\/\\\/centrourbano.com\\\/revista\\\/construccion\\\/construccion-del-naim-suspendida-desde-diciembre-sct\\\/#breadcrumb\",\"itemListElement\":[{\"@type\":\"ListItem\",\"position\":1,\"name\":\"Portada\",\"item\":\"https:\\\/\\\/centrourbano.com\\\/revista\\\/\"},{\"@type\":\"ListItem\",\"position\":2,\"name\":\"Construcci\u00f3n del NAIM, suspendida desde diciembre: SCT\"}]},{\"@type\":\"WebSite\",\"@id\":\"https:\\\/\\\/centrourbano.com\\\/revista\\\/#website\",\"url\":\"https:\\\/\\\/centrourbano.com\\\/revista\\\/\",\"name\":\"Centro Urbano\",\"description\":\"Medio especializado en los sectores vivienda, inmobiliario, construcci\u00f3n, arquitectura y urbanismo.\",\"publisher\":{\"@id\":\"https:\\\/\\\/centrourbano.com\\\/revista\\\/#organization\"},\"potentialAction\":[{\"@type\":\"SearchAction\",\"target\":{\"@type\":\"EntryPoint\",\"urlTemplate\":\"https:\\\/\\\/centrourbano.com\\\/revista\\\/?s={search_term_string}\"},\"query-input\":{\"@type\":\"PropertyValueSpecification\",\"valueRequired\":true,\"valueName\":\"search_term_string\"}}],\"inLanguage\":\"es\"},{\"@type\":\"Organization\",\"@id\":\"https:\\\/\\\/centrourbano.com\\\/revista\\\/#organization\",\"name\":\"Centro Urbano\",\"url\":\"https:\\\/\\\/centrourbano.com\\\/revista\\\/\",\"logo\":{\"@type\":\"ImageObject\",\"inLanguage\":\"es\",\"@id\":\"https:\\\/\\\/centrourbano.com\\\/revista\\\/#\\\/schema\\\/logo\\\/image\\\/\",\"url\":\"https:\\\/\\\/centrourbano.com\\\/revista\\\/wp-content\\\/uploads\\\/web_CU_logo-1.png\",\"contentUrl\":\"https:\\\/\\\/centrourbano.com\\\/revista\\\/wp-content\\\/uploads\\\/web_CU_logo-1.png\",\"width\":350,\"height\":91,\"caption\":\"Centro Urbano\"},\"image\":{\"@id\":\"https:\\\/\\\/centrourbano.com\\\/revista\\\/#\\\/schema\\\/logo\\\/image\\\/\"},\"sameAs\":[\"https:\\\/\\\/www.facebook.com\\\/portalcentrourbano\",\"https:\\\/\\\/x.com\\\/CentroUrbano\",\"https:\\\/\\\/www.instagram.com\\\/centro_urbano\\\/\",\"https:\\\/\\\/www.linkedin.com\\\/company\\\/centro-urbano\\\/\",\"http:\\\/\\\/www.youtube.com\\\/user\\\/portalcentrourbano\"]},{\"@type\":\"Person\",\"@id\":\"https:\\\/\\\/centrourbano.com\\\/revista\\\/#\\\/schema\\\/person\\\/515c32d01ece40d20a7ed3fdf34051af\",\"name\":\"Fernando Navarrete\",\"image\":{\"@type\":\"ImageObject\",\"inLanguage\":\"es\",\"@id\":\"https:\\\/\\\/secure.gravatar.com\\\/avatar\\\/f4dd6927a99e72698473e350e20ec8a38bd48cb668e15b03d04e8e537da41ad0?s=96&d=mm&r=g\",\"url\":\"https:\\\/\\\/secure.gravatar.com\\\/avatar\\\/f4dd6927a99e72698473e350e20ec8a38bd48cb668e15b03d04e8e537da41ad0?s=96&d=mm&r=g\",\"contentUrl\":\"https:\\\/\\\/secure.gravatar.com\\\/avatar\\\/f4dd6927a99e72698473e350e20ec8a38bd48cb668e15b03d04e8e537da41ad0?s=96&d=mm&r=g\",\"caption\":\"Fernando Navarrete\"},\"description\":\"Reportero de negocios, inmobiliario, construcci\u00f3n e industria. Me interesa la econom\u00eda, pol\u00edtica, historia y antropolog\u00eda. Estudi\u00e9 en la Facultad de Ciencias Pol\u00edticas y Sociales de la UNAM. Tengo experiencia en el sector p\u00fablico, la industria del acero, ingenier\u00eda civil, IT y corporativos; soy un nost\u00e1lgico nacionalista contempor\u00e1neo que cree en la grandeza de su pa\u00eds. Asiduo lector de Juan Rulfo, Jos\u00e9 Revueltas y J. R. R Tolkien.\",\"url\":\"https:\\\/\\\/centrourbano.com\\\/revista\\\/author\\\/fernando-navarrete\\\/\"}]}<\/script>\n<!-- \/ Yoast SEO plugin. -->","yoast_head_json":{"title":"Construcci\u00f3n del NAIM, suspendida desde diciembre: SCT","description":"Se ha empezado la negociaci\u00f3n de los contratos para darlos por terminado anticipadamente","robots":{"index":"index","follow":"follow","max-snippet":"max-snippet:-1","max-image-preview":"max-image-preview:large","max-video-preview":"max-video-preview:-1"},"canonical":"https:\/\/centrourbano.com\/revista\/construccion\/construccion-del-naim-suspendida-desde-diciembre-sct\/","og_locale":"es_ES","og_type":"article","og_title":"Construcci\u00f3n del NAIM, suspendida desde diciembre: SCT","og_description":"Se ha empezado la negociaci\u00f3n de los contratos para darlos por terminado anticipadamente","og_url":"https:\/\/centrourbano.com\/revista\/construccion\/construccion-del-naim-suspendida-desde-diciembre-sct\/","og_site_name":"Centro Urbano","article_publisher":"https:\/\/www.facebook.com\/portalcentrourbano","article_published_time":"2019-01-03T17:00:04+00:00","article_modified_time":"2019-01-03T18:06:17+00:00","og_image":[{"width":960,"height":540,"url":"https:\/\/centrourbano.com\/revista\/wp-content\/uploads\/46426.jpg","type":"image\/jpeg"}],"author":"Fernando Navarrete","twitter_card":"summary_large_image","twitter_creator":"@CentroUrbano","twitter_site":"@CentroUrbano","twitter_misc":{"Escrito por":"Fernando Navarrete","Tiempo de lectura":"1 minuto"},"schema":{"@context":"https:\/\/schema.org","@graph":[{"@type":"Article","@id":"https:\/\/centrourbano.com\/revista\/construccion\/construccion-del-naim-suspendida-desde-diciembre-sct\/#article","isPartOf":{"@id":"https:\/\/centrourbano.com\/revista\/construccion\/construccion-del-naim-suspendida-desde-diciembre-sct\/"},"author":{"name":"Fernando Navarrete","@id":"https:\/\/centrourbano.com\/revista\/#\/schema\/person\/515c32d01ece40d20a7ed3fdf34051af"},"headline":"Construcci\u00f3n del NAIM, suspendida desde diciembre: SCT","datePublished":"2019-01-03T17:00:04+00:00","dateModified":"2019-01-03T18:06:17+00:00","mainEntityOfPage":{"@id":"https:\/\/centrourbano.com\/revista\/construccion\/construccion-del-naim-suspendida-desde-diciembre-sct\/"},"wordCount":293,"commentCount":0,"publisher":{"@id":"https:\/\/centrourbano.com\/revista\/#organization"},"image":{"@id":"https:\/\/centrourbano.com\/revista\/construccion\/construccion-del-naim-suspendida-desde-diciembre-sct\/#primaryimage"},"thumbnailUrl":"https:\/\/centrourbano.com\/revista\/wp-content\/uploads\/46426.jpg","keywords":["bonos","construcci\u00f3n","NAIM","SCT"],"articleSection":["Construcci\u00f3n"],"inLanguage":"es","potentialAction":[{"@type":"CommentAction","name":"Comment","target":["https:\/\/centrourbano.com\/revista\/construccion\/construccion-del-naim-suspendida-desde-diciembre-sct\/#respond"]}]},{"@type":"WebPage","@id":"https:\/\/centrourbano.com\/revista\/construccion\/construccion-del-naim-suspendida-desde-diciembre-sct\/","url":"https:\/\/centrourbano.com\/revista\/construccion\/construccion-del-naim-suspendida-desde-diciembre-sct\/","name":"Construcci\u00f3n del NAIM, suspendida desde diciembre: SCT","isPartOf":{"@id":"https:\/\/centrourbano.com\/revista\/#website"},"primaryImageOfPage":{"@id":"https:\/\/centrourbano.com\/revista\/construccion\/construccion-del-naim-suspendida-desde-diciembre-sct\/#primaryimage"},"image":{"@id":"https:\/\/centrourbano.com\/revista\/construccion\/construccion-del-naim-suspendida-desde-diciembre-sct\/#primaryimage"},"thumbnailUrl":"https:\/\/centrourbano.com\/revista\/wp-content\/uploads\/46426.jpg","datePublished":"2019-01-03T17:00:04+00:00","dateModified":"2019-01-03T18:06:17+00:00","description":"Se ha empezado la negociaci\u00f3n de los contratos para darlos por terminado anticipadamente","breadcrumb":{"@id":"https:\/\/centrourbano.com\/revista\/construccion\/construccion-del-naim-suspendida-desde-diciembre-sct\/#breadcrumb"},"inLanguage":"es","potentialAction":[{"@type":"ReadAction","target":["https:\/\/centrourbano.com\/revista\/construccion\/construccion-del-naim-suspendida-desde-diciembre-sct\/"]}]},{"@type":"ImageObject","inLanguage":"es","@id":"https:\/\/centrourbano.com\/revista\/construccion\/construccion-del-naim-suspendida-desde-diciembre-sct\/#primaryimage","url":"https:\/\/centrourbano.com\/revista\/wp-content\/uploads\/46426.jpg","contentUrl":"https:\/\/centrourbano.com\/revista\/wp-content\/uploads\/46426.jpg","width":960,"height":540,"caption":"Se ha empezado la negociaci\u00f3n de los contratos para darlos por terminado anticipadamente"},{"@type":"BreadcrumbList","@id":"https:\/\/centrourbano.com\/revista\/construccion\/construccion-del-naim-suspendida-desde-diciembre-sct\/#breadcrumb","itemListElement":[{"@type":"ListItem","position":1,"name":"Portada","item":"https:\/\/centrourbano.com\/revista\/"},{"@type":"ListItem","position":2,"name":"Construcci\u00f3n del NAIM, suspendida desde diciembre: SCT"}]},{"@type":"WebSite","@id":"https:\/\/centrourbano.com\/revista\/#website","url":"https:\/\/centrourbano.com\/revista\/","name":"Centro Urbano","description":"Medio especializado en los sectores vivienda, inmobiliario, construcci\u00f3n, arquitectura y urbanismo.","publisher":{"@id":"https:\/\/centrourbano.com\/revista\/#organization"},"potentialAction":[{"@type":"SearchAction","target":{"@type":"EntryPoint","urlTemplate":"https:\/\/centrourbano.com\/revista\/?s={search_term_string}"},"query-input":{"@type":"PropertyValueSpecification","valueRequired":true,"valueName":"search_term_string"}}],"inLanguage":"es"},{"@type":"Organization","@id":"https:\/\/centrourbano.com\/revista\/#organization","name":"Centro Urbano","url":"https:\/\/centrourbano.com\/revista\/","logo":{"@type":"ImageObject","inLanguage":"es","@id":"https:\/\/centrourbano.com\/revista\/#\/schema\/logo\/image\/","url":"https:\/\/centrourbano.com\/revista\/wp-content\/uploads\/web_CU_logo-1.png","contentUrl":"https:\/\/centrourbano.com\/revista\/wp-content\/uploads\/web_CU_logo-1.png","width":350,"height":91,"caption":"Centro Urbano"},"image":{"@id":"https:\/\/centrourbano.com\/revista\/#\/schema\/logo\/image\/"},"sameAs":["https:\/\/www.facebook.com\/portalcentrourbano","https:\/\/x.com\/CentroUrbano","https:\/\/www.instagram.com\/centro_urbano\/","https:\/\/www.linkedin.com\/company\/centro-urbano\/","http:\/\/www.youtube.com\/user\/portalcentrourbano"]},{"@type":"Person","@id":"https:\/\/centrourbano.com\/revista\/#\/schema\/person\/515c32d01ece40d20a7ed3fdf34051af","name":"Fernando Navarrete","image":{"@type":"ImageObject","inLanguage":"es","@id":"https:\/\/secure.gravatar.com\/avatar\/f4dd6927a99e72698473e350e20ec8a38bd48cb668e15b03d04e8e537da41ad0?s=96&d=mm&r=g","url":"https:\/\/secure.gravatar.com\/avatar\/f4dd6927a99e72698473e350e20ec8a38bd48cb668e15b03d04e8e537da41ad0?s=96&d=mm&r=g","contentUrl":"https:\/\/secure.gravatar.com\/avatar\/f4dd6927a99e72698473e350e20ec8a38bd48cb668e15b03d04e8e537da41ad0?s=96&d=mm&r=g","caption":"Fernando Navarrete"},"description":"Reportero de negocios, inmobiliario, construcci\u00f3n e industria. Me interesa la econom\u00eda, pol\u00edtica, historia y antropolog\u00eda. Estudi\u00e9 en la Facultad de Ciencias Pol\u00edticas y Sociales de la UNAM. Tengo experiencia en el sector p\u00fablico, la industria del acero, ingenier\u00eda civil, IT y corporativos; soy un nost\u00e1lgico nacionalista contempor\u00e1neo que cree en la grandeza de su pa\u00eds. Asiduo lector de Juan Rulfo, Jos\u00e9 Revueltas y J. R. R Tolkien.","url":"https:\/\/centrourbano.com\/revista\/author\/fernando-navarrete\/"}]}},"_links":{"self":[{"href":"https:\/\/centrourbano.com\/revista\/wp-json\/wp\/v2\/posts\/84160","targetHints":{"allow":["GET"]}}],"collection":[{"href":"https:\/\/centrourbano.com\/revista\/wp-json\/wp\/v2\/posts"}],"about":[{"href":"https:\/\/centrourbano.com\/revista\/wp-json\/wp\/v2\/types\/post"}],"author":[{"embeddable":true,"href":"https:\/\/centrourbano.com\/revista\/wp-json\/wp\/v2\/users\/69"}],"replies":[{"embeddable":true,"href":"https:\/\/centrourbano.com\/revista\/wp-json\/wp\/v2\/comments?post=84160"}],"version-history":[{"count":3,"href":"https:\/\/centrourbano.com\/revista\/wp-json\/wp\/v2\/posts\/84160\/revisions"}],"predecessor-version":[{"id":84166,"href":"https:\/\/centrourbano.com\/revista\/wp-json\/wp\/v2\/posts\/84160\/revisions\/84166"}],"wp:featuredmedia":[{"embeddable":true,"href":"https:\/\/centrourbano.com\/revista\/wp-json\/wp\/v2\/media\/84161"}],"wp:attachment":[{"href":"https:\/\/centrourbano.com\/revista\/wp-json\/wp\/v2\/media?parent=84160"}],"wp:term":[{"taxonomy":"category","embeddable":true,"href":"https:\/\/centrourbano.com\/revista\/wp-json\/wp\/v2\/categories?post=84160"},{"taxonomy":"post_tag","embeddable":true,"href":"https:\/\/centrourbano.com\/revista\/wp-json\/wp\/v2\/tags?post=84160"}],"curies":[{"name":"wp","href":"https:\/\/api.w.org\/{rel}","templated":true}]}}