{"id":83964,"date":"2018-12-27T15:39:19","date_gmt":"2018-12-27T21:39:19","guid":{"rendered":"https:\/\/centrourbano.com\/?p=83964"},"modified":"2018-12-27T16:04:35","modified_gmt":"2018-12-27T22:04:35","slug":"extiende-seduvi-suspension-norma-26","status":"publish","type":"post","link":"https:\/\/centrourbano.com\/revista\/vivienda\/extiende-seduvi-suspension-norma-26\/","title":{"rendered":"Extiende Seduvi suspensi\u00f3n de Norma 26"},"content":{"rendered":"<p><em>La nueva administraci\u00f3n capitalina se\u00f1al\u00f3 que la decisi\u00f3n busca integrar los criterios de la norma al Programa General de Desarrollo Urbano <\/em><!--more--><\/p>\n<p>El gobierno de la Ciudad de M\u00e9xico que encabeza<strong> Claudia Sheimbaum<\/strong> decidi\u00f3 ampliar la suspensi\u00f3n de la <strong>Norma 26<\/strong>, lineamiento que tiene que ver con el impulso a la vivienda de inter\u00e9s social y popular. Con esta nueva disposici\u00f3n, las autoridades capitalinas establecen la suspensi\u00f3n de la norma hasta que se emita el <strong>Programa General de Desarrollo Urbano<\/strong>.<\/p>\n<p>La medida fue publicada este jueves en la<strong> Gaceta Oficial de la Ciudad de M\u00e9xico<\/strong>. El documento destaca que la decisi\u00f3n de extender la suspensi\u00f3n tiene que ver con la necesidad de <strong>a\u00f1adir<\/strong> los criterios de la Norma 26 en el dise\u00f1o del Programa General de Desarrollo Urbano y as\u00ed \u201ccumplir con las metas\u201d planteadas por la administraci\u00f3n local.<\/p>\n<p>Las autoridades capitalinas explicaron que\u00a0en l\u00ednea con el acuerdo de suspensi\u00f3n de la Norma 26, publicado el <strong>19 de agosto de 2013<\/strong>, la medida no aplica para \u201clos proyectos de promoci\u00f3n o programas que tengan como finalidad la construcci\u00f3n de vivienda de inter\u00e9s social y popular y que sean desarrollados por el <strong>Instituto de Vivienda de la Ciudad de M\u00e9xico<\/strong> u otros Organismos P\u00fablicos\u201d.<\/p>\n<p>\u201cLos criterios de fondo de la Norma de Ordenaci\u00f3n n\u00famero 26.- Norma para Incentivar la Producci\u00f3n de Vivienda Sustentable, de Inter\u00e9s Social y Popular, y de las Normas de Ordenaci\u00f3n en general, ser\u00e1n <strong>integrados<\/strong> al Programa General de Desarrollo Urbano que emita el Gobierno de la Ciudad de M\u00e9xico\u201d, destaca el documento emitido por la Secretar\u00eda de Desarrollo Urbano y Vivienda (Seduvi) de la Ciudad de M\u00e9xico.<\/p>\n<blockquote><p>\u00abSe prorroga el &#8216;Acuerdo por el que se suspende temporalmente la recepci\u00f3n y gesti\u00f3n de solicitudes que se presentan ante la Ventanilla \u00danica de la Secretar\u00eda de Desarrollo Urbano y Vivienda, relativas a cualquier acto administrativo que implique la aplicaci\u00f3n de la Norma de Ordenaci\u00f3n N\u00famero 26.- Norma para Incentivar la Producci\u00f3n de Vivienda Sustentable, de Inter\u00e9s Social y Popular&#8217; hasta en tanto se emita el Programa General de Desarrollo Urbano de la Ciudad de M\u00e9xico\u00bb, sostiene el documento publicado por Seduvi.<\/p><\/blockquote>\n<p>&nbsp;<\/p>\n<p style=\"text-align: center;\"><em><strong>Te podr\u00eda interesar:<\/strong><\/em><\/p>\n<a href=\"https:\/\/centrourbano.com\/2018\/12\/11\/ventanilla-unica-construccion-cdmx\/\" target=\"_blank\" rel=\"noopener noreferrer\"><img loading=\"lazy\" decoding=\"async\" class=\"aligncenter wp-image-83969\" src=\"https:\/\/centrourbano.com\/revista\/wp-content\/uploads\/Ventanilla-Unica_Nota-11-dic-2018.jpg\" alt=\"\" width=\"500\" height=\"391\" srcset=\"https:\/\/centrourbano.com\/revista\/wp-content\/uploads\/Ventanilla-Unica_Nota-11-dic-2018.jpg 603w, https:\/\/centrourbano.com\/revista\/wp-content\/uploads\/Ventanilla-Unica_Nota-11-dic-2018-300x234.jpg 300w\" sizes=\"auto, (max-width: 500px) 100vw, 500px\" \/><\/a>\n","protected":false},"excerpt":{"rendered":"<p>La nueva administraci\u00f3n capitalina se\u00f1al\u00f3 que la decisi\u00f3n busca integrar los criterios de la norma al Programa General de Desarrollo Urbano<\/p>\n","protected":false},"author":77,"featured_media":27819,"comment_status":"open","ping_status":"closed","sticky":false,"template":"","format":"standard","meta":{"inline_featured_image":false,"footnotes":""},"categories":[12],"tags":[13974,153,126,196],"class_list":["post-83964","post","type-post","status-publish","format-standard","has-post-thumbnail","hentry","category-vivienda","tag-ileana-villalobos","tag-norma-26","tag-seduvi","tag-vivienda-de-interes-social"],"yoast_head":"<!-- This site is optimized with the Yoast SEO plugin v28.4 - https:\/\/yoast.com\/product\/yoast-seo-wordpress\/ -->\n<title>Extiende Seduvi suspensi\u00f3n de Norma 26 en la Ciudad de M\u00e9xico<\/title>\n<meta name=\"description\" content=\"El gobierno de la Ciudad de M\u00e9xico que encabeza Claudia Sheimbaum, a trav\u00e9s de Seduvi, decidi\u00f3 ampliar la suspensi\u00f3n de la Norma 26...\" \/>\n<meta name=\"robots\" content=\"index, follow, max-snippet:-1, max-image-preview:large, max-video-preview:-1\" \/>\n<link rel=\"canonical\" href=\"https:\/\/centrourbano.com\/revista\/vivienda\/extiende-seduvi-suspension-norma-26\/\" \/>\n<meta property=\"og:locale\" content=\"es_ES\" \/>\n<meta property=\"og:type\" content=\"article\" \/>\n<meta property=\"og:title\" content=\"Extiende Seduvi suspensi\u00f3n de Norma 26 en la Ciudad de M\u00e9xico\" \/>\n<meta property=\"og:description\" content=\"El gobierno de la Ciudad de M\u00e9xico que encabeza Claudia Sheimbaum, a trav\u00e9s de Seduvi, decidi\u00f3 ampliar la suspensi\u00f3n de la Norma 26...\" \/>\n<meta property=\"og:url\" content=\"https:\/\/centrourbano.com\/revista\/vivienda\/extiende-seduvi-suspension-norma-26\/\" \/>\n<meta property=\"og:site_name\" content=\"Centro Urbano\" \/>\n<meta property=\"article:publisher\" content=\"https:\/\/www.facebook.com\/portalcentrourbano\" \/>\n<meta property=\"article:published_time\" content=\"2018-12-27T21:39:19+00:00\" \/>\n<meta property=\"article:modified_time\" content=\"2018-12-27T22:04:35+00:00\" \/>\n<meta property=\"og:image\" content=\"https:\/\/centrourbano.com\/revista\/wp-content\/uploads\/Norma-26-ok-.jpg\" \/>\n\t<meta property=\"og:image:width\" content=\"1380\" \/>\n\t<meta property=\"og:image:height\" content=\"1035\" \/>\n\t<meta property=\"og:image:type\" content=\"image\/jpeg\" \/>\n<meta name=\"author\" content=\"G4A\" \/>\n<meta name=\"twitter:card\" content=\"summary_large_image\" \/>\n<meta name=\"twitter:creator\" content=\"@CentroUrbano\" \/>\n<meta name=\"twitter:site\" content=\"@CentroUrbano\" \/>\n<meta name=\"twitter:label1\" content=\"Escrito por\" \/>\n\t<meta name=\"twitter:data1\" content=\"G4A\" \/>\n\t<meta name=\"twitter:label2\" content=\"Tiempo de lectura\" \/>\n\t<meta name=\"twitter:data2\" content=\"2 minutos\" \/>\n<script type=\"application\/ld+json\" class=\"yoast-schema-graph\">{\"@context\":\"https:\\\/\\\/schema.org\",\"@graph\":[{\"@type\":\"Article\",\"@id\":\"https:\\\/\\\/centrourbano.com\\\/revista\\\/vivienda\\\/extiende-seduvi-suspension-norma-26\\\/#article\",\"isPartOf\":{\"@id\":\"https:\\\/\\\/centrourbano.com\\\/revista\\\/vivienda\\\/extiende-seduvi-suspension-norma-26\\\/\"},\"author\":{\"name\":\"G4A\",\"@id\":\"https:\\\/\\\/centrourbano.com\\\/revista\\\/#\\\/schema\\\/person\\\/370fa0ba2d8dd5bde3fdb8b62ad360aa\"},\"headline\":\"Extiende Seduvi suspensi\u00f3n de Norma 26\",\"datePublished\":\"2018-12-27T21:39:19+00:00\",\"dateModified\":\"2018-12-27T22:04:35+00:00\",\"mainEntityOfPage\":{\"@id\":\"https:\\\/\\\/centrourbano.com\\\/revista\\\/vivienda\\\/extiende-seduvi-suspension-norma-26\\\/\"},\"wordCount\":397,\"commentCount\":0,\"publisher\":{\"@id\":\"https:\\\/\\\/centrourbano.com\\\/revista\\\/#organization\"},\"image\":{\"@id\":\"https:\\\/\\\/centrourbano.com\\\/revista\\\/vivienda\\\/extiende-seduvi-suspension-norma-26\\\/#primaryimage\"},\"thumbnailUrl\":\"https:\\\/\\\/centrourbano.com\\\/revista\\\/wp-content\\\/uploads\\\/Norma-26-ok-.jpg\",\"keywords\":[\"Ileana Villalobos\",\"Norma 26\",\"Seduvi\",\"Vivienda de inter\u00e9s social\"],\"articleSection\":[\"Vivienda\"],\"inLanguage\":\"es\"},{\"@type\":\"WebPage\",\"@id\":\"https:\\\/\\\/centrourbano.com\\\/revista\\\/vivienda\\\/extiende-seduvi-suspension-norma-26\\\/\",\"url\":\"https:\\\/\\\/centrourbano.com\\\/revista\\\/vivienda\\\/extiende-seduvi-suspension-norma-26\\\/\",\"name\":\"Extiende Seduvi suspensi\u00f3n de Norma 26 en la Ciudad de M\u00e9xico\",\"isPartOf\":{\"@id\":\"https:\\\/\\\/centrourbano.com\\\/revista\\\/#website\"},\"primaryImageOfPage\":{\"@id\":\"https:\\\/\\\/centrourbano.com\\\/revista\\\/vivienda\\\/extiende-seduvi-suspension-norma-26\\\/#primaryimage\"},\"image\":{\"@id\":\"https:\\\/\\\/centrourbano.com\\\/revista\\\/vivienda\\\/extiende-seduvi-suspension-norma-26\\\/#primaryimage\"},\"thumbnailUrl\":\"https:\\\/\\\/centrourbano.com\\\/revista\\\/wp-content\\\/uploads\\\/Norma-26-ok-.jpg\",\"datePublished\":\"2018-12-27T21:39:19+00:00\",\"dateModified\":\"2018-12-27T22:04:35+00:00\",\"description\":\"El gobierno de la Ciudad de M\u00e9xico que encabeza Claudia Sheimbaum, a trav\u00e9s de Seduvi, decidi\u00f3 ampliar la suspensi\u00f3n de la Norma 26...\",\"breadcrumb\":{\"@id\":\"https:\\\/\\\/centrourbano.com\\\/revista\\\/vivienda\\\/extiende-seduvi-suspension-norma-26\\\/#breadcrumb\"},\"inLanguage\":\"es\",\"potentialAction\":[{\"@type\":\"ReadAction\",\"target\":[\"https:\\\/\\\/centrourbano.com\\\/revista\\\/vivienda\\\/extiende-seduvi-suspension-norma-26\\\/\"]}]},{\"@type\":\"ImageObject\",\"inLanguage\":\"es\",\"@id\":\"https:\\\/\\\/centrourbano.com\\\/revista\\\/vivienda\\\/extiende-seduvi-suspension-norma-26\\\/#primaryimage\",\"url\":\"https:\\\/\\\/centrourbano.com\\\/revista\\\/wp-content\\\/uploads\\\/Norma-26-ok-.jpg\",\"contentUrl\":\"https:\\\/\\\/centrourbano.com\\\/revista\\\/wp-content\\\/uploads\\\/Norma-26-ok-.jpg\",\"width\":1380,\"height\":1035},{\"@type\":\"BreadcrumbList\",\"@id\":\"https:\\\/\\\/centrourbano.com\\\/revista\\\/vivienda\\\/extiende-seduvi-suspension-norma-26\\\/#breadcrumb\",\"itemListElement\":[{\"@type\":\"ListItem\",\"position\":1,\"name\":\"Portada\",\"item\":\"https:\\\/\\\/centrourbano.com\\\/revista\\\/\"},{\"@type\":\"ListItem\",\"position\":2,\"name\":\"Extiende Seduvi suspensi\u00f3n de Norma 26\"}]},{\"@type\":\"WebSite\",\"@id\":\"https:\\\/\\\/centrourbano.com\\\/revista\\\/#website\",\"url\":\"https:\\\/\\\/centrourbano.com\\\/revista\\\/\",\"name\":\"Centro Urbano\",\"description\":\"Medio especializado en los sectores vivienda, inmobiliario, construcci\u00f3n, arquitectura y urbanismo.\",\"publisher\":{\"@id\":\"https:\\\/\\\/centrourbano.com\\\/revista\\\/#organization\"},\"potentialAction\":[{\"@type\":\"SearchAction\",\"target\":{\"@type\":\"EntryPoint\",\"urlTemplate\":\"https:\\\/\\\/centrourbano.com\\\/revista\\\/?s={search_term_string}\"},\"query-input\":{\"@type\":\"PropertyValueSpecification\",\"valueRequired\":true,\"valueName\":\"search_term_string\"}}],\"inLanguage\":\"es\"},{\"@type\":\"Organization\",\"@id\":\"https:\\\/\\\/centrourbano.com\\\/revista\\\/#organization\",\"name\":\"Centro Urbano\",\"url\":\"https:\\\/\\\/centrourbano.com\\\/revista\\\/\",\"logo\":{\"@type\":\"ImageObject\",\"inLanguage\":\"es\",\"@id\":\"https:\\\/\\\/centrourbano.com\\\/revista\\\/#\\\/schema\\\/logo\\\/image\\\/\",\"url\":\"https:\\\/\\\/centrourbano.com\\\/revista\\\/wp-content\\\/uploads\\\/web_CU_logo-1.png\",\"contentUrl\":\"https:\\\/\\\/centrourbano.com\\\/revista\\\/wp-content\\\/uploads\\\/web_CU_logo-1.png\",\"width\":350,\"height\":91,\"caption\":\"Centro Urbano\"},\"image\":{\"@id\":\"https:\\\/\\\/centrourbano.com\\\/revista\\\/#\\\/schema\\\/logo\\\/image\\\/\"},\"sameAs\":[\"https:\\\/\\\/www.facebook.com\\\/portalcentrourbano\",\"https:\\\/\\\/x.com\\\/CentroUrbano\",\"https:\\\/\\\/www.instagram.com\\\/centro_urbano\\\/\",\"https:\\\/\\\/www.linkedin.com\\\/company\\\/centro-urbano\\\/\",\"http:\\\/\\\/www.youtube.com\\\/user\\\/portalcentrourbano\"]},{\"@type\":\"Person\",\"@id\":\"https:\\\/\\\/centrourbano.com\\\/revista\\\/#\\\/schema\\\/person\\\/370fa0ba2d8dd5bde3fdb8b62ad360aa\",\"name\":\"G4A\",\"image\":{\"@type\":\"ImageObject\",\"inLanguage\":\"es\",\"@id\":\"https:\\\/\\\/secure.gravatar.com\\\/avatar\\\/932a97121b13d5de5bbd8193c6c83d3b92c9eda0f39623607d4280e7a5778d97?s=96&d=mm&r=g\",\"url\":\"https:\\\/\\\/secure.gravatar.com\\\/avatar\\\/932a97121b13d5de5bbd8193c6c83d3b92c9eda0f39623607d4280e7a5778d97?s=96&d=mm&r=g\",\"contentUrl\":\"https:\\\/\\\/secure.gravatar.com\\\/avatar\\\/932a97121b13d5de5bbd8193c6c83d3b92c9eda0f39623607d4280e7a5778d97?s=96&d=mm&r=g\",\"caption\":\"G4A\"},\"url\":\"https:\\\/\\\/centrourbano.com\\\/revista\\\/author\\\/admin-g4a\\\/\"}]}<\/script>\n<!-- \/ Yoast SEO plugin. -->","yoast_head_json":{"title":"Extiende Seduvi suspensi\u00f3n de Norma 26 en la Ciudad de M\u00e9xico","description":"El gobierno de la Ciudad de M\u00e9xico que encabeza Claudia Sheimbaum, a trav\u00e9s de Seduvi, decidi\u00f3 ampliar la suspensi\u00f3n de la Norma 26...","robots":{"index":"index","follow":"follow","max-snippet":"max-snippet:-1","max-image-preview":"max-image-preview:large","max-video-preview":"max-video-preview:-1"},"canonical":"https:\/\/centrourbano.com\/revista\/vivienda\/extiende-seduvi-suspension-norma-26\/","og_locale":"es_ES","og_type":"article","og_title":"Extiende Seduvi suspensi\u00f3n de Norma 26 en la Ciudad de M\u00e9xico","og_description":"El gobierno de la Ciudad de M\u00e9xico que encabeza Claudia Sheimbaum, a trav\u00e9s de Seduvi, decidi\u00f3 ampliar la suspensi\u00f3n de la Norma 26...","og_url":"https:\/\/centrourbano.com\/revista\/vivienda\/extiende-seduvi-suspension-norma-26\/","og_site_name":"Centro Urbano","article_publisher":"https:\/\/www.facebook.com\/portalcentrourbano","article_published_time":"2018-12-27T21:39:19+00:00","article_modified_time":"2018-12-27T22:04:35+00:00","og_image":[{"width":1380,"height":1035,"url":"https:\/\/centrourbano.com\/revista\/wp-content\/uploads\/Norma-26-ok-.jpg","type":"image\/jpeg"}],"author":"G4A","twitter_card":"summary_large_image","twitter_creator":"@CentroUrbano","twitter_site":"@CentroUrbano","twitter_misc":{"Escrito por":"G4A","Tiempo de lectura":"2 minutos"},"schema":{"@context":"https:\/\/schema.org","@graph":[{"@type":"Article","@id":"https:\/\/centrourbano.com\/revista\/vivienda\/extiende-seduvi-suspension-norma-26\/#article","isPartOf":{"@id":"https:\/\/centrourbano.com\/revista\/vivienda\/extiende-seduvi-suspension-norma-26\/"},"author":{"name":"G4A","@id":"https:\/\/centrourbano.com\/revista\/#\/schema\/person\/370fa0ba2d8dd5bde3fdb8b62ad360aa"},"headline":"Extiende Seduvi suspensi\u00f3n de Norma 26","datePublished":"2018-12-27T21:39:19+00:00","dateModified":"2018-12-27T22:04:35+00:00","mainEntityOfPage":{"@id":"https:\/\/centrourbano.com\/revista\/vivienda\/extiende-seduvi-suspension-norma-26\/"},"wordCount":397,"commentCount":0,"publisher":{"@id":"https:\/\/centrourbano.com\/revista\/#organization"},"image":{"@id":"https:\/\/centrourbano.com\/revista\/vivienda\/extiende-seduvi-suspension-norma-26\/#primaryimage"},"thumbnailUrl":"https:\/\/centrourbano.com\/revista\/wp-content\/uploads\/Norma-26-ok-.jpg","keywords":["Ileana Villalobos","Norma 26","Seduvi","Vivienda de inter\u00e9s social"],"articleSection":["Vivienda"],"inLanguage":"es"},{"@type":"WebPage","@id":"https:\/\/centrourbano.com\/revista\/vivienda\/extiende-seduvi-suspension-norma-26\/","url":"https:\/\/centrourbano.com\/revista\/vivienda\/extiende-seduvi-suspension-norma-26\/","name":"Extiende Seduvi suspensi\u00f3n de Norma 26 en la Ciudad de M\u00e9xico","isPartOf":{"@id":"https:\/\/centrourbano.com\/revista\/#website"},"primaryImageOfPage":{"@id":"https:\/\/centrourbano.com\/revista\/vivienda\/extiende-seduvi-suspension-norma-26\/#primaryimage"},"image":{"@id":"https:\/\/centrourbano.com\/revista\/vivienda\/extiende-seduvi-suspension-norma-26\/#primaryimage"},"thumbnailUrl":"https:\/\/centrourbano.com\/revista\/wp-content\/uploads\/Norma-26-ok-.jpg","datePublished":"2018-12-27T21:39:19+00:00","dateModified":"2018-12-27T22:04:35+00:00","description":"El gobierno de la Ciudad de M\u00e9xico que encabeza Claudia Sheimbaum, a trav\u00e9s de Seduvi, decidi\u00f3 ampliar la suspensi\u00f3n de la Norma 26...","breadcrumb":{"@id":"https:\/\/centrourbano.com\/revista\/vivienda\/extiende-seduvi-suspension-norma-26\/#breadcrumb"},"inLanguage":"es","potentialAction":[{"@type":"ReadAction","target":["https:\/\/centrourbano.com\/revista\/vivienda\/extiende-seduvi-suspension-norma-26\/"]}]},{"@type":"ImageObject","inLanguage":"es","@id":"https:\/\/centrourbano.com\/revista\/vivienda\/extiende-seduvi-suspension-norma-26\/#primaryimage","url":"https:\/\/centrourbano.com\/revista\/wp-content\/uploads\/Norma-26-ok-.jpg","contentUrl":"https:\/\/centrourbano.com\/revista\/wp-content\/uploads\/Norma-26-ok-.jpg","width":1380,"height":1035},{"@type":"BreadcrumbList","@id":"https:\/\/centrourbano.com\/revista\/vivienda\/extiende-seduvi-suspension-norma-26\/#breadcrumb","itemListElement":[{"@type":"ListItem","position":1,"name":"Portada","item":"https:\/\/centrourbano.com\/revista\/"},{"@type":"ListItem","position":2,"name":"Extiende Seduvi suspensi\u00f3n de Norma 26"}]},{"@type":"WebSite","@id":"https:\/\/centrourbano.com\/revista\/#website","url":"https:\/\/centrourbano.com\/revista\/","name":"Centro Urbano","description":"Medio especializado en los sectores vivienda, inmobiliario, construcci\u00f3n, arquitectura y urbanismo.","publisher":{"@id":"https:\/\/centrourbano.com\/revista\/#organization"},"potentialAction":[{"@type":"SearchAction","target":{"@type":"EntryPoint","urlTemplate":"https:\/\/centrourbano.com\/revista\/?s={search_term_string}"},"query-input":{"@type":"PropertyValueSpecification","valueRequired":true,"valueName":"search_term_string"}}],"inLanguage":"es"},{"@type":"Organization","@id":"https:\/\/centrourbano.com\/revista\/#organization","name":"Centro Urbano","url":"https:\/\/centrourbano.com\/revista\/","logo":{"@type":"ImageObject","inLanguage":"es","@id":"https:\/\/centrourbano.com\/revista\/#\/schema\/logo\/image\/","url":"https:\/\/centrourbano.com\/revista\/wp-content\/uploads\/web_CU_logo-1.png","contentUrl":"https:\/\/centrourbano.com\/revista\/wp-content\/uploads\/web_CU_logo-1.png","width":350,"height":91,"caption":"Centro Urbano"},"image":{"@id":"https:\/\/centrourbano.com\/revista\/#\/schema\/logo\/image\/"},"sameAs":["https:\/\/www.facebook.com\/portalcentrourbano","https:\/\/x.com\/CentroUrbano","https:\/\/www.instagram.com\/centro_urbano\/","https:\/\/www.linkedin.com\/company\/centro-urbano\/","http:\/\/www.youtube.com\/user\/portalcentrourbano"]},{"@type":"Person","@id":"https:\/\/centrourbano.com\/revista\/#\/schema\/person\/370fa0ba2d8dd5bde3fdb8b62ad360aa","name":"G4A","image":{"@type":"ImageObject","inLanguage":"es","@id":"https:\/\/secure.gravatar.com\/avatar\/932a97121b13d5de5bbd8193c6c83d3b92c9eda0f39623607d4280e7a5778d97?s=96&d=mm&r=g","url":"https:\/\/secure.gravatar.com\/avatar\/932a97121b13d5de5bbd8193c6c83d3b92c9eda0f39623607d4280e7a5778d97?s=96&d=mm&r=g","contentUrl":"https:\/\/secure.gravatar.com\/avatar\/932a97121b13d5de5bbd8193c6c83d3b92c9eda0f39623607d4280e7a5778d97?s=96&d=mm&r=g","caption":"G4A"},"url":"https:\/\/centrourbano.com\/revista\/author\/admin-g4a\/"}]}},"_links":{"self":[{"href":"https:\/\/centrourbano.com\/revista\/wp-json\/wp\/v2\/posts\/83964","targetHints":{"allow":["GET"]}}],"collection":[{"href":"https:\/\/centrourbano.com\/revista\/wp-json\/wp\/v2\/posts"}],"about":[{"href":"https:\/\/centrourbano.com\/revista\/wp-json\/wp\/v2\/types\/post"}],"author":[{"embeddable":true,"href":"https:\/\/centrourbano.com\/revista\/wp-json\/wp\/v2\/users\/77"}],"replies":[{"embeddable":true,"href":"https:\/\/centrourbano.com\/revista\/wp-json\/wp\/v2\/comments?post=83964"}],"version-history":[{"count":5,"href":"https:\/\/centrourbano.com\/revista\/wp-json\/wp\/v2\/posts\/83964\/revisions"}],"predecessor-version":[{"id":83970,"href":"https:\/\/centrourbano.com\/revista\/wp-json\/wp\/v2\/posts\/83964\/revisions\/83970"}],"wp:featuredmedia":[{"embeddable":true,"href":"https:\/\/centrourbano.com\/revista\/wp-json\/wp\/v2\/media\/27819"}],"wp:attachment":[{"href":"https:\/\/centrourbano.com\/revista\/wp-json\/wp\/v2\/media?parent=83964"}],"wp:term":[{"taxonomy":"category","embeddable":true,"href":"https:\/\/centrourbano.com\/revista\/wp-json\/wp\/v2\/categories?post=83964"},{"taxonomy":"post_tag","embeddable":true,"href":"https:\/\/centrourbano.com\/revista\/wp-json\/wp\/v2\/tags?post=83964"}],"curies":[{"name":"wp","href":"https:\/\/api.w.org\/{rel}","templated":true}]}}