{"id":83449,"date":"2018-12-17T12:53:52","date_gmt":"2018-12-17T18:53:52","guid":{"rendered":"https:\/\/centrourbano.com\/?p=83449"},"modified":"2018-12-17T13:13:02","modified_gmt":"2018-12-17T19:13:02","slug":"salario-minimo-crecera-16-20-confirma-coparmex","status":"publish","type":"post","link":"https:\/\/centrourbano.com\/revista\/actualidad\/salario-minimo-crecera-16-20-confirma-coparmex\/","title":{"rendered":"Salario m\u00ednimo crecer\u00e1 16.20%, confirma Coparmex"},"content":{"rendered":"<p><em>El aumento fue un acuerdo tripartito y un\u00e1nime, se\u00f1al\u00f3 el organismo<\/em><!--more--><\/p>\n<p>Para el primer a\u00f1o de la nueva administraci\u00f3n federal, el salario m\u00ednimo <strong>crecer\u00e1 16.20 por ciento<\/strong>. Con esta modificaci\u00f3n al alza, el Salario M\u00ednimo General (<strong>SMG<\/strong>) en el pa\u00eds se ubicar\u00e1 en 102.68 pesos desde el 1 de enero de 2019, es decir, 14.32 pesos m\u00e1s a la cantidad vigente al d\u00eda de hoy.<\/p>\n<p>La noticia fue confirmada por la Confederaci\u00f3n Patronal de M\u00e9xico (<strong>Coparmex<\/strong>), quien destac\u00f3 que el aumento fue una decisi\u00f3n tomada de manera tripartita y un\u00e1nime. El organismo empresarial subray\u00f3 que con la modificaci\u00f3n se cubre al 100% la L\u00ednea de Bienestar establecida por el Coneval.<\/p>\n<p>\u201cCelebramos que M\u00e9xico est\u00e9 alcanzando el primer objetivo de la <strong>Nueva Cultura Salarial<\/strong> al lograr alinear el Salario M\u00ednimo General a la L\u00ednea de Bienestar Personal. Han tenido que pasar 23 a\u00f1os para regresar a ese nivel (\u2026)<\/p>\n<p>\u201cEl Salario M\u00ednimo General Nacional ser\u00e1 a partir del 1 de enero de 2019 de 102.68 pesos diarios. Esta suma se determin\u00f3 partiendo del actual SMG de 88.36 pesos diarios, adicionado de un incremento nominal en pesos, a trav\u00e9s del llamado Monto Independiente de Recuperaci\u00f3n el MIR de $9.43 pesos diarios, y considerando un ajuste porcentual (ligado a la inflaci\u00f3n) del 5.00%\u201d, expuso Coparmex.<\/p>\n<p>Por otro lado, de acuerdo con la informaci\u00f3n que difundi\u00f3 el organismo, entre las medidas para 2019 se contempla la creaci\u00f3n del <strong>SMG Fronterizo<\/strong>. Con esto se determin\u00f3 crear una nueva Zona Econ\u00f3mica Salarial en los municipios ubicados en los 25 kil\u00f3metros inmediatos a la frontera norte y algunos colindantes a estos. As\u00ed, en la regi\u00f3n, el salario m\u00ednimo quedar\u00e1 en 176.92 pesos. <\/p>\n<p>\u201cEsta suma se cuadr\u00f3 partiendo del actual SMG de $88.36 pesos diarios, adicionado un incremento nominal en pesos, a trav\u00e9s del MIR de 79.94 pesos diarios, y considerando el mismo ajuste porcentual inflacionario del 5.00 por ciento. <\/p>\n<p>\u201cEs innegable que la cuant\u00eda del SMG Fronterizo proviene de la insistencia del Presidente de la Rep\u00fablica, para duplicar lisa y llanamente en la franja fronteriza norte el Salario M\u00ednimo General vigente hasta hoy, como parte de una estrategia econ\u00f3mica regional planteada desde el Gobierno Federal\u201d. <\/p>\n<p>Cabe recordar que en su conferencia matutina, el presidente <strong>Andr\u00e9s Manuel L\u00f3pez Obrador<\/strong> adelant\u00f3 que el salario m\u00ednimo crecer\u00eda. Sin embargo, dijo, el anuncio oficial se realizar\u00e1 a las 13:00 horas de este lunes.<\/p>\n","protected":false},"excerpt":{"rendered":"<p>El aumento fue un acuerdo tripartito y un\u00e1nime, se\u00f1al\u00f3 el organismo<\/p>\n","protected":false},"author":77,"featured_media":83452,"comment_status":"open","ping_status":"closed","sticky":false,"template":"","format":"standard","meta":{"inline_featured_image":false,"footnotes":""},"categories":[80],"tags":[10245,518,15031,323,15032],"class_list":["post-83449","post","type-post","status-publish","format-standard","has-post-thumbnail","hentry","category-actualidad","tag-andres-manuel-lopez-obrador","tag-aumento","tag-confederacion-patronal-de-la-republica-mexicana","tag-coparmex","tag-salario-minimo-general"],"yoast_head":"<!-- This site is optimized with the Yoast SEO plugin v28.4 - https:\/\/yoast.com\/product\/yoast-seo-wordpress\/ -->\n<title>Salario m\u00ednimo crecer\u00e1 16.20%, confirma Coparmex<\/title>\n<meta name=\"description\" content=\"Para el primer a\u00f1o de la nueva administraci\u00f3n federal, el salario m\u00ednimo crecer\u00e1 16.20 por ciento. Con esta modificaci\u00f3n al alza...\" \/>\n<meta name=\"robots\" content=\"index, follow, max-snippet:-1, max-image-preview:large, max-video-preview:-1\" \/>\n<link rel=\"canonical\" href=\"https:\/\/centrourbano.com\/revista\/actualidad\/salario-minimo-crecera-16-20-confirma-coparmex\/\" \/>\n<meta property=\"og:locale\" content=\"es_ES\" \/>\n<meta property=\"og:type\" content=\"article\" \/>\n<meta property=\"og:title\" content=\"Salario m\u00ednimo crecer\u00e1 16.20%, confirma Coparmex\" \/>\n<meta property=\"og:description\" content=\"Para el primer a\u00f1o de la nueva administraci\u00f3n federal, el salario m\u00ednimo crecer\u00e1 16.20 por ciento. Con esta modificaci\u00f3n al alza...\" \/>\n<meta property=\"og:url\" content=\"https:\/\/centrourbano.com\/revista\/actualidad\/salario-minimo-crecera-16-20-confirma-coparmex\/\" \/>\n<meta property=\"og:site_name\" content=\"Centro Urbano\" \/>\n<meta property=\"article:publisher\" content=\"https:\/\/www.facebook.com\/portalcentrourbano\" \/>\n<meta property=\"article:published_time\" content=\"2018-12-17T18:53:52+00:00\" \/>\n<meta property=\"article:modified_time\" content=\"2018-12-17T19:13:02+00:00\" \/>\n<meta property=\"og:image\" content=\"https:\/\/centrourbano.com\/revista\/wp-content\/uploads\/dinero-12.jpg\" \/>\n\t<meta property=\"og:image:width\" content=\"800\" \/>\n\t<meta property=\"og:image:height\" content=\"620\" \/>\n\t<meta property=\"og:image:type\" content=\"image\/jpeg\" \/>\n<meta name=\"author\" content=\"G4A\" \/>\n<meta name=\"twitter:card\" content=\"summary_large_image\" \/>\n<meta name=\"twitter:creator\" content=\"@CentroUrbano\" \/>\n<meta name=\"twitter:site\" content=\"@CentroUrbano\" \/>\n<meta name=\"twitter:label1\" content=\"Escrito por\" \/>\n\t<meta name=\"twitter:data1\" content=\"G4A\" \/>\n\t<meta name=\"twitter:label2\" content=\"Tiempo de lectura\" \/>\n\t<meta name=\"twitter:data2\" content=\"2 minutos\" \/>\n<script type=\"application\/ld+json\" class=\"yoast-schema-graph\">{\"@context\":\"https:\\\/\\\/schema.org\",\"@graph\":[{\"@type\":\"Article\",\"@id\":\"https:\\\/\\\/centrourbano.com\\\/revista\\\/actualidad\\\/salario-minimo-crecera-16-20-confirma-coparmex\\\/#article\",\"isPartOf\":{\"@id\":\"https:\\\/\\\/centrourbano.com\\\/revista\\\/actualidad\\\/salario-minimo-crecera-16-20-confirma-coparmex\\\/\"},\"author\":{\"name\":\"G4A\",\"@id\":\"https:\\\/\\\/centrourbano.com\\\/revista\\\/#\\\/schema\\\/person\\\/370fa0ba2d8dd5bde3fdb8b62ad360aa\"},\"headline\":\"Salario m\u00ednimo crecer\u00e1 16.20%, confirma Coparmex\",\"datePublished\":\"2018-12-17T18:53:52+00:00\",\"dateModified\":\"2018-12-17T19:13:02+00:00\",\"mainEntityOfPage\":{\"@id\":\"https:\\\/\\\/centrourbano.com\\\/revista\\\/actualidad\\\/salario-minimo-crecera-16-20-confirma-coparmex\\\/\"},\"wordCount\":416,\"commentCount\":0,\"publisher\":{\"@id\":\"https:\\\/\\\/centrourbano.com\\\/revista\\\/#organization\"},\"image\":{\"@id\":\"https:\\\/\\\/centrourbano.com\\\/revista\\\/actualidad\\\/salario-minimo-crecera-16-20-confirma-coparmex\\\/#primaryimage\"},\"thumbnailUrl\":\"https:\\\/\\\/centrourbano.com\\\/revista\\\/wp-content\\\/uploads\\\/dinero-12.jpg\",\"keywords\":[\"Andres Manuel L\u00f3pez Obrador\",\"aumento\",\"Confederaci\u00f3n Patronal de la Rep\u00fablica Mexicana\",\"Coparmex\",\"Salario M\u00ednimo General\"],\"articleSection\":[\"Actualidad\"],\"inLanguage\":\"es\"},{\"@type\":\"WebPage\",\"@id\":\"https:\\\/\\\/centrourbano.com\\\/revista\\\/actualidad\\\/salario-minimo-crecera-16-20-confirma-coparmex\\\/\",\"url\":\"https:\\\/\\\/centrourbano.com\\\/revista\\\/actualidad\\\/salario-minimo-crecera-16-20-confirma-coparmex\\\/\",\"name\":\"Salario m\u00ednimo crecer\u00e1 16.20%, confirma Coparmex\",\"isPartOf\":{\"@id\":\"https:\\\/\\\/centrourbano.com\\\/revista\\\/#website\"},\"primaryImageOfPage\":{\"@id\":\"https:\\\/\\\/centrourbano.com\\\/revista\\\/actualidad\\\/salario-minimo-crecera-16-20-confirma-coparmex\\\/#primaryimage\"},\"image\":{\"@id\":\"https:\\\/\\\/centrourbano.com\\\/revista\\\/actualidad\\\/salario-minimo-crecera-16-20-confirma-coparmex\\\/#primaryimage\"},\"thumbnailUrl\":\"https:\\\/\\\/centrourbano.com\\\/revista\\\/wp-content\\\/uploads\\\/dinero-12.jpg\",\"datePublished\":\"2018-12-17T18:53:52+00:00\",\"dateModified\":\"2018-12-17T19:13:02+00:00\",\"description\":\"Para el primer a\u00f1o de la nueva administraci\u00f3n federal, el salario m\u00ednimo crecer\u00e1 16.20 por ciento. Con esta modificaci\u00f3n al alza...\",\"breadcrumb\":{\"@id\":\"https:\\\/\\\/centrourbano.com\\\/revista\\\/actualidad\\\/salario-minimo-crecera-16-20-confirma-coparmex\\\/#breadcrumb\"},\"inLanguage\":\"es\",\"potentialAction\":[{\"@type\":\"ReadAction\",\"target\":[\"https:\\\/\\\/centrourbano.com\\\/revista\\\/actualidad\\\/salario-minimo-crecera-16-20-confirma-coparmex\\\/\"]}]},{\"@type\":\"ImageObject\",\"inLanguage\":\"es\",\"@id\":\"https:\\\/\\\/centrourbano.com\\\/revista\\\/actualidad\\\/salario-minimo-crecera-16-20-confirma-coparmex\\\/#primaryimage\",\"url\":\"https:\\\/\\\/centrourbano.com\\\/revista\\\/wp-content\\\/uploads\\\/dinero-12.jpg\",\"contentUrl\":\"https:\\\/\\\/centrourbano.com\\\/revista\\\/wp-content\\\/uploads\\\/dinero-12.jpg\",\"width\":800,\"height\":620,\"caption\":\"Entre las medidas se contempla la creaci\u00f3n del SMG Fronterizo, el cual quedar\u00e1 en 176.92 pesos\"},{\"@type\":\"BreadcrumbList\",\"@id\":\"https:\\\/\\\/centrourbano.com\\\/revista\\\/actualidad\\\/salario-minimo-crecera-16-20-confirma-coparmex\\\/#breadcrumb\",\"itemListElement\":[{\"@type\":\"ListItem\",\"position\":1,\"name\":\"Portada\",\"item\":\"https:\\\/\\\/centrourbano.com\\\/revista\\\/\"},{\"@type\":\"ListItem\",\"position\":2,\"name\":\"Salario m\u00ednimo crecer\u00e1 16.20%, confirma Coparmex\"}]},{\"@type\":\"WebSite\",\"@id\":\"https:\\\/\\\/centrourbano.com\\\/revista\\\/#website\",\"url\":\"https:\\\/\\\/centrourbano.com\\\/revista\\\/\",\"name\":\"Centro Urbano\",\"description\":\"Medio especializado en los sectores vivienda, inmobiliario, construcci\u00f3n, arquitectura y urbanismo.\",\"publisher\":{\"@id\":\"https:\\\/\\\/centrourbano.com\\\/revista\\\/#organization\"},\"potentialAction\":[{\"@type\":\"SearchAction\",\"target\":{\"@type\":\"EntryPoint\",\"urlTemplate\":\"https:\\\/\\\/centrourbano.com\\\/revista\\\/?s={search_term_string}\"},\"query-input\":{\"@type\":\"PropertyValueSpecification\",\"valueRequired\":true,\"valueName\":\"search_term_string\"}}],\"inLanguage\":\"es\"},{\"@type\":\"Organization\",\"@id\":\"https:\\\/\\\/centrourbano.com\\\/revista\\\/#organization\",\"name\":\"Centro Urbano\",\"url\":\"https:\\\/\\\/centrourbano.com\\\/revista\\\/\",\"logo\":{\"@type\":\"ImageObject\",\"inLanguage\":\"es\",\"@id\":\"https:\\\/\\\/centrourbano.com\\\/revista\\\/#\\\/schema\\\/logo\\\/image\\\/\",\"url\":\"https:\\\/\\\/centrourbano.com\\\/revista\\\/wp-content\\\/uploads\\\/web_CU_logo-1.png\",\"contentUrl\":\"https:\\\/\\\/centrourbano.com\\\/revista\\\/wp-content\\\/uploads\\\/web_CU_logo-1.png\",\"width\":350,\"height\":91,\"caption\":\"Centro Urbano\"},\"image\":{\"@id\":\"https:\\\/\\\/centrourbano.com\\\/revista\\\/#\\\/schema\\\/logo\\\/image\\\/\"},\"sameAs\":[\"https:\\\/\\\/www.facebook.com\\\/portalcentrourbano\",\"https:\\\/\\\/x.com\\\/CentroUrbano\",\"https:\\\/\\\/www.instagram.com\\\/centro_urbano\\\/\",\"https:\\\/\\\/www.linkedin.com\\\/company\\\/centro-urbano\\\/\",\"http:\\\/\\\/www.youtube.com\\\/user\\\/portalcentrourbano\"]},{\"@type\":\"Person\",\"@id\":\"https:\\\/\\\/centrourbano.com\\\/revista\\\/#\\\/schema\\\/person\\\/370fa0ba2d8dd5bde3fdb8b62ad360aa\",\"name\":\"G4A\",\"image\":{\"@type\":\"ImageObject\",\"inLanguage\":\"es\",\"@id\":\"https:\\\/\\\/secure.gravatar.com\\\/avatar\\\/932a97121b13d5de5bbd8193c6c83d3b92c9eda0f39623607d4280e7a5778d97?s=96&d=mm&r=g\",\"url\":\"https:\\\/\\\/secure.gravatar.com\\\/avatar\\\/932a97121b13d5de5bbd8193c6c83d3b92c9eda0f39623607d4280e7a5778d97?s=96&d=mm&r=g\",\"contentUrl\":\"https:\\\/\\\/secure.gravatar.com\\\/avatar\\\/932a97121b13d5de5bbd8193c6c83d3b92c9eda0f39623607d4280e7a5778d97?s=96&d=mm&r=g\",\"caption\":\"G4A\"},\"url\":\"https:\\\/\\\/centrourbano.com\\\/revista\\\/author\\\/admin-g4a\\\/\"}]}<\/script>\n<!-- \/ Yoast SEO plugin. -->","yoast_head_json":{"title":"Salario m\u00ednimo crecer\u00e1 16.20%, confirma Coparmex","description":"Para el primer a\u00f1o de la nueva administraci\u00f3n federal, el salario m\u00ednimo crecer\u00e1 16.20 por ciento. Con esta modificaci\u00f3n al alza...","robots":{"index":"index","follow":"follow","max-snippet":"max-snippet:-1","max-image-preview":"max-image-preview:large","max-video-preview":"max-video-preview:-1"},"canonical":"https:\/\/centrourbano.com\/revista\/actualidad\/salario-minimo-crecera-16-20-confirma-coparmex\/","og_locale":"es_ES","og_type":"article","og_title":"Salario m\u00ednimo crecer\u00e1 16.20%, confirma Coparmex","og_description":"Para el primer a\u00f1o de la nueva administraci\u00f3n federal, el salario m\u00ednimo crecer\u00e1 16.20 por ciento. Con esta modificaci\u00f3n al alza...","og_url":"https:\/\/centrourbano.com\/revista\/actualidad\/salario-minimo-crecera-16-20-confirma-coparmex\/","og_site_name":"Centro Urbano","article_publisher":"https:\/\/www.facebook.com\/portalcentrourbano","article_published_time":"2018-12-17T18:53:52+00:00","article_modified_time":"2018-12-17T19:13:02+00:00","og_image":[{"width":800,"height":620,"url":"https:\/\/centrourbano.com\/revista\/wp-content\/uploads\/dinero-12.jpg","type":"image\/jpeg"}],"author":"G4A","twitter_card":"summary_large_image","twitter_creator":"@CentroUrbano","twitter_site":"@CentroUrbano","twitter_misc":{"Escrito por":"G4A","Tiempo de lectura":"2 minutos"},"schema":{"@context":"https:\/\/schema.org","@graph":[{"@type":"Article","@id":"https:\/\/centrourbano.com\/revista\/actualidad\/salario-minimo-crecera-16-20-confirma-coparmex\/#article","isPartOf":{"@id":"https:\/\/centrourbano.com\/revista\/actualidad\/salario-minimo-crecera-16-20-confirma-coparmex\/"},"author":{"name":"G4A","@id":"https:\/\/centrourbano.com\/revista\/#\/schema\/person\/370fa0ba2d8dd5bde3fdb8b62ad360aa"},"headline":"Salario m\u00ednimo crecer\u00e1 16.20%, confirma Coparmex","datePublished":"2018-12-17T18:53:52+00:00","dateModified":"2018-12-17T19:13:02+00:00","mainEntityOfPage":{"@id":"https:\/\/centrourbano.com\/revista\/actualidad\/salario-minimo-crecera-16-20-confirma-coparmex\/"},"wordCount":416,"commentCount":0,"publisher":{"@id":"https:\/\/centrourbano.com\/revista\/#organization"},"image":{"@id":"https:\/\/centrourbano.com\/revista\/actualidad\/salario-minimo-crecera-16-20-confirma-coparmex\/#primaryimage"},"thumbnailUrl":"https:\/\/centrourbano.com\/revista\/wp-content\/uploads\/dinero-12.jpg","keywords":["Andres Manuel L\u00f3pez Obrador","aumento","Confederaci\u00f3n Patronal de la Rep\u00fablica Mexicana","Coparmex","Salario M\u00ednimo General"],"articleSection":["Actualidad"],"inLanguage":"es"},{"@type":"WebPage","@id":"https:\/\/centrourbano.com\/revista\/actualidad\/salario-minimo-crecera-16-20-confirma-coparmex\/","url":"https:\/\/centrourbano.com\/revista\/actualidad\/salario-minimo-crecera-16-20-confirma-coparmex\/","name":"Salario m\u00ednimo crecer\u00e1 16.20%, confirma Coparmex","isPartOf":{"@id":"https:\/\/centrourbano.com\/revista\/#website"},"primaryImageOfPage":{"@id":"https:\/\/centrourbano.com\/revista\/actualidad\/salario-minimo-crecera-16-20-confirma-coparmex\/#primaryimage"},"image":{"@id":"https:\/\/centrourbano.com\/revista\/actualidad\/salario-minimo-crecera-16-20-confirma-coparmex\/#primaryimage"},"thumbnailUrl":"https:\/\/centrourbano.com\/revista\/wp-content\/uploads\/dinero-12.jpg","datePublished":"2018-12-17T18:53:52+00:00","dateModified":"2018-12-17T19:13:02+00:00","description":"Para el primer a\u00f1o de la nueva administraci\u00f3n federal, el salario m\u00ednimo crecer\u00e1 16.20 por ciento. Con esta modificaci\u00f3n al alza...","breadcrumb":{"@id":"https:\/\/centrourbano.com\/revista\/actualidad\/salario-minimo-crecera-16-20-confirma-coparmex\/#breadcrumb"},"inLanguage":"es","potentialAction":[{"@type":"ReadAction","target":["https:\/\/centrourbano.com\/revista\/actualidad\/salario-minimo-crecera-16-20-confirma-coparmex\/"]}]},{"@type":"ImageObject","inLanguage":"es","@id":"https:\/\/centrourbano.com\/revista\/actualidad\/salario-minimo-crecera-16-20-confirma-coparmex\/#primaryimage","url":"https:\/\/centrourbano.com\/revista\/wp-content\/uploads\/dinero-12.jpg","contentUrl":"https:\/\/centrourbano.com\/revista\/wp-content\/uploads\/dinero-12.jpg","width":800,"height":620,"caption":"Entre las medidas se contempla la creaci\u00f3n del SMG Fronterizo, el cual quedar\u00e1 en 176.92 pesos"},{"@type":"BreadcrumbList","@id":"https:\/\/centrourbano.com\/revista\/actualidad\/salario-minimo-crecera-16-20-confirma-coparmex\/#breadcrumb","itemListElement":[{"@type":"ListItem","position":1,"name":"Portada","item":"https:\/\/centrourbano.com\/revista\/"},{"@type":"ListItem","position":2,"name":"Salario m\u00ednimo crecer\u00e1 16.20%, confirma Coparmex"}]},{"@type":"WebSite","@id":"https:\/\/centrourbano.com\/revista\/#website","url":"https:\/\/centrourbano.com\/revista\/","name":"Centro Urbano","description":"Medio especializado en los sectores vivienda, inmobiliario, construcci\u00f3n, arquitectura y urbanismo.","publisher":{"@id":"https:\/\/centrourbano.com\/revista\/#organization"},"potentialAction":[{"@type":"SearchAction","target":{"@type":"EntryPoint","urlTemplate":"https:\/\/centrourbano.com\/revista\/?s={search_term_string}"},"query-input":{"@type":"PropertyValueSpecification","valueRequired":true,"valueName":"search_term_string"}}],"inLanguage":"es"},{"@type":"Organization","@id":"https:\/\/centrourbano.com\/revista\/#organization","name":"Centro Urbano","url":"https:\/\/centrourbano.com\/revista\/","logo":{"@type":"ImageObject","inLanguage":"es","@id":"https:\/\/centrourbano.com\/revista\/#\/schema\/logo\/image\/","url":"https:\/\/centrourbano.com\/revista\/wp-content\/uploads\/web_CU_logo-1.png","contentUrl":"https:\/\/centrourbano.com\/revista\/wp-content\/uploads\/web_CU_logo-1.png","width":350,"height":91,"caption":"Centro Urbano"},"image":{"@id":"https:\/\/centrourbano.com\/revista\/#\/schema\/logo\/image\/"},"sameAs":["https:\/\/www.facebook.com\/portalcentrourbano","https:\/\/x.com\/CentroUrbano","https:\/\/www.instagram.com\/centro_urbano\/","https:\/\/www.linkedin.com\/company\/centro-urbano\/","http:\/\/www.youtube.com\/user\/portalcentrourbano"]},{"@type":"Person","@id":"https:\/\/centrourbano.com\/revista\/#\/schema\/person\/370fa0ba2d8dd5bde3fdb8b62ad360aa","name":"G4A","image":{"@type":"ImageObject","inLanguage":"es","@id":"https:\/\/secure.gravatar.com\/avatar\/932a97121b13d5de5bbd8193c6c83d3b92c9eda0f39623607d4280e7a5778d97?s=96&d=mm&r=g","url":"https:\/\/secure.gravatar.com\/avatar\/932a97121b13d5de5bbd8193c6c83d3b92c9eda0f39623607d4280e7a5778d97?s=96&d=mm&r=g","contentUrl":"https:\/\/secure.gravatar.com\/avatar\/932a97121b13d5de5bbd8193c6c83d3b92c9eda0f39623607d4280e7a5778d97?s=96&d=mm&r=g","caption":"G4A"},"url":"https:\/\/centrourbano.com\/revista\/author\/admin-g4a\/"}]}},"_links":{"self":[{"href":"https:\/\/centrourbano.com\/revista\/wp-json\/wp\/v2\/posts\/83449","targetHints":{"allow":["GET"]}}],"collection":[{"href":"https:\/\/centrourbano.com\/revista\/wp-json\/wp\/v2\/posts"}],"about":[{"href":"https:\/\/centrourbano.com\/revista\/wp-json\/wp\/v2\/types\/post"}],"author":[{"embeddable":true,"href":"https:\/\/centrourbano.com\/revista\/wp-json\/wp\/v2\/users\/77"}],"replies":[{"embeddable":true,"href":"https:\/\/centrourbano.com\/revista\/wp-json\/wp\/v2\/comments?post=83449"}],"version-history":[{"count":6,"href":"https:\/\/centrourbano.com\/revista\/wp-json\/wp\/v2\/posts\/83449\/revisions"}],"predecessor-version":[{"id":83458,"href":"https:\/\/centrourbano.com\/revista\/wp-json\/wp\/v2\/posts\/83449\/revisions\/83458"}],"wp:featuredmedia":[{"embeddable":true,"href":"https:\/\/centrourbano.com\/revista\/wp-json\/wp\/v2\/media\/83452"}],"wp:attachment":[{"href":"https:\/\/centrourbano.com\/revista\/wp-json\/wp\/v2\/media?parent=83449"}],"wp:term":[{"taxonomy":"category","embeddable":true,"href":"https:\/\/centrourbano.com\/revista\/wp-json\/wp\/v2\/categories?post=83449"},{"taxonomy":"post_tag","embeddable":true,"href":"https:\/\/centrourbano.com\/revista\/wp-json\/wp\/v2\/tags?post=83449"}],"curies":[{"name":"wp","href":"https:\/\/api.w.org\/{rel}","templated":true}]}}