{"id":83272,"date":"2018-12-12T09:00:10","date_gmt":"2018-12-12T15:00:10","guid":{"rendered":"https:\/\/centrourbano.com\/?p=83272"},"modified":"2018-12-12T13:26:14","modified_gmt":"2018-12-12T19:26:14","slug":"%e2%96%b6%ef%b8%8f-trabajadores-bajos-salarios-prioridad-nuevo-infonavit","status":"publish","type":"post","link":"https:\/\/centrourbano.com\/revista\/entrevistas\/%e2%96%b6%ef%b8%8f-trabajadores-bajos-salarios-prioridad-nuevo-infonavit\/","title":{"rendered":"\u25b6\ufe0f Trabajadores de bajos salarios, prioridad para el nuevo Infonavit"},"content":{"rendered":"<p><a href=\"https:\/\/twitter.com\/carlosmartinezv?lang=es\" target=\"_blank\" rel=\"noopener noreferrer\">Carlos Mart\u00ednez<\/a>, propuesto por <strong>Andr\u00e9s Manuel L\u00f3pez Obrador<\/strong> para ocupar la Direcci\u00f3n General del <strong>Infonavit<\/strong>, a\u00f1adi\u00f3 que, con el cambio de administraci\u00f3n, dar soluciones a las familias con ingresos bajos ser\u00e1 prioridad.<\/p>\n","protected":false},"excerpt":{"rendered":"<p>Carlos Mart\u00ednez, propuesto por Andr\u00e9s Manuel L\u00f3pez Obrador para ocupar la Direcci\u00f3n General del Infonavit, a\u00f1adi\u00f3 que, con el cambio de administraci\u00f3n, dar soluciones a las familias con ingresos bajos ser\u00e1 prioridad.<\/p>\n","protected":false},"author":47,"featured_media":83273,"comment_status":"open","ping_status":"closed","sticky":false,"template":"","format":"video","meta":{"om_disable_all_campaigns":false,"inline_featured_image":false,"_monsterinsights_skip_tracking":false,"_monsterinsights_sitenote_active":false,"_monsterinsights_sitenote_note":"","_monsterinsights_sitenote_category":0,"footnotes":""},"categories":[13],"tags":[13043],"class_list":["post-83272","post","type-post","status-publish","format-video","has-post-thumbnail","hentry","category-entrevistas","tag-centrourbanoradio","post_format-post-format-video"],"yoast_head":"<!-- This site is optimized with the Yoast SEO plugin v27.4 - https:\/\/yoast.com\/product\/yoast-seo-wordpress\/ -->\n<title>\u25b6\ufe0f Trabajadores de bajos salarios, prioridad para el nuevo Infonavit -<\/title>\n<meta name=\"description\" content=\"Carlos Mart\u00ednez, propuesto por Andr\u00e9s Manuel L\u00f3pez Obrador para ocupar la Direcci\u00f3n General del Infonavit, a\u00f1adi\u00f3 que, con el cambio de administraci\u00f3n,\" \/>\n<meta name=\"robots\" content=\"index, follow, max-snippet:-1, max-image-preview:large, max-video-preview:-1\" \/>\n<link rel=\"canonical\" href=\"https:\/\/centrourbano.com\/revista\/entrevistas\/\u25b6\ufe0f-trabajadores-bajos-salarios-prioridad-nuevo-infonavit\/\" \/>\n<meta property=\"og:locale\" content=\"es_ES\" \/>\n<meta property=\"og:type\" content=\"article\" \/>\n<meta property=\"og:title\" content=\"\u25b6\ufe0f Trabajadores de bajos salarios, prioridad para el nuevo Infonavit -\" \/>\n<meta property=\"og:description\" content=\"Carlos Mart\u00ednez, propuesto por Andr\u00e9s Manuel L\u00f3pez Obrador para ocupar la Direcci\u00f3n General del Infonavit, a\u00f1adi\u00f3 que, con el cambio de administraci\u00f3n,\" \/>\n<meta property=\"og:url\" content=\"https:\/\/centrourbano.com\/revista\/entrevistas\/\u25b6\ufe0f-trabajadores-bajos-salarios-prioridad-nuevo-infonavit\/\" \/>\n<meta property=\"og:site_name\" content=\"Centro Urbano\" \/>\n<meta property=\"article:publisher\" content=\"https:\/\/www.facebook.com\/portalcentrourbano\" \/>\n<meta property=\"article:published_time\" content=\"2018-12-12T15:00:10+00:00\" \/>\n<meta property=\"article:modified_time\" content=\"2018-12-12T19:26:14+00:00\" \/>\n<meta property=\"og:image\" content=\"https:\/\/centrourbano.com\/revista\/wp-content\/uploads\/DsoobteU8AAfQ0n-e1544642728645.jpg\" \/>\n\t<meta property=\"og:image:width\" content=\"750\" \/>\n\t<meta property=\"og:image:height\" content=\"500\" \/>\n\t<meta property=\"og:image:type\" content=\"image\/jpeg\" \/>\n<meta name=\"author\" content=\"Edgar Rosas\" \/>\n<meta name=\"twitter:card\" content=\"summary_large_image\" \/>\n<meta name=\"twitter:creator\" content=\"@https:\/\/twitter.com\/ERosasCU?s=09\" \/>\n<meta name=\"twitter:site\" content=\"@CentroUrbano\" \/>\n<meta name=\"twitter:label1\" content=\"Escrito por\" \/>\n\t<meta name=\"twitter:data1\" content=\"Edgar Rosas\" \/>\n<script type=\"application\/ld+json\" class=\"yoast-schema-graph\">{\"@context\":\"https:\\\/\\\/schema.org\",\"@graph\":[{\"@type\":\"Article\",\"@id\":\"https:\\\/\\\/centrourbano.com\\\/revista\\\/entrevistas\\\/%e2%96%b6%ef%b8%8f-trabajadores-bajos-salarios-prioridad-nuevo-infonavit\\\/#article\",\"isPartOf\":{\"@id\":\"https:\\\/\\\/centrourbano.com\\\/revista\\\/entrevistas\\\/%e2%96%b6%ef%b8%8f-trabajadores-bajos-salarios-prioridad-nuevo-infonavit\\\/\"},\"author\":{\"name\":\"Edgar Rosas\",\"@id\":\"https:\\\/\\\/centrourbano.com\\\/revista\\\/#\\\/schema\\\/person\\\/ff3c00651ce5b1630479d2cd0c2e3ac0\"},\"headline\":\"\u25b6\ufe0f Trabajadores de bajos salarios, prioridad para el nuevo Infonavit\",\"datePublished\":\"2018-12-12T15:00:10+00:00\",\"dateModified\":\"2018-12-12T19:26:14+00:00\",\"mainEntityOfPage\":{\"@id\":\"https:\\\/\\\/centrourbano.com\\\/revista\\\/entrevistas\\\/%e2%96%b6%ef%b8%8f-trabajadores-bajos-salarios-prioridad-nuevo-infonavit\\\/\"},\"wordCount\":47,\"commentCount\":0,\"publisher\":{\"@id\":\"https:\\\/\\\/centrourbano.com\\\/revista\\\/#organization\"},\"image\":{\"@id\":\"https:\\\/\\\/centrourbano.com\\\/revista\\\/entrevistas\\\/%e2%96%b6%ef%b8%8f-trabajadores-bajos-salarios-prioridad-nuevo-infonavit\\\/#primaryimage\"},\"thumbnailUrl\":\"https:\\\/\\\/centrourbano.com\\\/revista\\\/wp-content\\\/uploads\\\/DsoobteU8AAfQ0n-e1544642728645.jpg\",\"keywords\":[\"#CentroUrbanoRADIO\"],\"articleSection\":[\"Entrevistas\"],\"inLanguage\":\"es\",\"potentialAction\":[{\"@type\":\"CommentAction\",\"name\":\"Comment\",\"target\":[\"https:\\\/\\\/centrourbano.com\\\/revista\\\/entrevistas\\\/%e2%96%b6%ef%b8%8f-trabajadores-bajos-salarios-prioridad-nuevo-infonavit\\\/#respond\"]}]},{\"@type\":\"WebPage\",\"@id\":\"https:\\\/\\\/centrourbano.com\\\/revista\\\/entrevistas\\\/%e2%96%b6%ef%b8%8f-trabajadores-bajos-salarios-prioridad-nuevo-infonavit\\\/\",\"url\":\"https:\\\/\\\/centrourbano.com\\\/revista\\\/entrevistas\\\/%e2%96%b6%ef%b8%8f-trabajadores-bajos-salarios-prioridad-nuevo-infonavit\\\/\",\"name\":\"\u25b6\ufe0f Trabajadores de bajos salarios, prioridad para el nuevo Infonavit -\",\"isPartOf\":{\"@id\":\"https:\\\/\\\/centrourbano.com\\\/revista\\\/#website\"},\"primaryImageOfPage\":{\"@id\":\"https:\\\/\\\/centrourbano.com\\\/revista\\\/entrevistas\\\/%e2%96%b6%ef%b8%8f-trabajadores-bajos-salarios-prioridad-nuevo-infonavit\\\/#primaryimage\"},\"image\":{\"@id\":\"https:\\\/\\\/centrourbano.com\\\/revista\\\/entrevistas\\\/%e2%96%b6%ef%b8%8f-trabajadores-bajos-salarios-prioridad-nuevo-infonavit\\\/#primaryimage\"},\"thumbnailUrl\":\"https:\\\/\\\/centrourbano.com\\\/revista\\\/wp-content\\\/uploads\\\/DsoobteU8AAfQ0n-e1544642728645.jpg\",\"datePublished\":\"2018-12-12T15:00:10+00:00\",\"dateModified\":\"2018-12-12T19:26:14+00:00\",\"description\":\"Carlos Mart\u00ednez, propuesto por Andr\u00e9s Manuel L\u00f3pez Obrador para ocupar la Direcci\u00f3n General del Infonavit, a\u00f1adi\u00f3 que, con el cambio de administraci\u00f3n,\",\"breadcrumb\":{\"@id\":\"https:\\\/\\\/centrourbano.com\\\/revista\\\/entrevistas\\\/%e2%96%b6%ef%b8%8f-trabajadores-bajos-salarios-prioridad-nuevo-infonavit\\\/#breadcrumb\"},\"inLanguage\":\"es\",\"potentialAction\":[{\"@type\":\"ReadAction\",\"target\":[\"https:\\\/\\\/centrourbano.com\\\/revista\\\/entrevistas\\\/%e2%96%b6%ef%b8%8f-trabajadores-bajos-salarios-prioridad-nuevo-infonavit\\\/\"]}]},{\"@type\":\"ImageObject\",\"inLanguage\":\"es\",\"@id\":\"https:\\\/\\\/centrourbano.com\\\/revista\\\/entrevistas\\\/%e2%96%b6%ef%b8%8f-trabajadores-bajos-salarios-prioridad-nuevo-infonavit\\\/#primaryimage\",\"url\":\"https:\\\/\\\/centrourbano.com\\\/revista\\\/wp-content\\\/uploads\\\/DsoobteU8AAfQ0n-e1544642728645.jpg\",\"contentUrl\":\"https:\\\/\\\/centrourbano.com\\\/revista\\\/wp-content\\\/uploads\\\/DsoobteU8AAfQ0n-e1544642728645.jpg\",\"width\":750,\"height\":500,\"caption\":\"\u25b6\ufe0f Trabajadores de bajos salarios, prioridad para el nuevo Infonavit\"},{\"@type\":\"BreadcrumbList\",\"@id\":\"https:\\\/\\\/centrourbano.com\\\/revista\\\/entrevistas\\\/%e2%96%b6%ef%b8%8f-trabajadores-bajos-salarios-prioridad-nuevo-infonavit\\\/#breadcrumb\",\"itemListElement\":[{\"@type\":\"ListItem\",\"position\":1,\"name\":\"Portada\",\"item\":\"https:\\\/\\\/centrourbano.com\\\/revista\\\/\"},{\"@type\":\"ListItem\",\"position\":2,\"name\":\"\u25b6\ufe0f Trabajadores de bajos salarios, prioridad para el nuevo Infonavit\"}]},{\"@type\":\"WebSite\",\"@id\":\"https:\\\/\\\/centrourbano.com\\\/revista\\\/#website\",\"url\":\"https:\\\/\\\/centrourbano.com\\\/revista\\\/\",\"name\":\"Centro Urbano\",\"description\":\"Medio especializado en los sectores vivienda, inmobiliario, construcci\u00f3n, arquitectura y urbanismo.\",\"publisher\":{\"@id\":\"https:\\\/\\\/centrourbano.com\\\/revista\\\/#organization\"},\"potentialAction\":[{\"@type\":\"SearchAction\",\"target\":{\"@type\":\"EntryPoint\",\"urlTemplate\":\"https:\\\/\\\/centrourbano.com\\\/revista\\\/?s={search_term_string}\"},\"query-input\":{\"@type\":\"PropertyValueSpecification\",\"valueRequired\":true,\"valueName\":\"search_term_string\"}}],\"inLanguage\":\"es\"},{\"@type\":\"Organization\",\"@id\":\"https:\\\/\\\/centrourbano.com\\\/revista\\\/#organization\",\"name\":\"Centro Urbano\",\"url\":\"https:\\\/\\\/centrourbano.com\\\/revista\\\/\",\"logo\":{\"@type\":\"ImageObject\",\"inLanguage\":\"es\",\"@id\":\"https:\\\/\\\/centrourbano.com\\\/revista\\\/#\\\/schema\\\/logo\\\/image\\\/\",\"url\":\"https:\\\/\\\/centrourbano.com\\\/revista\\\/wp-content\\\/uploads\\\/web_CU_logo-1.png\",\"contentUrl\":\"https:\\\/\\\/centrourbano.com\\\/revista\\\/wp-content\\\/uploads\\\/web_CU_logo-1.png\",\"width\":350,\"height\":91,\"caption\":\"Centro Urbano\"},\"image\":{\"@id\":\"https:\\\/\\\/centrourbano.com\\\/revista\\\/#\\\/schema\\\/logo\\\/image\\\/\"},\"sameAs\":[\"https:\\\/\\\/www.facebook.com\\\/portalcentrourbano\",\"https:\\\/\\\/x.com\\\/CentroUrbano\",\"https:\\\/\\\/www.instagram.com\\\/centro_urbano\\\/\",\"https:\\\/\\\/www.linkedin.com\\\/company\\\/centro-urbano\\\/\",\"http:\\\/\\\/www.youtube.com\\\/user\\\/portalcentrourbano\"]},{\"@type\":\"Person\",\"@id\":\"https:\\\/\\\/centrourbano.com\\\/revista\\\/#\\\/schema\\\/person\\\/ff3c00651ce5b1630479d2cd0c2e3ac0\",\"name\":\"Edgar Rosas\",\"image\":{\"@type\":\"ImageObject\",\"inLanguage\":\"es\",\"@id\":\"https:\\\/\\\/secure.gravatar.com\\\/avatar\\\/94440c4283495211faa5300bf85e80061036b83fced868c3783aa1310b350d9c?s=96&d=mm&r=g\",\"url\":\"https:\\\/\\\/secure.gravatar.com\\\/avatar\\\/94440c4283495211faa5300bf85e80061036b83fced868c3783aa1310b350d9c?s=96&d=mm&r=g\",\"contentUrl\":\"https:\\\/\\\/secure.gravatar.com\\\/avatar\\\/94440c4283495211faa5300bf85e80061036b83fced868c3783aa1310b350d9c?s=96&d=mm&r=g\",\"caption\":\"Edgar Rosas\"},\"description\":\"Editor en Jefe de Centro Urbano. Egresado de la maestr\u00eda en Periodismo Pol\u00edtico de la Escuela de Periodismo Carlos Septi\u00e9n Garc\u00eda (EPCSG). Estudi\u00f3 la licenciatura en Comunicaci\u00f3n en la Universidad Mexicana. Amante de la cr\u00f3nica y el reportaje. Admirador de Vicente Le\u00f1ero y Miguel \u00c1ngel Granados Chapa.\",\"sameAs\":[\"https:\\\/\\\/x.com\\\/https:\\\/\\\/twitter.com\\\/ERosasCU?s=09\"],\"url\":\"https:\\\/\\\/centrourbano.com\\\/revista\\\/author\\\/edgar-rosas\\\/\"}]}<\/script>\n<!-- \/ Yoast SEO plugin. -->","yoast_head_json":{"title":"\u25b6\ufe0f Trabajadores de bajos salarios, prioridad para el nuevo Infonavit -","description":"Carlos Mart\u00ednez, propuesto por Andr\u00e9s Manuel L\u00f3pez Obrador para ocupar la Direcci\u00f3n General del Infonavit, a\u00f1adi\u00f3 que, con el cambio de administraci\u00f3n,","robots":{"index":"index","follow":"follow","max-snippet":"max-snippet:-1","max-image-preview":"max-image-preview:large","max-video-preview":"max-video-preview:-1"},"canonical":"https:\/\/centrourbano.com\/revista\/entrevistas\/\u25b6\ufe0f-trabajadores-bajos-salarios-prioridad-nuevo-infonavit\/","og_locale":"es_ES","og_type":"article","og_title":"\u25b6\ufe0f Trabajadores de bajos salarios, prioridad para el nuevo Infonavit -","og_description":"Carlos Mart\u00ednez, propuesto por Andr\u00e9s Manuel L\u00f3pez Obrador para ocupar la Direcci\u00f3n General del Infonavit, a\u00f1adi\u00f3 que, con el cambio de administraci\u00f3n,","og_url":"https:\/\/centrourbano.com\/revista\/entrevistas\/\u25b6\ufe0f-trabajadores-bajos-salarios-prioridad-nuevo-infonavit\/","og_site_name":"Centro Urbano","article_publisher":"https:\/\/www.facebook.com\/portalcentrourbano","article_published_time":"2018-12-12T15:00:10+00:00","article_modified_time":"2018-12-12T19:26:14+00:00","og_image":[{"width":750,"height":500,"url":"https:\/\/centrourbano.com\/revista\/wp-content\/uploads\/DsoobteU8AAfQ0n-e1544642728645.jpg","type":"image\/jpeg"}],"author":"Edgar Rosas","twitter_card":"summary_large_image","twitter_creator":"@https:\/\/twitter.com\/ERosasCU?s=09","twitter_site":"@CentroUrbano","twitter_misc":{"Escrito por":"Edgar Rosas"},"schema":{"@context":"https:\/\/schema.org","@graph":[{"@type":"Article","@id":"https:\/\/centrourbano.com\/revista\/entrevistas\/%e2%96%b6%ef%b8%8f-trabajadores-bajos-salarios-prioridad-nuevo-infonavit\/#article","isPartOf":{"@id":"https:\/\/centrourbano.com\/revista\/entrevistas\/%e2%96%b6%ef%b8%8f-trabajadores-bajos-salarios-prioridad-nuevo-infonavit\/"},"author":{"name":"Edgar Rosas","@id":"https:\/\/centrourbano.com\/revista\/#\/schema\/person\/ff3c00651ce5b1630479d2cd0c2e3ac0"},"headline":"\u25b6\ufe0f Trabajadores de bajos salarios, prioridad para el nuevo Infonavit","datePublished":"2018-12-12T15:00:10+00:00","dateModified":"2018-12-12T19:26:14+00:00","mainEntityOfPage":{"@id":"https:\/\/centrourbano.com\/revista\/entrevistas\/%e2%96%b6%ef%b8%8f-trabajadores-bajos-salarios-prioridad-nuevo-infonavit\/"},"wordCount":47,"commentCount":0,"publisher":{"@id":"https:\/\/centrourbano.com\/revista\/#organization"},"image":{"@id":"https:\/\/centrourbano.com\/revista\/entrevistas\/%e2%96%b6%ef%b8%8f-trabajadores-bajos-salarios-prioridad-nuevo-infonavit\/#primaryimage"},"thumbnailUrl":"https:\/\/centrourbano.com\/revista\/wp-content\/uploads\/DsoobteU8AAfQ0n-e1544642728645.jpg","keywords":["#CentroUrbanoRADIO"],"articleSection":["Entrevistas"],"inLanguage":"es","potentialAction":[{"@type":"CommentAction","name":"Comment","target":["https:\/\/centrourbano.com\/revista\/entrevistas\/%e2%96%b6%ef%b8%8f-trabajadores-bajos-salarios-prioridad-nuevo-infonavit\/#respond"]}]},{"@type":"WebPage","@id":"https:\/\/centrourbano.com\/revista\/entrevistas\/%e2%96%b6%ef%b8%8f-trabajadores-bajos-salarios-prioridad-nuevo-infonavit\/","url":"https:\/\/centrourbano.com\/revista\/entrevistas\/%e2%96%b6%ef%b8%8f-trabajadores-bajos-salarios-prioridad-nuevo-infonavit\/","name":"\u25b6\ufe0f Trabajadores de bajos salarios, prioridad para el nuevo Infonavit -","isPartOf":{"@id":"https:\/\/centrourbano.com\/revista\/#website"},"primaryImageOfPage":{"@id":"https:\/\/centrourbano.com\/revista\/entrevistas\/%e2%96%b6%ef%b8%8f-trabajadores-bajos-salarios-prioridad-nuevo-infonavit\/#primaryimage"},"image":{"@id":"https:\/\/centrourbano.com\/revista\/entrevistas\/%e2%96%b6%ef%b8%8f-trabajadores-bajos-salarios-prioridad-nuevo-infonavit\/#primaryimage"},"thumbnailUrl":"https:\/\/centrourbano.com\/revista\/wp-content\/uploads\/DsoobteU8AAfQ0n-e1544642728645.jpg","datePublished":"2018-12-12T15:00:10+00:00","dateModified":"2018-12-12T19:26:14+00:00","description":"Carlos Mart\u00ednez, propuesto por Andr\u00e9s Manuel L\u00f3pez Obrador para ocupar la Direcci\u00f3n General del Infonavit, a\u00f1adi\u00f3 que, con el cambio de administraci\u00f3n,","breadcrumb":{"@id":"https:\/\/centrourbano.com\/revista\/entrevistas\/%e2%96%b6%ef%b8%8f-trabajadores-bajos-salarios-prioridad-nuevo-infonavit\/#breadcrumb"},"inLanguage":"es","potentialAction":[{"@type":"ReadAction","target":["https:\/\/centrourbano.com\/revista\/entrevistas\/%e2%96%b6%ef%b8%8f-trabajadores-bajos-salarios-prioridad-nuevo-infonavit\/"]}]},{"@type":"ImageObject","inLanguage":"es","@id":"https:\/\/centrourbano.com\/revista\/entrevistas\/%e2%96%b6%ef%b8%8f-trabajadores-bajos-salarios-prioridad-nuevo-infonavit\/#primaryimage","url":"https:\/\/centrourbano.com\/revista\/wp-content\/uploads\/DsoobteU8AAfQ0n-e1544642728645.jpg","contentUrl":"https:\/\/centrourbano.com\/revista\/wp-content\/uploads\/DsoobteU8AAfQ0n-e1544642728645.jpg","width":750,"height":500,"caption":"\u25b6\ufe0f Trabajadores de bajos salarios, prioridad para el nuevo Infonavit"},{"@type":"BreadcrumbList","@id":"https:\/\/centrourbano.com\/revista\/entrevistas\/%e2%96%b6%ef%b8%8f-trabajadores-bajos-salarios-prioridad-nuevo-infonavit\/#breadcrumb","itemListElement":[{"@type":"ListItem","position":1,"name":"Portada","item":"https:\/\/centrourbano.com\/revista\/"},{"@type":"ListItem","position":2,"name":"\u25b6\ufe0f Trabajadores de bajos salarios, prioridad para el nuevo Infonavit"}]},{"@type":"WebSite","@id":"https:\/\/centrourbano.com\/revista\/#website","url":"https:\/\/centrourbano.com\/revista\/","name":"Centro Urbano","description":"Medio especializado en los sectores vivienda, inmobiliario, construcci\u00f3n, arquitectura y urbanismo.","publisher":{"@id":"https:\/\/centrourbano.com\/revista\/#organization"},"potentialAction":[{"@type":"SearchAction","target":{"@type":"EntryPoint","urlTemplate":"https:\/\/centrourbano.com\/revista\/?s={search_term_string}"},"query-input":{"@type":"PropertyValueSpecification","valueRequired":true,"valueName":"search_term_string"}}],"inLanguage":"es"},{"@type":"Organization","@id":"https:\/\/centrourbano.com\/revista\/#organization","name":"Centro Urbano","url":"https:\/\/centrourbano.com\/revista\/","logo":{"@type":"ImageObject","inLanguage":"es","@id":"https:\/\/centrourbano.com\/revista\/#\/schema\/logo\/image\/","url":"https:\/\/centrourbano.com\/revista\/wp-content\/uploads\/web_CU_logo-1.png","contentUrl":"https:\/\/centrourbano.com\/revista\/wp-content\/uploads\/web_CU_logo-1.png","width":350,"height":91,"caption":"Centro Urbano"},"image":{"@id":"https:\/\/centrourbano.com\/revista\/#\/schema\/logo\/image\/"},"sameAs":["https:\/\/www.facebook.com\/portalcentrourbano","https:\/\/x.com\/CentroUrbano","https:\/\/www.instagram.com\/centro_urbano\/","https:\/\/www.linkedin.com\/company\/centro-urbano\/","http:\/\/www.youtube.com\/user\/portalcentrourbano"]},{"@type":"Person","@id":"https:\/\/centrourbano.com\/revista\/#\/schema\/person\/ff3c00651ce5b1630479d2cd0c2e3ac0","name":"Edgar Rosas","image":{"@type":"ImageObject","inLanguage":"es","@id":"https:\/\/secure.gravatar.com\/avatar\/94440c4283495211faa5300bf85e80061036b83fced868c3783aa1310b350d9c?s=96&d=mm&r=g","url":"https:\/\/secure.gravatar.com\/avatar\/94440c4283495211faa5300bf85e80061036b83fced868c3783aa1310b350d9c?s=96&d=mm&r=g","contentUrl":"https:\/\/secure.gravatar.com\/avatar\/94440c4283495211faa5300bf85e80061036b83fced868c3783aa1310b350d9c?s=96&d=mm&r=g","caption":"Edgar Rosas"},"description":"Editor en Jefe de Centro Urbano. Egresado de la maestr\u00eda en Periodismo Pol\u00edtico de la Escuela de Periodismo Carlos Septi\u00e9n Garc\u00eda (EPCSG). Estudi\u00f3 la licenciatura en Comunicaci\u00f3n en la Universidad Mexicana. Amante de la cr\u00f3nica y el reportaje. Admirador de Vicente Le\u00f1ero y Miguel \u00c1ngel Granados Chapa.","sameAs":["https:\/\/x.com\/https:\/\/twitter.com\/ERosasCU?s=09"],"url":"https:\/\/centrourbano.com\/revista\/author\/edgar-rosas\/"}]}},"_links":{"self":[{"href":"https:\/\/centrourbano.com\/revista\/wp-json\/wp\/v2\/posts\/83272","targetHints":{"allow":["GET"]}}],"collection":[{"href":"https:\/\/centrourbano.com\/revista\/wp-json\/wp\/v2\/posts"}],"about":[{"href":"https:\/\/centrourbano.com\/revista\/wp-json\/wp\/v2\/types\/post"}],"author":[{"embeddable":true,"href":"https:\/\/centrourbano.com\/revista\/wp-json\/wp\/v2\/users\/47"}],"replies":[{"embeddable":true,"href":"https:\/\/centrourbano.com\/revista\/wp-json\/wp\/v2\/comments?post=83272"}],"version-history":[{"count":1,"href":"https:\/\/centrourbano.com\/revista\/wp-json\/wp\/v2\/posts\/83272\/revisions"}],"predecessor-version":[{"id":83274,"href":"https:\/\/centrourbano.com\/revista\/wp-json\/wp\/v2\/posts\/83272\/revisions\/83274"}],"wp:featuredmedia":[{"embeddable":true,"href":"https:\/\/centrourbano.com\/revista\/wp-json\/wp\/v2\/media\/83273"}],"wp:attachment":[{"href":"https:\/\/centrourbano.com\/revista\/wp-json\/wp\/v2\/media?parent=83272"}],"wp:term":[{"taxonomy":"category","embeddable":true,"href":"https:\/\/centrourbano.com\/revista\/wp-json\/wp\/v2\/categories?post=83272"},{"taxonomy":"post_tag","embeddable":true,"href":"https:\/\/centrourbano.com\/revista\/wp-json\/wp\/v2\/tags?post=83272"}],"curies":[{"name":"wp","href":"https:\/\/api.w.org\/{rel}","templated":true}]}}