{"id":83199,"date":"2018-12-11T11:37:26","date_gmt":"2018-12-11T17:37:26","guid":{"rendered":"https:\/\/centrourbano.com\/?p=83199"},"modified":"2018-12-14T23:21:04","modified_gmt":"2018-12-15T05:21:04","slug":"ventanilla-unica-construccion-cdmx","status":"publish","type":"post","link":"https:\/\/centrourbano.com\/revista\/inmobiliario\/ventanilla-unica-construccion-cdmx\/","title":{"rendered":"Habr\u00e1 ventanilla \u00fanica para tr\u00e1mites de construcci\u00f3n en CDMX"},"content":{"rendered":"<p><em>La Jefa de Gobierno se\u00f1al\u00f3 que en proyectos donde se presente conflicto con vecinos podr\u00eda implementarse la consulta vecinal vinculante<\/em><!--more--><\/p>\n<p>La Jefa de Gobierno de la Ciudad de M\u00e9xico, <strong>Claudia Sheinbaum<\/strong>, dio a conocer que, si bien <strong>no se detendr\u00e1n<\/strong> las obras inmobiliarias en capital del pa\u00eds, s\u00ed se realizar\u00e1 una <strong>revisi\u00f3n<\/strong> exhaustiva de los proyectos, tanto los que est\u00e1n en construcci\u00f3n como los que se encuentran en etapa de autorizaci\u00f3n. Se\u00f1al\u00f3 que, para dar cauce a las peticiones de licencias, se instalar\u00e1 una <strong>ventanilla \u00fanica<\/strong>.<\/p>\n<p>En el marco de su conferencia matutina, la jefa del Ejecutivo local indic\u00f3 que uno de los objetivos de la nueva administraci\u00f3n es garantizar la <strong>legalidad <\/strong>de los proyectos. En tal sentido, dijo, se debe acabar con las pr\u00e1cticas que van en contra de la Ley.<\/p>\n<p>\u201cEl mensaje que mandamos a los ciudadanos es que vamos a vigilar la legalidad. Y a los <strong>desarrolladores <\/strong>les dir\u00eda que todos aquellos que han hecho las cosas bajo la ley, no tienen problema\u201d, dijo.<\/p>\n<p>Al respecto, la Jefa de Gobierno destac\u00f3 que en los proyectos inmobiliarios donde exista <strong>conflicto con los vecinos<\/strong> se buscar\u00e1n soluciones entre las partes involucradas. Incluso, dijo, se podr\u00eda llegar a consulta vecinal vinculatoria.<\/p>\n<p>\u00abNo vamos a permitir la ilegalidad. Sabemos que hay muchas obras que han generado conflicto. Vamos a seguir con la revisi\u00f3n tanto de lo ya autorizado como lo que est\u00e1 en proceso, y donde encontremos irregularidades se va actuar administrativamente.<\/p>\n<p>\u201cA desarrolladores les dir\u00eda que, hacia delante, como se los he planteado en algunas reuniones, por lo pronto se va a autorizar lo que diga los<strong> usos de suelo<\/strong>. En el caso que exista conflicto vecinal lo vamos a trabajar con los vecinos y las autorizaciones van a ser en ventanilla \u00fanica. En el caso de conflicto vecinal, impulsaremos el dialogo, y podemos llegar a la <strong>consulta vecinal vinculante<\/strong>\u201d, sostuvo.<\/p>\n<p>&nbsp;<\/p>\n<p style=\"text-align: center;\"><strong><em>Te podr\u00eda interesar:<\/em><\/strong><\/p>\n<a href=\"https:\/\/centrourbano.com\/2018\/09\/13\/adi-coadyuvara-sheinbaum-impulsar-plan-ciudad\/\" target=\"_blank\" rel=\"noopener noreferrer\"><img loading=\"lazy\" decoding=\"async\" class=\"aligncenter wp-image-83205\" src=\"https:\/\/centrourbano.com\/revista\/wp-content\/uploads\/ADI_Sheinbaum_Nota.jpg\" alt=\"\" width=\"500\" height=\"393\" srcset=\"https:\/\/centrourbano.com\/revista\/wp-content\/uploads\/ADI_Sheinbaum_Nota.jpg 605w, https:\/\/centrourbano.com\/revista\/wp-content\/uploads\/ADI_Sheinbaum_Nota-300x236.jpg 300w\" sizes=\"auto, (max-width: 500px) 100vw, 500px\" \/><\/a>\n","protected":false},"excerpt":{"rendered":"<p>La Jefa de Gobierno se\u00f1al\u00f3 que en proyectos donde se presente conflicto con vecinos podr\u00eda implementarse la consulta vecinal vinculante<\/p>\n","protected":false},"author":77,"featured_media":34700,"comment_status":"open","ping_status":"closed","sticky":false,"template":"","format":"standard","meta":{"inline_featured_image":false,"footnotes":""},"categories":[15],"tags":[290,9807,15017,2097,14988,1462],"class_list":["post-83199","post","type-post","status-publish","format-standard","has-post-thumbnail","hentry","category-inmobiliario","tag-ciudad-de-mexico","tag-claudia-sheinbaum-pardo","tag-consulta-vecinal","tag-desarrollo-inmobiliario","tag-jefa-de-gobierno","tag-tramites"],"yoast_head":"<!-- This site is optimized with the Yoast SEO plugin v28.4 - https:\/\/yoast.com\/product\/yoast-seo-wordpress\/ -->\n<title>Habr\u00e1 ventanilla \u00fanica para tr\u00e1mites de construcci\u00f3n en CDMX<\/title>\n<meta name=\"description\" content=\"La Jefa de Gobierno se\u00f1al\u00f3 que en obras que existan conflicto con vecinos podr\u00eda implementarse la consulta vecinal vinculante\" \/>\n<meta name=\"robots\" content=\"index, follow, max-snippet:-1, max-image-preview:large, max-video-preview:-1\" \/>\n<link rel=\"canonical\" href=\"https:\/\/centrourbano.com\/revista\/inmobiliario\/ventanilla-unica-construccion-cdmx\/\" \/>\n<meta property=\"og:locale\" content=\"es_ES\" \/>\n<meta property=\"og:type\" content=\"article\" \/>\n<meta property=\"og:title\" content=\"Habr\u00e1 ventanilla \u00fanica para tr\u00e1mites de construcci\u00f3n en CDMX\" \/>\n<meta property=\"og:description\" content=\"La Jefa de Gobierno se\u00f1al\u00f3 que en obras que existan conflicto con vecinos podr\u00eda implementarse la consulta vecinal vinculante\" \/>\n<meta property=\"og:url\" content=\"https:\/\/centrourbano.com\/revista\/inmobiliario\/ventanilla-unica-construccion-cdmx\/\" \/>\n<meta property=\"og:site_name\" content=\"Centro Urbano\" \/>\n<meta property=\"article:publisher\" content=\"https:\/\/www.facebook.com\/portalcentrourbano\" \/>\n<meta property=\"article:published_time\" content=\"2018-12-11T17:37:26+00:00\" \/>\n<meta property=\"article:modified_time\" content=\"2018-12-15T05:21:04+00:00\" \/>\n<meta property=\"og:image\" content=\"https:\/\/centrourbano.com\/revista\/wp-content\/uploads\/cdmx.jpg\" \/>\n\t<meta property=\"og:image:width\" content=\"745\" \/>\n\t<meta property=\"og:image:height\" content=\"437\" \/>\n\t<meta property=\"og:image:type\" content=\"image\/jpeg\" \/>\n<meta name=\"author\" content=\"G4A\" \/>\n<meta name=\"twitter:card\" content=\"summary_large_image\" \/>\n<meta name=\"twitter:creator\" content=\"@CentroUrbano\" \/>\n<meta name=\"twitter:site\" content=\"@CentroUrbano\" \/>\n<meta name=\"twitter:label1\" content=\"Escrito por\" \/>\n\t<meta name=\"twitter:data1\" content=\"G4A\" \/>\n\t<meta name=\"twitter:label2\" content=\"Tiempo de lectura\" \/>\n\t<meta name=\"twitter:data2\" content=\"2 minutos\" \/>\n<script type=\"application\/ld+json\" class=\"yoast-schema-graph\">{\"@context\":\"https:\\\/\\\/schema.org\",\"@graph\":[{\"@type\":\"Article\",\"@id\":\"https:\\\/\\\/centrourbano.com\\\/revista\\\/inmobiliario\\\/ventanilla-unica-construccion-cdmx\\\/#article\",\"isPartOf\":{\"@id\":\"https:\\\/\\\/centrourbano.com\\\/revista\\\/inmobiliario\\\/ventanilla-unica-construccion-cdmx\\\/\"},\"author\":{\"name\":\"G4A\",\"@id\":\"https:\\\/\\\/centrourbano.com\\\/revista\\\/#\\\/schema\\\/person\\\/370fa0ba2d8dd5bde3fdb8b62ad360aa\"},\"headline\":\"Habr\u00e1 ventanilla \u00fanica para tr\u00e1mites de construcci\u00f3n en CDMX\",\"datePublished\":\"2018-12-11T17:37:26+00:00\",\"dateModified\":\"2018-12-15T05:21:04+00:00\",\"mainEntityOfPage\":{\"@id\":\"https:\\\/\\\/centrourbano.com\\\/revista\\\/inmobiliario\\\/ventanilla-unica-construccion-cdmx\\\/\"},\"wordCount\":344,\"commentCount\":0,\"publisher\":{\"@id\":\"https:\\\/\\\/centrourbano.com\\\/revista\\\/#organization\"},\"image\":{\"@id\":\"https:\\\/\\\/centrourbano.com\\\/revista\\\/inmobiliario\\\/ventanilla-unica-construccion-cdmx\\\/#primaryimage\"},\"thumbnailUrl\":\"https:\\\/\\\/centrourbano.com\\\/revista\\\/wp-content\\\/uploads\\\/cdmx.jpg\",\"keywords\":[\"ciudad de M\u00e9xico\",\"Claudia Sheinbaum Pardo\",\"consulta vecinal\",\"desarrollo inmobiliario\",\"Jefa de Gobierno\",\"tramites\"],\"articleSection\":[\"Inmobiliario\"],\"inLanguage\":\"es\"},{\"@type\":\"WebPage\",\"@id\":\"https:\\\/\\\/centrourbano.com\\\/revista\\\/inmobiliario\\\/ventanilla-unica-construccion-cdmx\\\/\",\"url\":\"https:\\\/\\\/centrourbano.com\\\/revista\\\/inmobiliario\\\/ventanilla-unica-construccion-cdmx\\\/\",\"name\":\"Habr\u00e1 ventanilla \u00fanica para tr\u00e1mites de construcci\u00f3n en CDMX\",\"isPartOf\":{\"@id\":\"https:\\\/\\\/centrourbano.com\\\/revista\\\/#website\"},\"primaryImageOfPage\":{\"@id\":\"https:\\\/\\\/centrourbano.com\\\/revista\\\/inmobiliario\\\/ventanilla-unica-construccion-cdmx\\\/#primaryimage\"},\"image\":{\"@id\":\"https:\\\/\\\/centrourbano.com\\\/revista\\\/inmobiliario\\\/ventanilla-unica-construccion-cdmx\\\/#primaryimage\"},\"thumbnailUrl\":\"https:\\\/\\\/centrourbano.com\\\/revista\\\/wp-content\\\/uploads\\\/cdmx.jpg\",\"datePublished\":\"2018-12-11T17:37:26+00:00\",\"dateModified\":\"2018-12-15T05:21:04+00:00\",\"description\":\"La Jefa de Gobierno se\u00f1al\u00f3 que en obras que existan conflicto con vecinos podr\u00eda implementarse la consulta vecinal vinculante\",\"breadcrumb\":{\"@id\":\"https:\\\/\\\/centrourbano.com\\\/revista\\\/inmobiliario\\\/ventanilla-unica-construccion-cdmx\\\/#breadcrumb\"},\"inLanguage\":\"es\",\"potentialAction\":[{\"@type\":\"ReadAction\",\"target\":[\"https:\\\/\\\/centrourbano.com\\\/revista\\\/inmobiliario\\\/ventanilla-unica-construccion-cdmx\\\/\"]}]},{\"@type\":\"ImageObject\",\"inLanguage\":\"es\",\"@id\":\"https:\\\/\\\/centrourbano.com\\\/revista\\\/inmobiliario\\\/ventanilla-unica-construccion-cdmx\\\/#primaryimage\",\"url\":\"https:\\\/\\\/centrourbano.com\\\/revista\\\/wp-content\\\/uploads\\\/cdmx.jpg\",\"contentUrl\":\"https:\\\/\\\/centrourbano.com\\\/revista\\\/wp-content\\\/uploads\\\/cdmx.jpg\",\"width\":745,\"height\":437,\"caption\":\"De acuerdo con Am\u00e9rica Econ\u00f3mica, la Ciudad de M\u00e9xico es la tercera m\u00e1s importante para hacer negocios\"},{\"@type\":\"BreadcrumbList\",\"@id\":\"https:\\\/\\\/centrourbano.com\\\/revista\\\/inmobiliario\\\/ventanilla-unica-construccion-cdmx\\\/#breadcrumb\",\"itemListElement\":[{\"@type\":\"ListItem\",\"position\":1,\"name\":\"Portada\",\"item\":\"https:\\\/\\\/centrourbano.com\\\/revista\\\/\"},{\"@type\":\"ListItem\",\"position\":2,\"name\":\"Habr\u00e1 ventanilla \u00fanica para tr\u00e1mites de construcci\u00f3n en CDMX\"}]},{\"@type\":\"WebSite\",\"@id\":\"https:\\\/\\\/centrourbano.com\\\/revista\\\/#website\",\"url\":\"https:\\\/\\\/centrourbano.com\\\/revista\\\/\",\"name\":\"Centro Urbano\",\"description\":\"Medio especializado en los sectores vivienda, inmobiliario, construcci\u00f3n, arquitectura y urbanismo.\",\"publisher\":{\"@id\":\"https:\\\/\\\/centrourbano.com\\\/revista\\\/#organization\"},\"potentialAction\":[{\"@type\":\"SearchAction\",\"target\":{\"@type\":\"EntryPoint\",\"urlTemplate\":\"https:\\\/\\\/centrourbano.com\\\/revista\\\/?s={search_term_string}\"},\"query-input\":{\"@type\":\"PropertyValueSpecification\",\"valueRequired\":true,\"valueName\":\"search_term_string\"}}],\"inLanguage\":\"es\"},{\"@type\":\"Organization\",\"@id\":\"https:\\\/\\\/centrourbano.com\\\/revista\\\/#organization\",\"name\":\"Centro Urbano\",\"url\":\"https:\\\/\\\/centrourbano.com\\\/revista\\\/\",\"logo\":{\"@type\":\"ImageObject\",\"inLanguage\":\"es\",\"@id\":\"https:\\\/\\\/centrourbano.com\\\/revista\\\/#\\\/schema\\\/logo\\\/image\\\/\",\"url\":\"https:\\\/\\\/centrourbano.com\\\/revista\\\/wp-content\\\/uploads\\\/web_CU_logo-1.png\",\"contentUrl\":\"https:\\\/\\\/centrourbano.com\\\/revista\\\/wp-content\\\/uploads\\\/web_CU_logo-1.png\",\"width\":350,\"height\":91,\"caption\":\"Centro Urbano\"},\"image\":{\"@id\":\"https:\\\/\\\/centrourbano.com\\\/revista\\\/#\\\/schema\\\/logo\\\/image\\\/\"},\"sameAs\":[\"https:\\\/\\\/www.facebook.com\\\/portalcentrourbano\",\"https:\\\/\\\/x.com\\\/CentroUrbano\",\"https:\\\/\\\/www.instagram.com\\\/centro_urbano\\\/\",\"https:\\\/\\\/www.linkedin.com\\\/company\\\/centro-urbano\\\/\",\"http:\\\/\\\/www.youtube.com\\\/user\\\/portalcentrourbano\"]},{\"@type\":\"Person\",\"@id\":\"https:\\\/\\\/centrourbano.com\\\/revista\\\/#\\\/schema\\\/person\\\/370fa0ba2d8dd5bde3fdb8b62ad360aa\",\"name\":\"G4A\",\"image\":{\"@type\":\"ImageObject\",\"inLanguage\":\"es\",\"@id\":\"https:\\\/\\\/secure.gravatar.com\\\/avatar\\\/932a97121b13d5de5bbd8193c6c83d3b92c9eda0f39623607d4280e7a5778d97?s=96&d=mm&r=g\",\"url\":\"https:\\\/\\\/secure.gravatar.com\\\/avatar\\\/932a97121b13d5de5bbd8193c6c83d3b92c9eda0f39623607d4280e7a5778d97?s=96&d=mm&r=g\",\"contentUrl\":\"https:\\\/\\\/secure.gravatar.com\\\/avatar\\\/932a97121b13d5de5bbd8193c6c83d3b92c9eda0f39623607d4280e7a5778d97?s=96&d=mm&r=g\",\"caption\":\"G4A\"},\"url\":\"https:\\\/\\\/centrourbano.com\\\/revista\\\/author\\\/admin-g4a\\\/\"}]}<\/script>\n<!-- \/ Yoast SEO plugin. -->","yoast_head_json":{"title":"Habr\u00e1 ventanilla \u00fanica para tr\u00e1mites de construcci\u00f3n en CDMX","description":"La Jefa de Gobierno se\u00f1al\u00f3 que en obras que existan conflicto con vecinos podr\u00eda implementarse la consulta vecinal vinculante","robots":{"index":"index","follow":"follow","max-snippet":"max-snippet:-1","max-image-preview":"max-image-preview:large","max-video-preview":"max-video-preview:-1"},"canonical":"https:\/\/centrourbano.com\/revista\/inmobiliario\/ventanilla-unica-construccion-cdmx\/","og_locale":"es_ES","og_type":"article","og_title":"Habr\u00e1 ventanilla \u00fanica para tr\u00e1mites de construcci\u00f3n en CDMX","og_description":"La Jefa de Gobierno se\u00f1al\u00f3 que en obras que existan conflicto con vecinos podr\u00eda implementarse la consulta vecinal vinculante","og_url":"https:\/\/centrourbano.com\/revista\/inmobiliario\/ventanilla-unica-construccion-cdmx\/","og_site_name":"Centro Urbano","article_publisher":"https:\/\/www.facebook.com\/portalcentrourbano","article_published_time":"2018-12-11T17:37:26+00:00","article_modified_time":"2018-12-15T05:21:04+00:00","og_image":[{"width":745,"height":437,"url":"https:\/\/centrourbano.com\/revista\/wp-content\/uploads\/cdmx.jpg","type":"image\/jpeg"}],"author":"G4A","twitter_card":"summary_large_image","twitter_creator":"@CentroUrbano","twitter_site":"@CentroUrbano","twitter_misc":{"Escrito por":"G4A","Tiempo de lectura":"2 minutos"},"schema":{"@context":"https:\/\/schema.org","@graph":[{"@type":"Article","@id":"https:\/\/centrourbano.com\/revista\/inmobiliario\/ventanilla-unica-construccion-cdmx\/#article","isPartOf":{"@id":"https:\/\/centrourbano.com\/revista\/inmobiliario\/ventanilla-unica-construccion-cdmx\/"},"author":{"name":"G4A","@id":"https:\/\/centrourbano.com\/revista\/#\/schema\/person\/370fa0ba2d8dd5bde3fdb8b62ad360aa"},"headline":"Habr\u00e1 ventanilla \u00fanica para tr\u00e1mites de construcci\u00f3n en CDMX","datePublished":"2018-12-11T17:37:26+00:00","dateModified":"2018-12-15T05:21:04+00:00","mainEntityOfPage":{"@id":"https:\/\/centrourbano.com\/revista\/inmobiliario\/ventanilla-unica-construccion-cdmx\/"},"wordCount":344,"commentCount":0,"publisher":{"@id":"https:\/\/centrourbano.com\/revista\/#organization"},"image":{"@id":"https:\/\/centrourbano.com\/revista\/inmobiliario\/ventanilla-unica-construccion-cdmx\/#primaryimage"},"thumbnailUrl":"https:\/\/centrourbano.com\/revista\/wp-content\/uploads\/cdmx.jpg","keywords":["ciudad de M\u00e9xico","Claudia Sheinbaum Pardo","consulta vecinal","desarrollo inmobiliario","Jefa de Gobierno","tramites"],"articleSection":["Inmobiliario"],"inLanguage":"es"},{"@type":"WebPage","@id":"https:\/\/centrourbano.com\/revista\/inmobiliario\/ventanilla-unica-construccion-cdmx\/","url":"https:\/\/centrourbano.com\/revista\/inmobiliario\/ventanilla-unica-construccion-cdmx\/","name":"Habr\u00e1 ventanilla \u00fanica para tr\u00e1mites de construcci\u00f3n en CDMX","isPartOf":{"@id":"https:\/\/centrourbano.com\/revista\/#website"},"primaryImageOfPage":{"@id":"https:\/\/centrourbano.com\/revista\/inmobiliario\/ventanilla-unica-construccion-cdmx\/#primaryimage"},"image":{"@id":"https:\/\/centrourbano.com\/revista\/inmobiliario\/ventanilla-unica-construccion-cdmx\/#primaryimage"},"thumbnailUrl":"https:\/\/centrourbano.com\/revista\/wp-content\/uploads\/cdmx.jpg","datePublished":"2018-12-11T17:37:26+00:00","dateModified":"2018-12-15T05:21:04+00:00","description":"La Jefa de Gobierno se\u00f1al\u00f3 que en obras que existan conflicto con vecinos podr\u00eda implementarse la consulta vecinal vinculante","breadcrumb":{"@id":"https:\/\/centrourbano.com\/revista\/inmobiliario\/ventanilla-unica-construccion-cdmx\/#breadcrumb"},"inLanguage":"es","potentialAction":[{"@type":"ReadAction","target":["https:\/\/centrourbano.com\/revista\/inmobiliario\/ventanilla-unica-construccion-cdmx\/"]}]},{"@type":"ImageObject","inLanguage":"es","@id":"https:\/\/centrourbano.com\/revista\/inmobiliario\/ventanilla-unica-construccion-cdmx\/#primaryimage","url":"https:\/\/centrourbano.com\/revista\/wp-content\/uploads\/cdmx.jpg","contentUrl":"https:\/\/centrourbano.com\/revista\/wp-content\/uploads\/cdmx.jpg","width":745,"height":437,"caption":"De acuerdo con Am\u00e9rica Econ\u00f3mica, la Ciudad de M\u00e9xico es la tercera m\u00e1s importante para hacer negocios"},{"@type":"BreadcrumbList","@id":"https:\/\/centrourbano.com\/revista\/inmobiliario\/ventanilla-unica-construccion-cdmx\/#breadcrumb","itemListElement":[{"@type":"ListItem","position":1,"name":"Portada","item":"https:\/\/centrourbano.com\/revista\/"},{"@type":"ListItem","position":2,"name":"Habr\u00e1 ventanilla \u00fanica para tr\u00e1mites de construcci\u00f3n en CDMX"}]},{"@type":"WebSite","@id":"https:\/\/centrourbano.com\/revista\/#website","url":"https:\/\/centrourbano.com\/revista\/","name":"Centro Urbano","description":"Medio especializado en los sectores vivienda, inmobiliario, construcci\u00f3n, arquitectura y urbanismo.","publisher":{"@id":"https:\/\/centrourbano.com\/revista\/#organization"},"potentialAction":[{"@type":"SearchAction","target":{"@type":"EntryPoint","urlTemplate":"https:\/\/centrourbano.com\/revista\/?s={search_term_string}"},"query-input":{"@type":"PropertyValueSpecification","valueRequired":true,"valueName":"search_term_string"}}],"inLanguage":"es"},{"@type":"Organization","@id":"https:\/\/centrourbano.com\/revista\/#organization","name":"Centro Urbano","url":"https:\/\/centrourbano.com\/revista\/","logo":{"@type":"ImageObject","inLanguage":"es","@id":"https:\/\/centrourbano.com\/revista\/#\/schema\/logo\/image\/","url":"https:\/\/centrourbano.com\/revista\/wp-content\/uploads\/web_CU_logo-1.png","contentUrl":"https:\/\/centrourbano.com\/revista\/wp-content\/uploads\/web_CU_logo-1.png","width":350,"height":91,"caption":"Centro Urbano"},"image":{"@id":"https:\/\/centrourbano.com\/revista\/#\/schema\/logo\/image\/"},"sameAs":["https:\/\/www.facebook.com\/portalcentrourbano","https:\/\/x.com\/CentroUrbano","https:\/\/www.instagram.com\/centro_urbano\/","https:\/\/www.linkedin.com\/company\/centro-urbano\/","http:\/\/www.youtube.com\/user\/portalcentrourbano"]},{"@type":"Person","@id":"https:\/\/centrourbano.com\/revista\/#\/schema\/person\/370fa0ba2d8dd5bde3fdb8b62ad360aa","name":"G4A","image":{"@type":"ImageObject","inLanguage":"es","@id":"https:\/\/secure.gravatar.com\/avatar\/932a97121b13d5de5bbd8193c6c83d3b92c9eda0f39623607d4280e7a5778d97?s=96&d=mm&r=g","url":"https:\/\/secure.gravatar.com\/avatar\/932a97121b13d5de5bbd8193c6c83d3b92c9eda0f39623607d4280e7a5778d97?s=96&d=mm&r=g","contentUrl":"https:\/\/secure.gravatar.com\/avatar\/932a97121b13d5de5bbd8193c6c83d3b92c9eda0f39623607d4280e7a5778d97?s=96&d=mm&r=g","caption":"G4A"},"url":"https:\/\/centrourbano.com\/revista\/author\/admin-g4a\/"}]}},"_links":{"self":[{"href":"https:\/\/centrourbano.com\/revista\/wp-json\/wp\/v2\/posts\/83199","targetHints":{"allow":["GET"]}}],"collection":[{"href":"https:\/\/centrourbano.com\/revista\/wp-json\/wp\/v2\/posts"}],"about":[{"href":"https:\/\/centrourbano.com\/revista\/wp-json\/wp\/v2\/types\/post"}],"author":[{"embeddable":true,"href":"https:\/\/centrourbano.com\/revista\/wp-json\/wp\/v2\/users\/77"}],"replies":[{"embeddable":true,"href":"https:\/\/centrourbano.com\/revista\/wp-json\/wp\/v2\/comments?post=83199"}],"version-history":[{"count":8,"href":"https:\/\/centrourbano.com\/revista\/wp-json\/wp\/v2\/posts\/83199\/revisions"}],"predecessor-version":[{"id":83384,"href":"https:\/\/centrourbano.com\/revista\/wp-json\/wp\/v2\/posts\/83199\/revisions\/83384"}],"wp:featuredmedia":[{"embeddable":true,"href":"https:\/\/centrourbano.com\/revista\/wp-json\/wp\/v2\/media\/34700"}],"wp:attachment":[{"href":"https:\/\/centrourbano.com\/revista\/wp-json\/wp\/v2\/media?parent=83199"}],"wp:term":[{"taxonomy":"category","embeddable":true,"href":"https:\/\/centrourbano.com\/revista\/wp-json\/wp\/v2\/categories?post=83199"},{"taxonomy":"post_tag","embeddable":true,"href":"https:\/\/centrourbano.com\/revista\/wp-json\/wp\/v2\/tags?post=83199"}],"curies":[{"name":"wp","href":"https:\/\/api.w.org\/{rel}","templated":true}]}}