{"id":8310,"date":"2014-07-04T13:11:00","date_gmt":"2014-07-04T18:11:00","guid":{"rendered":"http:\/\/centrourbano.com\/?p=8310"},"modified":"2014-07-24T13:15:21","modified_gmt":"2014-07-24T18:15:21","slug":"manifestaciones-el-pueblo-contra-el-pueblo","status":"publish","type":"post","link":"https:\/\/centrourbano.com\/revista\/opinion\/manifestaciones-el-pueblo-contra-el-pueblo\/","title":{"rendered":"Manifestaciones: \u00bfEl pueblo contra el pueblo?"},"content":{"rendered":"<p>&nbsp;<\/p>\n<p><em>Los cierres viales no ayudan a la ciudadan\u00eda, no en un corto plazo<\/em><!--more--><\/p>\n<p>Precisamente hoy 4 de julio la ciudad de M\u00e9xico est\u00e1 vuelta loca. Pero no con la locura que normalmente la conocemos aquellos que tenemos la fortuna o desdicha de vivir en ella, sino con la locura que las manifestaciones, las obras p\u00fablicas y los cierres vehiculares traen a un viernes, que por el simple hecho de ser viernes est\u00e1 acompa\u00f1ado de caos.<\/p>\n<p>Los cambios realizados al programa No Circula del Distrito Federal ha generado mucha controversia, hasta el punto tal que la propia C\u00e1mara de Comercio, Servicios y Turismo en Peque\u00f1o del Distrito Federal (Canacope) ha advertido ya, que los precios de los productos se encarecer\u00e1n en la ciudad, \u00bfPor qu\u00e9? Simplemente porque la mayor\u00eda de los peque\u00f1os empresarios, comerciantes y dem\u00e1s prestadores de servicios de manera independiente, cuentan con veh\u00edculos de entre 9, 15 o m\u00e1s a\u00f1os de antig\u00fcedad, por lo que ser\u00e1n los principales afectados al no poder moverse con libertad por la ciudad por lo menos dos s\u00e1bados al mes.<\/p>\n<p>Todo esto ha desatado lo que antes ya mencionaba: manifestaciones y caos vial de todos aquellos inconformes con el nuevo programa, que antes advirtieron una total par\u00e1lisis en la ciudad, por lo menos en las principales avenidas: Reforma, Insurgentes y Perif\u00e9rico, adem\u00e1s de las salidas hacia Pachuca, Puebla, Quer\u00e9taro, Cuernavaca y Toluca. Pero hay que ponerse a pensar \u00bfrealmente estas manifestaciones ayudan a la ciudadan\u00eda? No. No en un corto plazo, no de inmediato. M\u00e1s que ayudar o favorecer a los defe\u00f1os, los afectan.<\/p>\n<p>\u00bfPor qu\u00e9? Todos aquellos que necesitaban salir de la ciudad, ya sea por trabajo o diversi\u00f3n, no podr\u00e1n hacerlo por lo menos durante algunas horas; todos aquellos que usan rutinariamente las principales avenidas, tampoco pueden usarlas libremente; pero no nos limitemos a ellos, vecinos de Iztapalapa se han unido a este \u201cMega Cierre\u201d y bloquearon avenidas como Eje 6 sur, Eje 5 sur, Guelatao, y el cruce entre Perif\u00e9rico y Ermita. M\u00e1s afectados de los previstos.<\/p>\n<p>Es cierto que todos tenemos derecho a exigir cosas y hacer manifestaciones o lo que se nos ocurra, pero no da\u00f1ando a terceros. Debemos de replantear las ideas, y mover las manifestaciones a puntos clave, que m\u00e1s que afectar al ciudadano promedio, hagan que realmente las autoridades se vean obligadas a hacer algo porque son ellas las afectadas, y sobre esto va la reflexi\u00f3n: <strong>\u00abe<\/strong><strong>res terco mexicano, si planteas bien tus objetivos, tarde o temprano obtendr\u00e1s lo que quieres\u00bb<\/strong>.<\/p>\n","protected":false},"excerpt":{"rendered":"<p>&nbsp; Los cierres viales no ayudan a la ciudadan\u00eda, no en un corto plazo<\/p>\n","protected":false},"author":19,"featured_media":0,"comment_status":"open","ping_status":"closed","sticky":false,"template":"","format":"standard","meta":{"om_disable_all_campaigns":false,"inline_featured_image":false,"_monsterinsights_skip_tracking":false,"_monsterinsights_sitenote_active":false,"_monsterinsights_sitenote_note":"","_monsterinsights_sitenote_category":0,"footnotes":""},"categories":[240,5],"tags":[1917,290,1916,1919,1918],"class_list":["post-8310","post","type-post","status-publish","format-standard","hentry","category-blog-desde-centro-urbano","category-opinion","tag-cierres-viales","tag-ciudad-de-mexico","tag-manifestaciones","tag-mega-cierre-4-de-julio","tag-programa-hoy-no-circula"],"yoast_head":"<!-- This site is optimized with the Yoast SEO plugin v27.5 - https:\/\/yoast.com\/product\/yoast-seo-wordpress\/ -->\n<title>Manifestaciones: \u00bfEl pueblo contra el pueblo? -<\/title>\n<meta name=\"description\" content=\"&nbsp; Los cierres viales no ayudan a la ciudadan\u00eda, no en un corto plazo Precisamente hoy 4 de julio la ciudad de M\u00e9xico est\u00e1 vuelta loca. Pero no con la\" \/>\n<meta name=\"robots\" content=\"index, follow, max-snippet:-1, max-image-preview:large, max-video-preview:-1\" \/>\n<link rel=\"canonical\" href=\"https:\/\/centrourbano.com\/revista\/opinion\/manifestaciones-el-pueblo-contra-el-pueblo\/\" \/>\n<meta property=\"og:locale\" content=\"es_ES\" \/>\n<meta property=\"og:type\" content=\"article\" \/>\n<meta property=\"og:title\" content=\"Manifestaciones: \u00bfEl pueblo contra el pueblo? -\" \/>\n<meta property=\"og:description\" content=\"&nbsp; Los cierres viales no ayudan a la ciudadan\u00eda, no en un corto plazo Precisamente hoy 4 de julio la ciudad de M\u00e9xico est\u00e1 vuelta loca. Pero no con la\" \/>\n<meta property=\"og:url\" content=\"https:\/\/centrourbano.com\/revista\/opinion\/manifestaciones-el-pueblo-contra-el-pueblo\/\" \/>\n<meta property=\"og:site_name\" content=\"Centro Urbano\" \/>\n<meta property=\"article:publisher\" content=\"https:\/\/www.facebook.com\/portalcentrourbano\" \/>\n<meta property=\"article:published_time\" content=\"2014-07-04T18:11:00+00:00\" \/>\n<meta property=\"article:modified_time\" content=\"2014-07-24T18:15:21+00:00\" \/>\n<meta property=\"og:image\" content=\"https:\/\/centrourbano.com\/revista\/wp-content\/uploads\/CU-logo.png\" \/>\n\t<meta property=\"og:image:width\" content=\"350\" \/>\n\t<meta property=\"og:image:height\" content=\"91\" \/>\n\t<meta property=\"og:image:type\" content=\"image\/png\" \/>\n<meta name=\"author\" content=\"Sofia Osorio\" \/>\n<meta name=\"twitter:card\" content=\"summary_large_image\" \/>\n<meta name=\"twitter:creator\" content=\"@CentroUrbano\" \/>\n<meta name=\"twitter:site\" content=\"@CentroUrbano\" \/>\n<meta name=\"twitter:label1\" content=\"Escrito por\" \/>\n\t<meta name=\"twitter:data1\" content=\"Sofia Osorio\" \/>\n\t<meta name=\"twitter:label2\" content=\"Tiempo de lectura\" \/>\n\t<meta name=\"twitter:data2\" content=\"2 minutos\" \/>\n<script type=\"application\/ld+json\" class=\"yoast-schema-graph\">{\"@context\":\"https:\\\/\\\/schema.org\",\"@graph\":[{\"@type\":\"Article\",\"@id\":\"https:\\\/\\\/centrourbano.com\\\/revista\\\/opinion\\\/manifestaciones-el-pueblo-contra-el-pueblo\\\/#article\",\"isPartOf\":{\"@id\":\"https:\\\/\\\/centrourbano.com\\\/revista\\\/opinion\\\/manifestaciones-el-pueblo-contra-el-pueblo\\\/\"},\"author\":{\"name\":\"Sofia Osorio\",\"@id\":\"https:\\\/\\\/centrourbano.com\\\/revista\\\/#\\\/schema\\\/person\\\/e3142244139c9fbcfb78e51eec6b37ce\"},\"headline\":\"Manifestaciones: \u00bfEl pueblo contra el pueblo?\",\"datePublished\":\"2014-07-04T18:11:00+00:00\",\"dateModified\":\"2014-07-24T18:15:21+00:00\",\"mainEntityOfPage\":{\"@id\":\"https:\\\/\\\/centrourbano.com\\\/revista\\\/opinion\\\/manifestaciones-el-pueblo-contra-el-pueblo\\\/\"},\"wordCount\":449,\"commentCount\":0,\"publisher\":{\"@id\":\"https:\\\/\\\/centrourbano.com\\\/revista\\\/#organization\"},\"keywords\":[\"cierres viales\",\"ciudad de M\u00e9xico\",\"Manifestaciones\",\"Mega Cierre 4 de julio\",\"Programa Hoy no Circula\"],\"articleSection\":[\"Desde Centro Urbano\",\"Opini\u00f3n\"],\"inLanguage\":\"es\",\"potentialAction\":[{\"@type\":\"CommentAction\",\"name\":\"Comment\",\"target\":[\"https:\\\/\\\/centrourbano.com\\\/revista\\\/opinion\\\/manifestaciones-el-pueblo-contra-el-pueblo\\\/#respond\"]}]},{\"@type\":\"WebPage\",\"@id\":\"https:\\\/\\\/centrourbano.com\\\/revista\\\/opinion\\\/manifestaciones-el-pueblo-contra-el-pueblo\\\/\",\"url\":\"https:\\\/\\\/centrourbano.com\\\/revista\\\/opinion\\\/manifestaciones-el-pueblo-contra-el-pueblo\\\/\",\"name\":\"Manifestaciones: \u00bfEl pueblo contra el pueblo? -\",\"isPartOf\":{\"@id\":\"https:\\\/\\\/centrourbano.com\\\/revista\\\/#website\"},\"datePublished\":\"2014-07-04T18:11:00+00:00\",\"dateModified\":\"2014-07-24T18:15:21+00:00\",\"description\":\"&nbsp; Los cierres viales no ayudan a la ciudadan\u00eda, no en un corto plazo Precisamente hoy 4 de julio la ciudad de M\u00e9xico est\u00e1 vuelta loca. Pero no con la\",\"breadcrumb\":{\"@id\":\"https:\\\/\\\/centrourbano.com\\\/revista\\\/opinion\\\/manifestaciones-el-pueblo-contra-el-pueblo\\\/#breadcrumb\"},\"inLanguage\":\"es\",\"potentialAction\":[{\"@type\":\"ReadAction\",\"target\":[\"https:\\\/\\\/centrourbano.com\\\/revista\\\/opinion\\\/manifestaciones-el-pueblo-contra-el-pueblo\\\/\"]}]},{\"@type\":\"BreadcrumbList\",\"@id\":\"https:\\\/\\\/centrourbano.com\\\/revista\\\/opinion\\\/manifestaciones-el-pueblo-contra-el-pueblo\\\/#breadcrumb\",\"itemListElement\":[{\"@type\":\"ListItem\",\"position\":1,\"name\":\"Portada\",\"item\":\"https:\\\/\\\/centrourbano.com\\\/revista\\\/\"},{\"@type\":\"ListItem\",\"position\":2,\"name\":\"Manifestaciones: \u00bfEl pueblo contra el pueblo?\"}]},{\"@type\":\"WebSite\",\"@id\":\"https:\\\/\\\/centrourbano.com\\\/revista\\\/#website\",\"url\":\"https:\\\/\\\/centrourbano.com\\\/revista\\\/\",\"name\":\"Centro Urbano\",\"description\":\"Medio especializado en los sectores vivienda, inmobiliario, construcci\u00f3n, arquitectura y urbanismo.\",\"publisher\":{\"@id\":\"https:\\\/\\\/centrourbano.com\\\/revista\\\/#organization\"},\"potentialAction\":[{\"@type\":\"SearchAction\",\"target\":{\"@type\":\"EntryPoint\",\"urlTemplate\":\"https:\\\/\\\/centrourbano.com\\\/revista\\\/?s={search_term_string}\"},\"query-input\":{\"@type\":\"PropertyValueSpecification\",\"valueRequired\":true,\"valueName\":\"search_term_string\"}}],\"inLanguage\":\"es\"},{\"@type\":\"Organization\",\"@id\":\"https:\\\/\\\/centrourbano.com\\\/revista\\\/#organization\",\"name\":\"Centro Urbano\",\"url\":\"https:\\\/\\\/centrourbano.com\\\/revista\\\/\",\"logo\":{\"@type\":\"ImageObject\",\"inLanguage\":\"es\",\"@id\":\"https:\\\/\\\/centrourbano.com\\\/revista\\\/#\\\/schema\\\/logo\\\/image\\\/\",\"url\":\"https:\\\/\\\/centrourbano.com\\\/revista\\\/wp-content\\\/uploads\\\/web_CU_logo-1.png\",\"contentUrl\":\"https:\\\/\\\/centrourbano.com\\\/revista\\\/wp-content\\\/uploads\\\/web_CU_logo-1.png\",\"width\":350,\"height\":91,\"caption\":\"Centro Urbano\"},\"image\":{\"@id\":\"https:\\\/\\\/centrourbano.com\\\/revista\\\/#\\\/schema\\\/logo\\\/image\\\/\"},\"sameAs\":[\"https:\\\/\\\/www.facebook.com\\\/portalcentrourbano\",\"https:\\\/\\\/x.com\\\/CentroUrbano\",\"https:\\\/\\\/www.instagram.com\\\/centro_urbano\\\/\",\"https:\\\/\\\/www.linkedin.com\\\/company\\\/centro-urbano\\\/\",\"http:\\\/\\\/www.youtube.com\\\/user\\\/portalcentrourbano\"]},{\"@type\":\"Person\",\"@id\":\"https:\\\/\\\/centrourbano.com\\\/revista\\\/#\\\/schema\\\/person\\\/e3142244139c9fbcfb78e51eec6b37ce\",\"name\":\"Sofia Osorio\",\"image\":{\"@type\":\"ImageObject\",\"inLanguage\":\"es\",\"@id\":\"https:\\\/\\\/secure.gravatar.com\\\/avatar\\\/540346885009217f50383aeae8f93738fea6ce04c37c93d6be2d0515d1be354c?s=96&d=mm&r=g\",\"url\":\"https:\\\/\\\/secure.gravatar.com\\\/avatar\\\/540346885009217f50383aeae8f93738fea6ce04c37c93d6be2d0515d1be354c?s=96&d=mm&r=g\",\"contentUrl\":\"https:\\\/\\\/secure.gravatar.com\\\/avatar\\\/540346885009217f50383aeae8f93738fea6ce04c37c93d6be2d0515d1be354c?s=96&d=mm&r=g\",\"caption\":\"Sofia Osorio\"},\"description\":\"Egresada de la Facultad de Estudios Superiores Arag\u00f3n. Comunicaci\u00f3n y Periodismo. Loca y feliz. Suele re\u00edrse de todo, dormir en el transporte p\u00fablico y terminar corriendo para llegar a cualquier lugar. Cantante de regadera, bailarina frustrada y chiva de coraz\u00f3n, apasionada por lo que hay que hacer. Enojona, gritona y medio amable con la gente. Su primera oportunidad laboral la tuvo como becaria en la revista Klika y fungi\u00f3 como community manager en Grupo Radio Centro. Actualmente explora nuevos campos del periodismo en Centro Urbano.\",\"url\":\"https:\\\/\\\/centrourbano.com\\\/revista\\\/author\\\/sofia-osorio\\\/\"}]}<\/script>\n<!-- \/ Yoast SEO plugin. -->","yoast_head_json":{"title":"Manifestaciones: \u00bfEl pueblo contra el pueblo? -","description":"&nbsp; Los cierres viales no ayudan a la ciudadan\u00eda, no en un corto plazo Precisamente hoy 4 de julio la ciudad de M\u00e9xico est\u00e1 vuelta loca. Pero no con la","robots":{"index":"index","follow":"follow","max-snippet":"max-snippet:-1","max-image-preview":"max-image-preview:large","max-video-preview":"max-video-preview:-1"},"canonical":"https:\/\/centrourbano.com\/revista\/opinion\/manifestaciones-el-pueblo-contra-el-pueblo\/","og_locale":"es_ES","og_type":"article","og_title":"Manifestaciones: \u00bfEl pueblo contra el pueblo? -","og_description":"&nbsp; Los cierres viales no ayudan a la ciudadan\u00eda, no en un corto plazo Precisamente hoy 4 de julio la ciudad de M\u00e9xico est\u00e1 vuelta loca. Pero no con la","og_url":"https:\/\/centrourbano.com\/revista\/opinion\/manifestaciones-el-pueblo-contra-el-pueblo\/","og_site_name":"Centro Urbano","article_publisher":"https:\/\/www.facebook.com\/portalcentrourbano","article_published_time":"2014-07-04T18:11:00+00:00","article_modified_time":"2014-07-24T18:15:21+00:00","og_image":[{"width":350,"height":91,"url":"https:\/\/centrourbano.com\/revista\/wp-content\/uploads\/CU-logo.png","type":"image\/png"}],"author":"Sofia Osorio","twitter_card":"summary_large_image","twitter_creator":"@CentroUrbano","twitter_site":"@CentroUrbano","twitter_misc":{"Escrito por":"Sofia Osorio","Tiempo de lectura":"2 minutos"},"schema":{"@context":"https:\/\/schema.org","@graph":[{"@type":"Article","@id":"https:\/\/centrourbano.com\/revista\/opinion\/manifestaciones-el-pueblo-contra-el-pueblo\/#article","isPartOf":{"@id":"https:\/\/centrourbano.com\/revista\/opinion\/manifestaciones-el-pueblo-contra-el-pueblo\/"},"author":{"name":"Sofia Osorio","@id":"https:\/\/centrourbano.com\/revista\/#\/schema\/person\/e3142244139c9fbcfb78e51eec6b37ce"},"headline":"Manifestaciones: \u00bfEl pueblo contra el pueblo?","datePublished":"2014-07-04T18:11:00+00:00","dateModified":"2014-07-24T18:15:21+00:00","mainEntityOfPage":{"@id":"https:\/\/centrourbano.com\/revista\/opinion\/manifestaciones-el-pueblo-contra-el-pueblo\/"},"wordCount":449,"commentCount":0,"publisher":{"@id":"https:\/\/centrourbano.com\/revista\/#organization"},"keywords":["cierres viales","ciudad de M\u00e9xico","Manifestaciones","Mega Cierre 4 de julio","Programa Hoy no Circula"],"articleSection":["Desde Centro Urbano","Opini\u00f3n"],"inLanguage":"es","potentialAction":[{"@type":"CommentAction","name":"Comment","target":["https:\/\/centrourbano.com\/revista\/opinion\/manifestaciones-el-pueblo-contra-el-pueblo\/#respond"]}]},{"@type":"WebPage","@id":"https:\/\/centrourbano.com\/revista\/opinion\/manifestaciones-el-pueblo-contra-el-pueblo\/","url":"https:\/\/centrourbano.com\/revista\/opinion\/manifestaciones-el-pueblo-contra-el-pueblo\/","name":"Manifestaciones: \u00bfEl pueblo contra el pueblo? -","isPartOf":{"@id":"https:\/\/centrourbano.com\/revista\/#website"},"datePublished":"2014-07-04T18:11:00+00:00","dateModified":"2014-07-24T18:15:21+00:00","description":"&nbsp; Los cierres viales no ayudan a la ciudadan\u00eda, no en un corto plazo Precisamente hoy 4 de julio la ciudad de M\u00e9xico est\u00e1 vuelta loca. Pero no con la","breadcrumb":{"@id":"https:\/\/centrourbano.com\/revista\/opinion\/manifestaciones-el-pueblo-contra-el-pueblo\/#breadcrumb"},"inLanguage":"es","potentialAction":[{"@type":"ReadAction","target":["https:\/\/centrourbano.com\/revista\/opinion\/manifestaciones-el-pueblo-contra-el-pueblo\/"]}]},{"@type":"BreadcrumbList","@id":"https:\/\/centrourbano.com\/revista\/opinion\/manifestaciones-el-pueblo-contra-el-pueblo\/#breadcrumb","itemListElement":[{"@type":"ListItem","position":1,"name":"Portada","item":"https:\/\/centrourbano.com\/revista\/"},{"@type":"ListItem","position":2,"name":"Manifestaciones: \u00bfEl pueblo contra el pueblo?"}]},{"@type":"WebSite","@id":"https:\/\/centrourbano.com\/revista\/#website","url":"https:\/\/centrourbano.com\/revista\/","name":"Centro Urbano","description":"Medio especializado en los sectores vivienda, inmobiliario, construcci\u00f3n, arquitectura y urbanismo.","publisher":{"@id":"https:\/\/centrourbano.com\/revista\/#organization"},"potentialAction":[{"@type":"SearchAction","target":{"@type":"EntryPoint","urlTemplate":"https:\/\/centrourbano.com\/revista\/?s={search_term_string}"},"query-input":{"@type":"PropertyValueSpecification","valueRequired":true,"valueName":"search_term_string"}}],"inLanguage":"es"},{"@type":"Organization","@id":"https:\/\/centrourbano.com\/revista\/#organization","name":"Centro Urbano","url":"https:\/\/centrourbano.com\/revista\/","logo":{"@type":"ImageObject","inLanguage":"es","@id":"https:\/\/centrourbano.com\/revista\/#\/schema\/logo\/image\/","url":"https:\/\/centrourbano.com\/revista\/wp-content\/uploads\/web_CU_logo-1.png","contentUrl":"https:\/\/centrourbano.com\/revista\/wp-content\/uploads\/web_CU_logo-1.png","width":350,"height":91,"caption":"Centro Urbano"},"image":{"@id":"https:\/\/centrourbano.com\/revista\/#\/schema\/logo\/image\/"},"sameAs":["https:\/\/www.facebook.com\/portalcentrourbano","https:\/\/x.com\/CentroUrbano","https:\/\/www.instagram.com\/centro_urbano\/","https:\/\/www.linkedin.com\/company\/centro-urbano\/","http:\/\/www.youtube.com\/user\/portalcentrourbano"]},{"@type":"Person","@id":"https:\/\/centrourbano.com\/revista\/#\/schema\/person\/e3142244139c9fbcfb78e51eec6b37ce","name":"Sofia Osorio","image":{"@type":"ImageObject","inLanguage":"es","@id":"https:\/\/secure.gravatar.com\/avatar\/540346885009217f50383aeae8f93738fea6ce04c37c93d6be2d0515d1be354c?s=96&d=mm&r=g","url":"https:\/\/secure.gravatar.com\/avatar\/540346885009217f50383aeae8f93738fea6ce04c37c93d6be2d0515d1be354c?s=96&d=mm&r=g","contentUrl":"https:\/\/secure.gravatar.com\/avatar\/540346885009217f50383aeae8f93738fea6ce04c37c93d6be2d0515d1be354c?s=96&d=mm&r=g","caption":"Sofia Osorio"},"description":"Egresada de la Facultad de Estudios Superiores Arag\u00f3n. Comunicaci\u00f3n y Periodismo. Loca y feliz. Suele re\u00edrse de todo, dormir en el transporte p\u00fablico y terminar corriendo para llegar a cualquier lugar. Cantante de regadera, bailarina frustrada y chiva de coraz\u00f3n, apasionada por lo que hay que hacer. Enojona, gritona y medio amable con la gente. Su primera oportunidad laboral la tuvo como becaria en la revista Klika y fungi\u00f3 como community manager en Grupo Radio Centro. Actualmente explora nuevos campos del periodismo en Centro Urbano.","url":"https:\/\/centrourbano.com\/revista\/author\/sofia-osorio\/"}]}},"_links":{"self":[{"href":"https:\/\/centrourbano.com\/revista\/wp-json\/wp\/v2\/posts\/8310","targetHints":{"allow":["GET"]}}],"collection":[{"href":"https:\/\/centrourbano.com\/revista\/wp-json\/wp\/v2\/posts"}],"about":[{"href":"https:\/\/centrourbano.com\/revista\/wp-json\/wp\/v2\/types\/post"}],"author":[{"embeddable":true,"href":"https:\/\/centrourbano.com\/revista\/wp-json\/wp\/v2\/users\/19"}],"replies":[{"embeddable":true,"href":"https:\/\/centrourbano.com\/revista\/wp-json\/wp\/v2\/comments?post=8310"}],"version-history":[{"count":0,"href":"https:\/\/centrourbano.com\/revista\/wp-json\/wp\/v2\/posts\/8310\/revisions"}],"wp:attachment":[{"href":"https:\/\/centrourbano.com\/revista\/wp-json\/wp\/v2\/media?parent=8310"}],"wp:term":[{"taxonomy":"category","embeddable":true,"href":"https:\/\/centrourbano.com\/revista\/wp-json\/wp\/v2\/categories?post=8310"},{"taxonomy":"post_tag","embeddable":true,"href":"https:\/\/centrourbano.com\/revista\/wp-json\/wp\/v2\/tags?post=8310"}],"curies":[{"name":"wp","href":"https:\/\/api.w.org\/{rel}","templated":true}]}}