{"id":82994,"date":"2018-12-06T16:06:09","date_gmt":"2018-12-06T22:06:09","guid":{"rendered":"https:\/\/centrourbano.com\/?p=82994"},"modified":"2018-12-06T16:07:42","modified_gmt":"2018-12-06T22:07:42","slug":"crecera-4-por-ciento-sector-inmobiliario-industrial-en-2019","status":"publish","type":"post","link":"https:\/\/centrourbano.com\/revista\/inmobiliario\/crecera-4-por-ciento-sector-inmobiliario-industrial-en-2019\/","title":{"rendered":"Crecer\u00e1 4% sector inmobiliario industrial en 2019"},"content":{"rendered":"<p><em>A\u00fan se esperan\u00a0inversiones por\u00a01,200 millones de d\u00f3lares; Nuevo Le\u00f3n mantendr\u00e1 su dinamismo\u00a0<\/em><!--more--><\/p>\n<p>Para <strong>Colliers International<\/strong>, 2019 pinta para ser un a\u00f1o de mucha cautela para inversionistas por lo que estima el sector inmobiliario industrial crezca apenas un <strong>4 por ciento<\/strong>.<\/p>\n<p><strong>Sergio Res\u00e9ndez<\/strong>, director general de Colliers International, se\u00f1al\u00f3 que a pesar de esta <strong>desaceleraci\u00f3n<\/strong> en un mercado que ven\u00eda creciendo a tasas de 12%, en estados como <strong>Nuevo Le\u00f3n<\/strong> se espera seguir con el dinamismo de la industria que a\u00fan espera inversiones por m\u00e1s de 1,200 millones de d\u00f3lares.<\/p>\n<p>\u201cVienen inversiones importantes, van hacer pocas, pero cuantiosas en t\u00e9rminos de montos en las diferentes ramas industriales. Esperamos inversiones por <strong>1,200 millones de d\u00f3lares<\/strong>, es una muy buena inversi\u00f3n\u201d, destac\u00f3.<\/p>\n<p>El directivo destac\u00f3 que con la firma del Tratado comercial entre Am\u00e9rica del Norte <strong>(T-MEC)<\/strong> se esperaba una tranquilidad, lo cierto es que persisten diversos factores externos que han inyectar\u00e1n volatilidad al dinamismo del mercado.<\/p>\n<p>No obstante el analista se\u00f1ala que independientemente de lo que suceda con el T-MEC, hay inter\u00e9s de empresas europeas y asi\u00e1ticas de seguir invirtiendo en el sector industrial del pa\u00eds.<\/p>\n<p>\u201cVamos a tener un crecimiento del seis por ciento, es decir, la mitad de lo que se ten\u00eda proyectado ya que fue un a\u00f1o complicado por todos los vaivenes que ha tenido la econom\u00eda.\u00a0[&#8230;]\u00a0Estimamos que el <strong>sector inmobiliario industrial<\/strong> crecer\u00e1 en el 2019 un cuatro por ciento alineado con lo que est\u00e1 sucediendo en el mercado\u201d, aclar\u00f3.<\/p>\n","protected":false},"excerpt":{"rendered":"<p>A\u00fan se esperan\u00a0inversiones por\u00a01,200 millones de d\u00f3lares; Nuevo Le\u00f3n mantendr\u00e1 su dinamismo\u00a0<\/p>\n","protected":false},"author":69,"featured_media":77221,"comment_status":"open","ping_status":"closed","sticky":false,"template":"","format":"standard","meta":{"om_disable_all_campaigns":false,"inline_featured_image":false,"_monsterinsights_skip_tracking":false,"_monsterinsights_sitenote_active":false,"_monsterinsights_sitenote_note":"","_monsterinsights_sitenote_category":0,"footnotes":""},"categories":[15],"tags":[1824,115,21,188],"class_list":["post-82994","post","type-post","status-publish","format-standard","has-post-thumbnail","hentry","category-inmobiliario","tag-colliers-international","tag-industrial","tag-inmobiliario-2","tag-nuevo-leon"],"yoast_head":"<!-- This site is optimized with the Yoast SEO plugin v27.4 - https:\/\/yoast.com\/product\/yoast-seo-wordpress\/ -->\n<title>Crecer\u00e1 4 por ciento sector inmobiliario industrial en 2019<\/title>\n<meta name=\"description\" content=\"A\u00fan se esperan inversiones por 1,200 millones de d\u00f3lares; Nuevo Le\u00f3n mantendr\u00e1 su dinamismo\" \/>\n<meta name=\"robots\" content=\"index, follow, max-snippet:-1, max-image-preview:large, max-video-preview:-1\" \/>\n<link rel=\"canonical\" href=\"https:\/\/centrourbano.com\/revista\/inmobiliario\/crecera-4-por-ciento-sector-inmobiliario-industrial-en-2019\/\" \/>\n<meta property=\"og:locale\" content=\"es_ES\" \/>\n<meta property=\"og:type\" content=\"article\" \/>\n<meta property=\"og:title\" content=\"Crecer\u00e1 4 por ciento sector inmobiliario industrial en 2019\" \/>\n<meta property=\"og:description\" content=\"A\u00fan se esperan inversiones por 1,200 millones de d\u00f3lares; Nuevo Le\u00f3n mantendr\u00e1 su dinamismo\" \/>\n<meta property=\"og:url\" content=\"https:\/\/centrourbano.com\/revista\/inmobiliario\/crecera-4-por-ciento-sector-inmobiliario-industrial-en-2019\/\" \/>\n<meta property=\"og:site_name\" content=\"Centro Urbano\" \/>\n<meta property=\"article:publisher\" content=\"https:\/\/www.facebook.com\/portalcentrourbano\" \/>\n<meta property=\"article:published_time\" content=\"2018-12-06T22:06:09+00:00\" \/>\n<meta property=\"article:modified_time\" content=\"2018-12-06T22:07:42+00:00\" \/>\n<meta property=\"og:image\" content=\"https:\/\/centrourbano.com\/revista\/wp-content\/uploads\/Mty.jpg\" \/>\n\t<meta property=\"og:image:width\" content=\"700\" \/>\n\t<meta property=\"og:image:height\" content=\"345\" \/>\n\t<meta property=\"og:image:type\" content=\"image\/jpeg\" \/>\n<meta name=\"author\" content=\"Fernando Navarrete\" \/>\n<meta name=\"twitter:card\" content=\"summary_large_image\" \/>\n<meta name=\"twitter:creator\" content=\"@CentroUrbano\" \/>\n<meta name=\"twitter:site\" content=\"@CentroUrbano\" \/>\n<meta name=\"twitter:label1\" content=\"Escrito por\" \/>\n\t<meta name=\"twitter:data1\" content=\"Fernando Navarrete\" \/>\n\t<meta name=\"twitter:label2\" content=\"Tiempo de lectura\" \/>\n\t<meta name=\"twitter:data2\" content=\"1 minuto\" \/>\n<script type=\"application\/ld+json\" class=\"yoast-schema-graph\">{\"@context\":\"https:\\\/\\\/schema.org\",\"@graph\":[{\"@type\":\"Article\",\"@id\":\"https:\\\/\\\/centrourbano.com\\\/revista\\\/inmobiliario\\\/crecera-4-por-ciento-sector-inmobiliario-industrial-en-2019\\\/#article\",\"isPartOf\":{\"@id\":\"https:\\\/\\\/centrourbano.com\\\/revista\\\/inmobiliario\\\/crecera-4-por-ciento-sector-inmobiliario-industrial-en-2019\\\/\"},\"author\":{\"name\":\"Fernando Navarrete\",\"@id\":\"https:\\\/\\\/centrourbano.com\\\/revista\\\/#\\\/schema\\\/person\\\/515c32d01ece40d20a7ed3fdf34051af\"},\"headline\":\"Crecer\u00e1 4% sector inmobiliario industrial en 2019\",\"datePublished\":\"2018-12-06T22:06:09+00:00\",\"dateModified\":\"2018-12-06T22:07:42+00:00\",\"mainEntityOfPage\":{\"@id\":\"https:\\\/\\\/centrourbano.com\\\/revista\\\/inmobiliario\\\/crecera-4-por-ciento-sector-inmobiliario-industrial-en-2019\\\/\"},\"wordCount\":266,\"commentCount\":0,\"publisher\":{\"@id\":\"https:\\\/\\\/centrourbano.com\\\/revista\\\/#organization\"},\"image\":{\"@id\":\"https:\\\/\\\/centrourbano.com\\\/revista\\\/inmobiliario\\\/crecera-4-por-ciento-sector-inmobiliario-industrial-en-2019\\\/#primaryimage\"},\"thumbnailUrl\":\"https:\\\/\\\/centrourbano.com\\\/revista\\\/wp-content\\\/uploads\\\/Mty.jpg\",\"keywords\":[\"Colliers International\",\"industrial\",\"inmobiliario\",\"Nuevo Le\u00f3n\"],\"articleSection\":[\"Inmobiliario\"],\"inLanguage\":\"es\",\"potentialAction\":[{\"@type\":\"CommentAction\",\"name\":\"Comment\",\"target\":[\"https:\\\/\\\/centrourbano.com\\\/revista\\\/inmobiliario\\\/crecera-4-por-ciento-sector-inmobiliario-industrial-en-2019\\\/#respond\"]}]},{\"@type\":\"WebPage\",\"@id\":\"https:\\\/\\\/centrourbano.com\\\/revista\\\/inmobiliario\\\/crecera-4-por-ciento-sector-inmobiliario-industrial-en-2019\\\/\",\"url\":\"https:\\\/\\\/centrourbano.com\\\/revista\\\/inmobiliario\\\/crecera-4-por-ciento-sector-inmobiliario-industrial-en-2019\\\/\",\"name\":\"Crecer\u00e1 4 por ciento sector inmobiliario industrial en 2019\",\"isPartOf\":{\"@id\":\"https:\\\/\\\/centrourbano.com\\\/revista\\\/#website\"},\"primaryImageOfPage\":{\"@id\":\"https:\\\/\\\/centrourbano.com\\\/revista\\\/inmobiliario\\\/crecera-4-por-ciento-sector-inmobiliario-industrial-en-2019\\\/#primaryimage\"},\"image\":{\"@id\":\"https:\\\/\\\/centrourbano.com\\\/revista\\\/inmobiliario\\\/crecera-4-por-ciento-sector-inmobiliario-industrial-en-2019\\\/#primaryimage\"},\"thumbnailUrl\":\"https:\\\/\\\/centrourbano.com\\\/revista\\\/wp-content\\\/uploads\\\/Mty.jpg\",\"datePublished\":\"2018-12-06T22:06:09+00:00\",\"dateModified\":\"2018-12-06T22:07:42+00:00\",\"description\":\"A\u00fan se esperan inversiones por 1,200 millones de d\u00f3lares; Nuevo Le\u00f3n mantendr\u00e1 su dinamismo\",\"breadcrumb\":{\"@id\":\"https:\\\/\\\/centrourbano.com\\\/revista\\\/inmobiliario\\\/crecera-4-por-ciento-sector-inmobiliario-industrial-en-2019\\\/#breadcrumb\"},\"inLanguage\":\"es\",\"potentialAction\":[{\"@type\":\"ReadAction\",\"target\":[\"https:\\\/\\\/centrourbano.com\\\/revista\\\/inmobiliario\\\/crecera-4-por-ciento-sector-inmobiliario-industrial-en-2019\\\/\"]}]},{\"@type\":\"ImageObject\",\"inLanguage\":\"es\",\"@id\":\"https:\\\/\\\/centrourbano.com\\\/revista\\\/inmobiliario\\\/crecera-4-por-ciento-sector-inmobiliario-industrial-en-2019\\\/#primaryimage\",\"url\":\"https:\\\/\\\/centrourbano.com\\\/revista\\\/wp-content\\\/uploads\\\/Mty.jpg\",\"contentUrl\":\"https:\\\/\\\/centrourbano.com\\\/revista\\\/wp-content\\\/uploads\\\/Mty.jpg\",\"width\":700,\"height\":345,\"caption\":\"La tasa de disponibilidad de este mercado fue de 7.7%, en tanto la absorci\u00f3n acumulada para este a\u00f1o en el primer semestre del a\u00f1o sum\u00f3 206 mil m\u00b2\"},{\"@type\":\"BreadcrumbList\",\"@id\":\"https:\\\/\\\/centrourbano.com\\\/revista\\\/inmobiliario\\\/crecera-4-por-ciento-sector-inmobiliario-industrial-en-2019\\\/#breadcrumb\",\"itemListElement\":[{\"@type\":\"ListItem\",\"position\":1,\"name\":\"Portada\",\"item\":\"https:\\\/\\\/centrourbano.com\\\/revista\\\/\"},{\"@type\":\"ListItem\",\"position\":2,\"name\":\"Crecer\u00e1 4% sector inmobiliario industrial en 2019\"}]},{\"@type\":\"WebSite\",\"@id\":\"https:\\\/\\\/centrourbano.com\\\/revista\\\/#website\",\"url\":\"https:\\\/\\\/centrourbano.com\\\/revista\\\/\",\"name\":\"Centro Urbano\",\"description\":\"Medio especializado en los sectores vivienda, inmobiliario, construcci\u00f3n, arquitectura y urbanismo.\",\"publisher\":{\"@id\":\"https:\\\/\\\/centrourbano.com\\\/revista\\\/#organization\"},\"potentialAction\":[{\"@type\":\"SearchAction\",\"target\":{\"@type\":\"EntryPoint\",\"urlTemplate\":\"https:\\\/\\\/centrourbano.com\\\/revista\\\/?s={search_term_string}\"},\"query-input\":{\"@type\":\"PropertyValueSpecification\",\"valueRequired\":true,\"valueName\":\"search_term_string\"}}],\"inLanguage\":\"es\"},{\"@type\":\"Organization\",\"@id\":\"https:\\\/\\\/centrourbano.com\\\/revista\\\/#organization\",\"name\":\"Centro Urbano\",\"url\":\"https:\\\/\\\/centrourbano.com\\\/revista\\\/\",\"logo\":{\"@type\":\"ImageObject\",\"inLanguage\":\"es\",\"@id\":\"https:\\\/\\\/centrourbano.com\\\/revista\\\/#\\\/schema\\\/logo\\\/image\\\/\",\"url\":\"https:\\\/\\\/centrourbano.com\\\/revista\\\/wp-content\\\/uploads\\\/web_CU_logo-1.png\",\"contentUrl\":\"https:\\\/\\\/centrourbano.com\\\/revista\\\/wp-content\\\/uploads\\\/web_CU_logo-1.png\",\"width\":350,\"height\":91,\"caption\":\"Centro Urbano\"},\"image\":{\"@id\":\"https:\\\/\\\/centrourbano.com\\\/revista\\\/#\\\/schema\\\/logo\\\/image\\\/\"},\"sameAs\":[\"https:\\\/\\\/www.facebook.com\\\/portalcentrourbano\",\"https:\\\/\\\/x.com\\\/CentroUrbano\",\"https:\\\/\\\/www.instagram.com\\\/centro_urbano\\\/\",\"https:\\\/\\\/www.linkedin.com\\\/company\\\/centro-urbano\\\/\",\"http:\\\/\\\/www.youtube.com\\\/user\\\/portalcentrourbano\"]},{\"@type\":\"Person\",\"@id\":\"https:\\\/\\\/centrourbano.com\\\/revista\\\/#\\\/schema\\\/person\\\/515c32d01ece40d20a7ed3fdf34051af\",\"name\":\"Fernando Navarrete\",\"image\":{\"@type\":\"ImageObject\",\"inLanguage\":\"es\",\"@id\":\"https:\\\/\\\/secure.gravatar.com\\\/avatar\\\/f4dd6927a99e72698473e350e20ec8a38bd48cb668e15b03d04e8e537da41ad0?s=96&d=mm&r=g\",\"url\":\"https:\\\/\\\/secure.gravatar.com\\\/avatar\\\/f4dd6927a99e72698473e350e20ec8a38bd48cb668e15b03d04e8e537da41ad0?s=96&d=mm&r=g\",\"contentUrl\":\"https:\\\/\\\/secure.gravatar.com\\\/avatar\\\/f4dd6927a99e72698473e350e20ec8a38bd48cb668e15b03d04e8e537da41ad0?s=96&d=mm&r=g\",\"caption\":\"Fernando Navarrete\"},\"description\":\"Reportero de negocios, inmobiliario, construcci\u00f3n e industria. Me interesa la econom\u00eda, pol\u00edtica, historia y antropolog\u00eda. Estudi\u00e9 en la Facultad de Ciencias Pol\u00edticas y Sociales de la UNAM. Tengo experiencia en el sector p\u00fablico, la industria del acero, ingenier\u00eda civil, IT y corporativos; soy un nost\u00e1lgico nacionalista contempor\u00e1neo que cree en la grandeza de su pa\u00eds. Asiduo lector de Juan Rulfo, Jos\u00e9 Revueltas y J. R. R Tolkien.\",\"url\":\"https:\\\/\\\/centrourbano.com\\\/revista\\\/author\\\/fernando-navarrete\\\/\"}]}<\/script>\n<!-- \/ Yoast SEO plugin. -->","yoast_head_json":{"title":"Crecer\u00e1 4 por ciento sector inmobiliario industrial en 2019","description":"A\u00fan se esperan inversiones por 1,200 millones de d\u00f3lares; Nuevo Le\u00f3n mantendr\u00e1 su dinamismo","robots":{"index":"index","follow":"follow","max-snippet":"max-snippet:-1","max-image-preview":"max-image-preview:large","max-video-preview":"max-video-preview:-1"},"canonical":"https:\/\/centrourbano.com\/revista\/inmobiliario\/crecera-4-por-ciento-sector-inmobiliario-industrial-en-2019\/","og_locale":"es_ES","og_type":"article","og_title":"Crecer\u00e1 4 por ciento sector inmobiliario industrial en 2019","og_description":"A\u00fan se esperan inversiones por 1,200 millones de d\u00f3lares; Nuevo Le\u00f3n mantendr\u00e1 su dinamismo","og_url":"https:\/\/centrourbano.com\/revista\/inmobiliario\/crecera-4-por-ciento-sector-inmobiliario-industrial-en-2019\/","og_site_name":"Centro Urbano","article_publisher":"https:\/\/www.facebook.com\/portalcentrourbano","article_published_time":"2018-12-06T22:06:09+00:00","article_modified_time":"2018-12-06T22:07:42+00:00","og_image":[{"width":700,"height":345,"url":"https:\/\/centrourbano.com\/revista\/wp-content\/uploads\/Mty.jpg","type":"image\/jpeg"}],"author":"Fernando Navarrete","twitter_card":"summary_large_image","twitter_creator":"@CentroUrbano","twitter_site":"@CentroUrbano","twitter_misc":{"Escrito por":"Fernando Navarrete","Tiempo de lectura":"1 minuto"},"schema":{"@context":"https:\/\/schema.org","@graph":[{"@type":"Article","@id":"https:\/\/centrourbano.com\/revista\/inmobiliario\/crecera-4-por-ciento-sector-inmobiliario-industrial-en-2019\/#article","isPartOf":{"@id":"https:\/\/centrourbano.com\/revista\/inmobiliario\/crecera-4-por-ciento-sector-inmobiliario-industrial-en-2019\/"},"author":{"name":"Fernando Navarrete","@id":"https:\/\/centrourbano.com\/revista\/#\/schema\/person\/515c32d01ece40d20a7ed3fdf34051af"},"headline":"Crecer\u00e1 4% sector inmobiliario industrial en 2019","datePublished":"2018-12-06T22:06:09+00:00","dateModified":"2018-12-06T22:07:42+00:00","mainEntityOfPage":{"@id":"https:\/\/centrourbano.com\/revista\/inmobiliario\/crecera-4-por-ciento-sector-inmobiliario-industrial-en-2019\/"},"wordCount":266,"commentCount":0,"publisher":{"@id":"https:\/\/centrourbano.com\/revista\/#organization"},"image":{"@id":"https:\/\/centrourbano.com\/revista\/inmobiliario\/crecera-4-por-ciento-sector-inmobiliario-industrial-en-2019\/#primaryimage"},"thumbnailUrl":"https:\/\/centrourbano.com\/revista\/wp-content\/uploads\/Mty.jpg","keywords":["Colliers International","industrial","inmobiliario","Nuevo Le\u00f3n"],"articleSection":["Inmobiliario"],"inLanguage":"es","potentialAction":[{"@type":"CommentAction","name":"Comment","target":["https:\/\/centrourbano.com\/revista\/inmobiliario\/crecera-4-por-ciento-sector-inmobiliario-industrial-en-2019\/#respond"]}]},{"@type":"WebPage","@id":"https:\/\/centrourbano.com\/revista\/inmobiliario\/crecera-4-por-ciento-sector-inmobiliario-industrial-en-2019\/","url":"https:\/\/centrourbano.com\/revista\/inmobiliario\/crecera-4-por-ciento-sector-inmobiliario-industrial-en-2019\/","name":"Crecer\u00e1 4 por ciento sector inmobiliario industrial en 2019","isPartOf":{"@id":"https:\/\/centrourbano.com\/revista\/#website"},"primaryImageOfPage":{"@id":"https:\/\/centrourbano.com\/revista\/inmobiliario\/crecera-4-por-ciento-sector-inmobiliario-industrial-en-2019\/#primaryimage"},"image":{"@id":"https:\/\/centrourbano.com\/revista\/inmobiliario\/crecera-4-por-ciento-sector-inmobiliario-industrial-en-2019\/#primaryimage"},"thumbnailUrl":"https:\/\/centrourbano.com\/revista\/wp-content\/uploads\/Mty.jpg","datePublished":"2018-12-06T22:06:09+00:00","dateModified":"2018-12-06T22:07:42+00:00","description":"A\u00fan se esperan inversiones por 1,200 millones de d\u00f3lares; Nuevo Le\u00f3n mantendr\u00e1 su dinamismo","breadcrumb":{"@id":"https:\/\/centrourbano.com\/revista\/inmobiliario\/crecera-4-por-ciento-sector-inmobiliario-industrial-en-2019\/#breadcrumb"},"inLanguage":"es","potentialAction":[{"@type":"ReadAction","target":["https:\/\/centrourbano.com\/revista\/inmobiliario\/crecera-4-por-ciento-sector-inmobiliario-industrial-en-2019\/"]}]},{"@type":"ImageObject","inLanguage":"es","@id":"https:\/\/centrourbano.com\/revista\/inmobiliario\/crecera-4-por-ciento-sector-inmobiliario-industrial-en-2019\/#primaryimage","url":"https:\/\/centrourbano.com\/revista\/wp-content\/uploads\/Mty.jpg","contentUrl":"https:\/\/centrourbano.com\/revista\/wp-content\/uploads\/Mty.jpg","width":700,"height":345,"caption":"La tasa de disponibilidad de este mercado fue de 7.7%, en tanto la absorci\u00f3n acumulada para este a\u00f1o en el primer semestre del a\u00f1o sum\u00f3 206 mil m\u00b2"},{"@type":"BreadcrumbList","@id":"https:\/\/centrourbano.com\/revista\/inmobiliario\/crecera-4-por-ciento-sector-inmobiliario-industrial-en-2019\/#breadcrumb","itemListElement":[{"@type":"ListItem","position":1,"name":"Portada","item":"https:\/\/centrourbano.com\/revista\/"},{"@type":"ListItem","position":2,"name":"Crecer\u00e1 4% sector inmobiliario industrial en 2019"}]},{"@type":"WebSite","@id":"https:\/\/centrourbano.com\/revista\/#website","url":"https:\/\/centrourbano.com\/revista\/","name":"Centro Urbano","description":"Medio especializado en los sectores vivienda, inmobiliario, construcci\u00f3n, arquitectura y urbanismo.","publisher":{"@id":"https:\/\/centrourbano.com\/revista\/#organization"},"potentialAction":[{"@type":"SearchAction","target":{"@type":"EntryPoint","urlTemplate":"https:\/\/centrourbano.com\/revista\/?s={search_term_string}"},"query-input":{"@type":"PropertyValueSpecification","valueRequired":true,"valueName":"search_term_string"}}],"inLanguage":"es"},{"@type":"Organization","@id":"https:\/\/centrourbano.com\/revista\/#organization","name":"Centro Urbano","url":"https:\/\/centrourbano.com\/revista\/","logo":{"@type":"ImageObject","inLanguage":"es","@id":"https:\/\/centrourbano.com\/revista\/#\/schema\/logo\/image\/","url":"https:\/\/centrourbano.com\/revista\/wp-content\/uploads\/web_CU_logo-1.png","contentUrl":"https:\/\/centrourbano.com\/revista\/wp-content\/uploads\/web_CU_logo-1.png","width":350,"height":91,"caption":"Centro Urbano"},"image":{"@id":"https:\/\/centrourbano.com\/revista\/#\/schema\/logo\/image\/"},"sameAs":["https:\/\/www.facebook.com\/portalcentrourbano","https:\/\/x.com\/CentroUrbano","https:\/\/www.instagram.com\/centro_urbano\/","https:\/\/www.linkedin.com\/company\/centro-urbano\/","http:\/\/www.youtube.com\/user\/portalcentrourbano"]},{"@type":"Person","@id":"https:\/\/centrourbano.com\/revista\/#\/schema\/person\/515c32d01ece40d20a7ed3fdf34051af","name":"Fernando Navarrete","image":{"@type":"ImageObject","inLanguage":"es","@id":"https:\/\/secure.gravatar.com\/avatar\/f4dd6927a99e72698473e350e20ec8a38bd48cb668e15b03d04e8e537da41ad0?s=96&d=mm&r=g","url":"https:\/\/secure.gravatar.com\/avatar\/f4dd6927a99e72698473e350e20ec8a38bd48cb668e15b03d04e8e537da41ad0?s=96&d=mm&r=g","contentUrl":"https:\/\/secure.gravatar.com\/avatar\/f4dd6927a99e72698473e350e20ec8a38bd48cb668e15b03d04e8e537da41ad0?s=96&d=mm&r=g","caption":"Fernando Navarrete"},"description":"Reportero de negocios, inmobiliario, construcci\u00f3n e industria. Me interesa la econom\u00eda, pol\u00edtica, historia y antropolog\u00eda. Estudi\u00e9 en la Facultad de Ciencias Pol\u00edticas y Sociales de la UNAM. Tengo experiencia en el sector p\u00fablico, la industria del acero, ingenier\u00eda civil, IT y corporativos; soy un nost\u00e1lgico nacionalista contempor\u00e1neo que cree en la grandeza de su pa\u00eds. Asiduo lector de Juan Rulfo, Jos\u00e9 Revueltas y J. R. R Tolkien.","url":"https:\/\/centrourbano.com\/revista\/author\/fernando-navarrete\/"}]}},"_links":{"self":[{"href":"https:\/\/centrourbano.com\/revista\/wp-json\/wp\/v2\/posts\/82994","targetHints":{"allow":["GET"]}}],"collection":[{"href":"https:\/\/centrourbano.com\/revista\/wp-json\/wp\/v2\/posts"}],"about":[{"href":"https:\/\/centrourbano.com\/revista\/wp-json\/wp\/v2\/types\/post"}],"author":[{"embeddable":true,"href":"https:\/\/centrourbano.com\/revista\/wp-json\/wp\/v2\/users\/69"}],"replies":[{"embeddable":true,"href":"https:\/\/centrourbano.com\/revista\/wp-json\/wp\/v2\/comments?post=82994"}],"version-history":[{"count":3,"href":"https:\/\/centrourbano.com\/revista\/wp-json\/wp\/v2\/posts\/82994\/revisions"}],"predecessor-version":[{"id":82997,"href":"https:\/\/centrourbano.com\/revista\/wp-json\/wp\/v2\/posts\/82994\/revisions\/82997"}],"wp:featuredmedia":[{"embeddable":true,"href":"https:\/\/centrourbano.com\/revista\/wp-json\/wp\/v2\/media\/77221"}],"wp:attachment":[{"href":"https:\/\/centrourbano.com\/revista\/wp-json\/wp\/v2\/media?parent=82994"}],"wp:term":[{"taxonomy":"category","embeddable":true,"href":"https:\/\/centrourbano.com\/revista\/wp-json\/wp\/v2\/categories?post=82994"},{"taxonomy":"post_tag","embeddable":true,"href":"https:\/\/centrourbano.com\/revista\/wp-json\/wp\/v2\/tags?post=82994"}],"curies":[{"name":"wp","href":"https:\/\/api.w.org\/{rel}","templated":true}]}}