{"id":82983,"date":"2018-12-06T13:32:26","date_gmt":"2018-12-06T19:32:26","guid":{"rendered":"https:\/\/centrourbano.com\/?p=82983"},"modified":"2018-12-06T13:32:26","modified_gmt":"2018-12-06T19:32:26","slug":"ipn-presenta-su-atlas-de-riesgo-a-la-alcaldia-gustavo-a-madero","status":"publish","type":"post","link":"https:\/\/centrourbano.com\/revista\/urbanismo\/ipn-presenta-su-atlas-de-riesgo-a-la-alcaldia-gustavo-a-madero\/","title":{"rendered":"IPN presenta su atlas de riesgo a la Alcald\u00eda Gustavo A. Madero"},"content":{"rendered":"<p><em>En este documento se muestran los lugares de mayor riesgo para la comunidad, con falta de luminarias\u00a0y\u00a0c\u00e1maras de seguridad, en donde se requieren se\u00f1alamientos y presencia policiaca<\/em><\/p>\n<p><!--more--><\/p>\n<p>El <strong>Instituto Polit\u00e9cnico Nacional<\/strong> (IPN) entreg\u00f3 a Francisco Ch\u00edguil Figueroa, Alcalde de Gustavo A. Madero, el atlas que elaboraron para establecer protocolos de vigilancia y fortalecer la seguridad en las inmediaciones de las escuelas, centros y unidades de esta casa de estudios, esto para la prevenci\u00f3n del delito, de la tolerancia a la violencia y crear la cultura de la denuncia.<\/p>\n<p>H\u00e9ctor Leoncio Mart\u00ednez Castuera, Secretario General del IPN, asegur\u00f3 que en dicho documento se muestran los lugares de mayor riesgo en donde la comunidad es v\u00edctima de asaltos en calles y avenidas, as\u00ed como las luminarias que no funcionan o las \u00e1reas donde es necesario colocarlas. Adem\u00e1s de la falta de c\u00e1maras de seguridad, lugares con donde presuntamente existe la venta de drogas y alcohol a menores de edad.<\/p>\n<p>Asimismo, menciona las zonas en donde los \u00e1rboles necesitan ser podados, y los espacios en donde se requiere de se\u00f1alamientos de velocidad que anuncien la existencia de centros educativos, as\u00ed como la se\u00f1alizaci\u00f3n de pasos peatonales y la presencia policiaca por medio de rondines en horas pico, entre otras m\u00e1s.<\/p>\n<a href=\"https:\/\/centrourbano.com\/revista\/wp-content\/uploads\/ipn1.jpg\"><img loading=\"lazy\" decoding=\"async\" class=\"size-medium wp-image-82988 alignleft\" src=\"https:\/\/centrourbano.com\/revista\/wp-content\/uploads\/ipn1-300x181.jpg\" alt=\"\" width=\"300\" height=\"181\" srcset=\"https:\/\/centrourbano.com\/revista\/wp-content\/uploads\/ipn1-300x181.jpg 300w, https:\/\/centrourbano.com\/revista\/wp-content\/uploads\/ipn1-768x463.jpg 768w, https:\/\/centrourbano.com\/revista\/wp-content\/uploads\/ipn1-1024x618.jpg 1024w, https:\/\/centrourbano.com\/revista\/wp-content\/uploads\/ipn1.jpg 1160w\" sizes=\"auto, (max-width: 300px) 100vw, 300px\" \/><\/a>\n<p>Adem\u00e1s, se pidi\u00f3 que se realicen reuniones de trabajo y seguimiento permanente por lo menos cada dos meses con personal de la Alcald\u00eda. Tambi\u00e9n, de ser necesario, establecer una coordinaci\u00f3n con el municipio de Ecatepec para \u00a0fortalecer los operativos de seguridad y la comunidad polit\u00e9cnica se vea beneficiada con esta medida, as\u00ed como en el decremento de los actos delictivos, los cuales son muy frecuentes en la frontera de estas demarcaciones.<\/p>\n<p>Se resalt\u00f3 la implementaci\u00f3n de Ministerios P\u00fablicos M\u00f3viles en alguno de los planteles, con el objetivo de brindar atenci\u00f3n de manera inmediata a los diferentes asuntos que se puedan presentar y que los integrantes de la comunidad polit\u00e9cnica puedan verse involucrados.<\/p>\n<p>Cabe mencionar que en la realizaci\u00f3n del atlas de riesgo colaboraron la Unidad Profesional Interdisciplinaria en Ingenier\u00eda y Tecnolog\u00edas Avanzadas (UPIITA), junto con el apoyo de las autoridades de la Secretar\u00eda de Seguridad P\u00fablica (SSP), del Gobierno de la Ciudad de M\u00e9xico y de la misma Alcald\u00eda.<\/p>\n<p>En tanto,\u00a0el alcalde de la demarcaci\u00f3n se\u00f1al\u00f3 que su administraci\u00f3n est\u00e1 comprometida con el IPN para que contin\u00fae a la vanguardia en la educaci\u00f3n tecnol\u00f3gica del pa\u00eds,\u00a0as\u00ed como con el desarrollo profesional e intelectual de todos los estudiantes.<\/p>\n<p>&nbsp;<\/p>\n","protected":false},"excerpt":{"rendered":"<p>En este documento se muestran los lugares de mayor riesgo para la comunidad, con falta de luminarias\u00a0y\u00a0c\u00e1maras de seguridad, en donde se requieren se\u00f1alamientos y presencia policiaca<\/p>\n","protected":false},"author":70,"featured_media":82987,"comment_status":"open","ping_status":"closed","sticky":false,"template":"","format":"standard","meta":{"om_disable_all_campaigns":false,"inline_featured_image":false,"_monsterinsights_skip_tracking":false,"_monsterinsights_sitenote_active":false,"_monsterinsights_sitenote_note":"","_monsterinsights_sitenote_category":0,"footnotes":""},"categories":[82],"tags":[2583,1358,4337,6512,14993],"class_list":["post-82983","post","type-post","status-publish","format-standard","has-post-thumbnail","hentry","category-urbanismo","tag-atlas-de-riesgo","tag-gustavo-a-madero","tag-instituto-politecnico-nacional","tag-secretaria-de-seguridad-publica","tag-unidad-profesional-interdisciplinaria-en-ingenieria-y-tecnologias-avanzadas"],"yoast_head":"<!-- This site is optimized with the Yoast SEO plugin v27.4 - https:\/\/yoast.com\/product\/yoast-seo-wordpress\/ -->\n<title>IPN presenta su atlas de riesgo a la Alcald\u00eda Gustavo A. Madero<\/title>\n<meta name=\"description\" content=\"En este documento se muestran los lugares de mayor riesgo para la comunidad, con falta de luminarias y c\u00e1maras de seguridad, en donde se requieren se\u00f1alamientos y presencia policiaca\" \/>\n<meta name=\"robots\" content=\"index, follow, max-snippet:-1, max-image-preview:large, max-video-preview:-1\" \/>\n<link rel=\"canonical\" href=\"https:\/\/centrourbano.com\/revista\/urbanismo\/ipn-presenta-su-atlas-de-riesgo-a-la-alcaldia-gustavo-a-madero\/\" \/>\n<meta property=\"og:locale\" content=\"es_ES\" \/>\n<meta property=\"og:type\" content=\"article\" \/>\n<meta property=\"og:title\" content=\"IPN presenta su atlas de riesgo a la Alcald\u00eda Gustavo A. Madero\" \/>\n<meta property=\"og:description\" content=\"En este documento se muestran los lugares de mayor riesgo para la comunidad, con falta de luminarias y c\u00e1maras de seguridad, en donde se requieren se\u00f1alamientos y presencia policiaca\" \/>\n<meta property=\"og:url\" content=\"https:\/\/centrourbano.com\/revista\/urbanismo\/ipn-presenta-su-atlas-de-riesgo-a-la-alcaldia-gustavo-a-madero\/\" \/>\n<meta property=\"og:site_name\" content=\"Centro Urbano\" \/>\n<meta property=\"article:publisher\" content=\"https:\/\/www.facebook.com\/portalcentrourbano\" \/>\n<meta property=\"article:published_time\" content=\"2018-12-06T19:32:26+00:00\" \/>\n<meta property=\"og:image\" content=\"https:\/\/centrourbano.com\/revista\/wp-content\/uploads\/ipn-3.jpg\" \/>\n\t<meta property=\"og:image:width\" content=\"1053\" \/>\n\t<meta property=\"og:image:height\" content=\"727\" \/>\n\t<meta property=\"og:image:type\" content=\"image\/jpeg\" \/>\n<meta name=\"author\" content=\"Karen Maqueda\" \/>\n<meta name=\"twitter:card\" content=\"summary_large_image\" \/>\n<meta name=\"twitter:creator\" content=\"@CentroUrbano\" \/>\n<meta name=\"twitter:site\" content=\"@CentroUrbano\" \/>\n<meta name=\"twitter:label1\" content=\"Escrito por\" \/>\n\t<meta name=\"twitter:data1\" content=\"Karen Maqueda\" \/>\n\t<meta name=\"twitter:label2\" content=\"Tiempo de lectura\" \/>\n\t<meta name=\"twitter:data2\" content=\"2 minutos\" \/>\n<script type=\"application\/ld+json\" class=\"yoast-schema-graph\">{\"@context\":\"https:\\\/\\\/schema.org\",\"@graph\":[{\"@type\":\"Article\",\"@id\":\"https:\\\/\\\/centrourbano.com\\\/revista\\\/urbanismo\\\/ipn-presenta-su-atlas-de-riesgo-a-la-alcaldia-gustavo-a-madero\\\/#article\",\"isPartOf\":{\"@id\":\"https:\\\/\\\/centrourbano.com\\\/revista\\\/urbanismo\\\/ipn-presenta-su-atlas-de-riesgo-a-la-alcaldia-gustavo-a-madero\\\/\"},\"author\":{\"name\":\"Karen Maqueda\",\"@id\":\"https:\\\/\\\/centrourbano.com\\\/revista\\\/#\\\/schema\\\/person\\\/0078cc38e7741cee277ba26c6e7850cc\"},\"headline\":\"IPN presenta su atlas de riesgo a la Alcald\u00eda Gustavo A. Madero\",\"datePublished\":\"2018-12-06T19:32:26+00:00\",\"mainEntityOfPage\":{\"@id\":\"https:\\\/\\\/centrourbano.com\\\/revista\\\/urbanismo\\\/ipn-presenta-su-atlas-de-riesgo-a-la-alcaldia-gustavo-a-madero\\\/\"},\"wordCount\":460,\"commentCount\":0,\"publisher\":{\"@id\":\"https:\\\/\\\/centrourbano.com\\\/revista\\\/#organization\"},\"image\":{\"@id\":\"https:\\\/\\\/centrourbano.com\\\/revista\\\/urbanismo\\\/ipn-presenta-su-atlas-de-riesgo-a-la-alcaldia-gustavo-a-madero\\\/#primaryimage\"},\"thumbnailUrl\":\"https:\\\/\\\/centrourbano.com\\\/revista\\\/wp-content\\\/uploads\\\/ipn-3.jpg\",\"keywords\":[\"atlas de riesgo\",\"Gustavo A. Madero\",\"Instituto Polit\u00e9cnico Nacional\",\"Secretar\u00eda de Seguridad P\u00fablica\",\"Unidad Profesional Interdisciplinaria en Ingenier\u00eda y Tecnolog\u00edas Avanzadas\"],\"articleSection\":[\"Urbanismo\"],\"inLanguage\":\"es\",\"potentialAction\":[{\"@type\":\"CommentAction\",\"name\":\"Comment\",\"target\":[\"https:\\\/\\\/centrourbano.com\\\/revista\\\/urbanismo\\\/ipn-presenta-su-atlas-de-riesgo-a-la-alcaldia-gustavo-a-madero\\\/#respond\"]}]},{\"@type\":\"WebPage\",\"@id\":\"https:\\\/\\\/centrourbano.com\\\/revista\\\/urbanismo\\\/ipn-presenta-su-atlas-de-riesgo-a-la-alcaldia-gustavo-a-madero\\\/\",\"url\":\"https:\\\/\\\/centrourbano.com\\\/revista\\\/urbanismo\\\/ipn-presenta-su-atlas-de-riesgo-a-la-alcaldia-gustavo-a-madero\\\/\",\"name\":\"IPN presenta su atlas de riesgo a la Alcald\u00eda Gustavo A. Madero\",\"isPartOf\":{\"@id\":\"https:\\\/\\\/centrourbano.com\\\/revista\\\/#website\"},\"primaryImageOfPage\":{\"@id\":\"https:\\\/\\\/centrourbano.com\\\/revista\\\/urbanismo\\\/ipn-presenta-su-atlas-de-riesgo-a-la-alcaldia-gustavo-a-madero\\\/#primaryimage\"},\"image\":{\"@id\":\"https:\\\/\\\/centrourbano.com\\\/revista\\\/urbanismo\\\/ipn-presenta-su-atlas-de-riesgo-a-la-alcaldia-gustavo-a-madero\\\/#primaryimage\"},\"thumbnailUrl\":\"https:\\\/\\\/centrourbano.com\\\/revista\\\/wp-content\\\/uploads\\\/ipn-3.jpg\",\"datePublished\":\"2018-12-06T19:32:26+00:00\",\"description\":\"En este documento se muestran los lugares de mayor riesgo para la comunidad, con falta de luminarias y c\u00e1maras de seguridad, en donde se requieren se\u00f1alamientos y presencia policiaca\",\"breadcrumb\":{\"@id\":\"https:\\\/\\\/centrourbano.com\\\/revista\\\/urbanismo\\\/ipn-presenta-su-atlas-de-riesgo-a-la-alcaldia-gustavo-a-madero\\\/#breadcrumb\"},\"inLanguage\":\"es\",\"potentialAction\":[{\"@type\":\"ReadAction\",\"target\":[\"https:\\\/\\\/centrourbano.com\\\/revista\\\/urbanismo\\\/ipn-presenta-su-atlas-de-riesgo-a-la-alcaldia-gustavo-a-madero\\\/\"]}]},{\"@type\":\"ImageObject\",\"inLanguage\":\"es\",\"@id\":\"https:\\\/\\\/centrourbano.com\\\/revista\\\/urbanismo\\\/ipn-presenta-su-atlas-de-riesgo-a-la-alcaldia-gustavo-a-madero\\\/#primaryimage\",\"url\":\"https:\\\/\\\/centrourbano.com\\\/revista\\\/wp-content\\\/uploads\\\/ipn-3.jpg\",\"contentUrl\":\"https:\\\/\\\/centrourbano.com\\\/revista\\\/wp-content\\\/uploads\\\/ipn-3.jpg\",\"width\":1053,\"height\":727,\"caption\":\"En este documento se muestran los lugares de mayor riesgo para la comunidad, con falta de luminarias y c\u00e1maras de seguridad, en donde se requieren se\u00f1alamientos y presencia policiaca\"},{\"@type\":\"BreadcrumbList\",\"@id\":\"https:\\\/\\\/centrourbano.com\\\/revista\\\/urbanismo\\\/ipn-presenta-su-atlas-de-riesgo-a-la-alcaldia-gustavo-a-madero\\\/#breadcrumb\",\"itemListElement\":[{\"@type\":\"ListItem\",\"position\":1,\"name\":\"Portada\",\"item\":\"https:\\\/\\\/centrourbano.com\\\/revista\\\/\"},{\"@type\":\"ListItem\",\"position\":2,\"name\":\"IPN presenta su atlas de riesgo a la Alcald\u00eda Gustavo A. Madero\"}]},{\"@type\":\"WebSite\",\"@id\":\"https:\\\/\\\/centrourbano.com\\\/revista\\\/#website\",\"url\":\"https:\\\/\\\/centrourbano.com\\\/revista\\\/\",\"name\":\"Centro Urbano\",\"description\":\"Medio especializado en los sectores vivienda, inmobiliario, construcci\u00f3n, arquitectura y urbanismo.\",\"publisher\":{\"@id\":\"https:\\\/\\\/centrourbano.com\\\/revista\\\/#organization\"},\"potentialAction\":[{\"@type\":\"SearchAction\",\"target\":{\"@type\":\"EntryPoint\",\"urlTemplate\":\"https:\\\/\\\/centrourbano.com\\\/revista\\\/?s={search_term_string}\"},\"query-input\":{\"@type\":\"PropertyValueSpecification\",\"valueRequired\":true,\"valueName\":\"search_term_string\"}}],\"inLanguage\":\"es\"},{\"@type\":\"Organization\",\"@id\":\"https:\\\/\\\/centrourbano.com\\\/revista\\\/#organization\",\"name\":\"Centro Urbano\",\"url\":\"https:\\\/\\\/centrourbano.com\\\/revista\\\/\",\"logo\":{\"@type\":\"ImageObject\",\"inLanguage\":\"es\",\"@id\":\"https:\\\/\\\/centrourbano.com\\\/revista\\\/#\\\/schema\\\/logo\\\/image\\\/\",\"url\":\"https:\\\/\\\/centrourbano.com\\\/revista\\\/wp-content\\\/uploads\\\/web_CU_logo-1.png\",\"contentUrl\":\"https:\\\/\\\/centrourbano.com\\\/revista\\\/wp-content\\\/uploads\\\/web_CU_logo-1.png\",\"width\":350,\"height\":91,\"caption\":\"Centro Urbano\"},\"image\":{\"@id\":\"https:\\\/\\\/centrourbano.com\\\/revista\\\/#\\\/schema\\\/logo\\\/image\\\/\"},\"sameAs\":[\"https:\\\/\\\/www.facebook.com\\\/portalcentrourbano\",\"https:\\\/\\\/x.com\\\/CentroUrbano\",\"https:\\\/\\\/www.instagram.com\\\/centro_urbano\\\/\",\"https:\\\/\\\/www.linkedin.com\\\/company\\\/centro-urbano\\\/\",\"http:\\\/\\\/www.youtube.com\\\/user\\\/portalcentrourbano\"]},{\"@type\":\"Person\",\"@id\":\"https:\\\/\\\/centrourbano.com\\\/revista\\\/#\\\/schema\\\/person\\\/0078cc38e7741cee277ba26c6e7850cc\",\"name\":\"Karen Maqueda\",\"image\":{\"@type\":\"ImageObject\",\"inLanguage\":\"es\",\"@id\":\"https:\\\/\\\/secure.gravatar.com\\\/avatar\\\/25062b07ca71c6bd5068308d24c2324f5aa6ebaf89f15e1c4626733ec947023e?s=96&d=mm&r=g\",\"url\":\"https:\\\/\\\/secure.gravatar.com\\\/avatar\\\/25062b07ca71c6bd5068308d24c2324f5aa6ebaf89f15e1c4626733ec947023e?s=96&d=mm&r=g\",\"contentUrl\":\"https:\\\/\\\/secure.gravatar.com\\\/avatar\\\/25062b07ca71c6bd5068308d24c2324f5aa6ebaf89f15e1c4626733ec947023e?s=96&d=mm&r=g\",\"caption\":\"Karen Maqueda\"},\"url\":\"https:\\\/\\\/centrourbano.com\\\/revista\\\/author\\\/karenm\\\/\"}]}<\/script>\n<!-- \/ Yoast SEO plugin. -->","yoast_head_json":{"title":"IPN presenta su atlas de riesgo a la Alcald\u00eda Gustavo A. Madero","description":"En este documento se muestran los lugares de mayor riesgo para la comunidad, con falta de luminarias y c\u00e1maras de seguridad, en donde se requieren se\u00f1alamientos y presencia policiaca","robots":{"index":"index","follow":"follow","max-snippet":"max-snippet:-1","max-image-preview":"max-image-preview:large","max-video-preview":"max-video-preview:-1"},"canonical":"https:\/\/centrourbano.com\/revista\/urbanismo\/ipn-presenta-su-atlas-de-riesgo-a-la-alcaldia-gustavo-a-madero\/","og_locale":"es_ES","og_type":"article","og_title":"IPN presenta su atlas de riesgo a la Alcald\u00eda Gustavo A. Madero","og_description":"En este documento se muestran los lugares de mayor riesgo para la comunidad, con falta de luminarias y c\u00e1maras de seguridad, en donde se requieren se\u00f1alamientos y presencia policiaca","og_url":"https:\/\/centrourbano.com\/revista\/urbanismo\/ipn-presenta-su-atlas-de-riesgo-a-la-alcaldia-gustavo-a-madero\/","og_site_name":"Centro Urbano","article_publisher":"https:\/\/www.facebook.com\/portalcentrourbano","article_published_time":"2018-12-06T19:32:26+00:00","og_image":[{"width":1053,"height":727,"url":"https:\/\/centrourbano.com\/revista\/wp-content\/uploads\/ipn-3.jpg","type":"image\/jpeg"}],"author":"Karen Maqueda","twitter_card":"summary_large_image","twitter_creator":"@CentroUrbano","twitter_site":"@CentroUrbano","twitter_misc":{"Escrito por":"Karen Maqueda","Tiempo de lectura":"2 minutos"},"schema":{"@context":"https:\/\/schema.org","@graph":[{"@type":"Article","@id":"https:\/\/centrourbano.com\/revista\/urbanismo\/ipn-presenta-su-atlas-de-riesgo-a-la-alcaldia-gustavo-a-madero\/#article","isPartOf":{"@id":"https:\/\/centrourbano.com\/revista\/urbanismo\/ipn-presenta-su-atlas-de-riesgo-a-la-alcaldia-gustavo-a-madero\/"},"author":{"name":"Karen Maqueda","@id":"https:\/\/centrourbano.com\/revista\/#\/schema\/person\/0078cc38e7741cee277ba26c6e7850cc"},"headline":"IPN presenta su atlas de riesgo a la Alcald\u00eda Gustavo A. Madero","datePublished":"2018-12-06T19:32:26+00:00","mainEntityOfPage":{"@id":"https:\/\/centrourbano.com\/revista\/urbanismo\/ipn-presenta-su-atlas-de-riesgo-a-la-alcaldia-gustavo-a-madero\/"},"wordCount":460,"commentCount":0,"publisher":{"@id":"https:\/\/centrourbano.com\/revista\/#organization"},"image":{"@id":"https:\/\/centrourbano.com\/revista\/urbanismo\/ipn-presenta-su-atlas-de-riesgo-a-la-alcaldia-gustavo-a-madero\/#primaryimage"},"thumbnailUrl":"https:\/\/centrourbano.com\/revista\/wp-content\/uploads\/ipn-3.jpg","keywords":["atlas de riesgo","Gustavo A. Madero","Instituto Polit\u00e9cnico Nacional","Secretar\u00eda de Seguridad P\u00fablica","Unidad Profesional Interdisciplinaria en Ingenier\u00eda y Tecnolog\u00edas Avanzadas"],"articleSection":["Urbanismo"],"inLanguage":"es","potentialAction":[{"@type":"CommentAction","name":"Comment","target":["https:\/\/centrourbano.com\/revista\/urbanismo\/ipn-presenta-su-atlas-de-riesgo-a-la-alcaldia-gustavo-a-madero\/#respond"]}]},{"@type":"WebPage","@id":"https:\/\/centrourbano.com\/revista\/urbanismo\/ipn-presenta-su-atlas-de-riesgo-a-la-alcaldia-gustavo-a-madero\/","url":"https:\/\/centrourbano.com\/revista\/urbanismo\/ipn-presenta-su-atlas-de-riesgo-a-la-alcaldia-gustavo-a-madero\/","name":"IPN presenta su atlas de riesgo a la Alcald\u00eda Gustavo A. Madero","isPartOf":{"@id":"https:\/\/centrourbano.com\/revista\/#website"},"primaryImageOfPage":{"@id":"https:\/\/centrourbano.com\/revista\/urbanismo\/ipn-presenta-su-atlas-de-riesgo-a-la-alcaldia-gustavo-a-madero\/#primaryimage"},"image":{"@id":"https:\/\/centrourbano.com\/revista\/urbanismo\/ipn-presenta-su-atlas-de-riesgo-a-la-alcaldia-gustavo-a-madero\/#primaryimage"},"thumbnailUrl":"https:\/\/centrourbano.com\/revista\/wp-content\/uploads\/ipn-3.jpg","datePublished":"2018-12-06T19:32:26+00:00","description":"En este documento se muestran los lugares de mayor riesgo para la comunidad, con falta de luminarias y c\u00e1maras de seguridad, en donde se requieren se\u00f1alamientos y presencia policiaca","breadcrumb":{"@id":"https:\/\/centrourbano.com\/revista\/urbanismo\/ipn-presenta-su-atlas-de-riesgo-a-la-alcaldia-gustavo-a-madero\/#breadcrumb"},"inLanguage":"es","potentialAction":[{"@type":"ReadAction","target":["https:\/\/centrourbano.com\/revista\/urbanismo\/ipn-presenta-su-atlas-de-riesgo-a-la-alcaldia-gustavo-a-madero\/"]}]},{"@type":"ImageObject","inLanguage":"es","@id":"https:\/\/centrourbano.com\/revista\/urbanismo\/ipn-presenta-su-atlas-de-riesgo-a-la-alcaldia-gustavo-a-madero\/#primaryimage","url":"https:\/\/centrourbano.com\/revista\/wp-content\/uploads\/ipn-3.jpg","contentUrl":"https:\/\/centrourbano.com\/revista\/wp-content\/uploads\/ipn-3.jpg","width":1053,"height":727,"caption":"En este documento se muestran los lugares de mayor riesgo para la comunidad, con falta de luminarias y c\u00e1maras de seguridad, en donde se requieren se\u00f1alamientos y presencia policiaca"},{"@type":"BreadcrumbList","@id":"https:\/\/centrourbano.com\/revista\/urbanismo\/ipn-presenta-su-atlas-de-riesgo-a-la-alcaldia-gustavo-a-madero\/#breadcrumb","itemListElement":[{"@type":"ListItem","position":1,"name":"Portada","item":"https:\/\/centrourbano.com\/revista\/"},{"@type":"ListItem","position":2,"name":"IPN presenta su atlas de riesgo a la Alcald\u00eda Gustavo A. Madero"}]},{"@type":"WebSite","@id":"https:\/\/centrourbano.com\/revista\/#website","url":"https:\/\/centrourbano.com\/revista\/","name":"Centro Urbano","description":"Medio especializado en los sectores vivienda, inmobiliario, construcci\u00f3n, arquitectura y urbanismo.","publisher":{"@id":"https:\/\/centrourbano.com\/revista\/#organization"},"potentialAction":[{"@type":"SearchAction","target":{"@type":"EntryPoint","urlTemplate":"https:\/\/centrourbano.com\/revista\/?s={search_term_string}"},"query-input":{"@type":"PropertyValueSpecification","valueRequired":true,"valueName":"search_term_string"}}],"inLanguage":"es"},{"@type":"Organization","@id":"https:\/\/centrourbano.com\/revista\/#organization","name":"Centro Urbano","url":"https:\/\/centrourbano.com\/revista\/","logo":{"@type":"ImageObject","inLanguage":"es","@id":"https:\/\/centrourbano.com\/revista\/#\/schema\/logo\/image\/","url":"https:\/\/centrourbano.com\/revista\/wp-content\/uploads\/web_CU_logo-1.png","contentUrl":"https:\/\/centrourbano.com\/revista\/wp-content\/uploads\/web_CU_logo-1.png","width":350,"height":91,"caption":"Centro Urbano"},"image":{"@id":"https:\/\/centrourbano.com\/revista\/#\/schema\/logo\/image\/"},"sameAs":["https:\/\/www.facebook.com\/portalcentrourbano","https:\/\/x.com\/CentroUrbano","https:\/\/www.instagram.com\/centro_urbano\/","https:\/\/www.linkedin.com\/company\/centro-urbano\/","http:\/\/www.youtube.com\/user\/portalcentrourbano"]},{"@type":"Person","@id":"https:\/\/centrourbano.com\/revista\/#\/schema\/person\/0078cc38e7741cee277ba26c6e7850cc","name":"Karen Maqueda","image":{"@type":"ImageObject","inLanguage":"es","@id":"https:\/\/secure.gravatar.com\/avatar\/25062b07ca71c6bd5068308d24c2324f5aa6ebaf89f15e1c4626733ec947023e?s=96&d=mm&r=g","url":"https:\/\/secure.gravatar.com\/avatar\/25062b07ca71c6bd5068308d24c2324f5aa6ebaf89f15e1c4626733ec947023e?s=96&d=mm&r=g","contentUrl":"https:\/\/secure.gravatar.com\/avatar\/25062b07ca71c6bd5068308d24c2324f5aa6ebaf89f15e1c4626733ec947023e?s=96&d=mm&r=g","caption":"Karen Maqueda"},"url":"https:\/\/centrourbano.com\/revista\/author\/karenm\/"}]}},"_links":{"self":[{"href":"https:\/\/centrourbano.com\/revista\/wp-json\/wp\/v2\/posts\/82983","targetHints":{"allow":["GET"]}}],"collection":[{"href":"https:\/\/centrourbano.com\/revista\/wp-json\/wp\/v2\/posts"}],"about":[{"href":"https:\/\/centrourbano.com\/revista\/wp-json\/wp\/v2\/types\/post"}],"author":[{"embeddable":true,"href":"https:\/\/centrourbano.com\/revista\/wp-json\/wp\/v2\/users\/70"}],"replies":[{"embeddable":true,"href":"https:\/\/centrourbano.com\/revista\/wp-json\/wp\/v2\/comments?post=82983"}],"version-history":[{"count":4,"href":"https:\/\/centrourbano.com\/revista\/wp-json\/wp\/v2\/posts\/82983\/revisions"}],"predecessor-version":[{"id":82992,"href":"https:\/\/centrourbano.com\/revista\/wp-json\/wp\/v2\/posts\/82983\/revisions\/82992"}],"wp:featuredmedia":[{"embeddable":true,"href":"https:\/\/centrourbano.com\/revista\/wp-json\/wp\/v2\/media\/82987"}],"wp:attachment":[{"href":"https:\/\/centrourbano.com\/revista\/wp-json\/wp\/v2\/media?parent=82983"}],"wp:term":[{"taxonomy":"category","embeddable":true,"href":"https:\/\/centrourbano.com\/revista\/wp-json\/wp\/v2\/categories?post=82983"},{"taxonomy":"post_tag","embeddable":true,"href":"https:\/\/centrourbano.com\/revista\/wp-json\/wp\/v2\/tags?post=82983"}],"curies":[{"name":"wp","href":"https:\/\/api.w.org\/{rel}","templated":true}]}}