{"id":82981,"date":"2018-12-06T13:03:05","date_gmt":"2018-12-06T19:03:05","guid":{"rendered":"https:\/\/centrourbano.com\/?p=82981"},"modified":"2018-12-06T13:03:05","modified_gmt":"2018-12-06T19:03:05","slug":"instituciones-mexicanas-contribuiran-a-rehabilitar-el-museo-nacional-de-brasil","status":"publish","type":"post","link":"https:\/\/centrourbano.com\/revista\/arquitectura-2\/instituciones-mexicanas-contribuiran-a-rehabilitar-el-museo-nacional-de-brasil\/","title":{"rendered":"Instituciones mexicanas contribuir\u00e1n a rehabilitar el Museo Nacional de Brasil"},"content":{"rendered":"<p><em>Para la reestructura de este recinto, se cuenta con el apoyo de todos los especialistas del INAH, entre arquitectos, muse\u00f3grafos, restauradores y antrop\u00f3logos<\/em><!--more--><\/p>\n<p>Como parte de las acciones que se llevan a cabo para rehabilitar el\u00a0<strong>Museo Nacional de Brasil<\/strong>, en R\u00edo de Janeiro, se cre\u00f3 la\u00a0Red Solidaria por la Reconstrucci\u00f3n del Museo Nacional de Brasil &#8211; Universidad Federal de R\u00edo de Janeiro (UFRJ), en la cual participan instituciones\u00a0mexicanas de cultura\u00a0como\u00a0como el <strong>Instituto Nacional de Antropolog\u00eda e Historia<\/strong> (INAH), la <strong>Secretar\u00eda de Cultura de la Ciudad de M\u00e9xico<\/strong> y el <strong>Museo de Arte Popular<\/strong> (MAP).<\/p>\n<p>Cabe recordar que, en septiembre pasado, un incendio en este recinto caus\u00f3\u00a0una de las m\u00e1s grandes cat\u00e1strofes culturales en la historia de la naci\u00f3n sudamericana y del mundo, por lo que la creaci\u00f3n de esta red pretende\u00a0unir el apoyo de diversas naciones e instituciones.<\/p>\n<a href=\"https:\/\/centrourbano.com\/revista\/wp-content\/uploads\/Instituciones-mexicanas-contribuir\u00e1n-a-rehabilitar-el-Museo-Nacional-de-Brasil-2.jpg\"><img loading=\"lazy\" decoding=\"async\" class=\"size-full wp-image-82984 aligncenter\" src=\"https:\/\/centrourbano.com\/revista\/wp-content\/uploads\/Instituciones-mexicanas-contribuir\u00e1n-a-rehabilitar-el-Museo-Nacional-de-Brasil-2.jpg\" alt=\"\" width=\"800\" height=\"450\" srcset=\"https:\/\/centrourbano.com\/revista\/wp-content\/uploads\/Instituciones-mexicanas-contribuir\u00e1n-a-rehabilitar-el-Museo-Nacional-de-Brasil-2.jpg 800w, https:\/\/centrourbano.com\/revista\/wp-content\/uploads\/Instituciones-mexicanas-contribuir\u00e1n-a-rehabilitar-el-Museo-Nacional-de-Brasil-2-300x169.jpg 300w, https:\/\/centrourbano.com\/revista\/wp-content\/uploads\/Instituciones-mexicanas-contribuir\u00e1n-a-rehabilitar-el-Museo-Nacional-de-Brasil-2-768x432.jpg 768w\" sizes=\"auto, (max-width: 800px) 100vw, 800px\" \/><\/a>\n<p>En el caso espec\u00edfico de M\u00e9xico, se permitir\u00e1 intercambiar experiencias con especialistas, muchos de ellos involucrados en el rescate de los bienes patrimoniales afectados por los sismos de 2017, y llevar las mejores pr\u00e1cticas al proyecto ejecutivo del museo, actualmente en desarrollo.<\/p>\n<p>Asimismo, se busca generar nuevas investigaciones de orden arqueol\u00f3gico, antropol\u00f3gico, biol\u00f3gico y cient\u00edfico en su naci\u00f3n,\u00a0as\u00ed como reformular la vocaci\u00f3n del recinto para darle un enfoque m\u00e1s latinoamericano y mexicano.<\/p>\n<p>Para ello, en el marco de la reestructura de de dicho museo, se cuenta con el apoyo de todos los especialistas del INAH, entre arquitectos, muse\u00f3grafos, restauradores y antrop\u00f3logos, por mencionar algunos.<\/p>\n<p>Trasciende que, tras lo ocurrido en este recinto, se registraron dos millones de piezas que sobrevivieron al fuego, y que representan 10% del acervo original del museo. De dichas piezas destaca el meteorito Bendeg\u00f3 y los restos \u00f3seos de \u2018Luc\u00eda\u2019,\u00a0los cuales, con m\u00e1s de 10,000 a\u00f1os, son considerados de los m\u00e1s antiguos en Am\u00e9rica\u00ad.\u00a0\u00c9stas\u00a0ya son atendidas por un proyecto de reconstrucci\u00f3n y reorganizaci\u00f3n iniciado en octubre.<\/p>\n<p>Desde aquel incidente, y debido a la importancia hist\u00f3rica y patrimonial que resguarda el\u00a0Museo Nacional de Brasil, se han emprendido diversas acciones y conjuntado esfuerzos por revitalizar aquel espacio y dotarle no s\u00f3lo de una nueva colecci\u00f3n, sino de una renovada vocaci\u00f3n cient\u00edfica, patrimonial y muse\u00edstica.<\/p>\n<p>&nbsp;<\/p>\n<p>&nbsp;<\/p>\n<p>&nbsp;<\/p>\n","protected":false},"excerpt":{"rendered":"<p>Para la reestructura de este recinto, se cuenta con el apoyo de todos los especialistas del INAH, entre arquitectos, muse\u00f3grafos, restauradores y antrop\u00f3logos<\/p>\n","protected":false},"author":9,"featured_media":82985,"comment_status":"open","ping_status":"closed","sticky":false,"template":"","format":"standard","meta":{"om_disable_all_campaigns":false,"inline_featured_image":false,"_monsterinsights_skip_tracking":false,"_monsterinsights_sitenote_active":false,"_monsterinsights_sitenote_note":"","_monsterinsights_sitenote_category":0,"footnotes":""},"categories":[81],"tags":[671,7758,8094,14992,8928],"class_list":["post-82981","post","type-post","status-publish","format-standard","has-post-thumbnail","hentry","category-arquitectura-2","tag-inah","tag-instituto-nacional-de-antropologia-e-historia","tag-museo-de-arte-popular","tag-museo-nacional-de-brasil","tag-secretaria-de-cultura-de-la-ciudad-de-mexico"],"yoast_head":"<!-- This site is optimized with the Yoast SEO plugin v27.4 - https:\/\/yoast.com\/product\/yoast-seo-wordpress\/ -->\n<title>Instituciones mexicanas contribuir\u00e1n a rehabilitar el Museo Nacional de Brasil<\/title>\n<meta name=\"description\" content=\"Para la reestructura de este recinto, se cuenta con el apoyo de todos los especialistas del INAH, entre arquitectos, muse\u00f3grafos, restauradores y antrop\u00f3logos\" \/>\n<meta name=\"robots\" content=\"index, follow, max-snippet:-1, max-image-preview:large, max-video-preview:-1\" \/>\n<link rel=\"canonical\" href=\"https:\/\/centrourbano.com\/revista\/arquitectura-2\/instituciones-mexicanas-contribuiran-a-rehabilitar-el-museo-nacional-de-brasil\/\" \/>\n<meta property=\"og:locale\" content=\"es_ES\" \/>\n<meta property=\"og:type\" content=\"article\" \/>\n<meta property=\"og:title\" content=\"Instituciones mexicanas contribuir\u00e1n a rehabilitar el Museo Nacional de Brasil\" \/>\n<meta property=\"og:description\" content=\"Para la reestructura de este recinto, se cuenta con el apoyo de todos los especialistas del INAH, entre arquitectos, muse\u00f3grafos, restauradores y antrop\u00f3logos\" \/>\n<meta property=\"og:url\" content=\"https:\/\/centrourbano.com\/revista\/arquitectura-2\/instituciones-mexicanas-contribuiran-a-rehabilitar-el-museo-nacional-de-brasil\/\" \/>\n<meta property=\"og:site_name\" content=\"Centro Urbano\" \/>\n<meta property=\"article:publisher\" content=\"https:\/\/www.facebook.com\/portalcentrourbano\" \/>\n<meta property=\"article:published_time\" content=\"2018-12-06T19:03:05+00:00\" \/>\n<meta property=\"og:image\" content=\"https:\/\/centrourbano.com\/revista\/wp-content\/uploads\/Instituciones-mexicanas-contribuir\u00e1n-a-rehabilitar-el-Museo-Nacional-de-Brasil.jpg\" \/>\n\t<meta property=\"og:image:width\" content=\"800\" \/>\n\t<meta property=\"og:image:height\" content=\"580\" \/>\n\t<meta property=\"og:image:type\" content=\"image\/jpeg\" \/>\n<meta name=\"author\" content=\"Dinorah Nava\" \/>\n<meta name=\"twitter:card\" content=\"summary_large_image\" \/>\n<meta name=\"twitter:creator\" content=\"@https:\/\/twitter.com\/Dinorah_Nava28\" \/>\n<meta name=\"twitter:site\" content=\"@CentroUrbano\" \/>\n<meta name=\"twitter:label1\" content=\"Escrito por\" \/>\n\t<meta name=\"twitter:data1\" content=\"Dinorah Nava\" \/>\n\t<meta name=\"twitter:label2\" content=\"Tiempo de lectura\" \/>\n\t<meta name=\"twitter:data2\" content=\"2 minutos\" \/>\n<script type=\"application\/ld+json\" class=\"yoast-schema-graph\">{\"@context\":\"https:\\\/\\\/schema.org\",\"@graph\":[{\"@type\":\"Article\",\"@id\":\"https:\\\/\\\/centrourbano.com\\\/revista\\\/arquitectura-2\\\/instituciones-mexicanas-contribuiran-a-rehabilitar-el-museo-nacional-de-brasil\\\/#article\",\"isPartOf\":{\"@id\":\"https:\\\/\\\/centrourbano.com\\\/revista\\\/arquitectura-2\\\/instituciones-mexicanas-contribuiran-a-rehabilitar-el-museo-nacional-de-brasil\\\/\"},\"author\":{\"name\":\"Dinorah Nava\",\"@id\":\"https:\\\/\\\/centrourbano.com\\\/revista\\\/#\\\/schema\\\/person\\\/b45db815d96831257ba428a3d5a5fbdc\"},\"headline\":\"Instituciones mexicanas contribuir\u00e1n a rehabilitar el Museo Nacional de Brasil\",\"datePublished\":\"2018-12-06T19:03:05+00:00\",\"mainEntityOfPage\":{\"@id\":\"https:\\\/\\\/centrourbano.com\\\/revista\\\/arquitectura-2\\\/instituciones-mexicanas-contribuiran-a-rehabilitar-el-museo-nacional-de-brasil\\\/\"},\"wordCount\":414,\"commentCount\":0,\"publisher\":{\"@id\":\"https:\\\/\\\/centrourbano.com\\\/revista\\\/#organization\"},\"image\":{\"@id\":\"https:\\\/\\\/centrourbano.com\\\/revista\\\/arquitectura-2\\\/instituciones-mexicanas-contribuiran-a-rehabilitar-el-museo-nacional-de-brasil\\\/#primaryimage\"},\"thumbnailUrl\":\"https:\\\/\\\/centrourbano.com\\\/revista\\\/wp-content\\\/uploads\\\/Instituciones-mexicanas-contribuir\u00e1n-a-rehabilitar-el-Museo-Nacional-de-Brasil.jpg\",\"keywords\":[\"INAH\",\"Instituto Nacional de Antropolog\u00eda e Historia\",\"Museo de Arte Popular\",\"Museo Nacional de Brasil\",\"Secretaria de Cultura de la Ciudad de M\u00e9xico\"],\"articleSection\":[\"Arquitectura\"],\"inLanguage\":\"es\",\"potentialAction\":[{\"@type\":\"CommentAction\",\"name\":\"Comment\",\"target\":[\"https:\\\/\\\/centrourbano.com\\\/revista\\\/arquitectura-2\\\/instituciones-mexicanas-contribuiran-a-rehabilitar-el-museo-nacional-de-brasil\\\/#respond\"]}]},{\"@type\":\"WebPage\",\"@id\":\"https:\\\/\\\/centrourbano.com\\\/revista\\\/arquitectura-2\\\/instituciones-mexicanas-contribuiran-a-rehabilitar-el-museo-nacional-de-brasil\\\/\",\"url\":\"https:\\\/\\\/centrourbano.com\\\/revista\\\/arquitectura-2\\\/instituciones-mexicanas-contribuiran-a-rehabilitar-el-museo-nacional-de-brasil\\\/\",\"name\":\"Instituciones mexicanas contribuir\u00e1n a rehabilitar el Museo Nacional de Brasil\",\"isPartOf\":{\"@id\":\"https:\\\/\\\/centrourbano.com\\\/revista\\\/#website\"},\"primaryImageOfPage\":{\"@id\":\"https:\\\/\\\/centrourbano.com\\\/revista\\\/arquitectura-2\\\/instituciones-mexicanas-contribuiran-a-rehabilitar-el-museo-nacional-de-brasil\\\/#primaryimage\"},\"image\":{\"@id\":\"https:\\\/\\\/centrourbano.com\\\/revista\\\/arquitectura-2\\\/instituciones-mexicanas-contribuiran-a-rehabilitar-el-museo-nacional-de-brasil\\\/#primaryimage\"},\"thumbnailUrl\":\"https:\\\/\\\/centrourbano.com\\\/revista\\\/wp-content\\\/uploads\\\/Instituciones-mexicanas-contribuir\u00e1n-a-rehabilitar-el-Museo-Nacional-de-Brasil.jpg\",\"datePublished\":\"2018-12-06T19:03:05+00:00\",\"description\":\"Para la reestructura de este recinto, se cuenta con el apoyo de todos los especialistas del INAH, entre arquitectos, muse\u00f3grafos, restauradores y antrop\u00f3logos\",\"breadcrumb\":{\"@id\":\"https:\\\/\\\/centrourbano.com\\\/revista\\\/arquitectura-2\\\/instituciones-mexicanas-contribuiran-a-rehabilitar-el-museo-nacional-de-brasil\\\/#breadcrumb\"},\"inLanguage\":\"es\",\"potentialAction\":[{\"@type\":\"ReadAction\",\"target\":[\"https:\\\/\\\/centrourbano.com\\\/revista\\\/arquitectura-2\\\/instituciones-mexicanas-contribuiran-a-rehabilitar-el-museo-nacional-de-brasil\\\/\"]}]},{\"@type\":\"ImageObject\",\"inLanguage\":\"es\",\"@id\":\"https:\\\/\\\/centrourbano.com\\\/revista\\\/arquitectura-2\\\/instituciones-mexicanas-contribuiran-a-rehabilitar-el-museo-nacional-de-brasil\\\/#primaryimage\",\"url\":\"https:\\\/\\\/centrourbano.com\\\/revista\\\/wp-content\\\/uploads\\\/Instituciones-mexicanas-contribuir\u00e1n-a-rehabilitar-el-Museo-Nacional-de-Brasil.jpg\",\"contentUrl\":\"https:\\\/\\\/centrourbano.com\\\/revista\\\/wp-content\\\/uploads\\\/Instituciones-mexicanas-contribuir\u00e1n-a-rehabilitar-el-Museo-Nacional-de-Brasil.jpg\",\"width\":800,\"height\":580},{\"@type\":\"BreadcrumbList\",\"@id\":\"https:\\\/\\\/centrourbano.com\\\/revista\\\/arquitectura-2\\\/instituciones-mexicanas-contribuiran-a-rehabilitar-el-museo-nacional-de-brasil\\\/#breadcrumb\",\"itemListElement\":[{\"@type\":\"ListItem\",\"position\":1,\"name\":\"Portada\",\"item\":\"https:\\\/\\\/centrourbano.com\\\/revista\\\/\"},{\"@type\":\"ListItem\",\"position\":2,\"name\":\"Instituciones mexicanas contribuir\u00e1n a rehabilitar el Museo Nacional de Brasil\"}]},{\"@type\":\"WebSite\",\"@id\":\"https:\\\/\\\/centrourbano.com\\\/revista\\\/#website\",\"url\":\"https:\\\/\\\/centrourbano.com\\\/revista\\\/\",\"name\":\"Centro Urbano\",\"description\":\"Medio especializado en los sectores vivienda, inmobiliario, construcci\u00f3n, arquitectura y urbanismo.\",\"publisher\":{\"@id\":\"https:\\\/\\\/centrourbano.com\\\/revista\\\/#organization\"},\"potentialAction\":[{\"@type\":\"SearchAction\",\"target\":{\"@type\":\"EntryPoint\",\"urlTemplate\":\"https:\\\/\\\/centrourbano.com\\\/revista\\\/?s={search_term_string}\"},\"query-input\":{\"@type\":\"PropertyValueSpecification\",\"valueRequired\":true,\"valueName\":\"search_term_string\"}}],\"inLanguage\":\"es\"},{\"@type\":\"Organization\",\"@id\":\"https:\\\/\\\/centrourbano.com\\\/revista\\\/#organization\",\"name\":\"Centro Urbano\",\"url\":\"https:\\\/\\\/centrourbano.com\\\/revista\\\/\",\"logo\":{\"@type\":\"ImageObject\",\"inLanguage\":\"es\",\"@id\":\"https:\\\/\\\/centrourbano.com\\\/revista\\\/#\\\/schema\\\/logo\\\/image\\\/\",\"url\":\"https:\\\/\\\/centrourbano.com\\\/revista\\\/wp-content\\\/uploads\\\/web_CU_logo-1.png\",\"contentUrl\":\"https:\\\/\\\/centrourbano.com\\\/revista\\\/wp-content\\\/uploads\\\/web_CU_logo-1.png\",\"width\":350,\"height\":91,\"caption\":\"Centro Urbano\"},\"image\":{\"@id\":\"https:\\\/\\\/centrourbano.com\\\/revista\\\/#\\\/schema\\\/logo\\\/image\\\/\"},\"sameAs\":[\"https:\\\/\\\/www.facebook.com\\\/portalcentrourbano\",\"https:\\\/\\\/x.com\\\/CentroUrbano\",\"https:\\\/\\\/www.instagram.com\\\/centro_urbano\\\/\",\"https:\\\/\\\/www.linkedin.com\\\/company\\\/centro-urbano\\\/\",\"http:\\\/\\\/www.youtube.com\\\/user\\\/portalcentrourbano\"]},{\"@type\":\"Person\",\"@id\":\"https:\\\/\\\/centrourbano.com\\\/revista\\\/#\\\/schema\\\/person\\\/b45db815d96831257ba428a3d5a5fbdc\",\"name\":\"Dinorah Nava\",\"image\":{\"@type\":\"ImageObject\",\"inLanguage\":\"es\",\"@id\":\"https:\\\/\\\/secure.gravatar.com\\\/avatar\\\/f6ca6430c51d147f363940f84e1225aa4b8183885c11802cc3b042305a4ecc1a?s=96&d=mm&r=g\",\"url\":\"https:\\\/\\\/secure.gravatar.com\\\/avatar\\\/f6ca6430c51d147f363940f84e1225aa4b8183885c11802cc3b042305a4ecc1a?s=96&d=mm&r=g\",\"contentUrl\":\"https:\\\/\\\/secure.gravatar.com\\\/avatar\\\/f6ca6430c51d147f363940f84e1225aa4b8183885c11802cc3b042305a4ecc1a?s=96&d=mm&r=g\",\"caption\":\"Dinorah Nava\"},\"description\":\"Editora de Contenidos y Estrategias Digitales en Centro Urbano y Coeditora en Peri\u00f3dico Mi Casa. Egresada de la licenciatura en Comunicaci\u00f3n y Periodismo de la Facultad de Estudios Superiores Arag\u00f3n (UNAM). Amante de la edici\u00f3n y correcci\u00f3n de estilo, las redes sociales y el mundo digital. Especialista en temas son arquitectura, inmobiliario y urbanismo.\",\"sameAs\":[\"linkedin.com\\\/in\\\/dinorah-nava\",\"https:\\\/\\\/x.com\\\/https:\\\/\\\/twitter.com\\\/Dinorah_Nava28\"],\"url\":\"https:\\\/\\\/centrourbano.com\\\/revista\\\/author\\\/dinorah-nava\\\/\"}]}<\/script>\n<!-- \/ Yoast SEO plugin. -->","yoast_head_json":{"title":"Instituciones mexicanas contribuir\u00e1n a rehabilitar el Museo Nacional de Brasil","description":"Para la reestructura de este recinto, se cuenta con el apoyo de todos los especialistas del INAH, entre arquitectos, muse\u00f3grafos, restauradores y antrop\u00f3logos","robots":{"index":"index","follow":"follow","max-snippet":"max-snippet:-1","max-image-preview":"max-image-preview:large","max-video-preview":"max-video-preview:-1"},"canonical":"https:\/\/centrourbano.com\/revista\/arquitectura-2\/instituciones-mexicanas-contribuiran-a-rehabilitar-el-museo-nacional-de-brasil\/","og_locale":"es_ES","og_type":"article","og_title":"Instituciones mexicanas contribuir\u00e1n a rehabilitar el Museo Nacional de Brasil","og_description":"Para la reestructura de este recinto, se cuenta con el apoyo de todos los especialistas del INAH, entre arquitectos, muse\u00f3grafos, restauradores y antrop\u00f3logos","og_url":"https:\/\/centrourbano.com\/revista\/arquitectura-2\/instituciones-mexicanas-contribuiran-a-rehabilitar-el-museo-nacional-de-brasil\/","og_site_name":"Centro Urbano","article_publisher":"https:\/\/www.facebook.com\/portalcentrourbano","article_published_time":"2018-12-06T19:03:05+00:00","og_image":[{"width":800,"height":580,"url":"https:\/\/centrourbano.com\/revista\/wp-content\/uploads\/Instituciones-mexicanas-contribuir\u00e1n-a-rehabilitar-el-Museo-Nacional-de-Brasil.jpg","type":"image\/jpeg"}],"author":"Dinorah Nava","twitter_card":"summary_large_image","twitter_creator":"@https:\/\/twitter.com\/Dinorah_Nava28","twitter_site":"@CentroUrbano","twitter_misc":{"Escrito por":"Dinorah Nava","Tiempo de lectura":"2 minutos"},"schema":{"@context":"https:\/\/schema.org","@graph":[{"@type":"Article","@id":"https:\/\/centrourbano.com\/revista\/arquitectura-2\/instituciones-mexicanas-contribuiran-a-rehabilitar-el-museo-nacional-de-brasil\/#article","isPartOf":{"@id":"https:\/\/centrourbano.com\/revista\/arquitectura-2\/instituciones-mexicanas-contribuiran-a-rehabilitar-el-museo-nacional-de-brasil\/"},"author":{"name":"Dinorah Nava","@id":"https:\/\/centrourbano.com\/revista\/#\/schema\/person\/b45db815d96831257ba428a3d5a5fbdc"},"headline":"Instituciones mexicanas contribuir\u00e1n a rehabilitar el Museo Nacional de Brasil","datePublished":"2018-12-06T19:03:05+00:00","mainEntityOfPage":{"@id":"https:\/\/centrourbano.com\/revista\/arquitectura-2\/instituciones-mexicanas-contribuiran-a-rehabilitar-el-museo-nacional-de-brasil\/"},"wordCount":414,"commentCount":0,"publisher":{"@id":"https:\/\/centrourbano.com\/revista\/#organization"},"image":{"@id":"https:\/\/centrourbano.com\/revista\/arquitectura-2\/instituciones-mexicanas-contribuiran-a-rehabilitar-el-museo-nacional-de-brasil\/#primaryimage"},"thumbnailUrl":"https:\/\/centrourbano.com\/revista\/wp-content\/uploads\/Instituciones-mexicanas-contribuir\u00e1n-a-rehabilitar-el-Museo-Nacional-de-Brasil.jpg","keywords":["INAH","Instituto Nacional de Antropolog\u00eda e Historia","Museo de Arte Popular","Museo Nacional de Brasil","Secretaria de Cultura de la Ciudad de M\u00e9xico"],"articleSection":["Arquitectura"],"inLanguage":"es","potentialAction":[{"@type":"CommentAction","name":"Comment","target":["https:\/\/centrourbano.com\/revista\/arquitectura-2\/instituciones-mexicanas-contribuiran-a-rehabilitar-el-museo-nacional-de-brasil\/#respond"]}]},{"@type":"WebPage","@id":"https:\/\/centrourbano.com\/revista\/arquitectura-2\/instituciones-mexicanas-contribuiran-a-rehabilitar-el-museo-nacional-de-brasil\/","url":"https:\/\/centrourbano.com\/revista\/arquitectura-2\/instituciones-mexicanas-contribuiran-a-rehabilitar-el-museo-nacional-de-brasil\/","name":"Instituciones mexicanas contribuir\u00e1n a rehabilitar el Museo Nacional de Brasil","isPartOf":{"@id":"https:\/\/centrourbano.com\/revista\/#website"},"primaryImageOfPage":{"@id":"https:\/\/centrourbano.com\/revista\/arquitectura-2\/instituciones-mexicanas-contribuiran-a-rehabilitar-el-museo-nacional-de-brasil\/#primaryimage"},"image":{"@id":"https:\/\/centrourbano.com\/revista\/arquitectura-2\/instituciones-mexicanas-contribuiran-a-rehabilitar-el-museo-nacional-de-brasil\/#primaryimage"},"thumbnailUrl":"https:\/\/centrourbano.com\/revista\/wp-content\/uploads\/Instituciones-mexicanas-contribuir\u00e1n-a-rehabilitar-el-Museo-Nacional-de-Brasil.jpg","datePublished":"2018-12-06T19:03:05+00:00","description":"Para la reestructura de este recinto, se cuenta con el apoyo de todos los especialistas del INAH, entre arquitectos, muse\u00f3grafos, restauradores y antrop\u00f3logos","breadcrumb":{"@id":"https:\/\/centrourbano.com\/revista\/arquitectura-2\/instituciones-mexicanas-contribuiran-a-rehabilitar-el-museo-nacional-de-brasil\/#breadcrumb"},"inLanguage":"es","potentialAction":[{"@type":"ReadAction","target":["https:\/\/centrourbano.com\/revista\/arquitectura-2\/instituciones-mexicanas-contribuiran-a-rehabilitar-el-museo-nacional-de-brasil\/"]}]},{"@type":"ImageObject","inLanguage":"es","@id":"https:\/\/centrourbano.com\/revista\/arquitectura-2\/instituciones-mexicanas-contribuiran-a-rehabilitar-el-museo-nacional-de-brasil\/#primaryimage","url":"https:\/\/centrourbano.com\/revista\/wp-content\/uploads\/Instituciones-mexicanas-contribuir\u00e1n-a-rehabilitar-el-Museo-Nacional-de-Brasil.jpg","contentUrl":"https:\/\/centrourbano.com\/revista\/wp-content\/uploads\/Instituciones-mexicanas-contribuir\u00e1n-a-rehabilitar-el-Museo-Nacional-de-Brasil.jpg","width":800,"height":580},{"@type":"BreadcrumbList","@id":"https:\/\/centrourbano.com\/revista\/arquitectura-2\/instituciones-mexicanas-contribuiran-a-rehabilitar-el-museo-nacional-de-brasil\/#breadcrumb","itemListElement":[{"@type":"ListItem","position":1,"name":"Portada","item":"https:\/\/centrourbano.com\/revista\/"},{"@type":"ListItem","position":2,"name":"Instituciones mexicanas contribuir\u00e1n a rehabilitar el Museo Nacional de Brasil"}]},{"@type":"WebSite","@id":"https:\/\/centrourbano.com\/revista\/#website","url":"https:\/\/centrourbano.com\/revista\/","name":"Centro Urbano","description":"Medio especializado en los sectores vivienda, inmobiliario, construcci\u00f3n, arquitectura y urbanismo.","publisher":{"@id":"https:\/\/centrourbano.com\/revista\/#organization"},"potentialAction":[{"@type":"SearchAction","target":{"@type":"EntryPoint","urlTemplate":"https:\/\/centrourbano.com\/revista\/?s={search_term_string}"},"query-input":{"@type":"PropertyValueSpecification","valueRequired":true,"valueName":"search_term_string"}}],"inLanguage":"es"},{"@type":"Organization","@id":"https:\/\/centrourbano.com\/revista\/#organization","name":"Centro Urbano","url":"https:\/\/centrourbano.com\/revista\/","logo":{"@type":"ImageObject","inLanguage":"es","@id":"https:\/\/centrourbano.com\/revista\/#\/schema\/logo\/image\/","url":"https:\/\/centrourbano.com\/revista\/wp-content\/uploads\/web_CU_logo-1.png","contentUrl":"https:\/\/centrourbano.com\/revista\/wp-content\/uploads\/web_CU_logo-1.png","width":350,"height":91,"caption":"Centro Urbano"},"image":{"@id":"https:\/\/centrourbano.com\/revista\/#\/schema\/logo\/image\/"},"sameAs":["https:\/\/www.facebook.com\/portalcentrourbano","https:\/\/x.com\/CentroUrbano","https:\/\/www.instagram.com\/centro_urbano\/","https:\/\/www.linkedin.com\/company\/centro-urbano\/","http:\/\/www.youtube.com\/user\/portalcentrourbano"]},{"@type":"Person","@id":"https:\/\/centrourbano.com\/revista\/#\/schema\/person\/b45db815d96831257ba428a3d5a5fbdc","name":"Dinorah Nava","image":{"@type":"ImageObject","inLanguage":"es","@id":"https:\/\/secure.gravatar.com\/avatar\/f6ca6430c51d147f363940f84e1225aa4b8183885c11802cc3b042305a4ecc1a?s=96&d=mm&r=g","url":"https:\/\/secure.gravatar.com\/avatar\/f6ca6430c51d147f363940f84e1225aa4b8183885c11802cc3b042305a4ecc1a?s=96&d=mm&r=g","contentUrl":"https:\/\/secure.gravatar.com\/avatar\/f6ca6430c51d147f363940f84e1225aa4b8183885c11802cc3b042305a4ecc1a?s=96&d=mm&r=g","caption":"Dinorah Nava"},"description":"Editora de Contenidos y Estrategias Digitales en Centro Urbano y Coeditora en Peri\u00f3dico Mi Casa. Egresada de la licenciatura en Comunicaci\u00f3n y Periodismo de la Facultad de Estudios Superiores Arag\u00f3n (UNAM). Amante de la edici\u00f3n y correcci\u00f3n de estilo, las redes sociales y el mundo digital. Especialista en temas son arquitectura, inmobiliario y urbanismo.","sameAs":["linkedin.com\/in\/dinorah-nava","https:\/\/x.com\/https:\/\/twitter.com\/Dinorah_Nava28"],"url":"https:\/\/centrourbano.com\/revista\/author\/dinorah-nava\/"}]}},"_links":{"self":[{"href":"https:\/\/centrourbano.com\/revista\/wp-json\/wp\/v2\/posts\/82981","targetHints":{"allow":["GET"]}}],"collection":[{"href":"https:\/\/centrourbano.com\/revista\/wp-json\/wp\/v2\/posts"}],"about":[{"href":"https:\/\/centrourbano.com\/revista\/wp-json\/wp\/v2\/types\/post"}],"author":[{"embeddable":true,"href":"https:\/\/centrourbano.com\/revista\/wp-json\/wp\/v2\/users\/9"}],"replies":[{"embeddable":true,"href":"https:\/\/centrourbano.com\/revista\/wp-json\/wp\/v2\/comments?post=82981"}],"version-history":[{"count":1,"href":"https:\/\/centrourbano.com\/revista\/wp-json\/wp\/v2\/posts\/82981\/revisions"}],"predecessor-version":[{"id":82986,"href":"https:\/\/centrourbano.com\/revista\/wp-json\/wp\/v2\/posts\/82981\/revisions\/82986"}],"wp:featuredmedia":[{"embeddable":true,"href":"https:\/\/centrourbano.com\/revista\/wp-json\/wp\/v2\/media\/82985"}],"wp:attachment":[{"href":"https:\/\/centrourbano.com\/revista\/wp-json\/wp\/v2\/media?parent=82981"}],"wp:term":[{"taxonomy":"category","embeddable":true,"href":"https:\/\/centrourbano.com\/revista\/wp-json\/wp\/v2\/categories?post=82981"},{"taxonomy":"post_tag","embeddable":true,"href":"https:\/\/centrourbano.com\/revista\/wp-json\/wp\/v2\/tags?post=82981"}],"curies":[{"name":"wp","href":"https:\/\/api.w.org\/{rel}","templated":true}]}}