{"id":82962,"date":"2018-12-05T15:14:41","date_gmt":"2018-12-05T21:14:41","guid":{"rendered":"https:\/\/centrourbano.com\/?p=82962"},"modified":"2018-12-05T16:44:59","modified_gmt":"2018-12-05T22:44:59","slug":"invertira-sheinbaum-5-mmdp-en-metro","status":"publish","type":"post","link":"https:\/\/centrourbano.com\/revista\/construccion\/invertira-sheinbaum-5-mmdp-en-metro\/","title":{"rendered":"Invertir\u00e1 Sheinbaum 5 mmdp en el Metro y Tren Ligero"},"content":{"rendered":"<p><em>La Jefa de Gobierno indic\u00f3 que la nueva administraci\u00f3n ampliar\u00e1 y mejorar\u00e1 la operaci\u00f3n de la red existente e impulsar\u00e1 proyectos de transporte masivo en diversas zonas de la capital<\/em><!--more--><\/p>\n<p>El gobierno de la <strong>Ciudad de M\u00e9xico<\/strong> apostar\u00e1 por la mejora en el transporte masivo para combatir el problema de la movilidad. Entre las acciones, se contempla una <strong>inversi\u00f3n <\/strong>de 5,000 millones de pesos para labores de mantenimiento y modernizaci\u00f3n del <strong>Sistema de Transporte Colectivo Metro<\/strong> y los diversos <strong>sistemas el\u00e9ctricos<\/strong>. <\/p>\n<p>As\u00ed lo dio a conocer la jefa de Gobierno de la Ciudad de M\u00e9xico, <strong>Claudia Sheinbaum<\/strong>, quien se\u00f1al\u00f3 que uno de los objetivos de la nueva administraci\u00f3n es mejorar y modernizar la red de transporte masivo en la capital mexicana. En ese sentido, explic\u00f3, no s\u00f3lo se apostar\u00e1 por mejorar y extender el sistema del <strong>Metro<\/strong> y <strong>Metrob\u00fas<\/strong>, sino que se impulsar\u00e1 la construcci\u00f3n de nuevos servicios como el <strong>Cableb\u00fas<\/strong>. <\/p>\n<p>Al tomar protesta a los integrantes de su gabinete, Sheinbaum destac\u00f3 que entre las acciones a desarrollar se encuentra la compra de 800 autobuses para <strong>RTP<\/strong>, as\u00ed como 1,000 <strong>trolebuses<\/strong>. A\u00f1adi\u00f3 que se impulsar\u00e1 la unificaci\u00f3n de los m\u00e9todos de pago de los sistemas de transporte capitalino. <\/p>\n<p>\u201cBuscaremos que los sistemas de transporte de las empresas de la ciudad, como metro y tren el\u00e9ctrico, tengan una sola forma de prepago que permita interconectividad (\u2026)<\/p>\n<p>\u201cSe destinar\u00e1n recursos para llevar a cabo un programa de mantenimiento intensivo, de modernizaci\u00f3n y repotenciaci\u00f3n del metro y el servicio de transporte el\u00e9ctrico, que los dignifique y los haga eficientes\u201d, se\u00f1al\u00f3. <\/p>\n<p>La Jefa de Gobierno destac\u00f3 que una de las metas ser\u00e1 ampliar y mejorar el servicio del Metrob\u00fas. Indic\u00f3 que se estudia la <strong>construcci\u00f3n<\/strong> de tres l\u00edneas m\u00e1s y se contempla la ampliaci\u00f3n de la L\u00ednea 5, la mejora en la operaci\u00f3n de la L\u00ednea 7, la <strong>ampliaci\u00f3n<\/strong> de la L\u00ednea 3 hasta Metro Zapata y la mejora en las <strong>estaciones<\/strong> El Caminero, Etiopia y F\u00e9lix Cuevas. <\/p>\n<p>Por otro lado, manifest\u00f3 que se impulsar\u00e1 el proyecto para concretar un sistema de transporte masivo que beneficie la zona de Iztapalapa e Ixtapaluca. Dijo que en 2019 se licitar\u00e1 la obra, que contar\u00e1 con el respaldo del gobierno Federal y del Estado de M\u00e9xico. <\/p>\n<p>Aunado a lo anterior, Sheinbaum expuso que se crear\u00e1 el sistema \u201cCablebus\u201d, con el que se beneficiar\u00e1 la conexi\u00f3n entre la periferia y el centro de la ciudad. Dijo que las l\u00edneas contempladas para este servicio son: Cuautepec-Gustavo A. Madero, proyecto que se licitar\u00e1 en enero de 2019; la de la Sierra de santa Catarina, que se licitar\u00e1 en julio del a\u00f1o entrante; Tlalpan-Picahco, que se contempla para enero de 2020 y \u00c1lvaro Obreg\u00f3n-Magdalena contreras, para junio de 2020.<\/p>\n","protected":false},"excerpt":{"rendered":"<p>La Jefa de Gobierno indic\u00f3 que la nueva administraci\u00f3n ampliar\u00e1 y mejorar\u00e1 la operaci\u00f3n de la red existente e impulsar\u00e1 proyectos de transporte masivo en diversas zonas de la capital<\/p>\n","protected":false},"author":47,"featured_media":46342,"comment_status":"open","ping_status":"closed","sticky":false,"template":"","format":"standard","meta":{"om_disable_all_campaigns":false,"inline_featured_image":false,"_monsterinsights_skip_tracking":false,"_monsterinsights_sitenote_active":false,"_monsterinsights_sitenote_note":"","_monsterinsights_sitenote_category":0,"footnotes":""},"categories":[14],"tags":[575,9807,32,160,1129,3340],"class_list":["post-82962","post","type-post","status-publish","format-standard","has-post-thumbnail","hentry","category-construccion","tag-cablebus","tag-claudia-sheinbaum-pardo","tag-metro","tag-metrobus","tag-sistema-de-transporte-colectivo-stc-metro","tag-transporte-masivo"],"yoast_head":"<!-- This site is optimized with the Yoast SEO plugin v27.4 - https:\/\/yoast.com\/product\/yoast-seo-wordpress\/ -->\n<title>Invertir\u00e1 Sheinbaum 5 mmdp en el Metro y Tren Ligero<\/title>\n<meta name=\"description\" content=\"La nueva administraci\u00f3n de la Ciudad de M\u00e9xico apostar\u00e1 por la mejora en el transporte masivo para combatir el problema de la movilidad.\" \/>\n<meta name=\"robots\" content=\"index, follow, max-snippet:-1, max-image-preview:large, max-video-preview:-1\" \/>\n<link rel=\"canonical\" href=\"https:\/\/centrourbano.com\/revista\/construccion\/invertira-sheinbaum-5-mmdp-en-metro\/\" \/>\n<meta property=\"og:locale\" content=\"es_ES\" \/>\n<meta property=\"og:type\" content=\"article\" \/>\n<meta property=\"og:title\" content=\"Invertir\u00e1 Sheinbaum 5 mmdp en el Metro y Tren Ligero\" \/>\n<meta property=\"og:description\" content=\"La nueva administraci\u00f3n de la Ciudad de M\u00e9xico apostar\u00e1 por la mejora en el transporte masivo para combatir el problema de la movilidad.\" \/>\n<meta property=\"og:url\" content=\"https:\/\/centrourbano.com\/revista\/construccion\/invertira-sheinbaum-5-mmdp-en-metro\/\" \/>\n<meta property=\"og:site_name\" content=\"Centro Urbano\" \/>\n<meta property=\"article:publisher\" content=\"https:\/\/www.facebook.com\/portalcentrourbano\" \/>\n<meta property=\"article:published_time\" content=\"2018-12-05T21:14:41+00:00\" \/>\n<meta property=\"article:modified_time\" content=\"2018-12-05T22:44:59+00:00\" \/>\n<meta property=\"og:image\" content=\"https:\/\/centrourbano.com\/revista\/wp-content\/uploads\/Horarios-transporte.jpg\" \/>\n\t<meta property=\"og:image:width\" content=\"1250\" \/>\n\t<meta property=\"og:image:height\" content=\"834\" \/>\n\t<meta property=\"og:image:type\" content=\"image\/jpeg\" \/>\n<meta name=\"author\" content=\"Edgar Rosas\" \/>\n<meta name=\"twitter:card\" content=\"summary_large_image\" \/>\n<meta name=\"twitter:creator\" content=\"@https:\/\/twitter.com\/ERosasCU?s=09\" \/>\n<meta name=\"twitter:site\" content=\"@CentroUrbano\" \/>\n<meta name=\"twitter:label1\" content=\"Escrito por\" \/>\n\t<meta name=\"twitter:data1\" content=\"Edgar Rosas\" \/>\n\t<meta name=\"twitter:label2\" content=\"Tiempo de lectura\" \/>\n\t<meta name=\"twitter:data2\" content=\"2 minutos\" \/>\n<script type=\"application\/ld+json\" class=\"yoast-schema-graph\">{\"@context\":\"https:\\\/\\\/schema.org\",\"@graph\":[{\"@type\":\"Article\",\"@id\":\"https:\\\/\\\/centrourbano.com\\\/revista\\\/construccion\\\/invertira-sheinbaum-5-mmdp-en-metro\\\/#article\",\"isPartOf\":{\"@id\":\"https:\\\/\\\/centrourbano.com\\\/revista\\\/construccion\\\/invertira-sheinbaum-5-mmdp-en-metro\\\/\"},\"author\":{\"name\":\"Edgar Rosas\",\"@id\":\"https:\\\/\\\/centrourbano.com\\\/revista\\\/#\\\/schema\\\/person\\\/ff3c00651ce5b1630479d2cd0c2e3ac0\"},\"headline\":\"Invertir\u00e1 Sheinbaum 5 mmdp en el Metro y Tren Ligero\",\"datePublished\":\"2018-12-05T21:14:41+00:00\",\"dateModified\":\"2018-12-05T22:44:59+00:00\",\"mainEntityOfPage\":{\"@id\":\"https:\\\/\\\/centrourbano.com\\\/revista\\\/construccion\\\/invertira-sheinbaum-5-mmdp-en-metro\\\/\"},\"wordCount\":484,\"commentCount\":0,\"publisher\":{\"@id\":\"https:\\\/\\\/centrourbano.com\\\/revista\\\/#organization\"},\"image\":{\"@id\":\"https:\\\/\\\/centrourbano.com\\\/revista\\\/construccion\\\/invertira-sheinbaum-5-mmdp-en-metro\\\/#primaryimage\"},\"thumbnailUrl\":\"https:\\\/\\\/centrourbano.com\\\/revista\\\/wp-content\\\/uploads\\\/Horarios-transporte.jpg\",\"keywords\":[\"cableb\u00fas\",\"Claudia Sheinbaum Pardo\",\"metro\",\"Metrob\u00fas\",\"Sistema de Transporte Colectivo (STC) Metro\",\"transporte masivo\"],\"articleSection\":[\"Construcci\u00f3n\"],\"inLanguage\":\"es\",\"potentialAction\":[{\"@type\":\"CommentAction\",\"name\":\"Comment\",\"target\":[\"https:\\\/\\\/centrourbano.com\\\/revista\\\/construccion\\\/invertira-sheinbaum-5-mmdp-en-metro\\\/#respond\"]}]},{\"@type\":\"WebPage\",\"@id\":\"https:\\\/\\\/centrourbano.com\\\/revista\\\/construccion\\\/invertira-sheinbaum-5-mmdp-en-metro\\\/\",\"url\":\"https:\\\/\\\/centrourbano.com\\\/revista\\\/construccion\\\/invertira-sheinbaum-5-mmdp-en-metro\\\/\",\"name\":\"Invertir\u00e1 Sheinbaum 5 mmdp en el Metro y Tren Ligero\",\"isPartOf\":{\"@id\":\"https:\\\/\\\/centrourbano.com\\\/revista\\\/#website\"},\"primaryImageOfPage\":{\"@id\":\"https:\\\/\\\/centrourbano.com\\\/revista\\\/construccion\\\/invertira-sheinbaum-5-mmdp-en-metro\\\/#primaryimage\"},\"image\":{\"@id\":\"https:\\\/\\\/centrourbano.com\\\/revista\\\/construccion\\\/invertira-sheinbaum-5-mmdp-en-metro\\\/#primaryimage\"},\"thumbnailUrl\":\"https:\\\/\\\/centrourbano.com\\\/revista\\\/wp-content\\\/uploads\\\/Horarios-transporte.jpg\",\"datePublished\":\"2018-12-05T21:14:41+00:00\",\"dateModified\":\"2018-12-05T22:44:59+00:00\",\"description\":\"La nueva administraci\u00f3n de la Ciudad de M\u00e9xico apostar\u00e1 por la mejora en el transporte masivo para combatir el problema de la movilidad.\",\"breadcrumb\":{\"@id\":\"https:\\\/\\\/centrourbano.com\\\/revista\\\/construccion\\\/invertira-sheinbaum-5-mmdp-en-metro\\\/#breadcrumb\"},\"inLanguage\":\"es\",\"potentialAction\":[{\"@type\":\"ReadAction\",\"target\":[\"https:\\\/\\\/centrourbano.com\\\/revista\\\/construccion\\\/invertira-sheinbaum-5-mmdp-en-metro\\\/\"]}]},{\"@type\":\"ImageObject\",\"inLanguage\":\"es\",\"@id\":\"https:\\\/\\\/centrourbano.com\\\/revista\\\/construccion\\\/invertira-sheinbaum-5-mmdp-en-metro\\\/#primaryimage\",\"url\":\"https:\\\/\\\/centrourbano.com\\\/revista\\\/wp-content\\\/uploads\\\/Horarios-transporte.jpg\",\"contentUrl\":\"https:\\\/\\\/centrourbano.com\\\/revista\\\/wp-content\\\/uploads\\\/Horarios-transporte.jpg\",\"width\":1250,\"height\":834,\"caption\":\"Con motivo de fin de a\u00f1o, el Gobierno de la Ciudad de M\u00e9xico dio a conocer los horarios especiales que tendr\u00e1 el transporte p\u00fablico durante los pr\u00f3ximos d\u00edas\"},{\"@type\":\"BreadcrumbList\",\"@id\":\"https:\\\/\\\/centrourbano.com\\\/revista\\\/construccion\\\/invertira-sheinbaum-5-mmdp-en-metro\\\/#breadcrumb\",\"itemListElement\":[{\"@type\":\"ListItem\",\"position\":1,\"name\":\"Portada\",\"item\":\"https:\\\/\\\/centrourbano.com\\\/revista\\\/\"},{\"@type\":\"ListItem\",\"position\":2,\"name\":\"Invertir\u00e1 Sheinbaum 5 mmdp en el Metro y Tren Ligero\"}]},{\"@type\":\"WebSite\",\"@id\":\"https:\\\/\\\/centrourbano.com\\\/revista\\\/#website\",\"url\":\"https:\\\/\\\/centrourbano.com\\\/revista\\\/\",\"name\":\"Centro Urbano\",\"description\":\"Medio especializado en los sectores vivienda, inmobiliario, construcci\u00f3n, arquitectura y urbanismo.\",\"publisher\":{\"@id\":\"https:\\\/\\\/centrourbano.com\\\/revista\\\/#organization\"},\"potentialAction\":[{\"@type\":\"SearchAction\",\"target\":{\"@type\":\"EntryPoint\",\"urlTemplate\":\"https:\\\/\\\/centrourbano.com\\\/revista\\\/?s={search_term_string}\"},\"query-input\":{\"@type\":\"PropertyValueSpecification\",\"valueRequired\":true,\"valueName\":\"search_term_string\"}}],\"inLanguage\":\"es\"},{\"@type\":\"Organization\",\"@id\":\"https:\\\/\\\/centrourbano.com\\\/revista\\\/#organization\",\"name\":\"Centro Urbano\",\"url\":\"https:\\\/\\\/centrourbano.com\\\/revista\\\/\",\"logo\":{\"@type\":\"ImageObject\",\"inLanguage\":\"es\",\"@id\":\"https:\\\/\\\/centrourbano.com\\\/revista\\\/#\\\/schema\\\/logo\\\/image\\\/\",\"url\":\"https:\\\/\\\/centrourbano.com\\\/revista\\\/wp-content\\\/uploads\\\/web_CU_logo-1.png\",\"contentUrl\":\"https:\\\/\\\/centrourbano.com\\\/revista\\\/wp-content\\\/uploads\\\/web_CU_logo-1.png\",\"width\":350,\"height\":91,\"caption\":\"Centro Urbano\"},\"image\":{\"@id\":\"https:\\\/\\\/centrourbano.com\\\/revista\\\/#\\\/schema\\\/logo\\\/image\\\/\"},\"sameAs\":[\"https:\\\/\\\/www.facebook.com\\\/portalcentrourbano\",\"https:\\\/\\\/x.com\\\/CentroUrbano\",\"https:\\\/\\\/www.instagram.com\\\/centro_urbano\\\/\",\"https:\\\/\\\/www.linkedin.com\\\/company\\\/centro-urbano\\\/\",\"http:\\\/\\\/www.youtube.com\\\/user\\\/portalcentrourbano\"]},{\"@type\":\"Person\",\"@id\":\"https:\\\/\\\/centrourbano.com\\\/revista\\\/#\\\/schema\\\/person\\\/ff3c00651ce5b1630479d2cd0c2e3ac0\",\"name\":\"Edgar Rosas\",\"image\":{\"@type\":\"ImageObject\",\"inLanguage\":\"es\",\"@id\":\"https:\\\/\\\/secure.gravatar.com\\\/avatar\\\/94440c4283495211faa5300bf85e80061036b83fced868c3783aa1310b350d9c?s=96&d=mm&r=g\",\"url\":\"https:\\\/\\\/secure.gravatar.com\\\/avatar\\\/94440c4283495211faa5300bf85e80061036b83fced868c3783aa1310b350d9c?s=96&d=mm&r=g\",\"contentUrl\":\"https:\\\/\\\/secure.gravatar.com\\\/avatar\\\/94440c4283495211faa5300bf85e80061036b83fced868c3783aa1310b350d9c?s=96&d=mm&r=g\",\"caption\":\"Edgar Rosas\"},\"description\":\"Editor en Jefe de Centro Urbano. Egresado de la maestr\u00eda en Periodismo Pol\u00edtico de la Escuela de Periodismo Carlos Septi\u00e9n Garc\u00eda (EPCSG). Estudi\u00f3 la licenciatura en Comunicaci\u00f3n en la Universidad Mexicana. Amante de la cr\u00f3nica y el reportaje. Admirador de Vicente Le\u00f1ero y Miguel \u00c1ngel Granados Chapa.\",\"sameAs\":[\"https:\\\/\\\/x.com\\\/https:\\\/\\\/twitter.com\\\/ERosasCU?s=09\"],\"url\":\"https:\\\/\\\/centrourbano.com\\\/revista\\\/author\\\/edgar-rosas\\\/\"}]}<\/script>\n<!-- \/ Yoast SEO plugin. -->","yoast_head_json":{"title":"Invertir\u00e1 Sheinbaum 5 mmdp en el Metro y Tren Ligero","description":"La nueva administraci\u00f3n de la Ciudad de M\u00e9xico apostar\u00e1 por la mejora en el transporte masivo para combatir el problema de la movilidad.","robots":{"index":"index","follow":"follow","max-snippet":"max-snippet:-1","max-image-preview":"max-image-preview:large","max-video-preview":"max-video-preview:-1"},"canonical":"https:\/\/centrourbano.com\/revista\/construccion\/invertira-sheinbaum-5-mmdp-en-metro\/","og_locale":"es_ES","og_type":"article","og_title":"Invertir\u00e1 Sheinbaum 5 mmdp en el Metro y Tren Ligero","og_description":"La nueva administraci\u00f3n de la Ciudad de M\u00e9xico apostar\u00e1 por la mejora en el transporte masivo para combatir el problema de la movilidad.","og_url":"https:\/\/centrourbano.com\/revista\/construccion\/invertira-sheinbaum-5-mmdp-en-metro\/","og_site_name":"Centro Urbano","article_publisher":"https:\/\/www.facebook.com\/portalcentrourbano","article_published_time":"2018-12-05T21:14:41+00:00","article_modified_time":"2018-12-05T22:44:59+00:00","og_image":[{"width":1250,"height":834,"url":"https:\/\/centrourbano.com\/revista\/wp-content\/uploads\/Horarios-transporte.jpg","type":"image\/jpeg"}],"author":"Edgar Rosas","twitter_card":"summary_large_image","twitter_creator":"@https:\/\/twitter.com\/ERosasCU?s=09","twitter_site":"@CentroUrbano","twitter_misc":{"Escrito por":"Edgar Rosas","Tiempo de lectura":"2 minutos"},"schema":{"@context":"https:\/\/schema.org","@graph":[{"@type":"Article","@id":"https:\/\/centrourbano.com\/revista\/construccion\/invertira-sheinbaum-5-mmdp-en-metro\/#article","isPartOf":{"@id":"https:\/\/centrourbano.com\/revista\/construccion\/invertira-sheinbaum-5-mmdp-en-metro\/"},"author":{"name":"Edgar Rosas","@id":"https:\/\/centrourbano.com\/revista\/#\/schema\/person\/ff3c00651ce5b1630479d2cd0c2e3ac0"},"headline":"Invertir\u00e1 Sheinbaum 5 mmdp en el Metro y Tren Ligero","datePublished":"2018-12-05T21:14:41+00:00","dateModified":"2018-12-05T22:44:59+00:00","mainEntityOfPage":{"@id":"https:\/\/centrourbano.com\/revista\/construccion\/invertira-sheinbaum-5-mmdp-en-metro\/"},"wordCount":484,"commentCount":0,"publisher":{"@id":"https:\/\/centrourbano.com\/revista\/#organization"},"image":{"@id":"https:\/\/centrourbano.com\/revista\/construccion\/invertira-sheinbaum-5-mmdp-en-metro\/#primaryimage"},"thumbnailUrl":"https:\/\/centrourbano.com\/revista\/wp-content\/uploads\/Horarios-transporte.jpg","keywords":["cableb\u00fas","Claudia Sheinbaum Pardo","metro","Metrob\u00fas","Sistema de Transporte Colectivo (STC) Metro","transporte masivo"],"articleSection":["Construcci\u00f3n"],"inLanguage":"es","potentialAction":[{"@type":"CommentAction","name":"Comment","target":["https:\/\/centrourbano.com\/revista\/construccion\/invertira-sheinbaum-5-mmdp-en-metro\/#respond"]}]},{"@type":"WebPage","@id":"https:\/\/centrourbano.com\/revista\/construccion\/invertira-sheinbaum-5-mmdp-en-metro\/","url":"https:\/\/centrourbano.com\/revista\/construccion\/invertira-sheinbaum-5-mmdp-en-metro\/","name":"Invertir\u00e1 Sheinbaum 5 mmdp en el Metro y Tren Ligero","isPartOf":{"@id":"https:\/\/centrourbano.com\/revista\/#website"},"primaryImageOfPage":{"@id":"https:\/\/centrourbano.com\/revista\/construccion\/invertira-sheinbaum-5-mmdp-en-metro\/#primaryimage"},"image":{"@id":"https:\/\/centrourbano.com\/revista\/construccion\/invertira-sheinbaum-5-mmdp-en-metro\/#primaryimage"},"thumbnailUrl":"https:\/\/centrourbano.com\/revista\/wp-content\/uploads\/Horarios-transporte.jpg","datePublished":"2018-12-05T21:14:41+00:00","dateModified":"2018-12-05T22:44:59+00:00","description":"La nueva administraci\u00f3n de la Ciudad de M\u00e9xico apostar\u00e1 por la mejora en el transporte masivo para combatir el problema de la movilidad.","breadcrumb":{"@id":"https:\/\/centrourbano.com\/revista\/construccion\/invertira-sheinbaum-5-mmdp-en-metro\/#breadcrumb"},"inLanguage":"es","potentialAction":[{"@type":"ReadAction","target":["https:\/\/centrourbano.com\/revista\/construccion\/invertira-sheinbaum-5-mmdp-en-metro\/"]}]},{"@type":"ImageObject","inLanguage":"es","@id":"https:\/\/centrourbano.com\/revista\/construccion\/invertira-sheinbaum-5-mmdp-en-metro\/#primaryimage","url":"https:\/\/centrourbano.com\/revista\/wp-content\/uploads\/Horarios-transporte.jpg","contentUrl":"https:\/\/centrourbano.com\/revista\/wp-content\/uploads\/Horarios-transporte.jpg","width":1250,"height":834,"caption":"Con motivo de fin de a\u00f1o, el Gobierno de la Ciudad de M\u00e9xico dio a conocer los horarios especiales que tendr\u00e1 el transporte p\u00fablico durante los pr\u00f3ximos d\u00edas"},{"@type":"BreadcrumbList","@id":"https:\/\/centrourbano.com\/revista\/construccion\/invertira-sheinbaum-5-mmdp-en-metro\/#breadcrumb","itemListElement":[{"@type":"ListItem","position":1,"name":"Portada","item":"https:\/\/centrourbano.com\/revista\/"},{"@type":"ListItem","position":2,"name":"Invertir\u00e1 Sheinbaum 5 mmdp en el Metro y Tren Ligero"}]},{"@type":"WebSite","@id":"https:\/\/centrourbano.com\/revista\/#website","url":"https:\/\/centrourbano.com\/revista\/","name":"Centro Urbano","description":"Medio especializado en los sectores vivienda, inmobiliario, construcci\u00f3n, arquitectura y urbanismo.","publisher":{"@id":"https:\/\/centrourbano.com\/revista\/#organization"},"potentialAction":[{"@type":"SearchAction","target":{"@type":"EntryPoint","urlTemplate":"https:\/\/centrourbano.com\/revista\/?s={search_term_string}"},"query-input":{"@type":"PropertyValueSpecification","valueRequired":true,"valueName":"search_term_string"}}],"inLanguage":"es"},{"@type":"Organization","@id":"https:\/\/centrourbano.com\/revista\/#organization","name":"Centro Urbano","url":"https:\/\/centrourbano.com\/revista\/","logo":{"@type":"ImageObject","inLanguage":"es","@id":"https:\/\/centrourbano.com\/revista\/#\/schema\/logo\/image\/","url":"https:\/\/centrourbano.com\/revista\/wp-content\/uploads\/web_CU_logo-1.png","contentUrl":"https:\/\/centrourbano.com\/revista\/wp-content\/uploads\/web_CU_logo-1.png","width":350,"height":91,"caption":"Centro Urbano"},"image":{"@id":"https:\/\/centrourbano.com\/revista\/#\/schema\/logo\/image\/"},"sameAs":["https:\/\/www.facebook.com\/portalcentrourbano","https:\/\/x.com\/CentroUrbano","https:\/\/www.instagram.com\/centro_urbano\/","https:\/\/www.linkedin.com\/company\/centro-urbano\/","http:\/\/www.youtube.com\/user\/portalcentrourbano"]},{"@type":"Person","@id":"https:\/\/centrourbano.com\/revista\/#\/schema\/person\/ff3c00651ce5b1630479d2cd0c2e3ac0","name":"Edgar Rosas","image":{"@type":"ImageObject","inLanguage":"es","@id":"https:\/\/secure.gravatar.com\/avatar\/94440c4283495211faa5300bf85e80061036b83fced868c3783aa1310b350d9c?s=96&d=mm&r=g","url":"https:\/\/secure.gravatar.com\/avatar\/94440c4283495211faa5300bf85e80061036b83fced868c3783aa1310b350d9c?s=96&d=mm&r=g","contentUrl":"https:\/\/secure.gravatar.com\/avatar\/94440c4283495211faa5300bf85e80061036b83fced868c3783aa1310b350d9c?s=96&d=mm&r=g","caption":"Edgar Rosas"},"description":"Editor en Jefe de Centro Urbano. Egresado de la maestr\u00eda en Periodismo Pol\u00edtico de la Escuela de Periodismo Carlos Septi\u00e9n Garc\u00eda (EPCSG). Estudi\u00f3 la licenciatura en Comunicaci\u00f3n en la Universidad Mexicana. Amante de la cr\u00f3nica y el reportaje. Admirador de Vicente Le\u00f1ero y Miguel \u00c1ngel Granados Chapa.","sameAs":["https:\/\/x.com\/https:\/\/twitter.com\/ERosasCU?s=09"],"url":"https:\/\/centrourbano.com\/revista\/author\/edgar-rosas\/"}]}},"_links":{"self":[{"href":"https:\/\/centrourbano.com\/revista\/wp-json\/wp\/v2\/posts\/82962","targetHints":{"allow":["GET"]}}],"collection":[{"href":"https:\/\/centrourbano.com\/revista\/wp-json\/wp\/v2\/posts"}],"about":[{"href":"https:\/\/centrourbano.com\/revista\/wp-json\/wp\/v2\/types\/post"}],"author":[{"embeddable":true,"href":"https:\/\/centrourbano.com\/revista\/wp-json\/wp\/v2\/users\/47"}],"replies":[{"embeddable":true,"href":"https:\/\/centrourbano.com\/revista\/wp-json\/wp\/v2\/comments?post=82962"}],"version-history":[{"count":6,"href":"https:\/\/centrourbano.com\/revista\/wp-json\/wp\/v2\/posts\/82962\/revisions"}],"predecessor-version":[{"id":82964,"href":"https:\/\/centrourbano.com\/revista\/wp-json\/wp\/v2\/posts\/82962\/revisions\/82964"}],"wp:featuredmedia":[{"embeddable":true,"href":"https:\/\/centrourbano.com\/revista\/wp-json\/wp\/v2\/media\/46342"}],"wp:attachment":[{"href":"https:\/\/centrourbano.com\/revista\/wp-json\/wp\/v2\/media?parent=82962"}],"wp:term":[{"taxonomy":"category","embeddable":true,"href":"https:\/\/centrourbano.com\/revista\/wp-json\/wp\/v2\/categories?post=82962"},{"taxonomy":"post_tag","embeddable":true,"href":"https:\/\/centrourbano.com\/revista\/wp-json\/wp\/v2\/tags?post=82962"}],"curies":[{"name":"wp","href":"https:\/\/api.w.org\/{rel}","templated":true}]}}