{"id":82939,"date":"2018-12-05T12:15:30","date_gmt":"2018-12-05T18:15:30","guid":{"rendered":"https:\/\/centrourbano.com\/?p=82939"},"modified":"2018-12-05T14:29:08","modified_gmt":"2018-12-05T20:29:08","slug":"sedema-presenta-resultados-encuestas-uso-la-bicicleta","status":"publish","type":"post","link":"https:\/\/centrourbano.com\/revista\/urbanismo\/sedema-presenta-resultados-encuestas-uso-la-bicicleta\/","title":{"rendered":"Sedema presenta resultados de encuestas sobre el uso de la bicicleta"},"content":{"rendered":"<p><em>Las encuestas arrojan que los capitalinos consienten el uso de la bicicleta como medio de transporte <\/em><!--more--><\/p>\n<p>La <strong>Secretar\u00eda del Medio Ambiente<\/strong>\u00a0<strong>de la Ciudad de M\u00e9xico<\/strong> (Sedema)\u00a0llev\u00f3 a cabo las encuestas sobre la &#8216;Percepci\u00f3n del Sistema de Transporte Individual ECOBICI&#8217;, del &#8216;Paseo Dominical Mu\u00e9vete en Bici&#8217; y los &#8216;Biciestacionamientos CDMX&#8217;, a las cuales los usuarios pudieron acceder a trav\u00e9s de la p\u00e1gina web de la dependencia.<\/p>\n<p>Estas encuestas se realizaron para conocer el impacto de la bicicleta como modo de transporte en la capital del pa\u00eds. La encuesta de <strong>Percepci\u00f3n ECOBICI<\/strong> arroj\u00f3 que cuatro de cada 10 que utilizan el servicio son mujeres, as\u00ed como el 49% de los usuarios son solteros y seis de cada 10 utiliza el sistema de ECOBICI para trasladarse a su trabajo o a alguna actividad relacionada con lo laboral. Asimismo, 20% de la comunidad dej\u00f3 de usar autom\u00f3viles particulares y taxis convencionales o por aplicaci\u00f3n, por lo que contribuy\u00f3 a la disminuci\u00f3n del uso de veh\u00edculos automotores.<\/p>\n<p>Los encuestadores mencionan que existen varias ventajas del uso de este servicio, ya que los ayudan a lograr un ahorro en su econom\u00eda, as\u00ed como a mejorar su condici\u00f3n f\u00edsica. Lo anterior debido a que el 75% considera que han notado cambios positivos en su calidad de vida, mientras que el 61% indican que nunca se transportaban en bicicleta y el 95% piensa que gracias a este sistema existe una mejora en la movilidad en la capital del pa\u00eds.<\/p>\n<a href=\"https:\/\/centrourbano.com\/revista\/wp-content\/uploads\/bicicleta1.jpg\"><img loading=\"lazy\" decoding=\"async\" class=\"size-medium wp-image-82940 alignleft\" src=\"https:\/\/centrourbano.com\/revista\/wp-content\/uploads\/bicicleta1-300x159.jpg\" alt=\"\" width=\"300\" height=\"159\" srcset=\"https:\/\/centrourbano.com\/revista\/wp-content\/uploads\/bicicleta1-300x159.jpg 300w, https:\/\/centrourbano.com\/revista\/wp-content\/uploads\/bicicleta1.jpg 700w\" sizes=\"auto, (max-width: 300px) 100vw, 300px\" \/><\/a>\n<p>Por otro lado, la encuesta de<strong> Mu\u00e9vete en Bici<\/strong> dio a conocer que el 34% de los asistentes son mujeres, un 49% asiste de manera semanal a la ciclov\u00eda recreativa de la CDMX, otro 32% de los participantes acuden para realizar alg\u00fan otro tipo de \u00a0deporte. Asimismo, el 43% piensa que desde que participa se siente m\u00e1s relajado, por lo que el 99% recomendar\u00eda esta actividad a familiares y amigos.<\/p>\n<p>A trav\u00e9s de los datos arrojados de dicha encuesta se sabe que los participantes apoyan el programa, ya que el 63% de los encuestados dijo que le gustar\u00eda que el paseo dominical ampl\u00ede su ruta. Tambi\u00e9n el 45% toma ahora la bicicleta como medio de transporte luego de haber participado en este programa, por lo que el 82% considera que estos programas est\u00e1n contribuyendo positivamente en la movilidad capitalina.<\/p>\n<p>Por \u00faltimo, la encuesta en relaci\u00f3n a los<strong> Biciestacionamientos CDMX<\/strong> los resultados dan a conocer que antes de la construcci\u00f3n de estos, el 75% de las personas no utilizaba la bicicleta para su primer y \u00faltimo trayecto de viaje, mientras que el 76% sostuvo que se dirige al trabajo y gracias a la experiencia de la bicicleta el 93% considera no volver a usar el modo de transporte de antes de la implementaci\u00f3n de esta estrategia intermodal.<\/p>\n<p>Adem\u00e1s,\u00a066% de los encuestados se\u00f1al\u00f3 que tras dejar su bicicleta en cualquiera de los Biciestacionamientos de la CDMX contin\u00faa su viaje en el Sistema de Transporte Colectivo (STC).<\/p>\n<p>Para saber el \u00e9xito de estos espacios, las encuestas arrojaron que el 86% de los encuestados utilizan el servicio cinco veces a la semana y que el 41% considera que gracias al uso de la bicicleta han adquirido mejor condici\u00f3n f\u00edsica.<\/p>\n<p>Los documentos referentes a las encuestas se pueden encontrar en el sitio web: <a href=\"http:\/\/www.sedema.cdmx.gob.mx\">www.sedema.cdmx.gob.mx<\/a>, gracias a ellos se podr\u00e1 saber qu\u00e9 camino seguir en cuesti\u00f3n de movilidad sustentable en la capital del pa\u00eds.<\/p>\n<p>&nbsp;<\/p>\n<p>&nbsp;<\/p>\n","protected":false},"excerpt":{"rendered":"<p>Las encuestas arrojan que los capitalinos consienten el uso de la bicicleta como medio de transporte<\/p>\n","protected":false},"author":70,"featured_media":82941,"comment_status":"open","ping_status":"closed","sticky":false,"template":"","format":"standard","meta":{"om_disable_all_campaigns":false,"inline_featured_image":false,"_monsterinsights_skip_tracking":false,"_monsterinsights_sitenote_active":false,"_monsterinsights_sitenote_note":"","_monsterinsights_sitenote_category":0,"footnotes":""},"categories":[82],"tags":[14987,14986,966,2020],"class_list":["post-82939","post","type-post","status-publish","format-standard","has-post-thumbnail","hentry","category-urbanismo","tag-biciestacionamientos-cdmx","tag-encuesta-de-percepcion-ecobici","tag-muevete-en-bici","tag-secretaria-del-medio-ambiente"],"yoast_head":"<!-- This site is optimized with the Yoast SEO plugin v27.4 - https:\/\/yoast.com\/product\/yoast-seo-wordpress\/ -->\n<title>Sedema presenta resultados de encuestas sobre el uso de la bicicleta<\/title>\n<meta name=\"description\" content=\"Las encuestas arrojan que los capitalinos consienten el uso de la bicicleta como medio de transporte\" \/>\n<meta name=\"robots\" content=\"index, follow, max-snippet:-1, max-image-preview:large, max-video-preview:-1\" \/>\n<link rel=\"canonical\" href=\"https:\/\/centrourbano.com\/revista\/urbanismo\/sedema-presenta-resultados-encuestas-uso-la-bicicleta\/\" \/>\n<meta property=\"og:locale\" content=\"es_ES\" \/>\n<meta property=\"og:type\" content=\"article\" \/>\n<meta property=\"og:title\" content=\"Sedema presenta resultados de encuestas sobre el uso de la bicicleta\" \/>\n<meta property=\"og:description\" content=\"Las encuestas arrojan que los capitalinos consienten el uso de la bicicleta como medio de transporte\" \/>\n<meta property=\"og:url\" content=\"https:\/\/centrourbano.com\/revista\/urbanismo\/sedema-presenta-resultados-encuestas-uso-la-bicicleta\/\" \/>\n<meta property=\"og:site_name\" content=\"Centro Urbano\" \/>\n<meta property=\"article:publisher\" content=\"https:\/\/www.facebook.com\/portalcentrourbano\" \/>\n<meta property=\"article:published_time\" content=\"2018-12-05T18:15:30+00:00\" \/>\n<meta property=\"article:modified_time\" content=\"2018-12-05T20:29:08+00:00\" \/>\n<meta property=\"og:image\" content=\"https:\/\/centrourbano.com\/revista\/wp-content\/uploads\/bicicleta.jpg\" \/>\n\t<meta property=\"og:image:width\" content=\"1600\" \/>\n\t<meta property=\"og:image:height\" content=\"1200\" \/>\n\t<meta property=\"og:image:type\" content=\"image\/jpeg\" \/>\n<meta name=\"author\" content=\"Karen Maqueda\" \/>\n<meta name=\"twitter:card\" content=\"summary_large_image\" \/>\n<meta name=\"twitter:creator\" content=\"@CentroUrbano\" \/>\n<meta name=\"twitter:site\" content=\"@CentroUrbano\" \/>\n<meta name=\"twitter:label1\" content=\"Escrito por\" \/>\n\t<meta name=\"twitter:data1\" content=\"Karen Maqueda\" \/>\n\t<meta name=\"twitter:label2\" content=\"Tiempo de lectura\" \/>\n\t<meta name=\"twitter:data2\" content=\"3 minutos\" \/>\n<script type=\"application\/ld+json\" class=\"yoast-schema-graph\">{\"@context\":\"https:\\\/\\\/schema.org\",\"@graph\":[{\"@type\":\"Article\",\"@id\":\"https:\\\/\\\/centrourbano.com\\\/revista\\\/urbanismo\\\/sedema-presenta-resultados-encuestas-uso-la-bicicleta\\\/#article\",\"isPartOf\":{\"@id\":\"https:\\\/\\\/centrourbano.com\\\/revista\\\/urbanismo\\\/sedema-presenta-resultados-encuestas-uso-la-bicicleta\\\/\"},\"author\":{\"name\":\"Karen Maqueda\",\"@id\":\"https:\\\/\\\/centrourbano.com\\\/revista\\\/#\\\/schema\\\/person\\\/0078cc38e7741cee277ba26c6e7850cc\"},\"headline\":\"Sedema presenta resultados de encuestas sobre el uso de la bicicleta\",\"datePublished\":\"2018-12-05T18:15:30+00:00\",\"dateModified\":\"2018-12-05T20:29:08+00:00\",\"mainEntityOfPage\":{\"@id\":\"https:\\\/\\\/centrourbano.com\\\/revista\\\/urbanismo\\\/sedema-presenta-resultados-encuestas-uso-la-bicicleta\\\/\"},\"wordCount\":594,\"commentCount\":0,\"publisher\":{\"@id\":\"https:\\\/\\\/centrourbano.com\\\/revista\\\/#organization\"},\"image\":{\"@id\":\"https:\\\/\\\/centrourbano.com\\\/revista\\\/urbanismo\\\/sedema-presenta-resultados-encuestas-uso-la-bicicleta\\\/#primaryimage\"},\"thumbnailUrl\":\"https:\\\/\\\/centrourbano.com\\\/revista\\\/wp-content\\\/uploads\\\/bicicleta.jpg\",\"keywords\":[\"Biciestacionamientos CDMX\",\"Encuesta de Percepci\u00f3n ECOBICI\",\"Mu\u00e9vete en bici\",\"Secretar\u00eda del Medio Ambiente\"],\"articleSection\":[\"Urbanismo\"],\"inLanguage\":\"es\",\"potentialAction\":[{\"@type\":\"CommentAction\",\"name\":\"Comment\",\"target\":[\"https:\\\/\\\/centrourbano.com\\\/revista\\\/urbanismo\\\/sedema-presenta-resultados-encuestas-uso-la-bicicleta\\\/#respond\"]}]},{\"@type\":\"WebPage\",\"@id\":\"https:\\\/\\\/centrourbano.com\\\/revista\\\/urbanismo\\\/sedema-presenta-resultados-encuestas-uso-la-bicicleta\\\/\",\"url\":\"https:\\\/\\\/centrourbano.com\\\/revista\\\/urbanismo\\\/sedema-presenta-resultados-encuestas-uso-la-bicicleta\\\/\",\"name\":\"Sedema presenta resultados de encuestas sobre el uso de la bicicleta\",\"isPartOf\":{\"@id\":\"https:\\\/\\\/centrourbano.com\\\/revista\\\/#website\"},\"primaryImageOfPage\":{\"@id\":\"https:\\\/\\\/centrourbano.com\\\/revista\\\/urbanismo\\\/sedema-presenta-resultados-encuestas-uso-la-bicicleta\\\/#primaryimage\"},\"image\":{\"@id\":\"https:\\\/\\\/centrourbano.com\\\/revista\\\/urbanismo\\\/sedema-presenta-resultados-encuestas-uso-la-bicicleta\\\/#primaryimage\"},\"thumbnailUrl\":\"https:\\\/\\\/centrourbano.com\\\/revista\\\/wp-content\\\/uploads\\\/bicicleta.jpg\",\"datePublished\":\"2018-12-05T18:15:30+00:00\",\"dateModified\":\"2018-12-05T20:29:08+00:00\",\"description\":\"Las encuestas arrojan que los capitalinos consienten el uso de la bicicleta como medio de transporte\",\"breadcrumb\":{\"@id\":\"https:\\\/\\\/centrourbano.com\\\/revista\\\/urbanismo\\\/sedema-presenta-resultados-encuestas-uso-la-bicicleta\\\/#breadcrumb\"},\"inLanguage\":\"es\",\"potentialAction\":[{\"@type\":\"ReadAction\",\"target\":[\"https:\\\/\\\/centrourbano.com\\\/revista\\\/urbanismo\\\/sedema-presenta-resultados-encuestas-uso-la-bicicleta\\\/\"]}]},{\"@type\":\"ImageObject\",\"inLanguage\":\"es\",\"@id\":\"https:\\\/\\\/centrourbano.com\\\/revista\\\/urbanismo\\\/sedema-presenta-resultados-encuestas-uso-la-bicicleta\\\/#primaryimage\",\"url\":\"https:\\\/\\\/centrourbano.com\\\/revista\\\/wp-content\\\/uploads\\\/bicicleta.jpg\",\"contentUrl\":\"https:\\\/\\\/centrourbano.com\\\/revista\\\/wp-content\\\/uploads\\\/bicicleta.jpg\",\"width\":1600,\"height\":1200,\"caption\":\"Las encuestas arrojan que los capitalinos consienten el uso de la bicicleta como medio de transporte\"},{\"@type\":\"BreadcrumbList\",\"@id\":\"https:\\\/\\\/centrourbano.com\\\/revista\\\/urbanismo\\\/sedema-presenta-resultados-encuestas-uso-la-bicicleta\\\/#breadcrumb\",\"itemListElement\":[{\"@type\":\"ListItem\",\"position\":1,\"name\":\"Portada\",\"item\":\"https:\\\/\\\/centrourbano.com\\\/revista\\\/\"},{\"@type\":\"ListItem\",\"position\":2,\"name\":\"Sedema presenta resultados de encuestas sobre el uso de la bicicleta\"}]},{\"@type\":\"WebSite\",\"@id\":\"https:\\\/\\\/centrourbano.com\\\/revista\\\/#website\",\"url\":\"https:\\\/\\\/centrourbano.com\\\/revista\\\/\",\"name\":\"Centro Urbano\",\"description\":\"Medio especializado en los sectores vivienda, inmobiliario, construcci\u00f3n, arquitectura y urbanismo.\",\"publisher\":{\"@id\":\"https:\\\/\\\/centrourbano.com\\\/revista\\\/#organization\"},\"potentialAction\":[{\"@type\":\"SearchAction\",\"target\":{\"@type\":\"EntryPoint\",\"urlTemplate\":\"https:\\\/\\\/centrourbano.com\\\/revista\\\/?s={search_term_string}\"},\"query-input\":{\"@type\":\"PropertyValueSpecification\",\"valueRequired\":true,\"valueName\":\"search_term_string\"}}],\"inLanguage\":\"es\"},{\"@type\":\"Organization\",\"@id\":\"https:\\\/\\\/centrourbano.com\\\/revista\\\/#organization\",\"name\":\"Centro Urbano\",\"url\":\"https:\\\/\\\/centrourbano.com\\\/revista\\\/\",\"logo\":{\"@type\":\"ImageObject\",\"inLanguage\":\"es\",\"@id\":\"https:\\\/\\\/centrourbano.com\\\/revista\\\/#\\\/schema\\\/logo\\\/image\\\/\",\"url\":\"https:\\\/\\\/centrourbano.com\\\/revista\\\/wp-content\\\/uploads\\\/web_CU_logo-1.png\",\"contentUrl\":\"https:\\\/\\\/centrourbano.com\\\/revista\\\/wp-content\\\/uploads\\\/web_CU_logo-1.png\",\"width\":350,\"height\":91,\"caption\":\"Centro Urbano\"},\"image\":{\"@id\":\"https:\\\/\\\/centrourbano.com\\\/revista\\\/#\\\/schema\\\/logo\\\/image\\\/\"},\"sameAs\":[\"https:\\\/\\\/www.facebook.com\\\/portalcentrourbano\",\"https:\\\/\\\/x.com\\\/CentroUrbano\",\"https:\\\/\\\/www.instagram.com\\\/centro_urbano\\\/\",\"https:\\\/\\\/www.linkedin.com\\\/company\\\/centro-urbano\\\/\",\"http:\\\/\\\/www.youtube.com\\\/user\\\/portalcentrourbano\"]},{\"@type\":\"Person\",\"@id\":\"https:\\\/\\\/centrourbano.com\\\/revista\\\/#\\\/schema\\\/person\\\/0078cc38e7741cee277ba26c6e7850cc\",\"name\":\"Karen Maqueda\",\"image\":{\"@type\":\"ImageObject\",\"inLanguage\":\"es\",\"@id\":\"https:\\\/\\\/secure.gravatar.com\\\/avatar\\\/25062b07ca71c6bd5068308d24c2324f5aa6ebaf89f15e1c4626733ec947023e?s=96&d=mm&r=g\",\"url\":\"https:\\\/\\\/secure.gravatar.com\\\/avatar\\\/25062b07ca71c6bd5068308d24c2324f5aa6ebaf89f15e1c4626733ec947023e?s=96&d=mm&r=g\",\"contentUrl\":\"https:\\\/\\\/secure.gravatar.com\\\/avatar\\\/25062b07ca71c6bd5068308d24c2324f5aa6ebaf89f15e1c4626733ec947023e?s=96&d=mm&r=g\",\"caption\":\"Karen Maqueda\"},\"url\":\"https:\\\/\\\/centrourbano.com\\\/revista\\\/author\\\/karenm\\\/\"}]}<\/script>\n<!-- \/ Yoast SEO plugin. -->","yoast_head_json":{"title":"Sedema presenta resultados de encuestas sobre el uso de la bicicleta","description":"Las encuestas arrojan que los capitalinos consienten el uso de la bicicleta como medio de transporte","robots":{"index":"index","follow":"follow","max-snippet":"max-snippet:-1","max-image-preview":"max-image-preview:large","max-video-preview":"max-video-preview:-1"},"canonical":"https:\/\/centrourbano.com\/revista\/urbanismo\/sedema-presenta-resultados-encuestas-uso-la-bicicleta\/","og_locale":"es_ES","og_type":"article","og_title":"Sedema presenta resultados de encuestas sobre el uso de la bicicleta","og_description":"Las encuestas arrojan que los capitalinos consienten el uso de la bicicleta como medio de transporte","og_url":"https:\/\/centrourbano.com\/revista\/urbanismo\/sedema-presenta-resultados-encuestas-uso-la-bicicleta\/","og_site_name":"Centro Urbano","article_publisher":"https:\/\/www.facebook.com\/portalcentrourbano","article_published_time":"2018-12-05T18:15:30+00:00","article_modified_time":"2018-12-05T20:29:08+00:00","og_image":[{"width":1600,"height":1200,"url":"https:\/\/centrourbano.com\/revista\/wp-content\/uploads\/bicicleta.jpg","type":"image\/jpeg"}],"author":"Karen Maqueda","twitter_card":"summary_large_image","twitter_creator":"@CentroUrbano","twitter_site":"@CentroUrbano","twitter_misc":{"Escrito por":"Karen Maqueda","Tiempo de lectura":"3 minutos"},"schema":{"@context":"https:\/\/schema.org","@graph":[{"@type":"Article","@id":"https:\/\/centrourbano.com\/revista\/urbanismo\/sedema-presenta-resultados-encuestas-uso-la-bicicleta\/#article","isPartOf":{"@id":"https:\/\/centrourbano.com\/revista\/urbanismo\/sedema-presenta-resultados-encuestas-uso-la-bicicleta\/"},"author":{"name":"Karen Maqueda","@id":"https:\/\/centrourbano.com\/revista\/#\/schema\/person\/0078cc38e7741cee277ba26c6e7850cc"},"headline":"Sedema presenta resultados de encuestas sobre el uso de la bicicleta","datePublished":"2018-12-05T18:15:30+00:00","dateModified":"2018-12-05T20:29:08+00:00","mainEntityOfPage":{"@id":"https:\/\/centrourbano.com\/revista\/urbanismo\/sedema-presenta-resultados-encuestas-uso-la-bicicleta\/"},"wordCount":594,"commentCount":0,"publisher":{"@id":"https:\/\/centrourbano.com\/revista\/#organization"},"image":{"@id":"https:\/\/centrourbano.com\/revista\/urbanismo\/sedema-presenta-resultados-encuestas-uso-la-bicicleta\/#primaryimage"},"thumbnailUrl":"https:\/\/centrourbano.com\/revista\/wp-content\/uploads\/bicicleta.jpg","keywords":["Biciestacionamientos CDMX","Encuesta de Percepci\u00f3n ECOBICI","Mu\u00e9vete en bici","Secretar\u00eda del Medio Ambiente"],"articleSection":["Urbanismo"],"inLanguage":"es","potentialAction":[{"@type":"CommentAction","name":"Comment","target":["https:\/\/centrourbano.com\/revista\/urbanismo\/sedema-presenta-resultados-encuestas-uso-la-bicicleta\/#respond"]}]},{"@type":"WebPage","@id":"https:\/\/centrourbano.com\/revista\/urbanismo\/sedema-presenta-resultados-encuestas-uso-la-bicicleta\/","url":"https:\/\/centrourbano.com\/revista\/urbanismo\/sedema-presenta-resultados-encuestas-uso-la-bicicleta\/","name":"Sedema presenta resultados de encuestas sobre el uso de la bicicleta","isPartOf":{"@id":"https:\/\/centrourbano.com\/revista\/#website"},"primaryImageOfPage":{"@id":"https:\/\/centrourbano.com\/revista\/urbanismo\/sedema-presenta-resultados-encuestas-uso-la-bicicleta\/#primaryimage"},"image":{"@id":"https:\/\/centrourbano.com\/revista\/urbanismo\/sedema-presenta-resultados-encuestas-uso-la-bicicleta\/#primaryimage"},"thumbnailUrl":"https:\/\/centrourbano.com\/revista\/wp-content\/uploads\/bicicleta.jpg","datePublished":"2018-12-05T18:15:30+00:00","dateModified":"2018-12-05T20:29:08+00:00","description":"Las encuestas arrojan que los capitalinos consienten el uso de la bicicleta como medio de transporte","breadcrumb":{"@id":"https:\/\/centrourbano.com\/revista\/urbanismo\/sedema-presenta-resultados-encuestas-uso-la-bicicleta\/#breadcrumb"},"inLanguage":"es","potentialAction":[{"@type":"ReadAction","target":["https:\/\/centrourbano.com\/revista\/urbanismo\/sedema-presenta-resultados-encuestas-uso-la-bicicleta\/"]}]},{"@type":"ImageObject","inLanguage":"es","@id":"https:\/\/centrourbano.com\/revista\/urbanismo\/sedema-presenta-resultados-encuestas-uso-la-bicicleta\/#primaryimage","url":"https:\/\/centrourbano.com\/revista\/wp-content\/uploads\/bicicleta.jpg","contentUrl":"https:\/\/centrourbano.com\/revista\/wp-content\/uploads\/bicicleta.jpg","width":1600,"height":1200,"caption":"Las encuestas arrojan que los capitalinos consienten el uso de la bicicleta como medio de transporte"},{"@type":"BreadcrumbList","@id":"https:\/\/centrourbano.com\/revista\/urbanismo\/sedema-presenta-resultados-encuestas-uso-la-bicicleta\/#breadcrumb","itemListElement":[{"@type":"ListItem","position":1,"name":"Portada","item":"https:\/\/centrourbano.com\/revista\/"},{"@type":"ListItem","position":2,"name":"Sedema presenta resultados de encuestas sobre el uso de la bicicleta"}]},{"@type":"WebSite","@id":"https:\/\/centrourbano.com\/revista\/#website","url":"https:\/\/centrourbano.com\/revista\/","name":"Centro Urbano","description":"Medio especializado en los sectores vivienda, inmobiliario, construcci\u00f3n, arquitectura y urbanismo.","publisher":{"@id":"https:\/\/centrourbano.com\/revista\/#organization"},"potentialAction":[{"@type":"SearchAction","target":{"@type":"EntryPoint","urlTemplate":"https:\/\/centrourbano.com\/revista\/?s={search_term_string}"},"query-input":{"@type":"PropertyValueSpecification","valueRequired":true,"valueName":"search_term_string"}}],"inLanguage":"es"},{"@type":"Organization","@id":"https:\/\/centrourbano.com\/revista\/#organization","name":"Centro Urbano","url":"https:\/\/centrourbano.com\/revista\/","logo":{"@type":"ImageObject","inLanguage":"es","@id":"https:\/\/centrourbano.com\/revista\/#\/schema\/logo\/image\/","url":"https:\/\/centrourbano.com\/revista\/wp-content\/uploads\/web_CU_logo-1.png","contentUrl":"https:\/\/centrourbano.com\/revista\/wp-content\/uploads\/web_CU_logo-1.png","width":350,"height":91,"caption":"Centro Urbano"},"image":{"@id":"https:\/\/centrourbano.com\/revista\/#\/schema\/logo\/image\/"},"sameAs":["https:\/\/www.facebook.com\/portalcentrourbano","https:\/\/x.com\/CentroUrbano","https:\/\/www.instagram.com\/centro_urbano\/","https:\/\/www.linkedin.com\/company\/centro-urbano\/","http:\/\/www.youtube.com\/user\/portalcentrourbano"]},{"@type":"Person","@id":"https:\/\/centrourbano.com\/revista\/#\/schema\/person\/0078cc38e7741cee277ba26c6e7850cc","name":"Karen Maqueda","image":{"@type":"ImageObject","inLanguage":"es","@id":"https:\/\/secure.gravatar.com\/avatar\/25062b07ca71c6bd5068308d24c2324f5aa6ebaf89f15e1c4626733ec947023e?s=96&d=mm&r=g","url":"https:\/\/secure.gravatar.com\/avatar\/25062b07ca71c6bd5068308d24c2324f5aa6ebaf89f15e1c4626733ec947023e?s=96&d=mm&r=g","contentUrl":"https:\/\/secure.gravatar.com\/avatar\/25062b07ca71c6bd5068308d24c2324f5aa6ebaf89f15e1c4626733ec947023e?s=96&d=mm&r=g","caption":"Karen Maqueda"},"url":"https:\/\/centrourbano.com\/revista\/author\/karenm\/"}]}},"_links":{"self":[{"href":"https:\/\/centrourbano.com\/revista\/wp-json\/wp\/v2\/posts\/82939","targetHints":{"allow":["GET"]}}],"collection":[{"href":"https:\/\/centrourbano.com\/revista\/wp-json\/wp\/v2\/posts"}],"about":[{"href":"https:\/\/centrourbano.com\/revista\/wp-json\/wp\/v2\/types\/post"}],"author":[{"embeddable":true,"href":"https:\/\/centrourbano.com\/revista\/wp-json\/wp\/v2\/users\/70"}],"replies":[{"embeddable":true,"href":"https:\/\/centrourbano.com\/revista\/wp-json\/wp\/v2\/comments?post=82939"}],"version-history":[{"count":4,"href":"https:\/\/centrourbano.com\/revista\/wp-json\/wp\/v2\/posts\/82939\/revisions"}],"predecessor-version":[{"id":82961,"href":"https:\/\/centrourbano.com\/revista\/wp-json\/wp\/v2\/posts\/82939\/revisions\/82961"}],"wp:featuredmedia":[{"embeddable":true,"href":"https:\/\/centrourbano.com\/revista\/wp-json\/wp\/v2\/media\/82941"}],"wp:attachment":[{"href":"https:\/\/centrourbano.com\/revista\/wp-json\/wp\/v2\/media?parent=82939"}],"wp:term":[{"taxonomy":"category","embeddable":true,"href":"https:\/\/centrourbano.com\/revista\/wp-json\/wp\/v2\/categories?post=82939"},{"taxonomy":"post_tag","embeddable":true,"href":"https:\/\/centrourbano.com\/revista\/wp-json\/wp\/v2\/tags?post=82939"}],"curies":[{"name":"wp","href":"https:\/\/api.w.org\/{rel}","templated":true}]}}