{"id":8208,"date":"2014-07-01T17:49:46","date_gmt":"2014-07-01T22:49:46","guid":{"rendered":"http:\/\/centrourbano.com\/?p=8208"},"modified":"2014-07-01T17:52:05","modified_gmt":"2014-07-01T22:52:05","slug":"llama-mancera-a-municipios-locales-y-del-extranjero-a-consolidar-su-fuerza-mediante-el-trabajo-coordinado","status":"publish","type":"post","link":"https:\/\/centrourbano.com\/revista\/saladeprensa\/llama-mancera-a-municipios-locales-y-del-extranjero-a-consolidar-su-fuerza-mediante-el-trabajo-coordinado\/","title":{"rendered":"Llama Mancera a municipios locales y del extranjero a consolidar su fuerza mediante el trabajo coordinado"},"content":{"rendered":"<p style=\"color: #222222; text-align: left;\" align=\"center\">Alcaldes y jefes delegacionales intercambian experiencias en Palacio de Miner\u00eda con miras a generar una mejor gesti\u00f3n metropolitana<!--more--><\/p>\n<p style=\"color: #222222;\"><span lang=\"ES-MX\" style=\"color: black;\">\u00a0<\/span><\/p>\n<p style=\"color: #222222;\">El Jefe de Gobierno de la Ciudad de M\u00e9xico, Miguel \u00c1ngel Mancera Espinosa, llam\u00f3 a autoridades municipales del pa\u00eds y del extranjero a consolidar, \u201cla fuerza de los municipios\u201d, tras destacar que estas zonas tienden a incrementarse en el planeta y resulta fundamental generar una mayor coordinaci\u00f3n y comunicaci\u00f3n para avanzar en su desarrollo.<\/p>\n<p style=\"color: #222222;\"><span lang=\"ES-MX\">\u00a0<\/span><\/p>\n<p style=\"color: #222222;\"><span lang=\"ES-MX\" style=\"color: black;\">En el Palacio de Miner\u00eda, inaugur\u00f3 el Primer Encuentro para un Gobierno Metropolitano, que reuni\u00f3 a representantes municipales de diferentes entidades \u00a0mexicanas y pa\u00edses como Colombia, Chile, Espa\u00f1a y Uruguay, entre otras naciones donde precis\u00f3 que \u201cde 1960 a la fecha, hemos tenido un incremento sustancial -en lo que a zonas metropolitanas se refiere- pues antes habl\u00e1bamos de 12 y actualmente hay 59 con m\u00e1s de 63 millones de habitantes por lo que un tema fundamental a desarrollar es la coordinaci\u00f3n\u201d.<\/span><\/p>\n<p style=\"color: #222222;\"><span lang=\"ES-MX\">\u00a0<\/span><\/p>\n<p style=\"color: #222222;\"><span lang=\"ES-MX\" style=\"color: black;\">Acompa\u00f1ado por los liderazgos de organizaciones que aglomeran a representantes municipales de diferentes regiones, Mancera Espinosa felicit\u00f3 los trabajos de este encuentro que permitir\u00e1 intercambiar experiencias entre los municipios con miras a consolidar una gesti\u00f3n coordinada en la b\u00fasqueda de soluciones a problemas comunes.<\/span><\/p>\n<p style=\"color: #222222;\"><span lang=\"ES-MX\">\u00a0<\/span><\/p>\n<p style=\"color: #222222;\"><span lang=\"ES-MX\" style=\"color: black;\">Al evento donde asistieron jefes y jefas delegacionales de la CDMX, diputados y diputadas locales y federales; el Ejecutivo local reconoci\u00f3 la iniciativa de generar este tipo de encuentros donde se debaten ideas y se visibiliza la relevancia de los Gobiernos metropolitanos.<\/span><\/p>\n<p style=\"color: #222222;\"><span lang=\"ES-MX\">\u00a0<\/span><\/p>\n<p style=\"color: #222222;\"><span lang=\"ES-MX\" style=\"color: black;\">Al referirse a la Ciudad de M\u00e9xico, subray\u00f3 que se trabaja de manera conjunta con los jefes y jefas delegacionales reconociendo que en la estructura de Gobierno, ellos son el primer contacto con la ciudadan\u00eda, as\u00ed como los municipios son el primer contacto con la poblaci\u00f3n.<\/span><\/p>\n<p style=\"color: #222222;\"><span lang=\"ES-MX\">\u00a0<\/span><\/p>\n<p style=\"color: #222222;\"><span lang=\"ES-MX\" style=\"color: black;\">En ese sentido, Leticia Quezada, delegada en Magdalena Contreras, y presidenta de la Asociaci\u00f3n de Autoridades Locales de M\u00e9xico A.C. (AALMAC), se\u00f1al\u00f3 que el objetivo de este encuentro es mejorar las pr\u00e1cticas de Gobierno e intercambiar en foros y mesas de an\u00e1lisis ideas que permitan modernizar la gesti\u00f3n en los municipios, partiendo del entendimiento de que las autoridades municipales deben ser facilitadores de la ciudadan\u00eda para dar soluci\u00f3n inmediata a sus necesidades.<\/span><\/p>\n<p style=\"color: #222222;\"><span lang=\"ES-MX\">\u00a0<\/span><\/p>\n<p style=\"color: #222222;\"><span lang=\"ES-MX\" style=\"color: black;\">Asimismo, Jes\u00fas Valencia Guzm\u00e1n, jefe delegacional en Iztapalapa, llam\u00f3 a construir mecanismos y herramientas para generar soluciones que mejoren la calidad de vida de quienes habitan las zonas metropolitanas.<\/span><\/p>\n<p style=\"color: #222222;\"><span lang=\"ES-MX\">\u00a0<\/span><\/p>\n<p style=\"color: #222222;\"><span lang=\"ES-MX\" style=\"color: black;\">Al respecto, Manuel Granados, presidente de la Comisi\u00f3n de Gobierno de la Asamblea Legislativa del Distrito Federal (ALDF), plante\u00f3 que para la soluci\u00f3n de problemas metropolitanos como el manejo del agua, de residuos s\u00f3lidos, la generaci\u00f3n de oportunidades de empleo o de acceso a vivienda digna, la disposici\u00f3n de las autoridades municipales, de los delegados y alcaldes, juega un papel importante para ofrecer mejores condiciones de vida a la ciudadan\u00eda.<\/span><\/p>\n<p style=\"color: #222222;\"><span lang=\"ES-MX\">\u00a0<\/span><\/p>\n<p style=\"color: #222222;\"><span lang=\"ES-MX\" style=\"color: black;\">En este sentido, Pablo Bas\u00e1\u00f1ez, presidente municipal de Tlalnepantla de Baz, Estado de M\u00e9xico, sostuvo que los consensos en temas metropolitanos, sobrepasan las jurisdicciones administrativas tradicionales y se sum\u00f3 al exhorto de crear una agenda com\u00fan que lleve a mejorar los servicios p\u00fablicos, la seguridad, las condiciones del medio ambiente y el empleo en la zona metropolitana, \u201cla poblaci\u00f3n crece y tambi\u00e9n sus retos, ese es el fen\u00f3meno metropolitano que juntos debemos atender\u201d.<\/span><\/p>\n","protected":false},"excerpt":{"rendered":"<p>Alcaldes y jefes delegacionales intercambian experiencias en Palacio de Miner\u00eda con miras a generar una mejor gesti\u00f3n metropolitana<\/p>\n","protected":false},"author":14,"featured_media":0,"comment_status":"open","ping_status":"closed","sticky":false,"template":"","format":"standard","meta":{"om_disable_all_campaigns":false,"inline_featured_image":false,"_monsterinsights_skip_tracking":false,"_monsterinsights_sitenote_active":false,"_monsterinsights_sitenote_note":"","_monsterinsights_sitenote_category":0,"footnotes":""},"categories":[7],"tags":[1874,147],"class_list":["post-8208","post","type-post","status-publish","format-standard","hentry","category-saladeprensa","tag-miguel-a-mancera","tag-municipios"],"yoast_head":"<!-- This site is optimized with the Yoast SEO plugin v27.4 - https:\/\/yoast.com\/product\/yoast-seo-wordpress\/ -->\n<title>Llama Mancera a municipios locales y del extranjero a consolidar su fuerza mediante el trabajo coordinado  -<\/title>\n<meta name=\"description\" content=\"Alcaldes y jefes delegacionales intercambian experiencias en Palacio de Miner\u00eda con miras a generar una mejor gesti\u00f3n metropolitana \u00a0 El Jefe de Gobierno\" \/>\n<meta name=\"robots\" content=\"index, follow, max-snippet:-1, max-image-preview:large, max-video-preview:-1\" \/>\n<link rel=\"canonical\" href=\"https:\/\/centrourbano.com\/revista\/saladeprensa\/llama-mancera-a-municipios-locales-y-del-extranjero-a-consolidar-su-fuerza-mediante-el-trabajo-coordinado\/\" \/>\n<meta property=\"og:locale\" content=\"es_ES\" \/>\n<meta property=\"og:type\" content=\"article\" \/>\n<meta property=\"og:title\" content=\"Llama Mancera a municipios locales y del extranjero a consolidar su fuerza mediante el trabajo coordinado  -\" \/>\n<meta property=\"og:description\" content=\"Alcaldes y jefes delegacionales intercambian experiencias en Palacio de Miner\u00eda con miras a generar una mejor gesti\u00f3n metropolitana \u00a0 El Jefe de Gobierno\" \/>\n<meta property=\"og:url\" content=\"https:\/\/centrourbano.com\/revista\/saladeprensa\/llama-mancera-a-municipios-locales-y-del-extranjero-a-consolidar-su-fuerza-mediante-el-trabajo-coordinado\/\" \/>\n<meta property=\"og:site_name\" content=\"Centro Urbano\" \/>\n<meta property=\"article:publisher\" content=\"https:\/\/www.facebook.com\/portalcentrourbano\" \/>\n<meta property=\"article:published_time\" content=\"2014-07-01T22:49:46+00:00\" \/>\n<meta property=\"article:modified_time\" content=\"2014-07-01T22:52:05+00:00\" \/>\n<meta property=\"og:image\" content=\"https:\/\/centrourbano.com\/revista\/wp-content\/uploads\/CU-logo.png\" \/>\n\t<meta property=\"og:image:width\" content=\"350\" \/>\n\t<meta property=\"og:image:height\" content=\"91\" \/>\n\t<meta property=\"og:image:type\" content=\"image\/png\" \/>\n<meta name=\"author\" content=\"Redacci\u00f3n Centro Urbano\" \/>\n<meta name=\"twitter:card\" content=\"summary_large_image\" \/>\n<meta name=\"twitter:creator\" content=\"@CentroUrbano\" \/>\n<meta name=\"twitter:site\" content=\"@CentroUrbano\" \/>\n<meta name=\"twitter:label1\" content=\"Escrito por\" \/>\n\t<meta name=\"twitter:data1\" content=\"Redacci\u00f3n Centro Urbano\" \/>\n\t<meta name=\"twitter:label2\" content=\"Tiempo de lectura\" \/>\n\t<meta name=\"twitter:data2\" content=\"3 minutos\" \/>\n<script type=\"application\/ld+json\" class=\"yoast-schema-graph\">{\"@context\":\"https:\\\/\\\/schema.org\",\"@graph\":[{\"@type\":\"Article\",\"@id\":\"https:\\\/\\\/centrourbano.com\\\/revista\\\/saladeprensa\\\/llama-mancera-a-municipios-locales-y-del-extranjero-a-consolidar-su-fuerza-mediante-el-trabajo-coordinado\\\/#article\",\"isPartOf\":{\"@id\":\"https:\\\/\\\/centrourbano.com\\\/revista\\\/saladeprensa\\\/llama-mancera-a-municipios-locales-y-del-extranjero-a-consolidar-su-fuerza-mediante-el-trabajo-coordinado\\\/\"},\"author\":{\"name\":\"Redacci\u00f3n Centro Urbano\",\"@id\":\"https:\\\/\\\/centrourbano.com\\\/revista\\\/#\\\/schema\\\/person\\\/680e7c50f9d6e917e416c9efdc26f996\"},\"headline\":\"Llama Mancera a municipios locales y del extranjero a consolidar su fuerza mediante el trabajo coordinado\",\"datePublished\":\"2014-07-01T22:49:46+00:00\",\"dateModified\":\"2014-07-01T22:52:05+00:00\",\"mainEntityOfPage\":{\"@id\":\"https:\\\/\\\/centrourbano.com\\\/revista\\\/saladeprensa\\\/llama-mancera-a-municipios-locales-y-del-extranjero-a-consolidar-su-fuerza-mediante-el-trabajo-coordinado\\\/\"},\"wordCount\":583,\"commentCount\":0,\"publisher\":{\"@id\":\"https:\\\/\\\/centrourbano.com\\\/revista\\\/#organization\"},\"keywords\":[\"Miguel A. Mancera\",\"Municipios\"],\"articleSection\":[\"Sala de Prensa\"],\"inLanguage\":\"es\",\"potentialAction\":[{\"@type\":\"CommentAction\",\"name\":\"Comment\",\"target\":[\"https:\\\/\\\/centrourbano.com\\\/revista\\\/saladeprensa\\\/llama-mancera-a-municipios-locales-y-del-extranjero-a-consolidar-su-fuerza-mediante-el-trabajo-coordinado\\\/#respond\"]}]},{\"@type\":\"WebPage\",\"@id\":\"https:\\\/\\\/centrourbano.com\\\/revista\\\/saladeprensa\\\/llama-mancera-a-municipios-locales-y-del-extranjero-a-consolidar-su-fuerza-mediante-el-trabajo-coordinado\\\/\",\"url\":\"https:\\\/\\\/centrourbano.com\\\/revista\\\/saladeprensa\\\/llama-mancera-a-municipios-locales-y-del-extranjero-a-consolidar-su-fuerza-mediante-el-trabajo-coordinado\\\/\",\"name\":\"Llama Mancera a municipios locales y del extranjero a consolidar su fuerza mediante el trabajo coordinado -\",\"isPartOf\":{\"@id\":\"https:\\\/\\\/centrourbano.com\\\/revista\\\/#website\"},\"datePublished\":\"2014-07-01T22:49:46+00:00\",\"dateModified\":\"2014-07-01T22:52:05+00:00\",\"description\":\"Alcaldes y jefes delegacionales intercambian experiencias en Palacio de Miner\u00eda con miras a generar una mejor gesti\u00f3n metropolitana \u00a0 El Jefe de Gobierno\",\"breadcrumb\":{\"@id\":\"https:\\\/\\\/centrourbano.com\\\/revista\\\/saladeprensa\\\/llama-mancera-a-municipios-locales-y-del-extranjero-a-consolidar-su-fuerza-mediante-el-trabajo-coordinado\\\/#breadcrumb\"},\"inLanguage\":\"es\",\"potentialAction\":[{\"@type\":\"ReadAction\",\"target\":[\"https:\\\/\\\/centrourbano.com\\\/revista\\\/saladeprensa\\\/llama-mancera-a-municipios-locales-y-del-extranjero-a-consolidar-su-fuerza-mediante-el-trabajo-coordinado\\\/\"]}]},{\"@type\":\"BreadcrumbList\",\"@id\":\"https:\\\/\\\/centrourbano.com\\\/revista\\\/saladeprensa\\\/llama-mancera-a-municipios-locales-y-del-extranjero-a-consolidar-su-fuerza-mediante-el-trabajo-coordinado\\\/#breadcrumb\",\"itemListElement\":[{\"@type\":\"ListItem\",\"position\":1,\"name\":\"Portada\",\"item\":\"https:\\\/\\\/centrourbano.com\\\/revista\\\/\"},{\"@type\":\"ListItem\",\"position\":2,\"name\":\"Llama Mancera a municipios locales y del extranjero a consolidar su fuerza mediante el trabajo coordinado\"}]},{\"@type\":\"WebSite\",\"@id\":\"https:\\\/\\\/centrourbano.com\\\/revista\\\/#website\",\"url\":\"https:\\\/\\\/centrourbano.com\\\/revista\\\/\",\"name\":\"Centro Urbano\",\"description\":\"Medio especializado en los sectores vivienda, inmobiliario, construcci\u00f3n, arquitectura y urbanismo.\",\"publisher\":{\"@id\":\"https:\\\/\\\/centrourbano.com\\\/revista\\\/#organization\"},\"potentialAction\":[{\"@type\":\"SearchAction\",\"target\":{\"@type\":\"EntryPoint\",\"urlTemplate\":\"https:\\\/\\\/centrourbano.com\\\/revista\\\/?s={search_term_string}\"},\"query-input\":{\"@type\":\"PropertyValueSpecification\",\"valueRequired\":true,\"valueName\":\"search_term_string\"}}],\"inLanguage\":\"es\"},{\"@type\":\"Organization\",\"@id\":\"https:\\\/\\\/centrourbano.com\\\/revista\\\/#organization\",\"name\":\"Centro Urbano\",\"url\":\"https:\\\/\\\/centrourbano.com\\\/revista\\\/\",\"logo\":{\"@type\":\"ImageObject\",\"inLanguage\":\"es\",\"@id\":\"https:\\\/\\\/centrourbano.com\\\/revista\\\/#\\\/schema\\\/logo\\\/image\\\/\",\"url\":\"https:\\\/\\\/centrourbano.com\\\/revista\\\/wp-content\\\/uploads\\\/web_CU_logo-1.png\",\"contentUrl\":\"https:\\\/\\\/centrourbano.com\\\/revista\\\/wp-content\\\/uploads\\\/web_CU_logo-1.png\",\"width\":350,\"height\":91,\"caption\":\"Centro Urbano\"},\"image\":{\"@id\":\"https:\\\/\\\/centrourbano.com\\\/revista\\\/#\\\/schema\\\/logo\\\/image\\\/\"},\"sameAs\":[\"https:\\\/\\\/www.facebook.com\\\/portalcentrourbano\",\"https:\\\/\\\/x.com\\\/CentroUrbano\",\"https:\\\/\\\/www.instagram.com\\\/centro_urbano\\\/\",\"https:\\\/\\\/www.linkedin.com\\\/company\\\/centro-urbano\\\/\",\"http:\\\/\\\/www.youtube.com\\\/user\\\/portalcentrourbano\"]},{\"@type\":\"Person\",\"@id\":\"https:\\\/\\\/centrourbano.com\\\/revista\\\/#\\\/schema\\\/person\\\/680e7c50f9d6e917e416c9efdc26f996\",\"name\":\"Redacci\u00f3n Centro Urbano\",\"image\":{\"@type\":\"ImageObject\",\"inLanguage\":\"es\",\"@id\":\"https:\\\/\\\/secure.gravatar.com\\\/avatar\\\/15a789f894398c0f311f3a7a2ee28032bbc0483098539da66b6a045aa810bf35?s=96&d=mm&r=g\",\"url\":\"https:\\\/\\\/secure.gravatar.com\\\/avatar\\\/15a789f894398c0f311f3a7a2ee28032bbc0483098539da66b6a045aa810bf35?s=96&d=mm&r=g\",\"contentUrl\":\"https:\\\/\\\/secure.gravatar.com\\\/avatar\\\/15a789f894398c0f311f3a7a2ee28032bbc0483098539da66b6a045aa810bf35?s=96&d=mm&r=g\",\"caption\":\"Redacci\u00f3n Centro Urbano\"},\"url\":\"https:\\\/\\\/centrourbano.com\\\/revista\\\/author\\\/editorial\\\/\"}]}<\/script>\n<!-- \/ Yoast SEO plugin. -->","yoast_head_json":{"title":"Llama Mancera a municipios locales y del extranjero a consolidar su fuerza mediante el trabajo coordinado  -","description":"Alcaldes y jefes delegacionales intercambian experiencias en Palacio de Miner\u00eda con miras a generar una mejor gesti\u00f3n metropolitana \u00a0 El Jefe de Gobierno","robots":{"index":"index","follow":"follow","max-snippet":"max-snippet:-1","max-image-preview":"max-image-preview:large","max-video-preview":"max-video-preview:-1"},"canonical":"https:\/\/centrourbano.com\/revista\/saladeprensa\/llama-mancera-a-municipios-locales-y-del-extranjero-a-consolidar-su-fuerza-mediante-el-trabajo-coordinado\/","og_locale":"es_ES","og_type":"article","og_title":"Llama Mancera a municipios locales y del extranjero a consolidar su fuerza mediante el trabajo coordinado  -","og_description":"Alcaldes y jefes delegacionales intercambian experiencias en Palacio de Miner\u00eda con miras a generar una mejor gesti\u00f3n metropolitana \u00a0 El Jefe de Gobierno","og_url":"https:\/\/centrourbano.com\/revista\/saladeprensa\/llama-mancera-a-municipios-locales-y-del-extranjero-a-consolidar-su-fuerza-mediante-el-trabajo-coordinado\/","og_site_name":"Centro Urbano","article_publisher":"https:\/\/www.facebook.com\/portalcentrourbano","article_published_time":"2014-07-01T22:49:46+00:00","article_modified_time":"2014-07-01T22:52:05+00:00","og_image":[{"width":350,"height":91,"url":"https:\/\/centrourbano.com\/revista\/wp-content\/uploads\/CU-logo.png","type":"image\/png"}],"author":"Redacci\u00f3n Centro Urbano","twitter_card":"summary_large_image","twitter_creator":"@CentroUrbano","twitter_site":"@CentroUrbano","twitter_misc":{"Escrito por":"Redacci\u00f3n Centro Urbano","Tiempo de lectura":"3 minutos"},"schema":{"@context":"https:\/\/schema.org","@graph":[{"@type":"Article","@id":"https:\/\/centrourbano.com\/revista\/saladeprensa\/llama-mancera-a-municipios-locales-y-del-extranjero-a-consolidar-su-fuerza-mediante-el-trabajo-coordinado\/#article","isPartOf":{"@id":"https:\/\/centrourbano.com\/revista\/saladeprensa\/llama-mancera-a-municipios-locales-y-del-extranjero-a-consolidar-su-fuerza-mediante-el-trabajo-coordinado\/"},"author":{"name":"Redacci\u00f3n Centro Urbano","@id":"https:\/\/centrourbano.com\/revista\/#\/schema\/person\/680e7c50f9d6e917e416c9efdc26f996"},"headline":"Llama Mancera a municipios locales y del extranjero a consolidar su fuerza mediante el trabajo coordinado","datePublished":"2014-07-01T22:49:46+00:00","dateModified":"2014-07-01T22:52:05+00:00","mainEntityOfPage":{"@id":"https:\/\/centrourbano.com\/revista\/saladeprensa\/llama-mancera-a-municipios-locales-y-del-extranjero-a-consolidar-su-fuerza-mediante-el-trabajo-coordinado\/"},"wordCount":583,"commentCount":0,"publisher":{"@id":"https:\/\/centrourbano.com\/revista\/#organization"},"keywords":["Miguel A. Mancera","Municipios"],"articleSection":["Sala de Prensa"],"inLanguage":"es","potentialAction":[{"@type":"CommentAction","name":"Comment","target":["https:\/\/centrourbano.com\/revista\/saladeprensa\/llama-mancera-a-municipios-locales-y-del-extranjero-a-consolidar-su-fuerza-mediante-el-trabajo-coordinado\/#respond"]}]},{"@type":"WebPage","@id":"https:\/\/centrourbano.com\/revista\/saladeprensa\/llama-mancera-a-municipios-locales-y-del-extranjero-a-consolidar-su-fuerza-mediante-el-trabajo-coordinado\/","url":"https:\/\/centrourbano.com\/revista\/saladeprensa\/llama-mancera-a-municipios-locales-y-del-extranjero-a-consolidar-su-fuerza-mediante-el-trabajo-coordinado\/","name":"Llama Mancera a municipios locales y del extranjero a consolidar su fuerza mediante el trabajo coordinado -","isPartOf":{"@id":"https:\/\/centrourbano.com\/revista\/#website"},"datePublished":"2014-07-01T22:49:46+00:00","dateModified":"2014-07-01T22:52:05+00:00","description":"Alcaldes y jefes delegacionales intercambian experiencias en Palacio de Miner\u00eda con miras a generar una mejor gesti\u00f3n metropolitana \u00a0 El Jefe de Gobierno","breadcrumb":{"@id":"https:\/\/centrourbano.com\/revista\/saladeprensa\/llama-mancera-a-municipios-locales-y-del-extranjero-a-consolidar-su-fuerza-mediante-el-trabajo-coordinado\/#breadcrumb"},"inLanguage":"es","potentialAction":[{"@type":"ReadAction","target":["https:\/\/centrourbano.com\/revista\/saladeprensa\/llama-mancera-a-municipios-locales-y-del-extranjero-a-consolidar-su-fuerza-mediante-el-trabajo-coordinado\/"]}]},{"@type":"BreadcrumbList","@id":"https:\/\/centrourbano.com\/revista\/saladeprensa\/llama-mancera-a-municipios-locales-y-del-extranjero-a-consolidar-su-fuerza-mediante-el-trabajo-coordinado\/#breadcrumb","itemListElement":[{"@type":"ListItem","position":1,"name":"Portada","item":"https:\/\/centrourbano.com\/revista\/"},{"@type":"ListItem","position":2,"name":"Llama Mancera a municipios locales y del extranjero a consolidar su fuerza mediante el trabajo coordinado"}]},{"@type":"WebSite","@id":"https:\/\/centrourbano.com\/revista\/#website","url":"https:\/\/centrourbano.com\/revista\/","name":"Centro Urbano","description":"Medio especializado en los sectores vivienda, inmobiliario, construcci\u00f3n, arquitectura y urbanismo.","publisher":{"@id":"https:\/\/centrourbano.com\/revista\/#organization"},"potentialAction":[{"@type":"SearchAction","target":{"@type":"EntryPoint","urlTemplate":"https:\/\/centrourbano.com\/revista\/?s={search_term_string}"},"query-input":{"@type":"PropertyValueSpecification","valueRequired":true,"valueName":"search_term_string"}}],"inLanguage":"es"},{"@type":"Organization","@id":"https:\/\/centrourbano.com\/revista\/#organization","name":"Centro Urbano","url":"https:\/\/centrourbano.com\/revista\/","logo":{"@type":"ImageObject","inLanguage":"es","@id":"https:\/\/centrourbano.com\/revista\/#\/schema\/logo\/image\/","url":"https:\/\/centrourbano.com\/revista\/wp-content\/uploads\/web_CU_logo-1.png","contentUrl":"https:\/\/centrourbano.com\/revista\/wp-content\/uploads\/web_CU_logo-1.png","width":350,"height":91,"caption":"Centro Urbano"},"image":{"@id":"https:\/\/centrourbano.com\/revista\/#\/schema\/logo\/image\/"},"sameAs":["https:\/\/www.facebook.com\/portalcentrourbano","https:\/\/x.com\/CentroUrbano","https:\/\/www.instagram.com\/centro_urbano\/","https:\/\/www.linkedin.com\/company\/centro-urbano\/","http:\/\/www.youtube.com\/user\/portalcentrourbano"]},{"@type":"Person","@id":"https:\/\/centrourbano.com\/revista\/#\/schema\/person\/680e7c50f9d6e917e416c9efdc26f996","name":"Redacci\u00f3n Centro Urbano","image":{"@type":"ImageObject","inLanguage":"es","@id":"https:\/\/secure.gravatar.com\/avatar\/15a789f894398c0f311f3a7a2ee28032bbc0483098539da66b6a045aa810bf35?s=96&d=mm&r=g","url":"https:\/\/secure.gravatar.com\/avatar\/15a789f894398c0f311f3a7a2ee28032bbc0483098539da66b6a045aa810bf35?s=96&d=mm&r=g","contentUrl":"https:\/\/secure.gravatar.com\/avatar\/15a789f894398c0f311f3a7a2ee28032bbc0483098539da66b6a045aa810bf35?s=96&d=mm&r=g","caption":"Redacci\u00f3n Centro Urbano"},"url":"https:\/\/centrourbano.com\/revista\/author\/editorial\/"}]}},"_links":{"self":[{"href":"https:\/\/centrourbano.com\/revista\/wp-json\/wp\/v2\/posts\/8208","targetHints":{"allow":["GET"]}}],"collection":[{"href":"https:\/\/centrourbano.com\/revista\/wp-json\/wp\/v2\/posts"}],"about":[{"href":"https:\/\/centrourbano.com\/revista\/wp-json\/wp\/v2\/types\/post"}],"author":[{"embeddable":true,"href":"https:\/\/centrourbano.com\/revista\/wp-json\/wp\/v2\/users\/14"}],"replies":[{"embeddable":true,"href":"https:\/\/centrourbano.com\/revista\/wp-json\/wp\/v2\/comments?post=8208"}],"version-history":[{"count":0,"href":"https:\/\/centrourbano.com\/revista\/wp-json\/wp\/v2\/posts\/8208\/revisions"}],"wp:attachment":[{"href":"https:\/\/centrourbano.com\/revista\/wp-json\/wp\/v2\/media?parent=8208"}],"wp:term":[{"taxonomy":"category","embeddable":true,"href":"https:\/\/centrourbano.com\/revista\/wp-json\/wp\/v2\/categories?post=8208"},{"taxonomy":"post_tag","embeddable":true,"href":"https:\/\/centrourbano.com\/revista\/wp-json\/wp\/v2\/tags?post=8208"}],"curies":[{"name":"wp","href":"https:\/\/api.w.org\/{rel}","templated":true}]}}