{"id":81843,"date":"2018-11-20T15:34:45","date_gmt":"2018-11-20T21:34:45","guid":{"rendered":"https:\/\/centrourbano.com\/?p=81843"},"modified":"2018-11-20T15:35:36","modified_gmt":"2018-11-20T21:35:36","slug":"oscar-buen-ingeniero-brillante","status":"publish","type":"post","link":"https:\/\/centrourbano.com\/revista\/publicaciones\/oscar-buen-ingeniero-brillante\/","title":{"rendered":"\u00d3scar de Buen, un ingeniero brillante"},"content":{"rendered":"<p><em>A lo largo de su vida profesional recibi\u00f3 m\u00faltiples reconocimientos y premios por su destacada participaci\u00f3n en proyectos de infraestructura <\/em><!--more--><\/p>\n<p>En la d\u00e9cimo s\u00e9ptima entrega de los Premios Hombres y Mujeres de la Casa, uno de los homenajes p\u00f3stumos corresponde al ingeniero civil Oscar de Buen L\u00f3pez de Heredia, quien destac\u00f3 profesionalmente por sus colaboraciones en proyectos de infraestructura y arquitectura de \u00edndole nacional. <\/p>\n<p>Naci\u00f3 en Madrid, Espa\u00f1a en 1925, sin embargo la mayor parte de su vida radic\u00f3 en M\u00e9xico, pa\u00eds al que lleg\u00f3 cuando ten\u00eda la edad de 14 a\u00f1os. Vivi\u00f3 un par de meses en Morelia, posteriormente se mud\u00f3 a la Ciudad de M\u00e9xico para cursar el bachillerato en la Escuela Nacional Preparatoria. <\/p>\n<p>Lee el texto completo <a href=\"https:\/\/centrourbano.com\/2018\/11\/20\/revista-hombres-mujeres-la-casa-no-39\/\" rel=\"noopener\" target=\"_blank\">aqu\u00ed<\/a>. <\/p>\n","protected":false},"excerpt":{"rendered":"<p>A lo largo de su vida profesional recibi\u00f3 m\u00faltiples reconocimientos y premios por su destacada participaci\u00f3n en proyectos de infraestructura<\/p>\n","protected":false},"author":47,"featured_media":72843,"comment_status":"open","ping_status":"closed","sticky":false,"template":"","format":"standard","meta":{"om_disable_all_campaigns":false,"inline_featured_image":false,"_monsterinsights_skip_tracking":false,"_monsterinsights_sitenote_active":false,"_monsterinsights_sitenote_note":"","_monsterinsights_sitenote_category":0,"footnotes":""},"categories":[7861,4],"tags":[4523,9027,13655,6898,14876],"class_list":["post-81843","post","type-post","status-publish","format-standard","has-post-thumbnail","hentry","category-hombres-y-mujeres-magazine","category-publicaciones","tag-hombres-y-mujeres-de-la-casa","tag-homenaje-postumo","tag-oscar-de-buen","tag-premio-hombres-y-mujeres-de-la-casa","tag-premio-hym-2018"],"yoast_head":"<!-- This site is optimized with the Yoast SEO plugin v27.5 - https:\/\/yoast.com\/product\/yoast-seo-wordpress\/ -->\n<title>Oscar de Buen, un ingeniero brillante (Premio HyM 2018)<\/title>\n<meta name=\"description\" content=\"A lo largo de su vida profesional recibi\u00f3 m\u00faltiples reconocimientos y premios por su destacada participaci\u00f3n en proyectos de infraestructura.\" \/>\n<meta name=\"robots\" content=\"index, follow, max-snippet:-1, max-image-preview:large, max-video-preview:-1\" \/>\n<link rel=\"canonical\" href=\"https:\/\/centrourbano.com\/revista\/publicaciones\/oscar-buen-ingeniero-brillante\/\" \/>\n<meta property=\"og:locale\" content=\"es_ES\" \/>\n<meta property=\"og:type\" content=\"article\" \/>\n<meta property=\"og:title\" content=\"Oscar de Buen, un ingeniero brillante (Premio HyM 2018)\" \/>\n<meta property=\"og:description\" content=\"A lo largo de su vida profesional recibi\u00f3 m\u00faltiples reconocimientos y premios por su destacada participaci\u00f3n en proyectos de infraestructura.\" \/>\n<meta property=\"og:url\" content=\"https:\/\/centrourbano.com\/revista\/publicaciones\/oscar-buen-ingeniero-brillante\/\" \/>\n<meta property=\"og:site_name\" content=\"Centro Urbano\" \/>\n<meta property=\"article:publisher\" content=\"https:\/\/www.facebook.com\/portalcentrourbano\" \/>\n<meta property=\"article:published_time\" content=\"2018-11-20T21:34:45+00:00\" \/>\n<meta property=\"article:modified_time\" content=\"2018-11-20T21:35:36+00:00\" \/>\n<meta property=\"og:image\" content=\"https:\/\/centrourbano.com\/revista\/wp-content\/uploads\/Oscar-de-Buen-e1542749667443.jpg\" \/>\n\t<meta property=\"og:image:width\" content=\"800\" \/>\n\t<meta property=\"og:image:height\" content=\"682\" \/>\n\t<meta property=\"og:image:type\" content=\"image\/jpeg\" \/>\n<meta name=\"author\" content=\"Edgar Rosas\" \/>\n<meta name=\"twitter:card\" content=\"summary_large_image\" \/>\n<meta name=\"twitter:creator\" content=\"@https:\/\/twitter.com\/ERosasCU?s=09\" \/>\n<meta name=\"twitter:site\" content=\"@CentroUrbano\" \/>\n<meta name=\"twitter:label1\" content=\"Escrito por\" \/>\n\t<meta name=\"twitter:data1\" content=\"Edgar Rosas\" \/>\n\t<meta name=\"twitter:label2\" content=\"Tiempo de lectura\" \/>\n\t<meta name=\"twitter:data2\" content=\"1 minuto\" \/>\n<script type=\"application\/ld+json\" class=\"yoast-schema-graph\">{\"@context\":\"https:\\\/\\\/schema.org\",\"@graph\":[{\"@type\":\"Article\",\"@id\":\"https:\\\/\\\/centrourbano.com\\\/revista\\\/publicaciones\\\/oscar-buen-ingeniero-brillante\\\/#article\",\"isPartOf\":{\"@id\":\"https:\\\/\\\/centrourbano.com\\\/revista\\\/publicaciones\\\/oscar-buen-ingeniero-brillante\\\/\"},\"author\":{\"name\":\"Edgar Rosas\",\"@id\":\"https:\\\/\\\/centrourbano.com\\\/revista\\\/#\\\/schema\\\/person\\\/131fd76fa17f4ca2c25c65a74d97c6b6\"},\"headline\":\"\u00d3scar de Buen, un ingeniero brillante\",\"datePublished\":\"2018-11-20T21:34:45+00:00\",\"dateModified\":\"2018-11-20T21:35:36+00:00\",\"mainEntityOfPage\":{\"@id\":\"https:\\\/\\\/centrourbano.com\\\/revista\\\/publicaciones\\\/oscar-buen-ingeniero-brillante\\\/\"},\"wordCount\":137,\"commentCount\":0,\"publisher\":{\"@id\":\"https:\\\/\\\/centrourbano.com\\\/revista\\\/#organization\"},\"image\":{\"@id\":\"https:\\\/\\\/centrourbano.com\\\/revista\\\/publicaciones\\\/oscar-buen-ingeniero-brillante\\\/#primaryimage\"},\"thumbnailUrl\":\"https:\\\/\\\/centrourbano.com\\\/revista\\\/wp-content\\\/uploads\\\/Oscar-de-Buen-e1542749667443.jpg\",\"keywords\":[\"Hombres y Mujeres de la Casa\",\"homenaje p\u00f3stumo\",\"\u00d3scar de Buen\",\"Premio Hombres y Mujeres de la Casa\",\"Premio HyM 2018\"],\"articleSection\":[\"Hombres y Mujeres Magazine\",\"Publicaciones\"],\"inLanguage\":\"es\",\"potentialAction\":[{\"@type\":\"CommentAction\",\"name\":\"Comment\",\"target\":[\"https:\\\/\\\/centrourbano.com\\\/revista\\\/publicaciones\\\/oscar-buen-ingeniero-brillante\\\/#respond\"]}]},{\"@type\":\"WebPage\",\"@id\":\"https:\\\/\\\/centrourbano.com\\\/revista\\\/publicaciones\\\/oscar-buen-ingeniero-brillante\\\/\",\"url\":\"https:\\\/\\\/centrourbano.com\\\/revista\\\/publicaciones\\\/oscar-buen-ingeniero-brillante\\\/\",\"name\":\"Oscar de Buen, un ingeniero brillante (Premio HyM 2018)\",\"isPartOf\":{\"@id\":\"https:\\\/\\\/centrourbano.com\\\/revista\\\/#website\"},\"primaryImageOfPage\":{\"@id\":\"https:\\\/\\\/centrourbano.com\\\/revista\\\/publicaciones\\\/oscar-buen-ingeniero-brillante\\\/#primaryimage\"},\"image\":{\"@id\":\"https:\\\/\\\/centrourbano.com\\\/revista\\\/publicaciones\\\/oscar-buen-ingeniero-brillante\\\/#primaryimage\"},\"thumbnailUrl\":\"https:\\\/\\\/centrourbano.com\\\/revista\\\/wp-content\\\/uploads\\\/Oscar-de-Buen-e1542749667443.jpg\",\"datePublished\":\"2018-11-20T21:34:45+00:00\",\"dateModified\":\"2018-11-20T21:35:36+00:00\",\"description\":\"A lo largo de su vida profesional recibi\u00f3 m\u00faltiples reconocimientos y premios por su destacada participaci\u00f3n en proyectos de infraestructura.\",\"breadcrumb\":{\"@id\":\"https:\\\/\\\/centrourbano.com\\\/revista\\\/publicaciones\\\/oscar-buen-ingeniero-brillante\\\/#breadcrumb\"},\"inLanguage\":\"es\",\"potentialAction\":[{\"@type\":\"ReadAction\",\"target\":[\"https:\\\/\\\/centrourbano.com\\\/revista\\\/publicaciones\\\/oscar-buen-ingeniero-brillante\\\/\"]}]},{\"@type\":\"ImageObject\",\"inLanguage\":\"es\",\"@id\":\"https:\\\/\\\/centrourbano.com\\\/revista\\\/publicaciones\\\/oscar-buen-ingeniero-brillante\\\/#primaryimage\",\"url\":\"https:\\\/\\\/centrourbano.com\\\/revista\\\/wp-content\\\/uploads\\\/Oscar-de-Buen-e1542749667443.jpg\",\"contentUrl\":\"https:\\\/\\\/centrourbano.com\\\/revista\\\/wp-content\\\/uploads\\\/Oscar-de-Buen-e1542749667443.jpg\",\"width\":800,\"height\":682,\"caption\":\"\u00d3scar de Buen, \u00edcono de la ingenier\u00eda mexicana\"},{\"@type\":\"BreadcrumbList\",\"@id\":\"https:\\\/\\\/centrourbano.com\\\/revista\\\/publicaciones\\\/oscar-buen-ingeniero-brillante\\\/#breadcrumb\",\"itemListElement\":[{\"@type\":\"ListItem\",\"position\":1,\"name\":\"Portada\",\"item\":\"https:\\\/\\\/centrourbano.com\\\/revista\\\/\"},{\"@type\":\"ListItem\",\"position\":2,\"name\":\"\u00d3scar de Buen, un ingeniero brillante\"}]},{\"@type\":\"WebSite\",\"@id\":\"https:\\\/\\\/centrourbano.com\\\/revista\\\/#website\",\"url\":\"https:\\\/\\\/centrourbano.com\\\/revista\\\/\",\"name\":\"Centro Urbano\",\"description\":\"Medio especializado en los sectores vivienda, inmobiliario, construcci\u00f3n, arquitectura y urbanismo.\",\"publisher\":{\"@id\":\"https:\\\/\\\/centrourbano.com\\\/revista\\\/#organization\"},\"potentialAction\":[{\"@type\":\"SearchAction\",\"target\":{\"@type\":\"EntryPoint\",\"urlTemplate\":\"https:\\\/\\\/centrourbano.com\\\/revista\\\/?s={search_term_string}\"},\"query-input\":{\"@type\":\"PropertyValueSpecification\",\"valueRequired\":true,\"valueName\":\"search_term_string\"}}],\"inLanguage\":\"es\"},{\"@type\":\"Organization\",\"@id\":\"https:\\\/\\\/centrourbano.com\\\/revista\\\/#organization\",\"name\":\"Centro Urbano\",\"url\":\"https:\\\/\\\/centrourbano.com\\\/revista\\\/\",\"logo\":{\"@type\":\"ImageObject\",\"inLanguage\":\"es\",\"@id\":\"https:\\\/\\\/centrourbano.com\\\/revista\\\/#\\\/schema\\\/logo\\\/image\\\/\",\"url\":\"https:\\\/\\\/centrourbano.com\\\/revista\\\/wp-content\\\/uploads\\\/web_CU_logo-1.png\",\"contentUrl\":\"https:\\\/\\\/centrourbano.com\\\/revista\\\/wp-content\\\/uploads\\\/web_CU_logo-1.png\",\"width\":350,\"height\":91,\"caption\":\"Centro Urbano\"},\"image\":{\"@id\":\"https:\\\/\\\/centrourbano.com\\\/revista\\\/#\\\/schema\\\/logo\\\/image\\\/\"},\"sameAs\":[\"https:\\\/\\\/www.facebook.com\\\/portalcentrourbano\",\"https:\\\/\\\/x.com\\\/CentroUrbano\",\"https:\\\/\\\/www.instagram.com\\\/centro_urbano\\\/\",\"https:\\\/\\\/www.linkedin.com\\\/company\\\/centro-urbano\\\/\",\"http:\\\/\\\/www.youtube.com\\\/user\\\/portalcentrourbano\"]},{\"@type\":\"Person\",\"@id\":\"https:\\\/\\\/centrourbano.com\\\/revista\\\/#\\\/schema\\\/person\\\/131fd76fa17f4ca2c25c65a74d97c6b6\",\"name\":\"Edgar Rosas\",\"image\":{\"@type\":\"ImageObject\",\"inLanguage\":\"es\",\"@id\":\"https:\\\/\\\/secure.gravatar.com\\\/avatar\\\/94440c4283495211faa5300bf85e80061036b83fced868c3783aa1310b350d9c?s=96&d=mm&r=g\",\"url\":\"https:\\\/\\\/secure.gravatar.com\\\/avatar\\\/94440c4283495211faa5300bf85e80061036b83fced868c3783aa1310b350d9c?s=96&d=mm&r=g\",\"contentUrl\":\"https:\\\/\\\/secure.gravatar.com\\\/avatar\\\/94440c4283495211faa5300bf85e80061036b83fced868c3783aa1310b350d9c?s=96&d=mm&r=g\",\"caption\":\"Edgar Rosas\"},\"description\":\"Editor en Jefe de Centro Urbano. Egresado de la maestr\u00eda en Periodismo Pol\u00edtico de la Escuela de Periodismo Carlos Septi\u00e9n Garc\u00eda (EPCSG). Estudi\u00f3 la licenciatura en Comunicaci\u00f3n en la Universidad Mexicana. Amante de la cr\u00f3nica y el reportaje. Admirador de Vicente Le\u00f1ero y Miguel \u00c1ngel Granados Chapa.\",\"sameAs\":[\"https:\\\/\\\/x.com\\\/https:\\\/\\\/twitter.com\\\/ERosasCU?s=09\"],\"url\":\"https:\\\/\\\/centrourbano.com\\\/revista\\\/author\\\/edgar-rosas\\\/\"}]}<\/script>\n<!-- \/ Yoast SEO plugin. -->","yoast_head_json":{"title":"Oscar de Buen, un ingeniero brillante (Premio HyM 2018)","description":"A lo largo de su vida profesional recibi\u00f3 m\u00faltiples reconocimientos y premios por su destacada participaci\u00f3n en proyectos de infraestructura.","robots":{"index":"index","follow":"follow","max-snippet":"max-snippet:-1","max-image-preview":"max-image-preview:large","max-video-preview":"max-video-preview:-1"},"canonical":"https:\/\/centrourbano.com\/revista\/publicaciones\/oscar-buen-ingeniero-brillante\/","og_locale":"es_ES","og_type":"article","og_title":"Oscar de Buen, un ingeniero brillante (Premio HyM 2018)","og_description":"A lo largo de su vida profesional recibi\u00f3 m\u00faltiples reconocimientos y premios por su destacada participaci\u00f3n en proyectos de infraestructura.","og_url":"https:\/\/centrourbano.com\/revista\/publicaciones\/oscar-buen-ingeniero-brillante\/","og_site_name":"Centro Urbano","article_publisher":"https:\/\/www.facebook.com\/portalcentrourbano","article_published_time":"2018-11-20T21:34:45+00:00","article_modified_time":"2018-11-20T21:35:36+00:00","og_image":[{"width":800,"height":682,"url":"https:\/\/centrourbano.com\/revista\/wp-content\/uploads\/Oscar-de-Buen-e1542749667443.jpg","type":"image\/jpeg"}],"author":"Edgar Rosas","twitter_card":"summary_large_image","twitter_creator":"@https:\/\/twitter.com\/ERosasCU?s=09","twitter_site":"@CentroUrbano","twitter_misc":{"Escrito por":"Edgar Rosas","Tiempo de lectura":"1 minuto"},"schema":{"@context":"https:\/\/schema.org","@graph":[{"@type":"Article","@id":"https:\/\/centrourbano.com\/revista\/publicaciones\/oscar-buen-ingeniero-brillante\/#article","isPartOf":{"@id":"https:\/\/centrourbano.com\/revista\/publicaciones\/oscar-buen-ingeniero-brillante\/"},"author":{"name":"Edgar Rosas","@id":"https:\/\/centrourbano.com\/revista\/#\/schema\/person\/131fd76fa17f4ca2c25c65a74d97c6b6"},"headline":"\u00d3scar de Buen, un ingeniero brillante","datePublished":"2018-11-20T21:34:45+00:00","dateModified":"2018-11-20T21:35:36+00:00","mainEntityOfPage":{"@id":"https:\/\/centrourbano.com\/revista\/publicaciones\/oscar-buen-ingeniero-brillante\/"},"wordCount":137,"commentCount":0,"publisher":{"@id":"https:\/\/centrourbano.com\/revista\/#organization"},"image":{"@id":"https:\/\/centrourbano.com\/revista\/publicaciones\/oscar-buen-ingeniero-brillante\/#primaryimage"},"thumbnailUrl":"https:\/\/centrourbano.com\/revista\/wp-content\/uploads\/Oscar-de-Buen-e1542749667443.jpg","keywords":["Hombres y Mujeres de la Casa","homenaje p\u00f3stumo","\u00d3scar de Buen","Premio Hombres y Mujeres de la Casa","Premio HyM 2018"],"articleSection":["Hombres y Mujeres Magazine","Publicaciones"],"inLanguage":"es","potentialAction":[{"@type":"CommentAction","name":"Comment","target":["https:\/\/centrourbano.com\/revista\/publicaciones\/oscar-buen-ingeniero-brillante\/#respond"]}]},{"@type":"WebPage","@id":"https:\/\/centrourbano.com\/revista\/publicaciones\/oscar-buen-ingeniero-brillante\/","url":"https:\/\/centrourbano.com\/revista\/publicaciones\/oscar-buen-ingeniero-brillante\/","name":"Oscar de Buen, un ingeniero brillante (Premio HyM 2018)","isPartOf":{"@id":"https:\/\/centrourbano.com\/revista\/#website"},"primaryImageOfPage":{"@id":"https:\/\/centrourbano.com\/revista\/publicaciones\/oscar-buen-ingeniero-brillante\/#primaryimage"},"image":{"@id":"https:\/\/centrourbano.com\/revista\/publicaciones\/oscar-buen-ingeniero-brillante\/#primaryimage"},"thumbnailUrl":"https:\/\/centrourbano.com\/revista\/wp-content\/uploads\/Oscar-de-Buen-e1542749667443.jpg","datePublished":"2018-11-20T21:34:45+00:00","dateModified":"2018-11-20T21:35:36+00:00","description":"A lo largo de su vida profesional recibi\u00f3 m\u00faltiples reconocimientos y premios por su destacada participaci\u00f3n en proyectos de infraestructura.","breadcrumb":{"@id":"https:\/\/centrourbano.com\/revista\/publicaciones\/oscar-buen-ingeniero-brillante\/#breadcrumb"},"inLanguage":"es","potentialAction":[{"@type":"ReadAction","target":["https:\/\/centrourbano.com\/revista\/publicaciones\/oscar-buen-ingeniero-brillante\/"]}]},{"@type":"ImageObject","inLanguage":"es","@id":"https:\/\/centrourbano.com\/revista\/publicaciones\/oscar-buen-ingeniero-brillante\/#primaryimage","url":"https:\/\/centrourbano.com\/revista\/wp-content\/uploads\/Oscar-de-Buen-e1542749667443.jpg","contentUrl":"https:\/\/centrourbano.com\/revista\/wp-content\/uploads\/Oscar-de-Buen-e1542749667443.jpg","width":800,"height":682,"caption":"\u00d3scar de Buen, \u00edcono de la ingenier\u00eda mexicana"},{"@type":"BreadcrumbList","@id":"https:\/\/centrourbano.com\/revista\/publicaciones\/oscar-buen-ingeniero-brillante\/#breadcrumb","itemListElement":[{"@type":"ListItem","position":1,"name":"Portada","item":"https:\/\/centrourbano.com\/revista\/"},{"@type":"ListItem","position":2,"name":"\u00d3scar de Buen, un ingeniero brillante"}]},{"@type":"WebSite","@id":"https:\/\/centrourbano.com\/revista\/#website","url":"https:\/\/centrourbano.com\/revista\/","name":"Centro Urbano","description":"Medio especializado en los sectores vivienda, inmobiliario, construcci\u00f3n, arquitectura y urbanismo.","publisher":{"@id":"https:\/\/centrourbano.com\/revista\/#organization"},"potentialAction":[{"@type":"SearchAction","target":{"@type":"EntryPoint","urlTemplate":"https:\/\/centrourbano.com\/revista\/?s={search_term_string}"},"query-input":{"@type":"PropertyValueSpecification","valueRequired":true,"valueName":"search_term_string"}}],"inLanguage":"es"},{"@type":"Organization","@id":"https:\/\/centrourbano.com\/revista\/#organization","name":"Centro Urbano","url":"https:\/\/centrourbano.com\/revista\/","logo":{"@type":"ImageObject","inLanguage":"es","@id":"https:\/\/centrourbano.com\/revista\/#\/schema\/logo\/image\/","url":"https:\/\/centrourbano.com\/revista\/wp-content\/uploads\/web_CU_logo-1.png","contentUrl":"https:\/\/centrourbano.com\/revista\/wp-content\/uploads\/web_CU_logo-1.png","width":350,"height":91,"caption":"Centro Urbano"},"image":{"@id":"https:\/\/centrourbano.com\/revista\/#\/schema\/logo\/image\/"},"sameAs":["https:\/\/www.facebook.com\/portalcentrourbano","https:\/\/x.com\/CentroUrbano","https:\/\/www.instagram.com\/centro_urbano\/","https:\/\/www.linkedin.com\/company\/centro-urbano\/","http:\/\/www.youtube.com\/user\/portalcentrourbano"]},{"@type":"Person","@id":"https:\/\/centrourbano.com\/revista\/#\/schema\/person\/131fd76fa17f4ca2c25c65a74d97c6b6","name":"Edgar Rosas","image":{"@type":"ImageObject","inLanguage":"es","@id":"https:\/\/secure.gravatar.com\/avatar\/94440c4283495211faa5300bf85e80061036b83fced868c3783aa1310b350d9c?s=96&d=mm&r=g","url":"https:\/\/secure.gravatar.com\/avatar\/94440c4283495211faa5300bf85e80061036b83fced868c3783aa1310b350d9c?s=96&d=mm&r=g","contentUrl":"https:\/\/secure.gravatar.com\/avatar\/94440c4283495211faa5300bf85e80061036b83fced868c3783aa1310b350d9c?s=96&d=mm&r=g","caption":"Edgar Rosas"},"description":"Editor en Jefe de Centro Urbano. Egresado de la maestr\u00eda en Periodismo Pol\u00edtico de la Escuela de Periodismo Carlos Septi\u00e9n Garc\u00eda (EPCSG). Estudi\u00f3 la licenciatura en Comunicaci\u00f3n en la Universidad Mexicana. Amante de la cr\u00f3nica y el reportaje. Admirador de Vicente Le\u00f1ero y Miguel \u00c1ngel Granados Chapa.","sameAs":["https:\/\/x.com\/https:\/\/twitter.com\/ERosasCU?s=09"],"url":"https:\/\/centrourbano.com\/revista\/author\/edgar-rosas\/"}]}},"_links":{"self":[{"href":"https:\/\/centrourbano.com\/revista\/wp-json\/wp\/v2\/posts\/81843","targetHints":{"allow":["GET"]}}],"collection":[{"href":"https:\/\/centrourbano.com\/revista\/wp-json\/wp\/v2\/posts"}],"about":[{"href":"https:\/\/centrourbano.com\/revista\/wp-json\/wp\/v2\/types\/post"}],"author":[{"embeddable":true,"href":"https:\/\/centrourbano.com\/revista\/wp-json\/wp\/v2\/users\/47"}],"replies":[{"embeddable":true,"href":"https:\/\/centrourbano.com\/revista\/wp-json\/wp\/v2\/comments?post=81843"}],"version-history":[{"count":2,"href":"https:\/\/centrourbano.com\/revista\/wp-json\/wp\/v2\/posts\/81843\/revisions"}],"predecessor-version":[{"id":81847,"href":"https:\/\/centrourbano.com\/revista\/wp-json\/wp\/v2\/posts\/81843\/revisions\/81847"}],"wp:featuredmedia":[{"embeddable":true,"href":"https:\/\/centrourbano.com\/revista\/wp-json\/wp\/v2\/media\/72843"}],"wp:attachment":[{"href":"https:\/\/centrourbano.com\/revista\/wp-json\/wp\/v2\/media?parent=81843"}],"wp:term":[{"taxonomy":"category","embeddable":true,"href":"https:\/\/centrourbano.com\/revista\/wp-json\/wp\/v2\/categories?post=81843"},{"taxonomy":"post_tag","embeddable":true,"href":"https:\/\/centrourbano.com\/revista\/wp-json\/wp\/v2\/tags?post=81843"}],"curies":[{"name":"wp","href":"https:\/\/api.w.org\/{rel}","templated":true}]}}