{"id":81710,"date":"2018-11-15T19:05:12","date_gmt":"2018-11-16T01:05:12","guid":{"rendered":"https:\/\/centrourbano.com\/?p=81710"},"modified":"2018-11-16T14:01:01","modified_gmt":"2018-11-16T20:01:01","slug":"lideres-del-sector-se-reunen-en-la-xvii-edicion-del-premio-hombres-y-mujeres-de-la-casa","status":"publish","type":"post","link":"https:\/\/centrourbano.com\/revista\/actualidad\/lideres-del-sector-se-reunen-en-la-xvii-edicion-del-premio-hombres-y-mujeres-de-la-casa\/","title":{"rendered":"\u2018\u00d3scar de la Vivienda\u2019 robustece lazos en la industria"},"content":{"rendered":"<p><em>En un ambiente de camarader\u00eda, las personalidades m\u00e1s destacadas de la industria se reunieron para reconocer la excelencia en el sector<\/em><!--more--><\/p>\n<p>La noche del 14 de noviembre, diversas personalidades del sector vivienda se dieron cita en el Ex Convento de San Hip\u00f3lito\u00a0para festejar a grandes profesionales que, con su trabajo y desde sus trincheras, han contribuido a impulsar a esta industria.<\/p>\n<p>La XVII edici\u00f3n del\u00a0Premio Hombres y Mujeres de la Casa comenz\u00f3 minutos despu\u00e9s de las 19:00 horas con un video en donde se\u00a0mostraron las casi dos d\u00e9cadas de este recocimiento, y las personas que han sido galardonadas a\u00f1o con a\u00f1o. <\/p>\n<p>Momentos m\u00e1s tarde, Horacio Urbano, presidente y fundador de Centro Urbano, dict\u00f3\u00a0unas palabras de bienvenida \u00a0y resalt\u00f3 la importancia de este premio para los l\u00edderes de la industria.\u00a0<\/p>\n<p>\u00abCumplimos 20 a\u00f1os de dar voz al sector de la vivienda y es necesario que todos sumemos en la construcci\u00f3n de ciudades justas y competitivas\u00bb, destac\u00f3 el arquitecto.<\/p>\n<p>Por su parte, Roxana Fabris, directora general y fundadora de Centro Urbano\u00a0destac\u00f3 que este premio se hizo para celebrar las aportaciones de personalidades que han hecho mucho por construir un mejor sector vivienda y un mejor pa\u00eds. <\/p>\n<p>Por ello, dijo, era el momento indicado para destacar a una persona que\u00a0supo hacer frente a la adversidad y apoyar a quienes lo necesitaban en un momento en que la tragedia parec\u00eda ser la constante.<\/p>\n<p>De esta manera, se hizo entrega de una Menci\u00f3n Especial al presiente de la Condusef, Mario Di Costanzo, ya que este organismo, a trav\u00e9s de su titular, apoy\u00f3 de manera notable a los usuarios financieros, particularmente hipotecarios, que se vieron afectados por los sismos de septiembre de 2017. El galard\u00f3n le fue entregado por Isaac Cohen Metta y Carlos de la Garza, miembros del Consejo Editorial de\u00a0Centro Urbano.<\/p>\n<p>Despu\u00e9s de esto, se llev\u00f3 a cabo un Homenaje P\u00f3stumo y Carlos Medina, presidente de la Canadevi, hizo entrega de reconocimientos a las familias del arquitecto Jos\u00e9 Mar\u00eda Guti\u00e9rrez Trujillo y del ingeniero \u00d3scar de Buen, quienes a lo largo de su trayectoria pusieron en alto el nombre de M\u00e9xico gracias a las aportaciones\u00a0que cada uno hizo en su rubro. <\/p>\n<p>El presentador de la categor\u00eda Sector P\u00fablico fue el director general del Infonavit, David Penchyna, quien felicit\u00f3 e hizo entrega de la escultura al gobernador del estado de Quintana Roo, Carlos Joaqu\u00edn Gonz\u00e1lez. En tanto, Enrique Vainer fue quien present\u00f3 la categor\u00eda Cimientos y entreg\u00f3 el Premio a la arquitecta Sara Topelson, presidenta de la Fundaci\u00f3n Cidoc.<\/p>\n<p>Por su parte, Reyes Tamez, consejero de la Comisi\u00f3n Estatal de Planaci\u00f3n de la Educaci\u00f3n Superior del Estado de Nuevo Le\u00f3n, present\u00f3 y entreg\u00f3 el Premio Hombres y Mujeres de la Casa en la categor\u00eda Sector Privado al fundador de Casas Javer, Salom\u00f3n Marcuschamer.<\/p>\n<p>Por \u00faltimo, Horacio Urbano agradeci\u00f3 a los presentes e invit\u00f3 a continuar la fiesta con el vino de honor que se ofreci\u00f3 terminada la ceremonia, en donde los\u00a0invitados aprovecharon para convivir y celebrar con sus amigos, familiares y colegas.<\/p>\n<p>&nbsp;<\/p>\n","protected":false},"excerpt":{"rendered":"<p>En un ambiente de camarader\u00eda, las personalidades m\u00e1s destacadas de la industria se reunieron para reconocer la excelencia en el sector<\/p>\n","protected":false},"author":9,"featured_media":81714,"comment_status":"open","ping_status":"closed","sticky":false,"template":"","format":"standard","meta":{"om_disable_all_campaigns":false,"inline_featured_image":false,"_monsterinsights_skip_tracking":false,"_monsterinsights_sitenote_active":false,"_monsterinsights_sitenote_note":"","_monsterinsights_sitenote_category":0,"footnotes":""},"categories":[80,12],"tags":[10480,14862,6898,6962,14501,944],"class_list":["post-81710","post","type-post","status-publish","format-standard","has-post-thumbnail","hentry","category-actualidad","category-vivienda","tag-carlos-joaquin-gonzalez","tag-ex-convento-de-san-hipolito","tag-premio-hombres-y-mujeres-de-la-casa","tag-premio-hym","tag-salomon-marcuschamer","tag-sara-topelson"],"yoast_head":"<!-- This site is optimized with the Yoast SEO plugin v27.5 - https:\/\/yoast.com\/product\/yoast-seo-wordpress\/ -->\n<title>L\u00edderes del sector se re\u00fanen en la XVII edici\u00f3n del Premio Hombres y Mujeres de la Casa<\/title>\n<meta name=\"description\" content=\"Carlos Joaqu\u00edn Gonz\u00e1lez, Salom\u00f3n Marcuschamer y Sara Topelson recibieron el Premio HyM 2018 en las categor\u00edas Sector P\u00fablico, Sector Privado y Cimentos, respectivamente\" \/>\n<meta name=\"robots\" content=\"index, follow, max-snippet:-1, max-image-preview:large, max-video-preview:-1\" \/>\n<link rel=\"canonical\" href=\"https:\/\/centrourbano.com\/revista\/actualidad\/lideres-del-sector-se-reunen-en-la-xvii-edicion-del-premio-hombres-y-mujeres-de-la-casa\/\" \/>\n<meta property=\"og:locale\" content=\"es_ES\" \/>\n<meta property=\"og:type\" content=\"article\" \/>\n<meta property=\"og:title\" content=\"L\u00edderes del sector se re\u00fanen en la XVII edici\u00f3n del Premio Hombres y Mujeres de la Casa\" \/>\n<meta property=\"og:description\" content=\"Carlos Joaqu\u00edn Gonz\u00e1lez, Salom\u00f3n Marcuschamer y Sara Topelson recibieron el Premio HyM 2018 en las categor\u00edas Sector P\u00fablico, Sector Privado y Cimentos, respectivamente\" \/>\n<meta property=\"og:url\" content=\"https:\/\/centrourbano.com\/revista\/actualidad\/lideres-del-sector-se-reunen-en-la-xvii-edicion-del-premio-hombres-y-mujeres-de-la-casa\/\" \/>\n<meta property=\"og:site_name\" content=\"Centro Urbano\" \/>\n<meta property=\"article:publisher\" content=\"https:\/\/www.facebook.com\/portalcentrourbano\" \/>\n<meta property=\"article:published_time\" content=\"2018-11-16T01:05:12+00:00\" \/>\n<meta property=\"article:modified_time\" content=\"2018-11-16T20:01:01+00:00\" \/>\n<meta property=\"og:image\" content=\"https:\/\/centrourbano.com\/revista\/wp-content\/uploads\/IMG-20181115-WA0010.jpg\" \/>\n\t<meta property=\"og:image:width\" content=\"1280\" \/>\n\t<meta property=\"og:image:height\" content=\"853\" \/>\n\t<meta property=\"og:image:type\" content=\"image\/jpeg\" \/>\n<meta name=\"author\" content=\"Dinorah Nava\" \/>\n<meta name=\"twitter:card\" content=\"summary_large_image\" \/>\n<meta name=\"twitter:creator\" content=\"@https:\/\/twitter.com\/Dinorah_Nava28\" \/>\n<meta name=\"twitter:site\" content=\"@CentroUrbano\" \/>\n<meta name=\"twitter:label1\" content=\"Escrito por\" \/>\n\t<meta name=\"twitter:data1\" content=\"Dinorah Nava\" \/>\n\t<meta name=\"twitter:label2\" content=\"Tiempo de lectura\" \/>\n\t<meta name=\"twitter:data2\" content=\"3 minutos\" \/>\n<script type=\"application\/ld+json\" class=\"yoast-schema-graph\">{\"@context\":\"https:\\\/\\\/schema.org\",\"@graph\":[{\"@type\":\"Article\",\"@id\":\"https:\\\/\\\/centrourbano.com\\\/revista\\\/actualidad\\\/lideres-del-sector-se-reunen-en-la-xvii-edicion-del-premio-hombres-y-mujeres-de-la-casa\\\/#article\",\"isPartOf\":{\"@id\":\"https:\\\/\\\/centrourbano.com\\\/revista\\\/actualidad\\\/lideres-del-sector-se-reunen-en-la-xvii-edicion-del-premio-hombres-y-mujeres-de-la-casa\\\/\"},\"author\":{\"name\":\"Dinorah Nava\",\"@id\":\"https:\\\/\\\/centrourbano.com\\\/revista\\\/#\\\/schema\\\/person\\\/b45db815d96831257ba428a3d5a5fbdc\"},\"headline\":\"\u2018\u00d3scar de la Vivienda\u2019 robustece lazos en la industria\",\"datePublished\":\"2018-11-16T01:05:12+00:00\",\"dateModified\":\"2018-11-16T20:01:01+00:00\",\"mainEntityOfPage\":{\"@id\":\"https:\\\/\\\/centrourbano.com\\\/revista\\\/actualidad\\\/lideres-del-sector-se-reunen-en-la-xvii-edicion-del-premio-hombres-y-mujeres-de-la-casa\\\/\"},\"wordCount\":546,\"commentCount\":0,\"publisher\":{\"@id\":\"https:\\\/\\\/centrourbano.com\\\/revista\\\/#organization\"},\"image\":{\"@id\":\"https:\\\/\\\/centrourbano.com\\\/revista\\\/actualidad\\\/lideres-del-sector-se-reunen-en-la-xvii-edicion-del-premio-hombres-y-mujeres-de-la-casa\\\/#primaryimage\"},\"thumbnailUrl\":\"https:\\\/\\\/centrourbano.com\\\/revista\\\/wp-content\\\/uploads\\\/IMG-20181115-WA0010.jpg\",\"keywords\":[\"Carlos Joaqu\u00edn Gonz\u00e1lez\",\"Ex Convento de San Hip\u00f3lito\",\"Premio Hombres y Mujeres de la Casa\",\"Premio HyM\",\"Salom\u00f3n Marcuschamer\",\"Sara Topelson\"],\"articleSection\":[\"Actualidad\",\"Vivienda\"],\"inLanguage\":\"es\",\"potentialAction\":[{\"@type\":\"CommentAction\",\"name\":\"Comment\",\"target\":[\"https:\\\/\\\/centrourbano.com\\\/revista\\\/actualidad\\\/lideres-del-sector-se-reunen-en-la-xvii-edicion-del-premio-hombres-y-mujeres-de-la-casa\\\/#respond\"]}]},{\"@type\":\"WebPage\",\"@id\":\"https:\\\/\\\/centrourbano.com\\\/revista\\\/actualidad\\\/lideres-del-sector-se-reunen-en-la-xvii-edicion-del-premio-hombres-y-mujeres-de-la-casa\\\/\",\"url\":\"https:\\\/\\\/centrourbano.com\\\/revista\\\/actualidad\\\/lideres-del-sector-se-reunen-en-la-xvii-edicion-del-premio-hombres-y-mujeres-de-la-casa\\\/\",\"name\":\"L\u00edderes del sector se re\u00fanen en la XVII edici\u00f3n del Premio Hombres y Mujeres de la Casa\",\"isPartOf\":{\"@id\":\"https:\\\/\\\/centrourbano.com\\\/revista\\\/#website\"},\"primaryImageOfPage\":{\"@id\":\"https:\\\/\\\/centrourbano.com\\\/revista\\\/actualidad\\\/lideres-del-sector-se-reunen-en-la-xvii-edicion-del-premio-hombres-y-mujeres-de-la-casa\\\/#primaryimage\"},\"image\":{\"@id\":\"https:\\\/\\\/centrourbano.com\\\/revista\\\/actualidad\\\/lideres-del-sector-se-reunen-en-la-xvii-edicion-del-premio-hombres-y-mujeres-de-la-casa\\\/#primaryimage\"},\"thumbnailUrl\":\"https:\\\/\\\/centrourbano.com\\\/revista\\\/wp-content\\\/uploads\\\/IMG-20181115-WA0010.jpg\",\"datePublished\":\"2018-11-16T01:05:12+00:00\",\"dateModified\":\"2018-11-16T20:01:01+00:00\",\"description\":\"Carlos Joaqu\u00edn Gonz\u00e1lez, Salom\u00f3n Marcuschamer y Sara Topelson recibieron el Premio HyM 2018 en las categor\u00edas Sector P\u00fablico, Sector Privado y Cimentos, respectivamente\",\"breadcrumb\":{\"@id\":\"https:\\\/\\\/centrourbano.com\\\/revista\\\/actualidad\\\/lideres-del-sector-se-reunen-en-la-xvii-edicion-del-premio-hombres-y-mujeres-de-la-casa\\\/#breadcrumb\"},\"inLanguage\":\"es\",\"potentialAction\":[{\"@type\":\"ReadAction\",\"target\":[\"https:\\\/\\\/centrourbano.com\\\/revista\\\/actualidad\\\/lideres-del-sector-se-reunen-en-la-xvii-edicion-del-premio-hombres-y-mujeres-de-la-casa\\\/\"]}]},{\"@type\":\"ImageObject\",\"inLanguage\":\"es\",\"@id\":\"https:\\\/\\\/centrourbano.com\\\/revista\\\/actualidad\\\/lideres-del-sector-se-reunen-en-la-xvii-edicion-del-premio-hombres-y-mujeres-de-la-casa\\\/#primaryimage\",\"url\":\"https:\\\/\\\/centrourbano.com\\\/revista\\\/wp-content\\\/uploads\\\/IMG-20181115-WA0010.jpg\",\"contentUrl\":\"https:\\\/\\\/centrourbano.com\\\/revista\\\/wp-content\\\/uploads\\\/IMG-20181115-WA0010.jpg\",\"width\":1280,\"height\":853,\"caption\":\"Carlos Joaqu\u00edn Gonz\u00e1lez, Salom\u00f3n Marcuschamer y Sara Topelson recibieron el Premio HyM 2018 en las categor\u00edas Sector P\u00fablico, Sector Privado y Cimentos, respectivamente\"},{\"@type\":\"BreadcrumbList\",\"@id\":\"https:\\\/\\\/centrourbano.com\\\/revista\\\/actualidad\\\/lideres-del-sector-se-reunen-en-la-xvii-edicion-del-premio-hombres-y-mujeres-de-la-casa\\\/#breadcrumb\",\"itemListElement\":[{\"@type\":\"ListItem\",\"position\":1,\"name\":\"Portada\",\"item\":\"https:\\\/\\\/centrourbano.com\\\/revista\\\/\"},{\"@type\":\"ListItem\",\"position\":2,\"name\":\"\u2018\u00d3scar de la Vivienda\u2019 robustece lazos en la industria\"}]},{\"@type\":\"WebSite\",\"@id\":\"https:\\\/\\\/centrourbano.com\\\/revista\\\/#website\",\"url\":\"https:\\\/\\\/centrourbano.com\\\/revista\\\/\",\"name\":\"Centro Urbano\",\"description\":\"Medio especializado en los sectores vivienda, inmobiliario, construcci\u00f3n, arquitectura y urbanismo.\",\"publisher\":{\"@id\":\"https:\\\/\\\/centrourbano.com\\\/revista\\\/#organization\"},\"potentialAction\":[{\"@type\":\"SearchAction\",\"target\":{\"@type\":\"EntryPoint\",\"urlTemplate\":\"https:\\\/\\\/centrourbano.com\\\/revista\\\/?s={search_term_string}\"},\"query-input\":{\"@type\":\"PropertyValueSpecification\",\"valueRequired\":true,\"valueName\":\"search_term_string\"}}],\"inLanguage\":\"es\"},{\"@type\":\"Organization\",\"@id\":\"https:\\\/\\\/centrourbano.com\\\/revista\\\/#organization\",\"name\":\"Centro Urbano\",\"url\":\"https:\\\/\\\/centrourbano.com\\\/revista\\\/\",\"logo\":{\"@type\":\"ImageObject\",\"inLanguage\":\"es\",\"@id\":\"https:\\\/\\\/centrourbano.com\\\/revista\\\/#\\\/schema\\\/logo\\\/image\\\/\",\"url\":\"https:\\\/\\\/centrourbano.com\\\/revista\\\/wp-content\\\/uploads\\\/web_CU_logo-1.png\",\"contentUrl\":\"https:\\\/\\\/centrourbano.com\\\/revista\\\/wp-content\\\/uploads\\\/web_CU_logo-1.png\",\"width\":350,\"height\":91,\"caption\":\"Centro Urbano\"},\"image\":{\"@id\":\"https:\\\/\\\/centrourbano.com\\\/revista\\\/#\\\/schema\\\/logo\\\/image\\\/\"},\"sameAs\":[\"https:\\\/\\\/www.facebook.com\\\/portalcentrourbano\",\"https:\\\/\\\/x.com\\\/CentroUrbano\",\"https:\\\/\\\/www.instagram.com\\\/centro_urbano\\\/\",\"https:\\\/\\\/www.linkedin.com\\\/company\\\/centro-urbano\\\/\",\"http:\\\/\\\/www.youtube.com\\\/user\\\/portalcentrourbano\"]},{\"@type\":\"Person\",\"@id\":\"https:\\\/\\\/centrourbano.com\\\/revista\\\/#\\\/schema\\\/person\\\/b45db815d96831257ba428a3d5a5fbdc\",\"name\":\"Dinorah Nava\",\"image\":{\"@type\":\"ImageObject\",\"inLanguage\":\"es\",\"@id\":\"https:\\\/\\\/secure.gravatar.com\\\/avatar\\\/f6ca6430c51d147f363940f84e1225aa4b8183885c11802cc3b042305a4ecc1a?s=96&d=mm&r=g\",\"url\":\"https:\\\/\\\/secure.gravatar.com\\\/avatar\\\/f6ca6430c51d147f363940f84e1225aa4b8183885c11802cc3b042305a4ecc1a?s=96&d=mm&r=g\",\"contentUrl\":\"https:\\\/\\\/secure.gravatar.com\\\/avatar\\\/f6ca6430c51d147f363940f84e1225aa4b8183885c11802cc3b042305a4ecc1a?s=96&d=mm&r=g\",\"caption\":\"Dinorah Nava\"},\"description\":\"Editora de Contenidos y Estrategias Digitales en Centro Urbano y Coeditora en Peri\u00f3dico Mi Casa. Egresada de la licenciatura en Comunicaci\u00f3n y Periodismo de la Facultad de Estudios Superiores Arag\u00f3n (UNAM). Amante de la edici\u00f3n y correcci\u00f3n de estilo, las redes sociales y el mundo digital. Especialista en temas son arquitectura, inmobiliario y urbanismo.\",\"sameAs\":[\"linkedin.com\\\/in\\\/dinorah-nava\",\"https:\\\/\\\/x.com\\\/https:\\\/\\\/twitter.com\\\/Dinorah_Nava28\"],\"url\":\"https:\\\/\\\/centrourbano.com\\\/revista\\\/author\\\/dinorah-nava\\\/\"}]}<\/script>\n<!-- \/ Yoast SEO plugin. -->","yoast_head_json":{"title":"L\u00edderes del sector se re\u00fanen en la XVII edici\u00f3n del Premio Hombres y Mujeres de la Casa","description":"Carlos Joaqu\u00edn Gonz\u00e1lez, Salom\u00f3n Marcuschamer y Sara Topelson recibieron el Premio HyM 2018 en las categor\u00edas Sector P\u00fablico, Sector Privado y Cimentos, respectivamente","robots":{"index":"index","follow":"follow","max-snippet":"max-snippet:-1","max-image-preview":"max-image-preview:large","max-video-preview":"max-video-preview:-1"},"canonical":"https:\/\/centrourbano.com\/revista\/actualidad\/lideres-del-sector-se-reunen-en-la-xvii-edicion-del-premio-hombres-y-mujeres-de-la-casa\/","og_locale":"es_ES","og_type":"article","og_title":"L\u00edderes del sector se re\u00fanen en la XVII edici\u00f3n del Premio Hombres y Mujeres de la Casa","og_description":"Carlos Joaqu\u00edn Gonz\u00e1lez, Salom\u00f3n Marcuschamer y Sara Topelson recibieron el Premio HyM 2018 en las categor\u00edas Sector P\u00fablico, Sector Privado y Cimentos, respectivamente","og_url":"https:\/\/centrourbano.com\/revista\/actualidad\/lideres-del-sector-se-reunen-en-la-xvii-edicion-del-premio-hombres-y-mujeres-de-la-casa\/","og_site_name":"Centro Urbano","article_publisher":"https:\/\/www.facebook.com\/portalcentrourbano","article_published_time":"2018-11-16T01:05:12+00:00","article_modified_time":"2018-11-16T20:01:01+00:00","og_image":[{"width":1280,"height":853,"url":"https:\/\/centrourbano.com\/revista\/wp-content\/uploads\/IMG-20181115-WA0010.jpg","type":"image\/jpeg"}],"author":"Dinorah Nava","twitter_card":"summary_large_image","twitter_creator":"@https:\/\/twitter.com\/Dinorah_Nava28","twitter_site":"@CentroUrbano","twitter_misc":{"Escrito por":"Dinorah Nava","Tiempo de lectura":"3 minutos"},"schema":{"@context":"https:\/\/schema.org","@graph":[{"@type":"Article","@id":"https:\/\/centrourbano.com\/revista\/actualidad\/lideres-del-sector-se-reunen-en-la-xvii-edicion-del-premio-hombres-y-mujeres-de-la-casa\/#article","isPartOf":{"@id":"https:\/\/centrourbano.com\/revista\/actualidad\/lideres-del-sector-se-reunen-en-la-xvii-edicion-del-premio-hombres-y-mujeres-de-la-casa\/"},"author":{"name":"Dinorah Nava","@id":"https:\/\/centrourbano.com\/revista\/#\/schema\/person\/b45db815d96831257ba428a3d5a5fbdc"},"headline":"\u2018\u00d3scar de la Vivienda\u2019 robustece lazos en la industria","datePublished":"2018-11-16T01:05:12+00:00","dateModified":"2018-11-16T20:01:01+00:00","mainEntityOfPage":{"@id":"https:\/\/centrourbano.com\/revista\/actualidad\/lideres-del-sector-se-reunen-en-la-xvii-edicion-del-premio-hombres-y-mujeres-de-la-casa\/"},"wordCount":546,"commentCount":0,"publisher":{"@id":"https:\/\/centrourbano.com\/revista\/#organization"},"image":{"@id":"https:\/\/centrourbano.com\/revista\/actualidad\/lideres-del-sector-se-reunen-en-la-xvii-edicion-del-premio-hombres-y-mujeres-de-la-casa\/#primaryimage"},"thumbnailUrl":"https:\/\/centrourbano.com\/revista\/wp-content\/uploads\/IMG-20181115-WA0010.jpg","keywords":["Carlos Joaqu\u00edn Gonz\u00e1lez","Ex Convento de San Hip\u00f3lito","Premio Hombres y Mujeres de la Casa","Premio HyM","Salom\u00f3n Marcuschamer","Sara Topelson"],"articleSection":["Actualidad","Vivienda"],"inLanguage":"es","potentialAction":[{"@type":"CommentAction","name":"Comment","target":["https:\/\/centrourbano.com\/revista\/actualidad\/lideres-del-sector-se-reunen-en-la-xvii-edicion-del-premio-hombres-y-mujeres-de-la-casa\/#respond"]}]},{"@type":"WebPage","@id":"https:\/\/centrourbano.com\/revista\/actualidad\/lideres-del-sector-se-reunen-en-la-xvii-edicion-del-premio-hombres-y-mujeres-de-la-casa\/","url":"https:\/\/centrourbano.com\/revista\/actualidad\/lideres-del-sector-se-reunen-en-la-xvii-edicion-del-premio-hombres-y-mujeres-de-la-casa\/","name":"L\u00edderes del sector se re\u00fanen en la XVII edici\u00f3n del Premio Hombres y Mujeres de la Casa","isPartOf":{"@id":"https:\/\/centrourbano.com\/revista\/#website"},"primaryImageOfPage":{"@id":"https:\/\/centrourbano.com\/revista\/actualidad\/lideres-del-sector-se-reunen-en-la-xvii-edicion-del-premio-hombres-y-mujeres-de-la-casa\/#primaryimage"},"image":{"@id":"https:\/\/centrourbano.com\/revista\/actualidad\/lideres-del-sector-se-reunen-en-la-xvii-edicion-del-premio-hombres-y-mujeres-de-la-casa\/#primaryimage"},"thumbnailUrl":"https:\/\/centrourbano.com\/revista\/wp-content\/uploads\/IMG-20181115-WA0010.jpg","datePublished":"2018-11-16T01:05:12+00:00","dateModified":"2018-11-16T20:01:01+00:00","description":"Carlos Joaqu\u00edn Gonz\u00e1lez, Salom\u00f3n Marcuschamer y Sara Topelson recibieron el Premio HyM 2018 en las categor\u00edas Sector P\u00fablico, Sector Privado y Cimentos, respectivamente","breadcrumb":{"@id":"https:\/\/centrourbano.com\/revista\/actualidad\/lideres-del-sector-se-reunen-en-la-xvii-edicion-del-premio-hombres-y-mujeres-de-la-casa\/#breadcrumb"},"inLanguage":"es","potentialAction":[{"@type":"ReadAction","target":["https:\/\/centrourbano.com\/revista\/actualidad\/lideres-del-sector-se-reunen-en-la-xvii-edicion-del-premio-hombres-y-mujeres-de-la-casa\/"]}]},{"@type":"ImageObject","inLanguage":"es","@id":"https:\/\/centrourbano.com\/revista\/actualidad\/lideres-del-sector-se-reunen-en-la-xvii-edicion-del-premio-hombres-y-mujeres-de-la-casa\/#primaryimage","url":"https:\/\/centrourbano.com\/revista\/wp-content\/uploads\/IMG-20181115-WA0010.jpg","contentUrl":"https:\/\/centrourbano.com\/revista\/wp-content\/uploads\/IMG-20181115-WA0010.jpg","width":1280,"height":853,"caption":"Carlos Joaqu\u00edn Gonz\u00e1lez, Salom\u00f3n Marcuschamer y Sara Topelson recibieron el Premio HyM 2018 en las categor\u00edas Sector P\u00fablico, Sector Privado y Cimentos, respectivamente"},{"@type":"BreadcrumbList","@id":"https:\/\/centrourbano.com\/revista\/actualidad\/lideres-del-sector-se-reunen-en-la-xvii-edicion-del-premio-hombres-y-mujeres-de-la-casa\/#breadcrumb","itemListElement":[{"@type":"ListItem","position":1,"name":"Portada","item":"https:\/\/centrourbano.com\/revista\/"},{"@type":"ListItem","position":2,"name":"\u2018\u00d3scar de la Vivienda\u2019 robustece lazos en la industria"}]},{"@type":"WebSite","@id":"https:\/\/centrourbano.com\/revista\/#website","url":"https:\/\/centrourbano.com\/revista\/","name":"Centro Urbano","description":"Medio especializado en los sectores vivienda, inmobiliario, construcci\u00f3n, arquitectura y urbanismo.","publisher":{"@id":"https:\/\/centrourbano.com\/revista\/#organization"},"potentialAction":[{"@type":"SearchAction","target":{"@type":"EntryPoint","urlTemplate":"https:\/\/centrourbano.com\/revista\/?s={search_term_string}"},"query-input":{"@type":"PropertyValueSpecification","valueRequired":true,"valueName":"search_term_string"}}],"inLanguage":"es"},{"@type":"Organization","@id":"https:\/\/centrourbano.com\/revista\/#organization","name":"Centro Urbano","url":"https:\/\/centrourbano.com\/revista\/","logo":{"@type":"ImageObject","inLanguage":"es","@id":"https:\/\/centrourbano.com\/revista\/#\/schema\/logo\/image\/","url":"https:\/\/centrourbano.com\/revista\/wp-content\/uploads\/web_CU_logo-1.png","contentUrl":"https:\/\/centrourbano.com\/revista\/wp-content\/uploads\/web_CU_logo-1.png","width":350,"height":91,"caption":"Centro Urbano"},"image":{"@id":"https:\/\/centrourbano.com\/revista\/#\/schema\/logo\/image\/"},"sameAs":["https:\/\/www.facebook.com\/portalcentrourbano","https:\/\/x.com\/CentroUrbano","https:\/\/www.instagram.com\/centro_urbano\/","https:\/\/www.linkedin.com\/company\/centro-urbano\/","http:\/\/www.youtube.com\/user\/portalcentrourbano"]},{"@type":"Person","@id":"https:\/\/centrourbano.com\/revista\/#\/schema\/person\/b45db815d96831257ba428a3d5a5fbdc","name":"Dinorah Nava","image":{"@type":"ImageObject","inLanguage":"es","@id":"https:\/\/secure.gravatar.com\/avatar\/f6ca6430c51d147f363940f84e1225aa4b8183885c11802cc3b042305a4ecc1a?s=96&d=mm&r=g","url":"https:\/\/secure.gravatar.com\/avatar\/f6ca6430c51d147f363940f84e1225aa4b8183885c11802cc3b042305a4ecc1a?s=96&d=mm&r=g","contentUrl":"https:\/\/secure.gravatar.com\/avatar\/f6ca6430c51d147f363940f84e1225aa4b8183885c11802cc3b042305a4ecc1a?s=96&d=mm&r=g","caption":"Dinorah Nava"},"description":"Editora de Contenidos y Estrategias Digitales en Centro Urbano y Coeditora en Peri\u00f3dico Mi Casa. Egresada de la licenciatura en Comunicaci\u00f3n y Periodismo de la Facultad de Estudios Superiores Arag\u00f3n (UNAM). Amante de la edici\u00f3n y correcci\u00f3n de estilo, las redes sociales y el mundo digital. Especialista en temas son arquitectura, inmobiliario y urbanismo.","sameAs":["linkedin.com\/in\/dinorah-nava","https:\/\/x.com\/https:\/\/twitter.com\/Dinorah_Nava28"],"url":"https:\/\/centrourbano.com\/revista\/author\/dinorah-nava\/"}]}},"_links":{"self":[{"href":"https:\/\/centrourbano.com\/revista\/wp-json\/wp\/v2\/posts\/81710","targetHints":{"allow":["GET"]}}],"collection":[{"href":"https:\/\/centrourbano.com\/revista\/wp-json\/wp\/v2\/posts"}],"about":[{"href":"https:\/\/centrourbano.com\/revista\/wp-json\/wp\/v2\/types\/post"}],"author":[{"embeddable":true,"href":"https:\/\/centrourbano.com\/revista\/wp-json\/wp\/v2\/users\/9"}],"replies":[{"embeddable":true,"href":"https:\/\/centrourbano.com\/revista\/wp-json\/wp\/v2\/comments?post=81710"}],"version-history":[{"count":9,"href":"https:\/\/centrourbano.com\/revista\/wp-json\/wp\/v2\/posts\/81710\/revisions"}],"predecessor-version":[{"id":81755,"href":"https:\/\/centrourbano.com\/revista\/wp-json\/wp\/v2\/posts\/81710\/revisions\/81755"}],"wp:featuredmedia":[{"embeddable":true,"href":"https:\/\/centrourbano.com\/revista\/wp-json\/wp\/v2\/media\/81714"}],"wp:attachment":[{"href":"https:\/\/centrourbano.com\/revista\/wp-json\/wp\/v2\/media?parent=81710"}],"wp:term":[{"taxonomy":"category","embeddable":true,"href":"https:\/\/centrourbano.com\/revista\/wp-json\/wp\/v2\/categories?post=81710"},{"taxonomy":"post_tag","embeddable":true,"href":"https:\/\/centrourbano.com\/revista\/wp-json\/wp\/v2\/tags?post=81710"}],"curies":[{"name":"wp","href":"https:\/\/api.w.org\/{rel}","templated":true}]}}