{"id":81688,"date":"2018-11-15T15:56:19","date_gmt":"2018-11-15T21:56:19","guid":{"rendered":"https:\/\/centrourbano.com\/?p=81688"},"modified":"2018-11-20T10:44:11","modified_gmt":"2018-11-20T16:44:11","slug":"confia-funo-mantener-ritmo-de-inversion-para-2019","status":"publish","type":"post","link":"https:\/\/centrourbano.com\/revista\/inmobiliario\/confia-funo-mantener-ritmo-de-inversion-para-2019\/","title":{"rendered":"Conf\u00eda FUNO mantener ritmo de inversi\u00f3n para 2019"},"content":{"rendered":"<p>El fideicomiso ha logrado consolidar un portafolio con 557 propiedades y 8.5 millones de metros cuadrados<!--more--><\/p>\n<p class=\"m_-8759626982599181641gmail-MsoNoSpacing\"><span lang=\"ES\">Fibra Uno present\u00f3 a inversionistas sus perspectivas y plan estrat\u00e9gico para el pr\u00f3ximo a\u00f1o, en el que el equipo directivo reiter\u00f3 su confianza en la estabilidad econ\u00f3mica de M\u00e9xico y enfatiz\u00f3 que mantendr\u00e1n el ritmo de inversi\u00f3n para que el fideicomiso logr\u00e9 diversificar su portafolio.<\/span><\/p>\n<p class=\"m_-8759626982599181641gmail-MsoNoSpacing\"><span lang=\"ES\">Andr\u00e9 Elmann, director general de FUNO, dijo a inversionistas desde Nueva York que lo<\/span>s fundamentales de la econom\u00eda de M\u00e9xico est\u00e1n s\u00f3lidos y el mercado contin\u00faa siendo muy atractivo para la inversi\u00f3n.<\/p>\n<p class=\"m_-8759626982599181641gmail-MsoNoSpacing\"><span lang=\"ES\">\u00abNuestro enfoque es ofrecer soluciones integrales de bienes ra\u00edces a nuestros clientes para satisfacer sus necesidades. Hoy, desde FUNO hemos contribuido revolucionar al sector inmobiliario mexicano posicion\u00e1ndolo a la vanguardia a nivel mundial\u201d, se\u00f1al\u00f3.<\/span><\/p>\n<p class=\"m_-8759626982599181641gmail-MsoNoSpacing\">El fideicomiso ha logrado consolidar un portafolio con 557 propiedades y 8.5 millones de metros cuadrados de \u00c1rea Bruta Rentable con un nivel de ocupaci\u00f3n de 94.8 por ciento.<\/p>\n<p class=\"m_-8759626982599181641gmail-MsoNoSpacing\">Entre sus propiedades ic\u00f3nicas se encuentran: Mitikah, Samara, Torre Diana, Torre Mayor, Torre Latino, Mid Town Jalisco y la Isla de Canc\u00fan, la cual por cierto se encuentra en proceso de expansi\u00f3n misma que ser\u00e1 inaugurada en el segundo trimestre de 2019.<\/p>\n<p class=\"m_-8759626982599181641gmail-MsoNoSpacing\"><span lang=\"ES\">Adem\u00e1s este a\u00f1o la firma ha alcanzado varias alianzas estrat\u00e9gicas con BBVA Bancomer, Lego, Miniso, Sonora Grill y WeWork, entre otras.<\/span><\/p>\n<p class=\"m_-8759626982599181641gmail-MsoNoSpacing\"><span lang=\"ES\">Por su parte, Gonzalo Robina, director general adjunto de FUNO, dijo que el negocio<\/span>\u00a0de bienes ra\u00edces es c\u00edclico y la compa\u00f1\u00eda est\u00e1 dise\u00f1ada para capitalizar las oportunidades que se presenten en el mercado para seguir creciendo.<\/p>\n","protected":false},"excerpt":{"rendered":"<p>El fideicomiso ha logrado consolidar un portafolio con 557 propiedades y 8.5 millones de metros cuadrados<\/p>\n","protected":false},"author":69,"featured_media":80516,"comment_status":"open","ping_status":"closed","sticky":false,"template":"","format":"standard","meta":{"om_disable_all_campaigns":false,"inline_featured_image":false,"_monsterinsights_skip_tracking":false,"_monsterinsights_sitenote_active":false,"_monsterinsights_sitenote_note":"","_monsterinsights_sitenote_category":0,"footnotes":""},"categories":[15],"tags":[],"class_list":["post-81688","post","type-post","status-publish","format-standard","has-post-thumbnail","hentry","category-inmobiliario"],"yoast_head":"<!-- This site is optimized with the Yoast SEO plugin v27.4 - https:\/\/yoast.com\/product\/yoast-seo-wordpress\/ -->\n<title>Conf\u00eda FUNO mantener ritmo de inversi\u00f3n para 2019<\/title>\n<meta name=\"description\" content=\"El fideicomiso ha logrado consolidar un portafolio con 557 propiedades y 8.5 millones de metros cuadrados\" \/>\n<meta name=\"robots\" content=\"index, follow, max-snippet:-1, max-image-preview:large, max-video-preview:-1\" \/>\n<link rel=\"canonical\" href=\"https:\/\/centrourbano.com\/revista\/inmobiliario\/confia-funo-mantener-ritmo-de-inversion-para-2019\/\" \/>\n<meta property=\"og:locale\" content=\"es_ES\" \/>\n<meta property=\"og:type\" content=\"article\" \/>\n<meta property=\"og:title\" content=\"Conf\u00eda FUNO mantener ritmo de inversi\u00f3n para 2019\" \/>\n<meta property=\"og:description\" content=\"El fideicomiso ha logrado consolidar un portafolio con 557 propiedades y 8.5 millones de metros cuadrados\" \/>\n<meta property=\"og:url\" content=\"https:\/\/centrourbano.com\/revista\/inmobiliario\/confia-funo-mantener-ritmo-de-inversion-para-2019\/\" \/>\n<meta property=\"og:site_name\" content=\"Centro Urbano\" \/>\n<meta property=\"article:publisher\" content=\"https:\/\/www.facebook.com\/portalcentrourbano\" \/>\n<meta property=\"article:published_time\" content=\"2018-11-15T21:56:19+00:00\" \/>\n<meta property=\"article:modified_time\" content=\"2018-11-20T16:44:11+00:00\" \/>\n<meta property=\"og:image\" content=\"https:\/\/centrourbano.com\/revista\/wp-content\/uploads\/funo.jpg\" \/>\n\t<meta property=\"og:image:width\" content=\"900\" \/>\n\t<meta property=\"og:image:height\" content=\"550\" \/>\n\t<meta property=\"og:image:type\" content=\"image\/jpeg\" \/>\n<meta name=\"author\" content=\"Fernando Navarrete\" \/>\n<meta name=\"twitter:card\" content=\"summary_large_image\" \/>\n<meta name=\"twitter:creator\" content=\"@CentroUrbano\" \/>\n<meta name=\"twitter:site\" content=\"@CentroUrbano\" \/>\n<meta name=\"twitter:label1\" content=\"Escrito por\" \/>\n\t<meta name=\"twitter:data1\" content=\"Fernando Navarrete\" \/>\n\t<meta name=\"twitter:label2\" content=\"Tiempo de lectura\" \/>\n\t<meta name=\"twitter:data2\" content=\"1 minuto\" \/>\n<script type=\"application\/ld+json\" class=\"yoast-schema-graph\">{\"@context\":\"https:\\\/\\\/schema.org\",\"@graph\":[{\"@type\":\"Article\",\"@id\":\"https:\\\/\\\/centrourbano.com\\\/revista\\\/inmobiliario\\\/confia-funo-mantener-ritmo-de-inversion-para-2019\\\/#article\",\"isPartOf\":{\"@id\":\"https:\\\/\\\/centrourbano.com\\\/revista\\\/inmobiliario\\\/confia-funo-mantener-ritmo-de-inversion-para-2019\\\/\"},\"author\":{\"name\":\"Fernando Navarrete\",\"@id\":\"https:\\\/\\\/centrourbano.com\\\/revista\\\/#\\\/schema\\\/person\\\/515c32d01ece40d20a7ed3fdf34051af\"},\"headline\":\"Conf\u00eda FUNO mantener ritmo de inversi\u00f3n para 2019\",\"datePublished\":\"2018-11-15T21:56:19+00:00\",\"dateModified\":\"2018-11-20T16:44:11+00:00\",\"mainEntityOfPage\":{\"@id\":\"https:\\\/\\\/centrourbano.com\\\/revista\\\/inmobiliario\\\/confia-funo-mantener-ritmo-de-inversion-para-2019\\\/\"},\"wordCount\":286,\"commentCount\":0,\"publisher\":{\"@id\":\"https:\\\/\\\/centrourbano.com\\\/revista\\\/#organization\"},\"image\":{\"@id\":\"https:\\\/\\\/centrourbano.com\\\/revista\\\/inmobiliario\\\/confia-funo-mantener-ritmo-de-inversion-para-2019\\\/#primaryimage\"},\"thumbnailUrl\":\"https:\\\/\\\/centrourbano.com\\\/revista\\\/wp-content\\\/uploads\\\/funo.jpg\",\"articleSection\":[\"Inmobiliario\"],\"inLanguage\":\"es\",\"potentialAction\":[{\"@type\":\"CommentAction\",\"name\":\"Comment\",\"target\":[\"https:\\\/\\\/centrourbano.com\\\/revista\\\/inmobiliario\\\/confia-funo-mantener-ritmo-de-inversion-para-2019\\\/#respond\"]}]},{\"@type\":\"WebPage\",\"@id\":\"https:\\\/\\\/centrourbano.com\\\/revista\\\/inmobiliario\\\/confia-funo-mantener-ritmo-de-inversion-para-2019\\\/\",\"url\":\"https:\\\/\\\/centrourbano.com\\\/revista\\\/inmobiliario\\\/confia-funo-mantener-ritmo-de-inversion-para-2019\\\/\",\"name\":\"Conf\u00eda FUNO mantener ritmo de inversi\u00f3n para 2019\",\"isPartOf\":{\"@id\":\"https:\\\/\\\/centrourbano.com\\\/revista\\\/#website\"},\"primaryImageOfPage\":{\"@id\":\"https:\\\/\\\/centrourbano.com\\\/revista\\\/inmobiliario\\\/confia-funo-mantener-ritmo-de-inversion-para-2019\\\/#primaryimage\"},\"image\":{\"@id\":\"https:\\\/\\\/centrourbano.com\\\/revista\\\/inmobiliario\\\/confia-funo-mantener-ritmo-de-inversion-para-2019\\\/#primaryimage\"},\"thumbnailUrl\":\"https:\\\/\\\/centrourbano.com\\\/revista\\\/wp-content\\\/uploads\\\/funo.jpg\",\"datePublished\":\"2018-11-15T21:56:19+00:00\",\"dateModified\":\"2018-11-20T16:44:11+00:00\",\"description\":\"El fideicomiso ha logrado consolidar un portafolio con 557 propiedades y 8.5 millones de metros cuadrados\",\"breadcrumb\":{\"@id\":\"https:\\\/\\\/centrourbano.com\\\/revista\\\/inmobiliario\\\/confia-funo-mantener-ritmo-de-inversion-para-2019\\\/#breadcrumb\"},\"inLanguage\":\"es\",\"potentialAction\":[{\"@type\":\"ReadAction\",\"target\":[\"https:\\\/\\\/centrourbano.com\\\/revista\\\/inmobiliario\\\/confia-funo-mantener-ritmo-de-inversion-para-2019\\\/\"]}]},{\"@type\":\"ImageObject\",\"inLanguage\":\"es\",\"@id\":\"https:\\\/\\\/centrourbano.com\\\/revista\\\/inmobiliario\\\/confia-funo-mantener-ritmo-de-inversion-para-2019\\\/#primaryimage\",\"url\":\"https:\\\/\\\/centrourbano.com\\\/revista\\\/wp-content\\\/uploads\\\/funo.jpg\",\"contentUrl\":\"https:\\\/\\\/centrourbano.com\\\/revista\\\/wp-content\\\/uploads\\\/funo.jpg\",\"width\":900,\"height\":550,\"caption\":\"El fideicomiso anunci\u00f3 una alianza con el grupo financiero para colocar m\u00e1s de 320 cajeros autom\u00e1ticos en 25 ciudades del pa\u00eds\"},{\"@type\":\"BreadcrumbList\",\"@id\":\"https:\\\/\\\/centrourbano.com\\\/revista\\\/inmobiliario\\\/confia-funo-mantener-ritmo-de-inversion-para-2019\\\/#breadcrumb\",\"itemListElement\":[{\"@type\":\"ListItem\",\"position\":1,\"name\":\"Portada\",\"item\":\"https:\\\/\\\/centrourbano.com\\\/revista\\\/\"},{\"@type\":\"ListItem\",\"position\":2,\"name\":\"Conf\u00eda FUNO mantener ritmo de inversi\u00f3n para 2019\"}]},{\"@type\":\"WebSite\",\"@id\":\"https:\\\/\\\/centrourbano.com\\\/revista\\\/#website\",\"url\":\"https:\\\/\\\/centrourbano.com\\\/revista\\\/\",\"name\":\"Centro Urbano\",\"description\":\"Medio especializado en los sectores vivienda, inmobiliario, construcci\u00f3n, arquitectura y urbanismo.\",\"publisher\":{\"@id\":\"https:\\\/\\\/centrourbano.com\\\/revista\\\/#organization\"},\"potentialAction\":[{\"@type\":\"SearchAction\",\"target\":{\"@type\":\"EntryPoint\",\"urlTemplate\":\"https:\\\/\\\/centrourbano.com\\\/revista\\\/?s={search_term_string}\"},\"query-input\":{\"@type\":\"PropertyValueSpecification\",\"valueRequired\":true,\"valueName\":\"search_term_string\"}}],\"inLanguage\":\"es\"},{\"@type\":\"Organization\",\"@id\":\"https:\\\/\\\/centrourbano.com\\\/revista\\\/#organization\",\"name\":\"Centro Urbano\",\"url\":\"https:\\\/\\\/centrourbano.com\\\/revista\\\/\",\"logo\":{\"@type\":\"ImageObject\",\"inLanguage\":\"es\",\"@id\":\"https:\\\/\\\/centrourbano.com\\\/revista\\\/#\\\/schema\\\/logo\\\/image\\\/\",\"url\":\"https:\\\/\\\/centrourbano.com\\\/revista\\\/wp-content\\\/uploads\\\/web_CU_logo-1.png\",\"contentUrl\":\"https:\\\/\\\/centrourbano.com\\\/revista\\\/wp-content\\\/uploads\\\/web_CU_logo-1.png\",\"width\":350,\"height\":91,\"caption\":\"Centro Urbano\"},\"image\":{\"@id\":\"https:\\\/\\\/centrourbano.com\\\/revista\\\/#\\\/schema\\\/logo\\\/image\\\/\"},\"sameAs\":[\"https:\\\/\\\/www.facebook.com\\\/portalcentrourbano\",\"https:\\\/\\\/x.com\\\/CentroUrbano\",\"https:\\\/\\\/www.instagram.com\\\/centro_urbano\\\/\",\"https:\\\/\\\/www.linkedin.com\\\/company\\\/centro-urbano\\\/\",\"http:\\\/\\\/www.youtube.com\\\/user\\\/portalcentrourbano\"]},{\"@type\":\"Person\",\"@id\":\"https:\\\/\\\/centrourbano.com\\\/revista\\\/#\\\/schema\\\/person\\\/515c32d01ece40d20a7ed3fdf34051af\",\"name\":\"Fernando Navarrete\",\"image\":{\"@type\":\"ImageObject\",\"inLanguage\":\"es\",\"@id\":\"https:\\\/\\\/secure.gravatar.com\\\/avatar\\\/f4dd6927a99e72698473e350e20ec8a38bd48cb668e15b03d04e8e537da41ad0?s=96&d=mm&r=g\",\"url\":\"https:\\\/\\\/secure.gravatar.com\\\/avatar\\\/f4dd6927a99e72698473e350e20ec8a38bd48cb668e15b03d04e8e537da41ad0?s=96&d=mm&r=g\",\"contentUrl\":\"https:\\\/\\\/secure.gravatar.com\\\/avatar\\\/f4dd6927a99e72698473e350e20ec8a38bd48cb668e15b03d04e8e537da41ad0?s=96&d=mm&r=g\",\"caption\":\"Fernando Navarrete\"},\"description\":\"Reportero de negocios, inmobiliario, construcci\u00f3n e industria. Me interesa la econom\u00eda, pol\u00edtica, historia y antropolog\u00eda. Estudi\u00e9 en la Facultad de Ciencias Pol\u00edticas y Sociales de la UNAM. Tengo experiencia en el sector p\u00fablico, la industria del acero, ingenier\u00eda civil, IT y corporativos; soy un nost\u00e1lgico nacionalista contempor\u00e1neo que cree en la grandeza de su pa\u00eds. Asiduo lector de Juan Rulfo, Jos\u00e9 Revueltas y J. R. R Tolkien.\",\"url\":\"https:\\\/\\\/centrourbano.com\\\/revista\\\/author\\\/fernando-navarrete\\\/\"}]}<\/script>\n<!-- \/ Yoast SEO plugin. -->","yoast_head_json":{"title":"Conf\u00eda FUNO mantener ritmo de inversi\u00f3n para 2019","description":"El fideicomiso ha logrado consolidar un portafolio con 557 propiedades y 8.5 millones de metros cuadrados","robots":{"index":"index","follow":"follow","max-snippet":"max-snippet:-1","max-image-preview":"max-image-preview:large","max-video-preview":"max-video-preview:-1"},"canonical":"https:\/\/centrourbano.com\/revista\/inmobiliario\/confia-funo-mantener-ritmo-de-inversion-para-2019\/","og_locale":"es_ES","og_type":"article","og_title":"Conf\u00eda FUNO mantener ritmo de inversi\u00f3n para 2019","og_description":"El fideicomiso ha logrado consolidar un portafolio con 557 propiedades y 8.5 millones de metros cuadrados","og_url":"https:\/\/centrourbano.com\/revista\/inmobiliario\/confia-funo-mantener-ritmo-de-inversion-para-2019\/","og_site_name":"Centro Urbano","article_publisher":"https:\/\/www.facebook.com\/portalcentrourbano","article_published_time":"2018-11-15T21:56:19+00:00","article_modified_time":"2018-11-20T16:44:11+00:00","og_image":[{"width":900,"height":550,"url":"https:\/\/centrourbano.com\/revista\/wp-content\/uploads\/funo.jpg","type":"image\/jpeg"}],"author":"Fernando Navarrete","twitter_card":"summary_large_image","twitter_creator":"@CentroUrbano","twitter_site":"@CentroUrbano","twitter_misc":{"Escrito por":"Fernando Navarrete","Tiempo de lectura":"1 minuto"},"schema":{"@context":"https:\/\/schema.org","@graph":[{"@type":"Article","@id":"https:\/\/centrourbano.com\/revista\/inmobiliario\/confia-funo-mantener-ritmo-de-inversion-para-2019\/#article","isPartOf":{"@id":"https:\/\/centrourbano.com\/revista\/inmobiliario\/confia-funo-mantener-ritmo-de-inversion-para-2019\/"},"author":{"name":"Fernando Navarrete","@id":"https:\/\/centrourbano.com\/revista\/#\/schema\/person\/515c32d01ece40d20a7ed3fdf34051af"},"headline":"Conf\u00eda FUNO mantener ritmo de inversi\u00f3n para 2019","datePublished":"2018-11-15T21:56:19+00:00","dateModified":"2018-11-20T16:44:11+00:00","mainEntityOfPage":{"@id":"https:\/\/centrourbano.com\/revista\/inmobiliario\/confia-funo-mantener-ritmo-de-inversion-para-2019\/"},"wordCount":286,"commentCount":0,"publisher":{"@id":"https:\/\/centrourbano.com\/revista\/#organization"},"image":{"@id":"https:\/\/centrourbano.com\/revista\/inmobiliario\/confia-funo-mantener-ritmo-de-inversion-para-2019\/#primaryimage"},"thumbnailUrl":"https:\/\/centrourbano.com\/revista\/wp-content\/uploads\/funo.jpg","articleSection":["Inmobiliario"],"inLanguage":"es","potentialAction":[{"@type":"CommentAction","name":"Comment","target":["https:\/\/centrourbano.com\/revista\/inmobiliario\/confia-funo-mantener-ritmo-de-inversion-para-2019\/#respond"]}]},{"@type":"WebPage","@id":"https:\/\/centrourbano.com\/revista\/inmobiliario\/confia-funo-mantener-ritmo-de-inversion-para-2019\/","url":"https:\/\/centrourbano.com\/revista\/inmobiliario\/confia-funo-mantener-ritmo-de-inversion-para-2019\/","name":"Conf\u00eda FUNO mantener ritmo de inversi\u00f3n para 2019","isPartOf":{"@id":"https:\/\/centrourbano.com\/revista\/#website"},"primaryImageOfPage":{"@id":"https:\/\/centrourbano.com\/revista\/inmobiliario\/confia-funo-mantener-ritmo-de-inversion-para-2019\/#primaryimage"},"image":{"@id":"https:\/\/centrourbano.com\/revista\/inmobiliario\/confia-funo-mantener-ritmo-de-inversion-para-2019\/#primaryimage"},"thumbnailUrl":"https:\/\/centrourbano.com\/revista\/wp-content\/uploads\/funo.jpg","datePublished":"2018-11-15T21:56:19+00:00","dateModified":"2018-11-20T16:44:11+00:00","description":"El fideicomiso ha logrado consolidar un portafolio con 557 propiedades y 8.5 millones de metros cuadrados","breadcrumb":{"@id":"https:\/\/centrourbano.com\/revista\/inmobiliario\/confia-funo-mantener-ritmo-de-inversion-para-2019\/#breadcrumb"},"inLanguage":"es","potentialAction":[{"@type":"ReadAction","target":["https:\/\/centrourbano.com\/revista\/inmobiliario\/confia-funo-mantener-ritmo-de-inversion-para-2019\/"]}]},{"@type":"ImageObject","inLanguage":"es","@id":"https:\/\/centrourbano.com\/revista\/inmobiliario\/confia-funo-mantener-ritmo-de-inversion-para-2019\/#primaryimage","url":"https:\/\/centrourbano.com\/revista\/wp-content\/uploads\/funo.jpg","contentUrl":"https:\/\/centrourbano.com\/revista\/wp-content\/uploads\/funo.jpg","width":900,"height":550,"caption":"El fideicomiso anunci\u00f3 una alianza con el grupo financiero para colocar m\u00e1s de 320 cajeros autom\u00e1ticos en 25 ciudades del pa\u00eds"},{"@type":"BreadcrumbList","@id":"https:\/\/centrourbano.com\/revista\/inmobiliario\/confia-funo-mantener-ritmo-de-inversion-para-2019\/#breadcrumb","itemListElement":[{"@type":"ListItem","position":1,"name":"Portada","item":"https:\/\/centrourbano.com\/revista\/"},{"@type":"ListItem","position":2,"name":"Conf\u00eda FUNO mantener ritmo de inversi\u00f3n para 2019"}]},{"@type":"WebSite","@id":"https:\/\/centrourbano.com\/revista\/#website","url":"https:\/\/centrourbano.com\/revista\/","name":"Centro Urbano","description":"Medio especializado en los sectores vivienda, inmobiliario, construcci\u00f3n, arquitectura y urbanismo.","publisher":{"@id":"https:\/\/centrourbano.com\/revista\/#organization"},"potentialAction":[{"@type":"SearchAction","target":{"@type":"EntryPoint","urlTemplate":"https:\/\/centrourbano.com\/revista\/?s={search_term_string}"},"query-input":{"@type":"PropertyValueSpecification","valueRequired":true,"valueName":"search_term_string"}}],"inLanguage":"es"},{"@type":"Organization","@id":"https:\/\/centrourbano.com\/revista\/#organization","name":"Centro Urbano","url":"https:\/\/centrourbano.com\/revista\/","logo":{"@type":"ImageObject","inLanguage":"es","@id":"https:\/\/centrourbano.com\/revista\/#\/schema\/logo\/image\/","url":"https:\/\/centrourbano.com\/revista\/wp-content\/uploads\/web_CU_logo-1.png","contentUrl":"https:\/\/centrourbano.com\/revista\/wp-content\/uploads\/web_CU_logo-1.png","width":350,"height":91,"caption":"Centro Urbano"},"image":{"@id":"https:\/\/centrourbano.com\/revista\/#\/schema\/logo\/image\/"},"sameAs":["https:\/\/www.facebook.com\/portalcentrourbano","https:\/\/x.com\/CentroUrbano","https:\/\/www.instagram.com\/centro_urbano\/","https:\/\/www.linkedin.com\/company\/centro-urbano\/","http:\/\/www.youtube.com\/user\/portalcentrourbano"]},{"@type":"Person","@id":"https:\/\/centrourbano.com\/revista\/#\/schema\/person\/515c32d01ece40d20a7ed3fdf34051af","name":"Fernando Navarrete","image":{"@type":"ImageObject","inLanguage":"es","@id":"https:\/\/secure.gravatar.com\/avatar\/f4dd6927a99e72698473e350e20ec8a38bd48cb668e15b03d04e8e537da41ad0?s=96&d=mm&r=g","url":"https:\/\/secure.gravatar.com\/avatar\/f4dd6927a99e72698473e350e20ec8a38bd48cb668e15b03d04e8e537da41ad0?s=96&d=mm&r=g","contentUrl":"https:\/\/secure.gravatar.com\/avatar\/f4dd6927a99e72698473e350e20ec8a38bd48cb668e15b03d04e8e537da41ad0?s=96&d=mm&r=g","caption":"Fernando Navarrete"},"description":"Reportero de negocios, inmobiliario, construcci\u00f3n e industria. Me interesa la econom\u00eda, pol\u00edtica, historia y antropolog\u00eda. Estudi\u00e9 en la Facultad de Ciencias Pol\u00edticas y Sociales de la UNAM. Tengo experiencia en el sector p\u00fablico, la industria del acero, ingenier\u00eda civil, IT y corporativos; soy un nost\u00e1lgico nacionalista contempor\u00e1neo que cree en la grandeza de su pa\u00eds. Asiduo lector de Juan Rulfo, Jos\u00e9 Revueltas y J. R. R Tolkien.","url":"https:\/\/centrourbano.com\/revista\/author\/fernando-navarrete\/"}]}},"_links":{"self":[{"href":"https:\/\/centrourbano.com\/revista\/wp-json\/wp\/v2\/posts\/81688","targetHints":{"allow":["GET"]}}],"collection":[{"href":"https:\/\/centrourbano.com\/revista\/wp-json\/wp\/v2\/posts"}],"about":[{"href":"https:\/\/centrourbano.com\/revista\/wp-json\/wp\/v2\/types\/post"}],"author":[{"embeddable":true,"href":"https:\/\/centrourbano.com\/revista\/wp-json\/wp\/v2\/users\/69"}],"replies":[{"embeddable":true,"href":"https:\/\/centrourbano.com\/revista\/wp-json\/wp\/v2\/comments?post=81688"}],"version-history":[{"count":5,"href":"https:\/\/centrourbano.com\/revista\/wp-json\/wp\/v2\/posts\/81688\/revisions"}],"predecessor-version":[{"id":81787,"href":"https:\/\/centrourbano.com\/revista\/wp-json\/wp\/v2\/posts\/81688\/revisions\/81787"}],"wp:featuredmedia":[{"embeddable":true,"href":"https:\/\/centrourbano.com\/revista\/wp-json\/wp\/v2\/media\/80516"}],"wp:attachment":[{"href":"https:\/\/centrourbano.com\/revista\/wp-json\/wp\/v2\/media?parent=81688"}],"wp:term":[{"taxonomy":"category","embeddable":true,"href":"https:\/\/centrourbano.com\/revista\/wp-json\/wp\/v2\/categories?post=81688"},{"taxonomy":"post_tag","embeddable":true,"href":"https:\/\/centrourbano.com\/revista\/wp-json\/wp\/v2\/tags?post=81688"}],"curies":[{"name":"wp","href":"https:\/\/api.w.org\/{rel}","templated":true}]}}