{"id":81684,"date":"2018-11-15T15:27:43","date_gmt":"2018-11-15T21:27:43","guid":{"rendered":"https:\/\/centrourbano.com\/?p=81684"},"modified":"2018-11-15T19:20:36","modified_gmt":"2018-11-16T01:20:36","slug":"galardonan-carlos-joaquin-impulsar-la-vivienda-qroo","status":"publish","type":"post","link":"https:\/\/centrourbano.com\/revista\/vivienda\/galardonan-carlos-joaquin-impulsar-la-vivienda-qroo\/","title":{"rendered":"Galardonan a Carlos Joaqu\u00edn por impulsar la vivienda en QRoo"},"content":{"rendered":"<p><em>El mandatario recibi\u00f3 el llamado \u2018\u00d3scar de la vivienda\u2019 que entrega el Consejo Editorial de Centro Urbano por crear las condiciones para generar una oferta de vivienda importante <\/em><!--more--><\/p>\n<p>Por haber impulsado las medidas necesarias para detonar el desarrollo de la industria de la vivienda en Quintana Roo, el gobernador <strong>Carlos Joaqu\u00edn Gonz\u00e1lez<\/strong> recibi\u00f3 de manos de David Penchyna, director general del Infonavit, el <strong>Premio Hombres y Mujeres de la Casa 2018<\/strong> en la categor\u00eda <strong>Sector P\u00fablico<\/strong>. De manera particular, el mandatario quintanarroense fue reconocido con el galard\u00f3n, considerado el <strong>&#8216;\u00d3scar de la vivienda\u2019<\/strong>, tras impulsar cambios legislativos de gran calado, como la Ley de Asentamientos Humanos y Acciones Urban\u00edsticas de la entidad.<\/p>\n<p>Durante la ceremonia de premiaci\u00f3n, realizada la noche del 14 de noviembre en el <strong>Ex Convento de San Hip\u00f3lito<\/strong>, Carlos Joaqu\u00edn Gonz\u00e1lez se\u00f1al\u00f3 que recibir el premio implica una responsabilidad y asumir el compromiso de mantener el trabajo en pro de la vivienda. Indic\u00f3 que en lo que resta de su administraci\u00f3n se trabajar\u00e1 para dotar de vivienda a la ciudadan\u00eda, sobre todo a la poblaci\u00f3n de bajos salarios.<\/p>\n<p>\u201cAgradezco al Consejo Editorial de Centro Urbano por este reconocimiento. Nuestro compromiso ser\u00e1 seguir construyendo viviendas para todos. La vivienda es importante, es el patrimonio familiar, es el lugar donde se da la unidad familiar, donde expresamos amor y cultivamos valores, pero tambi\u00e9n es importante desde el punto de vista econ\u00f3mico\u201d, se\u00f1al\u00f3.<\/p>\n<p>El gobernador expuso que en los m\u00e1s de dos a\u00f1os que lleva al frente de la administraci\u00f3n p\u00fablica estatal, se ha impulsado un trabaja incluyente, que toma como base la coordinaci\u00f3n entre los tres \u00f3rdenes de gobierno, sociedad e iniciativa privada. Insisti\u00f3 que, desde el primer d\u00eda, una de las <strong>prioridades <\/strong>ha sido impulsar acciones que abonen a la justicia social, lo que implica la vivienda.<\/p>\n<p>\u201cDesde el primer d\u00eda de nuestra administraci\u00f3n se\u00f1alamos que era muy importante trabajar sobre las profundas desigualdades que Quintana Roo presenta. As\u00ed hemos trabajando, junto a la gente, apoyados en los tres \u00f3rdenes de gobierno para cerrar brechas y lograr una Quintana Roo m\u00e1s inclusivo, igualitario.<\/p>\n<p>\u201cHemos puesto especial empe\u00f1o para hacer realidad una permanente necesidad de las familias quintanarroenses como lo es la seguridad, su patrimonio. Bajo esa premisa hemos trabajado para llenar su aspiraci\u00f3n de justicia y dentro de esas mismas condiciones esta la protecci\u00f3n, el abrigar a los que menos tienen, y una de las formas es construyendo vivienda\u201d, apunt\u00f3.<\/p>\n<p>Joaqu\u00edn Gonz\u00e1lez se\u00f1al\u00f3 que uno de los principales retos en la entidad ha sido el <strong>crecimiento <\/strong>de la poblaci\u00f3n. Explic\u00f3 que algunos municipios de la entidad crecen a dos d\u00edgitos, y algunos hasta 30 por ciento.<\/p>\n<p>\u201cEso nos obliga a definir qu\u00e9 clase de crecimiento queremos y seguro la vivienda es una forma de crecer con orden\u201d.<\/p>\n","protected":false},"excerpt":{"rendered":"<p>El mandatario recibi\u00f3 el llamado \u2018\u00d3scar de la vivienda\u2019 que entrega el Consejo Editorial de Centro Urbano por crear las condiciones para generar una oferta de vivienda importante<\/p>\n","protected":false},"author":47,"featured_media":81685,"comment_status":"open","ping_status":"closed","sticky":false,"template":"","format":"standard","meta":{"om_disable_all_campaigns":false,"inline_featured_image":false,"_monsterinsights_skip_tracking":false,"_monsterinsights_sitenote_active":false,"_monsterinsights_sitenote_note":"","_monsterinsights_sitenote_category":0,"footnotes":""},"categories":[12],"tags":[10480,4523,6898,6962],"class_list":["post-81684","post","type-post","status-publish","format-standard","has-post-thumbnail","hentry","category-vivienda","tag-carlos-joaquin-gonzalez","tag-hombres-y-mujeres-de-la-casa","tag-premio-hombres-y-mujeres-de-la-casa","tag-premio-hym"],"yoast_head":"<!-- This site is optimized with the Yoast SEO plugin v27.4 - https:\/\/yoast.com\/product\/yoast-seo-wordpress\/ -->\n<title>Galardonan a Carlos Joaqu\u00edn por impulsar la vivienda en QRoo<\/title>\n<meta name=\"description\" content=\"El empresario recibi\u00f3 el llamado \u2018\u00d3scar de la vivienda\u2019 que entrega el Consejo Editorial de Centro Urbano por crear las condiciones...\" \/>\n<meta name=\"robots\" content=\"index, follow, max-snippet:-1, max-image-preview:large, max-video-preview:-1\" \/>\n<link rel=\"canonical\" href=\"https:\/\/centrourbano.com\/revista\/vivienda\/galardonan-carlos-joaquin-impulsar-la-vivienda-qroo\/\" \/>\n<meta property=\"og:locale\" content=\"es_ES\" \/>\n<meta property=\"og:type\" content=\"article\" \/>\n<meta property=\"og:title\" content=\"Galardonan a Carlos Joaqu\u00edn por impulsar la vivienda en QRoo\" \/>\n<meta property=\"og:description\" content=\"El empresario recibi\u00f3 el llamado \u2018\u00d3scar de la vivienda\u2019 que entrega el Consejo Editorial de Centro Urbano por crear las condiciones...\" \/>\n<meta property=\"og:url\" content=\"https:\/\/centrourbano.com\/revista\/vivienda\/galardonan-carlos-joaquin-impulsar-la-vivienda-qroo\/\" \/>\n<meta property=\"og:site_name\" content=\"Centro Urbano\" \/>\n<meta property=\"article:publisher\" content=\"https:\/\/www.facebook.com\/portalcentrourbano\" \/>\n<meta property=\"article:published_time\" content=\"2018-11-15T21:27:43+00:00\" \/>\n<meta property=\"article:modified_time\" content=\"2018-11-16T01:20:36+00:00\" \/>\n<meta property=\"og:image\" content=\"https:\/\/centrourbano.com\/revista\/wp-content\/uploads\/Carlos-Joaqu\u00edn_PremioHyM_David-Penchyna_Centro-Urbano.jpeg\" \/>\n\t<meta property=\"og:image:width\" content=\"800\" \/>\n\t<meta property=\"og:image:height\" content=\"533\" \/>\n\t<meta property=\"og:image:type\" content=\"image\/jpeg\" \/>\n<meta name=\"author\" content=\"Edgar Rosas\" \/>\n<meta name=\"twitter:card\" content=\"summary_large_image\" \/>\n<meta name=\"twitter:creator\" content=\"@https:\/\/twitter.com\/ERosasCU?s=09\" \/>\n<meta name=\"twitter:site\" content=\"@CentroUrbano\" \/>\n<meta name=\"twitter:label1\" content=\"Escrito por\" \/>\n\t<meta name=\"twitter:data1\" content=\"Edgar Rosas\" \/>\n\t<meta name=\"twitter:label2\" content=\"Tiempo de lectura\" \/>\n\t<meta name=\"twitter:data2\" content=\"2 minutos\" \/>\n<script type=\"application\/ld+json\" class=\"yoast-schema-graph\">{\"@context\":\"https:\\\/\\\/schema.org\",\"@graph\":[{\"@type\":\"Article\",\"@id\":\"https:\\\/\\\/centrourbano.com\\\/revista\\\/vivienda\\\/galardonan-carlos-joaquin-impulsar-la-vivienda-qroo\\\/#article\",\"isPartOf\":{\"@id\":\"https:\\\/\\\/centrourbano.com\\\/revista\\\/vivienda\\\/galardonan-carlos-joaquin-impulsar-la-vivienda-qroo\\\/\"},\"author\":{\"name\":\"Edgar Rosas\",\"@id\":\"https:\\\/\\\/centrourbano.com\\\/revista\\\/#\\\/schema\\\/person\\\/ff3c00651ce5b1630479d2cd0c2e3ac0\"},\"headline\":\"Galardonan a Carlos Joaqu\u00edn por impulsar la vivienda en QRoo\",\"datePublished\":\"2018-11-15T21:27:43+00:00\",\"dateModified\":\"2018-11-16T01:20:36+00:00\",\"mainEntityOfPage\":{\"@id\":\"https:\\\/\\\/centrourbano.com\\\/revista\\\/vivienda\\\/galardonan-carlos-joaquin-impulsar-la-vivienda-qroo\\\/\"},\"wordCount\":502,\"commentCount\":0,\"publisher\":{\"@id\":\"https:\\\/\\\/centrourbano.com\\\/revista\\\/#organization\"},\"image\":{\"@id\":\"https:\\\/\\\/centrourbano.com\\\/revista\\\/vivienda\\\/galardonan-carlos-joaquin-impulsar-la-vivienda-qroo\\\/#primaryimage\"},\"thumbnailUrl\":\"https:\\\/\\\/centrourbano.com\\\/revista\\\/wp-content\\\/uploads\\\/Carlos-Joaqu\u00edn_PremioHyM_David-Penchyna_Centro-Urbano.jpeg\",\"keywords\":[\"Carlos Joaqu\u00edn Gonz\u00e1lez\",\"Hombres y Mujeres de la Casa\",\"Premio Hombres y Mujeres de la Casa\",\"Premio HyM\"],\"articleSection\":[\"Vivienda\"],\"inLanguage\":\"es\",\"potentialAction\":[{\"@type\":\"CommentAction\",\"name\":\"Comment\",\"target\":[\"https:\\\/\\\/centrourbano.com\\\/revista\\\/vivienda\\\/galardonan-carlos-joaquin-impulsar-la-vivienda-qroo\\\/#respond\"]}]},{\"@type\":\"WebPage\",\"@id\":\"https:\\\/\\\/centrourbano.com\\\/revista\\\/vivienda\\\/galardonan-carlos-joaquin-impulsar-la-vivienda-qroo\\\/\",\"url\":\"https:\\\/\\\/centrourbano.com\\\/revista\\\/vivienda\\\/galardonan-carlos-joaquin-impulsar-la-vivienda-qroo\\\/\",\"name\":\"Galardonan a Carlos Joaqu\u00edn por impulsar la vivienda en QRoo\",\"isPartOf\":{\"@id\":\"https:\\\/\\\/centrourbano.com\\\/revista\\\/#website\"},\"primaryImageOfPage\":{\"@id\":\"https:\\\/\\\/centrourbano.com\\\/revista\\\/vivienda\\\/galardonan-carlos-joaquin-impulsar-la-vivienda-qroo\\\/#primaryimage\"},\"image\":{\"@id\":\"https:\\\/\\\/centrourbano.com\\\/revista\\\/vivienda\\\/galardonan-carlos-joaquin-impulsar-la-vivienda-qroo\\\/#primaryimage\"},\"thumbnailUrl\":\"https:\\\/\\\/centrourbano.com\\\/revista\\\/wp-content\\\/uploads\\\/Carlos-Joaqu\u00edn_PremioHyM_David-Penchyna_Centro-Urbano.jpeg\",\"datePublished\":\"2018-11-15T21:27:43+00:00\",\"dateModified\":\"2018-11-16T01:20:36+00:00\",\"description\":\"El empresario recibi\u00f3 el llamado \u2018\u00d3scar de la vivienda\u2019 que entrega el Consejo Editorial de Centro Urbano por crear las condiciones...\",\"breadcrumb\":{\"@id\":\"https:\\\/\\\/centrourbano.com\\\/revista\\\/vivienda\\\/galardonan-carlos-joaquin-impulsar-la-vivienda-qroo\\\/#breadcrumb\"},\"inLanguage\":\"es\",\"potentialAction\":[{\"@type\":\"ReadAction\",\"target\":[\"https:\\\/\\\/centrourbano.com\\\/revista\\\/vivienda\\\/galardonan-carlos-joaquin-impulsar-la-vivienda-qroo\\\/\"]}]},{\"@type\":\"ImageObject\",\"inLanguage\":\"es\",\"@id\":\"https:\\\/\\\/centrourbano.com\\\/revista\\\/vivienda\\\/galardonan-carlos-joaquin-impulsar-la-vivienda-qroo\\\/#primaryimage\",\"url\":\"https:\\\/\\\/centrourbano.com\\\/revista\\\/wp-content\\\/uploads\\\/Carlos-Joaqu\u00edn_PremioHyM_David-Penchyna_Centro-Urbano.jpeg\",\"contentUrl\":\"https:\\\/\\\/centrourbano.com\\\/revista\\\/wp-content\\\/uploads\\\/Carlos-Joaqu\u00edn_PremioHyM_David-Penchyna_Centro-Urbano.jpeg\",\"width\":800,\"height\":533,\"caption\":\"El empresario recibi\u00f3 el llamado \u2018Oscar de la vivienda\u2019 por crear las condiciones para generar una oferta de vivienda importante\"},{\"@type\":\"BreadcrumbList\",\"@id\":\"https:\\\/\\\/centrourbano.com\\\/revista\\\/vivienda\\\/galardonan-carlos-joaquin-impulsar-la-vivienda-qroo\\\/#breadcrumb\",\"itemListElement\":[{\"@type\":\"ListItem\",\"position\":1,\"name\":\"Portada\",\"item\":\"https:\\\/\\\/centrourbano.com\\\/revista\\\/\"},{\"@type\":\"ListItem\",\"position\":2,\"name\":\"Galardonan a Carlos Joaqu\u00edn por impulsar la vivienda en QRoo\"}]},{\"@type\":\"WebSite\",\"@id\":\"https:\\\/\\\/centrourbano.com\\\/revista\\\/#website\",\"url\":\"https:\\\/\\\/centrourbano.com\\\/revista\\\/\",\"name\":\"Centro Urbano\",\"description\":\"Medio especializado en los sectores vivienda, inmobiliario, construcci\u00f3n, arquitectura y urbanismo.\",\"publisher\":{\"@id\":\"https:\\\/\\\/centrourbano.com\\\/revista\\\/#organization\"},\"potentialAction\":[{\"@type\":\"SearchAction\",\"target\":{\"@type\":\"EntryPoint\",\"urlTemplate\":\"https:\\\/\\\/centrourbano.com\\\/revista\\\/?s={search_term_string}\"},\"query-input\":{\"@type\":\"PropertyValueSpecification\",\"valueRequired\":true,\"valueName\":\"search_term_string\"}}],\"inLanguage\":\"es\"},{\"@type\":\"Organization\",\"@id\":\"https:\\\/\\\/centrourbano.com\\\/revista\\\/#organization\",\"name\":\"Centro Urbano\",\"url\":\"https:\\\/\\\/centrourbano.com\\\/revista\\\/\",\"logo\":{\"@type\":\"ImageObject\",\"inLanguage\":\"es\",\"@id\":\"https:\\\/\\\/centrourbano.com\\\/revista\\\/#\\\/schema\\\/logo\\\/image\\\/\",\"url\":\"https:\\\/\\\/centrourbano.com\\\/revista\\\/wp-content\\\/uploads\\\/web_CU_logo-1.png\",\"contentUrl\":\"https:\\\/\\\/centrourbano.com\\\/revista\\\/wp-content\\\/uploads\\\/web_CU_logo-1.png\",\"width\":350,\"height\":91,\"caption\":\"Centro Urbano\"},\"image\":{\"@id\":\"https:\\\/\\\/centrourbano.com\\\/revista\\\/#\\\/schema\\\/logo\\\/image\\\/\"},\"sameAs\":[\"https:\\\/\\\/www.facebook.com\\\/portalcentrourbano\",\"https:\\\/\\\/x.com\\\/CentroUrbano\",\"https:\\\/\\\/www.instagram.com\\\/centro_urbano\\\/\",\"https:\\\/\\\/www.linkedin.com\\\/company\\\/centro-urbano\\\/\",\"http:\\\/\\\/www.youtube.com\\\/user\\\/portalcentrourbano\"]},{\"@type\":\"Person\",\"@id\":\"https:\\\/\\\/centrourbano.com\\\/revista\\\/#\\\/schema\\\/person\\\/ff3c00651ce5b1630479d2cd0c2e3ac0\",\"name\":\"Edgar Rosas\",\"image\":{\"@type\":\"ImageObject\",\"inLanguage\":\"es\",\"@id\":\"https:\\\/\\\/secure.gravatar.com\\\/avatar\\\/94440c4283495211faa5300bf85e80061036b83fced868c3783aa1310b350d9c?s=96&d=mm&r=g\",\"url\":\"https:\\\/\\\/secure.gravatar.com\\\/avatar\\\/94440c4283495211faa5300bf85e80061036b83fced868c3783aa1310b350d9c?s=96&d=mm&r=g\",\"contentUrl\":\"https:\\\/\\\/secure.gravatar.com\\\/avatar\\\/94440c4283495211faa5300bf85e80061036b83fced868c3783aa1310b350d9c?s=96&d=mm&r=g\",\"caption\":\"Edgar Rosas\"},\"description\":\"Editor en Jefe de Centro Urbano. Egresado de la maestr\u00eda en Periodismo Pol\u00edtico de la Escuela de Periodismo Carlos Septi\u00e9n Garc\u00eda (EPCSG). Estudi\u00f3 la licenciatura en Comunicaci\u00f3n en la Universidad Mexicana. Amante de la cr\u00f3nica y el reportaje. Admirador de Vicente Le\u00f1ero y Miguel \u00c1ngel Granados Chapa.\",\"sameAs\":[\"https:\\\/\\\/x.com\\\/https:\\\/\\\/twitter.com\\\/ERosasCU?s=09\"],\"url\":\"https:\\\/\\\/centrourbano.com\\\/revista\\\/author\\\/edgar-rosas\\\/\"}]}<\/script>\n<!-- \/ Yoast SEO plugin. -->","yoast_head_json":{"title":"Galardonan a Carlos Joaqu\u00edn por impulsar la vivienda en QRoo","description":"El empresario recibi\u00f3 el llamado \u2018\u00d3scar de la vivienda\u2019 que entrega el Consejo Editorial de Centro Urbano por crear las condiciones...","robots":{"index":"index","follow":"follow","max-snippet":"max-snippet:-1","max-image-preview":"max-image-preview:large","max-video-preview":"max-video-preview:-1"},"canonical":"https:\/\/centrourbano.com\/revista\/vivienda\/galardonan-carlos-joaquin-impulsar-la-vivienda-qroo\/","og_locale":"es_ES","og_type":"article","og_title":"Galardonan a Carlos Joaqu\u00edn por impulsar la vivienda en QRoo","og_description":"El empresario recibi\u00f3 el llamado \u2018\u00d3scar de la vivienda\u2019 que entrega el Consejo Editorial de Centro Urbano por crear las condiciones...","og_url":"https:\/\/centrourbano.com\/revista\/vivienda\/galardonan-carlos-joaquin-impulsar-la-vivienda-qroo\/","og_site_name":"Centro Urbano","article_publisher":"https:\/\/www.facebook.com\/portalcentrourbano","article_published_time":"2018-11-15T21:27:43+00:00","article_modified_time":"2018-11-16T01:20:36+00:00","og_image":[{"width":800,"height":533,"url":"https:\/\/centrourbano.com\/revista\/wp-content\/uploads\/Carlos-Joaqu\u00edn_PremioHyM_David-Penchyna_Centro-Urbano.jpeg","type":"image\/jpeg"}],"author":"Edgar Rosas","twitter_card":"summary_large_image","twitter_creator":"@https:\/\/twitter.com\/ERosasCU?s=09","twitter_site":"@CentroUrbano","twitter_misc":{"Escrito por":"Edgar Rosas","Tiempo de lectura":"2 minutos"},"schema":{"@context":"https:\/\/schema.org","@graph":[{"@type":"Article","@id":"https:\/\/centrourbano.com\/revista\/vivienda\/galardonan-carlos-joaquin-impulsar-la-vivienda-qroo\/#article","isPartOf":{"@id":"https:\/\/centrourbano.com\/revista\/vivienda\/galardonan-carlos-joaquin-impulsar-la-vivienda-qroo\/"},"author":{"name":"Edgar Rosas","@id":"https:\/\/centrourbano.com\/revista\/#\/schema\/person\/ff3c00651ce5b1630479d2cd0c2e3ac0"},"headline":"Galardonan a Carlos Joaqu\u00edn por impulsar la vivienda en QRoo","datePublished":"2018-11-15T21:27:43+00:00","dateModified":"2018-11-16T01:20:36+00:00","mainEntityOfPage":{"@id":"https:\/\/centrourbano.com\/revista\/vivienda\/galardonan-carlos-joaquin-impulsar-la-vivienda-qroo\/"},"wordCount":502,"commentCount":0,"publisher":{"@id":"https:\/\/centrourbano.com\/revista\/#organization"},"image":{"@id":"https:\/\/centrourbano.com\/revista\/vivienda\/galardonan-carlos-joaquin-impulsar-la-vivienda-qroo\/#primaryimage"},"thumbnailUrl":"https:\/\/centrourbano.com\/revista\/wp-content\/uploads\/Carlos-Joaqu\u00edn_PremioHyM_David-Penchyna_Centro-Urbano.jpeg","keywords":["Carlos Joaqu\u00edn Gonz\u00e1lez","Hombres y Mujeres de la Casa","Premio Hombres y Mujeres de la Casa","Premio HyM"],"articleSection":["Vivienda"],"inLanguage":"es","potentialAction":[{"@type":"CommentAction","name":"Comment","target":["https:\/\/centrourbano.com\/revista\/vivienda\/galardonan-carlos-joaquin-impulsar-la-vivienda-qroo\/#respond"]}]},{"@type":"WebPage","@id":"https:\/\/centrourbano.com\/revista\/vivienda\/galardonan-carlos-joaquin-impulsar-la-vivienda-qroo\/","url":"https:\/\/centrourbano.com\/revista\/vivienda\/galardonan-carlos-joaquin-impulsar-la-vivienda-qroo\/","name":"Galardonan a Carlos Joaqu\u00edn por impulsar la vivienda en QRoo","isPartOf":{"@id":"https:\/\/centrourbano.com\/revista\/#website"},"primaryImageOfPage":{"@id":"https:\/\/centrourbano.com\/revista\/vivienda\/galardonan-carlos-joaquin-impulsar-la-vivienda-qroo\/#primaryimage"},"image":{"@id":"https:\/\/centrourbano.com\/revista\/vivienda\/galardonan-carlos-joaquin-impulsar-la-vivienda-qroo\/#primaryimage"},"thumbnailUrl":"https:\/\/centrourbano.com\/revista\/wp-content\/uploads\/Carlos-Joaqu\u00edn_PremioHyM_David-Penchyna_Centro-Urbano.jpeg","datePublished":"2018-11-15T21:27:43+00:00","dateModified":"2018-11-16T01:20:36+00:00","description":"El empresario recibi\u00f3 el llamado \u2018\u00d3scar de la vivienda\u2019 que entrega el Consejo Editorial de Centro Urbano por crear las condiciones...","breadcrumb":{"@id":"https:\/\/centrourbano.com\/revista\/vivienda\/galardonan-carlos-joaquin-impulsar-la-vivienda-qroo\/#breadcrumb"},"inLanguage":"es","potentialAction":[{"@type":"ReadAction","target":["https:\/\/centrourbano.com\/revista\/vivienda\/galardonan-carlos-joaquin-impulsar-la-vivienda-qroo\/"]}]},{"@type":"ImageObject","inLanguage":"es","@id":"https:\/\/centrourbano.com\/revista\/vivienda\/galardonan-carlos-joaquin-impulsar-la-vivienda-qroo\/#primaryimage","url":"https:\/\/centrourbano.com\/revista\/wp-content\/uploads\/Carlos-Joaqu\u00edn_PremioHyM_David-Penchyna_Centro-Urbano.jpeg","contentUrl":"https:\/\/centrourbano.com\/revista\/wp-content\/uploads\/Carlos-Joaqu\u00edn_PremioHyM_David-Penchyna_Centro-Urbano.jpeg","width":800,"height":533,"caption":"El empresario recibi\u00f3 el llamado \u2018Oscar de la vivienda\u2019 por crear las condiciones para generar una oferta de vivienda importante"},{"@type":"BreadcrumbList","@id":"https:\/\/centrourbano.com\/revista\/vivienda\/galardonan-carlos-joaquin-impulsar-la-vivienda-qroo\/#breadcrumb","itemListElement":[{"@type":"ListItem","position":1,"name":"Portada","item":"https:\/\/centrourbano.com\/revista\/"},{"@type":"ListItem","position":2,"name":"Galardonan a Carlos Joaqu\u00edn por impulsar la vivienda en QRoo"}]},{"@type":"WebSite","@id":"https:\/\/centrourbano.com\/revista\/#website","url":"https:\/\/centrourbano.com\/revista\/","name":"Centro Urbano","description":"Medio especializado en los sectores vivienda, inmobiliario, construcci\u00f3n, arquitectura y urbanismo.","publisher":{"@id":"https:\/\/centrourbano.com\/revista\/#organization"},"potentialAction":[{"@type":"SearchAction","target":{"@type":"EntryPoint","urlTemplate":"https:\/\/centrourbano.com\/revista\/?s={search_term_string}"},"query-input":{"@type":"PropertyValueSpecification","valueRequired":true,"valueName":"search_term_string"}}],"inLanguage":"es"},{"@type":"Organization","@id":"https:\/\/centrourbano.com\/revista\/#organization","name":"Centro Urbano","url":"https:\/\/centrourbano.com\/revista\/","logo":{"@type":"ImageObject","inLanguage":"es","@id":"https:\/\/centrourbano.com\/revista\/#\/schema\/logo\/image\/","url":"https:\/\/centrourbano.com\/revista\/wp-content\/uploads\/web_CU_logo-1.png","contentUrl":"https:\/\/centrourbano.com\/revista\/wp-content\/uploads\/web_CU_logo-1.png","width":350,"height":91,"caption":"Centro Urbano"},"image":{"@id":"https:\/\/centrourbano.com\/revista\/#\/schema\/logo\/image\/"},"sameAs":["https:\/\/www.facebook.com\/portalcentrourbano","https:\/\/x.com\/CentroUrbano","https:\/\/www.instagram.com\/centro_urbano\/","https:\/\/www.linkedin.com\/company\/centro-urbano\/","http:\/\/www.youtube.com\/user\/portalcentrourbano"]},{"@type":"Person","@id":"https:\/\/centrourbano.com\/revista\/#\/schema\/person\/ff3c00651ce5b1630479d2cd0c2e3ac0","name":"Edgar Rosas","image":{"@type":"ImageObject","inLanguage":"es","@id":"https:\/\/secure.gravatar.com\/avatar\/94440c4283495211faa5300bf85e80061036b83fced868c3783aa1310b350d9c?s=96&d=mm&r=g","url":"https:\/\/secure.gravatar.com\/avatar\/94440c4283495211faa5300bf85e80061036b83fced868c3783aa1310b350d9c?s=96&d=mm&r=g","contentUrl":"https:\/\/secure.gravatar.com\/avatar\/94440c4283495211faa5300bf85e80061036b83fced868c3783aa1310b350d9c?s=96&d=mm&r=g","caption":"Edgar Rosas"},"description":"Editor en Jefe de Centro Urbano. Egresado de la maestr\u00eda en Periodismo Pol\u00edtico de la Escuela de Periodismo Carlos Septi\u00e9n Garc\u00eda (EPCSG). Estudi\u00f3 la licenciatura en Comunicaci\u00f3n en la Universidad Mexicana. Amante de la cr\u00f3nica y el reportaje. Admirador de Vicente Le\u00f1ero y Miguel \u00c1ngel Granados Chapa.","sameAs":["https:\/\/x.com\/https:\/\/twitter.com\/ERosasCU?s=09"],"url":"https:\/\/centrourbano.com\/revista\/author\/edgar-rosas\/"}]}},"_links":{"self":[{"href":"https:\/\/centrourbano.com\/revista\/wp-json\/wp\/v2\/posts\/81684","targetHints":{"allow":["GET"]}}],"collection":[{"href":"https:\/\/centrourbano.com\/revista\/wp-json\/wp\/v2\/posts"}],"about":[{"href":"https:\/\/centrourbano.com\/revista\/wp-json\/wp\/v2\/types\/post"}],"author":[{"embeddable":true,"href":"https:\/\/centrourbano.com\/revista\/wp-json\/wp\/v2\/users\/47"}],"replies":[{"embeddable":true,"href":"https:\/\/centrourbano.com\/revista\/wp-json\/wp\/v2\/comments?post=81684"}],"version-history":[{"count":5,"href":"https:\/\/centrourbano.com\/revista\/wp-json\/wp\/v2\/posts\/81684\/revisions"}],"predecessor-version":[{"id":81730,"href":"https:\/\/centrourbano.com\/revista\/wp-json\/wp\/v2\/posts\/81684\/revisions\/81730"}],"wp:featuredmedia":[{"embeddable":true,"href":"https:\/\/centrourbano.com\/revista\/wp-json\/wp\/v2\/media\/81685"}],"wp:attachment":[{"href":"https:\/\/centrourbano.com\/revista\/wp-json\/wp\/v2\/media?parent=81684"}],"wp:term":[{"taxonomy":"category","embeddable":true,"href":"https:\/\/centrourbano.com\/revista\/wp-json\/wp\/v2\/categories?post=81684"},{"taxonomy":"post_tag","embeddable":true,"href":"https:\/\/centrourbano.com\/revista\/wp-json\/wp\/v2\/tags?post=81684"}],"curies":[{"name":"wp","href":"https:\/\/api.w.org\/{rel}","templated":true}]}}