{"id":81671,"date":"2018-11-15T14:10:10","date_gmt":"2018-11-15T20:10:10","guid":{"rendered":"https:\/\/centrourbano.com\/?p=81671"},"modified":"2018-11-20T11:28:05","modified_gmt":"2018-11-20T17:28:05","slug":"cierre-ventanilla-cdmx-sera-7-diciembre","status":"publish","type":"post","link":"https:\/\/centrourbano.com\/revista\/inmobiliario\/cierre-ventanilla-cdmx-sera-7-diciembre\/","title":{"rendered":"Cierre de ventanilla en CDMX ser\u00e1 hasta 7 de diciembre"},"content":{"rendered":"<p><em>Las autoridades capitalinas hicieron oficial la cancelaci\u00f3n de tr\u00e1mites a trav\u00e9s de la Gaceta Oficial <\/em><!--more--><\/p>\n<p>El gobierno de la Ciudad de M\u00e9xico public\u00f3 el acuerdo por el que se suspende temporalmente la recepci\u00f3n, procedimiento, resoluci\u00f3n, emisi\u00f3n y entrega de los tr\u00e1mites para construcci\u00f3n en la capital mexicana. Con ello, de acuerdo a lo establecido, el cierre de ventanilla para desarrolladores en la capital mexicana permanecer\u00e1 hasta el pr\u00f3ximo 7 de diciembre.<\/p>\n<p>El documento fue publicado en la Gaceta Oficial de la Federaci\u00f3n este 15 de noviembre. Seg\u00fan lo estipulado en el acuerdo, los tr\u00e1mites emitidos antes de la entrada en vigor de la medida \u201cpodr\u00e1n ser entregados en estos d\u00edas, por lo que se considerar\u00e1n h\u00e1biles\u201d.<\/p>\n<p>\u201cLos d\u00edas 16, 20, 21, 22, 23, 26, 27, 28, 29 y 30 de noviembre, y 3, 4, 5, 6, 7 de diciembre de 2018, se declaran inh\u00e1biles para la recepci\u00f3n, procedimiento, resoluci\u00f3n, emisi\u00f3n y entrega de todos y cada uno de los tr\u00e1mites necesarios para llevar a cabo construcciones en la Ciudad de M\u00e9xico\u201d, establece el documento.<\/p>\n<p>Las autoridades se\u00f1alan que la medida se toma como parte de las acciones para \u201cefectuar una rendici\u00f3n de cuentas clara, completa y oportuna, con la finalidad de preparar y sistematizar la informaci\u00f3n para la Administraci\u00f3n P\u00fablica entrante, para que, al momento de iniciar su gesti\u00f3n, lleve a cabo la planeaci\u00f3n del desarrollo de la Ciudad para el siguiente periodo de gesti\u00f3n\u201d.<\/p>\n","protected":false},"excerpt":{"rendered":"<p>Las autoridades capitalinas hicieron oficial la cancelaci\u00f3n de tr\u00e1mites a trav\u00e9s de la Gaceta Oficial<\/p>\n","protected":false},"author":47,"featured_media":79516,"comment_status":"open","ping_status":"closed","sticky":false,"template":"","format":"standard","meta":{"om_disable_all_campaigns":false,"inline_featured_image":false,"_monsterinsights_skip_tracking":false,"_monsterinsights_sitenote_active":false,"_monsterinsights_sitenote_note":"","_monsterinsights_sitenote_category":0,"footnotes":""},"categories":[15],"tags":[606,14858,290,22,190,21],"class_list":["post-81671","post","type-post","status-publish","format-standard","has-post-thumbnail","hentry","category-inmobiliario","tag-cdmx","tag-cierre-de-ventanilla","tag-ciudad-de-mexico","tag-construccion-2","tag-desarrolladores","tag-inmobiliario-2"],"yoast_head":"<!-- This site is optimized with the Yoast SEO plugin v27.4 - https:\/\/yoast.com\/product\/yoast-seo-wordpress\/ -->\n<title>Cierre de ventanilla en CDMX ser\u00e1 hasta 7 de diciembre<\/title>\n<meta name=\"description\" content=\"El gobierno de la Ciudad de M\u00e9xico p\u00fablico el acuerdo por el que se suspende temporalmente la recepci\u00f3n, procedimiento, resoluci\u00f3n, emisi\u00f3n...\" \/>\n<meta name=\"robots\" content=\"index, follow, max-snippet:-1, max-image-preview:large, max-video-preview:-1\" \/>\n<link rel=\"canonical\" href=\"https:\/\/centrourbano.com\/revista\/inmobiliario\/cierre-ventanilla-cdmx-sera-7-diciembre\/\" \/>\n<meta property=\"og:locale\" content=\"es_ES\" \/>\n<meta property=\"og:type\" content=\"article\" \/>\n<meta property=\"og:title\" content=\"Cierre de ventanilla en CDMX ser\u00e1 hasta 7 de diciembre\" \/>\n<meta property=\"og:description\" content=\"El gobierno de la Ciudad de M\u00e9xico p\u00fablico el acuerdo por el que se suspende temporalmente la recepci\u00f3n, procedimiento, resoluci\u00f3n, emisi\u00f3n...\" \/>\n<meta property=\"og:url\" content=\"https:\/\/centrourbano.com\/revista\/inmobiliario\/cierre-ventanilla-cdmx-sera-7-diciembre\/\" \/>\n<meta property=\"og:site_name\" content=\"Centro Urbano\" \/>\n<meta property=\"article:publisher\" content=\"https:\/\/www.facebook.com\/portalcentrourbano\" \/>\n<meta property=\"article:published_time\" content=\"2018-11-15T20:10:10+00:00\" \/>\n<meta property=\"article:modified_time\" content=\"2018-11-20T17:28:05+00:00\" \/>\n<meta property=\"og:image\" content=\"https:\/\/centrourbano.com\/revista\/wp-content\/uploads\/maxresdefault-11-e1542312510458.jpg\" \/>\n\t<meta property=\"og:image:width\" content=\"800\" \/>\n\t<meta property=\"og:image:height\" content=\"450\" \/>\n\t<meta property=\"og:image:type\" content=\"image\/jpeg\" \/>\n<meta name=\"author\" content=\"Edgar Rosas\" \/>\n<meta name=\"twitter:card\" content=\"summary_large_image\" \/>\n<meta name=\"twitter:creator\" content=\"@https:\/\/twitter.com\/ERosasCU?s=09\" \/>\n<meta name=\"twitter:site\" content=\"@CentroUrbano\" \/>\n<meta name=\"twitter:label1\" content=\"Escrito por\" \/>\n\t<meta name=\"twitter:data1\" content=\"Edgar Rosas\" \/>\n\t<meta name=\"twitter:label2\" content=\"Tiempo de lectura\" \/>\n\t<meta name=\"twitter:data2\" content=\"1 minuto\" \/>\n<script type=\"application\/ld+json\" class=\"yoast-schema-graph\">{\"@context\":\"https:\\\/\\\/schema.org\",\"@graph\":[{\"@type\":\"Article\",\"@id\":\"https:\\\/\\\/centrourbano.com\\\/revista\\\/inmobiliario\\\/cierre-ventanilla-cdmx-sera-7-diciembre\\\/#article\",\"isPartOf\":{\"@id\":\"https:\\\/\\\/centrourbano.com\\\/revista\\\/inmobiliario\\\/cierre-ventanilla-cdmx-sera-7-diciembre\\\/\"},\"author\":{\"name\":\"Edgar Rosas\",\"@id\":\"https:\\\/\\\/centrourbano.com\\\/revista\\\/#\\\/schema\\\/person\\\/ff3c00651ce5b1630479d2cd0c2e3ac0\"},\"headline\":\"Cierre de ventanilla en CDMX ser\u00e1 hasta 7 de diciembre\",\"datePublished\":\"2018-11-15T20:10:10+00:00\",\"dateModified\":\"2018-11-20T17:28:05+00:00\",\"mainEntityOfPage\":{\"@id\":\"https:\\\/\\\/centrourbano.com\\\/revista\\\/inmobiliario\\\/cierre-ventanilla-cdmx-sera-7-diciembre\\\/\"},\"wordCount\":258,\"commentCount\":0,\"publisher\":{\"@id\":\"https:\\\/\\\/centrourbano.com\\\/revista\\\/#organization\"},\"image\":{\"@id\":\"https:\\\/\\\/centrourbano.com\\\/revista\\\/inmobiliario\\\/cierre-ventanilla-cdmx-sera-7-diciembre\\\/#primaryimage\"},\"thumbnailUrl\":\"https:\\\/\\\/centrourbano.com\\\/revista\\\/wp-content\\\/uploads\\\/maxresdefault-11-e1542312510458.jpg\",\"keywords\":[\"CDMX\",\"Cierre de Ventanilla\",\"ciudad de M\u00e9xico\",\"construcci\u00f3n\",\"desarrolladores\",\"inmobiliario\"],\"articleSection\":[\"Inmobiliario\"],\"inLanguage\":\"es\",\"potentialAction\":[{\"@type\":\"CommentAction\",\"name\":\"Comment\",\"target\":[\"https:\\\/\\\/centrourbano.com\\\/revista\\\/inmobiliario\\\/cierre-ventanilla-cdmx-sera-7-diciembre\\\/#respond\"]}]},{\"@type\":\"WebPage\",\"@id\":\"https:\\\/\\\/centrourbano.com\\\/revista\\\/inmobiliario\\\/cierre-ventanilla-cdmx-sera-7-diciembre\\\/\",\"url\":\"https:\\\/\\\/centrourbano.com\\\/revista\\\/inmobiliario\\\/cierre-ventanilla-cdmx-sera-7-diciembre\\\/\",\"name\":\"Cierre de ventanilla en CDMX ser\u00e1 hasta 7 de diciembre\",\"isPartOf\":{\"@id\":\"https:\\\/\\\/centrourbano.com\\\/revista\\\/#website\"},\"primaryImageOfPage\":{\"@id\":\"https:\\\/\\\/centrourbano.com\\\/revista\\\/inmobiliario\\\/cierre-ventanilla-cdmx-sera-7-diciembre\\\/#primaryimage\"},\"image\":{\"@id\":\"https:\\\/\\\/centrourbano.com\\\/revista\\\/inmobiliario\\\/cierre-ventanilla-cdmx-sera-7-diciembre\\\/#primaryimage\"},\"thumbnailUrl\":\"https:\\\/\\\/centrourbano.com\\\/revista\\\/wp-content\\\/uploads\\\/maxresdefault-11-e1542312510458.jpg\",\"datePublished\":\"2018-11-15T20:10:10+00:00\",\"dateModified\":\"2018-11-20T17:28:05+00:00\",\"description\":\"El gobierno de la Ciudad de M\u00e9xico p\u00fablico el acuerdo por el que se suspende temporalmente la recepci\u00f3n, procedimiento, resoluci\u00f3n, emisi\u00f3n...\",\"breadcrumb\":{\"@id\":\"https:\\\/\\\/centrourbano.com\\\/revista\\\/inmobiliario\\\/cierre-ventanilla-cdmx-sera-7-diciembre\\\/#breadcrumb\"},\"inLanguage\":\"es\",\"potentialAction\":[{\"@type\":\"ReadAction\",\"target\":[\"https:\\\/\\\/centrourbano.com\\\/revista\\\/inmobiliario\\\/cierre-ventanilla-cdmx-sera-7-diciembre\\\/\"]}]},{\"@type\":\"ImageObject\",\"inLanguage\":\"es\",\"@id\":\"https:\\\/\\\/centrourbano.com\\\/revista\\\/inmobiliario\\\/cierre-ventanilla-cdmx-sera-7-diciembre\\\/#primaryimage\",\"url\":\"https:\\\/\\\/centrourbano.com\\\/revista\\\/wp-content\\\/uploads\\\/maxresdefault-11-e1542312510458.jpg\",\"contentUrl\":\"https:\\\/\\\/centrourbano.com\\\/revista\\\/wp-content\\\/uploads\\\/maxresdefault-11-e1542312510458.jpg\",\"width\":800,\"height\":450,\"caption\":\"Al momento seis alcald\u00edas han anunciado suspensi\u00f3n de tr\u00e1mites para nuevas obras\"},{\"@type\":\"BreadcrumbList\",\"@id\":\"https:\\\/\\\/centrourbano.com\\\/revista\\\/inmobiliario\\\/cierre-ventanilla-cdmx-sera-7-diciembre\\\/#breadcrumb\",\"itemListElement\":[{\"@type\":\"ListItem\",\"position\":1,\"name\":\"Portada\",\"item\":\"https:\\\/\\\/centrourbano.com\\\/revista\\\/\"},{\"@type\":\"ListItem\",\"position\":2,\"name\":\"Cierre de ventanilla en CDMX ser\u00e1 hasta 7 de diciembre\"}]},{\"@type\":\"WebSite\",\"@id\":\"https:\\\/\\\/centrourbano.com\\\/revista\\\/#website\",\"url\":\"https:\\\/\\\/centrourbano.com\\\/revista\\\/\",\"name\":\"Centro Urbano\",\"description\":\"Medio especializado en los sectores vivienda, inmobiliario, construcci\u00f3n, arquitectura y urbanismo.\",\"publisher\":{\"@id\":\"https:\\\/\\\/centrourbano.com\\\/revista\\\/#organization\"},\"potentialAction\":[{\"@type\":\"SearchAction\",\"target\":{\"@type\":\"EntryPoint\",\"urlTemplate\":\"https:\\\/\\\/centrourbano.com\\\/revista\\\/?s={search_term_string}\"},\"query-input\":{\"@type\":\"PropertyValueSpecification\",\"valueRequired\":true,\"valueName\":\"search_term_string\"}}],\"inLanguage\":\"es\"},{\"@type\":\"Organization\",\"@id\":\"https:\\\/\\\/centrourbano.com\\\/revista\\\/#organization\",\"name\":\"Centro Urbano\",\"url\":\"https:\\\/\\\/centrourbano.com\\\/revista\\\/\",\"logo\":{\"@type\":\"ImageObject\",\"inLanguage\":\"es\",\"@id\":\"https:\\\/\\\/centrourbano.com\\\/revista\\\/#\\\/schema\\\/logo\\\/image\\\/\",\"url\":\"https:\\\/\\\/centrourbano.com\\\/revista\\\/wp-content\\\/uploads\\\/web_CU_logo-1.png\",\"contentUrl\":\"https:\\\/\\\/centrourbano.com\\\/revista\\\/wp-content\\\/uploads\\\/web_CU_logo-1.png\",\"width\":350,\"height\":91,\"caption\":\"Centro Urbano\"},\"image\":{\"@id\":\"https:\\\/\\\/centrourbano.com\\\/revista\\\/#\\\/schema\\\/logo\\\/image\\\/\"},\"sameAs\":[\"https:\\\/\\\/www.facebook.com\\\/portalcentrourbano\",\"https:\\\/\\\/x.com\\\/CentroUrbano\",\"https:\\\/\\\/www.instagram.com\\\/centro_urbano\\\/\",\"https:\\\/\\\/www.linkedin.com\\\/company\\\/centro-urbano\\\/\",\"http:\\\/\\\/www.youtube.com\\\/user\\\/portalcentrourbano\"]},{\"@type\":\"Person\",\"@id\":\"https:\\\/\\\/centrourbano.com\\\/revista\\\/#\\\/schema\\\/person\\\/ff3c00651ce5b1630479d2cd0c2e3ac0\",\"name\":\"Edgar Rosas\",\"image\":{\"@type\":\"ImageObject\",\"inLanguage\":\"es\",\"@id\":\"https:\\\/\\\/secure.gravatar.com\\\/avatar\\\/94440c4283495211faa5300bf85e80061036b83fced868c3783aa1310b350d9c?s=96&d=mm&r=g\",\"url\":\"https:\\\/\\\/secure.gravatar.com\\\/avatar\\\/94440c4283495211faa5300bf85e80061036b83fced868c3783aa1310b350d9c?s=96&d=mm&r=g\",\"contentUrl\":\"https:\\\/\\\/secure.gravatar.com\\\/avatar\\\/94440c4283495211faa5300bf85e80061036b83fced868c3783aa1310b350d9c?s=96&d=mm&r=g\",\"caption\":\"Edgar Rosas\"},\"description\":\"Editor en Jefe de Centro Urbano. Egresado de la maestr\u00eda en Periodismo Pol\u00edtico de la Escuela de Periodismo Carlos Septi\u00e9n Garc\u00eda (EPCSG). Estudi\u00f3 la licenciatura en Comunicaci\u00f3n en la Universidad Mexicana. Amante de la cr\u00f3nica y el reportaje. Admirador de Vicente Le\u00f1ero y Miguel \u00c1ngel Granados Chapa.\",\"sameAs\":[\"https:\\\/\\\/x.com\\\/https:\\\/\\\/twitter.com\\\/ERosasCU?s=09\"],\"url\":\"https:\\\/\\\/centrourbano.com\\\/revista\\\/author\\\/edgar-rosas\\\/\"}]}<\/script>\n<!-- \/ Yoast SEO plugin. -->","yoast_head_json":{"title":"Cierre de ventanilla en CDMX ser\u00e1 hasta 7 de diciembre","description":"El gobierno de la Ciudad de M\u00e9xico p\u00fablico el acuerdo por el que se suspende temporalmente la recepci\u00f3n, procedimiento, resoluci\u00f3n, emisi\u00f3n...","robots":{"index":"index","follow":"follow","max-snippet":"max-snippet:-1","max-image-preview":"max-image-preview:large","max-video-preview":"max-video-preview:-1"},"canonical":"https:\/\/centrourbano.com\/revista\/inmobiliario\/cierre-ventanilla-cdmx-sera-7-diciembre\/","og_locale":"es_ES","og_type":"article","og_title":"Cierre de ventanilla en CDMX ser\u00e1 hasta 7 de diciembre","og_description":"El gobierno de la Ciudad de M\u00e9xico p\u00fablico el acuerdo por el que se suspende temporalmente la recepci\u00f3n, procedimiento, resoluci\u00f3n, emisi\u00f3n...","og_url":"https:\/\/centrourbano.com\/revista\/inmobiliario\/cierre-ventanilla-cdmx-sera-7-diciembre\/","og_site_name":"Centro Urbano","article_publisher":"https:\/\/www.facebook.com\/portalcentrourbano","article_published_time":"2018-11-15T20:10:10+00:00","article_modified_time":"2018-11-20T17:28:05+00:00","og_image":[{"width":800,"height":450,"url":"https:\/\/centrourbano.com\/revista\/wp-content\/uploads\/maxresdefault-11-e1542312510458.jpg","type":"image\/jpeg"}],"author":"Edgar Rosas","twitter_card":"summary_large_image","twitter_creator":"@https:\/\/twitter.com\/ERosasCU?s=09","twitter_site":"@CentroUrbano","twitter_misc":{"Escrito por":"Edgar Rosas","Tiempo de lectura":"1 minuto"},"schema":{"@context":"https:\/\/schema.org","@graph":[{"@type":"Article","@id":"https:\/\/centrourbano.com\/revista\/inmobiliario\/cierre-ventanilla-cdmx-sera-7-diciembre\/#article","isPartOf":{"@id":"https:\/\/centrourbano.com\/revista\/inmobiliario\/cierre-ventanilla-cdmx-sera-7-diciembre\/"},"author":{"name":"Edgar Rosas","@id":"https:\/\/centrourbano.com\/revista\/#\/schema\/person\/ff3c00651ce5b1630479d2cd0c2e3ac0"},"headline":"Cierre de ventanilla en CDMX ser\u00e1 hasta 7 de diciembre","datePublished":"2018-11-15T20:10:10+00:00","dateModified":"2018-11-20T17:28:05+00:00","mainEntityOfPage":{"@id":"https:\/\/centrourbano.com\/revista\/inmobiliario\/cierre-ventanilla-cdmx-sera-7-diciembre\/"},"wordCount":258,"commentCount":0,"publisher":{"@id":"https:\/\/centrourbano.com\/revista\/#organization"},"image":{"@id":"https:\/\/centrourbano.com\/revista\/inmobiliario\/cierre-ventanilla-cdmx-sera-7-diciembre\/#primaryimage"},"thumbnailUrl":"https:\/\/centrourbano.com\/revista\/wp-content\/uploads\/maxresdefault-11-e1542312510458.jpg","keywords":["CDMX","Cierre de Ventanilla","ciudad de M\u00e9xico","construcci\u00f3n","desarrolladores","inmobiliario"],"articleSection":["Inmobiliario"],"inLanguage":"es","potentialAction":[{"@type":"CommentAction","name":"Comment","target":["https:\/\/centrourbano.com\/revista\/inmobiliario\/cierre-ventanilla-cdmx-sera-7-diciembre\/#respond"]}]},{"@type":"WebPage","@id":"https:\/\/centrourbano.com\/revista\/inmobiliario\/cierre-ventanilla-cdmx-sera-7-diciembre\/","url":"https:\/\/centrourbano.com\/revista\/inmobiliario\/cierre-ventanilla-cdmx-sera-7-diciembre\/","name":"Cierre de ventanilla en CDMX ser\u00e1 hasta 7 de diciembre","isPartOf":{"@id":"https:\/\/centrourbano.com\/revista\/#website"},"primaryImageOfPage":{"@id":"https:\/\/centrourbano.com\/revista\/inmobiliario\/cierre-ventanilla-cdmx-sera-7-diciembre\/#primaryimage"},"image":{"@id":"https:\/\/centrourbano.com\/revista\/inmobiliario\/cierre-ventanilla-cdmx-sera-7-diciembre\/#primaryimage"},"thumbnailUrl":"https:\/\/centrourbano.com\/revista\/wp-content\/uploads\/maxresdefault-11-e1542312510458.jpg","datePublished":"2018-11-15T20:10:10+00:00","dateModified":"2018-11-20T17:28:05+00:00","description":"El gobierno de la Ciudad de M\u00e9xico p\u00fablico el acuerdo por el que se suspende temporalmente la recepci\u00f3n, procedimiento, resoluci\u00f3n, emisi\u00f3n...","breadcrumb":{"@id":"https:\/\/centrourbano.com\/revista\/inmobiliario\/cierre-ventanilla-cdmx-sera-7-diciembre\/#breadcrumb"},"inLanguage":"es","potentialAction":[{"@type":"ReadAction","target":["https:\/\/centrourbano.com\/revista\/inmobiliario\/cierre-ventanilla-cdmx-sera-7-diciembre\/"]}]},{"@type":"ImageObject","inLanguage":"es","@id":"https:\/\/centrourbano.com\/revista\/inmobiliario\/cierre-ventanilla-cdmx-sera-7-diciembre\/#primaryimage","url":"https:\/\/centrourbano.com\/revista\/wp-content\/uploads\/maxresdefault-11-e1542312510458.jpg","contentUrl":"https:\/\/centrourbano.com\/revista\/wp-content\/uploads\/maxresdefault-11-e1542312510458.jpg","width":800,"height":450,"caption":"Al momento seis alcald\u00edas han anunciado suspensi\u00f3n de tr\u00e1mites para nuevas obras"},{"@type":"BreadcrumbList","@id":"https:\/\/centrourbano.com\/revista\/inmobiliario\/cierre-ventanilla-cdmx-sera-7-diciembre\/#breadcrumb","itemListElement":[{"@type":"ListItem","position":1,"name":"Portada","item":"https:\/\/centrourbano.com\/revista\/"},{"@type":"ListItem","position":2,"name":"Cierre de ventanilla en CDMX ser\u00e1 hasta 7 de diciembre"}]},{"@type":"WebSite","@id":"https:\/\/centrourbano.com\/revista\/#website","url":"https:\/\/centrourbano.com\/revista\/","name":"Centro Urbano","description":"Medio especializado en los sectores vivienda, inmobiliario, construcci\u00f3n, arquitectura y urbanismo.","publisher":{"@id":"https:\/\/centrourbano.com\/revista\/#organization"},"potentialAction":[{"@type":"SearchAction","target":{"@type":"EntryPoint","urlTemplate":"https:\/\/centrourbano.com\/revista\/?s={search_term_string}"},"query-input":{"@type":"PropertyValueSpecification","valueRequired":true,"valueName":"search_term_string"}}],"inLanguage":"es"},{"@type":"Organization","@id":"https:\/\/centrourbano.com\/revista\/#organization","name":"Centro Urbano","url":"https:\/\/centrourbano.com\/revista\/","logo":{"@type":"ImageObject","inLanguage":"es","@id":"https:\/\/centrourbano.com\/revista\/#\/schema\/logo\/image\/","url":"https:\/\/centrourbano.com\/revista\/wp-content\/uploads\/web_CU_logo-1.png","contentUrl":"https:\/\/centrourbano.com\/revista\/wp-content\/uploads\/web_CU_logo-1.png","width":350,"height":91,"caption":"Centro Urbano"},"image":{"@id":"https:\/\/centrourbano.com\/revista\/#\/schema\/logo\/image\/"},"sameAs":["https:\/\/www.facebook.com\/portalcentrourbano","https:\/\/x.com\/CentroUrbano","https:\/\/www.instagram.com\/centro_urbano\/","https:\/\/www.linkedin.com\/company\/centro-urbano\/","http:\/\/www.youtube.com\/user\/portalcentrourbano"]},{"@type":"Person","@id":"https:\/\/centrourbano.com\/revista\/#\/schema\/person\/ff3c00651ce5b1630479d2cd0c2e3ac0","name":"Edgar Rosas","image":{"@type":"ImageObject","inLanguage":"es","@id":"https:\/\/secure.gravatar.com\/avatar\/94440c4283495211faa5300bf85e80061036b83fced868c3783aa1310b350d9c?s=96&d=mm&r=g","url":"https:\/\/secure.gravatar.com\/avatar\/94440c4283495211faa5300bf85e80061036b83fced868c3783aa1310b350d9c?s=96&d=mm&r=g","contentUrl":"https:\/\/secure.gravatar.com\/avatar\/94440c4283495211faa5300bf85e80061036b83fced868c3783aa1310b350d9c?s=96&d=mm&r=g","caption":"Edgar Rosas"},"description":"Editor en Jefe de Centro Urbano. Egresado de la maestr\u00eda en Periodismo Pol\u00edtico de la Escuela de Periodismo Carlos Septi\u00e9n Garc\u00eda (EPCSG). Estudi\u00f3 la licenciatura en Comunicaci\u00f3n en la Universidad Mexicana. Amante de la cr\u00f3nica y el reportaje. Admirador de Vicente Le\u00f1ero y Miguel \u00c1ngel Granados Chapa.","sameAs":["https:\/\/x.com\/https:\/\/twitter.com\/ERosasCU?s=09"],"url":"https:\/\/centrourbano.com\/revista\/author\/edgar-rosas\/"}]}},"_links":{"self":[{"href":"https:\/\/centrourbano.com\/revista\/wp-json\/wp\/v2\/posts\/81671","targetHints":{"allow":["GET"]}}],"collection":[{"href":"https:\/\/centrourbano.com\/revista\/wp-json\/wp\/v2\/posts"}],"about":[{"href":"https:\/\/centrourbano.com\/revista\/wp-json\/wp\/v2\/types\/post"}],"author":[{"embeddable":true,"href":"https:\/\/centrourbano.com\/revista\/wp-json\/wp\/v2\/users\/47"}],"replies":[{"embeddable":true,"href":"https:\/\/centrourbano.com\/revista\/wp-json\/wp\/v2\/comments?post=81671"}],"version-history":[{"count":2,"href":"https:\/\/centrourbano.com\/revista\/wp-json\/wp\/v2\/posts\/81671\/revisions"}],"predecessor-version":[{"id":81793,"href":"https:\/\/centrourbano.com\/revista\/wp-json\/wp\/v2\/posts\/81671\/revisions\/81793"}],"wp:featuredmedia":[{"embeddable":true,"href":"https:\/\/centrourbano.com\/revista\/wp-json\/wp\/v2\/media\/79516"}],"wp:attachment":[{"href":"https:\/\/centrourbano.com\/revista\/wp-json\/wp\/v2\/media?parent=81671"}],"wp:term":[{"taxonomy":"category","embeddable":true,"href":"https:\/\/centrourbano.com\/revista\/wp-json\/wp\/v2\/categories?post=81671"},{"taxonomy":"post_tag","embeddable":true,"href":"https:\/\/centrourbano.com\/revista\/wp-json\/wp\/v2\/tags?post=81671"}],"curies":[{"name":"wp","href":"https:\/\/api.w.org\/{rel}","templated":true}]}}