{"id":81640,"date":"2018-11-14T15:53:09","date_gmt":"2018-11-14T21:53:09","guid":{"rendered":"https:\/\/centrourbano.com\/?p=81640"},"modified":"2018-11-14T15:54:09","modified_gmt":"2018-11-14T21:54:09","slug":"crecera-demanda-vivienda-vertical-al-2024","status":"publish","type":"post","link":"https:\/\/centrourbano.com\/revista\/vivienda\/crecera-demanda-vivienda-vertical-al-2024\/","title":{"rendered":"Crecer\u00e1 demanda de vivienda vertical al 2024"},"content":{"rendered":"<p><em>De acuerdo con Softec,\u00a0 para esa fecha se necesitar\u00e1n 3.6 millones de hogares<\/em><!--more--><\/p>\n<p>Para 2024 una de las tendencias en el mercado inmobiliario ser\u00e1 el crecimiento de la demanda de vivienda vertical en M\u00e9xico, con un valor menor a los 500, 000 pesos, de acuerdo con\u00a0Jos\u00e9 Sol\u00f3rzano, CEO y Cofundador de Tu Cant\u00f3n.<\/p>\n<p>Sin embargo el directivo se\u00f1al\u00f3 que\u00a0el mercado tendr\u00e1 un arranque tard\u00edo del 2019, sobre todo en inmuebles de un presupuesto limitado debido a que instituciones como Infonavit y Conavi, espec\u00edficamente, deben determinar las pautas para el comienzo de sexenio.<\/p>\n<p>\u201cDonde habr\u00e1 mayor impacto ser\u00e1 en las viviendas multifamiliares (condominios y edificios) vs los unipersonales (casas), sobre todo aquellas que tienen un costo menor de $500,000 adem\u00e1s, el \u00e1rea del pa\u00eds donde se cimentar\u00e1n este tipo de hogares ser\u00e1 en la periferia de la ciudad, donde en los \u00faltimos a\u00f1os se ha apreciado un incremento en la demanda en los inmuebles de tipo vertical\u201d, coment\u00f3 Jos\u00e9 Sol\u00f3rzano.<\/p>\n<p>Destac\u00f3 un estudio de Softec donde se\u00f1ala que en los pr\u00f3ximo a\u00f1os, para ser exactos a partir de este y hasta el 2024, la demanda de este tipo de viviendas representar\u00e1 aproximadamente 3.6 millones de hogares, lo que implicar\u00e1 que se urbanicen 240 mil hect\u00e1reas.<\/p>\n<p>Adem\u00e1s dijo que si bien el inicio de a\u00f1o tendr\u00e1 un arranque lento, eso no frena la inversi\u00f3n extranjera, la cual se calcula tendr\u00e1 un crecimiento del 10%, comparado con el mismo periodo que el 2018, seg\u00fan la Asociaci\u00f3n Mexicana de Profesionales Inmobiliarios (AMPI). Esto representa m\u00e1s de 21,000 millones de d\u00f3lares en inversi\u00f3n.<\/p>\n","protected":false},"excerpt":{"rendered":"<p>De acuerdo con Softec,\u00a0 para esa fecha se necesitar\u00e1n 3.6 millones de hogares<\/p>\n","protected":false},"author":69,"featured_media":81641,"comment_status":"open","ping_status":"closed","sticky":false,"template":"","format":"standard","meta":{"om_disable_all_campaigns":false,"inline_featured_image":false,"_monsterinsights_skip_tracking":false,"_monsterinsights_sitenote_active":false,"_monsterinsights_sitenote_note":"","_monsterinsights_sitenote_category":0,"footnotes":""},"categories":[12],"tags":[],"class_list":["post-81640","post","type-post","status-publish","format-standard","has-post-thumbnail","hentry","category-vivienda"],"yoast_head":"<!-- This site is optimized with the Yoast SEO plugin v27.4 - https:\/\/yoast.com\/product\/yoast-seo-wordpress\/ -->\n<title>Crecer\u00e1 demanda de vivienda vertical al 2024<\/title>\n<meta name=\"description\" content=\"De acuerdo con Softec, para esa fecha se necesitar\u00e1n 3.6 millones de hogares\" \/>\n<meta name=\"robots\" content=\"index, follow, max-snippet:-1, max-image-preview:large, max-video-preview:-1\" \/>\n<link rel=\"canonical\" href=\"https:\/\/centrourbano.com\/revista\/vivienda\/crecera-demanda-vivienda-vertical-al-2024\/\" \/>\n<meta property=\"og:locale\" content=\"es_ES\" \/>\n<meta property=\"og:type\" content=\"article\" \/>\n<meta property=\"og:title\" content=\"Crecer\u00e1 demanda de vivienda vertical al 2024\" \/>\n<meta property=\"og:description\" content=\"De acuerdo con Softec, para esa fecha se necesitar\u00e1n 3.6 millones de hogares\" \/>\n<meta property=\"og:url\" content=\"https:\/\/centrourbano.com\/revista\/vivienda\/crecera-demanda-vivienda-vertical-al-2024\/\" \/>\n<meta property=\"og:site_name\" content=\"Centro Urbano\" \/>\n<meta property=\"article:publisher\" content=\"https:\/\/www.facebook.com\/portalcentrourbano\" \/>\n<meta property=\"article:published_time\" content=\"2018-11-14T21:53:09+00:00\" \/>\n<meta property=\"article:modified_time\" content=\"2018-11-14T21:54:09+00:00\" \/>\n<meta property=\"og:image\" content=\"https:\/\/centrourbano.com\/revista\/wp-content\/uploads\/Tu-Cant\u00f3n-Tendencias-inmobiliarias-2019.jpg\" \/>\n\t<meta property=\"og:image:width\" content=\"1280\" \/>\n\t<meta property=\"og:image:height\" content=\"853\" \/>\n\t<meta property=\"og:image:type\" content=\"image\/jpeg\" \/>\n<meta name=\"author\" content=\"Fernando Navarrete\" \/>\n<meta name=\"twitter:card\" content=\"summary_large_image\" \/>\n<meta name=\"twitter:creator\" content=\"@CentroUrbano\" \/>\n<meta name=\"twitter:site\" content=\"@CentroUrbano\" \/>\n<meta name=\"twitter:label1\" content=\"Escrito por\" \/>\n\t<meta name=\"twitter:data1\" content=\"Fernando Navarrete\" \/>\n\t<meta name=\"twitter:label2\" content=\"Tiempo de lectura\" \/>\n\t<meta name=\"twitter:data2\" content=\"1 minuto\" \/>\n<script type=\"application\/ld+json\" class=\"yoast-schema-graph\">{\"@context\":\"https:\\\/\\\/schema.org\",\"@graph\":[{\"@type\":\"Article\",\"@id\":\"https:\\\/\\\/centrourbano.com\\\/revista\\\/vivienda\\\/crecera-demanda-vivienda-vertical-al-2024\\\/#article\",\"isPartOf\":{\"@id\":\"https:\\\/\\\/centrourbano.com\\\/revista\\\/vivienda\\\/crecera-demanda-vivienda-vertical-al-2024\\\/\"},\"author\":{\"name\":\"Fernando Navarrete\",\"@id\":\"https:\\\/\\\/centrourbano.com\\\/revista\\\/#\\\/schema\\\/person\\\/515c32d01ece40d20a7ed3fdf34051af\"},\"headline\":\"Crecer\u00e1 demanda de vivienda vertical al 2024\",\"datePublished\":\"2018-11-14T21:53:09+00:00\",\"dateModified\":\"2018-11-14T21:54:09+00:00\",\"mainEntityOfPage\":{\"@id\":\"https:\\\/\\\/centrourbano.com\\\/revista\\\/vivienda\\\/crecera-demanda-vivienda-vertical-al-2024\\\/\"},\"wordCount\":278,\"commentCount\":0,\"publisher\":{\"@id\":\"https:\\\/\\\/centrourbano.com\\\/revista\\\/#organization\"},\"image\":{\"@id\":\"https:\\\/\\\/centrourbano.com\\\/revista\\\/vivienda\\\/crecera-demanda-vivienda-vertical-al-2024\\\/#primaryimage\"},\"thumbnailUrl\":\"https:\\\/\\\/centrourbano.com\\\/revista\\\/wp-content\\\/uploads\\\/Tu-Cant\u00f3n-Tendencias-inmobiliarias-2019.jpg\",\"articleSection\":[\"Vivienda\"],\"inLanguage\":\"es\",\"potentialAction\":[{\"@type\":\"CommentAction\",\"name\":\"Comment\",\"target\":[\"https:\\\/\\\/centrourbano.com\\\/revista\\\/vivienda\\\/crecera-demanda-vivienda-vertical-al-2024\\\/#respond\"]}]},{\"@type\":\"WebPage\",\"@id\":\"https:\\\/\\\/centrourbano.com\\\/revista\\\/vivienda\\\/crecera-demanda-vivienda-vertical-al-2024\\\/\",\"url\":\"https:\\\/\\\/centrourbano.com\\\/revista\\\/vivienda\\\/crecera-demanda-vivienda-vertical-al-2024\\\/\",\"name\":\"Crecer\u00e1 demanda de vivienda vertical al 2024\",\"isPartOf\":{\"@id\":\"https:\\\/\\\/centrourbano.com\\\/revista\\\/#website\"},\"primaryImageOfPage\":{\"@id\":\"https:\\\/\\\/centrourbano.com\\\/revista\\\/vivienda\\\/crecera-demanda-vivienda-vertical-al-2024\\\/#primaryimage\"},\"image\":{\"@id\":\"https:\\\/\\\/centrourbano.com\\\/revista\\\/vivienda\\\/crecera-demanda-vivienda-vertical-al-2024\\\/#primaryimage\"},\"thumbnailUrl\":\"https:\\\/\\\/centrourbano.com\\\/revista\\\/wp-content\\\/uploads\\\/Tu-Cant\u00f3n-Tendencias-inmobiliarias-2019.jpg\",\"datePublished\":\"2018-11-14T21:53:09+00:00\",\"dateModified\":\"2018-11-14T21:54:09+00:00\",\"description\":\"De acuerdo con Softec, para esa fecha se necesitar\u00e1n 3.6 millones de hogares\",\"breadcrumb\":{\"@id\":\"https:\\\/\\\/centrourbano.com\\\/revista\\\/vivienda\\\/crecera-demanda-vivienda-vertical-al-2024\\\/#breadcrumb\"},\"inLanguage\":\"es\",\"potentialAction\":[{\"@type\":\"ReadAction\",\"target\":[\"https:\\\/\\\/centrourbano.com\\\/revista\\\/vivienda\\\/crecera-demanda-vivienda-vertical-al-2024\\\/\"]}]},{\"@type\":\"ImageObject\",\"inLanguage\":\"es\",\"@id\":\"https:\\\/\\\/centrourbano.com\\\/revista\\\/vivienda\\\/crecera-demanda-vivienda-vertical-al-2024\\\/#primaryimage\",\"url\":\"https:\\\/\\\/centrourbano.com\\\/revista\\\/wp-content\\\/uploads\\\/Tu-Cant\u00f3n-Tendencias-inmobiliarias-2019.jpg\",\"contentUrl\":\"https:\\\/\\\/centrourbano.com\\\/revista\\\/wp-content\\\/uploads\\\/Tu-Cant\u00f3n-Tendencias-inmobiliarias-2019.jpg\",\"width\":1280,\"height\":853,\"caption\":\"De acuerdo con Softec, para esa fecha se necesitar\u00e1n 3.6 millones de hogares\"},{\"@type\":\"BreadcrumbList\",\"@id\":\"https:\\\/\\\/centrourbano.com\\\/revista\\\/vivienda\\\/crecera-demanda-vivienda-vertical-al-2024\\\/#breadcrumb\",\"itemListElement\":[{\"@type\":\"ListItem\",\"position\":1,\"name\":\"Portada\",\"item\":\"https:\\\/\\\/centrourbano.com\\\/revista\\\/\"},{\"@type\":\"ListItem\",\"position\":2,\"name\":\"Crecer\u00e1 demanda de vivienda vertical al 2024\"}]},{\"@type\":\"WebSite\",\"@id\":\"https:\\\/\\\/centrourbano.com\\\/revista\\\/#website\",\"url\":\"https:\\\/\\\/centrourbano.com\\\/revista\\\/\",\"name\":\"Centro Urbano\",\"description\":\"Medio especializado en los sectores vivienda, inmobiliario, construcci\u00f3n, arquitectura y urbanismo.\",\"publisher\":{\"@id\":\"https:\\\/\\\/centrourbano.com\\\/revista\\\/#organization\"},\"potentialAction\":[{\"@type\":\"SearchAction\",\"target\":{\"@type\":\"EntryPoint\",\"urlTemplate\":\"https:\\\/\\\/centrourbano.com\\\/revista\\\/?s={search_term_string}\"},\"query-input\":{\"@type\":\"PropertyValueSpecification\",\"valueRequired\":true,\"valueName\":\"search_term_string\"}}],\"inLanguage\":\"es\"},{\"@type\":\"Organization\",\"@id\":\"https:\\\/\\\/centrourbano.com\\\/revista\\\/#organization\",\"name\":\"Centro Urbano\",\"url\":\"https:\\\/\\\/centrourbano.com\\\/revista\\\/\",\"logo\":{\"@type\":\"ImageObject\",\"inLanguage\":\"es\",\"@id\":\"https:\\\/\\\/centrourbano.com\\\/revista\\\/#\\\/schema\\\/logo\\\/image\\\/\",\"url\":\"https:\\\/\\\/centrourbano.com\\\/revista\\\/wp-content\\\/uploads\\\/web_CU_logo-1.png\",\"contentUrl\":\"https:\\\/\\\/centrourbano.com\\\/revista\\\/wp-content\\\/uploads\\\/web_CU_logo-1.png\",\"width\":350,\"height\":91,\"caption\":\"Centro Urbano\"},\"image\":{\"@id\":\"https:\\\/\\\/centrourbano.com\\\/revista\\\/#\\\/schema\\\/logo\\\/image\\\/\"},\"sameAs\":[\"https:\\\/\\\/www.facebook.com\\\/portalcentrourbano\",\"https:\\\/\\\/x.com\\\/CentroUrbano\",\"https:\\\/\\\/www.instagram.com\\\/centro_urbano\\\/\",\"https:\\\/\\\/www.linkedin.com\\\/company\\\/centro-urbano\\\/\",\"http:\\\/\\\/www.youtube.com\\\/user\\\/portalcentrourbano\"]},{\"@type\":\"Person\",\"@id\":\"https:\\\/\\\/centrourbano.com\\\/revista\\\/#\\\/schema\\\/person\\\/515c32d01ece40d20a7ed3fdf34051af\",\"name\":\"Fernando Navarrete\",\"image\":{\"@type\":\"ImageObject\",\"inLanguage\":\"es\",\"@id\":\"https:\\\/\\\/secure.gravatar.com\\\/avatar\\\/f4dd6927a99e72698473e350e20ec8a38bd48cb668e15b03d04e8e537da41ad0?s=96&d=mm&r=g\",\"url\":\"https:\\\/\\\/secure.gravatar.com\\\/avatar\\\/f4dd6927a99e72698473e350e20ec8a38bd48cb668e15b03d04e8e537da41ad0?s=96&d=mm&r=g\",\"contentUrl\":\"https:\\\/\\\/secure.gravatar.com\\\/avatar\\\/f4dd6927a99e72698473e350e20ec8a38bd48cb668e15b03d04e8e537da41ad0?s=96&d=mm&r=g\",\"caption\":\"Fernando Navarrete\"},\"description\":\"Reportero de negocios, inmobiliario, construcci\u00f3n e industria. Me interesa la econom\u00eda, pol\u00edtica, historia y antropolog\u00eda. Estudi\u00e9 en la Facultad de Ciencias Pol\u00edticas y Sociales de la UNAM. Tengo experiencia en el sector p\u00fablico, la industria del acero, ingenier\u00eda civil, IT y corporativos; soy un nost\u00e1lgico nacionalista contempor\u00e1neo que cree en la grandeza de su pa\u00eds. Asiduo lector de Juan Rulfo, Jos\u00e9 Revueltas y J. R. R Tolkien.\",\"url\":\"https:\\\/\\\/centrourbano.com\\\/revista\\\/author\\\/fernando-navarrete\\\/\"}]}<\/script>\n<!-- \/ Yoast SEO plugin. -->","yoast_head_json":{"title":"Crecer\u00e1 demanda de vivienda vertical al 2024","description":"De acuerdo con Softec, para esa fecha se necesitar\u00e1n 3.6 millones de hogares","robots":{"index":"index","follow":"follow","max-snippet":"max-snippet:-1","max-image-preview":"max-image-preview:large","max-video-preview":"max-video-preview:-1"},"canonical":"https:\/\/centrourbano.com\/revista\/vivienda\/crecera-demanda-vivienda-vertical-al-2024\/","og_locale":"es_ES","og_type":"article","og_title":"Crecer\u00e1 demanda de vivienda vertical al 2024","og_description":"De acuerdo con Softec, para esa fecha se necesitar\u00e1n 3.6 millones de hogares","og_url":"https:\/\/centrourbano.com\/revista\/vivienda\/crecera-demanda-vivienda-vertical-al-2024\/","og_site_name":"Centro Urbano","article_publisher":"https:\/\/www.facebook.com\/portalcentrourbano","article_published_time":"2018-11-14T21:53:09+00:00","article_modified_time":"2018-11-14T21:54:09+00:00","og_image":[{"width":1280,"height":853,"url":"https:\/\/centrourbano.com\/revista\/wp-content\/uploads\/Tu-Cant\u00f3n-Tendencias-inmobiliarias-2019.jpg","type":"image\/jpeg"}],"author":"Fernando Navarrete","twitter_card":"summary_large_image","twitter_creator":"@CentroUrbano","twitter_site":"@CentroUrbano","twitter_misc":{"Escrito por":"Fernando Navarrete","Tiempo de lectura":"1 minuto"},"schema":{"@context":"https:\/\/schema.org","@graph":[{"@type":"Article","@id":"https:\/\/centrourbano.com\/revista\/vivienda\/crecera-demanda-vivienda-vertical-al-2024\/#article","isPartOf":{"@id":"https:\/\/centrourbano.com\/revista\/vivienda\/crecera-demanda-vivienda-vertical-al-2024\/"},"author":{"name":"Fernando Navarrete","@id":"https:\/\/centrourbano.com\/revista\/#\/schema\/person\/515c32d01ece40d20a7ed3fdf34051af"},"headline":"Crecer\u00e1 demanda de vivienda vertical al 2024","datePublished":"2018-11-14T21:53:09+00:00","dateModified":"2018-11-14T21:54:09+00:00","mainEntityOfPage":{"@id":"https:\/\/centrourbano.com\/revista\/vivienda\/crecera-demanda-vivienda-vertical-al-2024\/"},"wordCount":278,"commentCount":0,"publisher":{"@id":"https:\/\/centrourbano.com\/revista\/#organization"},"image":{"@id":"https:\/\/centrourbano.com\/revista\/vivienda\/crecera-demanda-vivienda-vertical-al-2024\/#primaryimage"},"thumbnailUrl":"https:\/\/centrourbano.com\/revista\/wp-content\/uploads\/Tu-Cant\u00f3n-Tendencias-inmobiliarias-2019.jpg","articleSection":["Vivienda"],"inLanguage":"es","potentialAction":[{"@type":"CommentAction","name":"Comment","target":["https:\/\/centrourbano.com\/revista\/vivienda\/crecera-demanda-vivienda-vertical-al-2024\/#respond"]}]},{"@type":"WebPage","@id":"https:\/\/centrourbano.com\/revista\/vivienda\/crecera-demanda-vivienda-vertical-al-2024\/","url":"https:\/\/centrourbano.com\/revista\/vivienda\/crecera-demanda-vivienda-vertical-al-2024\/","name":"Crecer\u00e1 demanda de vivienda vertical al 2024","isPartOf":{"@id":"https:\/\/centrourbano.com\/revista\/#website"},"primaryImageOfPage":{"@id":"https:\/\/centrourbano.com\/revista\/vivienda\/crecera-demanda-vivienda-vertical-al-2024\/#primaryimage"},"image":{"@id":"https:\/\/centrourbano.com\/revista\/vivienda\/crecera-demanda-vivienda-vertical-al-2024\/#primaryimage"},"thumbnailUrl":"https:\/\/centrourbano.com\/revista\/wp-content\/uploads\/Tu-Cant\u00f3n-Tendencias-inmobiliarias-2019.jpg","datePublished":"2018-11-14T21:53:09+00:00","dateModified":"2018-11-14T21:54:09+00:00","description":"De acuerdo con Softec, para esa fecha se necesitar\u00e1n 3.6 millones de hogares","breadcrumb":{"@id":"https:\/\/centrourbano.com\/revista\/vivienda\/crecera-demanda-vivienda-vertical-al-2024\/#breadcrumb"},"inLanguage":"es","potentialAction":[{"@type":"ReadAction","target":["https:\/\/centrourbano.com\/revista\/vivienda\/crecera-demanda-vivienda-vertical-al-2024\/"]}]},{"@type":"ImageObject","inLanguage":"es","@id":"https:\/\/centrourbano.com\/revista\/vivienda\/crecera-demanda-vivienda-vertical-al-2024\/#primaryimage","url":"https:\/\/centrourbano.com\/revista\/wp-content\/uploads\/Tu-Cant\u00f3n-Tendencias-inmobiliarias-2019.jpg","contentUrl":"https:\/\/centrourbano.com\/revista\/wp-content\/uploads\/Tu-Cant\u00f3n-Tendencias-inmobiliarias-2019.jpg","width":1280,"height":853,"caption":"De acuerdo con Softec, para esa fecha se necesitar\u00e1n 3.6 millones de hogares"},{"@type":"BreadcrumbList","@id":"https:\/\/centrourbano.com\/revista\/vivienda\/crecera-demanda-vivienda-vertical-al-2024\/#breadcrumb","itemListElement":[{"@type":"ListItem","position":1,"name":"Portada","item":"https:\/\/centrourbano.com\/revista\/"},{"@type":"ListItem","position":2,"name":"Crecer\u00e1 demanda de vivienda vertical al 2024"}]},{"@type":"WebSite","@id":"https:\/\/centrourbano.com\/revista\/#website","url":"https:\/\/centrourbano.com\/revista\/","name":"Centro Urbano","description":"Medio especializado en los sectores vivienda, inmobiliario, construcci\u00f3n, arquitectura y urbanismo.","publisher":{"@id":"https:\/\/centrourbano.com\/revista\/#organization"},"potentialAction":[{"@type":"SearchAction","target":{"@type":"EntryPoint","urlTemplate":"https:\/\/centrourbano.com\/revista\/?s={search_term_string}"},"query-input":{"@type":"PropertyValueSpecification","valueRequired":true,"valueName":"search_term_string"}}],"inLanguage":"es"},{"@type":"Organization","@id":"https:\/\/centrourbano.com\/revista\/#organization","name":"Centro Urbano","url":"https:\/\/centrourbano.com\/revista\/","logo":{"@type":"ImageObject","inLanguage":"es","@id":"https:\/\/centrourbano.com\/revista\/#\/schema\/logo\/image\/","url":"https:\/\/centrourbano.com\/revista\/wp-content\/uploads\/web_CU_logo-1.png","contentUrl":"https:\/\/centrourbano.com\/revista\/wp-content\/uploads\/web_CU_logo-1.png","width":350,"height":91,"caption":"Centro Urbano"},"image":{"@id":"https:\/\/centrourbano.com\/revista\/#\/schema\/logo\/image\/"},"sameAs":["https:\/\/www.facebook.com\/portalcentrourbano","https:\/\/x.com\/CentroUrbano","https:\/\/www.instagram.com\/centro_urbano\/","https:\/\/www.linkedin.com\/company\/centro-urbano\/","http:\/\/www.youtube.com\/user\/portalcentrourbano"]},{"@type":"Person","@id":"https:\/\/centrourbano.com\/revista\/#\/schema\/person\/515c32d01ece40d20a7ed3fdf34051af","name":"Fernando Navarrete","image":{"@type":"ImageObject","inLanguage":"es","@id":"https:\/\/secure.gravatar.com\/avatar\/f4dd6927a99e72698473e350e20ec8a38bd48cb668e15b03d04e8e537da41ad0?s=96&d=mm&r=g","url":"https:\/\/secure.gravatar.com\/avatar\/f4dd6927a99e72698473e350e20ec8a38bd48cb668e15b03d04e8e537da41ad0?s=96&d=mm&r=g","contentUrl":"https:\/\/secure.gravatar.com\/avatar\/f4dd6927a99e72698473e350e20ec8a38bd48cb668e15b03d04e8e537da41ad0?s=96&d=mm&r=g","caption":"Fernando Navarrete"},"description":"Reportero de negocios, inmobiliario, construcci\u00f3n e industria. Me interesa la econom\u00eda, pol\u00edtica, historia y antropolog\u00eda. Estudi\u00e9 en la Facultad de Ciencias Pol\u00edticas y Sociales de la UNAM. Tengo experiencia en el sector p\u00fablico, la industria del acero, ingenier\u00eda civil, IT y corporativos; soy un nost\u00e1lgico nacionalista contempor\u00e1neo que cree en la grandeza de su pa\u00eds. Asiduo lector de Juan Rulfo, Jos\u00e9 Revueltas y J. R. R Tolkien.","url":"https:\/\/centrourbano.com\/revista\/author\/fernando-navarrete\/"}]}},"_links":{"self":[{"href":"https:\/\/centrourbano.com\/revista\/wp-json\/wp\/v2\/posts\/81640","targetHints":{"allow":["GET"]}}],"collection":[{"href":"https:\/\/centrourbano.com\/revista\/wp-json\/wp\/v2\/posts"}],"about":[{"href":"https:\/\/centrourbano.com\/revista\/wp-json\/wp\/v2\/types\/post"}],"author":[{"embeddable":true,"href":"https:\/\/centrourbano.com\/revista\/wp-json\/wp\/v2\/users\/69"}],"replies":[{"embeddable":true,"href":"https:\/\/centrourbano.com\/revista\/wp-json\/wp\/v2\/comments?post=81640"}],"version-history":[{"count":2,"href":"https:\/\/centrourbano.com\/revista\/wp-json\/wp\/v2\/posts\/81640\/revisions"}],"predecessor-version":[{"id":81643,"href":"https:\/\/centrourbano.com\/revista\/wp-json\/wp\/v2\/posts\/81640\/revisions\/81643"}],"wp:featuredmedia":[{"embeddable":true,"href":"https:\/\/centrourbano.com\/revista\/wp-json\/wp\/v2\/media\/81641"}],"wp:attachment":[{"href":"https:\/\/centrourbano.com\/revista\/wp-json\/wp\/v2\/media?parent=81640"}],"wp:term":[{"taxonomy":"category","embeddable":true,"href":"https:\/\/centrourbano.com\/revista\/wp-json\/wp\/v2\/categories?post=81640"},{"taxonomy":"post_tag","embeddable":true,"href":"https:\/\/centrourbano.com\/revista\/wp-json\/wp\/v2\/tags?post=81640"}],"curies":[{"name":"wp","href":"https:\/\/api.w.org\/{rel}","templated":true}]}}