{"id":81485,"date":"2018-11-12T09:15:53","date_gmt":"2018-11-12T15:15:53","guid":{"rendered":"https:\/\/centrourbano.com\/?p=81485"},"modified":"2018-11-12T10:24:12","modified_gmt":"2018-11-12T16:24:12","slug":"buscan-dar-mas-facultades-sedatu","status":"publish","type":"post","link":"https:\/\/centrourbano.com\/revista\/vivienda\/buscan-dar-mas-facultades-sedatu\/","title":{"rendered":"Buscan dar m\u00e1s facultades a Sedatu"},"content":{"rendered":"<p><em>Ante desarrolladores, Rom\u00e1n Meyer, pr\u00f3ximo titular de Sedatu, se\u00f1al\u00f3 que la vivienda ser\u00e1 un eje toral de la  administraci\u00f3n que encabezar\u00e1 AMLO<\/em><!--more--><\/p>\n<p>Con el objetivo de otorgar m\u00e1s herramientas y facultades a la Secretar\u00eda de Desarrollo Agrario, Territorial y Urbano (<strong>Sedatu<\/strong>), en la C\u00e1mara de Diputados se present\u00f3 una propuesta para <strong>reformar <\/strong>la <strong>Ley Org\u00e1nica de la Administraci\u00f3n P\u00fablica<\/strong>. Con esta iniciativa, el objetivo planteado se centra en dar a la dependencia m\u00e1s capacidad en temas de planeaci\u00f3n y desarrollo territorial. <\/p>\n<p>As\u00ed lo dio a conocer <strong>Rom\u00e1n Meyer Falc\u00f3n<\/strong>, propuesto como titular de Sedatu en el siguiente sexenio. El maestro en urbanismo explic\u00f3 que la modificaci\u00f3n planteada al marco regulatorio tendr\u00e1 como eje definir con claridad que esta secretar\u00eda es la encargada de conducir la pol\u00edtica de vivienda en el pa\u00eds. <\/p>\n<p>\u201cHace unos d\u00edas se present\u00f3 en la C\u00e1mara de Diputados la reforma a la Ley Org\u00e1nica de la Administraci\u00f3n P\u00fablica Federal que replantea el art\u00edculo 41, correspondiente a la SEDATU, que la dota de m\u00e1s facultades en materia de planeaci\u00f3n y desarrollo territorial, en particular, se establece de forma clara que la Secretar\u00eda ser\u00e1 la responsable de conducir la pol\u00edtica nacional de vivienda\u201d, dijo. <\/p>\n<p>Ante empresarios de la C\u00e1mara Nacional de la Industria de Desarrollo y Promociones de la Vivienda (Canadevi), Meyer Falc\u00f3n se\u00f1al\u00f3 que en la pr\u00f3xima administraci\u00f3n la vivienda ser\u00e1 uno de los ejes clave para el gobierno. Sobre todo, enfatiz\u00f3, la atenci\u00f3n de este tema ser\u00e1 una pieza importante en el marco del combate a la inseguridad. <\/p>\n<p>En ese sentido, el pr\u00f3ximo secretario reconoci\u00f3 que hoy en d\u00eda temas como la tramitolog\u00eda entorpecen el desarrollo de vivienda. Por ello, mencion\u00f3, este ser\u00e1 uno de los temas a tratar de manera prioritaria. <\/p>\n<p>\u201cHay que entender la ra\u00edz como problemas la opacidad de las autoridades locales; los tr\u00e1mites tardados y tediosos para iniciar un desarrollo inmobiliario, los planes de desarrollo urbano poco claros y que no est\u00e1n conectados con la planeaci\u00f3n econ\u00f3mica y de movilidad de las ciudades, as\u00ed como la falta de confianza en qui\u00e9nes son las autoridades responsables por la corrupci\u00f3n que ha imperado\u201d, apunt\u00f3.<\/p>\n","protected":false},"excerpt":{"rendered":"<p>Ante desarrolladores, Rom\u00e1n Meyer, pr\u00f3ximo titular de Sedatu, se\u00f1al\u00f3 que la vivienda ser\u00e1 un eje toral de la administraci\u00f3n que encabezar\u00e1 AMLO<\/p>\n","protected":false},"author":47,"featured_media":81486,"comment_status":"open","ping_status":"closed","sticky":false,"template":"","format":"standard","meta":{"om_disable_all_campaigns":false,"inline_featured_image":false,"_monsterinsights_skip_tracking":false,"_monsterinsights_sitenote_active":false,"_monsterinsights_sitenote_note":"","_monsterinsights_sitenote_category":0,"footnotes":""},"categories":[12],"tags":[99,2635,14279,105,60],"class_list":["post-81485","post","type-post","status-publish","format-standard","has-post-thumbnail","hentry","category-vivienda","tag-canadevi","tag-empresarios","tag-roman-meyer","tag-sedatu","tag-vivienda-2"],"yoast_head":"<!-- This site is optimized with the Yoast SEO plugin v27.4 - https:\/\/yoast.com\/product\/yoast-seo-wordpress\/ -->\n<title>Buscan dar m\u00e1s facultades a Sedatu (Sedatu M\u00e9xico)<\/title>\n<meta name=\"description\" content=\"Con el objetivo de otorgar m\u00e1s herramientas y facultades a la Secretar\u00eda de Desarrollo Agrario, Territorial y Urbano (Sedatu), en la C\u00e1mara de Diputados...\" \/>\n<meta name=\"robots\" content=\"index, follow, max-snippet:-1, max-image-preview:large, max-video-preview:-1\" \/>\n<link rel=\"canonical\" href=\"https:\/\/centrourbano.com\/revista\/vivienda\/buscan-dar-mas-facultades-sedatu\/\" \/>\n<meta property=\"og:locale\" content=\"es_ES\" \/>\n<meta property=\"og:type\" content=\"article\" \/>\n<meta property=\"og:title\" content=\"Buscan dar m\u00e1s facultades a Sedatu (Sedatu M\u00e9xico)\" \/>\n<meta property=\"og:description\" content=\"Con el objetivo de otorgar m\u00e1s herramientas y facultades a la Secretar\u00eda de Desarrollo Agrario, Territorial y Urbano (Sedatu), en la C\u00e1mara de Diputados...\" \/>\n<meta property=\"og:url\" content=\"https:\/\/centrourbano.com\/revista\/vivienda\/buscan-dar-mas-facultades-sedatu\/\" \/>\n<meta property=\"og:site_name\" content=\"Centro Urbano\" \/>\n<meta property=\"article:publisher\" content=\"https:\/\/www.facebook.com\/portalcentrourbano\" \/>\n<meta property=\"article:published_time\" content=\"2018-11-12T15:15:53+00:00\" \/>\n<meta property=\"article:modified_time\" content=\"2018-11-12T16:24:12+00:00\" \/>\n<meta property=\"og:image\" content=\"https:\/\/centrourbano.com\/revista\/wp-content\/uploads\/Rom\u00e1n-Meyer_COnvenci\u00f3n-Canadevi_Tijuana_2018.jpeg\" \/>\n\t<meta property=\"og:image:width\" content=\"800\" \/>\n\t<meta property=\"og:image:height\" content=\"450\" \/>\n\t<meta property=\"og:image:type\" content=\"image\/jpeg\" \/>\n<meta name=\"author\" content=\"Edgar Rosas\" \/>\n<meta name=\"twitter:card\" content=\"summary_large_image\" \/>\n<meta name=\"twitter:creator\" content=\"@https:\/\/twitter.com\/ERosasCU?s=09\" \/>\n<meta name=\"twitter:site\" content=\"@CentroUrbano\" \/>\n<meta name=\"twitter:label1\" content=\"Escrito por\" \/>\n\t<meta name=\"twitter:data1\" content=\"Edgar Rosas\" \/>\n\t<meta name=\"twitter:label2\" content=\"Tiempo de lectura\" \/>\n\t<meta name=\"twitter:data2\" content=\"2 minutos\" \/>\n<script type=\"application\/ld+json\" class=\"yoast-schema-graph\">{\"@context\":\"https:\\\/\\\/schema.org\",\"@graph\":[{\"@type\":\"Article\",\"@id\":\"https:\\\/\\\/centrourbano.com\\\/revista\\\/vivienda\\\/buscan-dar-mas-facultades-sedatu\\\/#article\",\"isPartOf\":{\"@id\":\"https:\\\/\\\/centrourbano.com\\\/revista\\\/vivienda\\\/buscan-dar-mas-facultades-sedatu\\\/\"},\"author\":{\"name\":\"Edgar Rosas\",\"@id\":\"https:\\\/\\\/centrourbano.com\\\/revista\\\/#\\\/schema\\\/person\\\/ff3c00651ce5b1630479d2cd0c2e3ac0\"},\"headline\":\"Buscan dar m\u00e1s facultades a Sedatu\",\"datePublished\":\"2018-11-12T15:15:53+00:00\",\"dateModified\":\"2018-11-12T16:24:12+00:00\",\"mainEntityOfPage\":{\"@id\":\"https:\\\/\\\/centrourbano.com\\\/revista\\\/vivienda\\\/buscan-dar-mas-facultades-sedatu\\\/\"},\"wordCount\":399,\"commentCount\":0,\"publisher\":{\"@id\":\"https:\\\/\\\/centrourbano.com\\\/revista\\\/#organization\"},\"image\":{\"@id\":\"https:\\\/\\\/centrourbano.com\\\/revista\\\/vivienda\\\/buscan-dar-mas-facultades-sedatu\\\/#primaryimage\"},\"thumbnailUrl\":\"https:\\\/\\\/centrourbano.com\\\/revista\\\/wp-content\\\/uploads\\\/Rom\u00e1n-Meyer_COnvenci\u00f3n-Canadevi_Tijuana_2018.jpeg\",\"keywords\":[\"Canadevi\",\"Empresarios\",\"Rom\u00e1n Meyer\",\"Sedatu\",\"vivienda\"],\"articleSection\":[\"Vivienda\"],\"inLanguage\":\"es\",\"potentialAction\":[{\"@type\":\"CommentAction\",\"name\":\"Comment\",\"target\":[\"https:\\\/\\\/centrourbano.com\\\/revista\\\/vivienda\\\/buscan-dar-mas-facultades-sedatu\\\/#respond\"]}]},{\"@type\":\"WebPage\",\"@id\":\"https:\\\/\\\/centrourbano.com\\\/revista\\\/vivienda\\\/buscan-dar-mas-facultades-sedatu\\\/\",\"url\":\"https:\\\/\\\/centrourbano.com\\\/revista\\\/vivienda\\\/buscan-dar-mas-facultades-sedatu\\\/\",\"name\":\"Buscan dar m\u00e1s facultades a Sedatu (Sedatu M\u00e9xico)\",\"isPartOf\":{\"@id\":\"https:\\\/\\\/centrourbano.com\\\/revista\\\/#website\"},\"primaryImageOfPage\":{\"@id\":\"https:\\\/\\\/centrourbano.com\\\/revista\\\/vivienda\\\/buscan-dar-mas-facultades-sedatu\\\/#primaryimage\"},\"image\":{\"@id\":\"https:\\\/\\\/centrourbano.com\\\/revista\\\/vivienda\\\/buscan-dar-mas-facultades-sedatu\\\/#primaryimage\"},\"thumbnailUrl\":\"https:\\\/\\\/centrourbano.com\\\/revista\\\/wp-content\\\/uploads\\\/Rom\u00e1n-Meyer_COnvenci\u00f3n-Canadevi_Tijuana_2018.jpeg\",\"datePublished\":\"2018-11-12T15:15:53+00:00\",\"dateModified\":\"2018-11-12T16:24:12+00:00\",\"description\":\"Con el objetivo de otorgar m\u00e1s herramientas y facultades a la Secretar\u00eda de Desarrollo Agrario, Territorial y Urbano (Sedatu), en la C\u00e1mara de Diputados...\",\"breadcrumb\":{\"@id\":\"https:\\\/\\\/centrourbano.com\\\/revista\\\/vivienda\\\/buscan-dar-mas-facultades-sedatu\\\/#breadcrumb\"},\"inLanguage\":\"es\",\"potentialAction\":[{\"@type\":\"ReadAction\",\"target\":[\"https:\\\/\\\/centrourbano.com\\\/revista\\\/vivienda\\\/buscan-dar-mas-facultades-sedatu\\\/\"]}]},{\"@type\":\"ImageObject\",\"inLanguage\":\"es\",\"@id\":\"https:\\\/\\\/centrourbano.com\\\/revista\\\/vivienda\\\/buscan-dar-mas-facultades-sedatu\\\/#primaryimage\",\"url\":\"https:\\\/\\\/centrourbano.com\\\/revista\\\/wp-content\\\/uploads\\\/Rom\u00e1n-Meyer_COnvenci\u00f3n-Canadevi_Tijuana_2018.jpeg\",\"contentUrl\":\"https:\\\/\\\/centrourbano.com\\\/revista\\\/wp-content\\\/uploads\\\/Rom\u00e1n-Meyer_COnvenci\u00f3n-Canadevi_Tijuana_2018.jpeg\",\"width\":800,\"height\":450,\"caption\":\"Ante desarrolladores, el pr\u00f3ximo funcionario se\u00f1al\u00f3 que la vivienda ser\u00e1 un eje toral de la pr\u00f3xima administraci\u00f3n\"},{\"@type\":\"BreadcrumbList\",\"@id\":\"https:\\\/\\\/centrourbano.com\\\/revista\\\/vivienda\\\/buscan-dar-mas-facultades-sedatu\\\/#breadcrumb\",\"itemListElement\":[{\"@type\":\"ListItem\",\"position\":1,\"name\":\"Portada\",\"item\":\"https:\\\/\\\/centrourbano.com\\\/revista\\\/\"},{\"@type\":\"ListItem\",\"position\":2,\"name\":\"Buscan dar m\u00e1s facultades a Sedatu\"}]},{\"@type\":\"WebSite\",\"@id\":\"https:\\\/\\\/centrourbano.com\\\/revista\\\/#website\",\"url\":\"https:\\\/\\\/centrourbano.com\\\/revista\\\/\",\"name\":\"Centro Urbano\",\"description\":\"Medio especializado en los sectores vivienda, inmobiliario, construcci\u00f3n, arquitectura y urbanismo.\",\"publisher\":{\"@id\":\"https:\\\/\\\/centrourbano.com\\\/revista\\\/#organization\"},\"potentialAction\":[{\"@type\":\"SearchAction\",\"target\":{\"@type\":\"EntryPoint\",\"urlTemplate\":\"https:\\\/\\\/centrourbano.com\\\/revista\\\/?s={search_term_string}\"},\"query-input\":{\"@type\":\"PropertyValueSpecification\",\"valueRequired\":true,\"valueName\":\"search_term_string\"}}],\"inLanguage\":\"es\"},{\"@type\":\"Organization\",\"@id\":\"https:\\\/\\\/centrourbano.com\\\/revista\\\/#organization\",\"name\":\"Centro Urbano\",\"url\":\"https:\\\/\\\/centrourbano.com\\\/revista\\\/\",\"logo\":{\"@type\":\"ImageObject\",\"inLanguage\":\"es\",\"@id\":\"https:\\\/\\\/centrourbano.com\\\/revista\\\/#\\\/schema\\\/logo\\\/image\\\/\",\"url\":\"https:\\\/\\\/centrourbano.com\\\/revista\\\/wp-content\\\/uploads\\\/web_CU_logo-1.png\",\"contentUrl\":\"https:\\\/\\\/centrourbano.com\\\/revista\\\/wp-content\\\/uploads\\\/web_CU_logo-1.png\",\"width\":350,\"height\":91,\"caption\":\"Centro Urbano\"},\"image\":{\"@id\":\"https:\\\/\\\/centrourbano.com\\\/revista\\\/#\\\/schema\\\/logo\\\/image\\\/\"},\"sameAs\":[\"https:\\\/\\\/www.facebook.com\\\/portalcentrourbano\",\"https:\\\/\\\/x.com\\\/CentroUrbano\",\"https:\\\/\\\/www.instagram.com\\\/centro_urbano\\\/\",\"https:\\\/\\\/www.linkedin.com\\\/company\\\/centro-urbano\\\/\",\"http:\\\/\\\/www.youtube.com\\\/user\\\/portalcentrourbano\"]},{\"@type\":\"Person\",\"@id\":\"https:\\\/\\\/centrourbano.com\\\/revista\\\/#\\\/schema\\\/person\\\/ff3c00651ce5b1630479d2cd0c2e3ac0\",\"name\":\"Edgar Rosas\",\"image\":{\"@type\":\"ImageObject\",\"inLanguage\":\"es\",\"@id\":\"https:\\\/\\\/secure.gravatar.com\\\/avatar\\\/94440c4283495211faa5300bf85e80061036b83fced868c3783aa1310b350d9c?s=96&d=mm&r=g\",\"url\":\"https:\\\/\\\/secure.gravatar.com\\\/avatar\\\/94440c4283495211faa5300bf85e80061036b83fced868c3783aa1310b350d9c?s=96&d=mm&r=g\",\"contentUrl\":\"https:\\\/\\\/secure.gravatar.com\\\/avatar\\\/94440c4283495211faa5300bf85e80061036b83fced868c3783aa1310b350d9c?s=96&d=mm&r=g\",\"caption\":\"Edgar Rosas\"},\"description\":\"Editor en Jefe de Centro Urbano. Egresado de la maestr\u00eda en Periodismo Pol\u00edtico de la Escuela de Periodismo Carlos Septi\u00e9n Garc\u00eda (EPCSG). Estudi\u00f3 la licenciatura en Comunicaci\u00f3n en la Universidad Mexicana. Amante de la cr\u00f3nica y el reportaje. Admirador de Vicente Le\u00f1ero y Miguel \u00c1ngel Granados Chapa.\",\"sameAs\":[\"https:\\\/\\\/x.com\\\/https:\\\/\\\/twitter.com\\\/ERosasCU?s=09\"],\"url\":\"https:\\\/\\\/centrourbano.com\\\/revista\\\/author\\\/edgar-rosas\\\/\"}]}<\/script>\n<!-- \/ Yoast SEO plugin. -->","yoast_head_json":{"title":"Buscan dar m\u00e1s facultades a Sedatu (Sedatu M\u00e9xico)","description":"Con el objetivo de otorgar m\u00e1s herramientas y facultades a la Secretar\u00eda de Desarrollo Agrario, Territorial y Urbano (Sedatu), en la C\u00e1mara de Diputados...","robots":{"index":"index","follow":"follow","max-snippet":"max-snippet:-1","max-image-preview":"max-image-preview:large","max-video-preview":"max-video-preview:-1"},"canonical":"https:\/\/centrourbano.com\/revista\/vivienda\/buscan-dar-mas-facultades-sedatu\/","og_locale":"es_ES","og_type":"article","og_title":"Buscan dar m\u00e1s facultades a Sedatu (Sedatu M\u00e9xico)","og_description":"Con el objetivo de otorgar m\u00e1s herramientas y facultades a la Secretar\u00eda de Desarrollo Agrario, Territorial y Urbano (Sedatu), en la C\u00e1mara de Diputados...","og_url":"https:\/\/centrourbano.com\/revista\/vivienda\/buscan-dar-mas-facultades-sedatu\/","og_site_name":"Centro Urbano","article_publisher":"https:\/\/www.facebook.com\/portalcentrourbano","article_published_time":"2018-11-12T15:15:53+00:00","article_modified_time":"2018-11-12T16:24:12+00:00","og_image":[{"width":800,"height":450,"url":"https:\/\/centrourbano.com\/revista\/wp-content\/uploads\/Rom\u00e1n-Meyer_COnvenci\u00f3n-Canadevi_Tijuana_2018.jpeg","type":"image\/jpeg"}],"author":"Edgar Rosas","twitter_card":"summary_large_image","twitter_creator":"@https:\/\/twitter.com\/ERosasCU?s=09","twitter_site":"@CentroUrbano","twitter_misc":{"Escrito por":"Edgar Rosas","Tiempo de lectura":"2 minutos"},"schema":{"@context":"https:\/\/schema.org","@graph":[{"@type":"Article","@id":"https:\/\/centrourbano.com\/revista\/vivienda\/buscan-dar-mas-facultades-sedatu\/#article","isPartOf":{"@id":"https:\/\/centrourbano.com\/revista\/vivienda\/buscan-dar-mas-facultades-sedatu\/"},"author":{"name":"Edgar Rosas","@id":"https:\/\/centrourbano.com\/revista\/#\/schema\/person\/ff3c00651ce5b1630479d2cd0c2e3ac0"},"headline":"Buscan dar m\u00e1s facultades a Sedatu","datePublished":"2018-11-12T15:15:53+00:00","dateModified":"2018-11-12T16:24:12+00:00","mainEntityOfPage":{"@id":"https:\/\/centrourbano.com\/revista\/vivienda\/buscan-dar-mas-facultades-sedatu\/"},"wordCount":399,"commentCount":0,"publisher":{"@id":"https:\/\/centrourbano.com\/revista\/#organization"},"image":{"@id":"https:\/\/centrourbano.com\/revista\/vivienda\/buscan-dar-mas-facultades-sedatu\/#primaryimage"},"thumbnailUrl":"https:\/\/centrourbano.com\/revista\/wp-content\/uploads\/Rom\u00e1n-Meyer_COnvenci\u00f3n-Canadevi_Tijuana_2018.jpeg","keywords":["Canadevi","Empresarios","Rom\u00e1n Meyer","Sedatu","vivienda"],"articleSection":["Vivienda"],"inLanguage":"es","potentialAction":[{"@type":"CommentAction","name":"Comment","target":["https:\/\/centrourbano.com\/revista\/vivienda\/buscan-dar-mas-facultades-sedatu\/#respond"]}]},{"@type":"WebPage","@id":"https:\/\/centrourbano.com\/revista\/vivienda\/buscan-dar-mas-facultades-sedatu\/","url":"https:\/\/centrourbano.com\/revista\/vivienda\/buscan-dar-mas-facultades-sedatu\/","name":"Buscan dar m\u00e1s facultades a Sedatu (Sedatu M\u00e9xico)","isPartOf":{"@id":"https:\/\/centrourbano.com\/revista\/#website"},"primaryImageOfPage":{"@id":"https:\/\/centrourbano.com\/revista\/vivienda\/buscan-dar-mas-facultades-sedatu\/#primaryimage"},"image":{"@id":"https:\/\/centrourbano.com\/revista\/vivienda\/buscan-dar-mas-facultades-sedatu\/#primaryimage"},"thumbnailUrl":"https:\/\/centrourbano.com\/revista\/wp-content\/uploads\/Rom\u00e1n-Meyer_COnvenci\u00f3n-Canadevi_Tijuana_2018.jpeg","datePublished":"2018-11-12T15:15:53+00:00","dateModified":"2018-11-12T16:24:12+00:00","description":"Con el objetivo de otorgar m\u00e1s herramientas y facultades a la Secretar\u00eda de Desarrollo Agrario, Territorial y Urbano (Sedatu), en la C\u00e1mara de Diputados...","breadcrumb":{"@id":"https:\/\/centrourbano.com\/revista\/vivienda\/buscan-dar-mas-facultades-sedatu\/#breadcrumb"},"inLanguage":"es","potentialAction":[{"@type":"ReadAction","target":["https:\/\/centrourbano.com\/revista\/vivienda\/buscan-dar-mas-facultades-sedatu\/"]}]},{"@type":"ImageObject","inLanguage":"es","@id":"https:\/\/centrourbano.com\/revista\/vivienda\/buscan-dar-mas-facultades-sedatu\/#primaryimage","url":"https:\/\/centrourbano.com\/revista\/wp-content\/uploads\/Rom\u00e1n-Meyer_COnvenci\u00f3n-Canadevi_Tijuana_2018.jpeg","contentUrl":"https:\/\/centrourbano.com\/revista\/wp-content\/uploads\/Rom\u00e1n-Meyer_COnvenci\u00f3n-Canadevi_Tijuana_2018.jpeg","width":800,"height":450,"caption":"Ante desarrolladores, el pr\u00f3ximo funcionario se\u00f1al\u00f3 que la vivienda ser\u00e1 un eje toral de la pr\u00f3xima administraci\u00f3n"},{"@type":"BreadcrumbList","@id":"https:\/\/centrourbano.com\/revista\/vivienda\/buscan-dar-mas-facultades-sedatu\/#breadcrumb","itemListElement":[{"@type":"ListItem","position":1,"name":"Portada","item":"https:\/\/centrourbano.com\/revista\/"},{"@type":"ListItem","position":2,"name":"Buscan dar m\u00e1s facultades a Sedatu"}]},{"@type":"WebSite","@id":"https:\/\/centrourbano.com\/revista\/#website","url":"https:\/\/centrourbano.com\/revista\/","name":"Centro Urbano","description":"Medio especializado en los sectores vivienda, inmobiliario, construcci\u00f3n, arquitectura y urbanismo.","publisher":{"@id":"https:\/\/centrourbano.com\/revista\/#organization"},"potentialAction":[{"@type":"SearchAction","target":{"@type":"EntryPoint","urlTemplate":"https:\/\/centrourbano.com\/revista\/?s={search_term_string}"},"query-input":{"@type":"PropertyValueSpecification","valueRequired":true,"valueName":"search_term_string"}}],"inLanguage":"es"},{"@type":"Organization","@id":"https:\/\/centrourbano.com\/revista\/#organization","name":"Centro Urbano","url":"https:\/\/centrourbano.com\/revista\/","logo":{"@type":"ImageObject","inLanguage":"es","@id":"https:\/\/centrourbano.com\/revista\/#\/schema\/logo\/image\/","url":"https:\/\/centrourbano.com\/revista\/wp-content\/uploads\/web_CU_logo-1.png","contentUrl":"https:\/\/centrourbano.com\/revista\/wp-content\/uploads\/web_CU_logo-1.png","width":350,"height":91,"caption":"Centro Urbano"},"image":{"@id":"https:\/\/centrourbano.com\/revista\/#\/schema\/logo\/image\/"},"sameAs":["https:\/\/www.facebook.com\/portalcentrourbano","https:\/\/x.com\/CentroUrbano","https:\/\/www.instagram.com\/centro_urbano\/","https:\/\/www.linkedin.com\/company\/centro-urbano\/","http:\/\/www.youtube.com\/user\/portalcentrourbano"]},{"@type":"Person","@id":"https:\/\/centrourbano.com\/revista\/#\/schema\/person\/ff3c00651ce5b1630479d2cd0c2e3ac0","name":"Edgar Rosas","image":{"@type":"ImageObject","inLanguage":"es","@id":"https:\/\/secure.gravatar.com\/avatar\/94440c4283495211faa5300bf85e80061036b83fced868c3783aa1310b350d9c?s=96&d=mm&r=g","url":"https:\/\/secure.gravatar.com\/avatar\/94440c4283495211faa5300bf85e80061036b83fced868c3783aa1310b350d9c?s=96&d=mm&r=g","contentUrl":"https:\/\/secure.gravatar.com\/avatar\/94440c4283495211faa5300bf85e80061036b83fced868c3783aa1310b350d9c?s=96&d=mm&r=g","caption":"Edgar Rosas"},"description":"Editor en Jefe de Centro Urbano. Egresado de la maestr\u00eda en Periodismo Pol\u00edtico de la Escuela de Periodismo Carlos Septi\u00e9n Garc\u00eda (EPCSG). Estudi\u00f3 la licenciatura en Comunicaci\u00f3n en la Universidad Mexicana. Amante de la cr\u00f3nica y el reportaje. Admirador de Vicente Le\u00f1ero y Miguel \u00c1ngel Granados Chapa.","sameAs":["https:\/\/x.com\/https:\/\/twitter.com\/ERosasCU?s=09"],"url":"https:\/\/centrourbano.com\/revista\/author\/edgar-rosas\/"}]}},"_links":{"self":[{"href":"https:\/\/centrourbano.com\/revista\/wp-json\/wp\/v2\/posts\/81485","targetHints":{"allow":["GET"]}}],"collection":[{"href":"https:\/\/centrourbano.com\/revista\/wp-json\/wp\/v2\/posts"}],"about":[{"href":"https:\/\/centrourbano.com\/revista\/wp-json\/wp\/v2\/types\/post"}],"author":[{"embeddable":true,"href":"https:\/\/centrourbano.com\/revista\/wp-json\/wp\/v2\/users\/47"}],"replies":[{"embeddable":true,"href":"https:\/\/centrourbano.com\/revista\/wp-json\/wp\/v2\/comments?post=81485"}],"version-history":[{"count":4,"href":"https:\/\/centrourbano.com\/revista\/wp-json\/wp\/v2\/posts\/81485\/revisions"}],"predecessor-version":[{"id":81491,"href":"https:\/\/centrourbano.com\/revista\/wp-json\/wp\/v2\/posts\/81485\/revisions\/81491"}],"wp:featuredmedia":[{"embeddable":true,"href":"https:\/\/centrourbano.com\/revista\/wp-json\/wp\/v2\/media\/81486"}],"wp:attachment":[{"href":"https:\/\/centrourbano.com\/revista\/wp-json\/wp\/v2\/media?parent=81485"}],"wp:term":[{"taxonomy":"category","embeddable":true,"href":"https:\/\/centrourbano.com\/revista\/wp-json\/wp\/v2\/categories?post=81485"},{"taxonomy":"post_tag","embeddable":true,"href":"https:\/\/centrourbano.com\/revista\/wp-json\/wp\/v2\/tags?post=81485"}],"curies":[{"name":"wp","href":"https:\/\/api.w.org\/{rel}","templated":true}]}}