{"id":81411,"date":"2018-11-09T08:08:05","date_gmt":"2018-11-09T14:08:05","guid":{"rendered":"https:\/\/centrourbano.com\/?p=81411"},"modified":"2018-11-09T08:55:26","modified_gmt":"2018-11-09T14:55:26","slug":"town-square-metepec-la-nueva-apuesta-de-thor-urbana","status":"publish","type":"post","link":"https:\/\/centrourbano.com\/revista\/inmobiliario\/town-square-metepec-la-nueva-apuesta-de-thor-urbana\/","title":{"rendered":"Town Square Metepec, la nueva apuesta de Thor Urbana"},"content":{"rendered":"<ol>\n<li><em>La desarrolladora trabaja ya en una segunda fase del proyecto para integrar m\u00e1s \u00e1rea comercial y de oficinas\u00a0<\/em><!--more--><\/li>\n<\/ol>\n<a href=\"https:\/\/centrourbano.com\/revista\/wp-content\/uploads\/45676868_189358711968605_9179658551205822464_n.jpg\" target=\"_blank\" rel=\"noopener noreferrer\"><img loading=\"lazy\" decoding=\"async\" class=\" wp-image-81413 aligncenter\" src=\"https:\/\/centrourbano.com\/revista\/wp-content\/uploads\/45676868_189358711968605_9179658551205822464_n-300x104.jpg\" alt=\"\" width=\"627\" height=\"217\" srcset=\"https:\/\/centrourbano.com\/revista\/wp-content\/uploads\/45676868_189358711968605_9179658551205822464_n-300x104.jpg 300w, https:\/\/centrourbano.com\/revista\/wp-content\/uploads\/45676868_189358711968605_9179658551205822464_n-768x266.jpg 768w, https:\/\/centrourbano.com\/revista\/wp-content\/uploads\/45676868_189358711968605_9179658551205822464_n.jpg 1024w\" sizes=\"auto, (max-width: 627px) 100vw, 627px\" \/><\/a>\n<p>Thor Urbana abri\u00f3 oficialmente las puertas de Town Square Metepec, el segundo de sus proyectos lifestyle center m\u00e1s esperados del a\u00f1o, que representa una inversi\u00f3n de m\u00e1s de 6,000 millones de pesos.<\/p>\n<p>En esta primera fase, explica Enrique Mor\u00e1n, CMO de Thor Urbana, \u00abm\u00e1s que construir un centro comercial, la firma busca construir destinos\u00bb y espera que TSM se convierta en el nuevo punto de reuni\u00f3n para el Valle de Toluca que albergar\u00e1 a m\u00e1s de 660\u00a0marcas nacionales e internacionales.<\/p>\n<p>\u00abEl espacio creado abarca casi 170,000 metros cuadrados (m\u00b2) de construcci\u00f3n, y dentro de esa planta hemos creado en la primera fase un espacio comercial en el que estamos que tiene hoy 65,000\u00a0m\u00b2, con espacios abiertos, arquitectura din\u00e1mica, es un proyecto dise\u00f1ado por el despacho de arquitectos Elkus Manfredi\u00bb, agreg\u00f3 el directivo.<\/p>\n<p>Enrique Mor\u00e1n agreg\u00f3 que para la segunda fase del proyecto se estar\u00edan agregando otros componentes de usos mixtos como m\u00e1s ofertas comerciales y de oficinas en el que ya est\u00e1n trabajando para su desarrollo.\u00a0<a href=\"https:\/\/centrourbano.com\/revista\/wp-content\/uploads\/45661485_1124584244360505_6718190073491226624_n.jpg\" target=\"_blank\" rel=\"noopener noreferrer\"><img loading=\"lazy\" decoding=\"async\" class=\"size-medium wp-image-81414 alignright\" src=\"https:\/\/centrourbano.com\/revista\/wp-content\/uploads\/45661485_1124584244360505_6718190073491226624_n-300x225.jpg\" alt=\"\" width=\"300\" height=\"225\" srcset=\"https:\/\/centrourbano.com\/revista\/wp-content\/uploads\/45661485_1124584244360505_6718190073491226624_n-300x225.jpg 300w, https:\/\/centrourbano.com\/revista\/wp-content\/uploads\/45661485_1124584244360505_6718190073491226624_n-768x576.jpg 768w, https:\/\/centrourbano.com\/revista\/wp-content\/uploads\/45661485_1124584244360505_6718190073491226624_n.jpg 1024w, https:\/\/centrourbano.com\/revista\/wp-content\/uploads\/45661485_1124584244360505_6718190073491226624_n-100x75.jpg 100w\" sizes=\"auto, (max-width: 300px) 100vw, 300px\" \/><\/a><\/p>\n<p>\u00abEl terreno contiguo tambi\u00e9n es propiedad de Thor Urbana. En la segunda fase estamos pensando en espacios que pudieran ser de oficinas, de nueva \u00e1rea comercial, coworking y eso es lo que vamos a explorar. Pudiera ser un espacio de uso mixto con un \u00e1rea comercial integrada\u00bb, agreg\u00f3.<\/p>\n<p>TSM busca es m\u00e1s que un centro comercial tradicional, es la revoluci\u00f3n de un concepto que pretende transformar el estilo de vida de la comunidad y que tiene una amplia oferta comercial con marcas como Sephora, Forever 21. Lacoste, Old Navy, Starbucks, as\u00ed como atracciones de entretenimiento que llegan por primera vez a M\u00e9xico como el\u00a0National Geographic Ultimate Explorer (NGUX).<\/p>\n<p>\u00abEs uno de nuestros proyectos emblema. Lo de hoy es encontrar lugares que nos inviten a convivir a crear comunidad, a socializar, la gente quiere esos espacios. Todo el proyecto est\u00e1 creado para que la gente venga a pasar el d\u00eda [&#8230;] M\u00e9xico est\u00e1 viviendo un momento interesante de c\u00f3mo se est\u00e1 moviendo la gente en las zonas urbanas, regresando a este sentimiento de volver a crear comunidad\u00bb, enfatiz\u00f3 Mor\u00e1n.<\/p>\n","protected":false},"excerpt":{"rendered":"<p>La desarrolladora trabaja ya en una segunda fase del proyecto para integrar m\u00e1s \u00e1rea comercial y de oficinas\u00a0<\/p>\n","protected":false},"author":69,"featured_media":81412,"comment_status":"open","ping_status":"closed","sticky":false,"template":"","format":"standard","meta":{"om_disable_all_campaigns":false,"inline_featured_image":false,"_monsterinsights_skip_tracking":false,"_monsterinsights_sitenote_active":false,"_monsterinsights_sitenote_note":"","_monsterinsights_sitenote_category":0,"footnotes":""},"categories":[15],"tags":[],"class_list":["post-81411","post","type-post","status-publish","format-standard","has-post-thumbnail","hentry","category-inmobiliario"],"yoast_head":"<!-- This site is optimized with the Yoast SEO plugin v27.4 - https:\/\/yoast.com\/product\/yoast-seo-wordpress\/ -->\n<title>Town Square Metepec, la nueva apuesta de Thor Urbana<\/title>\n<meta name=\"description\" content=\"La desarrolladora trabaja ya en una segunda fase del proyecto para integrar m\u00e1s \u00e1rea comercial y de oficinas\" \/>\n<meta name=\"robots\" content=\"index, follow, max-snippet:-1, max-image-preview:large, max-video-preview:-1\" \/>\n<link rel=\"canonical\" href=\"https:\/\/centrourbano.com\/revista\/inmobiliario\/town-square-metepec-la-nueva-apuesta-de-thor-urbana\/\" \/>\n<meta property=\"og:locale\" content=\"es_ES\" \/>\n<meta property=\"og:type\" content=\"article\" \/>\n<meta property=\"og:title\" content=\"Town Square Metepec, la nueva apuesta de Thor Urbana\" \/>\n<meta property=\"og:description\" content=\"La desarrolladora trabaja ya en una segunda fase del proyecto para integrar m\u00e1s \u00e1rea comercial y de oficinas\" \/>\n<meta property=\"og:url\" content=\"https:\/\/centrourbano.com\/revista\/inmobiliario\/town-square-metepec-la-nueva-apuesta-de-thor-urbana\/\" \/>\n<meta property=\"og:site_name\" content=\"Centro Urbano\" \/>\n<meta property=\"article:publisher\" content=\"https:\/\/www.facebook.com\/portalcentrourbano\" \/>\n<meta property=\"article:published_time\" content=\"2018-11-09T14:08:05+00:00\" \/>\n<meta property=\"article:modified_time\" content=\"2018-11-09T14:55:26+00:00\" \/>\n<meta property=\"og:image\" content=\"https:\/\/centrourbano.com\/revista\/wp-content\/uploads\/VISTA-01.jpg\" \/>\n\t<meta property=\"og:image:width\" content=\"1785\" \/>\n\t<meta property=\"og:image:height\" content=\"1080\" \/>\n\t<meta property=\"og:image:type\" content=\"image\/jpeg\" \/>\n<meta name=\"author\" content=\"Fernando Navarrete\" \/>\n<meta name=\"twitter:card\" content=\"summary_large_image\" \/>\n<meta name=\"twitter:creator\" content=\"@CentroUrbano\" \/>\n<meta name=\"twitter:site\" content=\"@CentroUrbano\" \/>\n<meta name=\"twitter:label1\" content=\"Escrito por\" \/>\n\t<meta name=\"twitter:data1\" content=\"Fernando Navarrete\" \/>\n\t<meta name=\"twitter:label2\" content=\"Tiempo de lectura\" \/>\n\t<meta name=\"twitter:data2\" content=\"2 minutos\" \/>\n<script type=\"application\/ld+json\" class=\"yoast-schema-graph\">{\"@context\":\"https:\\\/\\\/schema.org\",\"@graph\":[{\"@type\":\"Article\",\"@id\":\"https:\\\/\\\/centrourbano.com\\\/revista\\\/inmobiliario\\\/town-square-metepec-la-nueva-apuesta-de-thor-urbana\\\/#article\",\"isPartOf\":{\"@id\":\"https:\\\/\\\/centrourbano.com\\\/revista\\\/inmobiliario\\\/town-square-metepec-la-nueva-apuesta-de-thor-urbana\\\/\"},\"author\":{\"name\":\"Fernando Navarrete\",\"@id\":\"https:\\\/\\\/centrourbano.com\\\/revista\\\/#\\\/schema\\\/person\\\/515c32d01ece40d20a7ed3fdf34051af\"},\"headline\":\"Town Square Metepec, la nueva apuesta de Thor Urbana\",\"datePublished\":\"2018-11-09T14:08:05+00:00\",\"dateModified\":\"2018-11-09T14:55:26+00:00\",\"mainEntityOfPage\":{\"@id\":\"https:\\\/\\\/centrourbano.com\\\/revista\\\/inmobiliario\\\/town-square-metepec-la-nueva-apuesta-de-thor-urbana\\\/\"},\"wordCount\":392,\"commentCount\":0,\"publisher\":{\"@id\":\"https:\\\/\\\/centrourbano.com\\\/revista\\\/#organization\"},\"image\":{\"@id\":\"https:\\\/\\\/centrourbano.com\\\/revista\\\/inmobiliario\\\/town-square-metepec-la-nueva-apuesta-de-thor-urbana\\\/#primaryimage\"},\"thumbnailUrl\":\"https:\\\/\\\/centrourbano.com\\\/revista\\\/wp-content\\\/uploads\\\/VISTA-01.jpg\",\"articleSection\":[\"Inmobiliario\"],\"inLanguage\":\"es\",\"potentialAction\":[{\"@type\":\"CommentAction\",\"name\":\"Comment\",\"target\":[\"https:\\\/\\\/centrourbano.com\\\/revista\\\/inmobiliario\\\/town-square-metepec-la-nueva-apuesta-de-thor-urbana\\\/#respond\"]}]},{\"@type\":\"WebPage\",\"@id\":\"https:\\\/\\\/centrourbano.com\\\/revista\\\/inmobiliario\\\/town-square-metepec-la-nueva-apuesta-de-thor-urbana\\\/\",\"url\":\"https:\\\/\\\/centrourbano.com\\\/revista\\\/inmobiliario\\\/town-square-metepec-la-nueva-apuesta-de-thor-urbana\\\/\",\"name\":\"Town Square Metepec, la nueva apuesta de Thor Urbana\",\"isPartOf\":{\"@id\":\"https:\\\/\\\/centrourbano.com\\\/revista\\\/#website\"},\"primaryImageOfPage\":{\"@id\":\"https:\\\/\\\/centrourbano.com\\\/revista\\\/inmobiliario\\\/town-square-metepec-la-nueva-apuesta-de-thor-urbana\\\/#primaryimage\"},\"image\":{\"@id\":\"https:\\\/\\\/centrourbano.com\\\/revista\\\/inmobiliario\\\/town-square-metepec-la-nueva-apuesta-de-thor-urbana\\\/#primaryimage\"},\"thumbnailUrl\":\"https:\\\/\\\/centrourbano.com\\\/revista\\\/wp-content\\\/uploads\\\/VISTA-01.jpg\",\"datePublished\":\"2018-11-09T14:08:05+00:00\",\"dateModified\":\"2018-11-09T14:55:26+00:00\",\"description\":\"La desarrolladora trabaja ya en una segunda fase del proyecto para integrar m\u00e1s \u00e1rea comercial y de oficinas\",\"breadcrumb\":{\"@id\":\"https:\\\/\\\/centrourbano.com\\\/revista\\\/inmobiliario\\\/town-square-metepec-la-nueva-apuesta-de-thor-urbana\\\/#breadcrumb\"},\"inLanguage\":\"es\",\"potentialAction\":[{\"@type\":\"ReadAction\",\"target\":[\"https:\\\/\\\/centrourbano.com\\\/revista\\\/inmobiliario\\\/town-square-metepec-la-nueva-apuesta-de-thor-urbana\\\/\"]}]},{\"@type\":\"ImageObject\",\"inLanguage\":\"es\",\"@id\":\"https:\\\/\\\/centrourbano.com\\\/revista\\\/inmobiliario\\\/town-square-metepec-la-nueva-apuesta-de-thor-urbana\\\/#primaryimage\",\"url\":\"https:\\\/\\\/centrourbano.com\\\/revista\\\/wp-content\\\/uploads\\\/VISTA-01.jpg\",\"contentUrl\":\"https:\\\/\\\/centrourbano.com\\\/revista\\\/wp-content\\\/uploads\\\/VISTA-01.jpg\",\"width\":1785,\"height\":1080,\"caption\":\"La desarrolladora trabaja ya en una segunda fase del proyecto para integrar m\u00e1s \u00e1rea comercial y de oficinas\"},{\"@type\":\"BreadcrumbList\",\"@id\":\"https:\\\/\\\/centrourbano.com\\\/revista\\\/inmobiliario\\\/town-square-metepec-la-nueva-apuesta-de-thor-urbana\\\/#breadcrumb\",\"itemListElement\":[{\"@type\":\"ListItem\",\"position\":1,\"name\":\"Portada\",\"item\":\"https:\\\/\\\/centrourbano.com\\\/revista\\\/\"},{\"@type\":\"ListItem\",\"position\":2,\"name\":\"Town Square Metepec, la nueva apuesta de Thor Urbana\"}]},{\"@type\":\"WebSite\",\"@id\":\"https:\\\/\\\/centrourbano.com\\\/revista\\\/#website\",\"url\":\"https:\\\/\\\/centrourbano.com\\\/revista\\\/\",\"name\":\"Centro Urbano\",\"description\":\"Medio especializado en los sectores vivienda, inmobiliario, construcci\u00f3n, arquitectura y urbanismo.\",\"publisher\":{\"@id\":\"https:\\\/\\\/centrourbano.com\\\/revista\\\/#organization\"},\"potentialAction\":[{\"@type\":\"SearchAction\",\"target\":{\"@type\":\"EntryPoint\",\"urlTemplate\":\"https:\\\/\\\/centrourbano.com\\\/revista\\\/?s={search_term_string}\"},\"query-input\":{\"@type\":\"PropertyValueSpecification\",\"valueRequired\":true,\"valueName\":\"search_term_string\"}}],\"inLanguage\":\"es\"},{\"@type\":\"Organization\",\"@id\":\"https:\\\/\\\/centrourbano.com\\\/revista\\\/#organization\",\"name\":\"Centro Urbano\",\"url\":\"https:\\\/\\\/centrourbano.com\\\/revista\\\/\",\"logo\":{\"@type\":\"ImageObject\",\"inLanguage\":\"es\",\"@id\":\"https:\\\/\\\/centrourbano.com\\\/revista\\\/#\\\/schema\\\/logo\\\/image\\\/\",\"url\":\"https:\\\/\\\/centrourbano.com\\\/revista\\\/wp-content\\\/uploads\\\/web_CU_logo-1.png\",\"contentUrl\":\"https:\\\/\\\/centrourbano.com\\\/revista\\\/wp-content\\\/uploads\\\/web_CU_logo-1.png\",\"width\":350,\"height\":91,\"caption\":\"Centro Urbano\"},\"image\":{\"@id\":\"https:\\\/\\\/centrourbano.com\\\/revista\\\/#\\\/schema\\\/logo\\\/image\\\/\"},\"sameAs\":[\"https:\\\/\\\/www.facebook.com\\\/portalcentrourbano\",\"https:\\\/\\\/x.com\\\/CentroUrbano\",\"https:\\\/\\\/www.instagram.com\\\/centro_urbano\\\/\",\"https:\\\/\\\/www.linkedin.com\\\/company\\\/centro-urbano\\\/\",\"http:\\\/\\\/www.youtube.com\\\/user\\\/portalcentrourbano\"]},{\"@type\":\"Person\",\"@id\":\"https:\\\/\\\/centrourbano.com\\\/revista\\\/#\\\/schema\\\/person\\\/515c32d01ece40d20a7ed3fdf34051af\",\"name\":\"Fernando Navarrete\",\"image\":{\"@type\":\"ImageObject\",\"inLanguage\":\"es\",\"@id\":\"https:\\\/\\\/secure.gravatar.com\\\/avatar\\\/f4dd6927a99e72698473e350e20ec8a38bd48cb668e15b03d04e8e537da41ad0?s=96&d=mm&r=g\",\"url\":\"https:\\\/\\\/secure.gravatar.com\\\/avatar\\\/f4dd6927a99e72698473e350e20ec8a38bd48cb668e15b03d04e8e537da41ad0?s=96&d=mm&r=g\",\"contentUrl\":\"https:\\\/\\\/secure.gravatar.com\\\/avatar\\\/f4dd6927a99e72698473e350e20ec8a38bd48cb668e15b03d04e8e537da41ad0?s=96&d=mm&r=g\",\"caption\":\"Fernando Navarrete\"},\"description\":\"Reportero de negocios, inmobiliario, construcci\u00f3n e industria. Me interesa la econom\u00eda, pol\u00edtica, historia y antropolog\u00eda. Estudi\u00e9 en la Facultad de Ciencias Pol\u00edticas y Sociales de la UNAM. Tengo experiencia en el sector p\u00fablico, la industria del acero, ingenier\u00eda civil, IT y corporativos; soy un nost\u00e1lgico nacionalista contempor\u00e1neo que cree en la grandeza de su pa\u00eds. Asiduo lector de Juan Rulfo, Jos\u00e9 Revueltas y J. R. R Tolkien.\",\"url\":\"https:\\\/\\\/centrourbano.com\\\/revista\\\/author\\\/fernando-navarrete\\\/\"}]}<\/script>\n<!-- \/ Yoast SEO plugin. -->","yoast_head_json":{"title":"Town Square Metepec, la nueva apuesta de Thor Urbana","description":"La desarrolladora trabaja ya en una segunda fase del proyecto para integrar m\u00e1s \u00e1rea comercial y de oficinas","robots":{"index":"index","follow":"follow","max-snippet":"max-snippet:-1","max-image-preview":"max-image-preview:large","max-video-preview":"max-video-preview:-1"},"canonical":"https:\/\/centrourbano.com\/revista\/inmobiliario\/town-square-metepec-la-nueva-apuesta-de-thor-urbana\/","og_locale":"es_ES","og_type":"article","og_title":"Town Square Metepec, la nueva apuesta de Thor Urbana","og_description":"La desarrolladora trabaja ya en una segunda fase del proyecto para integrar m\u00e1s \u00e1rea comercial y de oficinas","og_url":"https:\/\/centrourbano.com\/revista\/inmobiliario\/town-square-metepec-la-nueva-apuesta-de-thor-urbana\/","og_site_name":"Centro Urbano","article_publisher":"https:\/\/www.facebook.com\/portalcentrourbano","article_published_time":"2018-11-09T14:08:05+00:00","article_modified_time":"2018-11-09T14:55:26+00:00","og_image":[{"width":1785,"height":1080,"url":"https:\/\/centrourbano.com\/revista\/wp-content\/uploads\/VISTA-01.jpg","type":"image\/jpeg"}],"author":"Fernando Navarrete","twitter_card":"summary_large_image","twitter_creator":"@CentroUrbano","twitter_site":"@CentroUrbano","twitter_misc":{"Escrito por":"Fernando Navarrete","Tiempo de lectura":"2 minutos"},"schema":{"@context":"https:\/\/schema.org","@graph":[{"@type":"Article","@id":"https:\/\/centrourbano.com\/revista\/inmobiliario\/town-square-metepec-la-nueva-apuesta-de-thor-urbana\/#article","isPartOf":{"@id":"https:\/\/centrourbano.com\/revista\/inmobiliario\/town-square-metepec-la-nueva-apuesta-de-thor-urbana\/"},"author":{"name":"Fernando Navarrete","@id":"https:\/\/centrourbano.com\/revista\/#\/schema\/person\/515c32d01ece40d20a7ed3fdf34051af"},"headline":"Town Square Metepec, la nueva apuesta de Thor Urbana","datePublished":"2018-11-09T14:08:05+00:00","dateModified":"2018-11-09T14:55:26+00:00","mainEntityOfPage":{"@id":"https:\/\/centrourbano.com\/revista\/inmobiliario\/town-square-metepec-la-nueva-apuesta-de-thor-urbana\/"},"wordCount":392,"commentCount":0,"publisher":{"@id":"https:\/\/centrourbano.com\/revista\/#organization"},"image":{"@id":"https:\/\/centrourbano.com\/revista\/inmobiliario\/town-square-metepec-la-nueva-apuesta-de-thor-urbana\/#primaryimage"},"thumbnailUrl":"https:\/\/centrourbano.com\/revista\/wp-content\/uploads\/VISTA-01.jpg","articleSection":["Inmobiliario"],"inLanguage":"es","potentialAction":[{"@type":"CommentAction","name":"Comment","target":["https:\/\/centrourbano.com\/revista\/inmobiliario\/town-square-metepec-la-nueva-apuesta-de-thor-urbana\/#respond"]}]},{"@type":"WebPage","@id":"https:\/\/centrourbano.com\/revista\/inmobiliario\/town-square-metepec-la-nueva-apuesta-de-thor-urbana\/","url":"https:\/\/centrourbano.com\/revista\/inmobiliario\/town-square-metepec-la-nueva-apuesta-de-thor-urbana\/","name":"Town Square Metepec, la nueva apuesta de Thor Urbana","isPartOf":{"@id":"https:\/\/centrourbano.com\/revista\/#website"},"primaryImageOfPage":{"@id":"https:\/\/centrourbano.com\/revista\/inmobiliario\/town-square-metepec-la-nueva-apuesta-de-thor-urbana\/#primaryimage"},"image":{"@id":"https:\/\/centrourbano.com\/revista\/inmobiliario\/town-square-metepec-la-nueva-apuesta-de-thor-urbana\/#primaryimage"},"thumbnailUrl":"https:\/\/centrourbano.com\/revista\/wp-content\/uploads\/VISTA-01.jpg","datePublished":"2018-11-09T14:08:05+00:00","dateModified":"2018-11-09T14:55:26+00:00","description":"La desarrolladora trabaja ya en una segunda fase del proyecto para integrar m\u00e1s \u00e1rea comercial y de oficinas","breadcrumb":{"@id":"https:\/\/centrourbano.com\/revista\/inmobiliario\/town-square-metepec-la-nueva-apuesta-de-thor-urbana\/#breadcrumb"},"inLanguage":"es","potentialAction":[{"@type":"ReadAction","target":["https:\/\/centrourbano.com\/revista\/inmobiliario\/town-square-metepec-la-nueva-apuesta-de-thor-urbana\/"]}]},{"@type":"ImageObject","inLanguage":"es","@id":"https:\/\/centrourbano.com\/revista\/inmobiliario\/town-square-metepec-la-nueva-apuesta-de-thor-urbana\/#primaryimage","url":"https:\/\/centrourbano.com\/revista\/wp-content\/uploads\/VISTA-01.jpg","contentUrl":"https:\/\/centrourbano.com\/revista\/wp-content\/uploads\/VISTA-01.jpg","width":1785,"height":1080,"caption":"La desarrolladora trabaja ya en una segunda fase del proyecto para integrar m\u00e1s \u00e1rea comercial y de oficinas"},{"@type":"BreadcrumbList","@id":"https:\/\/centrourbano.com\/revista\/inmobiliario\/town-square-metepec-la-nueva-apuesta-de-thor-urbana\/#breadcrumb","itemListElement":[{"@type":"ListItem","position":1,"name":"Portada","item":"https:\/\/centrourbano.com\/revista\/"},{"@type":"ListItem","position":2,"name":"Town Square Metepec, la nueva apuesta de Thor Urbana"}]},{"@type":"WebSite","@id":"https:\/\/centrourbano.com\/revista\/#website","url":"https:\/\/centrourbano.com\/revista\/","name":"Centro Urbano","description":"Medio especializado en los sectores vivienda, inmobiliario, construcci\u00f3n, arquitectura y urbanismo.","publisher":{"@id":"https:\/\/centrourbano.com\/revista\/#organization"},"potentialAction":[{"@type":"SearchAction","target":{"@type":"EntryPoint","urlTemplate":"https:\/\/centrourbano.com\/revista\/?s={search_term_string}"},"query-input":{"@type":"PropertyValueSpecification","valueRequired":true,"valueName":"search_term_string"}}],"inLanguage":"es"},{"@type":"Organization","@id":"https:\/\/centrourbano.com\/revista\/#organization","name":"Centro Urbano","url":"https:\/\/centrourbano.com\/revista\/","logo":{"@type":"ImageObject","inLanguage":"es","@id":"https:\/\/centrourbano.com\/revista\/#\/schema\/logo\/image\/","url":"https:\/\/centrourbano.com\/revista\/wp-content\/uploads\/web_CU_logo-1.png","contentUrl":"https:\/\/centrourbano.com\/revista\/wp-content\/uploads\/web_CU_logo-1.png","width":350,"height":91,"caption":"Centro Urbano"},"image":{"@id":"https:\/\/centrourbano.com\/revista\/#\/schema\/logo\/image\/"},"sameAs":["https:\/\/www.facebook.com\/portalcentrourbano","https:\/\/x.com\/CentroUrbano","https:\/\/www.instagram.com\/centro_urbano\/","https:\/\/www.linkedin.com\/company\/centro-urbano\/","http:\/\/www.youtube.com\/user\/portalcentrourbano"]},{"@type":"Person","@id":"https:\/\/centrourbano.com\/revista\/#\/schema\/person\/515c32d01ece40d20a7ed3fdf34051af","name":"Fernando Navarrete","image":{"@type":"ImageObject","inLanguage":"es","@id":"https:\/\/secure.gravatar.com\/avatar\/f4dd6927a99e72698473e350e20ec8a38bd48cb668e15b03d04e8e537da41ad0?s=96&d=mm&r=g","url":"https:\/\/secure.gravatar.com\/avatar\/f4dd6927a99e72698473e350e20ec8a38bd48cb668e15b03d04e8e537da41ad0?s=96&d=mm&r=g","contentUrl":"https:\/\/secure.gravatar.com\/avatar\/f4dd6927a99e72698473e350e20ec8a38bd48cb668e15b03d04e8e537da41ad0?s=96&d=mm&r=g","caption":"Fernando Navarrete"},"description":"Reportero de negocios, inmobiliario, construcci\u00f3n e industria. Me interesa la econom\u00eda, pol\u00edtica, historia y antropolog\u00eda. Estudi\u00e9 en la Facultad de Ciencias Pol\u00edticas y Sociales de la UNAM. Tengo experiencia en el sector p\u00fablico, la industria del acero, ingenier\u00eda civil, IT y corporativos; soy un nost\u00e1lgico nacionalista contempor\u00e1neo que cree en la grandeza de su pa\u00eds. Asiduo lector de Juan Rulfo, Jos\u00e9 Revueltas y J. R. R Tolkien.","url":"https:\/\/centrourbano.com\/revista\/author\/fernando-navarrete\/"}]}},"_links":{"self":[{"href":"https:\/\/centrourbano.com\/revista\/wp-json\/wp\/v2\/posts\/81411","targetHints":{"allow":["GET"]}}],"collection":[{"href":"https:\/\/centrourbano.com\/revista\/wp-json\/wp\/v2\/posts"}],"about":[{"href":"https:\/\/centrourbano.com\/revista\/wp-json\/wp\/v2\/types\/post"}],"author":[{"embeddable":true,"href":"https:\/\/centrourbano.com\/revista\/wp-json\/wp\/v2\/users\/69"}],"replies":[{"embeddable":true,"href":"https:\/\/centrourbano.com\/revista\/wp-json\/wp\/v2\/comments?post=81411"}],"version-history":[{"count":4,"href":"https:\/\/centrourbano.com\/revista\/wp-json\/wp\/v2\/posts\/81411\/revisions"}],"predecessor-version":[{"id":81418,"href":"https:\/\/centrourbano.com\/revista\/wp-json\/wp\/v2\/posts\/81411\/revisions\/81418"}],"wp:featuredmedia":[{"embeddable":true,"href":"https:\/\/centrourbano.com\/revista\/wp-json\/wp\/v2\/media\/81412"}],"wp:attachment":[{"href":"https:\/\/centrourbano.com\/revista\/wp-json\/wp\/v2\/media?parent=81411"}],"wp:term":[{"taxonomy":"category","embeddable":true,"href":"https:\/\/centrourbano.com\/revista\/wp-json\/wp\/v2\/categories?post=81411"},{"taxonomy":"post_tag","embeddable":true,"href":"https:\/\/centrourbano.com\/revista\/wp-json\/wp\/v2\/tags?post=81411"}],"curies":[{"name":"wp","href":"https:\/\/api.w.org\/{rel}","templated":true}]}}