{"id":81407,"date":"2018-11-08T19:53:27","date_gmt":"2018-11-09T01:53:27","guid":{"rendered":"https:\/\/centrourbano.com\/?p=81407"},"modified":"2018-11-09T17:21:06","modified_gmt":"2018-11-09T23:21:06","slug":"jorge-mendoza-estara-al-frente-shf-gobierno-amlo","status":"publish","type":"post","link":"https:\/\/centrourbano.com\/revista\/vivienda\/jorge-mendoza-estara-al-frente-shf-gobierno-amlo\/","title":{"rendered":"Jorge Mendoza estar\u00e1 al frente de SHF en gobierno de AMLO"},"content":{"rendered":"<p><em>Sin dejar claro si existir\u00e1 fusi\u00f3n o no, se dio a conocer que Mendoza tambi\u00e9n ser\u00e1 director de Banobras <\/em><!--more--><\/p>\n<p>El presidente electo, <strong>Andr\u00e9s Manuel L\u00f3pez Obrador,<\/strong> dio a conocer que <strong>Jorge Mendoza<\/strong>, licenciado en Finanza por la Universidad de Texas, estar\u00e1 al frente de Sociedad Hipotecaria Federal (<strong>SHF<\/strong>) en el pr\u00f3ximo sexenio. Sin precisar si se efectuar\u00e1 la fusi\u00f3n o no, el equipo del nuevo gobierno inform\u00f3 que el propio Mendoza tambi\u00e9n estar\u00e1 al frente del Banco Nacional de Obras y Servicios (<strong>Banobras<\/strong>).<\/p>\n<p>De acuerdo con la informaci\u00f3n brindada, Jorge Mendoza, Maestro en Administraci\u00f3n por parte de la <strong>Universidad de Harvard<\/strong>, actualmente ocupa la Direcci\u00f3n Corporativa de la Comisi\u00f3n Federal de Electricidad (<strong>CFE<\/strong>).<\/p>\n<p>En su trayectoria se destaca su paso por la Secretar\u00eda de Hacienda y Cr\u00e9dito P\u00fablico (<strong>SHCP<\/strong>) en la Direcci\u00f3n General Adjunta de la Unidad de Cr\u00e9dito P\u00fablico, as\u00ed como la Direcci\u00f3n General de Asuntos Internacionales. Adem\u00e1s, se destaca su paso en el sector privado dentro de las firmas <strong>Barclays Capital<\/strong> y <strong>Credit Suisse<\/strong>.<\/p>\n<p>Junto con la designaci\u00f3n de Mendoza, el equipo del nuevo gobierno dio a conocer otros nombramientos, entre los que se encuentran:<\/p>\n<p>\u2022 Abraham Everardo Vela, presidente de la Comisi\u00f3n Nacional del Sistema de Ahorro para el Retiro (Consar).<br \/>\n\u2022 Adalberto Palma G\u00f3mez, presidente de la Comisi\u00f3n Nacional Bancaria y de Valores (CNVB).<br \/>\n\u2022 Eugenio N\u00e1jera Sol\u00f3rzano, director general de Nacional Financiera (Nafinsa) y del Banco Nacional de Comercio Exterior (Bancomext).<br \/>\n\u2022 \u00d3scar Rosado Jim\u00e9nez, presidente de la Condusef.<br \/>\n\u2022 Ricardo Ochoa, presidente de la Comisi\u00f3n Nacional de Seguros y Finanzas.<\/p>\n","protected":false},"excerpt":{"rendered":"<p>Sin dejar claro si existir\u00e1 fusi\u00f3n o no, se dio a conocer que Mendoza tambi\u00e9n ser\u00e1 director de Banobras<\/p>\n","protected":false},"author":77,"featured_media":81469,"comment_status":"open","ping_status":"closed","sticky":false,"template":"","format":"standard","meta":{"inline_featured_image":false,"footnotes":""},"categories":[12],"tags":[10246,1116,14836,235,539],"class_list":["post-81407","post","type-post","status-publish","format-standard","has-post-thumbnail","hentry","category-vivienda","tag-amlo","tag-banobras","tag-jorge-mendoza","tag-shf","tag-sociedad-hipotecaria-federal"],"yoast_head":"<!-- This site is optimized with the Yoast SEO plugin v28.4 - https:\/\/yoast.com\/product\/yoast-seo-wordpress\/ -->\n<title>Jorge Mendoza estar\u00e1 al frente de SHF en gobierno de AMLO<\/title>\n<meta name=\"description\" content=\"Sin dejar claro si existir\u00e1 fusi\u00f3n o no, se dio a conocer que Mendoza tambi\u00e9n ser\u00e1 director de Banobras\" \/>\n<meta name=\"robots\" content=\"index, follow, max-snippet:-1, max-image-preview:large, max-video-preview:-1\" \/>\n<link rel=\"canonical\" href=\"https:\/\/centrourbano.com\/revista\/vivienda\/jorge-mendoza-estara-al-frente-shf-gobierno-amlo\/\" \/>\n<meta property=\"og:locale\" content=\"es_ES\" \/>\n<meta property=\"og:type\" content=\"article\" \/>\n<meta property=\"og:title\" content=\"Jorge Mendoza estar\u00e1 al frente de SHF en gobierno de AMLO\" \/>\n<meta property=\"og:description\" content=\"Sin dejar claro si existir\u00e1 fusi\u00f3n o no, se dio a conocer que Mendoza tambi\u00e9n ser\u00e1 director de Banobras\" \/>\n<meta property=\"og:url\" content=\"https:\/\/centrourbano.com\/revista\/vivienda\/jorge-mendoza-estara-al-frente-shf-gobierno-amlo\/\" \/>\n<meta property=\"og:site_name\" content=\"Centro Urbano\" \/>\n<meta property=\"article:publisher\" content=\"https:\/\/www.facebook.com\/portalcentrourbano\" \/>\n<meta property=\"article:published_time\" content=\"2018-11-09T01:53:27+00:00\" \/>\n<meta property=\"article:modified_time\" content=\"2018-11-09T23:21:06+00:00\" \/>\n<meta property=\"og:image\" content=\"https:\/\/centrourbano.com\/revista\/wp-content\/uploads\/AMLO.jpeg\" \/>\n\t<meta property=\"og:image:width\" content=\"800\" \/>\n\t<meta property=\"og:image:height\" content=\"450\" \/>\n\t<meta property=\"og:image:type\" content=\"image\/jpeg\" \/>\n<meta name=\"author\" content=\"G4A\" \/>\n<meta name=\"twitter:card\" content=\"summary_large_image\" \/>\n<meta name=\"twitter:creator\" content=\"@CentroUrbano\" \/>\n<meta name=\"twitter:site\" content=\"@CentroUrbano\" \/>\n<meta name=\"twitter:label1\" content=\"Escrito por\" \/>\n\t<meta name=\"twitter:data1\" content=\"G4A\" \/>\n\t<meta name=\"twitter:label2\" content=\"Tiempo de lectura\" \/>\n\t<meta name=\"twitter:data2\" content=\"1 minuto\" \/>\n<script type=\"application\/ld+json\" class=\"yoast-schema-graph\">{\"@context\":\"https:\\\/\\\/schema.org\",\"@graph\":[{\"@type\":\"Article\",\"@id\":\"https:\\\/\\\/centrourbano.com\\\/revista\\\/vivienda\\\/jorge-mendoza-estara-al-frente-shf-gobierno-amlo\\\/#article\",\"isPartOf\":{\"@id\":\"https:\\\/\\\/centrourbano.com\\\/revista\\\/vivienda\\\/jorge-mendoza-estara-al-frente-shf-gobierno-amlo\\\/\"},\"author\":{\"name\":\"G4A\",\"@id\":\"https:\\\/\\\/centrourbano.com\\\/revista\\\/#\\\/schema\\\/person\\\/370fa0ba2d8dd5bde3fdb8b62ad360aa\"},\"headline\":\"Jorge Mendoza estar\u00e1 al frente de SHF en gobierno de AMLO\",\"datePublished\":\"2018-11-09T01:53:27+00:00\",\"dateModified\":\"2018-11-09T23:21:06+00:00\",\"mainEntityOfPage\":{\"@id\":\"https:\\\/\\\/centrourbano.com\\\/revista\\\/vivienda\\\/jorge-mendoza-estara-al-frente-shf-gobierno-amlo\\\/\"},\"wordCount\":289,\"commentCount\":0,\"publisher\":{\"@id\":\"https:\\\/\\\/centrourbano.com\\\/revista\\\/#organization\"},\"image\":{\"@id\":\"https:\\\/\\\/centrourbano.com\\\/revista\\\/vivienda\\\/jorge-mendoza-estara-al-frente-shf-gobierno-amlo\\\/#primaryimage\"},\"thumbnailUrl\":\"https:\\\/\\\/centrourbano.com\\\/revista\\\/wp-content\\\/uploads\\\/AMLO.jpeg\",\"keywords\":[\"AMLO\",\"Banobras\",\"Jorge Mendoza\",\"SHF\",\"Sociedad Hipotecaria Federal\"],\"articleSection\":[\"Vivienda\"],\"inLanguage\":\"es\"},{\"@type\":\"WebPage\",\"@id\":\"https:\\\/\\\/centrourbano.com\\\/revista\\\/vivienda\\\/jorge-mendoza-estara-al-frente-shf-gobierno-amlo\\\/\",\"url\":\"https:\\\/\\\/centrourbano.com\\\/revista\\\/vivienda\\\/jorge-mendoza-estara-al-frente-shf-gobierno-amlo\\\/\",\"name\":\"Jorge Mendoza estar\u00e1 al frente de SHF en gobierno de AMLO\",\"isPartOf\":{\"@id\":\"https:\\\/\\\/centrourbano.com\\\/revista\\\/#website\"},\"primaryImageOfPage\":{\"@id\":\"https:\\\/\\\/centrourbano.com\\\/revista\\\/vivienda\\\/jorge-mendoza-estara-al-frente-shf-gobierno-amlo\\\/#primaryimage\"},\"image\":{\"@id\":\"https:\\\/\\\/centrourbano.com\\\/revista\\\/vivienda\\\/jorge-mendoza-estara-al-frente-shf-gobierno-amlo\\\/#primaryimage\"},\"thumbnailUrl\":\"https:\\\/\\\/centrourbano.com\\\/revista\\\/wp-content\\\/uploads\\\/AMLO.jpeg\",\"datePublished\":\"2018-11-09T01:53:27+00:00\",\"dateModified\":\"2018-11-09T23:21:06+00:00\",\"description\":\"Sin dejar claro si existir\u00e1 fusi\u00f3n o no, se dio a conocer que Mendoza tambi\u00e9n ser\u00e1 director de Banobras\",\"breadcrumb\":{\"@id\":\"https:\\\/\\\/centrourbano.com\\\/revista\\\/vivienda\\\/jorge-mendoza-estara-al-frente-shf-gobierno-amlo\\\/#breadcrumb\"},\"inLanguage\":\"es\",\"potentialAction\":[{\"@type\":\"ReadAction\",\"target\":[\"https:\\\/\\\/centrourbano.com\\\/revista\\\/vivienda\\\/jorge-mendoza-estara-al-frente-shf-gobierno-amlo\\\/\"]}]},{\"@type\":\"ImageObject\",\"inLanguage\":\"es\",\"@id\":\"https:\\\/\\\/centrourbano.com\\\/revista\\\/vivienda\\\/jorge-mendoza-estara-al-frente-shf-gobierno-amlo\\\/#primaryimage\",\"url\":\"https:\\\/\\\/centrourbano.com\\\/revista\\\/wp-content\\\/uploads\\\/AMLO.jpeg\",\"contentUrl\":\"https:\\\/\\\/centrourbano.com\\\/revista\\\/wp-content\\\/uploads\\\/AMLO.jpeg\",\"width\":800,\"height\":450},{\"@type\":\"BreadcrumbList\",\"@id\":\"https:\\\/\\\/centrourbano.com\\\/revista\\\/vivienda\\\/jorge-mendoza-estara-al-frente-shf-gobierno-amlo\\\/#breadcrumb\",\"itemListElement\":[{\"@type\":\"ListItem\",\"position\":1,\"name\":\"Portada\",\"item\":\"https:\\\/\\\/centrourbano.com\\\/revista\\\/\"},{\"@type\":\"ListItem\",\"position\":2,\"name\":\"Jorge Mendoza estar\u00e1 al frente de SHF en gobierno de AMLO\"}]},{\"@type\":\"WebSite\",\"@id\":\"https:\\\/\\\/centrourbano.com\\\/revista\\\/#website\",\"url\":\"https:\\\/\\\/centrourbano.com\\\/revista\\\/\",\"name\":\"Centro Urbano\",\"description\":\"Medio especializado en los sectores vivienda, inmobiliario, construcci\u00f3n, arquitectura y urbanismo.\",\"publisher\":{\"@id\":\"https:\\\/\\\/centrourbano.com\\\/revista\\\/#organization\"},\"potentialAction\":[{\"@type\":\"SearchAction\",\"target\":{\"@type\":\"EntryPoint\",\"urlTemplate\":\"https:\\\/\\\/centrourbano.com\\\/revista\\\/?s={search_term_string}\"},\"query-input\":{\"@type\":\"PropertyValueSpecification\",\"valueRequired\":true,\"valueName\":\"search_term_string\"}}],\"inLanguage\":\"es\"},{\"@type\":\"Organization\",\"@id\":\"https:\\\/\\\/centrourbano.com\\\/revista\\\/#organization\",\"name\":\"Centro Urbano\",\"url\":\"https:\\\/\\\/centrourbano.com\\\/revista\\\/\",\"logo\":{\"@type\":\"ImageObject\",\"inLanguage\":\"es\",\"@id\":\"https:\\\/\\\/centrourbano.com\\\/revista\\\/#\\\/schema\\\/logo\\\/image\\\/\",\"url\":\"https:\\\/\\\/centrourbano.com\\\/revista\\\/wp-content\\\/uploads\\\/web_CU_logo-1.png\",\"contentUrl\":\"https:\\\/\\\/centrourbano.com\\\/revista\\\/wp-content\\\/uploads\\\/web_CU_logo-1.png\",\"width\":350,\"height\":91,\"caption\":\"Centro Urbano\"},\"image\":{\"@id\":\"https:\\\/\\\/centrourbano.com\\\/revista\\\/#\\\/schema\\\/logo\\\/image\\\/\"},\"sameAs\":[\"https:\\\/\\\/www.facebook.com\\\/portalcentrourbano\",\"https:\\\/\\\/x.com\\\/CentroUrbano\",\"https:\\\/\\\/www.instagram.com\\\/centro_urbano\\\/\",\"https:\\\/\\\/www.linkedin.com\\\/company\\\/centro-urbano\\\/\",\"http:\\\/\\\/www.youtube.com\\\/user\\\/portalcentrourbano\"]},{\"@type\":\"Person\",\"@id\":\"https:\\\/\\\/centrourbano.com\\\/revista\\\/#\\\/schema\\\/person\\\/370fa0ba2d8dd5bde3fdb8b62ad360aa\",\"name\":\"G4A\",\"image\":{\"@type\":\"ImageObject\",\"inLanguage\":\"es\",\"@id\":\"https:\\\/\\\/secure.gravatar.com\\\/avatar\\\/932a97121b13d5de5bbd8193c6c83d3b92c9eda0f39623607d4280e7a5778d97?s=96&d=mm&r=g\",\"url\":\"https:\\\/\\\/secure.gravatar.com\\\/avatar\\\/932a97121b13d5de5bbd8193c6c83d3b92c9eda0f39623607d4280e7a5778d97?s=96&d=mm&r=g\",\"contentUrl\":\"https:\\\/\\\/secure.gravatar.com\\\/avatar\\\/932a97121b13d5de5bbd8193c6c83d3b92c9eda0f39623607d4280e7a5778d97?s=96&d=mm&r=g\",\"caption\":\"G4A\"},\"url\":\"https:\\\/\\\/centrourbano.com\\\/revista\\\/author\\\/admin-g4a\\\/\"}]}<\/script>\n<!-- \/ Yoast SEO plugin. -->","yoast_head_json":{"title":"Jorge Mendoza estar\u00e1 al frente de SHF en gobierno de AMLO","description":"Sin dejar claro si existir\u00e1 fusi\u00f3n o no, se dio a conocer que Mendoza tambi\u00e9n ser\u00e1 director de Banobras","robots":{"index":"index","follow":"follow","max-snippet":"max-snippet:-1","max-image-preview":"max-image-preview:large","max-video-preview":"max-video-preview:-1"},"canonical":"https:\/\/centrourbano.com\/revista\/vivienda\/jorge-mendoza-estara-al-frente-shf-gobierno-amlo\/","og_locale":"es_ES","og_type":"article","og_title":"Jorge Mendoza estar\u00e1 al frente de SHF en gobierno de AMLO","og_description":"Sin dejar claro si existir\u00e1 fusi\u00f3n o no, se dio a conocer que Mendoza tambi\u00e9n ser\u00e1 director de Banobras","og_url":"https:\/\/centrourbano.com\/revista\/vivienda\/jorge-mendoza-estara-al-frente-shf-gobierno-amlo\/","og_site_name":"Centro Urbano","article_publisher":"https:\/\/www.facebook.com\/portalcentrourbano","article_published_time":"2018-11-09T01:53:27+00:00","article_modified_time":"2018-11-09T23:21:06+00:00","og_image":[{"width":800,"height":450,"url":"https:\/\/centrourbano.com\/revista\/wp-content\/uploads\/AMLO.jpeg","type":"image\/jpeg"}],"author":"G4A","twitter_card":"summary_large_image","twitter_creator":"@CentroUrbano","twitter_site":"@CentroUrbano","twitter_misc":{"Escrito por":"G4A","Tiempo de lectura":"1 minuto"},"schema":{"@context":"https:\/\/schema.org","@graph":[{"@type":"Article","@id":"https:\/\/centrourbano.com\/revista\/vivienda\/jorge-mendoza-estara-al-frente-shf-gobierno-amlo\/#article","isPartOf":{"@id":"https:\/\/centrourbano.com\/revista\/vivienda\/jorge-mendoza-estara-al-frente-shf-gobierno-amlo\/"},"author":{"name":"G4A","@id":"https:\/\/centrourbano.com\/revista\/#\/schema\/person\/370fa0ba2d8dd5bde3fdb8b62ad360aa"},"headline":"Jorge Mendoza estar\u00e1 al frente de SHF en gobierno de AMLO","datePublished":"2018-11-09T01:53:27+00:00","dateModified":"2018-11-09T23:21:06+00:00","mainEntityOfPage":{"@id":"https:\/\/centrourbano.com\/revista\/vivienda\/jorge-mendoza-estara-al-frente-shf-gobierno-amlo\/"},"wordCount":289,"commentCount":0,"publisher":{"@id":"https:\/\/centrourbano.com\/revista\/#organization"},"image":{"@id":"https:\/\/centrourbano.com\/revista\/vivienda\/jorge-mendoza-estara-al-frente-shf-gobierno-amlo\/#primaryimage"},"thumbnailUrl":"https:\/\/centrourbano.com\/revista\/wp-content\/uploads\/AMLO.jpeg","keywords":["AMLO","Banobras","Jorge Mendoza","SHF","Sociedad Hipotecaria Federal"],"articleSection":["Vivienda"],"inLanguage":"es"},{"@type":"WebPage","@id":"https:\/\/centrourbano.com\/revista\/vivienda\/jorge-mendoza-estara-al-frente-shf-gobierno-amlo\/","url":"https:\/\/centrourbano.com\/revista\/vivienda\/jorge-mendoza-estara-al-frente-shf-gobierno-amlo\/","name":"Jorge Mendoza estar\u00e1 al frente de SHF en gobierno de AMLO","isPartOf":{"@id":"https:\/\/centrourbano.com\/revista\/#website"},"primaryImageOfPage":{"@id":"https:\/\/centrourbano.com\/revista\/vivienda\/jorge-mendoza-estara-al-frente-shf-gobierno-amlo\/#primaryimage"},"image":{"@id":"https:\/\/centrourbano.com\/revista\/vivienda\/jorge-mendoza-estara-al-frente-shf-gobierno-amlo\/#primaryimage"},"thumbnailUrl":"https:\/\/centrourbano.com\/revista\/wp-content\/uploads\/AMLO.jpeg","datePublished":"2018-11-09T01:53:27+00:00","dateModified":"2018-11-09T23:21:06+00:00","description":"Sin dejar claro si existir\u00e1 fusi\u00f3n o no, se dio a conocer que Mendoza tambi\u00e9n ser\u00e1 director de Banobras","breadcrumb":{"@id":"https:\/\/centrourbano.com\/revista\/vivienda\/jorge-mendoza-estara-al-frente-shf-gobierno-amlo\/#breadcrumb"},"inLanguage":"es","potentialAction":[{"@type":"ReadAction","target":["https:\/\/centrourbano.com\/revista\/vivienda\/jorge-mendoza-estara-al-frente-shf-gobierno-amlo\/"]}]},{"@type":"ImageObject","inLanguage":"es","@id":"https:\/\/centrourbano.com\/revista\/vivienda\/jorge-mendoza-estara-al-frente-shf-gobierno-amlo\/#primaryimage","url":"https:\/\/centrourbano.com\/revista\/wp-content\/uploads\/AMLO.jpeg","contentUrl":"https:\/\/centrourbano.com\/revista\/wp-content\/uploads\/AMLO.jpeg","width":800,"height":450},{"@type":"BreadcrumbList","@id":"https:\/\/centrourbano.com\/revista\/vivienda\/jorge-mendoza-estara-al-frente-shf-gobierno-amlo\/#breadcrumb","itemListElement":[{"@type":"ListItem","position":1,"name":"Portada","item":"https:\/\/centrourbano.com\/revista\/"},{"@type":"ListItem","position":2,"name":"Jorge Mendoza estar\u00e1 al frente de SHF en gobierno de AMLO"}]},{"@type":"WebSite","@id":"https:\/\/centrourbano.com\/revista\/#website","url":"https:\/\/centrourbano.com\/revista\/","name":"Centro Urbano","description":"Medio especializado en los sectores vivienda, inmobiliario, construcci\u00f3n, arquitectura y urbanismo.","publisher":{"@id":"https:\/\/centrourbano.com\/revista\/#organization"},"potentialAction":[{"@type":"SearchAction","target":{"@type":"EntryPoint","urlTemplate":"https:\/\/centrourbano.com\/revista\/?s={search_term_string}"},"query-input":{"@type":"PropertyValueSpecification","valueRequired":true,"valueName":"search_term_string"}}],"inLanguage":"es"},{"@type":"Organization","@id":"https:\/\/centrourbano.com\/revista\/#organization","name":"Centro Urbano","url":"https:\/\/centrourbano.com\/revista\/","logo":{"@type":"ImageObject","inLanguage":"es","@id":"https:\/\/centrourbano.com\/revista\/#\/schema\/logo\/image\/","url":"https:\/\/centrourbano.com\/revista\/wp-content\/uploads\/web_CU_logo-1.png","contentUrl":"https:\/\/centrourbano.com\/revista\/wp-content\/uploads\/web_CU_logo-1.png","width":350,"height":91,"caption":"Centro Urbano"},"image":{"@id":"https:\/\/centrourbano.com\/revista\/#\/schema\/logo\/image\/"},"sameAs":["https:\/\/www.facebook.com\/portalcentrourbano","https:\/\/x.com\/CentroUrbano","https:\/\/www.instagram.com\/centro_urbano\/","https:\/\/www.linkedin.com\/company\/centro-urbano\/","http:\/\/www.youtube.com\/user\/portalcentrourbano"]},{"@type":"Person","@id":"https:\/\/centrourbano.com\/revista\/#\/schema\/person\/370fa0ba2d8dd5bde3fdb8b62ad360aa","name":"G4A","image":{"@type":"ImageObject","inLanguage":"es","@id":"https:\/\/secure.gravatar.com\/avatar\/932a97121b13d5de5bbd8193c6c83d3b92c9eda0f39623607d4280e7a5778d97?s=96&d=mm&r=g","url":"https:\/\/secure.gravatar.com\/avatar\/932a97121b13d5de5bbd8193c6c83d3b92c9eda0f39623607d4280e7a5778d97?s=96&d=mm&r=g","contentUrl":"https:\/\/secure.gravatar.com\/avatar\/932a97121b13d5de5bbd8193c6c83d3b92c9eda0f39623607d4280e7a5778d97?s=96&d=mm&r=g","caption":"G4A"},"url":"https:\/\/centrourbano.com\/revista\/author\/admin-g4a\/"}]}},"_links":{"self":[{"href":"https:\/\/centrourbano.com\/revista\/wp-json\/wp\/v2\/posts\/81407","targetHints":{"allow":["GET"]}}],"collection":[{"href":"https:\/\/centrourbano.com\/revista\/wp-json\/wp\/v2\/posts"}],"about":[{"href":"https:\/\/centrourbano.com\/revista\/wp-json\/wp\/v2\/types\/post"}],"author":[{"embeddable":true,"href":"https:\/\/centrourbano.com\/revista\/wp-json\/wp\/v2\/users\/77"}],"replies":[{"embeddable":true,"href":"https:\/\/centrourbano.com\/revista\/wp-json\/wp\/v2\/comments?post=81407"}],"version-history":[{"count":3,"href":"https:\/\/centrourbano.com\/revista\/wp-json\/wp\/v2\/posts\/81407\/revisions"}],"predecessor-version":[{"id":81410,"href":"https:\/\/centrourbano.com\/revista\/wp-json\/wp\/v2\/posts\/81407\/revisions\/81410"}],"wp:featuredmedia":[{"embeddable":true,"href":"https:\/\/centrourbano.com\/revista\/wp-json\/wp\/v2\/media\/81469"}],"wp:attachment":[{"href":"https:\/\/centrourbano.com\/revista\/wp-json\/wp\/v2\/media?parent=81407"}],"wp:term":[{"taxonomy":"category","embeddable":true,"href":"https:\/\/centrourbano.com\/revista\/wp-json\/wp\/v2\/categories?post=81407"},{"taxonomy":"post_tag","embeddable":true,"href":"https:\/\/centrourbano.com\/revista\/wp-json\/wp\/v2\/tags?post=81407"}],"curies":[{"name":"wp","href":"https:\/\/api.w.org\/{rel}","templated":true}]}}