{"id":81386,"date":"2018-11-08T14:01:21","date_gmt":"2018-11-08T20:01:21","guid":{"rendered":"https:\/\/centrourbano.com\/?p=81386"},"modified":"2018-11-08T14:05:07","modified_gmt":"2018-11-08T20:05:07","slug":"vivienda-familias-posibilidad-comprar","status":"publish","type":"post","link":"https:\/\/centrourbano.com\/revista\/vivienda\/vivienda-familias-posibilidad-comprar\/","title":{"rendered":"Familias mexicanas ven mayor posibilidad de comprar vivienda"},"content":{"rendered":"<p><em>En octubre la confianza de los consumidores en temas de acceso a soluciones habitacionales creci\u00f3 m\u00e1s de 14%<\/em><!--more--><\/p>\n<p>En octubre, el n\u00famero de familias con potencial para comprar una <strong>vivienda<\/strong> creci\u00f3 en relaci\u00f3n a lo observado en septiembre de 2018. Y es que de acuerdo con datos del Instituto Nacional de Estad\u00edsticas y Geograf\u00eda (<strong>Inegi<\/strong>), mientras el \u00cdndice de Confianza al Consumidor creci\u00f3 1.2% en t\u00e9rminos generales, la <strong>confianza<\/strong> de las familias por adquirir o remodelar vivienda en los pr\u00f3ximos dos a\u00f1os registr\u00f3 un incremento que rond\u00f3 el 15 por ciento.<\/p>\n<p>Seg\u00fan la informaci\u00f3n obtenida por el Inegi, un mayor n\u00famero de familias ve probable adquirir una vivienda antes de 2020. De manera espec\u00edfica, la confianza de las familias creci\u00f3 14.9% en comparaci\u00f3n con lo observado en septiembre; mientras que, en comparaci\u00f3n con octubre pero de 2017, el aumento en la confianza fue de 3.4 por ciento.<\/p>\n<a href=\"https:\/\/centrourbano.com\/revista\/wp-content\/uploads\/Confianza-Consumior_Octubre-2018.png\" target=\"_blank\" rel=\"noopener noreferrer\"><img loading=\"lazy\" decoding=\"async\" class=\"aligncenter wp-image-81387\" src=\"https:\/\/centrourbano.com\/revista\/wp-content\/uploads\/Confianza-Consumior_Octubre-2018-1024x460.png\" alt=\"\" width=\"500\" height=\"225\" srcset=\"https:\/\/centrourbano.com\/revista\/wp-content\/uploads\/Confianza-Consumior_Octubre-2018-1024x460.png 1024w, https:\/\/centrourbano.com\/revista\/wp-content\/uploads\/Confianza-Consumior_Octubre-2018-300x135.png 300w, https:\/\/centrourbano.com\/revista\/wp-content\/uploads\/Confianza-Consumior_Octubre-2018-768x345.png 768w, https:\/\/centrourbano.com\/revista\/wp-content\/uploads\/Confianza-Consumior_Octubre-2018.png 1405w\" sizes=\"auto, (max-width: 500px) 100vw, 500px\" \/><\/a>\n<p>\u201cCon datos desestacionalizados, en el d\u00e9cimo mes de 2018 el componente correspondiente a la opini\u00f3n sobre la situaci\u00f3n econ\u00f3mica de los integrantes del hogar en el momento actual frente a la que ten\u00edan hace doce meses se increment\u00f3 1.3% a tasa mensual. El rubro que eval\u00faa la expectativa sobre la situaci\u00f3n econ\u00f3mica de los miembros del hogar dentro de doce meses respecto a la que registran en el momento actual creci\u00f3 0.7% en su comparaci\u00f3n mensual\u201d.<\/p>\n<p>&nbsp;<\/p>\n<a href=\"https:\/\/centrourbano.com\/revista\/wp-content\/uploads\/Confianza-Consumior_Octubre-2018_1.png\" target=\"_blank\" rel=\"noopener noreferrer\"><img loading=\"lazy\" decoding=\"async\" class=\"aligncenter wp-image-81388\" src=\"https:\/\/centrourbano.com\/revista\/wp-content\/uploads\/Confianza-Consumior_Octubre-2018_1-1024x647.png\" alt=\"\" width=\"500\" height=\"316\" srcset=\"https:\/\/centrourbano.com\/revista\/wp-content\/uploads\/Confianza-Consumior_Octubre-2018_1-1024x647.png 1024w, https:\/\/centrourbano.com\/revista\/wp-content\/uploads\/Confianza-Consumior_Octubre-2018_1-300x190.png 300w, https:\/\/centrourbano.com\/revista\/wp-content\/uploads\/Confianza-Consumior_Octubre-2018_1-768x486.png 768w, https:\/\/centrourbano.com\/revista\/wp-content\/uploads\/Confianza-Consumior_Octubre-2018_1-171x108.png 171w, https:\/\/centrourbano.com\/revista\/wp-content\/uploads\/Confianza-Consumior_Octubre-2018_1.png 1251w\" sizes=\"auto, (max-width: 500px) 100vw, 500px\" \/><\/a>\n","protected":false},"excerpt":{"rendered":"<p>En octubre la confianza de los consumidores en temas de acceso a soluciones habitacionales creci\u00f3 m\u00e1s de 14%<\/p>\n","protected":false},"author":77,"featured_media":43705,"comment_status":"open","ping_status":"closed","sticky":false,"template":"","format":"standard","meta":{"inline_featured_image":false,"footnotes":""},"categories":[12],"tags":[8524,14833,14832,430,60],"class_list":["post-81386","post","type-post","status-publish","format-standard","has-post-thumbnail","hentry","category-vivienda","tag-confianza","tag-consumidor","tag-indice-de-confianza-del-consumidor","tag-inegi","tag-vivienda-2"],"yoast_head":"<!-- This site is optimized with the Yoast SEO plugin v28.4 - https:\/\/yoast.com\/product\/yoast-seo-wordpress\/ -->\n<title>Familias mexicanas ven mayor posibilidad de comprar vivienda<\/title>\n<meta name=\"description\" content=\"En octubre, el n\u00famero de familias con potencial para comprar una vivienda creci\u00f3 en relaci\u00f3n a lo observado en septiembre de 2018.\" \/>\n<meta name=\"robots\" content=\"index, follow, max-snippet:-1, max-image-preview:large, max-video-preview:-1\" \/>\n<link rel=\"canonical\" href=\"https:\/\/centrourbano.com\/revista\/vivienda\/vivienda-familias-posibilidad-comprar\/\" \/>\n<meta property=\"og:locale\" content=\"es_ES\" \/>\n<meta property=\"og:type\" content=\"article\" \/>\n<meta property=\"og:title\" content=\"Familias mexicanas ven mayor posibilidad de comprar vivienda\" \/>\n<meta property=\"og:description\" content=\"En octubre, el n\u00famero de familias con potencial para comprar una vivienda creci\u00f3 en relaci\u00f3n a lo observado en septiembre de 2018.\" \/>\n<meta property=\"og:url\" content=\"https:\/\/centrourbano.com\/revista\/vivienda\/vivienda-familias-posibilidad-comprar\/\" \/>\n<meta property=\"og:site_name\" content=\"Centro Urbano\" \/>\n<meta property=\"article:publisher\" content=\"https:\/\/www.facebook.com\/portalcentrourbano\" \/>\n<meta property=\"article:published_time\" content=\"2018-11-08T20:01:21+00:00\" \/>\n<meta property=\"article:modified_time\" content=\"2018-11-08T20:05:07+00:00\" \/>\n<meta property=\"og:image\" content=\"https:\/\/centrourbano.com\/revista\/wp-content\/uploads\/IMG_3091.jpg\" \/>\n\t<meta property=\"og:image:width\" content=\"1200\" \/>\n\t<meta property=\"og:image:height\" content=\"800\" \/>\n\t<meta property=\"og:image:type\" content=\"image\/jpeg\" \/>\n<meta name=\"author\" content=\"G4A\" \/>\n<meta name=\"twitter:card\" content=\"summary_large_image\" \/>\n<meta name=\"twitter:creator\" content=\"@CentroUrbano\" \/>\n<meta name=\"twitter:site\" content=\"@CentroUrbano\" \/>\n<meta name=\"twitter:label1\" content=\"Escrito por\" \/>\n\t<meta name=\"twitter:data1\" content=\"G4A\" \/>\n\t<meta name=\"twitter:label2\" content=\"Tiempo de lectura\" \/>\n\t<meta name=\"twitter:data2\" content=\"1 minuto\" \/>\n<script type=\"application\/ld+json\" class=\"yoast-schema-graph\">{\"@context\":\"https:\\\/\\\/schema.org\",\"@graph\":[{\"@type\":\"Article\",\"@id\":\"https:\\\/\\\/centrourbano.com\\\/revista\\\/vivienda\\\/vivienda-familias-posibilidad-comprar\\\/#article\",\"isPartOf\":{\"@id\":\"https:\\\/\\\/centrourbano.com\\\/revista\\\/vivienda\\\/vivienda-familias-posibilidad-comprar\\\/\"},\"author\":{\"name\":\"G4A\",\"@id\":\"https:\\\/\\\/centrourbano.com\\\/revista\\\/#\\\/schema\\\/person\\\/370fa0ba2d8dd5bde3fdb8b62ad360aa\"},\"headline\":\"Familias mexicanas ven mayor posibilidad de comprar vivienda\",\"datePublished\":\"2018-11-08T20:01:21+00:00\",\"dateModified\":\"2018-11-08T20:05:07+00:00\",\"mainEntityOfPage\":{\"@id\":\"https:\\\/\\\/centrourbano.com\\\/revista\\\/vivienda\\\/vivienda-familias-posibilidad-comprar\\\/\"},\"wordCount\":244,\"commentCount\":0,\"publisher\":{\"@id\":\"https:\\\/\\\/centrourbano.com\\\/revista\\\/#organization\"},\"image\":{\"@id\":\"https:\\\/\\\/centrourbano.com\\\/revista\\\/vivienda\\\/vivienda-familias-posibilidad-comprar\\\/#primaryimage\"},\"thumbnailUrl\":\"https:\\\/\\\/centrourbano.com\\\/revista\\\/wp-content\\\/uploads\\\/IMG_3091.jpg\",\"keywords\":[\"Confianza\",\"consumidor\",\"\u00cdndice de Confianza del Consumidor\",\"Inegi\",\"vivienda\"],\"articleSection\":[\"Vivienda\"],\"inLanguage\":\"es\"},{\"@type\":\"WebPage\",\"@id\":\"https:\\\/\\\/centrourbano.com\\\/revista\\\/vivienda\\\/vivienda-familias-posibilidad-comprar\\\/\",\"url\":\"https:\\\/\\\/centrourbano.com\\\/revista\\\/vivienda\\\/vivienda-familias-posibilidad-comprar\\\/\",\"name\":\"Familias mexicanas ven mayor posibilidad de comprar vivienda\",\"isPartOf\":{\"@id\":\"https:\\\/\\\/centrourbano.com\\\/revista\\\/#website\"},\"primaryImageOfPage\":{\"@id\":\"https:\\\/\\\/centrourbano.com\\\/revista\\\/vivienda\\\/vivienda-familias-posibilidad-comprar\\\/#primaryimage\"},\"image\":{\"@id\":\"https:\\\/\\\/centrourbano.com\\\/revista\\\/vivienda\\\/vivienda-familias-posibilidad-comprar\\\/#primaryimage\"},\"thumbnailUrl\":\"https:\\\/\\\/centrourbano.com\\\/revista\\\/wp-content\\\/uploads\\\/IMG_3091.jpg\",\"datePublished\":\"2018-11-08T20:01:21+00:00\",\"dateModified\":\"2018-11-08T20:05:07+00:00\",\"description\":\"En octubre, el n\u00famero de familias con potencial para comprar una vivienda creci\u00f3 en relaci\u00f3n a lo observado en septiembre de 2018.\",\"breadcrumb\":{\"@id\":\"https:\\\/\\\/centrourbano.com\\\/revista\\\/vivienda\\\/vivienda-familias-posibilidad-comprar\\\/#breadcrumb\"},\"inLanguage\":\"es\",\"potentialAction\":[{\"@type\":\"ReadAction\",\"target\":[\"https:\\\/\\\/centrourbano.com\\\/revista\\\/vivienda\\\/vivienda-familias-posibilidad-comprar\\\/\"]}]},{\"@type\":\"ImageObject\",\"inLanguage\":\"es\",\"@id\":\"https:\\\/\\\/centrourbano.com\\\/revista\\\/vivienda\\\/vivienda-familias-posibilidad-comprar\\\/#primaryimage\",\"url\":\"https:\\\/\\\/centrourbano.com\\\/revista\\\/wp-content\\\/uploads\\\/IMG_3091.jpg\",\"contentUrl\":\"https:\\\/\\\/centrourbano.com\\\/revista\\\/wp-content\\\/uploads\\\/IMG_3091.jpg\",\"width\":1200,\"height\":800,\"caption\":\"El gobierno s\u00f3lo subsidia viviendas que se encuentren en los per\u00edmetros de contenci\u00f3n y que tenga solucione sustentables: Robles Berlanga\"},{\"@type\":\"BreadcrumbList\",\"@id\":\"https:\\\/\\\/centrourbano.com\\\/revista\\\/vivienda\\\/vivienda-familias-posibilidad-comprar\\\/#breadcrumb\",\"itemListElement\":[{\"@type\":\"ListItem\",\"position\":1,\"name\":\"Portada\",\"item\":\"https:\\\/\\\/centrourbano.com\\\/revista\\\/\"},{\"@type\":\"ListItem\",\"position\":2,\"name\":\"Familias mexicanas ven mayor posibilidad de comprar vivienda\"}]},{\"@type\":\"WebSite\",\"@id\":\"https:\\\/\\\/centrourbano.com\\\/revista\\\/#website\",\"url\":\"https:\\\/\\\/centrourbano.com\\\/revista\\\/\",\"name\":\"Centro Urbano\",\"description\":\"Medio especializado en los sectores vivienda, inmobiliario, construcci\u00f3n, arquitectura y urbanismo.\",\"publisher\":{\"@id\":\"https:\\\/\\\/centrourbano.com\\\/revista\\\/#organization\"},\"potentialAction\":[{\"@type\":\"SearchAction\",\"target\":{\"@type\":\"EntryPoint\",\"urlTemplate\":\"https:\\\/\\\/centrourbano.com\\\/revista\\\/?s={search_term_string}\"},\"query-input\":{\"@type\":\"PropertyValueSpecification\",\"valueRequired\":true,\"valueName\":\"search_term_string\"}}],\"inLanguage\":\"es\"},{\"@type\":\"Organization\",\"@id\":\"https:\\\/\\\/centrourbano.com\\\/revista\\\/#organization\",\"name\":\"Centro Urbano\",\"url\":\"https:\\\/\\\/centrourbano.com\\\/revista\\\/\",\"logo\":{\"@type\":\"ImageObject\",\"inLanguage\":\"es\",\"@id\":\"https:\\\/\\\/centrourbano.com\\\/revista\\\/#\\\/schema\\\/logo\\\/image\\\/\",\"url\":\"https:\\\/\\\/centrourbano.com\\\/revista\\\/wp-content\\\/uploads\\\/web_CU_logo-1.png\",\"contentUrl\":\"https:\\\/\\\/centrourbano.com\\\/revista\\\/wp-content\\\/uploads\\\/web_CU_logo-1.png\",\"width\":350,\"height\":91,\"caption\":\"Centro Urbano\"},\"image\":{\"@id\":\"https:\\\/\\\/centrourbano.com\\\/revista\\\/#\\\/schema\\\/logo\\\/image\\\/\"},\"sameAs\":[\"https:\\\/\\\/www.facebook.com\\\/portalcentrourbano\",\"https:\\\/\\\/x.com\\\/CentroUrbano\",\"https:\\\/\\\/www.instagram.com\\\/centro_urbano\\\/\",\"https:\\\/\\\/www.linkedin.com\\\/company\\\/centro-urbano\\\/\",\"http:\\\/\\\/www.youtube.com\\\/user\\\/portalcentrourbano\"]},{\"@type\":\"Person\",\"@id\":\"https:\\\/\\\/centrourbano.com\\\/revista\\\/#\\\/schema\\\/person\\\/370fa0ba2d8dd5bde3fdb8b62ad360aa\",\"name\":\"G4A\",\"image\":{\"@type\":\"ImageObject\",\"inLanguage\":\"es\",\"@id\":\"https:\\\/\\\/secure.gravatar.com\\\/avatar\\\/932a97121b13d5de5bbd8193c6c83d3b92c9eda0f39623607d4280e7a5778d97?s=96&d=mm&r=g\",\"url\":\"https:\\\/\\\/secure.gravatar.com\\\/avatar\\\/932a97121b13d5de5bbd8193c6c83d3b92c9eda0f39623607d4280e7a5778d97?s=96&d=mm&r=g\",\"contentUrl\":\"https:\\\/\\\/secure.gravatar.com\\\/avatar\\\/932a97121b13d5de5bbd8193c6c83d3b92c9eda0f39623607d4280e7a5778d97?s=96&d=mm&r=g\",\"caption\":\"G4A\"},\"url\":\"https:\\\/\\\/centrourbano.com\\\/revista\\\/author\\\/admin-g4a\\\/\"}]}<\/script>\n<!-- \/ Yoast SEO plugin. -->","yoast_head_json":{"title":"Familias mexicanas ven mayor posibilidad de comprar vivienda","description":"En octubre, el n\u00famero de familias con potencial para comprar una vivienda creci\u00f3 en relaci\u00f3n a lo observado en septiembre de 2018.","robots":{"index":"index","follow":"follow","max-snippet":"max-snippet:-1","max-image-preview":"max-image-preview:large","max-video-preview":"max-video-preview:-1"},"canonical":"https:\/\/centrourbano.com\/revista\/vivienda\/vivienda-familias-posibilidad-comprar\/","og_locale":"es_ES","og_type":"article","og_title":"Familias mexicanas ven mayor posibilidad de comprar vivienda","og_description":"En octubre, el n\u00famero de familias con potencial para comprar una vivienda creci\u00f3 en relaci\u00f3n a lo observado en septiembre de 2018.","og_url":"https:\/\/centrourbano.com\/revista\/vivienda\/vivienda-familias-posibilidad-comprar\/","og_site_name":"Centro Urbano","article_publisher":"https:\/\/www.facebook.com\/portalcentrourbano","article_published_time":"2018-11-08T20:01:21+00:00","article_modified_time":"2018-11-08T20:05:07+00:00","og_image":[{"width":1200,"height":800,"url":"https:\/\/centrourbano.com\/revista\/wp-content\/uploads\/IMG_3091.jpg","type":"image\/jpeg"}],"author":"G4A","twitter_card":"summary_large_image","twitter_creator":"@CentroUrbano","twitter_site":"@CentroUrbano","twitter_misc":{"Escrito por":"G4A","Tiempo de lectura":"1 minuto"},"schema":{"@context":"https:\/\/schema.org","@graph":[{"@type":"Article","@id":"https:\/\/centrourbano.com\/revista\/vivienda\/vivienda-familias-posibilidad-comprar\/#article","isPartOf":{"@id":"https:\/\/centrourbano.com\/revista\/vivienda\/vivienda-familias-posibilidad-comprar\/"},"author":{"name":"G4A","@id":"https:\/\/centrourbano.com\/revista\/#\/schema\/person\/370fa0ba2d8dd5bde3fdb8b62ad360aa"},"headline":"Familias mexicanas ven mayor posibilidad de comprar vivienda","datePublished":"2018-11-08T20:01:21+00:00","dateModified":"2018-11-08T20:05:07+00:00","mainEntityOfPage":{"@id":"https:\/\/centrourbano.com\/revista\/vivienda\/vivienda-familias-posibilidad-comprar\/"},"wordCount":244,"commentCount":0,"publisher":{"@id":"https:\/\/centrourbano.com\/revista\/#organization"},"image":{"@id":"https:\/\/centrourbano.com\/revista\/vivienda\/vivienda-familias-posibilidad-comprar\/#primaryimage"},"thumbnailUrl":"https:\/\/centrourbano.com\/revista\/wp-content\/uploads\/IMG_3091.jpg","keywords":["Confianza","consumidor","\u00cdndice de Confianza del Consumidor","Inegi","vivienda"],"articleSection":["Vivienda"],"inLanguage":"es"},{"@type":"WebPage","@id":"https:\/\/centrourbano.com\/revista\/vivienda\/vivienda-familias-posibilidad-comprar\/","url":"https:\/\/centrourbano.com\/revista\/vivienda\/vivienda-familias-posibilidad-comprar\/","name":"Familias mexicanas ven mayor posibilidad de comprar vivienda","isPartOf":{"@id":"https:\/\/centrourbano.com\/revista\/#website"},"primaryImageOfPage":{"@id":"https:\/\/centrourbano.com\/revista\/vivienda\/vivienda-familias-posibilidad-comprar\/#primaryimage"},"image":{"@id":"https:\/\/centrourbano.com\/revista\/vivienda\/vivienda-familias-posibilidad-comprar\/#primaryimage"},"thumbnailUrl":"https:\/\/centrourbano.com\/revista\/wp-content\/uploads\/IMG_3091.jpg","datePublished":"2018-11-08T20:01:21+00:00","dateModified":"2018-11-08T20:05:07+00:00","description":"En octubre, el n\u00famero de familias con potencial para comprar una vivienda creci\u00f3 en relaci\u00f3n a lo observado en septiembre de 2018.","breadcrumb":{"@id":"https:\/\/centrourbano.com\/revista\/vivienda\/vivienda-familias-posibilidad-comprar\/#breadcrumb"},"inLanguage":"es","potentialAction":[{"@type":"ReadAction","target":["https:\/\/centrourbano.com\/revista\/vivienda\/vivienda-familias-posibilidad-comprar\/"]}]},{"@type":"ImageObject","inLanguage":"es","@id":"https:\/\/centrourbano.com\/revista\/vivienda\/vivienda-familias-posibilidad-comprar\/#primaryimage","url":"https:\/\/centrourbano.com\/revista\/wp-content\/uploads\/IMG_3091.jpg","contentUrl":"https:\/\/centrourbano.com\/revista\/wp-content\/uploads\/IMG_3091.jpg","width":1200,"height":800,"caption":"El gobierno s\u00f3lo subsidia viviendas que se encuentren en los per\u00edmetros de contenci\u00f3n y que tenga solucione sustentables: Robles Berlanga"},{"@type":"BreadcrumbList","@id":"https:\/\/centrourbano.com\/revista\/vivienda\/vivienda-familias-posibilidad-comprar\/#breadcrumb","itemListElement":[{"@type":"ListItem","position":1,"name":"Portada","item":"https:\/\/centrourbano.com\/revista\/"},{"@type":"ListItem","position":2,"name":"Familias mexicanas ven mayor posibilidad de comprar vivienda"}]},{"@type":"WebSite","@id":"https:\/\/centrourbano.com\/revista\/#website","url":"https:\/\/centrourbano.com\/revista\/","name":"Centro Urbano","description":"Medio especializado en los sectores vivienda, inmobiliario, construcci\u00f3n, arquitectura y urbanismo.","publisher":{"@id":"https:\/\/centrourbano.com\/revista\/#organization"},"potentialAction":[{"@type":"SearchAction","target":{"@type":"EntryPoint","urlTemplate":"https:\/\/centrourbano.com\/revista\/?s={search_term_string}"},"query-input":{"@type":"PropertyValueSpecification","valueRequired":true,"valueName":"search_term_string"}}],"inLanguage":"es"},{"@type":"Organization","@id":"https:\/\/centrourbano.com\/revista\/#organization","name":"Centro Urbano","url":"https:\/\/centrourbano.com\/revista\/","logo":{"@type":"ImageObject","inLanguage":"es","@id":"https:\/\/centrourbano.com\/revista\/#\/schema\/logo\/image\/","url":"https:\/\/centrourbano.com\/revista\/wp-content\/uploads\/web_CU_logo-1.png","contentUrl":"https:\/\/centrourbano.com\/revista\/wp-content\/uploads\/web_CU_logo-1.png","width":350,"height":91,"caption":"Centro Urbano"},"image":{"@id":"https:\/\/centrourbano.com\/revista\/#\/schema\/logo\/image\/"},"sameAs":["https:\/\/www.facebook.com\/portalcentrourbano","https:\/\/x.com\/CentroUrbano","https:\/\/www.instagram.com\/centro_urbano\/","https:\/\/www.linkedin.com\/company\/centro-urbano\/","http:\/\/www.youtube.com\/user\/portalcentrourbano"]},{"@type":"Person","@id":"https:\/\/centrourbano.com\/revista\/#\/schema\/person\/370fa0ba2d8dd5bde3fdb8b62ad360aa","name":"G4A","image":{"@type":"ImageObject","inLanguage":"es","@id":"https:\/\/secure.gravatar.com\/avatar\/932a97121b13d5de5bbd8193c6c83d3b92c9eda0f39623607d4280e7a5778d97?s=96&d=mm&r=g","url":"https:\/\/secure.gravatar.com\/avatar\/932a97121b13d5de5bbd8193c6c83d3b92c9eda0f39623607d4280e7a5778d97?s=96&d=mm&r=g","contentUrl":"https:\/\/secure.gravatar.com\/avatar\/932a97121b13d5de5bbd8193c6c83d3b92c9eda0f39623607d4280e7a5778d97?s=96&d=mm&r=g","caption":"G4A"},"url":"https:\/\/centrourbano.com\/revista\/author\/admin-g4a\/"}]}},"_links":{"self":[{"href":"https:\/\/centrourbano.com\/revista\/wp-json\/wp\/v2\/posts\/81386","targetHints":{"allow":["GET"]}}],"collection":[{"href":"https:\/\/centrourbano.com\/revista\/wp-json\/wp\/v2\/posts"}],"about":[{"href":"https:\/\/centrourbano.com\/revista\/wp-json\/wp\/v2\/types\/post"}],"author":[{"embeddable":true,"href":"https:\/\/centrourbano.com\/revista\/wp-json\/wp\/v2\/users\/77"}],"replies":[{"embeddable":true,"href":"https:\/\/centrourbano.com\/revista\/wp-json\/wp\/v2\/comments?post=81386"}],"version-history":[{"count":4,"href":"https:\/\/centrourbano.com\/revista\/wp-json\/wp\/v2\/posts\/81386\/revisions"}],"predecessor-version":[{"id":81393,"href":"https:\/\/centrourbano.com\/revista\/wp-json\/wp\/v2\/posts\/81386\/revisions\/81393"}],"wp:featuredmedia":[{"embeddable":true,"href":"https:\/\/centrourbano.com\/revista\/wp-json\/wp\/v2\/media\/43705"}],"wp:attachment":[{"href":"https:\/\/centrourbano.com\/revista\/wp-json\/wp\/v2\/media?parent=81386"}],"wp:term":[{"taxonomy":"category","embeddable":true,"href":"https:\/\/centrourbano.com\/revista\/wp-json\/wp\/v2\/categories?post=81386"},{"taxonomy":"post_tag","embeddable":true,"href":"https:\/\/centrourbano.com\/revista\/wp-json\/wp\/v2\/tags?post=81386"}],"curies":[{"name":"wp","href":"https:\/\/api.w.org\/{rel}","templated":true}]}}