{"id":8136,"date":"2014-07-01T09:30:43","date_gmt":"2014-07-01T14:30:43","guid":{"rendered":"http:\/\/centrourbano.com\/?p=8136"},"modified":"2014-06-30T17:05:32","modified_gmt":"2014-06-30T22:05:32","slug":"el-infonavit-vive-su-mejor-momento-sebastian-fernandez","status":"publish","type":"post","link":"https:\/\/centrourbano.com\/revista\/entrevistas\/el-infonavit-vive-su-mejor-momento-sebastian-fernandez\/","title":{"rendered":"El Infonavit vive su mejor momento: Sebasti\u00e1n Fern\u00e1ndez"},"content":{"rendered":"<p>&nbsp;<\/p>\n<p><em>Con la llegada de las reformas, el Director Sectorial Empresarial del Infonavit espera que el Instituto asuma un rol m\u00e1s importante en la econom\u00eda de M\u00e9xico<\/em><!--more--><\/p>\n<p>Sebasti\u00e1n Fern\u00e1ndez, director Sectorial Empresarial del Infonavit, fungi\u00f3 como anfitri\u00f3n durante la realizaci\u00f3n de la Reuni\u00f3n Nacional del Sector Empresarial, y con un semblante relajado, tanto por estar disfrutando del clima Acapulco, como por el momento \u201chist\u00f3rico\u201d que vive el Instituto del Fondo Nacional de la Vivienda para los Trabajadores, explic\u00f3 en entrevista el rol importante que \u00e9ste asume en la econom\u00eda mexicana.<\/p>\n<p>\u201cEl Infonavit vive su mejor momento en la relaci\u00f3n que hay entre los actores, particularmente me refiero al sector gobierno, al sector obrero y sector empresarial. El Instituto ha tenido tres momentos hist\u00f3ricos: cuando se fund\u00f3, cuando se reform\u00f3 la ley en 1992 y se comenz\u00f3 a participar en el sector pensionario, y yo creo que este es el tercero. Es cuando entran en vigor una serie de reformas, particularmente la de seguridad social y el seguro de desempleo\u201d.<\/p>\n<p>Con un pa\u00eds que est\u00e1 en proceso de cambio, ve una oportunidad \u00fanica \u201cde asumir un rol m\u00e1s frontal en el tema pensionario y en el hipotecario y puede ser un eslab\u00f3n muy importante, no s\u00f3lo para el desarrollo econ\u00f3mico del pa\u00eds, sino tambi\u00e9n para ayudar en el proceso de formaci\u00f3n de la econom\u00eda\u201d, dijo.<\/p>\n<p>Retos hay muchos para el Infonavit, pero Fern\u00e1ndez Cortina tiene en mente resolver la informalidad, mantener finanzas sanas, que haya viviendas de calidad y adaptarse a las nuevas reformas.<\/p>\n<p>\u201cVe\u00edamos que el 60 por ciento de la econom\u00eda est\u00e1 en la informalidad y yo creo que ese es el gran reto, contribuir para formalizar la informalidad en t\u00e9rminos del empleo\u201d.<\/p>\n<p>Agreg\u00f3 que \u201cel encontrar un sano balance entre otorgar cr\u00e9dito para vivienda con un car\u00e1cter social, pero que las finanzas del instituto no se vean muy afectadas; ver los instrumentos que hay que poner en marcha para que las viviendas que estamos financiando conserven su valor con el tiempo y tenemos que ver el futuro en t\u00e9rmino de c\u00f3mo vamos a funcionar como entidad de administraci\u00f3n de fondos, bajo la presencia de una nueva reforma\u201d.<\/p>\n<p>&nbsp;<\/p>\n<p><strong>Existir\u00e1 una recuperaci\u00f3n <\/strong><\/p>\n<p>Como dentro de cada reuni\u00f3n, siempre existe una retroalimentaci\u00f3n y existieron ciertos momentos de presi\u00f3n por parte de los empresarios, al vivir un momento de crisis en el sector.<\/p>\n<p>\u201cHay que entender cuando un pa\u00eds en materia econ\u00f3mica crece a un ritmo y de repente por ciertas circunstancias disminuye. Yo creo que se afectan ciertos sectores, el de la vivienda es uno de ellos.\u00a0No hay que espantarnos, yo creo que hay que entender el ciclo en el que estamos ahorita y buscar las soluciones. La necesidad de vivienda que tiene el pa\u00eds va a seguir, pero lo que es muy importante y es una tarea que nos tiene que ocupar a todos, es que el tren de vivienda no se detenga\u201d, enfatiz\u00f3.<\/p>\n<p>Si hay algo que entusiasma al director sectorial empresarial del Infonavit son las nuevas reformas, las cuales ayudar\u00e1n a la econom\u00eda y por ende, al sector vivienda.<\/p>\n<p>\u201cEl sector empresarial tiene sus preocupaciones por la actividad econ\u00f3mica del pa\u00eds en t\u00e9rminos generales y estamos \u00e1vidos de que la recuperaci\u00f3n econ\u00f3mica de este pa\u00eds llegue; nos entusiasman las reformas, particularmente la energ\u00e9tica, que va a permitir hacernos m\u00e1s competitivos, pero el gran tema es la reactivaci\u00f3n econ\u00f3mica, esta tiene un impacto muy directo en el tema de la vivienda. Entonces, nos ocupa que el tren de vivienda tome un ritmo m\u00e1s favorecedor, que los mexicanos se favorezcan de un cr\u00e9dito, que generen patrimonio; que se haga este c\u00edrculo virtuoso de la generaci\u00f3n de valor\u201d.<\/p>\n<p>\u201cHay preocupaci\u00f3n, pero al mismo tiempo hay una expectativa alta y un deseo grande de que las cosas van a estar mejor y se va a ir reactivando la entrega de cr\u00e9ditos poco a poco; hay se\u00f1ales de que eso va mejorando, ya que ha ido aumentando los \u00edndices de registro de oferta en el RUV (Registro \u00danico de Vivienda) y creo que en el segundo semestre ser\u00e1 mejor que el otro\u201d.<\/p>\n<p>Eso s\u00ed, acept\u00f3 que se no pueden confiar en las reformas, ya que estos cambios ser\u00e1n poco a poco y los resultados tardar\u00e1n en llegar, pero de qu\u00e9 seguir\u00e1 la necesidad de vivienda, no hay duda alguna.<\/p>\n<p>\u201cTenemos que ser cuidadosos con las expectativas, los cambios no son inmediatos y se ver\u00e1n en el mediano y largo plazo. No tenemos que asustarnos en la disminuci\u00f3n de la colocaci\u00f3n del cr\u00e9dito m\u00e1s de lo que tenemos que porque en todo hay ciclos y estamos en uno lento, pero la demanda de vivienda ser\u00e1 importante por los pr\u00f3ximos 30 a\u00f1os\u201d.<\/p>\n<p>Las conclusiones son positivas tras la Reuni\u00f3n Nacional del Sector Empresarial, edici\u00f3n que \u201cha tenido la participaci\u00f3n m\u00e1s nutrida en personas\u201d y en donde \u201cse han realizado una gran cantidad de reflexiones muy importantes que tienen que ver con la actividad econ\u00f3mica, como se refleja en el sector de la vivienda. En t\u00e9rminos generales el \u00e1nimo de esta reuni\u00f3n es un bueno, de optimismo y de ponernos a trabajar para construir mejores oportunidades\u201d, concluy\u00f3.<\/p>\n","protected":false},"excerpt":{"rendered":"<p>&nbsp; Con la llegada de las reformas, el Director Sectorial Empresarial del Infonavit espera que el Instituto asuma un rol m\u00e1s importante en la econom\u00eda de M\u00e9xico<\/p>\n","protected":false},"author":18,"featured_media":0,"comment_status":"open","ping_status":"closed","sticky":false,"template":"","format":"standard","meta":{"om_disable_all_campaigns":false,"inline_featured_image":false,"_monsterinsights_skip_tracking":false,"_monsterinsights_sitenote_active":false,"_monsterinsights_sitenote_note":"","_monsterinsights_sitenote_category":0,"footnotes":""},"categories":[13],"tags":[1013,100,1815,1858],"class_list":["post-8136","post","type-post","status-publish","format-standard","hentry","category-entrevistas","tag-acapulco","tag-infonavit","tag-reunion-nacional-del-sector-empresarial","tag-sebastian-fernandez"],"yoast_head":"<!-- This site is optimized with the Yoast SEO plugin v27.4 - https:\/\/yoast.com\/product\/yoast-seo-wordpress\/ -->\n<title>El Infonavit vive su mejor momento: Sebasti\u00e1n Fern\u00e1ndez  -<\/title>\n<meta name=\"description\" content=\"&nbsp; Con la llegada de las reformas, el Director Sectorial Empresarial del Infonavit espera que el Instituto asuma un rol m\u00e1s importante en la econom\u00eda\" \/>\n<meta name=\"robots\" content=\"index, follow, max-snippet:-1, max-image-preview:large, max-video-preview:-1\" \/>\n<link rel=\"canonical\" href=\"https:\/\/centrourbano.com\/revista\/entrevistas\/el-infonavit-vive-su-mejor-momento-sebastian-fernandez\/\" \/>\n<meta property=\"og:locale\" content=\"es_ES\" \/>\n<meta property=\"og:type\" content=\"article\" \/>\n<meta property=\"og:title\" content=\"El Infonavit vive su mejor momento: Sebasti\u00e1n Fern\u00e1ndez  -\" \/>\n<meta property=\"og:description\" content=\"&nbsp; Con la llegada de las reformas, el Director Sectorial Empresarial del Infonavit espera que el Instituto asuma un rol m\u00e1s importante en la econom\u00eda\" \/>\n<meta property=\"og:url\" content=\"https:\/\/centrourbano.com\/revista\/entrevistas\/el-infonavit-vive-su-mejor-momento-sebastian-fernandez\/\" \/>\n<meta property=\"og:site_name\" content=\"Centro Urbano\" \/>\n<meta property=\"article:publisher\" content=\"https:\/\/www.facebook.com\/portalcentrourbano\" \/>\n<meta property=\"article:published_time\" content=\"2014-07-01T14:30:43+00:00\" \/>\n<meta property=\"og:image\" content=\"https:\/\/centrourbano.com\/revista\/wp-content\/uploads\/CU-logo.png\" \/>\n\t<meta property=\"og:image:width\" content=\"350\" \/>\n\t<meta property=\"og:image:height\" content=\"91\" \/>\n\t<meta property=\"og:image:type\" content=\"image\/png\" \/>\n<meta name=\"author\" content=\"Carlos Garc\u00eda\" \/>\n<meta name=\"twitter:card\" content=\"summary_large_image\" \/>\n<meta name=\"twitter:creator\" content=\"@CentroUrbano\" \/>\n<meta name=\"twitter:site\" content=\"@CentroUrbano\" \/>\n<meta name=\"twitter:label1\" content=\"Escrito por\" \/>\n\t<meta name=\"twitter:data1\" content=\"Carlos Garc\u00eda\" \/>\n\t<meta name=\"twitter:label2\" content=\"Tiempo de lectura\" \/>\n\t<meta name=\"twitter:data2\" content=\"5 minutos\" \/>\n<script type=\"application\/ld+json\" class=\"yoast-schema-graph\">{\"@context\":\"https:\\\/\\\/schema.org\",\"@graph\":[{\"@type\":\"Article\",\"@id\":\"https:\\\/\\\/centrourbano.com\\\/revista\\\/entrevistas\\\/el-infonavit-vive-su-mejor-momento-sebastian-fernandez\\\/#article\",\"isPartOf\":{\"@id\":\"https:\\\/\\\/centrourbano.com\\\/revista\\\/entrevistas\\\/el-infonavit-vive-su-mejor-momento-sebastian-fernandez\\\/\"},\"author\":{\"name\":\"Carlos Garc\u00eda\",\"@id\":\"https:\\\/\\\/centrourbano.com\\\/revista\\\/#\\\/schema\\\/person\\\/15622a07e4c485a93b48c9ff1145007c\"},\"headline\":\"El Infonavit vive su mejor momento: Sebasti\u00e1n Fern\u00e1ndez\",\"datePublished\":\"2014-07-01T14:30:43+00:00\",\"mainEntityOfPage\":{\"@id\":\"https:\\\/\\\/centrourbano.com\\\/revista\\\/entrevistas\\\/el-infonavit-vive-su-mejor-momento-sebastian-fernandez\\\/\"},\"wordCount\":932,\"commentCount\":0,\"publisher\":{\"@id\":\"https:\\\/\\\/centrourbano.com\\\/revista\\\/#organization\"},\"keywords\":[\"Acapulco\",\"Infonavit\",\"Reuni\u00f3n Nacional del Sector Empresarial\",\"Sebastian Fernandez\"],\"articleSection\":[\"Entrevistas\"],\"inLanguage\":\"es\",\"potentialAction\":[{\"@type\":\"CommentAction\",\"name\":\"Comment\",\"target\":[\"https:\\\/\\\/centrourbano.com\\\/revista\\\/entrevistas\\\/el-infonavit-vive-su-mejor-momento-sebastian-fernandez\\\/#respond\"]}]},{\"@type\":\"WebPage\",\"@id\":\"https:\\\/\\\/centrourbano.com\\\/revista\\\/entrevistas\\\/el-infonavit-vive-su-mejor-momento-sebastian-fernandez\\\/\",\"url\":\"https:\\\/\\\/centrourbano.com\\\/revista\\\/entrevistas\\\/el-infonavit-vive-su-mejor-momento-sebastian-fernandez\\\/\",\"name\":\"El Infonavit vive su mejor momento: Sebasti\u00e1n Fern\u00e1ndez -\",\"isPartOf\":{\"@id\":\"https:\\\/\\\/centrourbano.com\\\/revista\\\/#website\"},\"datePublished\":\"2014-07-01T14:30:43+00:00\",\"description\":\"&nbsp; Con la llegada de las reformas, el Director Sectorial Empresarial del Infonavit espera que el Instituto asuma un rol m\u00e1s importante en la econom\u00eda\",\"breadcrumb\":{\"@id\":\"https:\\\/\\\/centrourbano.com\\\/revista\\\/entrevistas\\\/el-infonavit-vive-su-mejor-momento-sebastian-fernandez\\\/#breadcrumb\"},\"inLanguage\":\"es\",\"potentialAction\":[{\"@type\":\"ReadAction\",\"target\":[\"https:\\\/\\\/centrourbano.com\\\/revista\\\/entrevistas\\\/el-infonavit-vive-su-mejor-momento-sebastian-fernandez\\\/\"]}]},{\"@type\":\"BreadcrumbList\",\"@id\":\"https:\\\/\\\/centrourbano.com\\\/revista\\\/entrevistas\\\/el-infonavit-vive-su-mejor-momento-sebastian-fernandez\\\/#breadcrumb\",\"itemListElement\":[{\"@type\":\"ListItem\",\"position\":1,\"name\":\"Portada\",\"item\":\"https:\\\/\\\/centrourbano.com\\\/revista\\\/\"},{\"@type\":\"ListItem\",\"position\":2,\"name\":\"El Infonavit vive su mejor momento: Sebasti\u00e1n Fern\u00e1ndez\"}]},{\"@type\":\"WebSite\",\"@id\":\"https:\\\/\\\/centrourbano.com\\\/revista\\\/#website\",\"url\":\"https:\\\/\\\/centrourbano.com\\\/revista\\\/\",\"name\":\"Centro Urbano\",\"description\":\"Medio especializado en los sectores vivienda, inmobiliario, construcci\u00f3n, arquitectura y urbanismo.\",\"publisher\":{\"@id\":\"https:\\\/\\\/centrourbano.com\\\/revista\\\/#organization\"},\"potentialAction\":[{\"@type\":\"SearchAction\",\"target\":{\"@type\":\"EntryPoint\",\"urlTemplate\":\"https:\\\/\\\/centrourbano.com\\\/revista\\\/?s={search_term_string}\"},\"query-input\":{\"@type\":\"PropertyValueSpecification\",\"valueRequired\":true,\"valueName\":\"search_term_string\"}}],\"inLanguage\":\"es\"},{\"@type\":\"Organization\",\"@id\":\"https:\\\/\\\/centrourbano.com\\\/revista\\\/#organization\",\"name\":\"Centro Urbano\",\"url\":\"https:\\\/\\\/centrourbano.com\\\/revista\\\/\",\"logo\":{\"@type\":\"ImageObject\",\"inLanguage\":\"es\",\"@id\":\"https:\\\/\\\/centrourbano.com\\\/revista\\\/#\\\/schema\\\/logo\\\/image\\\/\",\"url\":\"https:\\\/\\\/centrourbano.com\\\/revista\\\/wp-content\\\/uploads\\\/web_CU_logo-1.png\",\"contentUrl\":\"https:\\\/\\\/centrourbano.com\\\/revista\\\/wp-content\\\/uploads\\\/web_CU_logo-1.png\",\"width\":350,\"height\":91,\"caption\":\"Centro Urbano\"},\"image\":{\"@id\":\"https:\\\/\\\/centrourbano.com\\\/revista\\\/#\\\/schema\\\/logo\\\/image\\\/\"},\"sameAs\":[\"https:\\\/\\\/www.facebook.com\\\/portalcentrourbano\",\"https:\\\/\\\/x.com\\\/CentroUrbano\",\"https:\\\/\\\/www.instagram.com\\\/centro_urbano\\\/\",\"https:\\\/\\\/www.linkedin.com\\\/company\\\/centro-urbano\\\/\",\"http:\\\/\\\/www.youtube.com\\\/user\\\/portalcentrourbano\"]},{\"@type\":\"Person\",\"@id\":\"https:\\\/\\\/centrourbano.com\\\/revista\\\/#\\\/schema\\\/person\\\/15622a07e4c485a93b48c9ff1145007c\",\"name\":\"Carlos Garc\u00eda\",\"image\":{\"@type\":\"ImageObject\",\"inLanguage\":\"es\",\"@id\":\"https:\\\/\\\/secure.gravatar.com\\\/avatar\\\/ad33530f6be00b0762054ba3ddee6e4b9824204d9c8315794c64a7f5841e5add?s=96&d=mm&r=g\",\"url\":\"https:\\\/\\\/secure.gravatar.com\\\/avatar\\\/ad33530f6be00b0762054ba3ddee6e4b9824204d9c8315794c64a7f5841e5add?s=96&d=mm&r=g\",\"contentUrl\":\"https:\\\/\\\/secure.gravatar.com\\\/avatar\\\/ad33530f6be00b0762054ba3ddee6e4b9824204d9c8315794c64a7f5841e5add?s=96&d=mm&r=g\",\"caption\":\"Carlos Garc\u00eda\"},\"description\":\"Egresado de la carrera de Ciencias de la Comunicaci\u00f3n con diplomado de Periodismo Deportivo. Se ha desempe\u00f1ado como reportero y redactor de deportes, como en otras \u00e1reas. Actualmente trabaja en Centro Urbano. Amante del cine, los Beatles, futbol, lucha libre y los viajes.\",\"url\":\"https:\\\/\\\/centrourbano.com\\\/revista\\\/author\\\/carlos-garcia\\\/\"}]}<\/script>\n<!-- \/ Yoast SEO plugin. -->","yoast_head_json":{"title":"El Infonavit vive su mejor momento: Sebasti\u00e1n Fern\u00e1ndez  -","description":"&nbsp; Con la llegada de las reformas, el Director Sectorial Empresarial del Infonavit espera que el Instituto asuma un rol m\u00e1s importante en la econom\u00eda","robots":{"index":"index","follow":"follow","max-snippet":"max-snippet:-1","max-image-preview":"max-image-preview:large","max-video-preview":"max-video-preview:-1"},"canonical":"https:\/\/centrourbano.com\/revista\/entrevistas\/el-infonavit-vive-su-mejor-momento-sebastian-fernandez\/","og_locale":"es_ES","og_type":"article","og_title":"El Infonavit vive su mejor momento: Sebasti\u00e1n Fern\u00e1ndez  -","og_description":"&nbsp; Con la llegada de las reformas, el Director Sectorial Empresarial del Infonavit espera que el Instituto asuma un rol m\u00e1s importante en la econom\u00eda","og_url":"https:\/\/centrourbano.com\/revista\/entrevistas\/el-infonavit-vive-su-mejor-momento-sebastian-fernandez\/","og_site_name":"Centro Urbano","article_publisher":"https:\/\/www.facebook.com\/portalcentrourbano","article_published_time":"2014-07-01T14:30:43+00:00","og_image":[{"width":350,"height":91,"url":"https:\/\/centrourbano.com\/revista\/wp-content\/uploads\/CU-logo.png","type":"image\/png"}],"author":"Carlos Garc\u00eda","twitter_card":"summary_large_image","twitter_creator":"@CentroUrbano","twitter_site":"@CentroUrbano","twitter_misc":{"Escrito por":"Carlos Garc\u00eda","Tiempo de lectura":"5 minutos"},"schema":{"@context":"https:\/\/schema.org","@graph":[{"@type":"Article","@id":"https:\/\/centrourbano.com\/revista\/entrevistas\/el-infonavit-vive-su-mejor-momento-sebastian-fernandez\/#article","isPartOf":{"@id":"https:\/\/centrourbano.com\/revista\/entrevistas\/el-infonavit-vive-su-mejor-momento-sebastian-fernandez\/"},"author":{"name":"Carlos Garc\u00eda","@id":"https:\/\/centrourbano.com\/revista\/#\/schema\/person\/15622a07e4c485a93b48c9ff1145007c"},"headline":"El Infonavit vive su mejor momento: Sebasti\u00e1n Fern\u00e1ndez","datePublished":"2014-07-01T14:30:43+00:00","mainEntityOfPage":{"@id":"https:\/\/centrourbano.com\/revista\/entrevistas\/el-infonavit-vive-su-mejor-momento-sebastian-fernandez\/"},"wordCount":932,"commentCount":0,"publisher":{"@id":"https:\/\/centrourbano.com\/revista\/#organization"},"keywords":["Acapulco","Infonavit","Reuni\u00f3n Nacional del Sector Empresarial","Sebastian Fernandez"],"articleSection":["Entrevistas"],"inLanguage":"es","potentialAction":[{"@type":"CommentAction","name":"Comment","target":["https:\/\/centrourbano.com\/revista\/entrevistas\/el-infonavit-vive-su-mejor-momento-sebastian-fernandez\/#respond"]}]},{"@type":"WebPage","@id":"https:\/\/centrourbano.com\/revista\/entrevistas\/el-infonavit-vive-su-mejor-momento-sebastian-fernandez\/","url":"https:\/\/centrourbano.com\/revista\/entrevistas\/el-infonavit-vive-su-mejor-momento-sebastian-fernandez\/","name":"El Infonavit vive su mejor momento: Sebasti\u00e1n Fern\u00e1ndez -","isPartOf":{"@id":"https:\/\/centrourbano.com\/revista\/#website"},"datePublished":"2014-07-01T14:30:43+00:00","description":"&nbsp; Con la llegada de las reformas, el Director Sectorial Empresarial del Infonavit espera que el Instituto asuma un rol m\u00e1s importante en la econom\u00eda","breadcrumb":{"@id":"https:\/\/centrourbano.com\/revista\/entrevistas\/el-infonavit-vive-su-mejor-momento-sebastian-fernandez\/#breadcrumb"},"inLanguage":"es","potentialAction":[{"@type":"ReadAction","target":["https:\/\/centrourbano.com\/revista\/entrevistas\/el-infonavit-vive-su-mejor-momento-sebastian-fernandez\/"]}]},{"@type":"BreadcrumbList","@id":"https:\/\/centrourbano.com\/revista\/entrevistas\/el-infonavit-vive-su-mejor-momento-sebastian-fernandez\/#breadcrumb","itemListElement":[{"@type":"ListItem","position":1,"name":"Portada","item":"https:\/\/centrourbano.com\/revista\/"},{"@type":"ListItem","position":2,"name":"El Infonavit vive su mejor momento: Sebasti\u00e1n Fern\u00e1ndez"}]},{"@type":"WebSite","@id":"https:\/\/centrourbano.com\/revista\/#website","url":"https:\/\/centrourbano.com\/revista\/","name":"Centro Urbano","description":"Medio especializado en los sectores vivienda, inmobiliario, construcci\u00f3n, arquitectura y urbanismo.","publisher":{"@id":"https:\/\/centrourbano.com\/revista\/#organization"},"potentialAction":[{"@type":"SearchAction","target":{"@type":"EntryPoint","urlTemplate":"https:\/\/centrourbano.com\/revista\/?s={search_term_string}"},"query-input":{"@type":"PropertyValueSpecification","valueRequired":true,"valueName":"search_term_string"}}],"inLanguage":"es"},{"@type":"Organization","@id":"https:\/\/centrourbano.com\/revista\/#organization","name":"Centro Urbano","url":"https:\/\/centrourbano.com\/revista\/","logo":{"@type":"ImageObject","inLanguage":"es","@id":"https:\/\/centrourbano.com\/revista\/#\/schema\/logo\/image\/","url":"https:\/\/centrourbano.com\/revista\/wp-content\/uploads\/web_CU_logo-1.png","contentUrl":"https:\/\/centrourbano.com\/revista\/wp-content\/uploads\/web_CU_logo-1.png","width":350,"height":91,"caption":"Centro Urbano"},"image":{"@id":"https:\/\/centrourbano.com\/revista\/#\/schema\/logo\/image\/"},"sameAs":["https:\/\/www.facebook.com\/portalcentrourbano","https:\/\/x.com\/CentroUrbano","https:\/\/www.instagram.com\/centro_urbano\/","https:\/\/www.linkedin.com\/company\/centro-urbano\/","http:\/\/www.youtube.com\/user\/portalcentrourbano"]},{"@type":"Person","@id":"https:\/\/centrourbano.com\/revista\/#\/schema\/person\/15622a07e4c485a93b48c9ff1145007c","name":"Carlos Garc\u00eda","image":{"@type":"ImageObject","inLanguage":"es","@id":"https:\/\/secure.gravatar.com\/avatar\/ad33530f6be00b0762054ba3ddee6e4b9824204d9c8315794c64a7f5841e5add?s=96&d=mm&r=g","url":"https:\/\/secure.gravatar.com\/avatar\/ad33530f6be00b0762054ba3ddee6e4b9824204d9c8315794c64a7f5841e5add?s=96&d=mm&r=g","contentUrl":"https:\/\/secure.gravatar.com\/avatar\/ad33530f6be00b0762054ba3ddee6e4b9824204d9c8315794c64a7f5841e5add?s=96&d=mm&r=g","caption":"Carlos Garc\u00eda"},"description":"Egresado de la carrera de Ciencias de la Comunicaci\u00f3n con diplomado de Periodismo Deportivo. Se ha desempe\u00f1ado como reportero y redactor de deportes, como en otras \u00e1reas. Actualmente trabaja en Centro Urbano. Amante del cine, los Beatles, futbol, lucha libre y los viajes.","url":"https:\/\/centrourbano.com\/revista\/author\/carlos-garcia\/"}]}},"_links":{"self":[{"href":"https:\/\/centrourbano.com\/revista\/wp-json\/wp\/v2\/posts\/8136","targetHints":{"allow":["GET"]}}],"collection":[{"href":"https:\/\/centrourbano.com\/revista\/wp-json\/wp\/v2\/posts"}],"about":[{"href":"https:\/\/centrourbano.com\/revista\/wp-json\/wp\/v2\/types\/post"}],"author":[{"embeddable":true,"href":"https:\/\/centrourbano.com\/revista\/wp-json\/wp\/v2\/users\/18"}],"replies":[{"embeddable":true,"href":"https:\/\/centrourbano.com\/revista\/wp-json\/wp\/v2\/comments?post=8136"}],"version-history":[{"count":0,"href":"https:\/\/centrourbano.com\/revista\/wp-json\/wp\/v2\/posts\/8136\/revisions"}],"wp:attachment":[{"href":"https:\/\/centrourbano.com\/revista\/wp-json\/wp\/v2\/media?parent=8136"}],"wp:term":[{"taxonomy":"category","embeddable":true,"href":"https:\/\/centrourbano.com\/revista\/wp-json\/wp\/v2\/categories?post=8136"},{"taxonomy":"post_tag","embeddable":true,"href":"https:\/\/centrourbano.com\/revista\/wp-json\/wp\/v2\/tags?post=8136"}],"curies":[{"name":"wp","href":"https:\/\/api.w.org\/{rel}","templated":true}]}}