{"id":81330,"date":"2018-11-07T18:57:30","date_gmt":"2018-11-08T00:57:30","guid":{"rendered":"https:\/\/centrourbano.com\/?p=81330"},"modified":"2018-11-07T18:57:30","modified_gmt":"2018-11-08T00:57:30","slug":"inicio-sexenio-abre-nichos-oportunidad-la-industria","status":"publish","type":"post","link":"https:\/\/centrourbano.com\/revista\/publicaciones\/revista-vivienda\/inicio-sexenio-abre-nichos-oportunidad-la-industria\/","title":{"rendered":"Inicio de sexenio abre nichos de oportunidad para la industria"},"content":{"rendered":"<p><em>Mejorar subsidio e impulsar la vivienda social son algunos de los ejes que deber\u00e1n estar al centro de la agenda en la pr\u00f3xima administraci\u00f3n<\/em><!--more--><\/p>\n<p>Para el pr\u00f3ximo sexenio, vemos grandes nichos de oportunidad para la industria, y uno de los puntos favorables es que hemos encontrado apertura, sinergia y similitudes con la visi\u00f3n que trae el equipo del nuevo gobierno, asegur\u00f3 Carlos Medina Rodr\u00edguez, presidente de la C\u00e1mara Nacional de la Industria de Desarrollo y Promoci\u00f3n de la Vivienda (Canadevi). <\/p>\n<p>En entrevista, en el marco del inicio de actividades de la nueva administraci\u00f3n federal, el representante de los desarrolladores destac\u00f3 que Canadevi ha mantenido un dialogo cercano con el equipo de Rom\u00e1n Meyer, quien encabezar\u00e1 a la Secretar\u00eda de Desarrollo Agrario, Territorial y Urbano (Sedatu). Indic\u00f3 que, en este contexto, la C\u00e1mara que representa ha aportado ideas y visiones de los principales retos y oportunidades que se vislumbran en el sector, todo con la mira de no detener el tren de la vivienda y, por el contrario, aumentar su velocidad desde el d\u00eda cero del nuevo gobierno. <\/p>\n<p>\u201cHemos tenido comunicaci\u00f3n constante. Vemos mucha sinergia, muchas similitudes en ideas con quienes atender\u00e1n el tema de vivienda. Vemos tambi\u00e9n muchos nichos de oportunidad. Como C\u00e1mara traemos muchas propuestas, muchas ideas, que buscamos se alineen con la nueva pol\u00edtica\u201d, apunt\u00f3. <\/p>\n<p>Lee el texto completo <a href=\"https:\/\/centrourbano.com\/2018\/11\/07\/revista-vivienda-noviembre-diciembre-2018\/\" rel=\"noopener\" target=\"_blank\">aqu\u00ed<\/a>. <\/p>\n","protected":false},"excerpt":{"rendered":"<p>Mejorar subsidio e impulsar la vivienda social son algunos de los ejes que deber\u00e1n estar al centro de la agenda en la pr\u00f3xima administraci\u00f3n<\/p>\n","protected":false},"author":77,"featured_media":80120,"comment_status":"open","ping_status":"closed","sticky":false,"template":"","format":"standard","meta":{"inline_featured_image":false,"footnotes":""},"categories":[4,7860],"tags":[99,8690,1239,2310],"class_list":["post-81330","post","type-post","status-publish","format-standard","has-post-thumbnail","hentry","category-publicaciones","category-revista-vivienda","tag-canadevi","tag-carlos-medina-rodriguez","tag-entrevista","tag-revista-vivienda"],"yoast_head":"<!-- This site is optimized with the Yoast SEO plugin v28.4 - https:\/\/yoast.com\/product\/yoast-seo-wordpress\/ -->\n<title>Inicio de sexenio abre nichos de oportunidad para la industria<\/title>\n<meta name=\"description\" content=\"Mejorar subsidio e impulsar la vivienda social son algunos de los ejes que deber\u00e1n estar al centro de la agenda en la pr\u00f3xima...\" \/>\n<meta name=\"robots\" content=\"index, follow, max-snippet:-1, max-image-preview:large, max-video-preview:-1\" \/>\n<link rel=\"canonical\" href=\"https:\/\/centrourbano.com\/revista\/publicaciones\/revista-vivienda\/inicio-sexenio-abre-nichos-oportunidad-la-industria\/\" \/>\n<meta property=\"og:locale\" content=\"es_ES\" \/>\n<meta property=\"og:type\" content=\"article\" \/>\n<meta property=\"og:title\" content=\"Inicio de sexenio abre nichos de oportunidad para la industria\" \/>\n<meta property=\"og:description\" content=\"Mejorar subsidio e impulsar la vivienda social son algunos de los ejes que deber\u00e1n estar al centro de la agenda en la pr\u00f3xima...\" \/>\n<meta property=\"og:url\" content=\"https:\/\/centrourbano.com\/revista\/publicaciones\/revista-vivienda\/inicio-sexenio-abre-nichos-oportunidad-la-industria\/\" \/>\n<meta property=\"og:site_name\" content=\"Centro Urbano\" \/>\n<meta property=\"article:publisher\" content=\"https:\/\/www.facebook.com\/portalcentrourbano\" \/>\n<meta property=\"article:published_time\" content=\"2018-11-08T00:57:30+00:00\" \/>\n<meta property=\"og:image\" content=\"https:\/\/centrourbano.com\/revista\/wp-content\/uploads\/Canadevi_Carlos-Medina_Conferenia_18_10_2018_Foto-Fernando-Navarrete-e1539883912682.jpg\" \/>\n\t<meta property=\"og:image:width\" content=\"800\" \/>\n\t<meta property=\"og:image:height\" content=\"600\" \/>\n\t<meta property=\"og:image:type\" content=\"image\/jpeg\" \/>\n<meta name=\"author\" content=\"G4A\" \/>\n<meta name=\"twitter:card\" content=\"summary_large_image\" \/>\n<meta name=\"twitter:creator\" content=\"@CentroUrbano\" \/>\n<meta name=\"twitter:site\" content=\"@CentroUrbano\" \/>\n<meta name=\"twitter:label1\" content=\"Escrito por\" \/>\n\t<meta name=\"twitter:data1\" content=\"G4A\" \/>\n\t<meta name=\"twitter:label2\" content=\"Tiempo de lectura\" \/>\n\t<meta name=\"twitter:data2\" content=\"1 minuto\" \/>\n<script type=\"application\/ld+json\" class=\"yoast-schema-graph\">{\"@context\":\"https:\\\/\\\/schema.org\",\"@graph\":[{\"@type\":\"Article\",\"@id\":\"https:\\\/\\\/centrourbano.com\\\/revista\\\/publicaciones\\\/revista-vivienda\\\/inicio-sexenio-abre-nichos-oportunidad-la-industria\\\/#article\",\"isPartOf\":{\"@id\":\"https:\\\/\\\/centrourbano.com\\\/revista\\\/publicaciones\\\/revista-vivienda\\\/inicio-sexenio-abre-nichos-oportunidad-la-industria\\\/\"},\"author\":{\"name\":\"G4A\",\"@id\":\"https:\\\/\\\/centrourbano.com\\\/revista\\\/#\\\/schema\\\/person\\\/370fa0ba2d8dd5bde3fdb8b62ad360aa\"},\"headline\":\"Inicio de sexenio abre nichos de oportunidad para la industria\",\"datePublished\":\"2018-11-08T00:57:30+00:00\",\"mainEntityOfPage\":{\"@id\":\"https:\\\/\\\/centrourbano.com\\\/revista\\\/publicaciones\\\/revista-vivienda\\\/inicio-sexenio-abre-nichos-oportunidad-la-industria\\\/\"},\"wordCount\":250,\"commentCount\":0,\"publisher\":{\"@id\":\"https:\\\/\\\/centrourbano.com\\\/revista\\\/#organization\"},\"image\":{\"@id\":\"https:\\\/\\\/centrourbano.com\\\/revista\\\/publicaciones\\\/revista-vivienda\\\/inicio-sexenio-abre-nichos-oportunidad-la-industria\\\/#primaryimage\"},\"thumbnailUrl\":\"https:\\\/\\\/centrourbano.com\\\/revista\\\/wp-content\\\/uploads\\\/Canadevi_Carlos-Medina_Conferenia_18_10_2018_Foto-Fernando-Navarrete-e1539883912682.jpg\",\"keywords\":[\"Canadevi\",\"Carlos Medina Rodr\u00edguez\",\"Entrevista\",\"Revista Vivienda\"],\"articleSection\":[\"Publicaciones\",\"Revista Vivienda\"],\"inLanguage\":\"es\"},{\"@type\":\"WebPage\",\"@id\":\"https:\\\/\\\/centrourbano.com\\\/revista\\\/publicaciones\\\/revista-vivienda\\\/inicio-sexenio-abre-nichos-oportunidad-la-industria\\\/\",\"url\":\"https:\\\/\\\/centrourbano.com\\\/revista\\\/publicaciones\\\/revista-vivienda\\\/inicio-sexenio-abre-nichos-oportunidad-la-industria\\\/\",\"name\":\"Inicio de sexenio abre nichos de oportunidad para la industria\",\"isPartOf\":{\"@id\":\"https:\\\/\\\/centrourbano.com\\\/revista\\\/#website\"},\"primaryImageOfPage\":{\"@id\":\"https:\\\/\\\/centrourbano.com\\\/revista\\\/publicaciones\\\/revista-vivienda\\\/inicio-sexenio-abre-nichos-oportunidad-la-industria\\\/#primaryimage\"},\"image\":{\"@id\":\"https:\\\/\\\/centrourbano.com\\\/revista\\\/publicaciones\\\/revista-vivienda\\\/inicio-sexenio-abre-nichos-oportunidad-la-industria\\\/#primaryimage\"},\"thumbnailUrl\":\"https:\\\/\\\/centrourbano.com\\\/revista\\\/wp-content\\\/uploads\\\/Canadevi_Carlos-Medina_Conferenia_18_10_2018_Foto-Fernando-Navarrete-e1539883912682.jpg\",\"datePublished\":\"2018-11-08T00:57:30+00:00\",\"description\":\"Mejorar subsidio e impulsar la vivienda social son algunos de los ejes que deber\u00e1n estar al centro de la agenda en la pr\u00f3xima...\",\"breadcrumb\":{\"@id\":\"https:\\\/\\\/centrourbano.com\\\/revista\\\/publicaciones\\\/revista-vivienda\\\/inicio-sexenio-abre-nichos-oportunidad-la-industria\\\/#breadcrumb\"},\"inLanguage\":\"es\",\"potentialAction\":[{\"@type\":\"ReadAction\",\"target\":[\"https:\\\/\\\/centrourbano.com\\\/revista\\\/publicaciones\\\/revista-vivienda\\\/inicio-sexenio-abre-nichos-oportunidad-la-industria\\\/\"]}]},{\"@type\":\"ImageObject\",\"inLanguage\":\"es\",\"@id\":\"https:\\\/\\\/centrourbano.com\\\/revista\\\/publicaciones\\\/revista-vivienda\\\/inicio-sexenio-abre-nichos-oportunidad-la-industria\\\/#primaryimage\",\"url\":\"https:\\\/\\\/centrourbano.com\\\/revista\\\/wp-content\\\/uploads\\\/Canadevi_Carlos-Medina_Conferenia_18_10_2018_Foto-Fernando-Navarrete-e1539883912682.jpg\",\"contentUrl\":\"https:\\\/\\\/centrourbano.com\\\/revista\\\/wp-content\\\/uploads\\\/Canadevi_Carlos-Medina_Conferenia_18_10_2018_Foto-Fernando-Navarrete-e1539883912682.jpg\",\"width\":800,\"height\":600},{\"@type\":\"BreadcrumbList\",\"@id\":\"https:\\\/\\\/centrourbano.com\\\/revista\\\/publicaciones\\\/revista-vivienda\\\/inicio-sexenio-abre-nichos-oportunidad-la-industria\\\/#breadcrumb\",\"itemListElement\":[{\"@type\":\"ListItem\",\"position\":1,\"name\":\"Portada\",\"item\":\"https:\\\/\\\/centrourbano.com\\\/revista\\\/\"},{\"@type\":\"ListItem\",\"position\":2,\"name\":\"Inicio de sexenio abre nichos de oportunidad para la industria\"}]},{\"@type\":\"WebSite\",\"@id\":\"https:\\\/\\\/centrourbano.com\\\/revista\\\/#website\",\"url\":\"https:\\\/\\\/centrourbano.com\\\/revista\\\/\",\"name\":\"Centro Urbano\",\"description\":\"Medio especializado en los sectores vivienda, inmobiliario, construcci\u00f3n, arquitectura y urbanismo.\",\"publisher\":{\"@id\":\"https:\\\/\\\/centrourbano.com\\\/revista\\\/#organization\"},\"potentialAction\":[{\"@type\":\"SearchAction\",\"target\":{\"@type\":\"EntryPoint\",\"urlTemplate\":\"https:\\\/\\\/centrourbano.com\\\/revista\\\/?s={search_term_string}\"},\"query-input\":{\"@type\":\"PropertyValueSpecification\",\"valueRequired\":true,\"valueName\":\"search_term_string\"}}],\"inLanguage\":\"es\"},{\"@type\":\"Organization\",\"@id\":\"https:\\\/\\\/centrourbano.com\\\/revista\\\/#organization\",\"name\":\"Centro Urbano\",\"url\":\"https:\\\/\\\/centrourbano.com\\\/revista\\\/\",\"logo\":{\"@type\":\"ImageObject\",\"inLanguage\":\"es\",\"@id\":\"https:\\\/\\\/centrourbano.com\\\/revista\\\/#\\\/schema\\\/logo\\\/image\\\/\",\"url\":\"https:\\\/\\\/centrourbano.com\\\/revista\\\/wp-content\\\/uploads\\\/web_CU_logo-1.png\",\"contentUrl\":\"https:\\\/\\\/centrourbano.com\\\/revista\\\/wp-content\\\/uploads\\\/web_CU_logo-1.png\",\"width\":350,\"height\":91,\"caption\":\"Centro Urbano\"},\"image\":{\"@id\":\"https:\\\/\\\/centrourbano.com\\\/revista\\\/#\\\/schema\\\/logo\\\/image\\\/\"},\"sameAs\":[\"https:\\\/\\\/www.facebook.com\\\/portalcentrourbano\",\"https:\\\/\\\/x.com\\\/CentroUrbano\",\"https:\\\/\\\/www.instagram.com\\\/centro_urbano\\\/\",\"https:\\\/\\\/www.linkedin.com\\\/company\\\/centro-urbano\\\/\",\"http:\\\/\\\/www.youtube.com\\\/user\\\/portalcentrourbano\"]},{\"@type\":\"Person\",\"@id\":\"https:\\\/\\\/centrourbano.com\\\/revista\\\/#\\\/schema\\\/person\\\/370fa0ba2d8dd5bde3fdb8b62ad360aa\",\"name\":\"G4A\",\"image\":{\"@type\":\"ImageObject\",\"inLanguage\":\"es\",\"@id\":\"https:\\\/\\\/secure.gravatar.com\\\/avatar\\\/932a97121b13d5de5bbd8193c6c83d3b92c9eda0f39623607d4280e7a5778d97?s=96&d=mm&r=g\",\"url\":\"https:\\\/\\\/secure.gravatar.com\\\/avatar\\\/932a97121b13d5de5bbd8193c6c83d3b92c9eda0f39623607d4280e7a5778d97?s=96&d=mm&r=g\",\"contentUrl\":\"https:\\\/\\\/secure.gravatar.com\\\/avatar\\\/932a97121b13d5de5bbd8193c6c83d3b92c9eda0f39623607d4280e7a5778d97?s=96&d=mm&r=g\",\"caption\":\"G4A\"},\"url\":\"https:\\\/\\\/centrourbano.com\\\/revista\\\/author\\\/admin-g4a\\\/\"}]}<\/script>\n<!-- \/ Yoast SEO plugin. -->","yoast_head_json":{"title":"Inicio de sexenio abre nichos de oportunidad para la industria","description":"Mejorar subsidio e impulsar la vivienda social son algunos de los ejes que deber\u00e1n estar al centro de la agenda en la pr\u00f3xima...","robots":{"index":"index","follow":"follow","max-snippet":"max-snippet:-1","max-image-preview":"max-image-preview:large","max-video-preview":"max-video-preview:-1"},"canonical":"https:\/\/centrourbano.com\/revista\/publicaciones\/revista-vivienda\/inicio-sexenio-abre-nichos-oportunidad-la-industria\/","og_locale":"es_ES","og_type":"article","og_title":"Inicio de sexenio abre nichos de oportunidad para la industria","og_description":"Mejorar subsidio e impulsar la vivienda social son algunos de los ejes que deber\u00e1n estar al centro de la agenda en la pr\u00f3xima...","og_url":"https:\/\/centrourbano.com\/revista\/publicaciones\/revista-vivienda\/inicio-sexenio-abre-nichos-oportunidad-la-industria\/","og_site_name":"Centro Urbano","article_publisher":"https:\/\/www.facebook.com\/portalcentrourbano","article_published_time":"2018-11-08T00:57:30+00:00","og_image":[{"width":800,"height":600,"url":"https:\/\/centrourbano.com\/revista\/wp-content\/uploads\/Canadevi_Carlos-Medina_Conferenia_18_10_2018_Foto-Fernando-Navarrete-e1539883912682.jpg","type":"image\/jpeg"}],"author":"G4A","twitter_card":"summary_large_image","twitter_creator":"@CentroUrbano","twitter_site":"@CentroUrbano","twitter_misc":{"Escrito por":"G4A","Tiempo de lectura":"1 minuto"},"schema":{"@context":"https:\/\/schema.org","@graph":[{"@type":"Article","@id":"https:\/\/centrourbano.com\/revista\/publicaciones\/revista-vivienda\/inicio-sexenio-abre-nichos-oportunidad-la-industria\/#article","isPartOf":{"@id":"https:\/\/centrourbano.com\/revista\/publicaciones\/revista-vivienda\/inicio-sexenio-abre-nichos-oportunidad-la-industria\/"},"author":{"name":"G4A","@id":"https:\/\/centrourbano.com\/revista\/#\/schema\/person\/370fa0ba2d8dd5bde3fdb8b62ad360aa"},"headline":"Inicio de sexenio abre nichos de oportunidad para la industria","datePublished":"2018-11-08T00:57:30+00:00","mainEntityOfPage":{"@id":"https:\/\/centrourbano.com\/revista\/publicaciones\/revista-vivienda\/inicio-sexenio-abre-nichos-oportunidad-la-industria\/"},"wordCount":250,"commentCount":0,"publisher":{"@id":"https:\/\/centrourbano.com\/revista\/#organization"},"image":{"@id":"https:\/\/centrourbano.com\/revista\/publicaciones\/revista-vivienda\/inicio-sexenio-abre-nichos-oportunidad-la-industria\/#primaryimage"},"thumbnailUrl":"https:\/\/centrourbano.com\/revista\/wp-content\/uploads\/Canadevi_Carlos-Medina_Conferenia_18_10_2018_Foto-Fernando-Navarrete-e1539883912682.jpg","keywords":["Canadevi","Carlos Medina Rodr\u00edguez","Entrevista","Revista Vivienda"],"articleSection":["Publicaciones","Revista Vivienda"],"inLanguage":"es"},{"@type":"WebPage","@id":"https:\/\/centrourbano.com\/revista\/publicaciones\/revista-vivienda\/inicio-sexenio-abre-nichos-oportunidad-la-industria\/","url":"https:\/\/centrourbano.com\/revista\/publicaciones\/revista-vivienda\/inicio-sexenio-abre-nichos-oportunidad-la-industria\/","name":"Inicio de sexenio abre nichos de oportunidad para la industria","isPartOf":{"@id":"https:\/\/centrourbano.com\/revista\/#website"},"primaryImageOfPage":{"@id":"https:\/\/centrourbano.com\/revista\/publicaciones\/revista-vivienda\/inicio-sexenio-abre-nichos-oportunidad-la-industria\/#primaryimage"},"image":{"@id":"https:\/\/centrourbano.com\/revista\/publicaciones\/revista-vivienda\/inicio-sexenio-abre-nichos-oportunidad-la-industria\/#primaryimage"},"thumbnailUrl":"https:\/\/centrourbano.com\/revista\/wp-content\/uploads\/Canadevi_Carlos-Medina_Conferenia_18_10_2018_Foto-Fernando-Navarrete-e1539883912682.jpg","datePublished":"2018-11-08T00:57:30+00:00","description":"Mejorar subsidio e impulsar la vivienda social son algunos de los ejes que deber\u00e1n estar al centro de la agenda en la pr\u00f3xima...","breadcrumb":{"@id":"https:\/\/centrourbano.com\/revista\/publicaciones\/revista-vivienda\/inicio-sexenio-abre-nichos-oportunidad-la-industria\/#breadcrumb"},"inLanguage":"es","potentialAction":[{"@type":"ReadAction","target":["https:\/\/centrourbano.com\/revista\/publicaciones\/revista-vivienda\/inicio-sexenio-abre-nichos-oportunidad-la-industria\/"]}]},{"@type":"ImageObject","inLanguage":"es","@id":"https:\/\/centrourbano.com\/revista\/publicaciones\/revista-vivienda\/inicio-sexenio-abre-nichos-oportunidad-la-industria\/#primaryimage","url":"https:\/\/centrourbano.com\/revista\/wp-content\/uploads\/Canadevi_Carlos-Medina_Conferenia_18_10_2018_Foto-Fernando-Navarrete-e1539883912682.jpg","contentUrl":"https:\/\/centrourbano.com\/revista\/wp-content\/uploads\/Canadevi_Carlos-Medina_Conferenia_18_10_2018_Foto-Fernando-Navarrete-e1539883912682.jpg","width":800,"height":600},{"@type":"BreadcrumbList","@id":"https:\/\/centrourbano.com\/revista\/publicaciones\/revista-vivienda\/inicio-sexenio-abre-nichos-oportunidad-la-industria\/#breadcrumb","itemListElement":[{"@type":"ListItem","position":1,"name":"Portada","item":"https:\/\/centrourbano.com\/revista\/"},{"@type":"ListItem","position":2,"name":"Inicio de sexenio abre nichos de oportunidad para la industria"}]},{"@type":"WebSite","@id":"https:\/\/centrourbano.com\/revista\/#website","url":"https:\/\/centrourbano.com\/revista\/","name":"Centro Urbano","description":"Medio especializado en los sectores vivienda, inmobiliario, construcci\u00f3n, arquitectura y urbanismo.","publisher":{"@id":"https:\/\/centrourbano.com\/revista\/#organization"},"potentialAction":[{"@type":"SearchAction","target":{"@type":"EntryPoint","urlTemplate":"https:\/\/centrourbano.com\/revista\/?s={search_term_string}"},"query-input":{"@type":"PropertyValueSpecification","valueRequired":true,"valueName":"search_term_string"}}],"inLanguage":"es"},{"@type":"Organization","@id":"https:\/\/centrourbano.com\/revista\/#organization","name":"Centro Urbano","url":"https:\/\/centrourbano.com\/revista\/","logo":{"@type":"ImageObject","inLanguage":"es","@id":"https:\/\/centrourbano.com\/revista\/#\/schema\/logo\/image\/","url":"https:\/\/centrourbano.com\/revista\/wp-content\/uploads\/web_CU_logo-1.png","contentUrl":"https:\/\/centrourbano.com\/revista\/wp-content\/uploads\/web_CU_logo-1.png","width":350,"height":91,"caption":"Centro Urbano"},"image":{"@id":"https:\/\/centrourbano.com\/revista\/#\/schema\/logo\/image\/"},"sameAs":["https:\/\/www.facebook.com\/portalcentrourbano","https:\/\/x.com\/CentroUrbano","https:\/\/www.instagram.com\/centro_urbano\/","https:\/\/www.linkedin.com\/company\/centro-urbano\/","http:\/\/www.youtube.com\/user\/portalcentrourbano"]},{"@type":"Person","@id":"https:\/\/centrourbano.com\/revista\/#\/schema\/person\/370fa0ba2d8dd5bde3fdb8b62ad360aa","name":"G4A","image":{"@type":"ImageObject","inLanguage":"es","@id":"https:\/\/secure.gravatar.com\/avatar\/932a97121b13d5de5bbd8193c6c83d3b92c9eda0f39623607d4280e7a5778d97?s=96&d=mm&r=g","url":"https:\/\/secure.gravatar.com\/avatar\/932a97121b13d5de5bbd8193c6c83d3b92c9eda0f39623607d4280e7a5778d97?s=96&d=mm&r=g","contentUrl":"https:\/\/secure.gravatar.com\/avatar\/932a97121b13d5de5bbd8193c6c83d3b92c9eda0f39623607d4280e7a5778d97?s=96&d=mm&r=g","caption":"G4A"},"url":"https:\/\/centrourbano.com\/revista\/author\/admin-g4a\/"}]}},"_links":{"self":[{"href":"https:\/\/centrourbano.com\/revista\/wp-json\/wp\/v2\/posts\/81330","targetHints":{"allow":["GET"]}}],"collection":[{"href":"https:\/\/centrourbano.com\/revista\/wp-json\/wp\/v2\/posts"}],"about":[{"href":"https:\/\/centrourbano.com\/revista\/wp-json\/wp\/v2\/types\/post"}],"author":[{"embeddable":true,"href":"https:\/\/centrourbano.com\/revista\/wp-json\/wp\/v2\/users\/77"}],"replies":[{"embeddable":true,"href":"https:\/\/centrourbano.com\/revista\/wp-json\/wp\/v2\/comments?post=81330"}],"version-history":[{"count":2,"href":"https:\/\/centrourbano.com\/revista\/wp-json\/wp\/v2\/posts\/81330\/revisions"}],"predecessor-version":[{"id":81332,"href":"https:\/\/centrourbano.com\/revista\/wp-json\/wp\/v2\/posts\/81330\/revisions\/81332"}],"wp:featuredmedia":[{"embeddable":true,"href":"https:\/\/centrourbano.com\/revista\/wp-json\/wp\/v2\/media\/80120"}],"wp:attachment":[{"href":"https:\/\/centrourbano.com\/revista\/wp-json\/wp\/v2\/media?parent=81330"}],"wp:term":[{"taxonomy":"category","embeddable":true,"href":"https:\/\/centrourbano.com\/revista\/wp-json\/wp\/v2\/categories?post=81330"},{"taxonomy":"post_tag","embeddable":true,"href":"https:\/\/centrourbano.com\/revista\/wp-json\/wp\/v2\/tags?post=81330"}],"curies":[{"name":"wp","href":"https:\/\/api.w.org\/{rel}","templated":true}]}}