{"id":81166,"date":"2018-11-06T14:32:12","date_gmt":"2018-11-06T20:32:12","guid":{"rendered":"https:\/\/centrourbano.com\/?p=81166"},"modified":"2018-11-06T15:07:55","modified_gmt":"2018-11-06T21:07:55","slug":"estiman-expansion-de-usos-mixtos-con-nuevos-proyectos-de-gobierno","status":"publish","type":"post","link":"https:\/\/centrourbano.com\/revista\/inmobiliario\/estiman-expansion-de-usos-mixtos-con-nuevos-proyectos-de-gobierno\/","title":{"rendered":"Estiman expansi\u00f3n de usos mixtos con nuevos proyectos de gobierno"},"content":{"rendered":"<p><em>Newmark Knight Frank M\u00e9xico se\u00f1ala que hay un gran futuro para el desarrollo de nuevos centros comerciales en el sureste y ciudades peque\u00f1as<\/em><!--more--><\/p>\n<p>En M\u00e9xico el<strong> mercado inmobiliario comercial<\/strong> seguir\u00e1 expandi\u00e9ndose y creciendo hacia ciudades m\u00e1s peque\u00f1as, por lo que la principal tendencia de nuevos centros comerciales continuar\u00e1 a trav\u00e9s de los desarrollos mixtos como en las grandes ciudades, impulsados incluso por los proyectos del pr\u00f3ximo gobierno.<\/p>\n<p>Jos\u00e9 Carlos Loaeza, director de retail de <strong>Newmark Knight Frank M\u00e9xico<\/strong> (NKF) explic\u00f3 en dichas ciudades peque\u00f1as y hasta cierto punto abandonadas por los desarrolladores y el sureste, hay un gran futuro con los proyectos de infraestructura como el <strong>tren Maya y la descentralizaci\u00f3n<\/strong>, que generar\u00e1n condiciones adecuadas para aperturas de oficinas y ser\u00edan una gran oportunidad para nuevas inversiones.<\/p>\n<p>\u00abEn las grandes ciudades se van a desarrollar m\u00e1s complejos de usos mixtos para aprovechar al m\u00e1ximo los espacios. En un centro comercial, las tiendas anclas juegan un papel fundamental, pero en M\u00e9xico son pocos los que se aprovechan de esta ventaja\u00bb, dijo el directivo.<\/p>\n<p>Carlos Loaeza dijo que en los \u00faltimos a\u00f1os, este segmento comercial ha comenzado a registrar una evoluci\u00f3n para atraer a nuevas generaciones con secciones de entretenimiento como ferias, parques de diversiones y vida nocturna.<\/p>\n<p>\u201cHoy para atraer a las <strong>nuevas generaciones<\/strong> hay que ser muy creativos, ya que no les gustan los centros comerciales tradicionales, son un sector del mercado exigente, que investiga, con acceso inmediato a la informaci\u00f3n, que busca compras r\u00e1pidas, tener a la vista y a la mano un producto que puedan adquirir a la brevedad y ahorrar costos, ya que perciben m\u00e1s barata la compra electr\u00f3nica que en el <strong>retail<\/strong>\u201d, afirm\u00f3 Loaeza.<\/p>\n<p>El directivo indic\u00f3 que en la actualidad los<strong> h\u00e1bitos de consumo<\/strong> ya no son los mismos que hace diez o tres a\u00f1os, por lo que el reto para el futuro en los centros comerciales es hacer de la visita una experiencia de vida con ayuda de la tecnolog\u00eda, por lo que los centros comerciales tendr\u00e1n que reconvertirse a centros de entretenimiento y complementarse con el <strong>comercio electr\u00f3nico.<\/strong><\/p>\n<p>\u201cLos retailers en el mediano plazo tendr\u00e1n que incursionar en el mercado electr\u00f3nico que continuar\u00e1 impactando al grado de que lo vean como la parte medular de sus ventas\u201d, agreg\u00f3.<\/p>\n<p>La tendencia de los usos mixtos permite integrar diferentes servicios y opciones comerciales, as\u00ed como contar con tiendas especializadas, servicios que van de restaurantes a centros de salud, laboratorios, cl\u00ednicas oftalmol\u00f3gicas, dentales, de otorrinolaringolog\u00eda, hasta hospitales, hoteles y autoservicios.<\/p>\n<p><strong>Barrios, una oportunidad<\/strong><\/p>\n<p>En cuanto a los <strong>Barrios<\/strong>, Jos\u00e9 Carlos Loaeza destac\u00f3 que todo centro de barrio quiere su centro comercial, y es una oportunidad y reto importantes en el desarrollo del retail. Adem\u00e1s apunt\u00f3 que los centros comerciales seguir\u00e1n siendo la mejor opci\u00f3n para las marcas de moda, ya que es el canal tradicional m\u00e1s efectivo y r\u00e1pido de venta.<\/p>\n<p>Calles como <strong>Masaryk<\/strong>, en Polanco y <strong>Madero<\/strong>, en el centro hist\u00f3rico de la Ciudad de M\u00e9xico, se han convertido en los principales ejes para las marcas de moda, aunque vayan dirigidos a p\u00fablicos distintos. Las marcas se ubican en Masaryk para tener flagship stores, es decir, que sean aparadores para las firmas de lujo, mientras que al ser Madero una calle cien por ciento peatonal, se vuelve atractiva para los retailers.<\/p>\n<p>\u201cMadero se cotiza por el n\u00famero de personas que transita la calle, lo que ha permeado a otras calles colindantes como 5 de mayo, 16 de septiembre e Isabel la Cat\u00f3lica. Adem\u00e1s de que el Centro se ha transformado al albergar a marcas importantes.<\/p>\n<p>Ciudades como M\u00e9rida, Quer\u00e9taro o Guadalajara tienen en sus centros hist\u00f3ricos la oportunidad para transformarlos en puntos de moda como lo hizo la Ciudad de M\u00e9xico con Madero\u201d, se\u00f1al\u00f3 finalmente el director de Retail de Newmark Knight Frank M\u00e9xico.<\/p>\n","protected":false},"excerpt":{"rendered":"<p>Newmark Knight Frank M\u00e9xico se\u00f1ala que hay un gran futuro para el desarrollo de nuevos centros comerciales en el sureste y ciudades peque\u00f1as<\/p>\n","protected":false},"author":69,"featured_media":81168,"comment_status":"open","ping_status":"closed","sticky":false,"template":"","format":"standard","meta":{"om_disable_all_campaigns":false,"inline_featured_image":false,"_monsterinsights_skip_tracking":false,"_monsterinsights_sitenote_active":false,"_monsterinsights_sitenote_note":"","_monsterinsights_sitenote_category":0,"footnotes":""},"categories":[15],"tags":[],"class_list":["post-81166","post","type-post","status-publish","format-standard","has-post-thumbnail","hentry","category-inmobiliario"],"yoast_head":"<!-- This site is optimized with the Yoast SEO plugin v27.4 - https:\/\/yoast.com\/product\/yoast-seo-wordpress\/ -->\n<title>Estiman expansi\u00f3n de usos mixtos con nuevos proyectos de gobierno<\/title>\n<meta name=\"description\" content=\"Newmark Knight Frank M\u00e9xico se\u00f1ala que hay un gran futuro para el desarrollo de nuevos centros comerciales en el sureste y ciudades peque\u00f1as\" \/>\n<meta name=\"robots\" content=\"index, follow, max-snippet:-1, max-image-preview:large, max-video-preview:-1\" \/>\n<link rel=\"canonical\" href=\"https:\/\/centrourbano.com\/revista\/inmobiliario\/estiman-expansion-de-usos-mixtos-con-nuevos-proyectos-de-gobierno\/\" \/>\n<meta property=\"og:locale\" content=\"es_ES\" \/>\n<meta property=\"og:type\" content=\"article\" \/>\n<meta property=\"og:title\" content=\"Estiman expansi\u00f3n de usos mixtos con nuevos proyectos de gobierno\" \/>\n<meta property=\"og:description\" content=\"Newmark Knight Frank M\u00e9xico se\u00f1ala que hay un gran futuro para el desarrollo de nuevos centros comerciales en el sureste y ciudades peque\u00f1as\" \/>\n<meta property=\"og:url\" content=\"https:\/\/centrourbano.com\/revista\/inmobiliario\/estiman-expansion-de-usos-mixtos-con-nuevos-proyectos-de-gobierno\/\" \/>\n<meta property=\"og:site_name\" content=\"Centro Urbano\" \/>\n<meta property=\"article:publisher\" content=\"https:\/\/www.facebook.com\/portalcentrourbano\" \/>\n<meta property=\"article:published_time\" content=\"2018-11-06T20:32:12+00:00\" \/>\n<meta property=\"article:modified_time\" content=\"2018-11-06T21:07:55+00:00\" \/>\n<meta property=\"og:image\" content=\"https:\/\/centrourbano.com\/revista\/wp-content\/uploads\/blog7.jpg\" \/>\n\t<meta property=\"og:image:width\" content=\"1680\" \/>\n\t<meta property=\"og:image:height\" content=\"945\" \/>\n\t<meta property=\"og:image:type\" content=\"image\/jpeg\" \/>\n<meta name=\"author\" content=\"Fernando Navarrete\" \/>\n<meta name=\"twitter:card\" content=\"summary_large_image\" \/>\n<meta name=\"twitter:creator\" content=\"@CentroUrbano\" \/>\n<meta name=\"twitter:site\" content=\"@CentroUrbano\" \/>\n<meta name=\"twitter:label1\" content=\"Escrito por\" \/>\n\t<meta name=\"twitter:data1\" content=\"Fernando Navarrete\" \/>\n\t<meta name=\"twitter:label2\" content=\"Tiempo de lectura\" \/>\n\t<meta name=\"twitter:data2\" content=\"3 minutos\" \/>\n<script type=\"application\/ld+json\" class=\"yoast-schema-graph\">{\"@context\":\"https:\\\/\\\/schema.org\",\"@graph\":[{\"@type\":\"Article\",\"@id\":\"https:\\\/\\\/centrourbano.com\\\/revista\\\/inmobiliario\\\/estiman-expansion-de-usos-mixtos-con-nuevos-proyectos-de-gobierno\\\/#article\",\"isPartOf\":{\"@id\":\"https:\\\/\\\/centrourbano.com\\\/revista\\\/inmobiliario\\\/estiman-expansion-de-usos-mixtos-con-nuevos-proyectos-de-gobierno\\\/\"},\"author\":{\"name\":\"Fernando Navarrete\",\"@id\":\"https:\\\/\\\/centrourbano.com\\\/revista\\\/#\\\/schema\\\/person\\\/515c32d01ece40d20a7ed3fdf34051af\"},\"headline\":\"Estiman expansi\u00f3n de usos mixtos con nuevos proyectos de gobierno\",\"datePublished\":\"2018-11-06T20:32:12+00:00\",\"dateModified\":\"2018-11-06T21:07:55+00:00\",\"mainEntityOfPage\":{\"@id\":\"https:\\\/\\\/centrourbano.com\\\/revista\\\/inmobiliario\\\/estiman-expansion-de-usos-mixtos-con-nuevos-proyectos-de-gobierno\\\/\"},\"wordCount\":688,\"commentCount\":0,\"publisher\":{\"@id\":\"https:\\\/\\\/centrourbano.com\\\/revista\\\/#organization\"},\"image\":{\"@id\":\"https:\\\/\\\/centrourbano.com\\\/revista\\\/inmobiliario\\\/estiman-expansion-de-usos-mixtos-con-nuevos-proyectos-de-gobierno\\\/#primaryimage\"},\"thumbnailUrl\":\"https:\\\/\\\/centrourbano.com\\\/revista\\\/wp-content\\\/uploads\\\/blog7.jpg\",\"articleSection\":[\"Inmobiliario\"],\"inLanguage\":\"es\",\"potentialAction\":[{\"@type\":\"CommentAction\",\"name\":\"Comment\",\"target\":[\"https:\\\/\\\/centrourbano.com\\\/revista\\\/inmobiliario\\\/estiman-expansion-de-usos-mixtos-con-nuevos-proyectos-de-gobierno\\\/#respond\"]}]},{\"@type\":\"WebPage\",\"@id\":\"https:\\\/\\\/centrourbano.com\\\/revista\\\/inmobiliario\\\/estiman-expansion-de-usos-mixtos-con-nuevos-proyectos-de-gobierno\\\/\",\"url\":\"https:\\\/\\\/centrourbano.com\\\/revista\\\/inmobiliario\\\/estiman-expansion-de-usos-mixtos-con-nuevos-proyectos-de-gobierno\\\/\",\"name\":\"Estiman expansi\u00f3n de usos mixtos con nuevos proyectos de gobierno\",\"isPartOf\":{\"@id\":\"https:\\\/\\\/centrourbano.com\\\/revista\\\/#website\"},\"primaryImageOfPage\":{\"@id\":\"https:\\\/\\\/centrourbano.com\\\/revista\\\/inmobiliario\\\/estiman-expansion-de-usos-mixtos-con-nuevos-proyectos-de-gobierno\\\/#primaryimage\"},\"image\":{\"@id\":\"https:\\\/\\\/centrourbano.com\\\/revista\\\/inmobiliario\\\/estiman-expansion-de-usos-mixtos-con-nuevos-proyectos-de-gobierno\\\/#primaryimage\"},\"thumbnailUrl\":\"https:\\\/\\\/centrourbano.com\\\/revista\\\/wp-content\\\/uploads\\\/blog7.jpg\",\"datePublished\":\"2018-11-06T20:32:12+00:00\",\"dateModified\":\"2018-11-06T21:07:55+00:00\",\"description\":\"Newmark Knight Frank M\u00e9xico se\u00f1ala que hay un gran futuro para el desarrollo de nuevos centros comerciales en el sureste y ciudades peque\u00f1as\",\"breadcrumb\":{\"@id\":\"https:\\\/\\\/centrourbano.com\\\/revista\\\/inmobiliario\\\/estiman-expansion-de-usos-mixtos-con-nuevos-proyectos-de-gobierno\\\/#breadcrumb\"},\"inLanguage\":\"es\",\"potentialAction\":[{\"@type\":\"ReadAction\",\"target\":[\"https:\\\/\\\/centrourbano.com\\\/revista\\\/inmobiliario\\\/estiman-expansion-de-usos-mixtos-con-nuevos-proyectos-de-gobierno\\\/\"]}]},{\"@type\":\"ImageObject\",\"inLanguage\":\"es\",\"@id\":\"https:\\\/\\\/centrourbano.com\\\/revista\\\/inmobiliario\\\/estiman-expansion-de-usos-mixtos-con-nuevos-proyectos-de-gobierno\\\/#primaryimage\",\"url\":\"https:\\\/\\\/centrourbano.com\\\/revista\\\/wp-content\\\/uploads\\\/blog7.jpg\",\"contentUrl\":\"https:\\\/\\\/centrourbano.com\\\/revista\\\/wp-content\\\/uploads\\\/blog7.jpg\",\"width\":1680,\"height\":945,\"caption\":\"Newmark Knight Frank M\u00e9xico se\u00f1ala que hay un gran futuro para el desarrollo de nuevos centros comerciales en el sureste y ciudades peque\u00f1as\"},{\"@type\":\"BreadcrumbList\",\"@id\":\"https:\\\/\\\/centrourbano.com\\\/revista\\\/inmobiliario\\\/estiman-expansion-de-usos-mixtos-con-nuevos-proyectos-de-gobierno\\\/#breadcrumb\",\"itemListElement\":[{\"@type\":\"ListItem\",\"position\":1,\"name\":\"Portada\",\"item\":\"https:\\\/\\\/centrourbano.com\\\/revista\\\/\"},{\"@type\":\"ListItem\",\"position\":2,\"name\":\"Estiman expansi\u00f3n de usos mixtos con nuevos proyectos de gobierno\"}]},{\"@type\":\"WebSite\",\"@id\":\"https:\\\/\\\/centrourbano.com\\\/revista\\\/#website\",\"url\":\"https:\\\/\\\/centrourbano.com\\\/revista\\\/\",\"name\":\"Centro Urbano\",\"description\":\"Medio especializado en los sectores vivienda, inmobiliario, construcci\u00f3n, arquitectura y urbanismo.\",\"publisher\":{\"@id\":\"https:\\\/\\\/centrourbano.com\\\/revista\\\/#organization\"},\"potentialAction\":[{\"@type\":\"SearchAction\",\"target\":{\"@type\":\"EntryPoint\",\"urlTemplate\":\"https:\\\/\\\/centrourbano.com\\\/revista\\\/?s={search_term_string}\"},\"query-input\":{\"@type\":\"PropertyValueSpecification\",\"valueRequired\":true,\"valueName\":\"search_term_string\"}}],\"inLanguage\":\"es\"},{\"@type\":\"Organization\",\"@id\":\"https:\\\/\\\/centrourbano.com\\\/revista\\\/#organization\",\"name\":\"Centro Urbano\",\"url\":\"https:\\\/\\\/centrourbano.com\\\/revista\\\/\",\"logo\":{\"@type\":\"ImageObject\",\"inLanguage\":\"es\",\"@id\":\"https:\\\/\\\/centrourbano.com\\\/revista\\\/#\\\/schema\\\/logo\\\/image\\\/\",\"url\":\"https:\\\/\\\/centrourbano.com\\\/revista\\\/wp-content\\\/uploads\\\/web_CU_logo-1.png\",\"contentUrl\":\"https:\\\/\\\/centrourbano.com\\\/revista\\\/wp-content\\\/uploads\\\/web_CU_logo-1.png\",\"width\":350,\"height\":91,\"caption\":\"Centro Urbano\"},\"image\":{\"@id\":\"https:\\\/\\\/centrourbano.com\\\/revista\\\/#\\\/schema\\\/logo\\\/image\\\/\"},\"sameAs\":[\"https:\\\/\\\/www.facebook.com\\\/portalcentrourbano\",\"https:\\\/\\\/x.com\\\/CentroUrbano\",\"https:\\\/\\\/www.instagram.com\\\/centro_urbano\\\/\",\"https:\\\/\\\/www.linkedin.com\\\/company\\\/centro-urbano\\\/\",\"http:\\\/\\\/www.youtube.com\\\/user\\\/portalcentrourbano\"]},{\"@type\":\"Person\",\"@id\":\"https:\\\/\\\/centrourbano.com\\\/revista\\\/#\\\/schema\\\/person\\\/515c32d01ece40d20a7ed3fdf34051af\",\"name\":\"Fernando Navarrete\",\"image\":{\"@type\":\"ImageObject\",\"inLanguage\":\"es\",\"@id\":\"https:\\\/\\\/secure.gravatar.com\\\/avatar\\\/f4dd6927a99e72698473e350e20ec8a38bd48cb668e15b03d04e8e537da41ad0?s=96&d=mm&r=g\",\"url\":\"https:\\\/\\\/secure.gravatar.com\\\/avatar\\\/f4dd6927a99e72698473e350e20ec8a38bd48cb668e15b03d04e8e537da41ad0?s=96&d=mm&r=g\",\"contentUrl\":\"https:\\\/\\\/secure.gravatar.com\\\/avatar\\\/f4dd6927a99e72698473e350e20ec8a38bd48cb668e15b03d04e8e537da41ad0?s=96&d=mm&r=g\",\"caption\":\"Fernando Navarrete\"},\"description\":\"Reportero de negocios, inmobiliario, construcci\u00f3n e industria. Me interesa la econom\u00eda, pol\u00edtica, historia y antropolog\u00eda. Estudi\u00e9 en la Facultad de Ciencias Pol\u00edticas y Sociales de la UNAM. Tengo experiencia en el sector p\u00fablico, la industria del acero, ingenier\u00eda civil, IT y corporativos; soy un nost\u00e1lgico nacionalista contempor\u00e1neo que cree en la grandeza de su pa\u00eds. Asiduo lector de Juan Rulfo, Jos\u00e9 Revueltas y J. R. R Tolkien.\",\"url\":\"https:\\\/\\\/centrourbano.com\\\/revista\\\/author\\\/fernando-navarrete\\\/\"}]}<\/script>\n<!-- \/ Yoast SEO plugin. -->","yoast_head_json":{"title":"Estiman expansi\u00f3n de usos mixtos con nuevos proyectos de gobierno","description":"Newmark Knight Frank M\u00e9xico se\u00f1ala que hay un gran futuro para el desarrollo de nuevos centros comerciales en el sureste y ciudades peque\u00f1as","robots":{"index":"index","follow":"follow","max-snippet":"max-snippet:-1","max-image-preview":"max-image-preview:large","max-video-preview":"max-video-preview:-1"},"canonical":"https:\/\/centrourbano.com\/revista\/inmobiliario\/estiman-expansion-de-usos-mixtos-con-nuevos-proyectos-de-gobierno\/","og_locale":"es_ES","og_type":"article","og_title":"Estiman expansi\u00f3n de usos mixtos con nuevos proyectos de gobierno","og_description":"Newmark Knight Frank M\u00e9xico se\u00f1ala que hay un gran futuro para el desarrollo de nuevos centros comerciales en el sureste y ciudades peque\u00f1as","og_url":"https:\/\/centrourbano.com\/revista\/inmobiliario\/estiman-expansion-de-usos-mixtos-con-nuevos-proyectos-de-gobierno\/","og_site_name":"Centro Urbano","article_publisher":"https:\/\/www.facebook.com\/portalcentrourbano","article_published_time":"2018-11-06T20:32:12+00:00","article_modified_time":"2018-11-06T21:07:55+00:00","og_image":[{"width":1680,"height":945,"url":"https:\/\/centrourbano.com\/revista\/wp-content\/uploads\/blog7.jpg","type":"image\/jpeg"}],"author":"Fernando Navarrete","twitter_card":"summary_large_image","twitter_creator":"@CentroUrbano","twitter_site":"@CentroUrbano","twitter_misc":{"Escrito por":"Fernando Navarrete","Tiempo de lectura":"3 minutos"},"schema":{"@context":"https:\/\/schema.org","@graph":[{"@type":"Article","@id":"https:\/\/centrourbano.com\/revista\/inmobiliario\/estiman-expansion-de-usos-mixtos-con-nuevos-proyectos-de-gobierno\/#article","isPartOf":{"@id":"https:\/\/centrourbano.com\/revista\/inmobiliario\/estiman-expansion-de-usos-mixtos-con-nuevos-proyectos-de-gobierno\/"},"author":{"name":"Fernando Navarrete","@id":"https:\/\/centrourbano.com\/revista\/#\/schema\/person\/515c32d01ece40d20a7ed3fdf34051af"},"headline":"Estiman expansi\u00f3n de usos mixtos con nuevos proyectos de gobierno","datePublished":"2018-11-06T20:32:12+00:00","dateModified":"2018-11-06T21:07:55+00:00","mainEntityOfPage":{"@id":"https:\/\/centrourbano.com\/revista\/inmobiliario\/estiman-expansion-de-usos-mixtos-con-nuevos-proyectos-de-gobierno\/"},"wordCount":688,"commentCount":0,"publisher":{"@id":"https:\/\/centrourbano.com\/revista\/#organization"},"image":{"@id":"https:\/\/centrourbano.com\/revista\/inmobiliario\/estiman-expansion-de-usos-mixtos-con-nuevos-proyectos-de-gobierno\/#primaryimage"},"thumbnailUrl":"https:\/\/centrourbano.com\/revista\/wp-content\/uploads\/blog7.jpg","articleSection":["Inmobiliario"],"inLanguage":"es","potentialAction":[{"@type":"CommentAction","name":"Comment","target":["https:\/\/centrourbano.com\/revista\/inmobiliario\/estiman-expansion-de-usos-mixtos-con-nuevos-proyectos-de-gobierno\/#respond"]}]},{"@type":"WebPage","@id":"https:\/\/centrourbano.com\/revista\/inmobiliario\/estiman-expansion-de-usos-mixtos-con-nuevos-proyectos-de-gobierno\/","url":"https:\/\/centrourbano.com\/revista\/inmobiliario\/estiman-expansion-de-usos-mixtos-con-nuevos-proyectos-de-gobierno\/","name":"Estiman expansi\u00f3n de usos mixtos con nuevos proyectos de gobierno","isPartOf":{"@id":"https:\/\/centrourbano.com\/revista\/#website"},"primaryImageOfPage":{"@id":"https:\/\/centrourbano.com\/revista\/inmobiliario\/estiman-expansion-de-usos-mixtos-con-nuevos-proyectos-de-gobierno\/#primaryimage"},"image":{"@id":"https:\/\/centrourbano.com\/revista\/inmobiliario\/estiman-expansion-de-usos-mixtos-con-nuevos-proyectos-de-gobierno\/#primaryimage"},"thumbnailUrl":"https:\/\/centrourbano.com\/revista\/wp-content\/uploads\/blog7.jpg","datePublished":"2018-11-06T20:32:12+00:00","dateModified":"2018-11-06T21:07:55+00:00","description":"Newmark Knight Frank M\u00e9xico se\u00f1ala que hay un gran futuro para el desarrollo de nuevos centros comerciales en el sureste y ciudades peque\u00f1as","breadcrumb":{"@id":"https:\/\/centrourbano.com\/revista\/inmobiliario\/estiman-expansion-de-usos-mixtos-con-nuevos-proyectos-de-gobierno\/#breadcrumb"},"inLanguage":"es","potentialAction":[{"@type":"ReadAction","target":["https:\/\/centrourbano.com\/revista\/inmobiliario\/estiman-expansion-de-usos-mixtos-con-nuevos-proyectos-de-gobierno\/"]}]},{"@type":"ImageObject","inLanguage":"es","@id":"https:\/\/centrourbano.com\/revista\/inmobiliario\/estiman-expansion-de-usos-mixtos-con-nuevos-proyectos-de-gobierno\/#primaryimage","url":"https:\/\/centrourbano.com\/revista\/wp-content\/uploads\/blog7.jpg","contentUrl":"https:\/\/centrourbano.com\/revista\/wp-content\/uploads\/blog7.jpg","width":1680,"height":945,"caption":"Newmark Knight Frank M\u00e9xico se\u00f1ala que hay un gran futuro para el desarrollo de nuevos centros comerciales en el sureste y ciudades peque\u00f1as"},{"@type":"BreadcrumbList","@id":"https:\/\/centrourbano.com\/revista\/inmobiliario\/estiman-expansion-de-usos-mixtos-con-nuevos-proyectos-de-gobierno\/#breadcrumb","itemListElement":[{"@type":"ListItem","position":1,"name":"Portada","item":"https:\/\/centrourbano.com\/revista\/"},{"@type":"ListItem","position":2,"name":"Estiman expansi\u00f3n de usos mixtos con nuevos proyectos de gobierno"}]},{"@type":"WebSite","@id":"https:\/\/centrourbano.com\/revista\/#website","url":"https:\/\/centrourbano.com\/revista\/","name":"Centro Urbano","description":"Medio especializado en los sectores vivienda, inmobiliario, construcci\u00f3n, arquitectura y urbanismo.","publisher":{"@id":"https:\/\/centrourbano.com\/revista\/#organization"},"potentialAction":[{"@type":"SearchAction","target":{"@type":"EntryPoint","urlTemplate":"https:\/\/centrourbano.com\/revista\/?s={search_term_string}"},"query-input":{"@type":"PropertyValueSpecification","valueRequired":true,"valueName":"search_term_string"}}],"inLanguage":"es"},{"@type":"Organization","@id":"https:\/\/centrourbano.com\/revista\/#organization","name":"Centro Urbano","url":"https:\/\/centrourbano.com\/revista\/","logo":{"@type":"ImageObject","inLanguage":"es","@id":"https:\/\/centrourbano.com\/revista\/#\/schema\/logo\/image\/","url":"https:\/\/centrourbano.com\/revista\/wp-content\/uploads\/web_CU_logo-1.png","contentUrl":"https:\/\/centrourbano.com\/revista\/wp-content\/uploads\/web_CU_logo-1.png","width":350,"height":91,"caption":"Centro Urbano"},"image":{"@id":"https:\/\/centrourbano.com\/revista\/#\/schema\/logo\/image\/"},"sameAs":["https:\/\/www.facebook.com\/portalcentrourbano","https:\/\/x.com\/CentroUrbano","https:\/\/www.instagram.com\/centro_urbano\/","https:\/\/www.linkedin.com\/company\/centro-urbano\/","http:\/\/www.youtube.com\/user\/portalcentrourbano"]},{"@type":"Person","@id":"https:\/\/centrourbano.com\/revista\/#\/schema\/person\/515c32d01ece40d20a7ed3fdf34051af","name":"Fernando Navarrete","image":{"@type":"ImageObject","inLanguage":"es","@id":"https:\/\/secure.gravatar.com\/avatar\/f4dd6927a99e72698473e350e20ec8a38bd48cb668e15b03d04e8e537da41ad0?s=96&d=mm&r=g","url":"https:\/\/secure.gravatar.com\/avatar\/f4dd6927a99e72698473e350e20ec8a38bd48cb668e15b03d04e8e537da41ad0?s=96&d=mm&r=g","contentUrl":"https:\/\/secure.gravatar.com\/avatar\/f4dd6927a99e72698473e350e20ec8a38bd48cb668e15b03d04e8e537da41ad0?s=96&d=mm&r=g","caption":"Fernando Navarrete"},"description":"Reportero de negocios, inmobiliario, construcci\u00f3n e industria. Me interesa la econom\u00eda, pol\u00edtica, historia y antropolog\u00eda. Estudi\u00e9 en la Facultad de Ciencias Pol\u00edticas y Sociales de la UNAM. Tengo experiencia en el sector p\u00fablico, la industria del acero, ingenier\u00eda civil, IT y corporativos; soy un nost\u00e1lgico nacionalista contempor\u00e1neo que cree en la grandeza de su pa\u00eds. Asiduo lector de Juan Rulfo, Jos\u00e9 Revueltas y J. R. R Tolkien.","url":"https:\/\/centrourbano.com\/revista\/author\/fernando-navarrete\/"}]}},"_links":{"self":[{"href":"https:\/\/centrourbano.com\/revista\/wp-json\/wp\/v2\/posts\/81166","targetHints":{"allow":["GET"]}}],"collection":[{"href":"https:\/\/centrourbano.com\/revista\/wp-json\/wp\/v2\/posts"}],"about":[{"href":"https:\/\/centrourbano.com\/revista\/wp-json\/wp\/v2\/types\/post"}],"author":[{"embeddable":true,"href":"https:\/\/centrourbano.com\/revista\/wp-json\/wp\/v2\/users\/69"}],"replies":[{"embeddable":true,"href":"https:\/\/centrourbano.com\/revista\/wp-json\/wp\/v2\/comments?post=81166"}],"version-history":[{"count":6,"href":"https:\/\/centrourbano.com\/revista\/wp-json\/wp\/v2\/posts\/81166\/revisions"}],"predecessor-version":[{"id":81179,"href":"https:\/\/centrourbano.com\/revista\/wp-json\/wp\/v2\/posts\/81166\/revisions\/81179"}],"wp:featuredmedia":[{"embeddable":true,"href":"https:\/\/centrourbano.com\/revista\/wp-json\/wp\/v2\/media\/81168"}],"wp:attachment":[{"href":"https:\/\/centrourbano.com\/revista\/wp-json\/wp\/v2\/media?parent=81166"}],"wp:term":[{"taxonomy":"category","embeddable":true,"href":"https:\/\/centrourbano.com\/revista\/wp-json\/wp\/v2\/categories?post=81166"},{"taxonomy":"post_tag","embeddable":true,"href":"https:\/\/centrourbano.com\/revista\/wp-json\/wp\/v2\/tags?post=81166"}],"curies":[{"name":"wp","href":"https:\/\/api.w.org\/{rel}","templated":true}]}}