{"id":81151,"date":"2018-11-06T12:12:16","date_gmt":"2018-11-06T18:12:16","guid":{"rendered":"https:\/\/centrourbano.com\/?p=81151"},"modified":"2018-11-06T12:18:27","modified_gmt":"2018-11-06T18:18:27","slug":"fovissste-contara-10-mmdp-arranque-2019","status":"publish","type":"post","link":"https:\/\/centrourbano.com\/revista\/vivienda\/fovissste-contara-10-mmdp-arranque-2019\/","title":{"rendered":"Nueva administraci\u00f3n Fovissste contar\u00e1 con 10 mmdp de arranque"},"content":{"rendered":"<p><em>De acuerdo con Godina Herrera, el organismo cuenta con recursos para no detener operaci\u00f3n y mantener el mismo ritmo de colocaci\u00f3n hasta la primera mitad de 2019 <\/em><!--more--><\/p>\n<p>La siguiente administraci\u00f3n del Fondo de la Vivienda del Issste (<strong>Fovissste<\/strong>) contar\u00e1 con recursos por el orden de los 10,000 millones de pesos para mantener la operaci\u00f3n del organismo y evitar se detenga la colocaci\u00f3n de cr\u00e9dito. Con este monto, el Fondo podr\u00e1 mantener el otorgamiento de financiamiento por lo menos hasta los primeros cinco meses de la siguiente administraci\u00f3n.<\/p>\n<p>As\u00ed lo dio a conocer <strong>Luis Antonio Godina Herrera<\/strong>, vocal ejecutivo del Fondo, quien detall\u00f3 que la actual administraci\u00f3n federal dejar\u00e1 un organismo s\u00f3lido financieramente, con reserva de capital por 48,000 millones de pesos, as\u00ed como reservas para p\u00e9rdida esperada por m\u00e1s de 20,000 millones de pesos.<\/p>\n<p>En conferencia donde dio a conocer los logros del organismo en el actual sexenio, el Vocal Ejecutivo de Fovissste se\u00f1al\u00f3 que la Comisi\u00f3n Ejecutiva aprob\u00f3 un <strong>programa de cr\u00e9dito para 2019<\/strong> por 35,000 millones de pesos. En este sentido, destac\u00f3 que en el programa el Fondo proyecta entregar entre 44,000 y 55,000 cr\u00e9ditos.<\/p>\n<p>\u201cDejaremos al Fondo con los recursos suficientes para entregar cr\u00e9ditos por lo menos hasta mediados de 2019 (\u2026) Estos 10,000 millones representa que dejaremos 1 de cada 3 pesos que se necesitar\u00e1n para complementar el programa del a\u00f1o entrante\u201d, se\u00f1al\u00f3.<\/p>\n<p>En tal sentido, Godina Herrera record\u00f3 que en el primer a\u00f1o de la administraci\u00f3n del presidente Enrique Pe\u00f1a Nieto, el Fovissste concret\u00f3 la entrega de 69,000 cr\u00e9ditos.<\/p>\n<p>El Vocal Ejecutivo del Fondo subray\u00f3 que uno de los retos para el organismo en el siguiente sexenio es diversificar y ampliar sus fuentes de financiamiento, as\u00ed como incrementar la colocaci\u00f3n crediticia; a\u00f1adi\u00f3 que el Fondo deber\u00eda tener la capacidad de colocar cr\u00e9dito diariamente y no s\u00f3lo a trav\u00e9s del registro de solicitudes.<\/p>\n<p>&nbsp;<\/p>\n<blockquote class=\"twitter-tweet\" data-lang=\"es\">\n<p dir=\"ltr\" lang=\"es\">En el actual sexenio, <a href=\"https:\/\/twitter.com\/FOVISSSTEmx?ref_src=twsrc%5Etfw\">@FOVISSSTEmx<\/a> aument\u00f3 el monto promedio de cr\u00e9dito que entrega: <a href=\"https:\/\/twitter.com\/lgodina?ref_src=twsrc%5Etfw\">@lgodina<\/a> <a href=\"https:\/\/twitter.com\/hashtag\/CoberturaCU?src=hash&amp;ref_src=twsrc%5Etfw\">#CoberturaCU<\/a> <a href=\"https:\/\/t.co\/Cv0DqmfmHb\">pic.twitter.com\/Cv0DqmfmHb<\/a><\/p>\n<p>\u2014 Centro Urbano (@CentroUrbano) <a href=\"https:\/\/twitter.com\/CentroUrbano\/status\/1059837381900156933?ref_src=twsrc%5Etfw\">6 de noviembre de 2018<\/a><\/p><\/blockquote>\n<p><a href=\"http:\/\/blockquote%20class=twitter-tweet%20data-lang=esp%20lang=es%20dir=ltrEn%20el%20actual%20sexenio,%20a%20href=https:\/\/twitter.com\/FOVISSSTEmx?ref_src=twsrc%5Etfw@FOVISSSTEmx\/a%20aument\u00f3%20el%20monto%20promedio%20de%20cr\u00e9dito%20que%20entrega:%20a%20href=https:\/\/twitter.com\/lgodina?ref_src=twsrc%5Etfw@lgodina\/a%20a%20href=https:\/\/twitter.com\/hashtag\/CoberturaCU?src=hash&amp;ref_src=twsrc%5Etfw#CoberturaCU\/a%20a%20href=https:\/\/t.co\/Cv0DqmfmHbpic.twitter.com\/Cv0DqmfmHb\/a\/p\u2014%20Centro%20Urbano%20(@CentroUrbano)%20a%20href=https:\/\/twitter.com\/CentroUrbano\/status\/1059837381900156933?ref_src=twsrc%5Etfw6%20de%20noviembre%20de%202018\/a\/blockquote%20script%20async%20src=https:\/\/platform.twitter.com\/widgets.js%20charset=utf-8\/script\"><script async src=\"https:\/\/platform.twitter.com\/widgets.js\" charset=\"utf-8\"><\/script><\/a><\/p>\n","protected":false},"excerpt":{"rendered":"<p>De acuerdo con Godina Herrera, el organismo cuenta con recursos para no detener operaci\u00f3n y mantener el mismo ritmo de colocaci\u00f3n hasta la primera mitad de 2019<\/p>\n","protected":false},"author":47,"featured_media":81153,"comment_status":"open","ping_status":"closed","sticky":false,"template":"","format":"standard","meta":{"om_disable_all_campaigns":false,"inline_featured_image":false,"_monsterinsights_skip_tracking":false,"_monsterinsights_sitenote_active":false,"_monsterinsights_sitenote_note":"","_monsterinsights_sitenote_category":0,"footnotes":""},"categories":[12],"tags":[347,155,6765,14808,60],"class_list":["post-81151","post","type-post","status-publish","format-standard","has-post-thumbnail","hentry","category-vivienda","tag-colocacion","tag-fovissste","tag-luis-antonio-godina-herrera","tag-programa-2019","tag-vivienda-2"],"yoast_head":"<!-- This site is optimized with the Yoast SEO plugin v27.4 - https:\/\/yoast.com\/product\/yoast-seo-wordpress\/ -->\n<title>Nueva administraci\u00f3n Fovissste contar\u00e1 con 10 mmdp de arranque<\/title>\n<meta name=\"description\" content=\"De acuerdo con Godina Herrera, el organismo cuenta con recursos para no detener operaci\u00f3n y mantener el mismo ritmo de colocaci\u00f3n hasta...\" \/>\n<meta name=\"robots\" content=\"index, follow, max-snippet:-1, max-image-preview:large, max-video-preview:-1\" \/>\n<link rel=\"canonical\" href=\"https:\/\/centrourbano.com\/revista\/vivienda\/fovissste-contara-10-mmdp-arranque-2019\/\" \/>\n<meta property=\"og:locale\" content=\"es_ES\" \/>\n<meta property=\"og:type\" content=\"article\" \/>\n<meta property=\"og:title\" content=\"Nueva administraci\u00f3n Fovissste contar\u00e1 con 10 mmdp de arranque\" \/>\n<meta property=\"og:description\" content=\"De acuerdo con Godina Herrera, el organismo cuenta con recursos para no detener operaci\u00f3n y mantener el mismo ritmo de colocaci\u00f3n hasta...\" \/>\n<meta property=\"og:url\" content=\"https:\/\/centrourbano.com\/revista\/vivienda\/fovissste-contara-10-mmdp-arranque-2019\/\" \/>\n<meta property=\"og:site_name\" content=\"Centro Urbano\" \/>\n<meta property=\"article:publisher\" content=\"https:\/\/www.facebook.com\/portalcentrourbano\" \/>\n<meta property=\"article:published_time\" content=\"2018-11-06T18:12:16+00:00\" \/>\n<meta property=\"article:modified_time\" content=\"2018-11-06T18:18:27+00:00\" \/>\n<meta property=\"og:image\" content=\"https:\/\/centrourbano.com\/revista\/wp-content\/uploads\/Fovissste_Godina_Informe-2018_Centro-Urbano.jpeg\" \/>\n\t<meta property=\"og:image:width\" content=\"800\" \/>\n\t<meta property=\"og:image:height\" content=\"600\" \/>\n\t<meta property=\"og:image:type\" content=\"image\/jpeg\" \/>\n<meta name=\"author\" content=\"Edgar Rosas\" \/>\n<meta name=\"twitter:card\" content=\"summary_large_image\" \/>\n<meta name=\"twitter:creator\" content=\"@https:\/\/twitter.com\/ERosasCU?s=09\" \/>\n<meta name=\"twitter:site\" content=\"@CentroUrbano\" \/>\n<meta name=\"twitter:label1\" content=\"Escrito por\" \/>\n\t<meta name=\"twitter:data1\" content=\"Edgar Rosas\" \/>\n\t<meta name=\"twitter:label2\" content=\"Tiempo de lectura\" \/>\n\t<meta name=\"twitter:data2\" content=\"2 minutos\" \/>\n<script type=\"application\/ld+json\" class=\"yoast-schema-graph\">{\"@context\":\"https:\\\/\\\/schema.org\",\"@graph\":[{\"@type\":\"Article\",\"@id\":\"https:\\\/\\\/centrourbano.com\\\/revista\\\/vivienda\\\/fovissste-contara-10-mmdp-arranque-2019\\\/#article\",\"isPartOf\":{\"@id\":\"https:\\\/\\\/centrourbano.com\\\/revista\\\/vivienda\\\/fovissste-contara-10-mmdp-arranque-2019\\\/\"},\"author\":{\"name\":\"Edgar Rosas\",\"@id\":\"https:\\\/\\\/centrourbano.com\\\/revista\\\/#\\\/schema\\\/person\\\/ff3c00651ce5b1630479d2cd0c2e3ac0\"},\"headline\":\"Nueva administraci\u00f3n Fovissste contar\u00e1 con 10 mmdp de arranque\",\"datePublished\":\"2018-11-06T18:12:16+00:00\",\"dateModified\":\"2018-11-06T18:18:27+00:00\",\"mainEntityOfPage\":{\"@id\":\"https:\\\/\\\/centrourbano.com\\\/revista\\\/vivienda\\\/fovissste-contara-10-mmdp-arranque-2019\\\/\"},\"wordCount\":359,\"commentCount\":0,\"publisher\":{\"@id\":\"https:\\\/\\\/centrourbano.com\\\/revista\\\/#organization\"},\"image\":{\"@id\":\"https:\\\/\\\/centrourbano.com\\\/revista\\\/vivienda\\\/fovissste-contara-10-mmdp-arranque-2019\\\/#primaryimage\"},\"thumbnailUrl\":\"https:\\\/\\\/centrourbano.com\\\/revista\\\/wp-content\\\/uploads\\\/Fovissste_Godina_Informe-2018_Centro-Urbano.jpeg\",\"keywords\":[\"colocaci\u00f3n\",\"Fovissste\",\"Luis Antonio Godina Herrera\",\"Programa 2019\",\"vivienda\"],\"articleSection\":[\"Vivienda\"],\"inLanguage\":\"es\",\"potentialAction\":[{\"@type\":\"CommentAction\",\"name\":\"Comment\",\"target\":[\"https:\\\/\\\/centrourbano.com\\\/revista\\\/vivienda\\\/fovissste-contara-10-mmdp-arranque-2019\\\/#respond\"]}]},{\"@type\":\"WebPage\",\"@id\":\"https:\\\/\\\/centrourbano.com\\\/revista\\\/vivienda\\\/fovissste-contara-10-mmdp-arranque-2019\\\/\",\"url\":\"https:\\\/\\\/centrourbano.com\\\/revista\\\/vivienda\\\/fovissste-contara-10-mmdp-arranque-2019\\\/\",\"name\":\"Nueva administraci\u00f3n Fovissste contar\u00e1 con 10 mmdp de arranque\",\"isPartOf\":{\"@id\":\"https:\\\/\\\/centrourbano.com\\\/revista\\\/#website\"},\"primaryImageOfPage\":{\"@id\":\"https:\\\/\\\/centrourbano.com\\\/revista\\\/vivienda\\\/fovissste-contara-10-mmdp-arranque-2019\\\/#primaryimage\"},\"image\":{\"@id\":\"https:\\\/\\\/centrourbano.com\\\/revista\\\/vivienda\\\/fovissste-contara-10-mmdp-arranque-2019\\\/#primaryimage\"},\"thumbnailUrl\":\"https:\\\/\\\/centrourbano.com\\\/revista\\\/wp-content\\\/uploads\\\/Fovissste_Godina_Informe-2018_Centro-Urbano.jpeg\",\"datePublished\":\"2018-11-06T18:12:16+00:00\",\"dateModified\":\"2018-11-06T18:18:27+00:00\",\"description\":\"De acuerdo con Godina Herrera, el organismo cuenta con recursos para no detener operaci\u00f3n y mantener el mismo ritmo de colocaci\u00f3n hasta...\",\"breadcrumb\":{\"@id\":\"https:\\\/\\\/centrourbano.com\\\/revista\\\/vivienda\\\/fovissste-contara-10-mmdp-arranque-2019\\\/#breadcrumb\"},\"inLanguage\":\"es\",\"potentialAction\":[{\"@type\":\"ReadAction\",\"target\":[\"https:\\\/\\\/centrourbano.com\\\/revista\\\/vivienda\\\/fovissste-contara-10-mmdp-arranque-2019\\\/\"]}]},{\"@type\":\"ImageObject\",\"inLanguage\":\"es\",\"@id\":\"https:\\\/\\\/centrourbano.com\\\/revista\\\/vivienda\\\/fovissste-contara-10-mmdp-arranque-2019\\\/#primaryimage\",\"url\":\"https:\\\/\\\/centrourbano.com\\\/revista\\\/wp-content\\\/uploads\\\/Fovissste_Godina_Informe-2018_Centro-Urbano.jpeg\",\"contentUrl\":\"https:\\\/\\\/centrourbano.com\\\/revista\\\/wp-content\\\/uploads\\\/Fovissste_Godina_Informe-2018_Centro-Urbano.jpeg\",\"width\":800,\"height\":600,\"caption\":\"De acuerdo con Godina Herrera, el organismo cuenta con recursos para no detener operaci\u00f3n y mantener el mismo ritmo de colocaci\u00f3n hasta la primera mitad de 2019\"},{\"@type\":\"BreadcrumbList\",\"@id\":\"https:\\\/\\\/centrourbano.com\\\/revista\\\/vivienda\\\/fovissste-contara-10-mmdp-arranque-2019\\\/#breadcrumb\",\"itemListElement\":[{\"@type\":\"ListItem\",\"position\":1,\"name\":\"Portada\",\"item\":\"https:\\\/\\\/centrourbano.com\\\/revista\\\/\"},{\"@type\":\"ListItem\",\"position\":2,\"name\":\"Nueva administraci\u00f3n Fovissste contar\u00e1 con 10 mmdp de arranque\"}]},{\"@type\":\"WebSite\",\"@id\":\"https:\\\/\\\/centrourbano.com\\\/revista\\\/#website\",\"url\":\"https:\\\/\\\/centrourbano.com\\\/revista\\\/\",\"name\":\"Centro Urbano\",\"description\":\"Medio especializado en los sectores vivienda, inmobiliario, construcci\u00f3n, arquitectura y urbanismo.\",\"publisher\":{\"@id\":\"https:\\\/\\\/centrourbano.com\\\/revista\\\/#organization\"},\"potentialAction\":[{\"@type\":\"SearchAction\",\"target\":{\"@type\":\"EntryPoint\",\"urlTemplate\":\"https:\\\/\\\/centrourbano.com\\\/revista\\\/?s={search_term_string}\"},\"query-input\":{\"@type\":\"PropertyValueSpecification\",\"valueRequired\":true,\"valueName\":\"search_term_string\"}}],\"inLanguage\":\"es\"},{\"@type\":\"Organization\",\"@id\":\"https:\\\/\\\/centrourbano.com\\\/revista\\\/#organization\",\"name\":\"Centro Urbano\",\"url\":\"https:\\\/\\\/centrourbano.com\\\/revista\\\/\",\"logo\":{\"@type\":\"ImageObject\",\"inLanguage\":\"es\",\"@id\":\"https:\\\/\\\/centrourbano.com\\\/revista\\\/#\\\/schema\\\/logo\\\/image\\\/\",\"url\":\"https:\\\/\\\/centrourbano.com\\\/revista\\\/wp-content\\\/uploads\\\/web_CU_logo-1.png\",\"contentUrl\":\"https:\\\/\\\/centrourbano.com\\\/revista\\\/wp-content\\\/uploads\\\/web_CU_logo-1.png\",\"width\":350,\"height\":91,\"caption\":\"Centro Urbano\"},\"image\":{\"@id\":\"https:\\\/\\\/centrourbano.com\\\/revista\\\/#\\\/schema\\\/logo\\\/image\\\/\"},\"sameAs\":[\"https:\\\/\\\/www.facebook.com\\\/portalcentrourbano\",\"https:\\\/\\\/x.com\\\/CentroUrbano\",\"https:\\\/\\\/www.instagram.com\\\/centro_urbano\\\/\",\"https:\\\/\\\/www.linkedin.com\\\/company\\\/centro-urbano\\\/\",\"http:\\\/\\\/www.youtube.com\\\/user\\\/portalcentrourbano\"]},{\"@type\":\"Person\",\"@id\":\"https:\\\/\\\/centrourbano.com\\\/revista\\\/#\\\/schema\\\/person\\\/ff3c00651ce5b1630479d2cd0c2e3ac0\",\"name\":\"Edgar Rosas\",\"image\":{\"@type\":\"ImageObject\",\"inLanguage\":\"es\",\"@id\":\"https:\\\/\\\/secure.gravatar.com\\\/avatar\\\/94440c4283495211faa5300bf85e80061036b83fced868c3783aa1310b350d9c?s=96&d=mm&r=g\",\"url\":\"https:\\\/\\\/secure.gravatar.com\\\/avatar\\\/94440c4283495211faa5300bf85e80061036b83fced868c3783aa1310b350d9c?s=96&d=mm&r=g\",\"contentUrl\":\"https:\\\/\\\/secure.gravatar.com\\\/avatar\\\/94440c4283495211faa5300bf85e80061036b83fced868c3783aa1310b350d9c?s=96&d=mm&r=g\",\"caption\":\"Edgar Rosas\"},\"description\":\"Editor en Jefe de Centro Urbano. Egresado de la maestr\u00eda en Periodismo Pol\u00edtico de la Escuela de Periodismo Carlos Septi\u00e9n Garc\u00eda (EPCSG). Estudi\u00f3 la licenciatura en Comunicaci\u00f3n en la Universidad Mexicana. Amante de la cr\u00f3nica y el reportaje. Admirador de Vicente Le\u00f1ero y Miguel \u00c1ngel Granados Chapa.\",\"sameAs\":[\"https:\\\/\\\/x.com\\\/https:\\\/\\\/twitter.com\\\/ERosasCU?s=09\"],\"url\":\"https:\\\/\\\/centrourbano.com\\\/revista\\\/author\\\/edgar-rosas\\\/\"}]}<\/script>\n<!-- \/ Yoast SEO plugin. -->","yoast_head_json":{"title":"Nueva administraci\u00f3n Fovissste contar\u00e1 con 10 mmdp de arranque","description":"De acuerdo con Godina Herrera, el organismo cuenta con recursos para no detener operaci\u00f3n y mantener el mismo ritmo de colocaci\u00f3n hasta...","robots":{"index":"index","follow":"follow","max-snippet":"max-snippet:-1","max-image-preview":"max-image-preview:large","max-video-preview":"max-video-preview:-1"},"canonical":"https:\/\/centrourbano.com\/revista\/vivienda\/fovissste-contara-10-mmdp-arranque-2019\/","og_locale":"es_ES","og_type":"article","og_title":"Nueva administraci\u00f3n Fovissste contar\u00e1 con 10 mmdp de arranque","og_description":"De acuerdo con Godina Herrera, el organismo cuenta con recursos para no detener operaci\u00f3n y mantener el mismo ritmo de colocaci\u00f3n hasta...","og_url":"https:\/\/centrourbano.com\/revista\/vivienda\/fovissste-contara-10-mmdp-arranque-2019\/","og_site_name":"Centro Urbano","article_publisher":"https:\/\/www.facebook.com\/portalcentrourbano","article_published_time":"2018-11-06T18:12:16+00:00","article_modified_time":"2018-11-06T18:18:27+00:00","og_image":[{"width":800,"height":600,"url":"https:\/\/centrourbano.com\/revista\/wp-content\/uploads\/Fovissste_Godina_Informe-2018_Centro-Urbano.jpeg","type":"image\/jpeg"}],"author":"Edgar Rosas","twitter_card":"summary_large_image","twitter_creator":"@https:\/\/twitter.com\/ERosasCU?s=09","twitter_site":"@CentroUrbano","twitter_misc":{"Escrito por":"Edgar Rosas","Tiempo de lectura":"2 minutos"},"schema":{"@context":"https:\/\/schema.org","@graph":[{"@type":"Article","@id":"https:\/\/centrourbano.com\/revista\/vivienda\/fovissste-contara-10-mmdp-arranque-2019\/#article","isPartOf":{"@id":"https:\/\/centrourbano.com\/revista\/vivienda\/fovissste-contara-10-mmdp-arranque-2019\/"},"author":{"name":"Edgar Rosas","@id":"https:\/\/centrourbano.com\/revista\/#\/schema\/person\/ff3c00651ce5b1630479d2cd0c2e3ac0"},"headline":"Nueva administraci\u00f3n Fovissste contar\u00e1 con 10 mmdp de arranque","datePublished":"2018-11-06T18:12:16+00:00","dateModified":"2018-11-06T18:18:27+00:00","mainEntityOfPage":{"@id":"https:\/\/centrourbano.com\/revista\/vivienda\/fovissste-contara-10-mmdp-arranque-2019\/"},"wordCount":359,"commentCount":0,"publisher":{"@id":"https:\/\/centrourbano.com\/revista\/#organization"},"image":{"@id":"https:\/\/centrourbano.com\/revista\/vivienda\/fovissste-contara-10-mmdp-arranque-2019\/#primaryimage"},"thumbnailUrl":"https:\/\/centrourbano.com\/revista\/wp-content\/uploads\/Fovissste_Godina_Informe-2018_Centro-Urbano.jpeg","keywords":["colocaci\u00f3n","Fovissste","Luis Antonio Godina Herrera","Programa 2019","vivienda"],"articleSection":["Vivienda"],"inLanguage":"es","potentialAction":[{"@type":"CommentAction","name":"Comment","target":["https:\/\/centrourbano.com\/revista\/vivienda\/fovissste-contara-10-mmdp-arranque-2019\/#respond"]}]},{"@type":"WebPage","@id":"https:\/\/centrourbano.com\/revista\/vivienda\/fovissste-contara-10-mmdp-arranque-2019\/","url":"https:\/\/centrourbano.com\/revista\/vivienda\/fovissste-contara-10-mmdp-arranque-2019\/","name":"Nueva administraci\u00f3n Fovissste contar\u00e1 con 10 mmdp de arranque","isPartOf":{"@id":"https:\/\/centrourbano.com\/revista\/#website"},"primaryImageOfPage":{"@id":"https:\/\/centrourbano.com\/revista\/vivienda\/fovissste-contara-10-mmdp-arranque-2019\/#primaryimage"},"image":{"@id":"https:\/\/centrourbano.com\/revista\/vivienda\/fovissste-contara-10-mmdp-arranque-2019\/#primaryimage"},"thumbnailUrl":"https:\/\/centrourbano.com\/revista\/wp-content\/uploads\/Fovissste_Godina_Informe-2018_Centro-Urbano.jpeg","datePublished":"2018-11-06T18:12:16+00:00","dateModified":"2018-11-06T18:18:27+00:00","description":"De acuerdo con Godina Herrera, el organismo cuenta con recursos para no detener operaci\u00f3n y mantener el mismo ritmo de colocaci\u00f3n hasta...","breadcrumb":{"@id":"https:\/\/centrourbano.com\/revista\/vivienda\/fovissste-contara-10-mmdp-arranque-2019\/#breadcrumb"},"inLanguage":"es","potentialAction":[{"@type":"ReadAction","target":["https:\/\/centrourbano.com\/revista\/vivienda\/fovissste-contara-10-mmdp-arranque-2019\/"]}]},{"@type":"ImageObject","inLanguage":"es","@id":"https:\/\/centrourbano.com\/revista\/vivienda\/fovissste-contara-10-mmdp-arranque-2019\/#primaryimage","url":"https:\/\/centrourbano.com\/revista\/wp-content\/uploads\/Fovissste_Godina_Informe-2018_Centro-Urbano.jpeg","contentUrl":"https:\/\/centrourbano.com\/revista\/wp-content\/uploads\/Fovissste_Godina_Informe-2018_Centro-Urbano.jpeg","width":800,"height":600,"caption":"De acuerdo con Godina Herrera, el organismo cuenta con recursos para no detener operaci\u00f3n y mantener el mismo ritmo de colocaci\u00f3n hasta la primera mitad de 2019"},{"@type":"BreadcrumbList","@id":"https:\/\/centrourbano.com\/revista\/vivienda\/fovissste-contara-10-mmdp-arranque-2019\/#breadcrumb","itemListElement":[{"@type":"ListItem","position":1,"name":"Portada","item":"https:\/\/centrourbano.com\/revista\/"},{"@type":"ListItem","position":2,"name":"Nueva administraci\u00f3n Fovissste contar\u00e1 con 10 mmdp de arranque"}]},{"@type":"WebSite","@id":"https:\/\/centrourbano.com\/revista\/#website","url":"https:\/\/centrourbano.com\/revista\/","name":"Centro Urbano","description":"Medio especializado en los sectores vivienda, inmobiliario, construcci\u00f3n, arquitectura y urbanismo.","publisher":{"@id":"https:\/\/centrourbano.com\/revista\/#organization"},"potentialAction":[{"@type":"SearchAction","target":{"@type":"EntryPoint","urlTemplate":"https:\/\/centrourbano.com\/revista\/?s={search_term_string}"},"query-input":{"@type":"PropertyValueSpecification","valueRequired":true,"valueName":"search_term_string"}}],"inLanguage":"es"},{"@type":"Organization","@id":"https:\/\/centrourbano.com\/revista\/#organization","name":"Centro Urbano","url":"https:\/\/centrourbano.com\/revista\/","logo":{"@type":"ImageObject","inLanguage":"es","@id":"https:\/\/centrourbano.com\/revista\/#\/schema\/logo\/image\/","url":"https:\/\/centrourbano.com\/revista\/wp-content\/uploads\/web_CU_logo-1.png","contentUrl":"https:\/\/centrourbano.com\/revista\/wp-content\/uploads\/web_CU_logo-1.png","width":350,"height":91,"caption":"Centro Urbano"},"image":{"@id":"https:\/\/centrourbano.com\/revista\/#\/schema\/logo\/image\/"},"sameAs":["https:\/\/www.facebook.com\/portalcentrourbano","https:\/\/x.com\/CentroUrbano","https:\/\/www.instagram.com\/centro_urbano\/","https:\/\/www.linkedin.com\/company\/centro-urbano\/","http:\/\/www.youtube.com\/user\/portalcentrourbano"]},{"@type":"Person","@id":"https:\/\/centrourbano.com\/revista\/#\/schema\/person\/ff3c00651ce5b1630479d2cd0c2e3ac0","name":"Edgar Rosas","image":{"@type":"ImageObject","inLanguage":"es","@id":"https:\/\/secure.gravatar.com\/avatar\/94440c4283495211faa5300bf85e80061036b83fced868c3783aa1310b350d9c?s=96&d=mm&r=g","url":"https:\/\/secure.gravatar.com\/avatar\/94440c4283495211faa5300bf85e80061036b83fced868c3783aa1310b350d9c?s=96&d=mm&r=g","contentUrl":"https:\/\/secure.gravatar.com\/avatar\/94440c4283495211faa5300bf85e80061036b83fced868c3783aa1310b350d9c?s=96&d=mm&r=g","caption":"Edgar Rosas"},"description":"Editor en Jefe de Centro Urbano. Egresado de la maestr\u00eda en Periodismo Pol\u00edtico de la Escuela de Periodismo Carlos Septi\u00e9n Garc\u00eda (EPCSG). Estudi\u00f3 la licenciatura en Comunicaci\u00f3n en la Universidad Mexicana. Amante de la cr\u00f3nica y el reportaje. Admirador de Vicente Le\u00f1ero y Miguel \u00c1ngel Granados Chapa.","sameAs":["https:\/\/x.com\/https:\/\/twitter.com\/ERosasCU?s=09"],"url":"https:\/\/centrourbano.com\/revista\/author\/edgar-rosas\/"}]}},"_links":{"self":[{"href":"https:\/\/centrourbano.com\/revista\/wp-json\/wp\/v2\/posts\/81151","targetHints":{"allow":["GET"]}}],"collection":[{"href":"https:\/\/centrourbano.com\/revista\/wp-json\/wp\/v2\/posts"}],"about":[{"href":"https:\/\/centrourbano.com\/revista\/wp-json\/wp\/v2\/types\/post"}],"author":[{"embeddable":true,"href":"https:\/\/centrourbano.com\/revista\/wp-json\/wp\/v2\/users\/47"}],"replies":[{"embeddable":true,"href":"https:\/\/centrourbano.com\/revista\/wp-json\/wp\/v2\/comments?post=81151"}],"version-history":[{"count":4,"href":"https:\/\/centrourbano.com\/revista\/wp-json\/wp\/v2\/posts\/81151\/revisions"}],"predecessor-version":[{"id":81157,"href":"https:\/\/centrourbano.com\/revista\/wp-json\/wp\/v2\/posts\/81151\/revisions\/81157"}],"wp:featuredmedia":[{"embeddable":true,"href":"https:\/\/centrourbano.com\/revista\/wp-json\/wp\/v2\/media\/81153"}],"wp:attachment":[{"href":"https:\/\/centrourbano.com\/revista\/wp-json\/wp\/v2\/media?parent=81151"}],"wp:term":[{"taxonomy":"category","embeddable":true,"href":"https:\/\/centrourbano.com\/revista\/wp-json\/wp\/v2\/categories?post=81151"},{"taxonomy":"post_tag","embeddable":true,"href":"https:\/\/centrourbano.com\/revista\/wp-json\/wp\/v2\/tags?post=81151"}],"curies":[{"name":"wp","href":"https:\/\/api.w.org\/{rel}","templated":true}]}}