{"id":80991,"date":"2018-11-02T08:05:32","date_gmt":"2018-11-02T14:05:32","guid":{"rendered":"https:\/\/centrourbano.com\/?p=80991"},"modified":"2018-11-02T09:52:57","modified_gmt":"2018-11-02T15:52:57","slug":"inah-avanza-en-recuperacion-de-patrimonio-en-veracruz","status":"publish","type":"post","link":"https:\/\/centrourbano.com\/revista\/arquitectura-2\/inah-avanza-en-recuperacion-de-patrimonio-en-veracruz\/","title":{"rendered":"INAH avanza en recuperaci\u00f3n de patrimonio en Veracruz"},"content":{"rendered":"<p><em>La instituci\u00f3n ha consolidado reparaciones en 7 inmuebles y actualmente trabaja para concluir labores en 4 edificios m\u00e1s, con avances hasta de 90%<\/em><!--more--><\/p>\n<p>Los sismos del pasado 7 y 19 de septiembre de 2017, afectaron el patrimonio cultural de Veracruz, pese a que el estado no se ubica cerca de los epicentros de ambos movimientos tel\u00faricos.<\/p>\n<p>&nbsp;<\/p>\n<p>Hasta la fecha, el \u00a0Instituto Nacional de Antropolog\u00eda e Historia (INAH) ha concluido con la restauraci\u00f3n de 7 inmuebles afectados y otros 3 se encuentran en tr\u00e1mites administrativos: el Museo Tuxteco, en Santiago Tuxtla; la Catedral de la Inmaculada Concepci\u00f3n y la Rector\u00eda de San Jos\u00e9 Obrero, ambas ubicadas en C\u00f3rdoba.<\/p>\n<p>&nbsp;<\/p>\n<p>Respecto a los inmuebles que ya han sido restaurados, se encuentran la iglesia de la Asunci\u00f3n, en el municipio de Teocelo, y las parroquias de San Jos\u00e9, en Xalapa y de San Juan Bautista en Acultzingo; la biblioteca, la ceramoteca y las oficinas del INAH estatal, localizadas en el puerto de Veracruz y en Xalapa.<\/p>\n<p>&nbsp;<\/p>\n<p>La iglesia de la Asunci\u00f3n en Teocelo, es una edificaci\u00f3n construida entre 1872 y 1880, entre sus afectaciones se encontraban grietas y fisuras adem\u00e1s del desprendimiento de mamposter\u00eda en arcos de las torres campanario, los cuales ya fueron atendidos y reparados en su totalidad.<\/p>\n<p>&nbsp;<\/p>\n<p>El recinto de la Parroquia de San Jos\u00e9 en Xalapa, tiene antecedentes hist\u00f3ricos que datan del siglo XVI, y fue hasta el siglo XVIII cuando se edific\u00f3 la estructura actual. El INAH realiz\u00f3 intervenciones como aplanadas, reparaci\u00f3n de juntas de construcci\u00f3n en estructura de mamposter\u00eda de piedra y el refuerzo de las grietas que se formaron en tres de las columnas de la nave principal y en la balaustrada perimetral de la barda atrial.<\/p>\n<p>&nbsp;<\/p>\n<p>De igual forma se atendieron los da\u00f1os de la Parroquia de San Juan Bautista en Acultzingo, la cual presentaba fisuras entre la torre campanario y la nave principal, as\u00ed como en el arco de acceso de \u00e9ste \u00faltimo, adem\u00e1s que se restituyeron los aplanados desprendidos.<\/p>\n<p>&nbsp;<\/p>\n<p>Las oficinas del centro INAH Veracruz est\u00e1n asentadas en una casa habitaci\u00f3n ubicada en el puerto de la capital del estado, esta fue construida a mediados del siglo XIX y entre sus da\u00f1os result\u00f3 la fractura, desprendimiento y ca\u00edda del barandal de balaustres de la planta alta, el cual tuvo que ser restituido.<\/p>\n<p>&nbsp;<\/p>\n<p>En la biblioteca y en la ceramoteca se reportaron fisuras y grietas, adem\u00e1s esta \u00faltima sufri\u00f3 da\u00f1os en cubierta con desprendimiento de aplanados en plaf\u00f3n y afortunadamente todas las afectaciones ya fueron intervenidas y consolidadas.<\/p>\n<p>&nbsp;<\/p>\n<p>Actualmente, el instituto se encuentra realizando intervenciones en la iglesia de la Candelaria y en la Parroquia de San Crist\u00f3bal, en Tlacotalpan, en esta \u00faltima se ha logrado un avance de reparaci\u00f3n de 90%. Asimismo han obtenido un 60% de avance en las labores de recuperaci\u00f3n de la Parroquia de San Jos\u00e9 de Gracia, en Orizaba y un 30% en la Parroquia de San Juan Bautista ubicada en Coscomatepec.<\/p>\n","protected":false},"excerpt":{"rendered":"<p>La instituci\u00f3n ha consolidado reparaciones en 7 inmuebles y actualmente trabaja para concluir labores en 4 edificios m\u00e1s, con avances hasta de 90%<\/p>\n","protected":false},"author":66,"featured_media":80996,"comment_status":"open","ping_status":"closed","sticky":false,"template":"","format":"standard","meta":{"om_disable_all_campaigns":false,"inline_featured_image":false,"_monsterinsights_skip_tracking":false,"_monsterinsights_sitenote_active":false,"_monsterinsights_sitenote_note":"","_monsterinsights_sitenote_category":0,"footnotes":""},"categories":[81,1],"tags":[20,671,4049,14479,70],"class_list":["post-80991","post","type-post","status-publish","format-standard","has-post-thumbnail","hentry","category-arquitectura-2","category-sin-categoria","tag-arquitectura","tag-inah","tag-restauracion","tag-sismo-19-s","tag-veracruz"],"yoast_head":"<!-- This site is optimized with the Yoast SEO plugin v27.4 - https:\/\/yoast.com\/product\/yoast-seo-wordpress\/ -->\n<title>INAH avanza en recuperaci\u00f3n de patrimonio en Veracruz<\/title>\n<meta name=\"description\" content=\"La instituci\u00f3n ha consolidado reparaciones en 7 inmuebles y actualmente trabaja para concluir labores en 4 edificios m\u00e1s con, avances hasta del 90%\" \/>\n<meta name=\"robots\" content=\"index, follow, max-snippet:-1, max-image-preview:large, max-video-preview:-1\" \/>\n<link rel=\"canonical\" href=\"https:\/\/centrourbano.com\/revista\/arquitectura-2\/inah-avanza-en-recuperacion-de-patrimonio-en-veracruz\/\" \/>\n<meta property=\"og:locale\" content=\"es_ES\" \/>\n<meta property=\"og:type\" content=\"article\" \/>\n<meta property=\"og:title\" content=\"INAH avanza en recuperaci\u00f3n de patrimonio en Veracruz\" \/>\n<meta property=\"og:description\" content=\"La instituci\u00f3n ha consolidado reparaciones en 7 inmuebles y actualmente trabaja para concluir labores en 4 edificios m\u00e1s con, avances hasta del 90%\" \/>\n<meta property=\"og:url\" content=\"https:\/\/centrourbano.com\/revista\/arquitectura-2\/inah-avanza-en-recuperacion-de-patrimonio-en-veracruz\/\" \/>\n<meta property=\"og:site_name\" content=\"Centro Urbano\" \/>\n<meta property=\"article:publisher\" content=\"https:\/\/www.facebook.com\/portalcentrourbano\" \/>\n<meta property=\"article:published_time\" content=\"2018-11-02T14:05:32+00:00\" \/>\n<meta property=\"article:modified_time\" content=\"2018-11-02T15:52:57+00:00\" \/>\n<meta property=\"og:image\" content=\"https:\/\/centrourbano.com\/revista\/wp-content\/uploads\/foto3-3.jpg\" \/>\n\t<meta property=\"og:image:width\" content=\"800\" \/>\n\t<meta property=\"og:image:height\" content=\"528\" \/>\n\t<meta property=\"og:image:type\" content=\"image\/jpeg\" \/>\n<meta name=\"author\" content=\"Valeria G\u00f3mez\" \/>\n<meta name=\"twitter:card\" content=\"summary_large_image\" \/>\n<meta name=\"twitter:creator\" content=\"@CentroUrbano\" \/>\n<meta name=\"twitter:site\" content=\"@CentroUrbano\" \/>\n<meta name=\"twitter:label1\" content=\"Escrito por\" \/>\n\t<meta name=\"twitter:data1\" content=\"Valeria G\u00f3mez\" \/>\n\t<meta name=\"twitter:label2\" content=\"Tiempo de lectura\" \/>\n\t<meta name=\"twitter:data2\" content=\"3 minutos\" \/>\n<script type=\"application\/ld+json\" class=\"yoast-schema-graph\">{\"@context\":\"https:\\\/\\\/schema.org\",\"@graph\":[{\"@type\":\"Article\",\"@id\":\"https:\\\/\\\/centrourbano.com\\\/revista\\\/arquitectura-2\\\/inah-avanza-en-recuperacion-de-patrimonio-en-veracruz\\\/#article\",\"isPartOf\":{\"@id\":\"https:\\\/\\\/centrourbano.com\\\/revista\\\/arquitectura-2\\\/inah-avanza-en-recuperacion-de-patrimonio-en-veracruz\\\/\"},\"author\":{\"name\":\"Valeria G\u00f3mez\",\"@id\":\"https:\\\/\\\/centrourbano.com\\\/revista\\\/#\\\/schema\\\/person\\\/d4f8063028e489b077e3de34b2aad9ae\"},\"headline\":\"INAH avanza en recuperaci\u00f3n de patrimonio en Veracruz\",\"datePublished\":\"2018-11-02T14:05:32+00:00\",\"dateModified\":\"2018-11-02T15:52:57+00:00\",\"mainEntityOfPage\":{\"@id\":\"https:\\\/\\\/centrourbano.com\\\/revista\\\/arquitectura-2\\\/inah-avanza-en-recuperacion-de-patrimonio-en-veracruz\\\/\"},\"wordCount\":516,\"commentCount\":0,\"publisher\":{\"@id\":\"https:\\\/\\\/centrourbano.com\\\/revista\\\/#organization\"},\"image\":{\"@id\":\"https:\\\/\\\/centrourbano.com\\\/revista\\\/arquitectura-2\\\/inah-avanza-en-recuperacion-de-patrimonio-en-veracruz\\\/#primaryimage\"},\"thumbnailUrl\":\"https:\\\/\\\/centrourbano.com\\\/revista\\\/wp-content\\\/uploads\\\/foto3-3.jpg\",\"keywords\":[\"arquitectura\",\"INAH\",\"restauraci\u00f3n\",\"Sismo 19-S\",\"Veracruz\"],\"articleSection\":[\"Arquitectura\"],\"inLanguage\":\"es\",\"potentialAction\":[{\"@type\":\"CommentAction\",\"name\":\"Comment\",\"target\":[\"https:\\\/\\\/centrourbano.com\\\/revista\\\/arquitectura-2\\\/inah-avanza-en-recuperacion-de-patrimonio-en-veracruz\\\/#respond\"]}]},{\"@type\":\"WebPage\",\"@id\":\"https:\\\/\\\/centrourbano.com\\\/revista\\\/arquitectura-2\\\/inah-avanza-en-recuperacion-de-patrimonio-en-veracruz\\\/\",\"url\":\"https:\\\/\\\/centrourbano.com\\\/revista\\\/arquitectura-2\\\/inah-avanza-en-recuperacion-de-patrimonio-en-veracruz\\\/\",\"name\":\"INAH avanza en recuperaci\u00f3n de patrimonio en Veracruz\",\"isPartOf\":{\"@id\":\"https:\\\/\\\/centrourbano.com\\\/revista\\\/#website\"},\"primaryImageOfPage\":{\"@id\":\"https:\\\/\\\/centrourbano.com\\\/revista\\\/arquitectura-2\\\/inah-avanza-en-recuperacion-de-patrimonio-en-veracruz\\\/#primaryimage\"},\"image\":{\"@id\":\"https:\\\/\\\/centrourbano.com\\\/revista\\\/arquitectura-2\\\/inah-avanza-en-recuperacion-de-patrimonio-en-veracruz\\\/#primaryimage\"},\"thumbnailUrl\":\"https:\\\/\\\/centrourbano.com\\\/revista\\\/wp-content\\\/uploads\\\/foto3-3.jpg\",\"datePublished\":\"2018-11-02T14:05:32+00:00\",\"dateModified\":\"2018-11-02T15:52:57+00:00\",\"description\":\"La instituci\u00f3n ha consolidado reparaciones en 7 inmuebles y actualmente trabaja para concluir labores en 4 edificios m\u00e1s con, avances hasta del 90%\",\"breadcrumb\":{\"@id\":\"https:\\\/\\\/centrourbano.com\\\/revista\\\/arquitectura-2\\\/inah-avanza-en-recuperacion-de-patrimonio-en-veracruz\\\/#breadcrumb\"},\"inLanguage\":\"es\",\"potentialAction\":[{\"@type\":\"ReadAction\",\"target\":[\"https:\\\/\\\/centrourbano.com\\\/revista\\\/arquitectura-2\\\/inah-avanza-en-recuperacion-de-patrimonio-en-veracruz\\\/\"]}]},{\"@type\":\"ImageObject\",\"inLanguage\":\"es\",\"@id\":\"https:\\\/\\\/centrourbano.com\\\/revista\\\/arquitectura-2\\\/inah-avanza-en-recuperacion-de-patrimonio-en-veracruz\\\/#primaryimage\",\"url\":\"https:\\\/\\\/centrourbano.com\\\/revista\\\/wp-content\\\/uploads\\\/foto3-3.jpg\",\"contentUrl\":\"https:\\\/\\\/centrourbano.com\\\/revista\\\/wp-content\\\/uploads\\\/foto3-3.jpg\",\"width\":800,\"height\":528,\"caption\":\"La instituci\u00f3n ha consolidado reparaciones en 7 inmuebles y actualmente trabaja para concluir labores en 4 edificios m\u00e1s, con avances hasta de 90%\"},{\"@type\":\"BreadcrumbList\",\"@id\":\"https:\\\/\\\/centrourbano.com\\\/revista\\\/arquitectura-2\\\/inah-avanza-en-recuperacion-de-patrimonio-en-veracruz\\\/#breadcrumb\",\"itemListElement\":[{\"@type\":\"ListItem\",\"position\":1,\"name\":\"Portada\",\"item\":\"https:\\\/\\\/centrourbano.com\\\/revista\\\/\"},{\"@type\":\"ListItem\",\"position\":2,\"name\":\"INAH avanza en recuperaci\u00f3n de patrimonio en Veracruz\"}]},{\"@type\":\"WebSite\",\"@id\":\"https:\\\/\\\/centrourbano.com\\\/revista\\\/#website\",\"url\":\"https:\\\/\\\/centrourbano.com\\\/revista\\\/\",\"name\":\"Centro Urbano\",\"description\":\"Medio especializado en los sectores vivienda, inmobiliario, construcci\u00f3n, arquitectura y urbanismo.\",\"publisher\":{\"@id\":\"https:\\\/\\\/centrourbano.com\\\/revista\\\/#organization\"},\"potentialAction\":[{\"@type\":\"SearchAction\",\"target\":{\"@type\":\"EntryPoint\",\"urlTemplate\":\"https:\\\/\\\/centrourbano.com\\\/revista\\\/?s={search_term_string}\"},\"query-input\":{\"@type\":\"PropertyValueSpecification\",\"valueRequired\":true,\"valueName\":\"search_term_string\"}}],\"inLanguage\":\"es\"},{\"@type\":\"Organization\",\"@id\":\"https:\\\/\\\/centrourbano.com\\\/revista\\\/#organization\",\"name\":\"Centro Urbano\",\"url\":\"https:\\\/\\\/centrourbano.com\\\/revista\\\/\",\"logo\":{\"@type\":\"ImageObject\",\"inLanguage\":\"es\",\"@id\":\"https:\\\/\\\/centrourbano.com\\\/revista\\\/#\\\/schema\\\/logo\\\/image\\\/\",\"url\":\"https:\\\/\\\/centrourbano.com\\\/revista\\\/wp-content\\\/uploads\\\/web_CU_logo-1.png\",\"contentUrl\":\"https:\\\/\\\/centrourbano.com\\\/revista\\\/wp-content\\\/uploads\\\/web_CU_logo-1.png\",\"width\":350,\"height\":91,\"caption\":\"Centro Urbano\"},\"image\":{\"@id\":\"https:\\\/\\\/centrourbano.com\\\/revista\\\/#\\\/schema\\\/logo\\\/image\\\/\"},\"sameAs\":[\"https:\\\/\\\/www.facebook.com\\\/portalcentrourbano\",\"https:\\\/\\\/x.com\\\/CentroUrbano\",\"https:\\\/\\\/www.instagram.com\\\/centro_urbano\\\/\",\"https:\\\/\\\/www.linkedin.com\\\/company\\\/centro-urbano\\\/\",\"http:\\\/\\\/www.youtube.com\\\/user\\\/portalcentrourbano\"]},{\"@type\":\"Person\",\"@id\":\"https:\\\/\\\/centrourbano.com\\\/revista\\\/#\\\/schema\\\/person\\\/d4f8063028e489b077e3de34b2aad9ae\",\"name\":\"Valeria G\u00f3mez\",\"image\":{\"@type\":\"ImageObject\",\"inLanguage\":\"es\",\"@id\":\"https:\\\/\\\/secure.gravatar.com\\\/avatar\\\/6ac5ee2437ce720c0a29924adbc5914a56612f0ad0b8555914b4f2b27832582f?s=96&d=mm&r=g\",\"url\":\"https:\\\/\\\/secure.gravatar.com\\\/avatar\\\/6ac5ee2437ce720c0a29924adbc5914a56612f0ad0b8555914b4f2b27832582f?s=96&d=mm&r=g\",\"contentUrl\":\"https:\\\/\\\/secure.gravatar.com\\\/avatar\\\/6ac5ee2437ce720c0a29924adbc5914a56612f0ad0b8555914b4f2b27832582f?s=96&d=mm&r=g\",\"caption\":\"Valeria G\u00f3mez\"},\"url\":\"https:\\\/\\\/centrourbano.com\\\/revista\\\/author\\\/valeria-gomez\\\/\"}]}<\/script>\n<!-- \/ Yoast SEO plugin. -->","yoast_head_json":{"title":"INAH avanza en recuperaci\u00f3n de patrimonio en Veracruz","description":"La instituci\u00f3n ha consolidado reparaciones en 7 inmuebles y actualmente trabaja para concluir labores en 4 edificios m\u00e1s con, avances hasta del 90%","robots":{"index":"index","follow":"follow","max-snippet":"max-snippet:-1","max-image-preview":"max-image-preview:large","max-video-preview":"max-video-preview:-1"},"canonical":"https:\/\/centrourbano.com\/revista\/arquitectura-2\/inah-avanza-en-recuperacion-de-patrimonio-en-veracruz\/","og_locale":"es_ES","og_type":"article","og_title":"INAH avanza en recuperaci\u00f3n de patrimonio en Veracruz","og_description":"La instituci\u00f3n ha consolidado reparaciones en 7 inmuebles y actualmente trabaja para concluir labores en 4 edificios m\u00e1s con, avances hasta del 90%","og_url":"https:\/\/centrourbano.com\/revista\/arquitectura-2\/inah-avanza-en-recuperacion-de-patrimonio-en-veracruz\/","og_site_name":"Centro Urbano","article_publisher":"https:\/\/www.facebook.com\/portalcentrourbano","article_published_time":"2018-11-02T14:05:32+00:00","article_modified_time":"2018-11-02T15:52:57+00:00","og_image":[{"width":800,"height":528,"url":"https:\/\/centrourbano.com\/revista\/wp-content\/uploads\/foto3-3.jpg","type":"image\/jpeg"}],"author":"Valeria G\u00f3mez","twitter_card":"summary_large_image","twitter_creator":"@CentroUrbano","twitter_site":"@CentroUrbano","twitter_misc":{"Escrito por":"Valeria G\u00f3mez","Tiempo de lectura":"3 minutos"},"schema":{"@context":"https:\/\/schema.org","@graph":[{"@type":"Article","@id":"https:\/\/centrourbano.com\/revista\/arquitectura-2\/inah-avanza-en-recuperacion-de-patrimonio-en-veracruz\/#article","isPartOf":{"@id":"https:\/\/centrourbano.com\/revista\/arquitectura-2\/inah-avanza-en-recuperacion-de-patrimonio-en-veracruz\/"},"author":{"name":"Valeria G\u00f3mez","@id":"https:\/\/centrourbano.com\/revista\/#\/schema\/person\/d4f8063028e489b077e3de34b2aad9ae"},"headline":"INAH avanza en recuperaci\u00f3n de patrimonio en Veracruz","datePublished":"2018-11-02T14:05:32+00:00","dateModified":"2018-11-02T15:52:57+00:00","mainEntityOfPage":{"@id":"https:\/\/centrourbano.com\/revista\/arquitectura-2\/inah-avanza-en-recuperacion-de-patrimonio-en-veracruz\/"},"wordCount":516,"commentCount":0,"publisher":{"@id":"https:\/\/centrourbano.com\/revista\/#organization"},"image":{"@id":"https:\/\/centrourbano.com\/revista\/arquitectura-2\/inah-avanza-en-recuperacion-de-patrimonio-en-veracruz\/#primaryimage"},"thumbnailUrl":"https:\/\/centrourbano.com\/revista\/wp-content\/uploads\/foto3-3.jpg","keywords":["arquitectura","INAH","restauraci\u00f3n","Sismo 19-S","Veracruz"],"articleSection":["Arquitectura"],"inLanguage":"es","potentialAction":[{"@type":"CommentAction","name":"Comment","target":["https:\/\/centrourbano.com\/revista\/arquitectura-2\/inah-avanza-en-recuperacion-de-patrimonio-en-veracruz\/#respond"]}]},{"@type":"WebPage","@id":"https:\/\/centrourbano.com\/revista\/arquitectura-2\/inah-avanza-en-recuperacion-de-patrimonio-en-veracruz\/","url":"https:\/\/centrourbano.com\/revista\/arquitectura-2\/inah-avanza-en-recuperacion-de-patrimonio-en-veracruz\/","name":"INAH avanza en recuperaci\u00f3n de patrimonio en Veracruz","isPartOf":{"@id":"https:\/\/centrourbano.com\/revista\/#website"},"primaryImageOfPage":{"@id":"https:\/\/centrourbano.com\/revista\/arquitectura-2\/inah-avanza-en-recuperacion-de-patrimonio-en-veracruz\/#primaryimage"},"image":{"@id":"https:\/\/centrourbano.com\/revista\/arquitectura-2\/inah-avanza-en-recuperacion-de-patrimonio-en-veracruz\/#primaryimage"},"thumbnailUrl":"https:\/\/centrourbano.com\/revista\/wp-content\/uploads\/foto3-3.jpg","datePublished":"2018-11-02T14:05:32+00:00","dateModified":"2018-11-02T15:52:57+00:00","description":"La instituci\u00f3n ha consolidado reparaciones en 7 inmuebles y actualmente trabaja para concluir labores en 4 edificios m\u00e1s con, avances hasta del 90%","breadcrumb":{"@id":"https:\/\/centrourbano.com\/revista\/arquitectura-2\/inah-avanza-en-recuperacion-de-patrimonio-en-veracruz\/#breadcrumb"},"inLanguage":"es","potentialAction":[{"@type":"ReadAction","target":["https:\/\/centrourbano.com\/revista\/arquitectura-2\/inah-avanza-en-recuperacion-de-patrimonio-en-veracruz\/"]}]},{"@type":"ImageObject","inLanguage":"es","@id":"https:\/\/centrourbano.com\/revista\/arquitectura-2\/inah-avanza-en-recuperacion-de-patrimonio-en-veracruz\/#primaryimage","url":"https:\/\/centrourbano.com\/revista\/wp-content\/uploads\/foto3-3.jpg","contentUrl":"https:\/\/centrourbano.com\/revista\/wp-content\/uploads\/foto3-3.jpg","width":800,"height":528,"caption":"La instituci\u00f3n ha consolidado reparaciones en 7 inmuebles y actualmente trabaja para concluir labores en 4 edificios m\u00e1s, con avances hasta de 90%"},{"@type":"BreadcrumbList","@id":"https:\/\/centrourbano.com\/revista\/arquitectura-2\/inah-avanza-en-recuperacion-de-patrimonio-en-veracruz\/#breadcrumb","itemListElement":[{"@type":"ListItem","position":1,"name":"Portada","item":"https:\/\/centrourbano.com\/revista\/"},{"@type":"ListItem","position":2,"name":"INAH avanza en recuperaci\u00f3n de patrimonio en Veracruz"}]},{"@type":"WebSite","@id":"https:\/\/centrourbano.com\/revista\/#website","url":"https:\/\/centrourbano.com\/revista\/","name":"Centro Urbano","description":"Medio especializado en los sectores vivienda, inmobiliario, construcci\u00f3n, arquitectura y urbanismo.","publisher":{"@id":"https:\/\/centrourbano.com\/revista\/#organization"},"potentialAction":[{"@type":"SearchAction","target":{"@type":"EntryPoint","urlTemplate":"https:\/\/centrourbano.com\/revista\/?s={search_term_string}"},"query-input":{"@type":"PropertyValueSpecification","valueRequired":true,"valueName":"search_term_string"}}],"inLanguage":"es"},{"@type":"Organization","@id":"https:\/\/centrourbano.com\/revista\/#organization","name":"Centro Urbano","url":"https:\/\/centrourbano.com\/revista\/","logo":{"@type":"ImageObject","inLanguage":"es","@id":"https:\/\/centrourbano.com\/revista\/#\/schema\/logo\/image\/","url":"https:\/\/centrourbano.com\/revista\/wp-content\/uploads\/web_CU_logo-1.png","contentUrl":"https:\/\/centrourbano.com\/revista\/wp-content\/uploads\/web_CU_logo-1.png","width":350,"height":91,"caption":"Centro Urbano"},"image":{"@id":"https:\/\/centrourbano.com\/revista\/#\/schema\/logo\/image\/"},"sameAs":["https:\/\/www.facebook.com\/portalcentrourbano","https:\/\/x.com\/CentroUrbano","https:\/\/www.instagram.com\/centro_urbano\/","https:\/\/www.linkedin.com\/company\/centro-urbano\/","http:\/\/www.youtube.com\/user\/portalcentrourbano"]},{"@type":"Person","@id":"https:\/\/centrourbano.com\/revista\/#\/schema\/person\/d4f8063028e489b077e3de34b2aad9ae","name":"Valeria G\u00f3mez","image":{"@type":"ImageObject","inLanguage":"es","@id":"https:\/\/secure.gravatar.com\/avatar\/6ac5ee2437ce720c0a29924adbc5914a56612f0ad0b8555914b4f2b27832582f?s=96&d=mm&r=g","url":"https:\/\/secure.gravatar.com\/avatar\/6ac5ee2437ce720c0a29924adbc5914a56612f0ad0b8555914b4f2b27832582f?s=96&d=mm&r=g","contentUrl":"https:\/\/secure.gravatar.com\/avatar\/6ac5ee2437ce720c0a29924adbc5914a56612f0ad0b8555914b4f2b27832582f?s=96&d=mm&r=g","caption":"Valeria G\u00f3mez"},"url":"https:\/\/centrourbano.com\/revista\/author\/valeria-gomez\/"}]}},"_links":{"self":[{"href":"https:\/\/centrourbano.com\/revista\/wp-json\/wp\/v2\/posts\/80991","targetHints":{"allow":["GET"]}}],"collection":[{"href":"https:\/\/centrourbano.com\/revista\/wp-json\/wp\/v2\/posts"}],"about":[{"href":"https:\/\/centrourbano.com\/revista\/wp-json\/wp\/v2\/types\/post"}],"author":[{"embeddable":true,"href":"https:\/\/centrourbano.com\/revista\/wp-json\/wp\/v2\/users\/66"}],"replies":[{"embeddable":true,"href":"https:\/\/centrourbano.com\/revista\/wp-json\/wp\/v2\/comments?post=80991"}],"version-history":[{"count":7,"href":"https:\/\/centrourbano.com\/revista\/wp-json\/wp\/v2\/posts\/80991\/revisions"}],"predecessor-version":[{"id":81023,"href":"https:\/\/centrourbano.com\/revista\/wp-json\/wp\/v2\/posts\/80991\/revisions\/81023"}],"wp:featuredmedia":[{"embeddable":true,"href":"https:\/\/centrourbano.com\/revista\/wp-json\/wp\/v2\/media\/80996"}],"wp:attachment":[{"href":"https:\/\/centrourbano.com\/revista\/wp-json\/wp\/v2\/media?parent=80991"}],"wp:term":[{"taxonomy":"category","embeddable":true,"href":"https:\/\/centrourbano.com\/revista\/wp-json\/wp\/v2\/categories?post=80991"},{"taxonomy":"post_tag","embeddable":true,"href":"https:\/\/centrourbano.com\/revista\/wp-json\/wp\/v2\/tags?post=80991"}],"curies":[{"name":"wp","href":"https:\/\/api.w.org\/{rel}","templated":true}]}}