{"id":80751,"date":"2018-10-29T13:08:54","date_gmt":"2018-10-29T19:08:54","guid":{"rendered":"https:\/\/centrourbano.com\/?p=80751"},"modified":"2018-10-29T14:12:01","modified_gmt":"2018-10-29T20:12:01","slug":"aterriza-en-mexico-tercera-edicion-del-cifmers-latam","status":"publish","type":"post","link":"https:\/\/centrourbano.com\/revista\/actualidad\/aterriza-en-mexico-tercera-edicion-del-cifmers-latam\/","title":{"rendered":"Aterriza en M\u00e9xico tercera edici\u00f3n del CIFMers Latam"},"content":{"rendered":"<p><em>El objetivo es\u00a0\u00a0analizar las nuevas tendencias de gesti\u00f3n en inmuebles y servicios, a trav\u00e9s de\u00a0visitas guiadas, talleres y networking<\/em><!--more--><\/p>\n<p>Del 5 al 7 de noviembre se llevar\u00e1 a cabo la tercera edici\u00f3n del <strong>Congreso Internacional de Facility Manager LATAM<\/strong> en M\u00e9xico, un encuentro que reunir\u00e1 a profesionales del sector, provenientes de empresas como <strong>Sacyr, Bimbo, Fedex, Microsoft o Procter &amp; Gamble<\/strong>, entre otras.<\/p>\n<p>El objetivo del <strong><a href=\"http:\/\/www.cifmers.com\/cifmersglobal-events-cifmers-latam-esp.html\" target=\"_blank\" rel=\"noopener noreferrer\">CIFMers Latam<\/a>\u00a0<\/strong>es crear una plataforma de intercambio de informaci\u00f3n para analizar las nuevas tendencias de gesti\u00f3n en inmuebles y servicios corporativos, a trav\u00e9s de\u00a0visitas guiadas, talleres y networking sobre energ\u00eda, administraci\u00f3n y eficiencia en el sector inmobiliario a realizarse en el hotel <strong>NH Collection<\/strong>, Ciudad de M\u00e9xico.<\/p>\n<p>El evento de apertura estar\u00e1 en manos de Daniel Luna, presidente de la\u00a0<a href=\"https:\/\/twitter.com\/Facilitymexico\" target=\"_blank\" rel=\"noopener noreferrer\"><strong>Asociaci\u00f3n Mexicana de Facility Management<\/strong><\/a> y el director general de <strong>CIFMers Global<\/strong>, David Mart\u00ednez para hablar sobre el panorama y las oportunidades del mercado FM en Am\u00e9rica Latina.<\/p>\n<p>Durante los dos d\u00edas, los asistentes podr\u00e1n participar en una serie de conferencias para atender de manera puntual diferentes retos del sector; para el d\u00eda 5 se llevar\u00e1 a cabo la charla\u00a0<strong>\u201cServicios y Modelos de Gesti\u00f3n\u201d<\/strong> y un segundo bloque sobre <strong>\u201cEnerg\u00eda y sostenibilidad\u201d<\/strong>.<\/p>\n<p>La jornada de conferencias se completar\u00e1 con dos workshops, uno sobre \u201cServicios\u201d, impartido por David Mart\u00ednez y otro sobre \u201cEnerg\u00eda\u201d que impartir\u00e1 la <strong><a href=\"https:\/\/ameneer.org.mx\/\" target=\"_blank\" rel=\"noopener noreferrer\">Asociaci\u00f3n Mexicana de Empresas de Eficiencia Energ\u00e9tica<\/a> (Amaneer).<\/strong><\/p>\n<p>El d\u00eda 6 arrancar\u00e1 con la presentaci\u00f3n de Stan Mitchell, chairman de la ISO TC267 Facility Management y en el primer bloque de conferencias se dialogar\u00e1 sobre <strong>\u201cTecnolog\u00eda y Herramientas\u201d<\/strong> y en el segundo sobre <strong>\u201cWorkplace y Real Estate\u201d<\/strong>. Esta jornada de conferencias se completar\u00e1 igualmente con dos workshops, dedicado al\u00a0<em>workplace<\/em>\u00a0o espacio de trabajo y la tecnolog\u00eda.<\/p>\n<p>Cabe destacar que para los asistentes se contar\u00e1 con una aplicaci\u00f3n m\u00f3vil disponible para Android e iOS que permitir\u00e1 mantener contacto con los profesionales del sector, adem\u00e1s de tener toda la informaci\u00f3n actualizada y hacer preguntas desde el auditorio, responder a las encuestas o enviar mensajes a otros delegados.<\/p>\n<blockquote class=\"twitter-tweet\" data-lang=\"es\">\n<p dir=\"ltr\" lang=\"es\">\u00bfInteresado en el Congreso Internacional de <a href=\"https:\/\/twitter.com\/hashtag\/FacilityManagers?src=hash&amp;ref_src=twsrc%5Etfw\">#FacilityManagers<\/a> que se celebra del 5 al 7 de noviembre en <a href=\"https:\/\/twitter.com\/hashtag\/Mexico?src=hash&amp;ref_src=twsrc%5Etfw\">#Mexico<\/a>? <a href=\"https:\/\/twitter.com\/hashtag\/CIFMersLATAM?src=hash&amp;ref_src=twsrc%5Etfw\">#CIFMersLATAM<\/a> 2018 ser\u00e1 la mayor reuni\u00f3n de profesionales del sector. No se quede sin su pase, inscr\u00edbase aqu\u00ed <a href=\"https:\/\/t.co\/WNYVaGBAhM\">https:\/\/t.co\/WNYVaGBAhM<\/a> <a href=\"https:\/\/t.co\/j3qxxFDkP1\">pic.twitter.com\/j3qxxFDkP1<\/a><\/p>\n<p>\u2014 CIFMERS GLOBAL (@CIFMERS) <a href=\"https:\/\/twitter.com\/CIFMERS\/status\/1055111779976654850?ref_src=twsrc%5Etfw\">24 de octubre de 2018<\/a><\/p><\/blockquote>\n<p><script async src=\"https:\/\/platform.twitter.com\/widgets.js\" charset=\"utf-8\"><\/script><\/p>\n<p>&nbsp;<\/p>\n<p>&nbsp;<\/p>\n","protected":false},"excerpt":{"rendered":"<p>El objetivo es\u00a0\u00a0analizar las nuevas tendencias de gesti\u00f3n en inmuebles y servicios, a trav\u00e9s de\u00a0visitas guiadas, talleres y networking<\/p>\n","protected":false},"author":69,"featured_media":80772,"comment_status":"open","ping_status":"closed","sticky":false,"template":"","format":"standard","meta":{"om_disable_all_campaigns":false,"inline_featured_image":false,"_monsterinsights_skip_tracking":false,"_monsterinsights_sitenote_active":false,"_monsterinsights_sitenote_note":"","_monsterinsights_sitenote_category":0,"footnotes":""},"categories":[80],"tags":[14773,14772,818,21,10933],"class_list":["post-80751","post","type-post","status-publish","format-standard","has-post-thumbnail","hentry","category-actualidad","tag-amaneer","tag-cifmers-latam","tag-energia","tag-inmobiliario-2","tag-real-estate"],"yoast_head":"<!-- This site is optimized with the Yoast SEO plugin v27.4 - https:\/\/yoast.com\/product\/yoast-seo-wordpress\/ -->\n<title>Aterriza en M\u00e9xico tercera edici\u00f3n del CIFMers Latam<\/title>\n<meta name=\"description\" content=\"El objetivo es analizar las nuevas tendencias de gesti\u00f3n en inmuebles y servicios, a trav\u00e9s de visitas guiadas, talleres y networking\" \/>\n<meta name=\"robots\" content=\"index, follow, max-snippet:-1, max-image-preview:large, max-video-preview:-1\" \/>\n<link rel=\"canonical\" href=\"https:\/\/centrourbano.com\/revista\/actualidad\/aterriza-en-mexico-tercera-edicion-del-cifmers-latam\/\" \/>\n<meta property=\"og:locale\" content=\"es_ES\" \/>\n<meta property=\"og:type\" content=\"article\" \/>\n<meta property=\"og:title\" content=\"Aterriza en M\u00e9xico tercera edici\u00f3n del CIFMers Latam\" \/>\n<meta property=\"og:description\" content=\"El objetivo es analizar las nuevas tendencias de gesti\u00f3n en inmuebles y servicios, a trav\u00e9s de visitas guiadas, talleres y networking\" \/>\n<meta property=\"og:url\" content=\"https:\/\/centrourbano.com\/revista\/actualidad\/aterriza-en-mexico-tercera-edicion-del-cifmers-latam\/\" \/>\n<meta property=\"og:site_name\" content=\"Centro Urbano\" \/>\n<meta property=\"article:publisher\" content=\"https:\/\/www.facebook.com\/portalcentrourbano\" \/>\n<meta property=\"article:published_time\" content=\"2018-10-29T19:08:54+00:00\" \/>\n<meta property=\"article:modified_time\" content=\"2018-10-29T20:12:01+00:00\" \/>\n<meta property=\"og:image\" content=\"https:\/\/centrourbano.com\/revista\/wp-content\/uploads\/cifmers.jpg\" \/>\n\t<meta property=\"og:image:width\" content=\"560\" \/>\n\t<meta property=\"og:image:height\" content=\"324\" \/>\n\t<meta property=\"og:image:type\" content=\"image\/jpeg\" \/>\n<meta name=\"author\" content=\"Fernando Navarrete\" \/>\n<meta name=\"twitter:card\" content=\"summary_large_image\" \/>\n<meta name=\"twitter:creator\" content=\"@CentroUrbano\" \/>\n<meta name=\"twitter:site\" content=\"@CentroUrbano\" \/>\n<meta name=\"twitter:label1\" content=\"Escrito por\" \/>\n\t<meta name=\"twitter:data1\" content=\"Fernando Navarrete\" \/>\n\t<meta name=\"twitter:label2\" content=\"Tiempo de lectura\" \/>\n\t<meta name=\"twitter:data2\" content=\"2 minutos\" \/>\n<script type=\"application\/ld+json\" class=\"yoast-schema-graph\">{\"@context\":\"https:\\\/\\\/schema.org\",\"@graph\":[{\"@type\":\"Article\",\"@id\":\"https:\\\/\\\/centrourbano.com\\\/revista\\\/actualidad\\\/aterriza-en-mexico-tercera-edicion-del-cifmers-latam\\\/#article\",\"isPartOf\":{\"@id\":\"https:\\\/\\\/centrourbano.com\\\/revista\\\/actualidad\\\/aterriza-en-mexico-tercera-edicion-del-cifmers-latam\\\/\"},\"author\":{\"name\":\"Fernando Navarrete\",\"@id\":\"https:\\\/\\\/centrourbano.com\\\/revista\\\/#\\\/schema\\\/person\\\/515c32d01ece40d20a7ed3fdf34051af\"},\"headline\":\"Aterriza en M\u00e9xico tercera edici\u00f3n del CIFMers Latam\",\"datePublished\":\"2018-10-29T19:08:54+00:00\",\"dateModified\":\"2018-10-29T20:12:01+00:00\",\"mainEntityOfPage\":{\"@id\":\"https:\\\/\\\/centrourbano.com\\\/revista\\\/actualidad\\\/aterriza-en-mexico-tercera-edicion-del-cifmers-latam\\\/\"},\"wordCount\":430,\"commentCount\":0,\"publisher\":{\"@id\":\"https:\\\/\\\/centrourbano.com\\\/revista\\\/#organization\"},\"image\":{\"@id\":\"https:\\\/\\\/centrourbano.com\\\/revista\\\/actualidad\\\/aterriza-en-mexico-tercera-edicion-del-cifmers-latam\\\/#primaryimage\"},\"thumbnailUrl\":\"https:\\\/\\\/centrourbano.com\\\/revista\\\/wp-content\\\/uploads\\\/cifmers.jpg\",\"keywords\":[\"Amaneer\",\"CIFMers Latam\",\"energ\u00eda\",\"inmobiliario\",\"Real Estate\"],\"articleSection\":[\"Actualidad\"],\"inLanguage\":\"es\",\"potentialAction\":[{\"@type\":\"CommentAction\",\"name\":\"Comment\",\"target\":[\"https:\\\/\\\/centrourbano.com\\\/revista\\\/actualidad\\\/aterriza-en-mexico-tercera-edicion-del-cifmers-latam\\\/#respond\"]}]},{\"@type\":\"WebPage\",\"@id\":\"https:\\\/\\\/centrourbano.com\\\/revista\\\/actualidad\\\/aterriza-en-mexico-tercera-edicion-del-cifmers-latam\\\/\",\"url\":\"https:\\\/\\\/centrourbano.com\\\/revista\\\/actualidad\\\/aterriza-en-mexico-tercera-edicion-del-cifmers-latam\\\/\",\"name\":\"Aterriza en M\u00e9xico tercera edici\u00f3n del CIFMers Latam\",\"isPartOf\":{\"@id\":\"https:\\\/\\\/centrourbano.com\\\/revista\\\/#website\"},\"primaryImageOfPage\":{\"@id\":\"https:\\\/\\\/centrourbano.com\\\/revista\\\/actualidad\\\/aterriza-en-mexico-tercera-edicion-del-cifmers-latam\\\/#primaryimage\"},\"image\":{\"@id\":\"https:\\\/\\\/centrourbano.com\\\/revista\\\/actualidad\\\/aterriza-en-mexico-tercera-edicion-del-cifmers-latam\\\/#primaryimage\"},\"thumbnailUrl\":\"https:\\\/\\\/centrourbano.com\\\/revista\\\/wp-content\\\/uploads\\\/cifmers.jpg\",\"datePublished\":\"2018-10-29T19:08:54+00:00\",\"dateModified\":\"2018-10-29T20:12:01+00:00\",\"description\":\"El objetivo es analizar las nuevas tendencias de gesti\u00f3n en inmuebles y servicios, a trav\u00e9s de visitas guiadas, talleres y networking\",\"breadcrumb\":{\"@id\":\"https:\\\/\\\/centrourbano.com\\\/revista\\\/actualidad\\\/aterriza-en-mexico-tercera-edicion-del-cifmers-latam\\\/#breadcrumb\"},\"inLanguage\":\"es\",\"potentialAction\":[{\"@type\":\"ReadAction\",\"target\":[\"https:\\\/\\\/centrourbano.com\\\/revista\\\/actualidad\\\/aterriza-en-mexico-tercera-edicion-del-cifmers-latam\\\/\"]}]},{\"@type\":\"ImageObject\",\"inLanguage\":\"es\",\"@id\":\"https:\\\/\\\/centrourbano.com\\\/revista\\\/actualidad\\\/aterriza-en-mexico-tercera-edicion-del-cifmers-latam\\\/#primaryimage\",\"url\":\"https:\\\/\\\/centrourbano.com\\\/revista\\\/wp-content\\\/uploads\\\/cifmers.jpg\",\"contentUrl\":\"https:\\\/\\\/centrourbano.com\\\/revista\\\/wp-content\\\/uploads\\\/cifmers.jpg\",\"width\":560,\"height\":324},{\"@type\":\"BreadcrumbList\",\"@id\":\"https:\\\/\\\/centrourbano.com\\\/revista\\\/actualidad\\\/aterriza-en-mexico-tercera-edicion-del-cifmers-latam\\\/#breadcrumb\",\"itemListElement\":[{\"@type\":\"ListItem\",\"position\":1,\"name\":\"Portada\",\"item\":\"https:\\\/\\\/centrourbano.com\\\/revista\\\/\"},{\"@type\":\"ListItem\",\"position\":2,\"name\":\"Aterriza en M\u00e9xico tercera edici\u00f3n del CIFMers Latam\"}]},{\"@type\":\"WebSite\",\"@id\":\"https:\\\/\\\/centrourbano.com\\\/revista\\\/#website\",\"url\":\"https:\\\/\\\/centrourbano.com\\\/revista\\\/\",\"name\":\"Centro Urbano\",\"description\":\"Medio especializado en los sectores vivienda, inmobiliario, construcci\u00f3n, arquitectura y urbanismo.\",\"publisher\":{\"@id\":\"https:\\\/\\\/centrourbano.com\\\/revista\\\/#organization\"},\"potentialAction\":[{\"@type\":\"SearchAction\",\"target\":{\"@type\":\"EntryPoint\",\"urlTemplate\":\"https:\\\/\\\/centrourbano.com\\\/revista\\\/?s={search_term_string}\"},\"query-input\":{\"@type\":\"PropertyValueSpecification\",\"valueRequired\":true,\"valueName\":\"search_term_string\"}}],\"inLanguage\":\"es\"},{\"@type\":\"Organization\",\"@id\":\"https:\\\/\\\/centrourbano.com\\\/revista\\\/#organization\",\"name\":\"Centro Urbano\",\"url\":\"https:\\\/\\\/centrourbano.com\\\/revista\\\/\",\"logo\":{\"@type\":\"ImageObject\",\"inLanguage\":\"es\",\"@id\":\"https:\\\/\\\/centrourbano.com\\\/revista\\\/#\\\/schema\\\/logo\\\/image\\\/\",\"url\":\"https:\\\/\\\/centrourbano.com\\\/revista\\\/wp-content\\\/uploads\\\/web_CU_logo-1.png\",\"contentUrl\":\"https:\\\/\\\/centrourbano.com\\\/revista\\\/wp-content\\\/uploads\\\/web_CU_logo-1.png\",\"width\":350,\"height\":91,\"caption\":\"Centro Urbano\"},\"image\":{\"@id\":\"https:\\\/\\\/centrourbano.com\\\/revista\\\/#\\\/schema\\\/logo\\\/image\\\/\"},\"sameAs\":[\"https:\\\/\\\/www.facebook.com\\\/portalcentrourbano\",\"https:\\\/\\\/x.com\\\/CentroUrbano\",\"https:\\\/\\\/www.instagram.com\\\/centro_urbano\\\/\",\"https:\\\/\\\/www.linkedin.com\\\/company\\\/centro-urbano\\\/\",\"http:\\\/\\\/www.youtube.com\\\/user\\\/portalcentrourbano\"]},{\"@type\":\"Person\",\"@id\":\"https:\\\/\\\/centrourbano.com\\\/revista\\\/#\\\/schema\\\/person\\\/515c32d01ece40d20a7ed3fdf34051af\",\"name\":\"Fernando Navarrete\",\"image\":{\"@type\":\"ImageObject\",\"inLanguage\":\"es\",\"@id\":\"https:\\\/\\\/secure.gravatar.com\\\/avatar\\\/f4dd6927a99e72698473e350e20ec8a38bd48cb668e15b03d04e8e537da41ad0?s=96&d=mm&r=g\",\"url\":\"https:\\\/\\\/secure.gravatar.com\\\/avatar\\\/f4dd6927a99e72698473e350e20ec8a38bd48cb668e15b03d04e8e537da41ad0?s=96&d=mm&r=g\",\"contentUrl\":\"https:\\\/\\\/secure.gravatar.com\\\/avatar\\\/f4dd6927a99e72698473e350e20ec8a38bd48cb668e15b03d04e8e537da41ad0?s=96&d=mm&r=g\",\"caption\":\"Fernando Navarrete\"},\"description\":\"Reportero de negocios, inmobiliario, construcci\u00f3n e industria. Me interesa la econom\u00eda, pol\u00edtica, historia y antropolog\u00eda. Estudi\u00e9 en la Facultad de Ciencias Pol\u00edticas y Sociales de la UNAM. Tengo experiencia en el sector p\u00fablico, la industria del acero, ingenier\u00eda civil, IT y corporativos; soy un nost\u00e1lgico nacionalista contempor\u00e1neo que cree en la grandeza de su pa\u00eds. Asiduo lector de Juan Rulfo, Jos\u00e9 Revueltas y J. R. R Tolkien.\",\"url\":\"https:\\\/\\\/centrourbano.com\\\/revista\\\/author\\\/fernando-navarrete\\\/\"}]}<\/script>\n<!-- \/ Yoast SEO plugin. -->","yoast_head_json":{"title":"Aterriza en M\u00e9xico tercera edici\u00f3n del CIFMers Latam","description":"El objetivo es analizar las nuevas tendencias de gesti\u00f3n en inmuebles y servicios, a trav\u00e9s de visitas guiadas, talleres y networking","robots":{"index":"index","follow":"follow","max-snippet":"max-snippet:-1","max-image-preview":"max-image-preview:large","max-video-preview":"max-video-preview:-1"},"canonical":"https:\/\/centrourbano.com\/revista\/actualidad\/aterriza-en-mexico-tercera-edicion-del-cifmers-latam\/","og_locale":"es_ES","og_type":"article","og_title":"Aterriza en M\u00e9xico tercera edici\u00f3n del CIFMers Latam","og_description":"El objetivo es analizar las nuevas tendencias de gesti\u00f3n en inmuebles y servicios, a trav\u00e9s de visitas guiadas, talleres y networking","og_url":"https:\/\/centrourbano.com\/revista\/actualidad\/aterriza-en-mexico-tercera-edicion-del-cifmers-latam\/","og_site_name":"Centro Urbano","article_publisher":"https:\/\/www.facebook.com\/portalcentrourbano","article_published_time":"2018-10-29T19:08:54+00:00","article_modified_time":"2018-10-29T20:12:01+00:00","og_image":[{"width":560,"height":324,"url":"https:\/\/centrourbano.com\/revista\/wp-content\/uploads\/cifmers.jpg","type":"image\/jpeg"}],"author":"Fernando Navarrete","twitter_card":"summary_large_image","twitter_creator":"@CentroUrbano","twitter_site":"@CentroUrbano","twitter_misc":{"Escrito por":"Fernando Navarrete","Tiempo de lectura":"2 minutos"},"schema":{"@context":"https:\/\/schema.org","@graph":[{"@type":"Article","@id":"https:\/\/centrourbano.com\/revista\/actualidad\/aterriza-en-mexico-tercera-edicion-del-cifmers-latam\/#article","isPartOf":{"@id":"https:\/\/centrourbano.com\/revista\/actualidad\/aterriza-en-mexico-tercera-edicion-del-cifmers-latam\/"},"author":{"name":"Fernando Navarrete","@id":"https:\/\/centrourbano.com\/revista\/#\/schema\/person\/515c32d01ece40d20a7ed3fdf34051af"},"headline":"Aterriza en M\u00e9xico tercera edici\u00f3n del CIFMers Latam","datePublished":"2018-10-29T19:08:54+00:00","dateModified":"2018-10-29T20:12:01+00:00","mainEntityOfPage":{"@id":"https:\/\/centrourbano.com\/revista\/actualidad\/aterriza-en-mexico-tercera-edicion-del-cifmers-latam\/"},"wordCount":430,"commentCount":0,"publisher":{"@id":"https:\/\/centrourbano.com\/revista\/#organization"},"image":{"@id":"https:\/\/centrourbano.com\/revista\/actualidad\/aterriza-en-mexico-tercera-edicion-del-cifmers-latam\/#primaryimage"},"thumbnailUrl":"https:\/\/centrourbano.com\/revista\/wp-content\/uploads\/cifmers.jpg","keywords":["Amaneer","CIFMers Latam","energ\u00eda","inmobiliario","Real Estate"],"articleSection":["Actualidad"],"inLanguage":"es","potentialAction":[{"@type":"CommentAction","name":"Comment","target":["https:\/\/centrourbano.com\/revista\/actualidad\/aterriza-en-mexico-tercera-edicion-del-cifmers-latam\/#respond"]}]},{"@type":"WebPage","@id":"https:\/\/centrourbano.com\/revista\/actualidad\/aterriza-en-mexico-tercera-edicion-del-cifmers-latam\/","url":"https:\/\/centrourbano.com\/revista\/actualidad\/aterriza-en-mexico-tercera-edicion-del-cifmers-latam\/","name":"Aterriza en M\u00e9xico tercera edici\u00f3n del CIFMers Latam","isPartOf":{"@id":"https:\/\/centrourbano.com\/revista\/#website"},"primaryImageOfPage":{"@id":"https:\/\/centrourbano.com\/revista\/actualidad\/aterriza-en-mexico-tercera-edicion-del-cifmers-latam\/#primaryimage"},"image":{"@id":"https:\/\/centrourbano.com\/revista\/actualidad\/aterriza-en-mexico-tercera-edicion-del-cifmers-latam\/#primaryimage"},"thumbnailUrl":"https:\/\/centrourbano.com\/revista\/wp-content\/uploads\/cifmers.jpg","datePublished":"2018-10-29T19:08:54+00:00","dateModified":"2018-10-29T20:12:01+00:00","description":"El objetivo es analizar las nuevas tendencias de gesti\u00f3n en inmuebles y servicios, a trav\u00e9s de visitas guiadas, talleres y networking","breadcrumb":{"@id":"https:\/\/centrourbano.com\/revista\/actualidad\/aterriza-en-mexico-tercera-edicion-del-cifmers-latam\/#breadcrumb"},"inLanguage":"es","potentialAction":[{"@type":"ReadAction","target":["https:\/\/centrourbano.com\/revista\/actualidad\/aterriza-en-mexico-tercera-edicion-del-cifmers-latam\/"]}]},{"@type":"ImageObject","inLanguage":"es","@id":"https:\/\/centrourbano.com\/revista\/actualidad\/aterriza-en-mexico-tercera-edicion-del-cifmers-latam\/#primaryimage","url":"https:\/\/centrourbano.com\/revista\/wp-content\/uploads\/cifmers.jpg","contentUrl":"https:\/\/centrourbano.com\/revista\/wp-content\/uploads\/cifmers.jpg","width":560,"height":324},{"@type":"BreadcrumbList","@id":"https:\/\/centrourbano.com\/revista\/actualidad\/aterriza-en-mexico-tercera-edicion-del-cifmers-latam\/#breadcrumb","itemListElement":[{"@type":"ListItem","position":1,"name":"Portada","item":"https:\/\/centrourbano.com\/revista\/"},{"@type":"ListItem","position":2,"name":"Aterriza en M\u00e9xico tercera edici\u00f3n del CIFMers Latam"}]},{"@type":"WebSite","@id":"https:\/\/centrourbano.com\/revista\/#website","url":"https:\/\/centrourbano.com\/revista\/","name":"Centro Urbano","description":"Medio especializado en los sectores vivienda, inmobiliario, construcci\u00f3n, arquitectura y urbanismo.","publisher":{"@id":"https:\/\/centrourbano.com\/revista\/#organization"},"potentialAction":[{"@type":"SearchAction","target":{"@type":"EntryPoint","urlTemplate":"https:\/\/centrourbano.com\/revista\/?s={search_term_string}"},"query-input":{"@type":"PropertyValueSpecification","valueRequired":true,"valueName":"search_term_string"}}],"inLanguage":"es"},{"@type":"Organization","@id":"https:\/\/centrourbano.com\/revista\/#organization","name":"Centro Urbano","url":"https:\/\/centrourbano.com\/revista\/","logo":{"@type":"ImageObject","inLanguage":"es","@id":"https:\/\/centrourbano.com\/revista\/#\/schema\/logo\/image\/","url":"https:\/\/centrourbano.com\/revista\/wp-content\/uploads\/web_CU_logo-1.png","contentUrl":"https:\/\/centrourbano.com\/revista\/wp-content\/uploads\/web_CU_logo-1.png","width":350,"height":91,"caption":"Centro Urbano"},"image":{"@id":"https:\/\/centrourbano.com\/revista\/#\/schema\/logo\/image\/"},"sameAs":["https:\/\/www.facebook.com\/portalcentrourbano","https:\/\/x.com\/CentroUrbano","https:\/\/www.instagram.com\/centro_urbano\/","https:\/\/www.linkedin.com\/company\/centro-urbano\/","http:\/\/www.youtube.com\/user\/portalcentrourbano"]},{"@type":"Person","@id":"https:\/\/centrourbano.com\/revista\/#\/schema\/person\/515c32d01ece40d20a7ed3fdf34051af","name":"Fernando Navarrete","image":{"@type":"ImageObject","inLanguage":"es","@id":"https:\/\/secure.gravatar.com\/avatar\/f4dd6927a99e72698473e350e20ec8a38bd48cb668e15b03d04e8e537da41ad0?s=96&d=mm&r=g","url":"https:\/\/secure.gravatar.com\/avatar\/f4dd6927a99e72698473e350e20ec8a38bd48cb668e15b03d04e8e537da41ad0?s=96&d=mm&r=g","contentUrl":"https:\/\/secure.gravatar.com\/avatar\/f4dd6927a99e72698473e350e20ec8a38bd48cb668e15b03d04e8e537da41ad0?s=96&d=mm&r=g","caption":"Fernando Navarrete"},"description":"Reportero de negocios, inmobiliario, construcci\u00f3n e industria. Me interesa la econom\u00eda, pol\u00edtica, historia y antropolog\u00eda. Estudi\u00e9 en la Facultad de Ciencias Pol\u00edticas y Sociales de la UNAM. Tengo experiencia en el sector p\u00fablico, la industria del acero, ingenier\u00eda civil, IT y corporativos; soy un nost\u00e1lgico nacionalista contempor\u00e1neo que cree en la grandeza de su pa\u00eds. Asiduo lector de Juan Rulfo, Jos\u00e9 Revueltas y J. R. R Tolkien.","url":"https:\/\/centrourbano.com\/revista\/author\/fernando-navarrete\/"}]}},"_links":{"self":[{"href":"https:\/\/centrourbano.com\/revista\/wp-json\/wp\/v2\/posts\/80751","targetHints":{"allow":["GET"]}}],"collection":[{"href":"https:\/\/centrourbano.com\/revista\/wp-json\/wp\/v2\/posts"}],"about":[{"href":"https:\/\/centrourbano.com\/revista\/wp-json\/wp\/v2\/types\/post"}],"author":[{"embeddable":true,"href":"https:\/\/centrourbano.com\/revista\/wp-json\/wp\/v2\/users\/69"}],"replies":[{"embeddable":true,"href":"https:\/\/centrourbano.com\/revista\/wp-json\/wp\/v2\/comments?post=80751"}],"version-history":[{"count":2,"href":"https:\/\/centrourbano.com\/revista\/wp-json\/wp\/v2\/posts\/80751\/revisions"}],"predecessor-version":[{"id":80768,"href":"https:\/\/centrourbano.com\/revista\/wp-json\/wp\/v2\/posts\/80751\/revisions\/80768"}],"wp:featuredmedia":[{"embeddable":true,"href":"https:\/\/centrourbano.com\/revista\/wp-json\/wp\/v2\/media\/80772"}],"wp:attachment":[{"href":"https:\/\/centrourbano.com\/revista\/wp-json\/wp\/v2\/media?parent=80751"}],"wp:term":[{"taxonomy":"category","embeddable":true,"href":"https:\/\/centrourbano.com\/revista\/wp-json\/wp\/v2\/categories?post=80751"},{"taxonomy":"post_tag","embeddable":true,"href":"https:\/\/centrourbano.com\/revista\/wp-json\/wp\/v2\/tags?post=80751"}],"curies":[{"name":"wp","href":"https:\/\/api.w.org\/{rel}","templated":true}]}}