{"id":80711,"date":"2018-10-29T09:45:07","date_gmt":"2018-10-29T15:45:07","guid":{"rendered":"https:\/\/centrourbano.com\/?p=80711"},"modified":"2018-10-29T10:27:29","modified_gmt":"2018-10-29T16:27:29","slug":"fibra-mty-reporta-alzas-favorables-por-tipo-de-cambio","status":"publish","type":"post","link":"https:\/\/centrourbano.com\/revista\/inmobiliario\/fibra-mty-reporta-alzas-favorables-por-tipo-de-cambio\/","title":{"rendered":"Fibra Mty reporta alzas favorables por tipo de cambio"},"content":{"rendered":"<p><em>Los\u00a0ingresos totales\u00a0del grupo sumaron\u00a0233 mdp al 3T2018<\/em><!--more--><\/p>\n<p><strong>Fibra Mty<\/strong>, fideicomiso de bienes ra\u00edces industriales y corporativos, report\u00f3 un<strong> incremento de\u00a013.2%<\/strong> en su ingreso operativo neto durante el tercer trimestre del a\u00f1o en comparaci\u00f3n con el mismo periodo de 2017, con lo que la firma alcanz\u00f3 un monto de\u00a0<strong>205.9 millones de pesos.\u00a0<\/strong><\/p>\n<p>En tanto los <strong>ingresos totales<\/strong> del grupo tambi\u00e9n registraron un<strong> alza de 11.3%<\/strong> m\u00e1s de lo obtenido en el 3T del a\u00f1o pasado, sumando 233 mdp al 3T2018 seg\u00fan refiere su reporte financiero emitido en la <strong>Bolsa Mexicana de Valores<\/strong> en el que se enfatiza que estos n\u00fameros positivos fueron propiciados por el tipo de cambio.<\/p>\n<p>\u00abEn t\u00e9rminos de mismos inmuebles el ingreso total increment\u00f3 9.0% situ\u00e1ndose en 224.mdp, debido principalmente a <strong>efectos cambiarios favorables<\/strong> para el 3T18 al pasar de un tipo de cambio de facturaci\u00f3n promedio de 17.8570 pesos para el 3T17 a 19.2866 pesos para el trimestre actual, representando un incremento de alrededor de 10.0\u00a0mdp\u00bb, se destaca en el documento.<\/p>\n<p>Fibra Mty cerr\u00f3 el 3T18 con <strong>44 propiedades en su portafolio<\/strong>, incluyendo 12 para uso de oficinas, 26 para uso industrial y 6 para uso comercial.\u00a0La firma destac\u00f3 que la propiedad <strong>Zinc<\/strong> que recientemente adquiri\u00f3 el fideicomiso se encuentra en proceso de construcci\u00f3n y por ende no se\u00a0incluy\u00f3 en los indicadores operativos de este reporte.<\/p>\n<p>\u00abEsperamos que Zinc, actualmente en proceso de construcci\u00f3n, sea totalmente concluida y entregada al arrendatario durante el segundo trimestre de 2019, mientras que <strong>Patria<\/strong>, representa nuestro primer inmueble que cuenta con la certificaci\u00f3n LEED Plata por su alta eficiencia energ\u00e9tica y el consecuente ahorro en gasto operativo\u00bb, dijo\u00a0Jorge Avalos Carpinteyro, director general de Fibra Mty.<\/p>\n<p>El directivo agreg\u00f3 que por lo que respecta al portafolio \u201c<strong>Horizonte<\/strong>\u201d, durante la primera semana de octubre se concret\u00f3 el acuerdo para la adquisici\u00f3n de los inmuebles \u201c<strong>Panamericana 1<\/strong>\u201d y \u201c<strong>Panamericana 2<\/strong>\u201d, ambas transacciones sujetas a la conclusi\u00f3n de ciertas condiciones suspensivas por parte del vendedor.<\/p>\n<p>En el caso del edificio \u201c<strong>Vallarta<\/strong>\u201d, anunciado como parte del mismo portafolio, \u00e9ste contin\u00faa suspendido al no haber llegado a un acuerdo con el vendedor, detall\u00f3.<\/p>\n","protected":false},"excerpt":{"rendered":"<p>Los\u00a0ingresos totales\u00a0del grupo sumaron\u00a0233 mdp al 3T2018<\/p>\n","protected":false},"author":69,"featured_media":80723,"comment_status":"open","ping_status":"closed","sticky":false,"template":"","format":"standard","meta":{"om_disable_all_campaigns":false,"inline_featured_image":false,"_monsterinsights_skip_tracking":false,"_monsterinsights_sitenote_active":false,"_monsterinsights_sitenote_note":"","_monsterinsights_sitenote_category":0,"footnotes":""},"categories":[15],"tags":[14730,5213],"class_list":["post-80711","post","type-post","status-publish","format-standard","has-post-thumbnail","hentry","category-inmobiliario","tag-3t2018","tag-fibra-mty"],"yoast_head":"<!-- This site is optimized with the Yoast SEO plugin v27.5 - https:\/\/yoast.com\/product\/yoast-seo-wordpress\/ -->\n<title>Fibra Mty reporta alzas favorables por tipo de cambio<\/title>\n<meta name=\"description\" content=\"Los ingresos totales del grupo sumaron 233 mdp al 3T2018\" \/>\n<meta name=\"robots\" content=\"index, follow, max-snippet:-1, max-image-preview:large, max-video-preview:-1\" \/>\n<link rel=\"canonical\" href=\"https:\/\/centrourbano.com\/revista\/inmobiliario\/fibra-mty-reporta-alzas-favorables-por-tipo-de-cambio\/\" \/>\n<meta property=\"og:locale\" content=\"es_ES\" \/>\n<meta property=\"og:type\" content=\"article\" \/>\n<meta property=\"og:title\" content=\"Fibra Mty reporta alzas favorables por tipo de cambio\" \/>\n<meta property=\"og:description\" content=\"Los ingresos totales del grupo sumaron 233 mdp al 3T2018\" \/>\n<meta property=\"og:url\" content=\"https:\/\/centrourbano.com\/revista\/inmobiliario\/fibra-mty-reporta-alzas-favorables-por-tipo-de-cambio\/\" \/>\n<meta property=\"og:site_name\" content=\"Centro Urbano\" \/>\n<meta property=\"article:publisher\" content=\"https:\/\/www.facebook.com\/portalcentrourbano\" \/>\n<meta property=\"article:published_time\" content=\"2018-10-29T15:45:07+00:00\" \/>\n<meta property=\"article:modified_time\" content=\"2018-10-29T16:27:29+00:00\" \/>\n<meta property=\"og:image\" content=\"https:\/\/centrourbano.com\/revista\/wp-content\/uploads\/mty-1-1.jpg\" \/>\n\t<meta property=\"og:image:width\" content=\"1023\" \/>\n\t<meta property=\"og:image:height\" content=\"667\" \/>\n\t<meta property=\"og:image:type\" content=\"image\/jpeg\" \/>\n<meta name=\"author\" content=\"Fernando Navarrete\" \/>\n<meta name=\"twitter:card\" content=\"summary_large_image\" \/>\n<meta name=\"twitter:creator\" content=\"@CentroUrbano\" \/>\n<meta name=\"twitter:site\" content=\"@CentroUrbano\" \/>\n<meta name=\"twitter:label1\" content=\"Escrito por\" \/>\n\t<meta name=\"twitter:data1\" content=\"Fernando Navarrete\" \/>\n\t<meta name=\"twitter:label2\" content=\"Tiempo de lectura\" \/>\n\t<meta name=\"twitter:data2\" content=\"2 minutos\" \/>\n<script type=\"application\/ld+json\" class=\"yoast-schema-graph\">{\"@context\":\"https:\\\/\\\/schema.org\",\"@graph\":[{\"@type\":\"Article\",\"@id\":\"https:\\\/\\\/centrourbano.com\\\/revista\\\/inmobiliario\\\/fibra-mty-reporta-alzas-favorables-por-tipo-de-cambio\\\/#article\",\"isPartOf\":{\"@id\":\"https:\\\/\\\/centrourbano.com\\\/revista\\\/inmobiliario\\\/fibra-mty-reporta-alzas-favorables-por-tipo-de-cambio\\\/\"},\"author\":{\"name\":\"Fernando Navarrete\",\"@id\":\"https:\\\/\\\/centrourbano.com\\\/revista\\\/#\\\/schema\\\/person\\\/515c32d01ece40d20a7ed3fdf34051af\"},\"headline\":\"Fibra Mty reporta alzas favorables por tipo de cambio\",\"datePublished\":\"2018-10-29T15:45:07+00:00\",\"dateModified\":\"2018-10-29T16:27:29+00:00\",\"mainEntityOfPage\":{\"@id\":\"https:\\\/\\\/centrourbano.com\\\/revista\\\/inmobiliario\\\/fibra-mty-reporta-alzas-favorables-por-tipo-de-cambio\\\/\"},\"wordCount\":365,\"commentCount\":0,\"publisher\":{\"@id\":\"https:\\\/\\\/centrourbano.com\\\/revista\\\/#organization\"},\"image\":{\"@id\":\"https:\\\/\\\/centrourbano.com\\\/revista\\\/inmobiliario\\\/fibra-mty-reporta-alzas-favorables-por-tipo-de-cambio\\\/#primaryimage\"},\"thumbnailUrl\":\"https:\\\/\\\/centrourbano.com\\\/revista\\\/wp-content\\\/uploads\\\/mty-1-1.jpg\",\"keywords\":[\"3T2018\",\"Fibra Mty\"],\"articleSection\":[\"Inmobiliario\"],\"inLanguage\":\"es\",\"potentialAction\":[{\"@type\":\"CommentAction\",\"name\":\"Comment\",\"target\":[\"https:\\\/\\\/centrourbano.com\\\/revista\\\/inmobiliario\\\/fibra-mty-reporta-alzas-favorables-por-tipo-de-cambio\\\/#respond\"]}]},{\"@type\":\"WebPage\",\"@id\":\"https:\\\/\\\/centrourbano.com\\\/revista\\\/inmobiliario\\\/fibra-mty-reporta-alzas-favorables-por-tipo-de-cambio\\\/\",\"url\":\"https:\\\/\\\/centrourbano.com\\\/revista\\\/inmobiliario\\\/fibra-mty-reporta-alzas-favorables-por-tipo-de-cambio\\\/\",\"name\":\"Fibra Mty reporta alzas favorables por tipo de cambio\",\"isPartOf\":{\"@id\":\"https:\\\/\\\/centrourbano.com\\\/revista\\\/#website\"},\"primaryImageOfPage\":{\"@id\":\"https:\\\/\\\/centrourbano.com\\\/revista\\\/inmobiliario\\\/fibra-mty-reporta-alzas-favorables-por-tipo-de-cambio\\\/#primaryimage\"},\"image\":{\"@id\":\"https:\\\/\\\/centrourbano.com\\\/revista\\\/inmobiliario\\\/fibra-mty-reporta-alzas-favorables-por-tipo-de-cambio\\\/#primaryimage\"},\"thumbnailUrl\":\"https:\\\/\\\/centrourbano.com\\\/revista\\\/wp-content\\\/uploads\\\/mty-1-1.jpg\",\"datePublished\":\"2018-10-29T15:45:07+00:00\",\"dateModified\":\"2018-10-29T16:27:29+00:00\",\"description\":\"Los ingresos totales del grupo sumaron 233 mdp al 3T2018\",\"breadcrumb\":{\"@id\":\"https:\\\/\\\/centrourbano.com\\\/revista\\\/inmobiliario\\\/fibra-mty-reporta-alzas-favorables-por-tipo-de-cambio\\\/#breadcrumb\"},\"inLanguage\":\"es\",\"potentialAction\":[{\"@type\":\"ReadAction\",\"target\":[\"https:\\\/\\\/centrourbano.com\\\/revista\\\/inmobiliario\\\/fibra-mty-reporta-alzas-favorables-por-tipo-de-cambio\\\/\"]}]},{\"@type\":\"ImageObject\",\"inLanguage\":\"es\",\"@id\":\"https:\\\/\\\/centrourbano.com\\\/revista\\\/inmobiliario\\\/fibra-mty-reporta-alzas-favorables-por-tipo-de-cambio\\\/#primaryimage\",\"url\":\"https:\\\/\\\/centrourbano.com\\\/revista\\\/wp-content\\\/uploads\\\/mty-1-1.jpg\",\"contentUrl\":\"https:\\\/\\\/centrourbano.com\\\/revista\\\/wp-content\\\/uploads\\\/mty-1-1.jpg\",\"width\":1023,\"height\":667,\"caption\":\"Los ingresos totales del grupo sumaron 233 mdp al 3T2018\"},{\"@type\":\"BreadcrumbList\",\"@id\":\"https:\\\/\\\/centrourbano.com\\\/revista\\\/inmobiliario\\\/fibra-mty-reporta-alzas-favorables-por-tipo-de-cambio\\\/#breadcrumb\",\"itemListElement\":[{\"@type\":\"ListItem\",\"position\":1,\"name\":\"Portada\",\"item\":\"https:\\\/\\\/centrourbano.com\\\/revista\\\/\"},{\"@type\":\"ListItem\",\"position\":2,\"name\":\"Fibra Mty reporta alzas favorables por tipo de cambio\"}]},{\"@type\":\"WebSite\",\"@id\":\"https:\\\/\\\/centrourbano.com\\\/revista\\\/#website\",\"url\":\"https:\\\/\\\/centrourbano.com\\\/revista\\\/\",\"name\":\"Centro Urbano\",\"description\":\"Medio especializado en los sectores vivienda, inmobiliario, construcci\u00f3n, arquitectura y urbanismo.\",\"publisher\":{\"@id\":\"https:\\\/\\\/centrourbano.com\\\/revista\\\/#organization\"},\"potentialAction\":[{\"@type\":\"SearchAction\",\"target\":{\"@type\":\"EntryPoint\",\"urlTemplate\":\"https:\\\/\\\/centrourbano.com\\\/revista\\\/?s={search_term_string}\"},\"query-input\":{\"@type\":\"PropertyValueSpecification\",\"valueRequired\":true,\"valueName\":\"search_term_string\"}}],\"inLanguage\":\"es\"},{\"@type\":\"Organization\",\"@id\":\"https:\\\/\\\/centrourbano.com\\\/revista\\\/#organization\",\"name\":\"Centro Urbano\",\"url\":\"https:\\\/\\\/centrourbano.com\\\/revista\\\/\",\"logo\":{\"@type\":\"ImageObject\",\"inLanguage\":\"es\",\"@id\":\"https:\\\/\\\/centrourbano.com\\\/revista\\\/#\\\/schema\\\/logo\\\/image\\\/\",\"url\":\"https:\\\/\\\/centrourbano.com\\\/revista\\\/wp-content\\\/uploads\\\/web_CU_logo-1.png\",\"contentUrl\":\"https:\\\/\\\/centrourbano.com\\\/revista\\\/wp-content\\\/uploads\\\/web_CU_logo-1.png\",\"width\":350,\"height\":91,\"caption\":\"Centro Urbano\"},\"image\":{\"@id\":\"https:\\\/\\\/centrourbano.com\\\/revista\\\/#\\\/schema\\\/logo\\\/image\\\/\"},\"sameAs\":[\"https:\\\/\\\/www.facebook.com\\\/portalcentrourbano\",\"https:\\\/\\\/x.com\\\/CentroUrbano\",\"https:\\\/\\\/www.instagram.com\\\/centro_urbano\\\/\",\"https:\\\/\\\/www.linkedin.com\\\/company\\\/centro-urbano\\\/\",\"http:\\\/\\\/www.youtube.com\\\/user\\\/portalcentrourbano\"]},{\"@type\":\"Person\",\"@id\":\"https:\\\/\\\/centrourbano.com\\\/revista\\\/#\\\/schema\\\/person\\\/515c32d01ece40d20a7ed3fdf34051af\",\"name\":\"Fernando Navarrete\",\"image\":{\"@type\":\"ImageObject\",\"inLanguage\":\"es\",\"@id\":\"https:\\\/\\\/secure.gravatar.com\\\/avatar\\\/f4dd6927a99e72698473e350e20ec8a38bd48cb668e15b03d04e8e537da41ad0?s=96&d=mm&r=g\",\"url\":\"https:\\\/\\\/secure.gravatar.com\\\/avatar\\\/f4dd6927a99e72698473e350e20ec8a38bd48cb668e15b03d04e8e537da41ad0?s=96&d=mm&r=g\",\"contentUrl\":\"https:\\\/\\\/secure.gravatar.com\\\/avatar\\\/f4dd6927a99e72698473e350e20ec8a38bd48cb668e15b03d04e8e537da41ad0?s=96&d=mm&r=g\",\"caption\":\"Fernando Navarrete\"},\"description\":\"Reportero de negocios, inmobiliario, construcci\u00f3n e industria. Me interesa la econom\u00eda, pol\u00edtica, historia y antropolog\u00eda. Estudi\u00e9 en la Facultad de Ciencias Pol\u00edticas y Sociales de la UNAM. Tengo experiencia en el sector p\u00fablico, la industria del acero, ingenier\u00eda civil, IT y corporativos; soy un nost\u00e1lgico nacionalista contempor\u00e1neo que cree en la grandeza de su pa\u00eds. Asiduo lector de Juan Rulfo, Jos\u00e9 Revueltas y J. R. R Tolkien.\",\"url\":\"https:\\\/\\\/centrourbano.com\\\/revista\\\/author\\\/fernando-navarrete\\\/\"}]}<\/script>\n<!-- \/ Yoast SEO plugin. -->","yoast_head_json":{"title":"Fibra Mty reporta alzas favorables por tipo de cambio","description":"Los ingresos totales del grupo sumaron 233 mdp al 3T2018","robots":{"index":"index","follow":"follow","max-snippet":"max-snippet:-1","max-image-preview":"max-image-preview:large","max-video-preview":"max-video-preview:-1"},"canonical":"https:\/\/centrourbano.com\/revista\/inmobiliario\/fibra-mty-reporta-alzas-favorables-por-tipo-de-cambio\/","og_locale":"es_ES","og_type":"article","og_title":"Fibra Mty reporta alzas favorables por tipo de cambio","og_description":"Los ingresos totales del grupo sumaron 233 mdp al 3T2018","og_url":"https:\/\/centrourbano.com\/revista\/inmobiliario\/fibra-mty-reporta-alzas-favorables-por-tipo-de-cambio\/","og_site_name":"Centro Urbano","article_publisher":"https:\/\/www.facebook.com\/portalcentrourbano","article_published_time":"2018-10-29T15:45:07+00:00","article_modified_time":"2018-10-29T16:27:29+00:00","og_image":[{"width":1023,"height":667,"url":"https:\/\/centrourbano.com\/revista\/wp-content\/uploads\/mty-1-1.jpg","type":"image\/jpeg"}],"author":"Fernando Navarrete","twitter_card":"summary_large_image","twitter_creator":"@CentroUrbano","twitter_site":"@CentroUrbano","twitter_misc":{"Escrito por":"Fernando Navarrete","Tiempo de lectura":"2 minutos"},"schema":{"@context":"https:\/\/schema.org","@graph":[{"@type":"Article","@id":"https:\/\/centrourbano.com\/revista\/inmobiliario\/fibra-mty-reporta-alzas-favorables-por-tipo-de-cambio\/#article","isPartOf":{"@id":"https:\/\/centrourbano.com\/revista\/inmobiliario\/fibra-mty-reporta-alzas-favorables-por-tipo-de-cambio\/"},"author":{"name":"Fernando Navarrete","@id":"https:\/\/centrourbano.com\/revista\/#\/schema\/person\/515c32d01ece40d20a7ed3fdf34051af"},"headline":"Fibra Mty reporta alzas favorables por tipo de cambio","datePublished":"2018-10-29T15:45:07+00:00","dateModified":"2018-10-29T16:27:29+00:00","mainEntityOfPage":{"@id":"https:\/\/centrourbano.com\/revista\/inmobiliario\/fibra-mty-reporta-alzas-favorables-por-tipo-de-cambio\/"},"wordCount":365,"commentCount":0,"publisher":{"@id":"https:\/\/centrourbano.com\/revista\/#organization"},"image":{"@id":"https:\/\/centrourbano.com\/revista\/inmobiliario\/fibra-mty-reporta-alzas-favorables-por-tipo-de-cambio\/#primaryimage"},"thumbnailUrl":"https:\/\/centrourbano.com\/revista\/wp-content\/uploads\/mty-1-1.jpg","keywords":["3T2018","Fibra Mty"],"articleSection":["Inmobiliario"],"inLanguage":"es","potentialAction":[{"@type":"CommentAction","name":"Comment","target":["https:\/\/centrourbano.com\/revista\/inmobiliario\/fibra-mty-reporta-alzas-favorables-por-tipo-de-cambio\/#respond"]}]},{"@type":"WebPage","@id":"https:\/\/centrourbano.com\/revista\/inmobiliario\/fibra-mty-reporta-alzas-favorables-por-tipo-de-cambio\/","url":"https:\/\/centrourbano.com\/revista\/inmobiliario\/fibra-mty-reporta-alzas-favorables-por-tipo-de-cambio\/","name":"Fibra Mty reporta alzas favorables por tipo de cambio","isPartOf":{"@id":"https:\/\/centrourbano.com\/revista\/#website"},"primaryImageOfPage":{"@id":"https:\/\/centrourbano.com\/revista\/inmobiliario\/fibra-mty-reporta-alzas-favorables-por-tipo-de-cambio\/#primaryimage"},"image":{"@id":"https:\/\/centrourbano.com\/revista\/inmobiliario\/fibra-mty-reporta-alzas-favorables-por-tipo-de-cambio\/#primaryimage"},"thumbnailUrl":"https:\/\/centrourbano.com\/revista\/wp-content\/uploads\/mty-1-1.jpg","datePublished":"2018-10-29T15:45:07+00:00","dateModified":"2018-10-29T16:27:29+00:00","description":"Los ingresos totales del grupo sumaron 233 mdp al 3T2018","breadcrumb":{"@id":"https:\/\/centrourbano.com\/revista\/inmobiliario\/fibra-mty-reporta-alzas-favorables-por-tipo-de-cambio\/#breadcrumb"},"inLanguage":"es","potentialAction":[{"@type":"ReadAction","target":["https:\/\/centrourbano.com\/revista\/inmobiliario\/fibra-mty-reporta-alzas-favorables-por-tipo-de-cambio\/"]}]},{"@type":"ImageObject","inLanguage":"es","@id":"https:\/\/centrourbano.com\/revista\/inmobiliario\/fibra-mty-reporta-alzas-favorables-por-tipo-de-cambio\/#primaryimage","url":"https:\/\/centrourbano.com\/revista\/wp-content\/uploads\/mty-1-1.jpg","contentUrl":"https:\/\/centrourbano.com\/revista\/wp-content\/uploads\/mty-1-1.jpg","width":1023,"height":667,"caption":"Los ingresos totales del grupo sumaron 233 mdp al 3T2018"},{"@type":"BreadcrumbList","@id":"https:\/\/centrourbano.com\/revista\/inmobiliario\/fibra-mty-reporta-alzas-favorables-por-tipo-de-cambio\/#breadcrumb","itemListElement":[{"@type":"ListItem","position":1,"name":"Portada","item":"https:\/\/centrourbano.com\/revista\/"},{"@type":"ListItem","position":2,"name":"Fibra Mty reporta alzas favorables por tipo de cambio"}]},{"@type":"WebSite","@id":"https:\/\/centrourbano.com\/revista\/#website","url":"https:\/\/centrourbano.com\/revista\/","name":"Centro Urbano","description":"Medio especializado en los sectores vivienda, inmobiliario, construcci\u00f3n, arquitectura y urbanismo.","publisher":{"@id":"https:\/\/centrourbano.com\/revista\/#organization"},"potentialAction":[{"@type":"SearchAction","target":{"@type":"EntryPoint","urlTemplate":"https:\/\/centrourbano.com\/revista\/?s={search_term_string}"},"query-input":{"@type":"PropertyValueSpecification","valueRequired":true,"valueName":"search_term_string"}}],"inLanguage":"es"},{"@type":"Organization","@id":"https:\/\/centrourbano.com\/revista\/#organization","name":"Centro Urbano","url":"https:\/\/centrourbano.com\/revista\/","logo":{"@type":"ImageObject","inLanguage":"es","@id":"https:\/\/centrourbano.com\/revista\/#\/schema\/logo\/image\/","url":"https:\/\/centrourbano.com\/revista\/wp-content\/uploads\/web_CU_logo-1.png","contentUrl":"https:\/\/centrourbano.com\/revista\/wp-content\/uploads\/web_CU_logo-1.png","width":350,"height":91,"caption":"Centro Urbano"},"image":{"@id":"https:\/\/centrourbano.com\/revista\/#\/schema\/logo\/image\/"},"sameAs":["https:\/\/www.facebook.com\/portalcentrourbano","https:\/\/x.com\/CentroUrbano","https:\/\/www.instagram.com\/centro_urbano\/","https:\/\/www.linkedin.com\/company\/centro-urbano\/","http:\/\/www.youtube.com\/user\/portalcentrourbano"]},{"@type":"Person","@id":"https:\/\/centrourbano.com\/revista\/#\/schema\/person\/515c32d01ece40d20a7ed3fdf34051af","name":"Fernando Navarrete","image":{"@type":"ImageObject","inLanguage":"es","@id":"https:\/\/secure.gravatar.com\/avatar\/f4dd6927a99e72698473e350e20ec8a38bd48cb668e15b03d04e8e537da41ad0?s=96&d=mm&r=g","url":"https:\/\/secure.gravatar.com\/avatar\/f4dd6927a99e72698473e350e20ec8a38bd48cb668e15b03d04e8e537da41ad0?s=96&d=mm&r=g","contentUrl":"https:\/\/secure.gravatar.com\/avatar\/f4dd6927a99e72698473e350e20ec8a38bd48cb668e15b03d04e8e537da41ad0?s=96&d=mm&r=g","caption":"Fernando Navarrete"},"description":"Reportero de negocios, inmobiliario, construcci\u00f3n e industria. Me interesa la econom\u00eda, pol\u00edtica, historia y antropolog\u00eda. Estudi\u00e9 en la Facultad de Ciencias Pol\u00edticas y Sociales de la UNAM. Tengo experiencia en el sector p\u00fablico, la industria del acero, ingenier\u00eda civil, IT y corporativos; soy un nost\u00e1lgico nacionalista contempor\u00e1neo que cree en la grandeza de su pa\u00eds. Asiduo lector de Juan Rulfo, Jos\u00e9 Revueltas y J. R. R Tolkien.","url":"https:\/\/centrourbano.com\/revista\/author\/fernando-navarrete\/"}]}},"_links":{"self":[{"href":"https:\/\/centrourbano.com\/revista\/wp-json\/wp\/v2\/posts\/80711","targetHints":{"allow":["GET"]}}],"collection":[{"href":"https:\/\/centrourbano.com\/revista\/wp-json\/wp\/v2\/posts"}],"about":[{"href":"https:\/\/centrourbano.com\/revista\/wp-json\/wp\/v2\/types\/post"}],"author":[{"embeddable":true,"href":"https:\/\/centrourbano.com\/revista\/wp-json\/wp\/v2\/users\/69"}],"replies":[{"embeddable":true,"href":"https:\/\/centrourbano.com\/revista\/wp-json\/wp\/v2\/comments?post=80711"}],"version-history":[{"count":1,"href":"https:\/\/centrourbano.com\/revista\/wp-json\/wp\/v2\/posts\/80711\/revisions"}],"predecessor-version":[{"id":80724,"href":"https:\/\/centrourbano.com\/revista\/wp-json\/wp\/v2\/posts\/80711\/revisions\/80724"}],"wp:featuredmedia":[{"embeddable":true,"href":"https:\/\/centrourbano.com\/revista\/wp-json\/wp\/v2\/media\/80723"}],"wp:attachment":[{"href":"https:\/\/centrourbano.com\/revista\/wp-json\/wp\/v2\/media?parent=80711"}],"wp:term":[{"taxonomy":"category","embeddable":true,"href":"https:\/\/centrourbano.com\/revista\/wp-json\/wp\/v2\/categories?post=80711"},{"taxonomy":"post_tag","embeddable":true,"href":"https:\/\/centrourbano.com\/revista\/wp-json\/wp\/v2\/tags?post=80711"}],"curies":[{"name":"wp","href":"https:\/\/api.w.org\/{rel}","templated":true}]}}