{"id":80607,"date":"2018-10-29T09:54:46","date_gmt":"2018-10-29T15:54:46","guid":{"rendered":"https:\/\/centrourbano.com\/?p=80607"},"modified":"2018-10-29T11:22:14","modified_gmt":"2018-10-29T17:22:14","slug":"hijo-de-pedro-ramirez-vazquez-habla-sobre-la-ideologia-de-su-padre","status":"publish","type":"post","link":"https:\/\/centrourbano.com\/revista\/arquitectura-2\/hijo-de-pedro-ramirez-vazquez-habla-sobre-la-ideologia-de-su-padre\/","title":{"rendered":"Hijo de Pedro Ram\u00edrez V\u00e1zquez habla sobre la ideolog\u00eda de su padre"},"content":{"rendered":"<p><em>Gracias a las soluciones en construcci\u00f3n que implement\u00f3 Pedro Ram\u00edrez V\u00e1zquez,\u00a0entre 1958 y 1964 se construyeron m\u00e1s escuelas que las que se hab\u00edan hecho en los 10 a\u00f1os anteriores<\/em><!--more--><\/p>\n<p>Hace unos d\u00edas, <strong>Javier Ram\u00edrez Campuzano<\/strong> imparti\u00f3 una conferencia en la Sala Manuel M. Ponce del Palacio de Bellas Artes, en donde habl\u00f3 sobre la trayectoria y la ideolog\u00eda de su padre, el arquitecto <strong>Pedro Ram\u00edrez V\u00e1zquez<\/strong>, \u00edcono de la arquitectura mexicana.<\/p>\n<p>Durante el evento, el especialista hizo \u00e9nfasis en las soluciones de construcci\u00f3n que Pedro Ram\u00edrez V\u00e1zquez implementaba para las escuelas, sobre todo en \u00e1reas rurales,\u00a0donde cre\u00f3 un modelo con materiales que no pesaban m\u00e1s de 50 kilos, de tal manera que pudieran llevarse sobre los hombros de dos personas, en cayuco o burro. Adem\u00e1s, inclu\u00eda instrucciones para que las personas lo armaran f\u00e1cilmente en cualquier lugar.<\/p>\n<p>Cabe resaltar que esta soluci\u00f3n fue llevada\u00a0a Italia, a la India y a Indonesia, por lo que se considera un proyecto visionario, ya que, entre 1958 y 1964 se construyeron m\u00e1s escuelas que las que se hab\u00edan hecho en los 10 a\u00f1os anteriores.<\/p>\n<p>Algunas de las obras que tomaron sentido visionario, y que se adelantaron al tiempo, fueron el Museo del Caracol, el de Arte Moderno y el del Virreinato (la obra exterior), as\u00ed como el edificio del Congreso de la Uni\u00f3n, el cual est\u00e1 inspirado en el cuadr\u00e1ngulo de Las Monjas.<\/p>\n<p>De acuerdo con\u00a0Ram\u00edrez Campuzano, quien trabaj\u00f3 al lado de su padre desde 1986 y ahora dirige la firma Ram\u00edrez V\u00e1zquez, el afamado arquitecto se interes\u00f3 por destacar\u00a0la cultura mexicana, e incluso, cuando le pidieron elegir la cristaler\u00eda para la Canciller\u00eda, se bas\u00f3 en el vaso de pulquero prehisp\u00e1nico. Le hizo unos cortes a lo largo, simulando un maguey, y con ese dise\u00f1o se elaboraron copas para agua, vino y caballitos.<\/p>\n<p>En cuanto al tema de los Juegos Ol\u00edmpicos de 1968, Pedro Ram\u00edrez V\u00e1zquez dirigi\u00f3 el Comit\u00e9 Organizador, en donde tuvo dos retos: darle al pa\u00eds una imagen moderna y contempor\u00e1nea, y haber tenido que realizar en 27 meses lo que los dem\u00e1s pa\u00edses hac\u00edan en 7 a\u00f1os.<\/p>\n<p>La\u00a0Bas\u00edlica de Guadalupe fue otro de sus grandes trabajos,\u00a0en el cual enfrent\u00f3 problem\u00e1ticas del subsuelo\u00a0y cuya soluci\u00f3n fue crear un cuello central del que se desprende la plancha de concreto que sostiene la cubierta, la ventilaci\u00f3n es por tiro.<\/p>\n<p>Pedro Ram\u00edrez V\u00e1zquez fue fundador y rector de la Universidad Aut\u00f3noma Metropolitana,\u00a0en donde se enfoc\u00f3 en crear\u00a0nuevas carreras, acorde a las necesidades del pa\u00eds.\u00a0Adem\u00e1s,\u00a0parte de\u00a0su ideolog\u00eda tuvo una\u00a0marcada orientaci\u00f3n social, ya que al haber tenido\u00a0tres hermanos que fueron abogados laboralistas, \u00e9stos influyeron en \u00e9l cuando comenz\u00f3 a desarrollarse en el \u00e1mbito de la arquitectura, y siempre ve\u00eda qu\u00e9 proyecto hac\u00eda falta, a qui\u00e9n hab\u00eda qu\u00e9 plantearlo y en qu\u00e9 momento.<\/p>\n<p>&nbsp;<\/p>\n","protected":false},"excerpt":{"rendered":"<p>Gracias a las soluciones en construcci\u00f3n que implement\u00f3 Pedro Ram\u00edrez V\u00e1zquez,\u00a0entre 1958 y 1964 se construyeron m\u00e1s escuelas que las que se hab\u00edan hecho en los 10 a\u00f1os anteriores<\/p>\n","protected":false},"author":9,"featured_media":35245,"comment_status":"open","ping_status":"closed","sticky":false,"template":"","format":"standard","meta":{"om_disable_all_campaigns":false,"inline_featured_image":false,"_monsterinsights_skip_tracking":false,"_monsterinsights_sitenote_active":false,"_monsterinsights_sitenote_note":"","_monsterinsights_sitenote_category":0,"footnotes":""},"categories":[81],"tags":[20,388,728],"class_list":["post-80607","post","type-post","status-publish","format-standard","has-post-thumbnail","hentry","category-arquitectura-2","tag-arquitectura","tag-inba","tag-pedro-ramirez-vazquez"],"yoast_head":"<!-- This site is optimized with the Yoast SEO plugin v27.5 - https:\/\/yoast.com\/product\/yoast-seo-wordpress\/ -->\n<title>Hijo de Pedro Ram\u00edrez V\u00e1zquez habla sobre la ideolog\u00eda de su padre<\/title>\n<meta name=\"description\" content=\"Gracias a las soluciones en construcci\u00f3n que implement\u00f3 Pedro Ram\u00edrez V\u00e1zquez, entre 1958 y 1964 se construyeron m\u00e1s escuelas que las que se hab\u00edan hecho en los 10 a\u00f1os anteriores\" \/>\n<meta name=\"robots\" content=\"index, follow, max-snippet:-1, max-image-preview:large, max-video-preview:-1\" \/>\n<link rel=\"canonical\" href=\"https:\/\/centrourbano.com\/revista\/arquitectura-2\/hijo-de-pedro-ramirez-vazquez-habla-sobre-la-ideologia-de-su-padre\/\" \/>\n<meta property=\"og:locale\" content=\"es_ES\" \/>\n<meta property=\"og:type\" content=\"article\" \/>\n<meta property=\"og:title\" content=\"Hijo de Pedro Ram\u00edrez V\u00e1zquez habla sobre la ideolog\u00eda de su padre\" \/>\n<meta property=\"og:description\" content=\"Gracias a las soluciones en construcci\u00f3n que implement\u00f3 Pedro Ram\u00edrez V\u00e1zquez, entre 1958 y 1964 se construyeron m\u00e1s escuelas que las que se hab\u00edan hecho en los 10 a\u00f1os anteriores\" \/>\n<meta property=\"og:url\" content=\"https:\/\/centrourbano.com\/revista\/arquitectura-2\/hijo-de-pedro-ramirez-vazquez-habla-sobre-la-ideologia-de-su-padre\/\" \/>\n<meta property=\"og:site_name\" content=\"Centro Urbano\" \/>\n<meta property=\"article:publisher\" content=\"https:\/\/www.facebook.com\/portalcentrourbano\" \/>\n<meta property=\"article:published_time\" content=\"2018-10-29T15:54:46+00:00\" \/>\n<meta property=\"article:modified_time\" content=\"2018-10-29T17:22:14+00:00\" \/>\n<meta property=\"og:image\" content=\"https:\/\/centrourbano.com\/revista\/wp-content\/uploads\/Pedro-Ram\u00edrez-V\u00e1zquez.jpg\" \/>\n\t<meta property=\"og:image:width\" content=\"670\" \/>\n\t<meta property=\"og:image:height\" content=\"350\" \/>\n\t<meta property=\"og:image:type\" content=\"image\/jpeg\" \/>\n<meta name=\"author\" content=\"Dinorah Nava\" \/>\n<meta name=\"twitter:card\" content=\"summary_large_image\" \/>\n<meta name=\"twitter:creator\" content=\"@https:\/\/twitter.com\/Dinorah_Nava28\" \/>\n<meta name=\"twitter:site\" content=\"@CentroUrbano\" \/>\n<meta name=\"twitter:label1\" content=\"Escrito por\" \/>\n\t<meta name=\"twitter:data1\" content=\"Dinorah Nava\" \/>\n\t<meta name=\"twitter:label2\" content=\"Tiempo de lectura\" \/>\n\t<meta name=\"twitter:data2\" content=\"3 minutos\" \/>\n<script type=\"application\/ld+json\" class=\"yoast-schema-graph\">{\"@context\":\"https:\\\/\\\/schema.org\",\"@graph\":[{\"@type\":\"Article\",\"@id\":\"https:\\\/\\\/centrourbano.com\\\/revista\\\/arquitectura-2\\\/hijo-de-pedro-ramirez-vazquez-habla-sobre-la-ideologia-de-su-padre\\\/#article\",\"isPartOf\":{\"@id\":\"https:\\\/\\\/centrourbano.com\\\/revista\\\/arquitectura-2\\\/hijo-de-pedro-ramirez-vazquez-habla-sobre-la-ideologia-de-su-padre\\\/\"},\"author\":{\"name\":\"Dinorah Nava\",\"@id\":\"https:\\\/\\\/centrourbano.com\\\/revista\\\/#\\\/schema\\\/person\\\/b45db815d96831257ba428a3d5a5fbdc\"},\"headline\":\"Hijo de Pedro Ram\u00edrez V\u00e1zquez habla sobre la ideolog\u00eda de su padre\",\"datePublished\":\"2018-10-29T15:54:46+00:00\",\"dateModified\":\"2018-10-29T17:22:14+00:00\",\"mainEntityOfPage\":{\"@id\":\"https:\\\/\\\/centrourbano.com\\\/revista\\\/arquitectura-2\\\/hijo-de-pedro-ramirez-vazquez-habla-sobre-la-ideologia-de-su-padre\\\/\"},\"wordCount\":530,\"commentCount\":0,\"publisher\":{\"@id\":\"https:\\\/\\\/centrourbano.com\\\/revista\\\/#organization\"},\"image\":{\"@id\":\"https:\\\/\\\/centrourbano.com\\\/revista\\\/arquitectura-2\\\/hijo-de-pedro-ramirez-vazquez-habla-sobre-la-ideologia-de-su-padre\\\/#primaryimage\"},\"thumbnailUrl\":\"https:\\\/\\\/centrourbano.com\\\/revista\\\/wp-content\\\/uploads\\\/Pedro-Ram\u00edrez-V\u00e1zquez.jpg\",\"keywords\":[\"arquitectura\",\"INBA\",\"Pedro Ram\u00edrez V\u00e1zquez\"],\"articleSection\":[\"Arquitectura\"],\"inLanguage\":\"es\",\"potentialAction\":[{\"@type\":\"CommentAction\",\"name\":\"Comment\",\"target\":[\"https:\\\/\\\/centrourbano.com\\\/revista\\\/arquitectura-2\\\/hijo-de-pedro-ramirez-vazquez-habla-sobre-la-ideologia-de-su-padre\\\/#respond\"]}]},{\"@type\":\"WebPage\",\"@id\":\"https:\\\/\\\/centrourbano.com\\\/revista\\\/arquitectura-2\\\/hijo-de-pedro-ramirez-vazquez-habla-sobre-la-ideologia-de-su-padre\\\/\",\"url\":\"https:\\\/\\\/centrourbano.com\\\/revista\\\/arquitectura-2\\\/hijo-de-pedro-ramirez-vazquez-habla-sobre-la-ideologia-de-su-padre\\\/\",\"name\":\"Hijo de Pedro Ram\u00edrez V\u00e1zquez habla sobre la ideolog\u00eda de su padre\",\"isPartOf\":{\"@id\":\"https:\\\/\\\/centrourbano.com\\\/revista\\\/#website\"},\"primaryImageOfPage\":{\"@id\":\"https:\\\/\\\/centrourbano.com\\\/revista\\\/arquitectura-2\\\/hijo-de-pedro-ramirez-vazquez-habla-sobre-la-ideologia-de-su-padre\\\/#primaryimage\"},\"image\":{\"@id\":\"https:\\\/\\\/centrourbano.com\\\/revista\\\/arquitectura-2\\\/hijo-de-pedro-ramirez-vazquez-habla-sobre-la-ideologia-de-su-padre\\\/#primaryimage\"},\"thumbnailUrl\":\"https:\\\/\\\/centrourbano.com\\\/revista\\\/wp-content\\\/uploads\\\/Pedro-Ram\u00edrez-V\u00e1zquez.jpg\",\"datePublished\":\"2018-10-29T15:54:46+00:00\",\"dateModified\":\"2018-10-29T17:22:14+00:00\",\"description\":\"Gracias a las soluciones en construcci\u00f3n que implement\u00f3 Pedro Ram\u00edrez V\u00e1zquez, entre 1958 y 1964 se construyeron m\u00e1s escuelas que las que se hab\u00edan hecho en los 10 a\u00f1os anteriores\",\"breadcrumb\":{\"@id\":\"https:\\\/\\\/centrourbano.com\\\/revista\\\/arquitectura-2\\\/hijo-de-pedro-ramirez-vazquez-habla-sobre-la-ideologia-de-su-padre\\\/#breadcrumb\"},\"inLanguage\":\"es\",\"potentialAction\":[{\"@type\":\"ReadAction\",\"target\":[\"https:\\\/\\\/centrourbano.com\\\/revista\\\/arquitectura-2\\\/hijo-de-pedro-ramirez-vazquez-habla-sobre-la-ideologia-de-su-padre\\\/\"]}]},{\"@type\":\"ImageObject\",\"inLanguage\":\"es\",\"@id\":\"https:\\\/\\\/centrourbano.com\\\/revista\\\/arquitectura-2\\\/hijo-de-pedro-ramirez-vazquez-habla-sobre-la-ideologia-de-su-padre\\\/#primaryimage\",\"url\":\"https:\\\/\\\/centrourbano.com\\\/revista\\\/wp-content\\\/uploads\\\/Pedro-Ram\u00edrez-V\u00e1zquez.jpg\",\"contentUrl\":\"https:\\\/\\\/centrourbano.com\\\/revista\\\/wp-content\\\/uploads\\\/Pedro-Ram\u00edrez-V\u00e1zquez.jpg\",\"width\":670,\"height\":350},{\"@type\":\"BreadcrumbList\",\"@id\":\"https:\\\/\\\/centrourbano.com\\\/revista\\\/arquitectura-2\\\/hijo-de-pedro-ramirez-vazquez-habla-sobre-la-ideologia-de-su-padre\\\/#breadcrumb\",\"itemListElement\":[{\"@type\":\"ListItem\",\"position\":1,\"name\":\"Portada\",\"item\":\"https:\\\/\\\/centrourbano.com\\\/revista\\\/\"},{\"@type\":\"ListItem\",\"position\":2,\"name\":\"Hijo de Pedro Ram\u00edrez V\u00e1zquez habla sobre la ideolog\u00eda de su padre\"}]},{\"@type\":\"WebSite\",\"@id\":\"https:\\\/\\\/centrourbano.com\\\/revista\\\/#website\",\"url\":\"https:\\\/\\\/centrourbano.com\\\/revista\\\/\",\"name\":\"Centro Urbano\",\"description\":\"Medio especializado en los sectores vivienda, inmobiliario, construcci\u00f3n, arquitectura y urbanismo.\",\"publisher\":{\"@id\":\"https:\\\/\\\/centrourbano.com\\\/revista\\\/#organization\"},\"potentialAction\":[{\"@type\":\"SearchAction\",\"target\":{\"@type\":\"EntryPoint\",\"urlTemplate\":\"https:\\\/\\\/centrourbano.com\\\/revista\\\/?s={search_term_string}\"},\"query-input\":{\"@type\":\"PropertyValueSpecification\",\"valueRequired\":true,\"valueName\":\"search_term_string\"}}],\"inLanguage\":\"es\"},{\"@type\":\"Organization\",\"@id\":\"https:\\\/\\\/centrourbano.com\\\/revista\\\/#organization\",\"name\":\"Centro Urbano\",\"url\":\"https:\\\/\\\/centrourbano.com\\\/revista\\\/\",\"logo\":{\"@type\":\"ImageObject\",\"inLanguage\":\"es\",\"@id\":\"https:\\\/\\\/centrourbano.com\\\/revista\\\/#\\\/schema\\\/logo\\\/image\\\/\",\"url\":\"https:\\\/\\\/centrourbano.com\\\/revista\\\/wp-content\\\/uploads\\\/web_CU_logo-1.png\",\"contentUrl\":\"https:\\\/\\\/centrourbano.com\\\/revista\\\/wp-content\\\/uploads\\\/web_CU_logo-1.png\",\"width\":350,\"height\":91,\"caption\":\"Centro Urbano\"},\"image\":{\"@id\":\"https:\\\/\\\/centrourbano.com\\\/revista\\\/#\\\/schema\\\/logo\\\/image\\\/\"},\"sameAs\":[\"https:\\\/\\\/www.facebook.com\\\/portalcentrourbano\",\"https:\\\/\\\/x.com\\\/CentroUrbano\",\"https:\\\/\\\/www.instagram.com\\\/centro_urbano\\\/\",\"https:\\\/\\\/www.linkedin.com\\\/company\\\/centro-urbano\\\/\",\"http:\\\/\\\/www.youtube.com\\\/user\\\/portalcentrourbano\"]},{\"@type\":\"Person\",\"@id\":\"https:\\\/\\\/centrourbano.com\\\/revista\\\/#\\\/schema\\\/person\\\/b45db815d96831257ba428a3d5a5fbdc\",\"name\":\"Dinorah Nava\",\"image\":{\"@type\":\"ImageObject\",\"inLanguage\":\"es\",\"@id\":\"https:\\\/\\\/secure.gravatar.com\\\/avatar\\\/f6ca6430c51d147f363940f84e1225aa4b8183885c11802cc3b042305a4ecc1a?s=96&d=mm&r=g\",\"url\":\"https:\\\/\\\/secure.gravatar.com\\\/avatar\\\/f6ca6430c51d147f363940f84e1225aa4b8183885c11802cc3b042305a4ecc1a?s=96&d=mm&r=g\",\"contentUrl\":\"https:\\\/\\\/secure.gravatar.com\\\/avatar\\\/f6ca6430c51d147f363940f84e1225aa4b8183885c11802cc3b042305a4ecc1a?s=96&d=mm&r=g\",\"caption\":\"Dinorah Nava\"},\"description\":\"Editora de Contenidos y Estrategias Digitales en Centro Urbano y Coeditora en Peri\u00f3dico Mi Casa. Egresada de la licenciatura en Comunicaci\u00f3n y Periodismo de la Facultad de Estudios Superiores Arag\u00f3n (UNAM). Amante de la edici\u00f3n y correcci\u00f3n de estilo, las redes sociales y el mundo digital. Especialista en temas son arquitectura, inmobiliario y urbanismo.\",\"sameAs\":[\"linkedin.com\\\/in\\\/dinorah-nava\",\"https:\\\/\\\/x.com\\\/https:\\\/\\\/twitter.com\\\/Dinorah_Nava28\"],\"url\":\"https:\\\/\\\/centrourbano.com\\\/revista\\\/author\\\/dinorah-nava\\\/\"}]}<\/script>\n<!-- \/ Yoast SEO plugin. -->","yoast_head_json":{"title":"Hijo de Pedro Ram\u00edrez V\u00e1zquez habla sobre la ideolog\u00eda de su padre","description":"Gracias a las soluciones en construcci\u00f3n que implement\u00f3 Pedro Ram\u00edrez V\u00e1zquez, entre 1958 y 1964 se construyeron m\u00e1s escuelas que las que se hab\u00edan hecho en los 10 a\u00f1os anteriores","robots":{"index":"index","follow":"follow","max-snippet":"max-snippet:-1","max-image-preview":"max-image-preview:large","max-video-preview":"max-video-preview:-1"},"canonical":"https:\/\/centrourbano.com\/revista\/arquitectura-2\/hijo-de-pedro-ramirez-vazquez-habla-sobre-la-ideologia-de-su-padre\/","og_locale":"es_ES","og_type":"article","og_title":"Hijo de Pedro Ram\u00edrez V\u00e1zquez habla sobre la ideolog\u00eda de su padre","og_description":"Gracias a las soluciones en construcci\u00f3n que implement\u00f3 Pedro Ram\u00edrez V\u00e1zquez, entre 1958 y 1964 se construyeron m\u00e1s escuelas que las que se hab\u00edan hecho en los 10 a\u00f1os anteriores","og_url":"https:\/\/centrourbano.com\/revista\/arquitectura-2\/hijo-de-pedro-ramirez-vazquez-habla-sobre-la-ideologia-de-su-padre\/","og_site_name":"Centro Urbano","article_publisher":"https:\/\/www.facebook.com\/portalcentrourbano","article_published_time":"2018-10-29T15:54:46+00:00","article_modified_time":"2018-10-29T17:22:14+00:00","og_image":[{"width":670,"height":350,"url":"https:\/\/centrourbano.com\/revista\/wp-content\/uploads\/Pedro-Ram\u00edrez-V\u00e1zquez.jpg","type":"image\/jpeg"}],"author":"Dinorah Nava","twitter_card":"summary_large_image","twitter_creator":"@https:\/\/twitter.com\/Dinorah_Nava28","twitter_site":"@CentroUrbano","twitter_misc":{"Escrito por":"Dinorah Nava","Tiempo de lectura":"3 minutos"},"schema":{"@context":"https:\/\/schema.org","@graph":[{"@type":"Article","@id":"https:\/\/centrourbano.com\/revista\/arquitectura-2\/hijo-de-pedro-ramirez-vazquez-habla-sobre-la-ideologia-de-su-padre\/#article","isPartOf":{"@id":"https:\/\/centrourbano.com\/revista\/arquitectura-2\/hijo-de-pedro-ramirez-vazquez-habla-sobre-la-ideologia-de-su-padre\/"},"author":{"name":"Dinorah Nava","@id":"https:\/\/centrourbano.com\/revista\/#\/schema\/person\/b45db815d96831257ba428a3d5a5fbdc"},"headline":"Hijo de Pedro Ram\u00edrez V\u00e1zquez habla sobre la ideolog\u00eda de su padre","datePublished":"2018-10-29T15:54:46+00:00","dateModified":"2018-10-29T17:22:14+00:00","mainEntityOfPage":{"@id":"https:\/\/centrourbano.com\/revista\/arquitectura-2\/hijo-de-pedro-ramirez-vazquez-habla-sobre-la-ideologia-de-su-padre\/"},"wordCount":530,"commentCount":0,"publisher":{"@id":"https:\/\/centrourbano.com\/revista\/#organization"},"image":{"@id":"https:\/\/centrourbano.com\/revista\/arquitectura-2\/hijo-de-pedro-ramirez-vazquez-habla-sobre-la-ideologia-de-su-padre\/#primaryimage"},"thumbnailUrl":"https:\/\/centrourbano.com\/revista\/wp-content\/uploads\/Pedro-Ram\u00edrez-V\u00e1zquez.jpg","keywords":["arquitectura","INBA","Pedro Ram\u00edrez V\u00e1zquez"],"articleSection":["Arquitectura"],"inLanguage":"es","potentialAction":[{"@type":"CommentAction","name":"Comment","target":["https:\/\/centrourbano.com\/revista\/arquitectura-2\/hijo-de-pedro-ramirez-vazquez-habla-sobre-la-ideologia-de-su-padre\/#respond"]}]},{"@type":"WebPage","@id":"https:\/\/centrourbano.com\/revista\/arquitectura-2\/hijo-de-pedro-ramirez-vazquez-habla-sobre-la-ideologia-de-su-padre\/","url":"https:\/\/centrourbano.com\/revista\/arquitectura-2\/hijo-de-pedro-ramirez-vazquez-habla-sobre-la-ideologia-de-su-padre\/","name":"Hijo de Pedro Ram\u00edrez V\u00e1zquez habla sobre la ideolog\u00eda de su padre","isPartOf":{"@id":"https:\/\/centrourbano.com\/revista\/#website"},"primaryImageOfPage":{"@id":"https:\/\/centrourbano.com\/revista\/arquitectura-2\/hijo-de-pedro-ramirez-vazquez-habla-sobre-la-ideologia-de-su-padre\/#primaryimage"},"image":{"@id":"https:\/\/centrourbano.com\/revista\/arquitectura-2\/hijo-de-pedro-ramirez-vazquez-habla-sobre-la-ideologia-de-su-padre\/#primaryimage"},"thumbnailUrl":"https:\/\/centrourbano.com\/revista\/wp-content\/uploads\/Pedro-Ram\u00edrez-V\u00e1zquez.jpg","datePublished":"2018-10-29T15:54:46+00:00","dateModified":"2018-10-29T17:22:14+00:00","description":"Gracias a las soluciones en construcci\u00f3n que implement\u00f3 Pedro Ram\u00edrez V\u00e1zquez, entre 1958 y 1964 se construyeron m\u00e1s escuelas que las que se hab\u00edan hecho en los 10 a\u00f1os anteriores","breadcrumb":{"@id":"https:\/\/centrourbano.com\/revista\/arquitectura-2\/hijo-de-pedro-ramirez-vazquez-habla-sobre-la-ideologia-de-su-padre\/#breadcrumb"},"inLanguage":"es","potentialAction":[{"@type":"ReadAction","target":["https:\/\/centrourbano.com\/revista\/arquitectura-2\/hijo-de-pedro-ramirez-vazquez-habla-sobre-la-ideologia-de-su-padre\/"]}]},{"@type":"ImageObject","inLanguage":"es","@id":"https:\/\/centrourbano.com\/revista\/arquitectura-2\/hijo-de-pedro-ramirez-vazquez-habla-sobre-la-ideologia-de-su-padre\/#primaryimage","url":"https:\/\/centrourbano.com\/revista\/wp-content\/uploads\/Pedro-Ram\u00edrez-V\u00e1zquez.jpg","contentUrl":"https:\/\/centrourbano.com\/revista\/wp-content\/uploads\/Pedro-Ram\u00edrez-V\u00e1zquez.jpg","width":670,"height":350},{"@type":"BreadcrumbList","@id":"https:\/\/centrourbano.com\/revista\/arquitectura-2\/hijo-de-pedro-ramirez-vazquez-habla-sobre-la-ideologia-de-su-padre\/#breadcrumb","itemListElement":[{"@type":"ListItem","position":1,"name":"Portada","item":"https:\/\/centrourbano.com\/revista\/"},{"@type":"ListItem","position":2,"name":"Hijo de Pedro Ram\u00edrez V\u00e1zquez habla sobre la ideolog\u00eda de su padre"}]},{"@type":"WebSite","@id":"https:\/\/centrourbano.com\/revista\/#website","url":"https:\/\/centrourbano.com\/revista\/","name":"Centro Urbano","description":"Medio especializado en los sectores vivienda, inmobiliario, construcci\u00f3n, arquitectura y urbanismo.","publisher":{"@id":"https:\/\/centrourbano.com\/revista\/#organization"},"potentialAction":[{"@type":"SearchAction","target":{"@type":"EntryPoint","urlTemplate":"https:\/\/centrourbano.com\/revista\/?s={search_term_string}"},"query-input":{"@type":"PropertyValueSpecification","valueRequired":true,"valueName":"search_term_string"}}],"inLanguage":"es"},{"@type":"Organization","@id":"https:\/\/centrourbano.com\/revista\/#organization","name":"Centro Urbano","url":"https:\/\/centrourbano.com\/revista\/","logo":{"@type":"ImageObject","inLanguage":"es","@id":"https:\/\/centrourbano.com\/revista\/#\/schema\/logo\/image\/","url":"https:\/\/centrourbano.com\/revista\/wp-content\/uploads\/web_CU_logo-1.png","contentUrl":"https:\/\/centrourbano.com\/revista\/wp-content\/uploads\/web_CU_logo-1.png","width":350,"height":91,"caption":"Centro Urbano"},"image":{"@id":"https:\/\/centrourbano.com\/revista\/#\/schema\/logo\/image\/"},"sameAs":["https:\/\/www.facebook.com\/portalcentrourbano","https:\/\/x.com\/CentroUrbano","https:\/\/www.instagram.com\/centro_urbano\/","https:\/\/www.linkedin.com\/company\/centro-urbano\/","http:\/\/www.youtube.com\/user\/portalcentrourbano"]},{"@type":"Person","@id":"https:\/\/centrourbano.com\/revista\/#\/schema\/person\/b45db815d96831257ba428a3d5a5fbdc","name":"Dinorah Nava","image":{"@type":"ImageObject","inLanguage":"es","@id":"https:\/\/secure.gravatar.com\/avatar\/f6ca6430c51d147f363940f84e1225aa4b8183885c11802cc3b042305a4ecc1a?s=96&d=mm&r=g","url":"https:\/\/secure.gravatar.com\/avatar\/f6ca6430c51d147f363940f84e1225aa4b8183885c11802cc3b042305a4ecc1a?s=96&d=mm&r=g","contentUrl":"https:\/\/secure.gravatar.com\/avatar\/f6ca6430c51d147f363940f84e1225aa4b8183885c11802cc3b042305a4ecc1a?s=96&d=mm&r=g","caption":"Dinorah Nava"},"description":"Editora de Contenidos y Estrategias Digitales en Centro Urbano y Coeditora en Peri\u00f3dico Mi Casa. Egresada de la licenciatura en Comunicaci\u00f3n y Periodismo de la Facultad de Estudios Superiores Arag\u00f3n (UNAM). Amante de la edici\u00f3n y correcci\u00f3n de estilo, las redes sociales y el mundo digital. Especialista en temas son arquitectura, inmobiliario y urbanismo.","sameAs":["linkedin.com\/in\/dinorah-nava","https:\/\/x.com\/https:\/\/twitter.com\/Dinorah_Nava28"],"url":"https:\/\/centrourbano.com\/revista\/author\/dinorah-nava\/"}]}},"_links":{"self":[{"href":"https:\/\/centrourbano.com\/revista\/wp-json\/wp\/v2\/posts\/80607","targetHints":{"allow":["GET"]}}],"collection":[{"href":"https:\/\/centrourbano.com\/revista\/wp-json\/wp\/v2\/posts"}],"about":[{"href":"https:\/\/centrourbano.com\/revista\/wp-json\/wp\/v2\/types\/post"}],"author":[{"embeddable":true,"href":"https:\/\/centrourbano.com\/revista\/wp-json\/wp\/v2\/users\/9"}],"replies":[{"embeddable":true,"href":"https:\/\/centrourbano.com\/revista\/wp-json\/wp\/v2\/comments?post=80607"}],"version-history":[{"count":1,"href":"https:\/\/centrourbano.com\/revista\/wp-json\/wp\/v2\/posts\/80607\/revisions"}],"predecessor-version":[{"id":80727,"href":"https:\/\/centrourbano.com\/revista\/wp-json\/wp\/v2\/posts\/80607\/revisions\/80727"}],"wp:featuredmedia":[{"embeddable":true,"href":"https:\/\/centrourbano.com\/revista\/wp-json\/wp\/v2\/media\/35245"}],"wp:attachment":[{"href":"https:\/\/centrourbano.com\/revista\/wp-json\/wp\/v2\/media?parent=80607"}],"wp:term":[{"taxonomy":"category","embeddable":true,"href":"https:\/\/centrourbano.com\/revista\/wp-json\/wp\/v2\/categories?post=80607"},{"taxonomy":"post_tag","embeddable":true,"href":"https:\/\/centrourbano.com\/revista\/wp-json\/wp\/v2\/tags?post=80607"}],"curies":[{"name":"wp","href":"https:\/\/api.w.org\/{rel}","templated":true}]}}