{"id":80491,"date":"2018-10-24T14:39:08","date_gmt":"2018-10-24T19:39:08","guid":{"rendered":"https:\/\/centrourbano.com\/?p=80491"},"modified":"2018-10-24T15:47:44","modified_gmt":"2018-10-24T20:47:44","slug":"crecio-6-financiamiento-la-vivienda-del-mercado-tradicional","status":"publish","type":"post","link":"https:\/\/centrourbano.com\/revista\/vivienda\/crecio-6-financiamiento-la-vivienda-del-mercado-tradicional\/","title":{"rendered":"Creci\u00f3 6% financiamiento a la vivienda"},"content":{"rendered":"<p><em>El Infonavit y la banca crecieron tanto en monto invertido como en acciones concretadas<\/em><!--more--><\/p>\n<p>Al cierre de agosto, el financiamiento a la vivienda en el mercado tradicional alcanz\u00f3 una inversi\u00f3n de 221,200 millones de pesos, cifra que representa un crecimiento de 6.1 por ciento en relaci\u00f3n a lo observado entre enero y el octavo mes, pero de 2017.<\/p>\n<p>De acuerdo con el<strong> Reporte Mensual del Sector Vivienda<\/strong> correspondiente a octubre, el monto derramado permiti\u00f3 concretar 577,200 acciones. En este sentido, el resultado observado equivali\u00f3 a un aumento de 5.7% en relaci\u00f3n a los 545,900 financiamientos otorgados en los primeros ocho meses, pero del a\u00f1o anterior.<\/p>\n<p>En este escenario, el Instituto del Fondo Nacional de la Vivienda para los Trabajadores (<strong>Infonavit<\/strong>) se posicion\u00f3 como el actor del mercado tradicional que m\u00e1s cr\u00e9ditos otorg\u00f3. De acuerdo con la cifra, el organismo otorg\u00f3 353,000 cr\u00e9ditos en sus diversos esquemas, y tan s\u00f3lo en el rubro de adquisici\u00f3n, el organismo coloc\u00f3 208,200 financiamientos.<\/p>\n<p>Por otro lado, la <strong>banca<\/strong> se ubic\u00f3 como el jugador que m\u00e1s invirti\u00f3, al alcanzar una derrama de 104,900 millones de pesos en el periodo. Esta inversi\u00f3n permiti\u00f3 a las instituciones financieras entregar 191,500 financiamientos.<\/p>\n<p>Cabe se\u00f1ala que el Fondo de la Vivienda del Issste (<strong>Fovissste<\/strong>) coloc\u00f3, entre enero y agosto, 32,700 financiamientos. El n\u00famero de acciones alcanzadas represent\u00f3 una inversi\u00f3n del orden de los 22,700 millones de pesos.<\/p>\n<a href=\"https:\/\/centrourbano.com\/revista\/wp-content\/uploads\/Cr\u00e9ditos-por-organismo_Mercado-Tradicional_Cierre-de-Agosto.jpg\" target=\"_blank\" rel=\"noopener noreferrer\"><img loading=\"lazy\" decoding=\"async\" class=\"aligncenter wp-image-80495\" src=\"https:\/\/centrourbano.com\/revista\/wp-content\/uploads\/Cr\u00e9ditos-por-organismo_Mercado-Tradicional_Cierre-de-Agosto.jpg\" alt=\"\" width=\"400\" height=\"358\" srcset=\"https:\/\/centrourbano.com\/revista\/wp-content\/uploads\/Cr\u00e9ditos-por-organismo_Mercado-Tradicional_Cierre-de-Agosto.jpg 634w, https:\/\/centrourbano.com\/revista\/wp-content\/uploads\/Cr\u00e9ditos-por-organismo_Mercado-Tradicional_Cierre-de-Agosto-300x268.jpg 300w\" sizes=\"auto, (max-width: 400px) 100vw, 400px\" \/><\/a>\n","protected":false},"excerpt":{"rendered":"<p>El Infonavit y la banca crecieron tanto en monto invertido como en acciones concretadas<\/p>\n","protected":false},"author":77,"featured_media":27692,"comment_status":"open","ping_status":"closed","sticky":false,"template":"","format":"standard","meta":{"inline_featured_image":false,"footnotes":""},"categories":[12],"tags":[173,482,13721,60],"class_list":["post-80491","post","type-post","status-publish","format-standard","has-post-thumbnail","hentry","category-vivienda","tag-credito","tag-financiamiento","tag-mercado-tradicional","tag-vivienda-2"],"yoast_head":"<!-- This site is optimized with the Yoast SEO plugin v28.4 - https:\/\/yoast.com\/product\/yoast-seo-wordpress\/ -->\n<title>Creci\u00f3 6% financiamiento a la vivienda del mercado tradicional<\/title>\n<meta name=\"description\" content=\"Al cierre de agosto, el financiamiento a la vivienda en el mercado tradicional alcanz\u00f3 una inversi\u00f3n de 221,200 millones de pesos...\" \/>\n<meta name=\"robots\" content=\"index, follow, max-snippet:-1, max-image-preview:large, max-video-preview:-1\" \/>\n<link rel=\"canonical\" href=\"https:\/\/centrourbano.com\/revista\/vivienda\/crecio-6-financiamiento-la-vivienda-del-mercado-tradicional\/\" \/>\n<meta property=\"og:locale\" content=\"es_ES\" \/>\n<meta property=\"og:type\" content=\"article\" \/>\n<meta property=\"og:title\" content=\"Creci\u00f3 6% financiamiento a la vivienda del mercado tradicional\" \/>\n<meta property=\"og:description\" content=\"Al cierre de agosto, el financiamiento a la vivienda en el mercado tradicional alcanz\u00f3 una inversi\u00f3n de 221,200 millones de pesos...\" \/>\n<meta property=\"og:url\" content=\"https:\/\/centrourbano.com\/revista\/vivienda\/crecio-6-financiamiento-la-vivienda-del-mercado-tradicional\/\" \/>\n<meta property=\"og:site_name\" content=\"Centro Urbano\" \/>\n<meta property=\"article:publisher\" content=\"https:\/\/www.facebook.com\/portalcentrourbano\" \/>\n<meta property=\"article:published_time\" content=\"2018-10-24T19:39:08+00:00\" \/>\n<meta property=\"article:modified_time\" content=\"2018-10-24T20:47:44+00:00\" \/>\n<meta property=\"og:image\" content=\"https:\/\/centrourbano.com\/revista\/wp-content\/uploads\/creditos-mancomunados10.jpg\" \/>\n\t<meta property=\"og:image:width\" content=\"800\" \/>\n\t<meta property=\"og:image:height\" content=\"600\" \/>\n\t<meta property=\"og:image:type\" content=\"image\/jpeg\" \/>\n<meta name=\"author\" content=\"G4A\" \/>\n<meta name=\"twitter:card\" content=\"summary_large_image\" \/>\n<meta name=\"twitter:creator\" content=\"@CentroUrbano\" \/>\n<meta name=\"twitter:site\" content=\"@CentroUrbano\" \/>\n<meta name=\"twitter:label1\" content=\"Escrito por\" \/>\n\t<meta name=\"twitter:data1\" content=\"G4A\" \/>\n\t<meta name=\"twitter:label2\" content=\"Tiempo de lectura\" \/>\n\t<meta name=\"twitter:data2\" content=\"1 minuto\" \/>\n<script type=\"application\/ld+json\" class=\"yoast-schema-graph\">{\"@context\":\"https:\\\/\\\/schema.org\",\"@graph\":[{\"@type\":\"Article\",\"@id\":\"https:\\\/\\\/centrourbano.com\\\/revista\\\/vivienda\\\/crecio-6-financiamiento-la-vivienda-del-mercado-tradicional\\\/#article\",\"isPartOf\":{\"@id\":\"https:\\\/\\\/centrourbano.com\\\/revista\\\/vivienda\\\/crecio-6-financiamiento-la-vivienda-del-mercado-tradicional\\\/\"},\"author\":{\"name\":\"G4A\",\"@id\":\"https:\\\/\\\/centrourbano.com\\\/revista\\\/#\\\/schema\\\/person\\\/370fa0ba2d8dd5bde3fdb8b62ad360aa\"},\"headline\":\"Creci\u00f3 6% financiamiento a la vivienda\",\"datePublished\":\"2018-10-24T19:39:08+00:00\",\"dateModified\":\"2018-10-24T20:47:44+00:00\",\"mainEntityOfPage\":{\"@id\":\"https:\\\/\\\/centrourbano.com\\\/revista\\\/vivienda\\\/crecio-6-financiamiento-la-vivienda-del-mercado-tradicional\\\/\"},\"wordCount\":235,\"commentCount\":0,\"publisher\":{\"@id\":\"https:\\\/\\\/centrourbano.com\\\/revista\\\/#organization\"},\"image\":{\"@id\":\"https:\\\/\\\/centrourbano.com\\\/revista\\\/vivienda\\\/crecio-6-financiamiento-la-vivienda-del-mercado-tradicional\\\/#primaryimage\"},\"thumbnailUrl\":\"https:\\\/\\\/centrourbano.com\\\/revista\\\/wp-content\\\/uploads\\\/creditos-mancomunados10.jpg\",\"keywords\":[\"cr\u00e9dito\",\"financiamiento\",\"Mercado tradicional\",\"vivienda\"],\"articleSection\":[\"Vivienda\"],\"inLanguage\":\"es\"},{\"@type\":\"WebPage\",\"@id\":\"https:\\\/\\\/centrourbano.com\\\/revista\\\/vivienda\\\/crecio-6-financiamiento-la-vivienda-del-mercado-tradicional\\\/\",\"url\":\"https:\\\/\\\/centrourbano.com\\\/revista\\\/vivienda\\\/crecio-6-financiamiento-la-vivienda-del-mercado-tradicional\\\/\",\"name\":\"Creci\u00f3 6% financiamiento a la vivienda del mercado tradicional\",\"isPartOf\":{\"@id\":\"https:\\\/\\\/centrourbano.com\\\/revista\\\/#website\"},\"primaryImageOfPage\":{\"@id\":\"https:\\\/\\\/centrourbano.com\\\/revista\\\/vivienda\\\/crecio-6-financiamiento-la-vivienda-del-mercado-tradicional\\\/#primaryimage\"},\"image\":{\"@id\":\"https:\\\/\\\/centrourbano.com\\\/revista\\\/vivienda\\\/crecio-6-financiamiento-la-vivienda-del-mercado-tradicional\\\/#primaryimage\"},\"thumbnailUrl\":\"https:\\\/\\\/centrourbano.com\\\/revista\\\/wp-content\\\/uploads\\\/creditos-mancomunados10.jpg\",\"datePublished\":\"2018-10-24T19:39:08+00:00\",\"dateModified\":\"2018-10-24T20:47:44+00:00\",\"description\":\"Al cierre de agosto, el financiamiento a la vivienda en el mercado tradicional alcanz\u00f3 una inversi\u00f3n de 221,200 millones de pesos...\",\"breadcrumb\":{\"@id\":\"https:\\\/\\\/centrourbano.com\\\/revista\\\/vivienda\\\/crecio-6-financiamiento-la-vivienda-del-mercado-tradicional\\\/#breadcrumb\"},\"inLanguage\":\"es\",\"potentialAction\":[{\"@type\":\"ReadAction\",\"target\":[\"https:\\\/\\\/centrourbano.com\\\/revista\\\/vivienda\\\/crecio-6-financiamiento-la-vivienda-del-mercado-tradicional\\\/\"]}]},{\"@type\":\"ImageObject\",\"inLanguage\":\"es\",\"@id\":\"https:\\\/\\\/centrourbano.com\\\/revista\\\/vivienda\\\/crecio-6-financiamiento-la-vivienda-del-mercado-tradicional\\\/#primaryimage\",\"url\":\"https:\\\/\\\/centrourbano.com\\\/revista\\\/wp-content\\\/uploads\\\/creditos-mancomunados10.jpg\",\"contentUrl\":\"https:\\\/\\\/centrourbano.com\\\/revista\\\/wp-content\\\/uploads\\\/creditos-mancomunados10.jpg\",\"width\":800,\"height\":600},{\"@type\":\"BreadcrumbList\",\"@id\":\"https:\\\/\\\/centrourbano.com\\\/revista\\\/vivienda\\\/crecio-6-financiamiento-la-vivienda-del-mercado-tradicional\\\/#breadcrumb\",\"itemListElement\":[{\"@type\":\"ListItem\",\"position\":1,\"name\":\"Portada\",\"item\":\"https:\\\/\\\/centrourbano.com\\\/revista\\\/\"},{\"@type\":\"ListItem\",\"position\":2,\"name\":\"Creci\u00f3 6% financiamiento a la vivienda\"}]},{\"@type\":\"WebSite\",\"@id\":\"https:\\\/\\\/centrourbano.com\\\/revista\\\/#website\",\"url\":\"https:\\\/\\\/centrourbano.com\\\/revista\\\/\",\"name\":\"Centro Urbano\",\"description\":\"Medio especializado en los sectores vivienda, inmobiliario, construcci\u00f3n, arquitectura y urbanismo.\",\"publisher\":{\"@id\":\"https:\\\/\\\/centrourbano.com\\\/revista\\\/#organization\"},\"potentialAction\":[{\"@type\":\"SearchAction\",\"target\":{\"@type\":\"EntryPoint\",\"urlTemplate\":\"https:\\\/\\\/centrourbano.com\\\/revista\\\/?s={search_term_string}\"},\"query-input\":{\"@type\":\"PropertyValueSpecification\",\"valueRequired\":true,\"valueName\":\"search_term_string\"}}],\"inLanguage\":\"es\"},{\"@type\":\"Organization\",\"@id\":\"https:\\\/\\\/centrourbano.com\\\/revista\\\/#organization\",\"name\":\"Centro Urbano\",\"url\":\"https:\\\/\\\/centrourbano.com\\\/revista\\\/\",\"logo\":{\"@type\":\"ImageObject\",\"inLanguage\":\"es\",\"@id\":\"https:\\\/\\\/centrourbano.com\\\/revista\\\/#\\\/schema\\\/logo\\\/image\\\/\",\"url\":\"https:\\\/\\\/centrourbano.com\\\/revista\\\/wp-content\\\/uploads\\\/web_CU_logo-1.png\",\"contentUrl\":\"https:\\\/\\\/centrourbano.com\\\/revista\\\/wp-content\\\/uploads\\\/web_CU_logo-1.png\",\"width\":350,\"height\":91,\"caption\":\"Centro Urbano\"},\"image\":{\"@id\":\"https:\\\/\\\/centrourbano.com\\\/revista\\\/#\\\/schema\\\/logo\\\/image\\\/\"},\"sameAs\":[\"https:\\\/\\\/www.facebook.com\\\/portalcentrourbano\",\"https:\\\/\\\/x.com\\\/CentroUrbano\",\"https:\\\/\\\/www.instagram.com\\\/centro_urbano\\\/\",\"https:\\\/\\\/www.linkedin.com\\\/company\\\/centro-urbano\\\/\",\"http:\\\/\\\/www.youtube.com\\\/user\\\/portalcentrourbano\"]},{\"@type\":\"Person\",\"@id\":\"https:\\\/\\\/centrourbano.com\\\/revista\\\/#\\\/schema\\\/person\\\/370fa0ba2d8dd5bde3fdb8b62ad360aa\",\"name\":\"G4A\",\"image\":{\"@type\":\"ImageObject\",\"inLanguage\":\"es\",\"@id\":\"https:\\\/\\\/secure.gravatar.com\\\/avatar\\\/932a97121b13d5de5bbd8193c6c83d3b92c9eda0f39623607d4280e7a5778d97?s=96&d=mm&r=g\",\"url\":\"https:\\\/\\\/secure.gravatar.com\\\/avatar\\\/932a97121b13d5de5bbd8193c6c83d3b92c9eda0f39623607d4280e7a5778d97?s=96&d=mm&r=g\",\"contentUrl\":\"https:\\\/\\\/secure.gravatar.com\\\/avatar\\\/932a97121b13d5de5bbd8193c6c83d3b92c9eda0f39623607d4280e7a5778d97?s=96&d=mm&r=g\",\"caption\":\"G4A\"},\"url\":\"https:\\\/\\\/centrourbano.com\\\/revista\\\/author\\\/admin-g4a\\\/\"}]}<\/script>\n<!-- \/ Yoast SEO plugin. -->","yoast_head_json":{"title":"Creci\u00f3 6% financiamiento a la vivienda del mercado tradicional","description":"Al cierre de agosto, el financiamiento a la vivienda en el mercado tradicional alcanz\u00f3 una inversi\u00f3n de 221,200 millones de pesos...","robots":{"index":"index","follow":"follow","max-snippet":"max-snippet:-1","max-image-preview":"max-image-preview:large","max-video-preview":"max-video-preview:-1"},"canonical":"https:\/\/centrourbano.com\/revista\/vivienda\/crecio-6-financiamiento-la-vivienda-del-mercado-tradicional\/","og_locale":"es_ES","og_type":"article","og_title":"Creci\u00f3 6% financiamiento a la vivienda del mercado tradicional","og_description":"Al cierre de agosto, el financiamiento a la vivienda en el mercado tradicional alcanz\u00f3 una inversi\u00f3n de 221,200 millones de pesos...","og_url":"https:\/\/centrourbano.com\/revista\/vivienda\/crecio-6-financiamiento-la-vivienda-del-mercado-tradicional\/","og_site_name":"Centro Urbano","article_publisher":"https:\/\/www.facebook.com\/portalcentrourbano","article_published_time":"2018-10-24T19:39:08+00:00","article_modified_time":"2018-10-24T20:47:44+00:00","og_image":[{"width":800,"height":600,"url":"https:\/\/centrourbano.com\/revista\/wp-content\/uploads\/creditos-mancomunados10.jpg","type":"image\/jpeg"}],"author":"G4A","twitter_card":"summary_large_image","twitter_creator":"@CentroUrbano","twitter_site":"@CentroUrbano","twitter_misc":{"Escrito por":"G4A","Tiempo de lectura":"1 minuto"},"schema":{"@context":"https:\/\/schema.org","@graph":[{"@type":"Article","@id":"https:\/\/centrourbano.com\/revista\/vivienda\/crecio-6-financiamiento-la-vivienda-del-mercado-tradicional\/#article","isPartOf":{"@id":"https:\/\/centrourbano.com\/revista\/vivienda\/crecio-6-financiamiento-la-vivienda-del-mercado-tradicional\/"},"author":{"name":"G4A","@id":"https:\/\/centrourbano.com\/revista\/#\/schema\/person\/370fa0ba2d8dd5bde3fdb8b62ad360aa"},"headline":"Creci\u00f3 6% financiamiento a la vivienda","datePublished":"2018-10-24T19:39:08+00:00","dateModified":"2018-10-24T20:47:44+00:00","mainEntityOfPage":{"@id":"https:\/\/centrourbano.com\/revista\/vivienda\/crecio-6-financiamiento-la-vivienda-del-mercado-tradicional\/"},"wordCount":235,"commentCount":0,"publisher":{"@id":"https:\/\/centrourbano.com\/revista\/#organization"},"image":{"@id":"https:\/\/centrourbano.com\/revista\/vivienda\/crecio-6-financiamiento-la-vivienda-del-mercado-tradicional\/#primaryimage"},"thumbnailUrl":"https:\/\/centrourbano.com\/revista\/wp-content\/uploads\/creditos-mancomunados10.jpg","keywords":["cr\u00e9dito","financiamiento","Mercado tradicional","vivienda"],"articleSection":["Vivienda"],"inLanguage":"es"},{"@type":"WebPage","@id":"https:\/\/centrourbano.com\/revista\/vivienda\/crecio-6-financiamiento-la-vivienda-del-mercado-tradicional\/","url":"https:\/\/centrourbano.com\/revista\/vivienda\/crecio-6-financiamiento-la-vivienda-del-mercado-tradicional\/","name":"Creci\u00f3 6% financiamiento a la vivienda del mercado tradicional","isPartOf":{"@id":"https:\/\/centrourbano.com\/revista\/#website"},"primaryImageOfPage":{"@id":"https:\/\/centrourbano.com\/revista\/vivienda\/crecio-6-financiamiento-la-vivienda-del-mercado-tradicional\/#primaryimage"},"image":{"@id":"https:\/\/centrourbano.com\/revista\/vivienda\/crecio-6-financiamiento-la-vivienda-del-mercado-tradicional\/#primaryimage"},"thumbnailUrl":"https:\/\/centrourbano.com\/revista\/wp-content\/uploads\/creditos-mancomunados10.jpg","datePublished":"2018-10-24T19:39:08+00:00","dateModified":"2018-10-24T20:47:44+00:00","description":"Al cierre de agosto, el financiamiento a la vivienda en el mercado tradicional alcanz\u00f3 una inversi\u00f3n de 221,200 millones de pesos...","breadcrumb":{"@id":"https:\/\/centrourbano.com\/revista\/vivienda\/crecio-6-financiamiento-la-vivienda-del-mercado-tradicional\/#breadcrumb"},"inLanguage":"es","potentialAction":[{"@type":"ReadAction","target":["https:\/\/centrourbano.com\/revista\/vivienda\/crecio-6-financiamiento-la-vivienda-del-mercado-tradicional\/"]}]},{"@type":"ImageObject","inLanguage":"es","@id":"https:\/\/centrourbano.com\/revista\/vivienda\/crecio-6-financiamiento-la-vivienda-del-mercado-tradicional\/#primaryimage","url":"https:\/\/centrourbano.com\/revista\/wp-content\/uploads\/creditos-mancomunados10.jpg","contentUrl":"https:\/\/centrourbano.com\/revista\/wp-content\/uploads\/creditos-mancomunados10.jpg","width":800,"height":600},{"@type":"BreadcrumbList","@id":"https:\/\/centrourbano.com\/revista\/vivienda\/crecio-6-financiamiento-la-vivienda-del-mercado-tradicional\/#breadcrumb","itemListElement":[{"@type":"ListItem","position":1,"name":"Portada","item":"https:\/\/centrourbano.com\/revista\/"},{"@type":"ListItem","position":2,"name":"Creci\u00f3 6% financiamiento a la vivienda"}]},{"@type":"WebSite","@id":"https:\/\/centrourbano.com\/revista\/#website","url":"https:\/\/centrourbano.com\/revista\/","name":"Centro Urbano","description":"Medio especializado en los sectores vivienda, inmobiliario, construcci\u00f3n, arquitectura y urbanismo.","publisher":{"@id":"https:\/\/centrourbano.com\/revista\/#organization"},"potentialAction":[{"@type":"SearchAction","target":{"@type":"EntryPoint","urlTemplate":"https:\/\/centrourbano.com\/revista\/?s={search_term_string}"},"query-input":{"@type":"PropertyValueSpecification","valueRequired":true,"valueName":"search_term_string"}}],"inLanguage":"es"},{"@type":"Organization","@id":"https:\/\/centrourbano.com\/revista\/#organization","name":"Centro Urbano","url":"https:\/\/centrourbano.com\/revista\/","logo":{"@type":"ImageObject","inLanguage":"es","@id":"https:\/\/centrourbano.com\/revista\/#\/schema\/logo\/image\/","url":"https:\/\/centrourbano.com\/revista\/wp-content\/uploads\/web_CU_logo-1.png","contentUrl":"https:\/\/centrourbano.com\/revista\/wp-content\/uploads\/web_CU_logo-1.png","width":350,"height":91,"caption":"Centro Urbano"},"image":{"@id":"https:\/\/centrourbano.com\/revista\/#\/schema\/logo\/image\/"},"sameAs":["https:\/\/www.facebook.com\/portalcentrourbano","https:\/\/x.com\/CentroUrbano","https:\/\/www.instagram.com\/centro_urbano\/","https:\/\/www.linkedin.com\/company\/centro-urbano\/","http:\/\/www.youtube.com\/user\/portalcentrourbano"]},{"@type":"Person","@id":"https:\/\/centrourbano.com\/revista\/#\/schema\/person\/370fa0ba2d8dd5bde3fdb8b62ad360aa","name":"G4A","image":{"@type":"ImageObject","inLanguage":"es","@id":"https:\/\/secure.gravatar.com\/avatar\/932a97121b13d5de5bbd8193c6c83d3b92c9eda0f39623607d4280e7a5778d97?s=96&d=mm&r=g","url":"https:\/\/secure.gravatar.com\/avatar\/932a97121b13d5de5bbd8193c6c83d3b92c9eda0f39623607d4280e7a5778d97?s=96&d=mm&r=g","contentUrl":"https:\/\/secure.gravatar.com\/avatar\/932a97121b13d5de5bbd8193c6c83d3b92c9eda0f39623607d4280e7a5778d97?s=96&d=mm&r=g","caption":"G4A"},"url":"https:\/\/centrourbano.com\/revista\/author\/admin-g4a\/"}]}},"_links":{"self":[{"href":"https:\/\/centrourbano.com\/revista\/wp-json\/wp\/v2\/posts\/80491","targetHints":{"allow":["GET"]}}],"collection":[{"href":"https:\/\/centrourbano.com\/revista\/wp-json\/wp\/v2\/posts"}],"about":[{"href":"https:\/\/centrourbano.com\/revista\/wp-json\/wp\/v2\/types\/post"}],"author":[{"embeddable":true,"href":"https:\/\/centrourbano.com\/revista\/wp-json\/wp\/v2\/users\/77"}],"replies":[{"embeddable":true,"href":"https:\/\/centrourbano.com\/revista\/wp-json\/wp\/v2\/comments?post=80491"}],"version-history":[{"count":5,"href":"https:\/\/centrourbano.com\/revista\/wp-json\/wp\/v2\/posts\/80491\/revisions"}],"predecessor-version":[{"id":80504,"href":"https:\/\/centrourbano.com\/revista\/wp-json\/wp\/v2\/posts\/80491\/revisions\/80504"}],"wp:featuredmedia":[{"embeddable":true,"href":"https:\/\/centrourbano.com\/revista\/wp-json\/wp\/v2\/media\/27692"}],"wp:attachment":[{"href":"https:\/\/centrourbano.com\/revista\/wp-json\/wp\/v2\/media?parent=80491"}],"wp:term":[{"taxonomy":"category","embeddable":true,"href":"https:\/\/centrourbano.com\/revista\/wp-json\/wp\/v2\/categories?post=80491"},{"taxonomy":"post_tag","embeddable":true,"href":"https:\/\/centrourbano.com\/revista\/wp-json\/wp\/v2\/tags?post=80491"}],"curies":[{"name":"wp","href":"https:\/\/api.w.org\/{rel}","templated":true}]}}