{"id":80469,"date":"2018-10-25T18:18:03","date_gmt":"2018-10-25T23:18:03","guid":{"rendered":"https:\/\/centrourbano.com\/?p=80469"},"modified":"2018-10-25T18:30:04","modified_gmt":"2018-10-25T23:30:04","slug":"catrinas-carros-alegoricos-ofrendas-mas-la-celebracion-del-dia-muertos","status":"publish","type":"post","link":"https:\/\/centrourbano.com\/revista\/actualidad\/catrinas-carros-alegoricos-ofrendas-mas-la-celebracion-del-dia-muertos\/","title":{"rendered":"Catrinas, carros aleg\u00f3ricos, ofrendas y m\u00e1s en la celebraci\u00f3n del D\u00eda de Muertos"},"content":{"rendered":"<p><em>Esta\u00a0festividad fue declarada Patrimonio Cultural Inmaterial de la Humanidad por la UNESCO en 2003<\/em><\/p>\n<p><!--more--><\/p>\n<p>La celebraci\u00f3n del <strong>D\u00eda de Muertos <\/strong>en la Ciudad de M\u00e9xico<strong>\u00a0<\/strong>iniciar\u00e1 este 27 de octubre con\u00a0un desfile que partir\u00e1 de la Estela de Luz hacia la Plaza de la Constituci\u00f3n, en donde se realizar\u00e1 la inauguraci\u00f3n de la &#8216;<strong>Gran Ofrenda&#8217;<\/strong>.<\/p>\n<p>Tanto el desfile como la ofrenda retomar\u00e1n elementos prehisp\u00e1nicos, coloniales y contempor\u00e1neos de nuestro pa\u00eds, as\u00ed como temas de relevancia como el exilio y migraci\u00f3n, por lo que este \u00faltimo ser\u00e1 el tema central de esta edici\u00f3n, ya que se busca consolidar el mensaje que la capital del pa\u00eds como &#8216;ciudad refugio&#8217;, as\u00ed como reconocer a los migrantes dentro y fuera del territorio.<\/p>\n<p>El objetivo es defender la diversidad y celebrar la riqueza pluricultural, ya que\u00a080% de todos los que migran dentro del pa\u00eds residen en la Ciudad de M\u00e9xico. Adem\u00e1s, porque es una urbe ind\u00edgena, ya que en la capital hay personas de todos los pueblos originarios de los estados.<\/p>\n<p>Se espera que en el desfile haya una afluencia de\u00a01 mill\u00f3n de visitantes nacionales e internacionales y m\u00e1s de\u00a02 millones en la &#8216;Gran Ofrend&#8217;a y en las otras actividades durante los nueve d\u00edas que dure el festejo, por lo que se espera una derrama econ\u00f3mica de 400 millones de pesos.<\/p>\n<p>El desfile ser\u00e1 a partir de las 16:00 horas y participar\u00e1n productoras esc\u00e9nicas, 1,200 voluntarios y 100 de Catrina Fest para escenificar a la muerte como la \u00faltima migraci\u00f3n. Carros aleg\u00f3ricos, arcos tem\u00e1ticos, inflables, mojigangas, marionetas, catrinas gigantes y autom\u00f3viles cl\u00e1sicos que recorrer\u00e1n Avenida Paseo de la Reforma hasta la Fuente de la Rep\u00fablica y dar\u00e1 vuelta en Avenida Ju\u00e1rez, para seguir por Avenida 5 de Mayo hasta llegar a la Plaza de la Constituci\u00f3n.<\/p>\n<p>Cabe recordar que el <strong>Desfile del D\u00eda de Muertos<\/strong> se cre\u00f3 a partir de la grabaci\u00f3n de una pel\u00edcula \u00a0en la CDMX, por lo que el cine ha sido utilizado como mecanismo cultural para que el resto del mundo conozca nuestras tradiciones.<\/p>\n<p>La Gran Ofrenda, que estar\u00e1 disponible hasta el domingo 4 de noviembre, contar\u00e1 con la instalaci\u00f3n contempor\u00e1nea de cuatro arcos del triunfo, nueve senderos con el arte de aserr\u00edn pintado, seis catrinas, un t\u00famulo funerario con vista doble, un altar de nuertos, los cuales fueron dise\u00f1ados por el artista Humberto Sp\u00edndola y la antrop\u00f3loga Gisela Mendoza Jim\u00e9nez, en colaboraci\u00f3n con la ambientaci\u00f3n musical del arreglista y compositor Ricardo Mart\u00edn J\u00e1uregui.<\/p>\n<p>Otras de las actividades de la celebraci\u00f3n es la presentaci\u00f3n de la reconocida cantante mexicana Eugenia Le\u00f3n, quien ofrecer\u00e1 el concierto de gala el s\u00e1bado 3 de noviembre, a las 19:00 horas en el Monumento a la Revoluci\u00f3n. Esa misma noche el trovador mexicano \u00d3scar Ch\u00e1vez se presentar\u00e1 en el Teatro de la Ciudad Esperanza Iris para celebrar la fecha.<\/p>\n<p>Adem\u00e1s, el 3 de noviembre se llevar\u00e1 a cabo el <strong>Paseo Nocturno en Bicicleta<\/strong> que organiza la Secretar\u00eda de Medio Ambiente (Sedema) de la CDMX. Tambi\u00e9n habr\u00e1 una ofrenda dedicada al Movimiento Estudiantil de 1968 que instalar\u00e1 la Universidad Nacional Aut\u00f3noma de M\u00e9xico (UNAM) en la Plaza de Santo Domingo.<\/p>\n<p>En esta ocasi\u00f3n, la celebraci\u00f3n contar\u00e1 por primera vez con la participaci\u00f3n de Aguascalientes, Michoac\u00e1n, Oaxaca y San Luis Potos\u00ed, que realizar\u00e1n una \u00a0transmisi\u00f3n televisiva por parte de diversos grupos.<\/p>\n<p>Para consultar todas las actividades de dicha celebraci\u00f3n puedes consultar el sitio <a href=\"http:\/\/www.cultura.cdmx.gob.mx\/celebraciondemuertos\">www.cultura.cdmx.gob.mx\/celebraciondemuertos<\/a> o seguir en redes sociales el hashtag #Celebraci\u00f3nDeMuertos.<\/p>\n<p>&nbsp;<\/p>\n<p>&nbsp;<\/p>\n<p>&nbsp;<\/p>\n","protected":false},"excerpt":{"rendered":"<p>Esta\u00a0festividad fue declarada Patrimonio Cultural Inmaterial de la Humanidad por la UNESCO en 2003<\/p>\n","protected":false},"author":70,"featured_media":80471,"comment_status":"open","ping_status":"closed","sticky":false,"template":"","format":"standard","meta":{"om_disable_all_campaigns":false,"inline_featured_image":false,"_monsterinsights_skip_tracking":false,"_monsterinsights_sitenote_active":false,"_monsterinsights_sitenote_note":"","_monsterinsights_sitenote_category":0,"footnotes":""},"categories":[80],"tags":[14754,2043,3385,14753,10259],"class_list":["post-80469","post","type-post","status-publish","format-standard","has-post-thumbnail","hentry","category-actualidad","tag-celebracion-de-muertos","tag-cultura","tag-dia-de-muertos","tag-gran-ofrenda","tag-tradiciones"],"yoast_head":"<!-- This site is optimized with the Yoast SEO plugin v27.4 - https:\/\/yoast.com\/product\/yoast-seo-wordpress\/ -->\n<title>Catrinas, carros aleg\u00f3ricos, ofrendas y m\u00e1s en la celebraci\u00f3n del D\u00eda de Muertos<\/title>\n<meta name=\"description\" content=\"Esta celebraci\u00f3n fue declarada Patrimonio Cultural Inmaterial de la Humanidad por la UNESCO en 2003\" \/>\n<meta name=\"robots\" content=\"index, follow, max-snippet:-1, max-image-preview:large, max-video-preview:-1\" \/>\n<link rel=\"canonical\" href=\"https:\/\/centrourbano.com\/revista\/actualidad\/catrinas-carros-alegoricos-ofrendas-mas-la-celebracion-del-dia-muertos\/\" \/>\n<meta property=\"og:locale\" content=\"es_ES\" \/>\n<meta property=\"og:type\" content=\"article\" \/>\n<meta property=\"og:title\" content=\"Catrinas, carros aleg\u00f3ricos, ofrendas y m\u00e1s en la celebraci\u00f3n del D\u00eda de Muertos\" \/>\n<meta property=\"og:description\" content=\"Esta celebraci\u00f3n fue declarada Patrimonio Cultural Inmaterial de la Humanidad por la UNESCO en 2003\" \/>\n<meta property=\"og:url\" content=\"https:\/\/centrourbano.com\/revista\/actualidad\/catrinas-carros-alegoricos-ofrendas-mas-la-celebracion-del-dia-muertos\/\" \/>\n<meta property=\"og:site_name\" content=\"Centro Urbano\" \/>\n<meta property=\"article:publisher\" content=\"https:\/\/www.facebook.com\/portalcentrourbano\" \/>\n<meta property=\"article:published_time\" content=\"2018-10-25T23:18:03+00:00\" \/>\n<meta property=\"article:modified_time\" content=\"2018-10-25T23:30:04+00:00\" \/>\n<meta property=\"og:image\" content=\"https:\/\/centrourbano.com\/revista\/wp-content\/uploads\/calaveras_monumentales_colectivo_ultima_hora_ok.jpg\" \/>\n\t<meta property=\"og:image:width\" content=\"1200\" \/>\n\t<meta property=\"og:image:height\" content=\"480\" \/>\n\t<meta property=\"og:image:type\" content=\"image\/jpeg\" \/>\n<meta name=\"author\" content=\"Karen Maqueda\" \/>\n<meta name=\"twitter:card\" content=\"summary_large_image\" \/>\n<meta name=\"twitter:creator\" content=\"@CentroUrbano\" \/>\n<meta name=\"twitter:site\" content=\"@CentroUrbano\" \/>\n<meta name=\"twitter:label1\" content=\"Escrito por\" \/>\n\t<meta name=\"twitter:data1\" content=\"Karen Maqueda\" \/>\n\t<meta name=\"twitter:label2\" content=\"Tiempo de lectura\" \/>\n\t<meta name=\"twitter:data2\" content=\"3 minutos\" \/>\n<script type=\"application\/ld+json\" class=\"yoast-schema-graph\">{\"@context\":\"https:\\\/\\\/schema.org\",\"@graph\":[{\"@type\":\"Article\",\"@id\":\"https:\\\/\\\/centrourbano.com\\\/revista\\\/actualidad\\\/catrinas-carros-alegoricos-ofrendas-mas-la-celebracion-del-dia-muertos\\\/#article\",\"isPartOf\":{\"@id\":\"https:\\\/\\\/centrourbano.com\\\/revista\\\/actualidad\\\/catrinas-carros-alegoricos-ofrendas-mas-la-celebracion-del-dia-muertos\\\/\"},\"author\":{\"name\":\"Karen Maqueda\",\"@id\":\"https:\\\/\\\/centrourbano.com\\\/revista\\\/#\\\/schema\\\/person\\\/0078cc38e7741cee277ba26c6e7850cc\"},\"headline\":\"Catrinas, carros aleg\u00f3ricos, ofrendas y m\u00e1s en la celebraci\u00f3n del D\u00eda de Muertos\",\"datePublished\":\"2018-10-25T23:18:03+00:00\",\"dateModified\":\"2018-10-25T23:30:04+00:00\",\"mainEntityOfPage\":{\"@id\":\"https:\\\/\\\/centrourbano.com\\\/revista\\\/actualidad\\\/catrinas-carros-alegoricos-ofrendas-mas-la-celebracion-del-dia-muertos\\\/\"},\"wordCount\":645,\"commentCount\":0,\"publisher\":{\"@id\":\"https:\\\/\\\/centrourbano.com\\\/revista\\\/#organization\"},\"image\":{\"@id\":\"https:\\\/\\\/centrourbano.com\\\/revista\\\/actualidad\\\/catrinas-carros-alegoricos-ofrendas-mas-la-celebracion-del-dia-muertos\\\/#primaryimage\"},\"thumbnailUrl\":\"https:\\\/\\\/centrourbano.com\\\/revista\\\/wp-content\\\/uploads\\\/calaveras_monumentales_colectivo_ultima_hora_ok.jpg\",\"keywords\":[\"Celebraci\u00f3n de Muertos\",\"Cultura\",\"Dia de Muertos\",\"Gran Ofrenda\",\"Tradiciones\"],\"articleSection\":[\"Actualidad\"],\"inLanguage\":\"es\",\"potentialAction\":[{\"@type\":\"CommentAction\",\"name\":\"Comment\",\"target\":[\"https:\\\/\\\/centrourbano.com\\\/revista\\\/actualidad\\\/catrinas-carros-alegoricos-ofrendas-mas-la-celebracion-del-dia-muertos\\\/#respond\"]}]},{\"@type\":\"WebPage\",\"@id\":\"https:\\\/\\\/centrourbano.com\\\/revista\\\/actualidad\\\/catrinas-carros-alegoricos-ofrendas-mas-la-celebracion-del-dia-muertos\\\/\",\"url\":\"https:\\\/\\\/centrourbano.com\\\/revista\\\/actualidad\\\/catrinas-carros-alegoricos-ofrendas-mas-la-celebracion-del-dia-muertos\\\/\",\"name\":\"Catrinas, carros aleg\u00f3ricos, ofrendas y m\u00e1s en la celebraci\u00f3n del D\u00eda de Muertos\",\"isPartOf\":{\"@id\":\"https:\\\/\\\/centrourbano.com\\\/revista\\\/#website\"},\"primaryImageOfPage\":{\"@id\":\"https:\\\/\\\/centrourbano.com\\\/revista\\\/actualidad\\\/catrinas-carros-alegoricos-ofrendas-mas-la-celebracion-del-dia-muertos\\\/#primaryimage\"},\"image\":{\"@id\":\"https:\\\/\\\/centrourbano.com\\\/revista\\\/actualidad\\\/catrinas-carros-alegoricos-ofrendas-mas-la-celebracion-del-dia-muertos\\\/#primaryimage\"},\"thumbnailUrl\":\"https:\\\/\\\/centrourbano.com\\\/revista\\\/wp-content\\\/uploads\\\/calaveras_monumentales_colectivo_ultima_hora_ok.jpg\",\"datePublished\":\"2018-10-25T23:18:03+00:00\",\"dateModified\":\"2018-10-25T23:30:04+00:00\",\"description\":\"Esta celebraci\u00f3n fue declarada Patrimonio Cultural Inmaterial de la Humanidad por la UNESCO en 2003\",\"breadcrumb\":{\"@id\":\"https:\\\/\\\/centrourbano.com\\\/revista\\\/actualidad\\\/catrinas-carros-alegoricos-ofrendas-mas-la-celebracion-del-dia-muertos\\\/#breadcrumb\"},\"inLanguage\":\"es\",\"potentialAction\":[{\"@type\":\"ReadAction\",\"target\":[\"https:\\\/\\\/centrourbano.com\\\/revista\\\/actualidad\\\/catrinas-carros-alegoricos-ofrendas-mas-la-celebracion-del-dia-muertos\\\/\"]}]},{\"@type\":\"ImageObject\",\"inLanguage\":\"es\",\"@id\":\"https:\\\/\\\/centrourbano.com\\\/revista\\\/actualidad\\\/catrinas-carros-alegoricos-ofrendas-mas-la-celebracion-del-dia-muertos\\\/#primaryimage\",\"url\":\"https:\\\/\\\/centrourbano.com\\\/revista\\\/wp-content\\\/uploads\\\/calaveras_monumentales_colectivo_ultima_hora_ok.jpg\",\"contentUrl\":\"https:\\\/\\\/centrourbano.com\\\/revista\\\/wp-content\\\/uploads\\\/calaveras_monumentales_colectivo_ultima_hora_ok.jpg\",\"width\":1200,\"height\":480,\"caption\":\"Esta celebraci\u00f3n fue declarada Patrimonio Cultural Inmaterial de la Humanidad por la UNESCO en 2003\"},{\"@type\":\"BreadcrumbList\",\"@id\":\"https:\\\/\\\/centrourbano.com\\\/revista\\\/actualidad\\\/catrinas-carros-alegoricos-ofrendas-mas-la-celebracion-del-dia-muertos\\\/#breadcrumb\",\"itemListElement\":[{\"@type\":\"ListItem\",\"position\":1,\"name\":\"Portada\",\"item\":\"https:\\\/\\\/centrourbano.com\\\/revista\\\/\"},{\"@type\":\"ListItem\",\"position\":2,\"name\":\"Catrinas, carros aleg\u00f3ricos, ofrendas y m\u00e1s en la celebraci\u00f3n del D\u00eda de Muertos\"}]},{\"@type\":\"WebSite\",\"@id\":\"https:\\\/\\\/centrourbano.com\\\/revista\\\/#website\",\"url\":\"https:\\\/\\\/centrourbano.com\\\/revista\\\/\",\"name\":\"Centro Urbano\",\"description\":\"Medio especializado en los sectores vivienda, inmobiliario, construcci\u00f3n, arquitectura y urbanismo.\",\"publisher\":{\"@id\":\"https:\\\/\\\/centrourbano.com\\\/revista\\\/#organization\"},\"potentialAction\":[{\"@type\":\"SearchAction\",\"target\":{\"@type\":\"EntryPoint\",\"urlTemplate\":\"https:\\\/\\\/centrourbano.com\\\/revista\\\/?s={search_term_string}\"},\"query-input\":{\"@type\":\"PropertyValueSpecification\",\"valueRequired\":true,\"valueName\":\"search_term_string\"}}],\"inLanguage\":\"es\"},{\"@type\":\"Organization\",\"@id\":\"https:\\\/\\\/centrourbano.com\\\/revista\\\/#organization\",\"name\":\"Centro Urbano\",\"url\":\"https:\\\/\\\/centrourbano.com\\\/revista\\\/\",\"logo\":{\"@type\":\"ImageObject\",\"inLanguage\":\"es\",\"@id\":\"https:\\\/\\\/centrourbano.com\\\/revista\\\/#\\\/schema\\\/logo\\\/image\\\/\",\"url\":\"https:\\\/\\\/centrourbano.com\\\/revista\\\/wp-content\\\/uploads\\\/web_CU_logo-1.png\",\"contentUrl\":\"https:\\\/\\\/centrourbano.com\\\/revista\\\/wp-content\\\/uploads\\\/web_CU_logo-1.png\",\"width\":350,\"height\":91,\"caption\":\"Centro Urbano\"},\"image\":{\"@id\":\"https:\\\/\\\/centrourbano.com\\\/revista\\\/#\\\/schema\\\/logo\\\/image\\\/\"},\"sameAs\":[\"https:\\\/\\\/www.facebook.com\\\/portalcentrourbano\",\"https:\\\/\\\/x.com\\\/CentroUrbano\",\"https:\\\/\\\/www.instagram.com\\\/centro_urbano\\\/\",\"https:\\\/\\\/www.linkedin.com\\\/company\\\/centro-urbano\\\/\",\"http:\\\/\\\/www.youtube.com\\\/user\\\/portalcentrourbano\"]},{\"@type\":\"Person\",\"@id\":\"https:\\\/\\\/centrourbano.com\\\/revista\\\/#\\\/schema\\\/person\\\/0078cc38e7741cee277ba26c6e7850cc\",\"name\":\"Karen Maqueda\",\"image\":{\"@type\":\"ImageObject\",\"inLanguage\":\"es\",\"@id\":\"https:\\\/\\\/secure.gravatar.com\\\/avatar\\\/25062b07ca71c6bd5068308d24c2324f5aa6ebaf89f15e1c4626733ec947023e?s=96&d=mm&r=g\",\"url\":\"https:\\\/\\\/secure.gravatar.com\\\/avatar\\\/25062b07ca71c6bd5068308d24c2324f5aa6ebaf89f15e1c4626733ec947023e?s=96&d=mm&r=g\",\"contentUrl\":\"https:\\\/\\\/secure.gravatar.com\\\/avatar\\\/25062b07ca71c6bd5068308d24c2324f5aa6ebaf89f15e1c4626733ec947023e?s=96&d=mm&r=g\",\"caption\":\"Karen Maqueda\"},\"url\":\"https:\\\/\\\/centrourbano.com\\\/revista\\\/author\\\/karenm\\\/\"}]}<\/script>\n<!-- \/ Yoast SEO plugin. -->","yoast_head_json":{"title":"Catrinas, carros aleg\u00f3ricos, ofrendas y m\u00e1s en la celebraci\u00f3n del D\u00eda de Muertos","description":"Esta celebraci\u00f3n fue declarada Patrimonio Cultural Inmaterial de la Humanidad por la UNESCO en 2003","robots":{"index":"index","follow":"follow","max-snippet":"max-snippet:-1","max-image-preview":"max-image-preview:large","max-video-preview":"max-video-preview:-1"},"canonical":"https:\/\/centrourbano.com\/revista\/actualidad\/catrinas-carros-alegoricos-ofrendas-mas-la-celebracion-del-dia-muertos\/","og_locale":"es_ES","og_type":"article","og_title":"Catrinas, carros aleg\u00f3ricos, ofrendas y m\u00e1s en la celebraci\u00f3n del D\u00eda de Muertos","og_description":"Esta celebraci\u00f3n fue declarada Patrimonio Cultural Inmaterial de la Humanidad por la UNESCO en 2003","og_url":"https:\/\/centrourbano.com\/revista\/actualidad\/catrinas-carros-alegoricos-ofrendas-mas-la-celebracion-del-dia-muertos\/","og_site_name":"Centro Urbano","article_publisher":"https:\/\/www.facebook.com\/portalcentrourbano","article_published_time":"2018-10-25T23:18:03+00:00","article_modified_time":"2018-10-25T23:30:04+00:00","og_image":[{"width":1200,"height":480,"url":"https:\/\/centrourbano.com\/revista\/wp-content\/uploads\/calaveras_monumentales_colectivo_ultima_hora_ok.jpg","type":"image\/jpeg"}],"author":"Karen Maqueda","twitter_card":"summary_large_image","twitter_creator":"@CentroUrbano","twitter_site":"@CentroUrbano","twitter_misc":{"Escrito por":"Karen Maqueda","Tiempo de lectura":"3 minutos"},"schema":{"@context":"https:\/\/schema.org","@graph":[{"@type":"Article","@id":"https:\/\/centrourbano.com\/revista\/actualidad\/catrinas-carros-alegoricos-ofrendas-mas-la-celebracion-del-dia-muertos\/#article","isPartOf":{"@id":"https:\/\/centrourbano.com\/revista\/actualidad\/catrinas-carros-alegoricos-ofrendas-mas-la-celebracion-del-dia-muertos\/"},"author":{"name":"Karen Maqueda","@id":"https:\/\/centrourbano.com\/revista\/#\/schema\/person\/0078cc38e7741cee277ba26c6e7850cc"},"headline":"Catrinas, carros aleg\u00f3ricos, ofrendas y m\u00e1s en la celebraci\u00f3n del D\u00eda de Muertos","datePublished":"2018-10-25T23:18:03+00:00","dateModified":"2018-10-25T23:30:04+00:00","mainEntityOfPage":{"@id":"https:\/\/centrourbano.com\/revista\/actualidad\/catrinas-carros-alegoricos-ofrendas-mas-la-celebracion-del-dia-muertos\/"},"wordCount":645,"commentCount":0,"publisher":{"@id":"https:\/\/centrourbano.com\/revista\/#organization"},"image":{"@id":"https:\/\/centrourbano.com\/revista\/actualidad\/catrinas-carros-alegoricos-ofrendas-mas-la-celebracion-del-dia-muertos\/#primaryimage"},"thumbnailUrl":"https:\/\/centrourbano.com\/revista\/wp-content\/uploads\/calaveras_monumentales_colectivo_ultima_hora_ok.jpg","keywords":["Celebraci\u00f3n de Muertos","Cultura","Dia de Muertos","Gran Ofrenda","Tradiciones"],"articleSection":["Actualidad"],"inLanguage":"es","potentialAction":[{"@type":"CommentAction","name":"Comment","target":["https:\/\/centrourbano.com\/revista\/actualidad\/catrinas-carros-alegoricos-ofrendas-mas-la-celebracion-del-dia-muertos\/#respond"]}]},{"@type":"WebPage","@id":"https:\/\/centrourbano.com\/revista\/actualidad\/catrinas-carros-alegoricos-ofrendas-mas-la-celebracion-del-dia-muertos\/","url":"https:\/\/centrourbano.com\/revista\/actualidad\/catrinas-carros-alegoricos-ofrendas-mas-la-celebracion-del-dia-muertos\/","name":"Catrinas, carros aleg\u00f3ricos, ofrendas y m\u00e1s en la celebraci\u00f3n del D\u00eda de Muertos","isPartOf":{"@id":"https:\/\/centrourbano.com\/revista\/#website"},"primaryImageOfPage":{"@id":"https:\/\/centrourbano.com\/revista\/actualidad\/catrinas-carros-alegoricos-ofrendas-mas-la-celebracion-del-dia-muertos\/#primaryimage"},"image":{"@id":"https:\/\/centrourbano.com\/revista\/actualidad\/catrinas-carros-alegoricos-ofrendas-mas-la-celebracion-del-dia-muertos\/#primaryimage"},"thumbnailUrl":"https:\/\/centrourbano.com\/revista\/wp-content\/uploads\/calaveras_monumentales_colectivo_ultima_hora_ok.jpg","datePublished":"2018-10-25T23:18:03+00:00","dateModified":"2018-10-25T23:30:04+00:00","description":"Esta celebraci\u00f3n fue declarada Patrimonio Cultural Inmaterial de la Humanidad por la UNESCO en 2003","breadcrumb":{"@id":"https:\/\/centrourbano.com\/revista\/actualidad\/catrinas-carros-alegoricos-ofrendas-mas-la-celebracion-del-dia-muertos\/#breadcrumb"},"inLanguage":"es","potentialAction":[{"@type":"ReadAction","target":["https:\/\/centrourbano.com\/revista\/actualidad\/catrinas-carros-alegoricos-ofrendas-mas-la-celebracion-del-dia-muertos\/"]}]},{"@type":"ImageObject","inLanguage":"es","@id":"https:\/\/centrourbano.com\/revista\/actualidad\/catrinas-carros-alegoricos-ofrendas-mas-la-celebracion-del-dia-muertos\/#primaryimage","url":"https:\/\/centrourbano.com\/revista\/wp-content\/uploads\/calaveras_monumentales_colectivo_ultima_hora_ok.jpg","contentUrl":"https:\/\/centrourbano.com\/revista\/wp-content\/uploads\/calaveras_monumentales_colectivo_ultima_hora_ok.jpg","width":1200,"height":480,"caption":"Esta celebraci\u00f3n fue declarada Patrimonio Cultural Inmaterial de la Humanidad por la UNESCO en 2003"},{"@type":"BreadcrumbList","@id":"https:\/\/centrourbano.com\/revista\/actualidad\/catrinas-carros-alegoricos-ofrendas-mas-la-celebracion-del-dia-muertos\/#breadcrumb","itemListElement":[{"@type":"ListItem","position":1,"name":"Portada","item":"https:\/\/centrourbano.com\/revista\/"},{"@type":"ListItem","position":2,"name":"Catrinas, carros aleg\u00f3ricos, ofrendas y m\u00e1s en la celebraci\u00f3n del D\u00eda de Muertos"}]},{"@type":"WebSite","@id":"https:\/\/centrourbano.com\/revista\/#website","url":"https:\/\/centrourbano.com\/revista\/","name":"Centro Urbano","description":"Medio especializado en los sectores vivienda, inmobiliario, construcci\u00f3n, arquitectura y urbanismo.","publisher":{"@id":"https:\/\/centrourbano.com\/revista\/#organization"},"potentialAction":[{"@type":"SearchAction","target":{"@type":"EntryPoint","urlTemplate":"https:\/\/centrourbano.com\/revista\/?s={search_term_string}"},"query-input":{"@type":"PropertyValueSpecification","valueRequired":true,"valueName":"search_term_string"}}],"inLanguage":"es"},{"@type":"Organization","@id":"https:\/\/centrourbano.com\/revista\/#organization","name":"Centro Urbano","url":"https:\/\/centrourbano.com\/revista\/","logo":{"@type":"ImageObject","inLanguage":"es","@id":"https:\/\/centrourbano.com\/revista\/#\/schema\/logo\/image\/","url":"https:\/\/centrourbano.com\/revista\/wp-content\/uploads\/web_CU_logo-1.png","contentUrl":"https:\/\/centrourbano.com\/revista\/wp-content\/uploads\/web_CU_logo-1.png","width":350,"height":91,"caption":"Centro Urbano"},"image":{"@id":"https:\/\/centrourbano.com\/revista\/#\/schema\/logo\/image\/"},"sameAs":["https:\/\/www.facebook.com\/portalcentrourbano","https:\/\/x.com\/CentroUrbano","https:\/\/www.instagram.com\/centro_urbano\/","https:\/\/www.linkedin.com\/company\/centro-urbano\/","http:\/\/www.youtube.com\/user\/portalcentrourbano"]},{"@type":"Person","@id":"https:\/\/centrourbano.com\/revista\/#\/schema\/person\/0078cc38e7741cee277ba26c6e7850cc","name":"Karen Maqueda","image":{"@type":"ImageObject","inLanguage":"es","@id":"https:\/\/secure.gravatar.com\/avatar\/25062b07ca71c6bd5068308d24c2324f5aa6ebaf89f15e1c4626733ec947023e?s=96&d=mm&r=g","url":"https:\/\/secure.gravatar.com\/avatar\/25062b07ca71c6bd5068308d24c2324f5aa6ebaf89f15e1c4626733ec947023e?s=96&d=mm&r=g","contentUrl":"https:\/\/secure.gravatar.com\/avatar\/25062b07ca71c6bd5068308d24c2324f5aa6ebaf89f15e1c4626733ec947023e?s=96&d=mm&r=g","caption":"Karen Maqueda"},"url":"https:\/\/centrourbano.com\/revista\/author\/karenm\/"}]}},"_links":{"self":[{"href":"https:\/\/centrourbano.com\/revista\/wp-json\/wp\/v2\/posts\/80469","targetHints":{"allow":["GET"]}}],"collection":[{"href":"https:\/\/centrourbano.com\/revista\/wp-json\/wp\/v2\/posts"}],"about":[{"href":"https:\/\/centrourbano.com\/revista\/wp-json\/wp\/v2\/types\/post"}],"author":[{"embeddable":true,"href":"https:\/\/centrourbano.com\/revista\/wp-json\/wp\/v2\/users\/70"}],"replies":[{"embeddable":true,"href":"https:\/\/centrourbano.com\/revista\/wp-json\/wp\/v2\/comments?post=80469"}],"version-history":[{"count":8,"href":"https:\/\/centrourbano.com\/revista\/wp-json\/wp\/v2\/posts\/80469\/revisions"}],"predecessor-version":[{"id":80599,"href":"https:\/\/centrourbano.com\/revista\/wp-json\/wp\/v2\/posts\/80469\/revisions\/80599"}],"wp:featuredmedia":[{"embeddable":true,"href":"https:\/\/centrourbano.com\/revista\/wp-json\/wp\/v2\/media\/80471"}],"wp:attachment":[{"href":"https:\/\/centrourbano.com\/revista\/wp-json\/wp\/v2\/media?parent=80469"}],"wp:term":[{"taxonomy":"category","embeddable":true,"href":"https:\/\/centrourbano.com\/revista\/wp-json\/wp\/v2\/categories?post=80469"},{"taxonomy":"post_tag","embeddable":true,"href":"https:\/\/centrourbano.com\/revista\/wp-json\/wp\/v2\/tags?post=80469"}],"curies":[{"name":"wp","href":"https:\/\/api.w.org\/{rel}","templated":true}]}}