{"id":80344,"date":"2018-10-23T15:10:01","date_gmt":"2018-10-23T20:10:01","guid":{"rendered":"https:\/\/centrourbano.com\/?p=80344"},"modified":"2018-10-23T15:10:01","modified_gmt":"2018-10-23T20:10:01","slug":"monterrey-actualiza-programa-de-ordenacion-metropolitana","status":"publish","type":"post","link":"https:\/\/centrourbano.com\/revista\/urbanismo\/monterrey-actualiza-programa-de-ordenacion-metropolitana\/","title":{"rendered":"Monterrey actualiza programa de ordenaci\u00f3n metropolitana"},"content":{"rendered":"<p><em>En la presentaci\u00f3n se instalaron mesas de trabajo para acordar un plan normativo metropolitano del \u00e1mbito territorial con una visi\u00f3n a 22 a\u00f1os<\/em><!--more--><\/p>\n<p>El gobierno de Nuevo Le\u00f3n y la Secretar\u00eda de Desarrollo sustentable presentaron avances en la actualizaci\u00f3n del <strong>Programa Ordenaci\u00f3n de la Zona Metropolitana de Monterrey (POZMM)<\/strong> 2040, el cual busca innovar el\u00a0esquema urbano que hab\u00eda sido aprobado desde 2003.<\/p>\n<p>Durante la presentaci\u00f3n, se\u00a0instalaron mesas de trabajo para que expertos y encargados de los municipios participaran activamente en la elaboraci\u00f3n del documento, ya que \u00e9ste se elaborar\u00e1 con\u00a0el apoyo de acad\u00e9micos de la <strong>Facultad de Arquitectura<\/strong> de la <strong>Universidad Aut\u00f3noma de Nuevo Le\u00f3n.<\/strong><\/p>\n<p>El documento se realizar\u00e1 bajo una serie de objetivos concretos: actualizar el programa metropolitano, revisar los municipios que integran la zona metropolitana, e integrar la <strong>Comisi\u00f3n de Ordenamiento<\/strong> del \u00e1rea urbana para una mejor coordinaci\u00f3n.<\/p>\n<p>Y por otro lado, contar con un instrumento que permita un crecimiento ordenado y sustentable; definir visi\u00f3n, estrategias, programas, proyectos e instrumentos metropolitanos; servir de base para los planes y programas urbanos municipales; y contar con respaldo t\u00e9cnico para la gesti\u00f3n de recursos para proyectos metropolitanos.<\/p>\n<p>Durante el evento, el gobernador Jaime Rodr\u00edguez Calder\u00f3n afirm\u00f3 que su gobernanza tiene como prioridad impulsar el desarrollo econ\u00f3mico y social de Nuevo Le\u00f3n de manera armoniosa con el entorno urbano, por lo que, dijo, se tienen que\u00a0buscar soluciones\u00a0a las\u00a0ciudades y tratar de integrarlas.<\/p>\n<p>Asimismo, subray\u00f3 la importancia que el crecimiento de las ciudades se lleve a cabo de forma ordenada, y con la participaci\u00f3n de voces expertas y ciudadanas. \u00abHay que atrevernos a hacer las cosas diferentes para tener resultados diferentes, pero ordenados para no tener los problemas por la falta de oportunidad para concentrar las opiniones y en el t\u00e9rmino de las leyes las adecuemos\u00bb, agreg\u00f3 el mandatario.<\/p>\n<p>Por su parte, Manuel Vital Couturier, secretario de desarrollo sustentable, explic\u00f3 que la participaci\u00f3n\u00a0se integr\u00f3 por nueve mesas de trabajo: usos del suelo; equipamiento urbano; vivienda; espacios de trabajo, comercios y servicios; energ\u00eda; medio ambiente, cambio clim\u00e1tico, riesgos y resiliencia; movilidad; agua: pluviales, abastecimiento y tratamiento; y gobernanza y legislaci\u00f3n metropolitana.<\/p>\n<p>&nbsp;<\/p>\n","protected":false},"excerpt":{"rendered":"<p>En la presentaci\u00f3n se instalaron mesas de trabajo para acordar un plan normativo metropolitano del \u00e1mbito territorial con una visi\u00f3n a 22 a\u00f1os<\/p>\n","protected":false},"author":66,"featured_media":80347,"comment_status":"open","ping_status":"closed","sticky":false,"template":"","format":"standard","meta":{"om_disable_all_campaigns":false,"inline_featured_image":false,"_monsterinsights_skip_tracking":false,"_monsterinsights_sitenote_active":false,"_monsterinsights_sitenote_note":"","_monsterinsights_sitenote_category":0,"footnotes":""},"categories":[82],"tags":[213,14742,14163],"class_list":["post-80344","post","type-post","status-publish","format-standard","has-post-thumbnail","hentry","category-urbanismo","tag-monterrey","tag-universindad-autonoma-de-nuevo-leon","tag-zona-metropolitana-de-monterrey"],"yoast_head":"<!-- This site is optimized with the Yoast SEO plugin v27.5 - https:\/\/yoast.com\/product\/yoast-seo-wordpress\/ -->\n<title>Monterrey actualiza programa de ordenaci\u00f3n metropolitana<\/title>\n<meta name=\"description\" content=\"En la presentaci\u00f3n se instalaron mesas de trabajo para acordar un plan normativo metropolitano del \u00e1mbito territorial con una visi\u00f3n a 22 a\u00f1os\" \/>\n<meta name=\"robots\" content=\"index, follow, max-snippet:-1, max-image-preview:large, max-video-preview:-1\" \/>\n<link rel=\"canonical\" href=\"https:\/\/centrourbano.com\/revista\/urbanismo\/monterrey-actualiza-programa-de-ordenacion-metropolitana\/\" \/>\n<meta property=\"og:locale\" content=\"es_ES\" \/>\n<meta property=\"og:type\" content=\"article\" \/>\n<meta property=\"og:title\" content=\"Monterrey actualiza programa de ordenaci\u00f3n metropolitana\" \/>\n<meta property=\"og:description\" content=\"En la presentaci\u00f3n se instalaron mesas de trabajo para acordar un plan normativo metropolitano del \u00e1mbito territorial con una visi\u00f3n a 22 a\u00f1os\" \/>\n<meta property=\"og:url\" content=\"https:\/\/centrourbano.com\/revista\/urbanismo\/monterrey-actualiza-programa-de-ordenacion-metropolitana\/\" \/>\n<meta property=\"og:site_name\" content=\"Centro Urbano\" \/>\n<meta property=\"article:publisher\" content=\"https:\/\/www.facebook.com\/portalcentrourbano\" \/>\n<meta property=\"article:published_time\" content=\"2018-10-23T20:10:01+00:00\" \/>\n<meta property=\"og:image\" content=\"https:\/\/centrourbano.com\/revista\/wp-content\/uploads\/mlaa3849_0.jpg\" \/>\n\t<meta property=\"og:image:width\" content=\"2000\" \/>\n\t<meta property=\"og:image:height\" content=\"1159\" \/>\n\t<meta property=\"og:image:type\" content=\"image\/jpeg\" \/>\n<meta name=\"author\" content=\"Valeria G\u00f3mez\" \/>\n<meta name=\"twitter:card\" content=\"summary_large_image\" \/>\n<meta name=\"twitter:creator\" content=\"@CentroUrbano\" \/>\n<meta name=\"twitter:site\" content=\"@CentroUrbano\" \/>\n<meta name=\"twitter:label1\" content=\"Escrito por\" \/>\n\t<meta name=\"twitter:data1\" content=\"Valeria G\u00f3mez\" \/>\n\t<meta name=\"twitter:label2\" content=\"Tiempo de lectura\" \/>\n\t<meta name=\"twitter:data2\" content=\"2 minutos\" \/>\n<script type=\"application\/ld+json\" class=\"yoast-schema-graph\">{\"@context\":\"https:\\\/\\\/schema.org\",\"@graph\":[{\"@type\":\"Article\",\"@id\":\"https:\\\/\\\/centrourbano.com\\\/revista\\\/urbanismo\\\/monterrey-actualiza-programa-de-ordenacion-metropolitana\\\/#article\",\"isPartOf\":{\"@id\":\"https:\\\/\\\/centrourbano.com\\\/revista\\\/urbanismo\\\/monterrey-actualiza-programa-de-ordenacion-metropolitana\\\/\"},\"author\":{\"name\":\"Valeria G\u00f3mez\",\"@id\":\"https:\\\/\\\/centrourbano.com\\\/revista\\\/#\\\/schema\\\/person\\\/9cf11ab4e6c4a7be90b5ceaeaf5b1697\"},\"headline\":\"Monterrey actualiza programa de ordenaci\u00f3n metropolitana\",\"datePublished\":\"2018-10-23T20:10:01+00:00\",\"mainEntityOfPage\":{\"@id\":\"https:\\\/\\\/centrourbano.com\\\/revista\\\/urbanismo\\\/monterrey-actualiza-programa-de-ordenacion-metropolitana\\\/\"},\"wordCount\":387,\"commentCount\":0,\"publisher\":{\"@id\":\"https:\\\/\\\/centrourbano.com\\\/revista\\\/#organization\"},\"image\":{\"@id\":\"https:\\\/\\\/centrourbano.com\\\/revista\\\/urbanismo\\\/monterrey-actualiza-programa-de-ordenacion-metropolitana\\\/#primaryimage\"},\"thumbnailUrl\":\"https:\\\/\\\/centrourbano.com\\\/revista\\\/wp-content\\\/uploads\\\/mlaa3849_0.jpg\",\"keywords\":[\"Monterrey\",\"Universindad Aut\u00f3noma de Nuevo Le\u00f3n\",\"Zona Metropolitana de Monterrey\"],\"articleSection\":[\"Urbanismo\"],\"inLanguage\":\"es\",\"potentialAction\":[{\"@type\":\"CommentAction\",\"name\":\"Comment\",\"target\":[\"https:\\\/\\\/centrourbano.com\\\/revista\\\/urbanismo\\\/monterrey-actualiza-programa-de-ordenacion-metropolitana\\\/#respond\"]}]},{\"@type\":\"WebPage\",\"@id\":\"https:\\\/\\\/centrourbano.com\\\/revista\\\/urbanismo\\\/monterrey-actualiza-programa-de-ordenacion-metropolitana\\\/\",\"url\":\"https:\\\/\\\/centrourbano.com\\\/revista\\\/urbanismo\\\/monterrey-actualiza-programa-de-ordenacion-metropolitana\\\/\",\"name\":\"Monterrey actualiza programa de ordenaci\u00f3n metropolitana\",\"isPartOf\":{\"@id\":\"https:\\\/\\\/centrourbano.com\\\/revista\\\/#website\"},\"primaryImageOfPage\":{\"@id\":\"https:\\\/\\\/centrourbano.com\\\/revista\\\/urbanismo\\\/monterrey-actualiza-programa-de-ordenacion-metropolitana\\\/#primaryimage\"},\"image\":{\"@id\":\"https:\\\/\\\/centrourbano.com\\\/revista\\\/urbanismo\\\/monterrey-actualiza-programa-de-ordenacion-metropolitana\\\/#primaryimage\"},\"thumbnailUrl\":\"https:\\\/\\\/centrourbano.com\\\/revista\\\/wp-content\\\/uploads\\\/mlaa3849_0.jpg\",\"datePublished\":\"2018-10-23T20:10:01+00:00\",\"description\":\"En la presentaci\u00f3n se instalaron mesas de trabajo para acordar un plan normativo metropolitano del \u00e1mbito territorial con una visi\u00f3n a 22 a\u00f1os\",\"breadcrumb\":{\"@id\":\"https:\\\/\\\/centrourbano.com\\\/revista\\\/urbanismo\\\/monterrey-actualiza-programa-de-ordenacion-metropolitana\\\/#breadcrumb\"},\"inLanguage\":\"es\",\"potentialAction\":[{\"@type\":\"ReadAction\",\"target\":[\"https:\\\/\\\/centrourbano.com\\\/revista\\\/urbanismo\\\/monterrey-actualiza-programa-de-ordenacion-metropolitana\\\/\"]}]},{\"@type\":\"ImageObject\",\"inLanguage\":\"es\",\"@id\":\"https:\\\/\\\/centrourbano.com\\\/revista\\\/urbanismo\\\/monterrey-actualiza-programa-de-ordenacion-metropolitana\\\/#primaryimage\",\"url\":\"https:\\\/\\\/centrourbano.com\\\/revista\\\/wp-content\\\/uploads\\\/mlaa3849_0.jpg\",\"contentUrl\":\"https:\\\/\\\/centrourbano.com\\\/revista\\\/wp-content\\\/uploads\\\/mlaa3849_0.jpg\",\"width\":2000,\"height\":1159,\"caption\":\"En la presentaci\u00f3n se instalaron mesas de trabajo para acordar un plan normativo metropolitano del \u00e1mbito territorial con una visi\u00f3n a 22 a\u00f1os\"},{\"@type\":\"BreadcrumbList\",\"@id\":\"https:\\\/\\\/centrourbano.com\\\/revista\\\/urbanismo\\\/monterrey-actualiza-programa-de-ordenacion-metropolitana\\\/#breadcrumb\",\"itemListElement\":[{\"@type\":\"ListItem\",\"position\":1,\"name\":\"Portada\",\"item\":\"https:\\\/\\\/centrourbano.com\\\/revista\\\/\"},{\"@type\":\"ListItem\",\"position\":2,\"name\":\"Monterrey actualiza programa de ordenaci\u00f3n metropolitana\"}]},{\"@type\":\"WebSite\",\"@id\":\"https:\\\/\\\/centrourbano.com\\\/revista\\\/#website\",\"url\":\"https:\\\/\\\/centrourbano.com\\\/revista\\\/\",\"name\":\"Centro Urbano\",\"description\":\"Medio especializado en los sectores vivienda, inmobiliario, construcci\u00f3n, arquitectura y urbanismo.\",\"publisher\":{\"@id\":\"https:\\\/\\\/centrourbano.com\\\/revista\\\/#organization\"},\"potentialAction\":[{\"@type\":\"SearchAction\",\"target\":{\"@type\":\"EntryPoint\",\"urlTemplate\":\"https:\\\/\\\/centrourbano.com\\\/revista\\\/?s={search_term_string}\"},\"query-input\":{\"@type\":\"PropertyValueSpecification\",\"valueRequired\":true,\"valueName\":\"search_term_string\"}}],\"inLanguage\":\"es\"},{\"@type\":\"Organization\",\"@id\":\"https:\\\/\\\/centrourbano.com\\\/revista\\\/#organization\",\"name\":\"Centro Urbano\",\"url\":\"https:\\\/\\\/centrourbano.com\\\/revista\\\/\",\"logo\":{\"@type\":\"ImageObject\",\"inLanguage\":\"es\",\"@id\":\"https:\\\/\\\/centrourbano.com\\\/revista\\\/#\\\/schema\\\/logo\\\/image\\\/\",\"url\":\"https:\\\/\\\/centrourbano.com\\\/revista\\\/wp-content\\\/uploads\\\/web_CU_logo-1.png\",\"contentUrl\":\"https:\\\/\\\/centrourbano.com\\\/revista\\\/wp-content\\\/uploads\\\/web_CU_logo-1.png\",\"width\":350,\"height\":91,\"caption\":\"Centro Urbano\"},\"image\":{\"@id\":\"https:\\\/\\\/centrourbano.com\\\/revista\\\/#\\\/schema\\\/logo\\\/image\\\/\"},\"sameAs\":[\"https:\\\/\\\/www.facebook.com\\\/portalcentrourbano\",\"https:\\\/\\\/x.com\\\/CentroUrbano\",\"https:\\\/\\\/www.instagram.com\\\/centro_urbano\\\/\",\"https:\\\/\\\/www.linkedin.com\\\/company\\\/centro-urbano\\\/\",\"http:\\\/\\\/www.youtube.com\\\/user\\\/portalcentrourbano\"]},{\"@type\":\"Person\",\"@id\":\"https:\\\/\\\/centrourbano.com\\\/revista\\\/#\\\/schema\\\/person\\\/9cf11ab4e6c4a7be90b5ceaeaf5b1697\",\"name\":\"Valeria G\u00f3mez\",\"image\":{\"@type\":\"ImageObject\",\"inLanguage\":\"es\",\"@id\":\"https:\\\/\\\/secure.gravatar.com\\\/avatar\\\/6ac5ee2437ce720c0a29924adbc5914a56612f0ad0b8555914b4f2b27832582f?s=96&d=mm&r=g\",\"url\":\"https:\\\/\\\/secure.gravatar.com\\\/avatar\\\/6ac5ee2437ce720c0a29924adbc5914a56612f0ad0b8555914b4f2b27832582f?s=96&d=mm&r=g\",\"contentUrl\":\"https:\\\/\\\/secure.gravatar.com\\\/avatar\\\/6ac5ee2437ce720c0a29924adbc5914a56612f0ad0b8555914b4f2b27832582f?s=96&d=mm&r=g\",\"caption\":\"Valeria G\u00f3mez\"},\"url\":\"https:\\\/\\\/centrourbano.com\\\/revista\\\/author\\\/valeria-gomez\\\/\"}]}<\/script>\n<!-- \/ Yoast SEO plugin. -->","yoast_head_json":{"title":"Monterrey actualiza programa de ordenaci\u00f3n metropolitana","description":"En la presentaci\u00f3n se instalaron mesas de trabajo para acordar un plan normativo metropolitano del \u00e1mbito territorial con una visi\u00f3n a 22 a\u00f1os","robots":{"index":"index","follow":"follow","max-snippet":"max-snippet:-1","max-image-preview":"max-image-preview:large","max-video-preview":"max-video-preview:-1"},"canonical":"https:\/\/centrourbano.com\/revista\/urbanismo\/monterrey-actualiza-programa-de-ordenacion-metropolitana\/","og_locale":"es_ES","og_type":"article","og_title":"Monterrey actualiza programa de ordenaci\u00f3n metropolitana","og_description":"En la presentaci\u00f3n se instalaron mesas de trabajo para acordar un plan normativo metropolitano del \u00e1mbito territorial con una visi\u00f3n a 22 a\u00f1os","og_url":"https:\/\/centrourbano.com\/revista\/urbanismo\/monterrey-actualiza-programa-de-ordenacion-metropolitana\/","og_site_name":"Centro Urbano","article_publisher":"https:\/\/www.facebook.com\/portalcentrourbano","article_published_time":"2018-10-23T20:10:01+00:00","og_image":[{"width":2000,"height":1159,"url":"https:\/\/centrourbano.com\/revista\/wp-content\/uploads\/mlaa3849_0.jpg","type":"image\/jpeg"}],"author":"Valeria G\u00f3mez","twitter_card":"summary_large_image","twitter_creator":"@CentroUrbano","twitter_site":"@CentroUrbano","twitter_misc":{"Escrito por":"Valeria G\u00f3mez","Tiempo de lectura":"2 minutos"},"schema":{"@context":"https:\/\/schema.org","@graph":[{"@type":"Article","@id":"https:\/\/centrourbano.com\/revista\/urbanismo\/monterrey-actualiza-programa-de-ordenacion-metropolitana\/#article","isPartOf":{"@id":"https:\/\/centrourbano.com\/revista\/urbanismo\/monterrey-actualiza-programa-de-ordenacion-metropolitana\/"},"author":{"name":"Valeria G\u00f3mez","@id":"https:\/\/centrourbano.com\/revista\/#\/schema\/person\/9cf11ab4e6c4a7be90b5ceaeaf5b1697"},"headline":"Monterrey actualiza programa de ordenaci\u00f3n metropolitana","datePublished":"2018-10-23T20:10:01+00:00","mainEntityOfPage":{"@id":"https:\/\/centrourbano.com\/revista\/urbanismo\/monterrey-actualiza-programa-de-ordenacion-metropolitana\/"},"wordCount":387,"commentCount":0,"publisher":{"@id":"https:\/\/centrourbano.com\/revista\/#organization"},"image":{"@id":"https:\/\/centrourbano.com\/revista\/urbanismo\/monterrey-actualiza-programa-de-ordenacion-metropolitana\/#primaryimage"},"thumbnailUrl":"https:\/\/centrourbano.com\/revista\/wp-content\/uploads\/mlaa3849_0.jpg","keywords":["Monterrey","Universindad Aut\u00f3noma de Nuevo Le\u00f3n","Zona Metropolitana de Monterrey"],"articleSection":["Urbanismo"],"inLanguage":"es","potentialAction":[{"@type":"CommentAction","name":"Comment","target":["https:\/\/centrourbano.com\/revista\/urbanismo\/monterrey-actualiza-programa-de-ordenacion-metropolitana\/#respond"]}]},{"@type":"WebPage","@id":"https:\/\/centrourbano.com\/revista\/urbanismo\/monterrey-actualiza-programa-de-ordenacion-metropolitana\/","url":"https:\/\/centrourbano.com\/revista\/urbanismo\/monterrey-actualiza-programa-de-ordenacion-metropolitana\/","name":"Monterrey actualiza programa de ordenaci\u00f3n metropolitana","isPartOf":{"@id":"https:\/\/centrourbano.com\/revista\/#website"},"primaryImageOfPage":{"@id":"https:\/\/centrourbano.com\/revista\/urbanismo\/monterrey-actualiza-programa-de-ordenacion-metropolitana\/#primaryimage"},"image":{"@id":"https:\/\/centrourbano.com\/revista\/urbanismo\/monterrey-actualiza-programa-de-ordenacion-metropolitana\/#primaryimage"},"thumbnailUrl":"https:\/\/centrourbano.com\/revista\/wp-content\/uploads\/mlaa3849_0.jpg","datePublished":"2018-10-23T20:10:01+00:00","description":"En la presentaci\u00f3n se instalaron mesas de trabajo para acordar un plan normativo metropolitano del \u00e1mbito territorial con una visi\u00f3n a 22 a\u00f1os","breadcrumb":{"@id":"https:\/\/centrourbano.com\/revista\/urbanismo\/monterrey-actualiza-programa-de-ordenacion-metropolitana\/#breadcrumb"},"inLanguage":"es","potentialAction":[{"@type":"ReadAction","target":["https:\/\/centrourbano.com\/revista\/urbanismo\/monterrey-actualiza-programa-de-ordenacion-metropolitana\/"]}]},{"@type":"ImageObject","inLanguage":"es","@id":"https:\/\/centrourbano.com\/revista\/urbanismo\/monterrey-actualiza-programa-de-ordenacion-metropolitana\/#primaryimage","url":"https:\/\/centrourbano.com\/revista\/wp-content\/uploads\/mlaa3849_0.jpg","contentUrl":"https:\/\/centrourbano.com\/revista\/wp-content\/uploads\/mlaa3849_0.jpg","width":2000,"height":1159,"caption":"En la presentaci\u00f3n se instalaron mesas de trabajo para acordar un plan normativo metropolitano del \u00e1mbito territorial con una visi\u00f3n a 22 a\u00f1os"},{"@type":"BreadcrumbList","@id":"https:\/\/centrourbano.com\/revista\/urbanismo\/monterrey-actualiza-programa-de-ordenacion-metropolitana\/#breadcrumb","itemListElement":[{"@type":"ListItem","position":1,"name":"Portada","item":"https:\/\/centrourbano.com\/revista\/"},{"@type":"ListItem","position":2,"name":"Monterrey actualiza programa de ordenaci\u00f3n metropolitana"}]},{"@type":"WebSite","@id":"https:\/\/centrourbano.com\/revista\/#website","url":"https:\/\/centrourbano.com\/revista\/","name":"Centro Urbano","description":"Medio especializado en los sectores vivienda, inmobiliario, construcci\u00f3n, arquitectura y urbanismo.","publisher":{"@id":"https:\/\/centrourbano.com\/revista\/#organization"},"potentialAction":[{"@type":"SearchAction","target":{"@type":"EntryPoint","urlTemplate":"https:\/\/centrourbano.com\/revista\/?s={search_term_string}"},"query-input":{"@type":"PropertyValueSpecification","valueRequired":true,"valueName":"search_term_string"}}],"inLanguage":"es"},{"@type":"Organization","@id":"https:\/\/centrourbano.com\/revista\/#organization","name":"Centro Urbano","url":"https:\/\/centrourbano.com\/revista\/","logo":{"@type":"ImageObject","inLanguage":"es","@id":"https:\/\/centrourbano.com\/revista\/#\/schema\/logo\/image\/","url":"https:\/\/centrourbano.com\/revista\/wp-content\/uploads\/web_CU_logo-1.png","contentUrl":"https:\/\/centrourbano.com\/revista\/wp-content\/uploads\/web_CU_logo-1.png","width":350,"height":91,"caption":"Centro Urbano"},"image":{"@id":"https:\/\/centrourbano.com\/revista\/#\/schema\/logo\/image\/"},"sameAs":["https:\/\/www.facebook.com\/portalcentrourbano","https:\/\/x.com\/CentroUrbano","https:\/\/www.instagram.com\/centro_urbano\/","https:\/\/www.linkedin.com\/company\/centro-urbano\/","http:\/\/www.youtube.com\/user\/portalcentrourbano"]},{"@type":"Person","@id":"https:\/\/centrourbano.com\/revista\/#\/schema\/person\/9cf11ab4e6c4a7be90b5ceaeaf5b1697","name":"Valeria G\u00f3mez","image":{"@type":"ImageObject","inLanguage":"es","@id":"https:\/\/secure.gravatar.com\/avatar\/6ac5ee2437ce720c0a29924adbc5914a56612f0ad0b8555914b4f2b27832582f?s=96&d=mm&r=g","url":"https:\/\/secure.gravatar.com\/avatar\/6ac5ee2437ce720c0a29924adbc5914a56612f0ad0b8555914b4f2b27832582f?s=96&d=mm&r=g","contentUrl":"https:\/\/secure.gravatar.com\/avatar\/6ac5ee2437ce720c0a29924adbc5914a56612f0ad0b8555914b4f2b27832582f?s=96&d=mm&r=g","caption":"Valeria G\u00f3mez"},"url":"https:\/\/centrourbano.com\/revista\/author\/valeria-gomez\/"}]}},"_links":{"self":[{"href":"https:\/\/centrourbano.com\/revista\/wp-json\/wp\/v2\/posts\/80344","targetHints":{"allow":["GET"]}}],"collection":[{"href":"https:\/\/centrourbano.com\/revista\/wp-json\/wp\/v2\/posts"}],"about":[{"href":"https:\/\/centrourbano.com\/revista\/wp-json\/wp\/v2\/types\/post"}],"author":[{"embeddable":true,"href":"https:\/\/centrourbano.com\/revista\/wp-json\/wp\/v2\/users\/66"}],"replies":[{"embeddable":true,"href":"https:\/\/centrourbano.com\/revista\/wp-json\/wp\/v2\/comments?post=80344"}],"version-history":[{"count":4,"href":"https:\/\/centrourbano.com\/revista\/wp-json\/wp\/v2\/posts\/80344\/revisions"}],"predecessor-version":[{"id":80382,"href":"https:\/\/centrourbano.com\/revista\/wp-json\/wp\/v2\/posts\/80344\/revisions\/80382"}],"wp:featuredmedia":[{"embeddable":true,"href":"https:\/\/centrourbano.com\/revista\/wp-json\/wp\/v2\/media\/80347"}],"wp:attachment":[{"href":"https:\/\/centrourbano.com\/revista\/wp-json\/wp\/v2\/media?parent=80344"}],"wp:term":[{"taxonomy":"category","embeddable":true,"href":"https:\/\/centrourbano.com\/revista\/wp-json\/wp\/v2\/categories?post=80344"},{"taxonomy":"post_tag","embeddable":true,"href":"https:\/\/centrourbano.com\/revista\/wp-json\/wp\/v2\/tags?post=80344"}],"curies":[{"name":"wp","href":"https:\/\/api.w.org\/{rel}","templated":true}]}}