{"id":80292,"date":"2018-10-22T14:10:22","date_gmt":"2018-10-22T19:10:22","guid":{"rendered":"https:\/\/centrourbano.com\/?p=80292"},"modified":"2018-10-22T14:14:32","modified_gmt":"2018-10-22T19:14:32","slug":"linea-8-del-metro-santa-martha","status":"publish","type":"post","link":"https:\/\/centrourbano.com\/revista\/construccion\/linea-8-del-metro-santa-martha\/","title":{"rendered":"L\u00ednea 8 del metro pod\u00eda llegar a Santa Martha"},"content":{"rendered":"<p><em>La nueva administraci\u00f3n capitalina planea impulsar ampliaciones en Metro, Metrob\u00fas y cableb\u00fas en atenci\u00f3n de la afluencia\u00a0\u00a0<\/em><!--more--><\/p>\n<p>El pr\u00f3ximo secretario de <strong>Movilidad de la Ciudad de M\u00e9xico<\/strong>, Andr\u00e9s Lajous, inform\u00f3 que entre su plan de trabajo para la incorporaci\u00f3n y el reordenamiento de un transporte concesionado, tiene el proyecto de ampliaci\u00f3n de la L\u00ednea 8 del <a href=\"http:\/\/www.metro.cdmx.gob.mx\/\" target=\"_blank\" rel=\"noopener noreferrer\">Sistema de Transporte Colectivo<\/a> (STC) Metro.<\/p>\n<p>Detall\u00f3 que la l\u00ednea se extender\u00eda hasta <strong>Santa Martha<\/strong>, para conectarse con la L\u00ednea A y de esta manera desahogar la demanda en <strong>Pantitl\u00e1n<\/strong>, ya que es la principal puerta de la zona oriente de la Ciudad y el \u00e1rea metropolitana.<\/p>\n<p>Asimismo, se\u00f1al\u00f3 que en noviembre se dar\u00e1 a conocer el programa que implementar\u00e1 la nueva administraci\u00f3n, del que adelant\u00f3, establecer\u00e1 una ciudad con m\u00e1s servicio de Metrob\u00fas y la ampliaci\u00f3n de transporte en la periferia de la capital con el cableb\u00fas.<\/p>\n<p>Explic\u00f3 que es necesario atender el problema de tiempo que desperdician los capitalinos en sus traslados, sobre todo aquellos que utilizan transporte p\u00fablico, adem\u00e1s, se debe de implementar el transporte seguro para elevar la calidad de vida.<\/p>\n","protected":false},"excerpt":{"rendered":"<p>La nueva administraci\u00f3n capitalina planea impulsar ampliaciones en Metro, Metrob\u00fas y cableb\u00fas en atenci\u00f3n de la afluencia\u00a0\u00a0<\/p>\n","protected":false},"author":64,"featured_media":79525,"comment_status":"open","ping_status":"closed","sticky":false,"template":"","format":"standard","meta":{"om_disable_all_campaigns":false,"inline_featured_image":false,"_monsterinsights_skip_tracking":false,"_monsterinsights_sitenote_active":false,"_monsterinsights_sitenote_note":"","_monsterinsights_sitenote_category":0,"footnotes":""},"categories":[14],"tags":[14739,801,32,329,9550],"class_list":["post-80292","post","type-post","status-publish","format-standard","has-post-thumbnail","hentry","category-construccion","tag-linea-8","tag-linea-a","tag-metro","tag-pantitlan","tag-santa-martha"],"yoast_head":"<!-- This site is optimized with the Yoast SEO plugin v27.4 - https:\/\/yoast.com\/product\/yoast-seo-wordpress\/ -->\n<title>L\u00ednea 8 del metro pod\u00eda llegar a Santa Martha<\/title>\n<meta name=\"description\" content=\"La nueva administraci\u00f3n capitalina planea impulsar ampliaciones en Metro, Metrob\u00fas y cableb\u00fas en atenci\u00f3n de la afluencia\" \/>\n<meta name=\"robots\" content=\"index, follow, max-snippet:-1, max-image-preview:large, max-video-preview:-1\" \/>\n<link rel=\"canonical\" href=\"https:\/\/centrourbano.com\/revista\/construccion\/linea-8-del-metro-santa-martha\/\" \/>\n<meta property=\"og:locale\" content=\"es_ES\" \/>\n<meta property=\"og:type\" content=\"article\" \/>\n<meta property=\"og:title\" content=\"L\u00ednea 8 del metro pod\u00eda llegar a Santa Martha\" \/>\n<meta property=\"og:description\" content=\"La nueva administraci\u00f3n capitalina planea impulsar ampliaciones en Metro, Metrob\u00fas y cableb\u00fas en atenci\u00f3n de la afluencia\" \/>\n<meta property=\"og:url\" content=\"https:\/\/centrourbano.com\/revista\/construccion\/linea-8-del-metro-santa-martha\/\" \/>\n<meta property=\"og:site_name\" content=\"Centro Urbano\" \/>\n<meta property=\"article:publisher\" content=\"https:\/\/www.facebook.com\/portalcentrourbano\" \/>\n<meta property=\"article:published_time\" content=\"2018-10-22T19:10:22+00:00\" \/>\n<meta property=\"article:modified_time\" content=\"2018-10-22T19:14:32+00:00\" \/>\n<meta property=\"og:image\" content=\"https:\/\/centrourbano.com\/revista\/wp-content\/uploads\/metro-vagon-mujeres-700x464.gif\" \/>\n\t<meta property=\"og:image:width\" content=\"700\" \/>\n\t<meta property=\"og:image:height\" content=\"464\" \/>\n\t<meta property=\"og:image:type\" content=\"image\/gif\" \/>\n<meta name=\"author\" content=\"Karla Esperanza\" \/>\n<meta name=\"twitter:card\" content=\"summary_large_image\" \/>\n<meta name=\"twitter:creator\" content=\"@CentroUrbano\" \/>\n<meta name=\"twitter:site\" content=\"@CentroUrbano\" \/>\n<meta name=\"twitter:label1\" content=\"Escrito por\" \/>\n\t<meta name=\"twitter:data1\" content=\"Karla Esperanza\" \/>\n\t<meta name=\"twitter:label2\" content=\"Tiempo de lectura\" \/>\n\t<meta name=\"twitter:data2\" content=\"1 minuto\" \/>\n<script type=\"application\/ld+json\" class=\"yoast-schema-graph\">{\"@context\":\"https:\\\/\\\/schema.org\",\"@graph\":[{\"@type\":\"Article\",\"@id\":\"https:\\\/\\\/centrourbano.com\\\/revista\\\/construccion\\\/linea-8-del-metro-santa-martha\\\/#article\",\"isPartOf\":{\"@id\":\"https:\\\/\\\/centrourbano.com\\\/revista\\\/construccion\\\/linea-8-del-metro-santa-martha\\\/\"},\"author\":{\"name\":\"Karla Esperanza\",\"@id\":\"https:\\\/\\\/centrourbano.com\\\/revista\\\/#\\\/schema\\\/person\\\/1d952c872f21e733a753a18cc4b5298a\"},\"headline\":\"L\u00ednea 8 del metro pod\u00eda llegar a Santa Martha\",\"datePublished\":\"2018-10-22T19:10:22+00:00\",\"dateModified\":\"2018-10-22T19:14:32+00:00\",\"mainEntityOfPage\":{\"@id\":\"https:\\\/\\\/centrourbano.com\\\/revista\\\/construccion\\\/linea-8-del-metro-santa-martha\\\/\"},\"wordCount\":212,\"commentCount\":0,\"publisher\":{\"@id\":\"https:\\\/\\\/centrourbano.com\\\/revista\\\/#organization\"},\"image\":{\"@id\":\"https:\\\/\\\/centrourbano.com\\\/revista\\\/construccion\\\/linea-8-del-metro-santa-martha\\\/#primaryimage\"},\"thumbnailUrl\":\"https:\\\/\\\/centrourbano.com\\\/revista\\\/wp-content\\\/uploads\\\/metro-vagon-mujeres-700x464.gif\",\"keywords\":[\"L\u00ednea 8\",\"L\u00ednea A\",\"metro\",\"Pantitl\u00e1n\",\"Santa Martha\"],\"articleSection\":[\"Construcci\u00f3n\"],\"inLanguage\":\"es\",\"potentialAction\":[{\"@type\":\"CommentAction\",\"name\":\"Comment\",\"target\":[\"https:\\\/\\\/centrourbano.com\\\/revista\\\/construccion\\\/linea-8-del-metro-santa-martha\\\/#respond\"]}]},{\"@type\":\"WebPage\",\"@id\":\"https:\\\/\\\/centrourbano.com\\\/revista\\\/construccion\\\/linea-8-del-metro-santa-martha\\\/\",\"url\":\"https:\\\/\\\/centrourbano.com\\\/revista\\\/construccion\\\/linea-8-del-metro-santa-martha\\\/\",\"name\":\"L\u00ednea 8 del metro pod\u00eda llegar a Santa Martha\",\"isPartOf\":{\"@id\":\"https:\\\/\\\/centrourbano.com\\\/revista\\\/#website\"},\"primaryImageOfPage\":{\"@id\":\"https:\\\/\\\/centrourbano.com\\\/revista\\\/construccion\\\/linea-8-del-metro-santa-martha\\\/#primaryimage\"},\"image\":{\"@id\":\"https:\\\/\\\/centrourbano.com\\\/revista\\\/construccion\\\/linea-8-del-metro-santa-martha\\\/#primaryimage\"},\"thumbnailUrl\":\"https:\\\/\\\/centrourbano.com\\\/revista\\\/wp-content\\\/uploads\\\/metro-vagon-mujeres-700x464.gif\",\"datePublished\":\"2018-10-22T19:10:22+00:00\",\"dateModified\":\"2018-10-22T19:14:32+00:00\",\"description\":\"La nueva administraci\u00f3n capitalina planea impulsar ampliaciones en Metro, Metrob\u00fas y cableb\u00fas en atenci\u00f3n de la afluencia\",\"breadcrumb\":{\"@id\":\"https:\\\/\\\/centrourbano.com\\\/revista\\\/construccion\\\/linea-8-del-metro-santa-martha\\\/#breadcrumb\"},\"inLanguage\":\"es\",\"potentialAction\":[{\"@type\":\"ReadAction\",\"target\":[\"https:\\\/\\\/centrourbano.com\\\/revista\\\/construccion\\\/linea-8-del-metro-santa-martha\\\/\"]}]},{\"@type\":\"ImageObject\",\"inLanguage\":\"es\",\"@id\":\"https:\\\/\\\/centrourbano.com\\\/revista\\\/construccion\\\/linea-8-del-metro-santa-martha\\\/#primaryimage\",\"url\":\"https:\\\/\\\/centrourbano.com\\\/revista\\\/wp-content\\\/uploads\\\/metro-vagon-mujeres-700x464.gif\",\"contentUrl\":\"https:\\\/\\\/centrourbano.com\\\/revista\\\/wp-content\\\/uploads\\\/metro-vagon-mujeres-700x464.gif\",\"width\":700,\"height\":464},{\"@type\":\"BreadcrumbList\",\"@id\":\"https:\\\/\\\/centrourbano.com\\\/revista\\\/construccion\\\/linea-8-del-metro-santa-martha\\\/#breadcrumb\",\"itemListElement\":[{\"@type\":\"ListItem\",\"position\":1,\"name\":\"Portada\",\"item\":\"https:\\\/\\\/centrourbano.com\\\/revista\\\/\"},{\"@type\":\"ListItem\",\"position\":2,\"name\":\"L\u00ednea 8 del metro pod\u00eda llegar a Santa Martha\"}]},{\"@type\":\"WebSite\",\"@id\":\"https:\\\/\\\/centrourbano.com\\\/revista\\\/#website\",\"url\":\"https:\\\/\\\/centrourbano.com\\\/revista\\\/\",\"name\":\"Centro Urbano\",\"description\":\"Medio especializado en los sectores vivienda, inmobiliario, construcci\u00f3n, arquitectura y urbanismo.\",\"publisher\":{\"@id\":\"https:\\\/\\\/centrourbano.com\\\/revista\\\/#organization\"},\"potentialAction\":[{\"@type\":\"SearchAction\",\"target\":{\"@type\":\"EntryPoint\",\"urlTemplate\":\"https:\\\/\\\/centrourbano.com\\\/revista\\\/?s={search_term_string}\"},\"query-input\":{\"@type\":\"PropertyValueSpecification\",\"valueRequired\":true,\"valueName\":\"search_term_string\"}}],\"inLanguage\":\"es\"},{\"@type\":\"Organization\",\"@id\":\"https:\\\/\\\/centrourbano.com\\\/revista\\\/#organization\",\"name\":\"Centro Urbano\",\"url\":\"https:\\\/\\\/centrourbano.com\\\/revista\\\/\",\"logo\":{\"@type\":\"ImageObject\",\"inLanguage\":\"es\",\"@id\":\"https:\\\/\\\/centrourbano.com\\\/revista\\\/#\\\/schema\\\/logo\\\/image\\\/\",\"url\":\"https:\\\/\\\/centrourbano.com\\\/revista\\\/wp-content\\\/uploads\\\/web_CU_logo-1.png\",\"contentUrl\":\"https:\\\/\\\/centrourbano.com\\\/revista\\\/wp-content\\\/uploads\\\/web_CU_logo-1.png\",\"width\":350,\"height\":91,\"caption\":\"Centro Urbano\"},\"image\":{\"@id\":\"https:\\\/\\\/centrourbano.com\\\/revista\\\/#\\\/schema\\\/logo\\\/image\\\/\"},\"sameAs\":[\"https:\\\/\\\/www.facebook.com\\\/portalcentrourbano\",\"https:\\\/\\\/x.com\\\/CentroUrbano\",\"https:\\\/\\\/www.instagram.com\\\/centro_urbano\\\/\",\"https:\\\/\\\/www.linkedin.com\\\/company\\\/centro-urbano\\\/\",\"http:\\\/\\\/www.youtube.com\\\/user\\\/portalcentrourbano\"]},{\"@type\":\"Person\",\"@id\":\"https:\\\/\\\/centrourbano.com\\\/revista\\\/#\\\/schema\\\/person\\\/1d952c872f21e733a753a18cc4b5298a\",\"name\":\"Karla Esperanza\",\"image\":{\"@type\":\"ImageObject\",\"inLanguage\":\"es\",\"@id\":\"https:\\\/\\\/secure.gravatar.com\\\/avatar\\\/bea847a7925ef868d37c5a55ab5e341c9e769fab11b85a359090daa4d6fb4a2e?s=96&d=mm&r=g\",\"url\":\"https:\\\/\\\/secure.gravatar.com\\\/avatar\\\/bea847a7925ef868d37c5a55ab5e341c9e769fab11b85a359090daa4d6fb4a2e?s=96&d=mm&r=g\",\"contentUrl\":\"https:\\\/\\\/secure.gravatar.com\\\/avatar\\\/bea847a7925ef868d37c5a55ab5e341c9e769fab11b85a359090daa4d6fb4a2e?s=96&d=mm&r=g\",\"caption\":\"Karla Esperanza\"},\"url\":\"https:\\\/\\\/centrourbano.com\\\/revista\\\/author\\\/karla-esperanza\\\/\"}]}<\/script>\n<!-- \/ Yoast SEO plugin. -->","yoast_head_json":{"title":"L\u00ednea 8 del metro pod\u00eda llegar a Santa Martha","description":"La nueva administraci\u00f3n capitalina planea impulsar ampliaciones en Metro, Metrob\u00fas y cableb\u00fas en atenci\u00f3n de la afluencia","robots":{"index":"index","follow":"follow","max-snippet":"max-snippet:-1","max-image-preview":"max-image-preview:large","max-video-preview":"max-video-preview:-1"},"canonical":"https:\/\/centrourbano.com\/revista\/construccion\/linea-8-del-metro-santa-martha\/","og_locale":"es_ES","og_type":"article","og_title":"L\u00ednea 8 del metro pod\u00eda llegar a Santa Martha","og_description":"La nueva administraci\u00f3n capitalina planea impulsar ampliaciones en Metro, Metrob\u00fas y cableb\u00fas en atenci\u00f3n de la afluencia","og_url":"https:\/\/centrourbano.com\/revista\/construccion\/linea-8-del-metro-santa-martha\/","og_site_name":"Centro Urbano","article_publisher":"https:\/\/www.facebook.com\/portalcentrourbano","article_published_time":"2018-10-22T19:10:22+00:00","article_modified_time":"2018-10-22T19:14:32+00:00","og_image":[{"width":700,"height":464,"url":"https:\/\/centrourbano.com\/revista\/wp-content\/uploads\/metro-vagon-mujeres-700x464.gif","type":"image\/gif"}],"author":"Karla Esperanza","twitter_card":"summary_large_image","twitter_creator":"@CentroUrbano","twitter_site":"@CentroUrbano","twitter_misc":{"Escrito por":"Karla Esperanza","Tiempo de lectura":"1 minuto"},"schema":{"@context":"https:\/\/schema.org","@graph":[{"@type":"Article","@id":"https:\/\/centrourbano.com\/revista\/construccion\/linea-8-del-metro-santa-martha\/#article","isPartOf":{"@id":"https:\/\/centrourbano.com\/revista\/construccion\/linea-8-del-metro-santa-martha\/"},"author":{"name":"Karla Esperanza","@id":"https:\/\/centrourbano.com\/revista\/#\/schema\/person\/1d952c872f21e733a753a18cc4b5298a"},"headline":"L\u00ednea 8 del metro pod\u00eda llegar a Santa Martha","datePublished":"2018-10-22T19:10:22+00:00","dateModified":"2018-10-22T19:14:32+00:00","mainEntityOfPage":{"@id":"https:\/\/centrourbano.com\/revista\/construccion\/linea-8-del-metro-santa-martha\/"},"wordCount":212,"commentCount":0,"publisher":{"@id":"https:\/\/centrourbano.com\/revista\/#organization"},"image":{"@id":"https:\/\/centrourbano.com\/revista\/construccion\/linea-8-del-metro-santa-martha\/#primaryimage"},"thumbnailUrl":"https:\/\/centrourbano.com\/revista\/wp-content\/uploads\/metro-vagon-mujeres-700x464.gif","keywords":["L\u00ednea 8","L\u00ednea A","metro","Pantitl\u00e1n","Santa Martha"],"articleSection":["Construcci\u00f3n"],"inLanguage":"es","potentialAction":[{"@type":"CommentAction","name":"Comment","target":["https:\/\/centrourbano.com\/revista\/construccion\/linea-8-del-metro-santa-martha\/#respond"]}]},{"@type":"WebPage","@id":"https:\/\/centrourbano.com\/revista\/construccion\/linea-8-del-metro-santa-martha\/","url":"https:\/\/centrourbano.com\/revista\/construccion\/linea-8-del-metro-santa-martha\/","name":"L\u00ednea 8 del metro pod\u00eda llegar a Santa Martha","isPartOf":{"@id":"https:\/\/centrourbano.com\/revista\/#website"},"primaryImageOfPage":{"@id":"https:\/\/centrourbano.com\/revista\/construccion\/linea-8-del-metro-santa-martha\/#primaryimage"},"image":{"@id":"https:\/\/centrourbano.com\/revista\/construccion\/linea-8-del-metro-santa-martha\/#primaryimage"},"thumbnailUrl":"https:\/\/centrourbano.com\/revista\/wp-content\/uploads\/metro-vagon-mujeres-700x464.gif","datePublished":"2018-10-22T19:10:22+00:00","dateModified":"2018-10-22T19:14:32+00:00","description":"La nueva administraci\u00f3n capitalina planea impulsar ampliaciones en Metro, Metrob\u00fas y cableb\u00fas en atenci\u00f3n de la afluencia","breadcrumb":{"@id":"https:\/\/centrourbano.com\/revista\/construccion\/linea-8-del-metro-santa-martha\/#breadcrumb"},"inLanguage":"es","potentialAction":[{"@type":"ReadAction","target":["https:\/\/centrourbano.com\/revista\/construccion\/linea-8-del-metro-santa-martha\/"]}]},{"@type":"ImageObject","inLanguage":"es","@id":"https:\/\/centrourbano.com\/revista\/construccion\/linea-8-del-metro-santa-martha\/#primaryimage","url":"https:\/\/centrourbano.com\/revista\/wp-content\/uploads\/metro-vagon-mujeres-700x464.gif","contentUrl":"https:\/\/centrourbano.com\/revista\/wp-content\/uploads\/metro-vagon-mujeres-700x464.gif","width":700,"height":464},{"@type":"BreadcrumbList","@id":"https:\/\/centrourbano.com\/revista\/construccion\/linea-8-del-metro-santa-martha\/#breadcrumb","itemListElement":[{"@type":"ListItem","position":1,"name":"Portada","item":"https:\/\/centrourbano.com\/revista\/"},{"@type":"ListItem","position":2,"name":"L\u00ednea 8 del metro pod\u00eda llegar a Santa Martha"}]},{"@type":"WebSite","@id":"https:\/\/centrourbano.com\/revista\/#website","url":"https:\/\/centrourbano.com\/revista\/","name":"Centro Urbano","description":"Medio especializado en los sectores vivienda, inmobiliario, construcci\u00f3n, arquitectura y urbanismo.","publisher":{"@id":"https:\/\/centrourbano.com\/revista\/#organization"},"potentialAction":[{"@type":"SearchAction","target":{"@type":"EntryPoint","urlTemplate":"https:\/\/centrourbano.com\/revista\/?s={search_term_string}"},"query-input":{"@type":"PropertyValueSpecification","valueRequired":true,"valueName":"search_term_string"}}],"inLanguage":"es"},{"@type":"Organization","@id":"https:\/\/centrourbano.com\/revista\/#organization","name":"Centro Urbano","url":"https:\/\/centrourbano.com\/revista\/","logo":{"@type":"ImageObject","inLanguage":"es","@id":"https:\/\/centrourbano.com\/revista\/#\/schema\/logo\/image\/","url":"https:\/\/centrourbano.com\/revista\/wp-content\/uploads\/web_CU_logo-1.png","contentUrl":"https:\/\/centrourbano.com\/revista\/wp-content\/uploads\/web_CU_logo-1.png","width":350,"height":91,"caption":"Centro Urbano"},"image":{"@id":"https:\/\/centrourbano.com\/revista\/#\/schema\/logo\/image\/"},"sameAs":["https:\/\/www.facebook.com\/portalcentrourbano","https:\/\/x.com\/CentroUrbano","https:\/\/www.instagram.com\/centro_urbano\/","https:\/\/www.linkedin.com\/company\/centro-urbano\/","http:\/\/www.youtube.com\/user\/portalcentrourbano"]},{"@type":"Person","@id":"https:\/\/centrourbano.com\/revista\/#\/schema\/person\/1d952c872f21e733a753a18cc4b5298a","name":"Karla Esperanza","image":{"@type":"ImageObject","inLanguage":"es","@id":"https:\/\/secure.gravatar.com\/avatar\/bea847a7925ef868d37c5a55ab5e341c9e769fab11b85a359090daa4d6fb4a2e?s=96&d=mm&r=g","url":"https:\/\/secure.gravatar.com\/avatar\/bea847a7925ef868d37c5a55ab5e341c9e769fab11b85a359090daa4d6fb4a2e?s=96&d=mm&r=g","contentUrl":"https:\/\/secure.gravatar.com\/avatar\/bea847a7925ef868d37c5a55ab5e341c9e769fab11b85a359090daa4d6fb4a2e?s=96&d=mm&r=g","caption":"Karla Esperanza"},"url":"https:\/\/centrourbano.com\/revista\/author\/karla-esperanza\/"}]}},"_links":{"self":[{"href":"https:\/\/centrourbano.com\/revista\/wp-json\/wp\/v2\/posts\/80292","targetHints":{"allow":["GET"]}}],"collection":[{"href":"https:\/\/centrourbano.com\/revista\/wp-json\/wp\/v2\/posts"}],"about":[{"href":"https:\/\/centrourbano.com\/revista\/wp-json\/wp\/v2\/types\/post"}],"author":[{"embeddable":true,"href":"https:\/\/centrourbano.com\/revista\/wp-json\/wp\/v2\/users\/64"}],"replies":[{"embeddable":true,"href":"https:\/\/centrourbano.com\/revista\/wp-json\/wp\/v2\/comments?post=80292"}],"version-history":[{"count":1,"href":"https:\/\/centrourbano.com\/revista\/wp-json\/wp\/v2\/posts\/80292\/revisions"}],"predecessor-version":[{"id":80294,"href":"https:\/\/centrourbano.com\/revista\/wp-json\/wp\/v2\/posts\/80292\/revisions\/80294"}],"wp:featuredmedia":[{"embeddable":true,"href":"https:\/\/centrourbano.com\/revista\/wp-json\/wp\/v2\/media\/79525"}],"wp:attachment":[{"href":"https:\/\/centrourbano.com\/revista\/wp-json\/wp\/v2\/media?parent=80292"}],"wp:term":[{"taxonomy":"category","embeddable":true,"href":"https:\/\/centrourbano.com\/revista\/wp-json\/wp\/v2\/categories?post=80292"},{"taxonomy":"post_tag","embeddable":true,"href":"https:\/\/centrourbano.com\/revista\/wp-json\/wp\/v2\/tags?post=80292"}],"curies":[{"name":"wp","href":"https:\/\/api.w.org\/{rel}","templated":true}]}}