{"id":80268,"date":"2018-10-22T11:43:29","date_gmt":"2018-10-22T16:43:29","guid":{"rendered":"https:\/\/centrourbano.com\/?p=80268"},"modified":"2018-10-24T11:56:34","modified_gmt":"2018-10-24T16:56:34","slug":"aumento-vinte-20-utilidad-neta","status":"publish","type":"post","link":"https:\/\/centrourbano.com\/revista\/vivienda\/aumento-vinte-20-utilidad-neta\/","title":{"rendered":"Logra Vinte aumento de 20% en utilidad neta"},"content":{"rendered":"<p><em>En el 3T2018, la empresa increment\u00f3 11.9% la escrituraci\u00f3n de unidades<\/em><!--more--><\/p>\n<p>Entre enero y septiembre de 2018, la desarrolladora de vivienda <a href=\"https:\/\/www.vinte.com.mx\/\" rel=\"noopener\" target=\"_blank\">Vinte <\/a>increment\u00f3 20% su utilidad neta. De esta manera, al cierre del noveno mes del a\u00f1o, la empresa que dirige <a href=\"https:\/\/twitter.com\/SergioLealVinte\" rel=\"noopener\" target=\"_blank\">Sergio Leal<\/a> alcanz\u00f3 312 millones 900,000 pesos en el rubro, resultado impulsado por la continua escrituraci\u00f3n de vivienda. <\/p>\n<p>De acuerdo con el reporte enviado a la Bolsa Mexicana de Valores (<a href=\"http:\/\/www.bmv.com.mx\/\" rel=\"noopener\" target=\"_blank\">BMV<\/a>), en el periodo antes mencionado, la viviendera obtuvo <strong>ingresos <\/strong>por 2,336 millones 600,000 pesos, es decir, un incremento de 14.5% en relaci\u00f3n a lo observado entre enero y septiembre de 2017. Seg\u00fan la informaci\u00f3n presenta, este incremento de 296 millones de pesos en ingresos, se vio estimulado por un aumento de 6.9% en el precio promedio de vivienda, con lo que se ubic\u00f3 en 682,100 pesos. <\/p>\n<p>En relaci\u00f3n a <strong>Ebitda<\/strong>, la empresa obtuvo un crecimiento de 16.2%, con lo que lleg\u00f3 a 508 millones de pesos. Este resultado se vio impulsado por una mejor eficiencia operativa tanto en el costo y gasto de administraci\u00f3n y ventas. Cabe se\u00f1alar que, en el mismo periodo, pero de 2017, la empresa report\u00f3 un Ebitda de 437 millones 300,000 pesos. <\/p>\n<p><strong>Resultado trimestral <\/strong><\/p>\n<p>Por otro lado, en cuanto al <strong>3T2018<\/strong>, Vinte report\u00f3 la escrituraci\u00f3n de 1,287 viviendas, cifra que representa un aumento de 11.9% en comparaci\u00f3n con el mismo periodo, pero de 2017. En ese sentido, la empresa report\u00f3 un aumento d 36.4% en la venta de vivienda con valor que va de los 700,000 a 1 mill\u00f3n de pesos; as\u00ed como un incremento de 24.6% en la escrituraci\u00f3n de vivienda con valor de entre 350,000 y 500,000 pesos. <\/p>\n<p>En tal sentido, los <strong>ingresos <\/strong>de la empresa se ubicaron en 902 millones 200,000 pesos, es decir un aumento de 17.1% en relaci\u00f3n a lo observado entre julio y septiembre del a\u00f1o anterior.  Este incremento, expuso la firma, obedeci\u00f3 principalmente al incremento en la escrituraci\u00f3n de unidades tanto en vivienda media y residencial, como del segmento social. <\/p>\n","protected":false},"excerpt":{"rendered":"<p>En el 3T2018, la empresa increment\u00f3 11.9% la escrituraci\u00f3n de unidades<\/p>\n","protected":false},"author":47,"featured_media":57331,"comment_status":"open","ping_status":"closed","sticky":false,"template":"","format":"standard","meta":{"om_disable_all_campaigns":false,"inline_featured_image":false,"_monsterinsights_skip_tracking":false,"_monsterinsights_sitenote_active":false,"_monsterinsights_sitenote_note":"","_monsterinsights_sitenote_category":0,"footnotes":""},"categories":[12],"tags":[407,14735,2374,10040,1073,373,60],"class_list":["post-80268","post","type-post","status-publish","format-standard","has-post-thumbnail","hentry","category-vivienda","tag-bmv","tag-bolsa-mexiana-de-valores","tag-reporte","tag-resultados","tag-sergio-leal","tag-vinte","tag-vivienda-2"],"yoast_head":"<!-- This site is optimized with the Yoast SEO plugin v27.4 - https:\/\/yoast.com\/product\/yoast-seo-wordpress\/ -->\n<title>Aument\u00f3 Vinte 20% su utilidad neta al cierre de spetiembre<\/title>\n<meta name=\"description\" content=\"Entre enero y septiembre de 2018, la desarrolladora de vivienda Vinte increment\u00f3 20% su utilidad neta. De esta manera, al cierre del noveno mes del a\u00f1o...\" \/>\n<meta name=\"robots\" content=\"index, follow, max-snippet:-1, max-image-preview:large, max-video-preview:-1\" \/>\n<link rel=\"canonical\" href=\"https:\/\/centrourbano.com\/revista\/vivienda\/aumento-vinte-20-utilidad-neta\/\" \/>\n<meta property=\"og:locale\" content=\"es_ES\" \/>\n<meta property=\"og:type\" content=\"article\" \/>\n<meta property=\"og:title\" content=\"Aument\u00f3 Vinte 20% su utilidad neta al cierre de spetiembre\" \/>\n<meta property=\"og:description\" content=\"Entre enero y septiembre de 2018, la desarrolladora de vivienda Vinte increment\u00f3 20% su utilidad neta. De esta manera, al cierre del noveno mes del a\u00f1o...\" \/>\n<meta property=\"og:url\" content=\"https:\/\/centrourbano.com\/revista\/vivienda\/aumento-vinte-20-utilidad-neta\/\" \/>\n<meta property=\"og:site_name\" content=\"Centro Urbano\" \/>\n<meta property=\"article:publisher\" content=\"https:\/\/www.facebook.com\/portalcentrourbano\" \/>\n<meta property=\"article:published_time\" content=\"2018-10-22T16:43:29+00:00\" \/>\n<meta property=\"article:modified_time\" content=\"2018-10-24T16:56:34+00:00\" \/>\n<meta property=\"og:image\" content=\"https:\/\/centrourbano.com\/revista\/wp-content\/uploads\/Vinte-2.jpg\" \/>\n\t<meta property=\"og:image:width\" content=\"800\" \/>\n\t<meta property=\"og:image:height\" content=\"564\" \/>\n\t<meta property=\"og:image:type\" content=\"image\/jpeg\" \/>\n<meta name=\"author\" content=\"Edgar Rosas\" \/>\n<meta name=\"twitter:card\" content=\"summary_large_image\" \/>\n<meta name=\"twitter:creator\" content=\"@https:\/\/twitter.com\/ERosasCU?s=09\" \/>\n<meta name=\"twitter:site\" content=\"@CentroUrbano\" \/>\n<meta name=\"twitter:label1\" content=\"Escrito por\" \/>\n\t<meta name=\"twitter:data1\" content=\"Edgar Rosas\" \/>\n\t<meta name=\"twitter:label2\" content=\"Tiempo de lectura\" \/>\n\t<meta name=\"twitter:data2\" content=\"2 minutos\" \/>\n<script type=\"application\/ld+json\" class=\"yoast-schema-graph\">{\"@context\":\"https:\\\/\\\/schema.org\",\"@graph\":[{\"@type\":\"Article\",\"@id\":\"https:\\\/\\\/centrourbano.com\\\/revista\\\/vivienda\\\/aumento-vinte-20-utilidad-neta\\\/#article\",\"isPartOf\":{\"@id\":\"https:\\\/\\\/centrourbano.com\\\/revista\\\/vivienda\\\/aumento-vinte-20-utilidad-neta\\\/\"},\"author\":{\"name\":\"Edgar Rosas\",\"@id\":\"https:\\\/\\\/centrourbano.com\\\/revista\\\/#\\\/schema\\\/person\\\/ff3c00651ce5b1630479d2cd0c2e3ac0\"},\"headline\":\"Logra Vinte aumento de 20% en utilidad neta\",\"datePublished\":\"2018-10-22T16:43:29+00:00\",\"dateModified\":\"2018-10-24T16:56:34+00:00\",\"mainEntityOfPage\":{\"@id\":\"https:\\\/\\\/centrourbano.com\\\/revista\\\/vivienda\\\/aumento-vinte-20-utilidad-neta\\\/\"},\"wordCount\":327,\"commentCount\":0,\"publisher\":{\"@id\":\"https:\\\/\\\/centrourbano.com\\\/revista\\\/#organization\"},\"image\":{\"@id\":\"https:\\\/\\\/centrourbano.com\\\/revista\\\/vivienda\\\/aumento-vinte-20-utilidad-neta\\\/#primaryimage\"},\"thumbnailUrl\":\"https:\\\/\\\/centrourbano.com\\\/revista\\\/wp-content\\\/uploads\\\/Vinte-2.jpg\",\"keywords\":[\"BMV\",\"Bolsa Mexiana de Valores\",\"Reporte\",\"resultados\",\"Sergio Leal\",\"Vinte\",\"vivienda\"],\"articleSection\":[\"Vivienda\"],\"inLanguage\":\"es\",\"potentialAction\":[{\"@type\":\"CommentAction\",\"name\":\"Comment\",\"target\":[\"https:\\\/\\\/centrourbano.com\\\/revista\\\/vivienda\\\/aumento-vinte-20-utilidad-neta\\\/#respond\"]}]},{\"@type\":\"WebPage\",\"@id\":\"https:\\\/\\\/centrourbano.com\\\/revista\\\/vivienda\\\/aumento-vinte-20-utilidad-neta\\\/\",\"url\":\"https:\\\/\\\/centrourbano.com\\\/revista\\\/vivienda\\\/aumento-vinte-20-utilidad-neta\\\/\",\"name\":\"Aument\u00f3 Vinte 20% su utilidad neta al cierre de spetiembre\",\"isPartOf\":{\"@id\":\"https:\\\/\\\/centrourbano.com\\\/revista\\\/#website\"},\"primaryImageOfPage\":{\"@id\":\"https:\\\/\\\/centrourbano.com\\\/revista\\\/vivienda\\\/aumento-vinte-20-utilidad-neta\\\/#primaryimage\"},\"image\":{\"@id\":\"https:\\\/\\\/centrourbano.com\\\/revista\\\/vivienda\\\/aumento-vinte-20-utilidad-neta\\\/#primaryimage\"},\"thumbnailUrl\":\"https:\\\/\\\/centrourbano.com\\\/revista\\\/wp-content\\\/uploads\\\/Vinte-2.jpg\",\"datePublished\":\"2018-10-22T16:43:29+00:00\",\"dateModified\":\"2018-10-24T16:56:34+00:00\",\"description\":\"Entre enero y septiembre de 2018, la desarrolladora de vivienda Vinte increment\u00f3 20% su utilidad neta. De esta manera, al cierre del noveno mes del a\u00f1o...\",\"breadcrumb\":{\"@id\":\"https:\\\/\\\/centrourbano.com\\\/revista\\\/vivienda\\\/aumento-vinte-20-utilidad-neta\\\/#breadcrumb\"},\"inLanguage\":\"es\",\"potentialAction\":[{\"@type\":\"ReadAction\",\"target\":[\"https:\\\/\\\/centrourbano.com\\\/revista\\\/vivienda\\\/aumento-vinte-20-utilidad-neta\\\/\"]}]},{\"@type\":\"ImageObject\",\"inLanguage\":\"es\",\"@id\":\"https:\\\/\\\/centrourbano.com\\\/revista\\\/vivienda\\\/aumento-vinte-20-utilidad-neta\\\/#primaryimage\",\"url\":\"https:\\\/\\\/centrourbano.com\\\/revista\\\/wp-content\\\/uploads\\\/Vinte-2.jpg\",\"contentUrl\":\"https:\\\/\\\/centrourbano.com\\\/revista\\\/wp-content\\\/uploads\\\/Vinte-2.jpg\",\"width\":800,\"height\":564},{\"@type\":\"BreadcrumbList\",\"@id\":\"https:\\\/\\\/centrourbano.com\\\/revista\\\/vivienda\\\/aumento-vinte-20-utilidad-neta\\\/#breadcrumb\",\"itemListElement\":[{\"@type\":\"ListItem\",\"position\":1,\"name\":\"Portada\",\"item\":\"https:\\\/\\\/centrourbano.com\\\/revista\\\/\"},{\"@type\":\"ListItem\",\"position\":2,\"name\":\"Logra Vinte aumento de 20% en utilidad neta\"}]},{\"@type\":\"WebSite\",\"@id\":\"https:\\\/\\\/centrourbano.com\\\/revista\\\/#website\",\"url\":\"https:\\\/\\\/centrourbano.com\\\/revista\\\/\",\"name\":\"Centro Urbano\",\"description\":\"Medio especializado en los sectores vivienda, inmobiliario, construcci\u00f3n, arquitectura y urbanismo.\",\"publisher\":{\"@id\":\"https:\\\/\\\/centrourbano.com\\\/revista\\\/#organization\"},\"potentialAction\":[{\"@type\":\"SearchAction\",\"target\":{\"@type\":\"EntryPoint\",\"urlTemplate\":\"https:\\\/\\\/centrourbano.com\\\/revista\\\/?s={search_term_string}\"},\"query-input\":{\"@type\":\"PropertyValueSpecification\",\"valueRequired\":true,\"valueName\":\"search_term_string\"}}],\"inLanguage\":\"es\"},{\"@type\":\"Organization\",\"@id\":\"https:\\\/\\\/centrourbano.com\\\/revista\\\/#organization\",\"name\":\"Centro Urbano\",\"url\":\"https:\\\/\\\/centrourbano.com\\\/revista\\\/\",\"logo\":{\"@type\":\"ImageObject\",\"inLanguage\":\"es\",\"@id\":\"https:\\\/\\\/centrourbano.com\\\/revista\\\/#\\\/schema\\\/logo\\\/image\\\/\",\"url\":\"https:\\\/\\\/centrourbano.com\\\/revista\\\/wp-content\\\/uploads\\\/web_CU_logo-1.png\",\"contentUrl\":\"https:\\\/\\\/centrourbano.com\\\/revista\\\/wp-content\\\/uploads\\\/web_CU_logo-1.png\",\"width\":350,\"height\":91,\"caption\":\"Centro Urbano\"},\"image\":{\"@id\":\"https:\\\/\\\/centrourbano.com\\\/revista\\\/#\\\/schema\\\/logo\\\/image\\\/\"},\"sameAs\":[\"https:\\\/\\\/www.facebook.com\\\/portalcentrourbano\",\"https:\\\/\\\/x.com\\\/CentroUrbano\",\"https:\\\/\\\/www.instagram.com\\\/centro_urbano\\\/\",\"https:\\\/\\\/www.linkedin.com\\\/company\\\/centro-urbano\\\/\",\"http:\\\/\\\/www.youtube.com\\\/user\\\/portalcentrourbano\"]},{\"@type\":\"Person\",\"@id\":\"https:\\\/\\\/centrourbano.com\\\/revista\\\/#\\\/schema\\\/person\\\/ff3c00651ce5b1630479d2cd0c2e3ac0\",\"name\":\"Edgar Rosas\",\"image\":{\"@type\":\"ImageObject\",\"inLanguage\":\"es\",\"@id\":\"https:\\\/\\\/secure.gravatar.com\\\/avatar\\\/94440c4283495211faa5300bf85e80061036b83fced868c3783aa1310b350d9c?s=96&d=mm&r=g\",\"url\":\"https:\\\/\\\/secure.gravatar.com\\\/avatar\\\/94440c4283495211faa5300bf85e80061036b83fced868c3783aa1310b350d9c?s=96&d=mm&r=g\",\"contentUrl\":\"https:\\\/\\\/secure.gravatar.com\\\/avatar\\\/94440c4283495211faa5300bf85e80061036b83fced868c3783aa1310b350d9c?s=96&d=mm&r=g\",\"caption\":\"Edgar Rosas\"},\"description\":\"Editor en Jefe de Centro Urbano. Egresado de la maestr\u00eda en Periodismo Pol\u00edtico de la Escuela de Periodismo Carlos Septi\u00e9n Garc\u00eda (EPCSG). Estudi\u00f3 la licenciatura en Comunicaci\u00f3n en la Universidad Mexicana. Amante de la cr\u00f3nica y el reportaje. Admirador de Vicente Le\u00f1ero y Miguel \u00c1ngel Granados Chapa.\",\"sameAs\":[\"https:\\\/\\\/x.com\\\/https:\\\/\\\/twitter.com\\\/ERosasCU?s=09\"],\"url\":\"https:\\\/\\\/centrourbano.com\\\/revista\\\/author\\\/edgar-rosas\\\/\"}]}<\/script>\n<!-- \/ Yoast SEO plugin. -->","yoast_head_json":{"title":"Aument\u00f3 Vinte 20% su utilidad neta al cierre de spetiembre","description":"Entre enero y septiembre de 2018, la desarrolladora de vivienda Vinte increment\u00f3 20% su utilidad neta. De esta manera, al cierre del noveno mes del a\u00f1o...","robots":{"index":"index","follow":"follow","max-snippet":"max-snippet:-1","max-image-preview":"max-image-preview:large","max-video-preview":"max-video-preview:-1"},"canonical":"https:\/\/centrourbano.com\/revista\/vivienda\/aumento-vinte-20-utilidad-neta\/","og_locale":"es_ES","og_type":"article","og_title":"Aument\u00f3 Vinte 20% su utilidad neta al cierre de spetiembre","og_description":"Entre enero y septiembre de 2018, la desarrolladora de vivienda Vinte increment\u00f3 20% su utilidad neta. De esta manera, al cierre del noveno mes del a\u00f1o...","og_url":"https:\/\/centrourbano.com\/revista\/vivienda\/aumento-vinte-20-utilidad-neta\/","og_site_name":"Centro Urbano","article_publisher":"https:\/\/www.facebook.com\/portalcentrourbano","article_published_time":"2018-10-22T16:43:29+00:00","article_modified_time":"2018-10-24T16:56:34+00:00","og_image":[{"width":800,"height":564,"url":"https:\/\/centrourbano.com\/revista\/wp-content\/uploads\/Vinte-2.jpg","type":"image\/jpeg"}],"author":"Edgar Rosas","twitter_card":"summary_large_image","twitter_creator":"@https:\/\/twitter.com\/ERosasCU?s=09","twitter_site":"@CentroUrbano","twitter_misc":{"Escrito por":"Edgar Rosas","Tiempo de lectura":"2 minutos"},"schema":{"@context":"https:\/\/schema.org","@graph":[{"@type":"Article","@id":"https:\/\/centrourbano.com\/revista\/vivienda\/aumento-vinte-20-utilidad-neta\/#article","isPartOf":{"@id":"https:\/\/centrourbano.com\/revista\/vivienda\/aumento-vinte-20-utilidad-neta\/"},"author":{"name":"Edgar Rosas","@id":"https:\/\/centrourbano.com\/revista\/#\/schema\/person\/ff3c00651ce5b1630479d2cd0c2e3ac0"},"headline":"Logra Vinte aumento de 20% en utilidad neta","datePublished":"2018-10-22T16:43:29+00:00","dateModified":"2018-10-24T16:56:34+00:00","mainEntityOfPage":{"@id":"https:\/\/centrourbano.com\/revista\/vivienda\/aumento-vinte-20-utilidad-neta\/"},"wordCount":327,"commentCount":0,"publisher":{"@id":"https:\/\/centrourbano.com\/revista\/#organization"},"image":{"@id":"https:\/\/centrourbano.com\/revista\/vivienda\/aumento-vinte-20-utilidad-neta\/#primaryimage"},"thumbnailUrl":"https:\/\/centrourbano.com\/revista\/wp-content\/uploads\/Vinte-2.jpg","keywords":["BMV","Bolsa Mexiana de Valores","Reporte","resultados","Sergio Leal","Vinte","vivienda"],"articleSection":["Vivienda"],"inLanguage":"es","potentialAction":[{"@type":"CommentAction","name":"Comment","target":["https:\/\/centrourbano.com\/revista\/vivienda\/aumento-vinte-20-utilidad-neta\/#respond"]}]},{"@type":"WebPage","@id":"https:\/\/centrourbano.com\/revista\/vivienda\/aumento-vinte-20-utilidad-neta\/","url":"https:\/\/centrourbano.com\/revista\/vivienda\/aumento-vinte-20-utilidad-neta\/","name":"Aument\u00f3 Vinte 20% su utilidad neta al cierre de spetiembre","isPartOf":{"@id":"https:\/\/centrourbano.com\/revista\/#website"},"primaryImageOfPage":{"@id":"https:\/\/centrourbano.com\/revista\/vivienda\/aumento-vinte-20-utilidad-neta\/#primaryimage"},"image":{"@id":"https:\/\/centrourbano.com\/revista\/vivienda\/aumento-vinte-20-utilidad-neta\/#primaryimage"},"thumbnailUrl":"https:\/\/centrourbano.com\/revista\/wp-content\/uploads\/Vinte-2.jpg","datePublished":"2018-10-22T16:43:29+00:00","dateModified":"2018-10-24T16:56:34+00:00","description":"Entre enero y septiembre de 2018, la desarrolladora de vivienda Vinte increment\u00f3 20% su utilidad neta. De esta manera, al cierre del noveno mes del a\u00f1o...","breadcrumb":{"@id":"https:\/\/centrourbano.com\/revista\/vivienda\/aumento-vinte-20-utilidad-neta\/#breadcrumb"},"inLanguage":"es","potentialAction":[{"@type":"ReadAction","target":["https:\/\/centrourbano.com\/revista\/vivienda\/aumento-vinte-20-utilidad-neta\/"]}]},{"@type":"ImageObject","inLanguage":"es","@id":"https:\/\/centrourbano.com\/revista\/vivienda\/aumento-vinte-20-utilidad-neta\/#primaryimage","url":"https:\/\/centrourbano.com\/revista\/wp-content\/uploads\/Vinte-2.jpg","contentUrl":"https:\/\/centrourbano.com\/revista\/wp-content\/uploads\/Vinte-2.jpg","width":800,"height":564},{"@type":"BreadcrumbList","@id":"https:\/\/centrourbano.com\/revista\/vivienda\/aumento-vinte-20-utilidad-neta\/#breadcrumb","itemListElement":[{"@type":"ListItem","position":1,"name":"Portada","item":"https:\/\/centrourbano.com\/revista\/"},{"@type":"ListItem","position":2,"name":"Logra Vinte aumento de 20% en utilidad neta"}]},{"@type":"WebSite","@id":"https:\/\/centrourbano.com\/revista\/#website","url":"https:\/\/centrourbano.com\/revista\/","name":"Centro Urbano","description":"Medio especializado en los sectores vivienda, inmobiliario, construcci\u00f3n, arquitectura y urbanismo.","publisher":{"@id":"https:\/\/centrourbano.com\/revista\/#organization"},"potentialAction":[{"@type":"SearchAction","target":{"@type":"EntryPoint","urlTemplate":"https:\/\/centrourbano.com\/revista\/?s={search_term_string}"},"query-input":{"@type":"PropertyValueSpecification","valueRequired":true,"valueName":"search_term_string"}}],"inLanguage":"es"},{"@type":"Organization","@id":"https:\/\/centrourbano.com\/revista\/#organization","name":"Centro Urbano","url":"https:\/\/centrourbano.com\/revista\/","logo":{"@type":"ImageObject","inLanguage":"es","@id":"https:\/\/centrourbano.com\/revista\/#\/schema\/logo\/image\/","url":"https:\/\/centrourbano.com\/revista\/wp-content\/uploads\/web_CU_logo-1.png","contentUrl":"https:\/\/centrourbano.com\/revista\/wp-content\/uploads\/web_CU_logo-1.png","width":350,"height":91,"caption":"Centro Urbano"},"image":{"@id":"https:\/\/centrourbano.com\/revista\/#\/schema\/logo\/image\/"},"sameAs":["https:\/\/www.facebook.com\/portalcentrourbano","https:\/\/x.com\/CentroUrbano","https:\/\/www.instagram.com\/centro_urbano\/","https:\/\/www.linkedin.com\/company\/centro-urbano\/","http:\/\/www.youtube.com\/user\/portalcentrourbano"]},{"@type":"Person","@id":"https:\/\/centrourbano.com\/revista\/#\/schema\/person\/ff3c00651ce5b1630479d2cd0c2e3ac0","name":"Edgar Rosas","image":{"@type":"ImageObject","inLanguage":"es","@id":"https:\/\/secure.gravatar.com\/avatar\/94440c4283495211faa5300bf85e80061036b83fced868c3783aa1310b350d9c?s=96&d=mm&r=g","url":"https:\/\/secure.gravatar.com\/avatar\/94440c4283495211faa5300bf85e80061036b83fced868c3783aa1310b350d9c?s=96&d=mm&r=g","contentUrl":"https:\/\/secure.gravatar.com\/avatar\/94440c4283495211faa5300bf85e80061036b83fced868c3783aa1310b350d9c?s=96&d=mm&r=g","caption":"Edgar Rosas"},"description":"Editor en Jefe de Centro Urbano. Egresado de la maestr\u00eda en Periodismo Pol\u00edtico de la Escuela de Periodismo Carlos Septi\u00e9n Garc\u00eda (EPCSG). Estudi\u00f3 la licenciatura en Comunicaci\u00f3n en la Universidad Mexicana. Amante de la cr\u00f3nica y el reportaje. Admirador de Vicente Le\u00f1ero y Miguel \u00c1ngel Granados Chapa.","sameAs":["https:\/\/x.com\/https:\/\/twitter.com\/ERosasCU?s=09"],"url":"https:\/\/centrourbano.com\/revista\/author\/edgar-rosas\/"}]}},"_links":{"self":[{"href":"https:\/\/centrourbano.com\/revista\/wp-json\/wp\/v2\/posts\/80268","targetHints":{"allow":["GET"]}}],"collection":[{"href":"https:\/\/centrourbano.com\/revista\/wp-json\/wp\/v2\/posts"}],"about":[{"href":"https:\/\/centrourbano.com\/revista\/wp-json\/wp\/v2\/types\/post"}],"author":[{"embeddable":true,"href":"https:\/\/centrourbano.com\/revista\/wp-json\/wp\/v2\/users\/47"}],"replies":[{"embeddable":true,"href":"https:\/\/centrourbano.com\/revista\/wp-json\/wp\/v2\/comments?post=80268"}],"version-history":[{"count":5,"href":"https:\/\/centrourbano.com\/revista\/wp-json\/wp\/v2\/posts\/80268\/revisions"}],"predecessor-version":[{"id":80432,"href":"https:\/\/centrourbano.com\/revista\/wp-json\/wp\/v2\/posts\/80268\/revisions\/80432"}],"wp:featuredmedia":[{"embeddable":true,"href":"https:\/\/centrourbano.com\/revista\/wp-json\/wp\/v2\/media\/57331"}],"wp:attachment":[{"href":"https:\/\/centrourbano.com\/revista\/wp-json\/wp\/v2\/media?parent=80268"}],"wp:term":[{"taxonomy":"category","embeddable":true,"href":"https:\/\/centrourbano.com\/revista\/wp-json\/wp\/v2\/categories?post=80268"},{"taxonomy":"post_tag","embeddable":true,"href":"https:\/\/centrourbano.com\/revista\/wp-json\/wp\/v2\/tags?post=80268"}],"curies":[{"name":"wp","href":"https:\/\/api.w.org\/{rel}","templated":true}]}}