{"id":80246,"date":"2018-10-22T10:09:59","date_gmt":"2018-10-22T15:09:59","guid":{"rendered":"https:\/\/centrourbano.com\/?p=80246"},"modified":"2018-10-22T10:09:59","modified_gmt":"2018-10-22T15:09:59","slug":"thor-urbana-esta-imparable","status":"publish","type":"post","link":"https:\/\/centrourbano.com\/revista\/opinion\/thor-urbana-esta-imparable\/","title":{"rendered":"Thor Urbana est\u00e1 imparable"},"content":{"rendered":"<p>&nbsp;<\/p>\n<p>No hab\u00eda que pensarle mucho para cabecear una nota que hable de <strong>Thor Urbana<\/strong>, que con muy pocos a\u00f1os en el mercado, ha marcado pautas en vol\u00famenes de inversi\u00f3n y metros cuadrados desarrollados, calidad de sus proyectos e innovaci\u00f3n&#8230;<!--more--><\/p>\n<p>Innovaci\u00f3n que tiene que ver con la materializaci\u00f3n de cada uno de sus desarrollos, pero tambi\u00e9n con los modelos financieros que les han permitido atraer y mantener el inter\u00e9s de los inversionistas.<\/p>\n<p>La firma que dirigen <strong>Jaime Fasja<\/strong> y <strong>Jimmy Arkanji<\/strong> vuelve a dar nota al inaugurar su nuevo <em>lifestyle retail center<\/em>, <strong>The Harbor M\u00e9rida<\/strong>; un desarrollo que solo en su primera fase consta de m\u00e1s de 128,000 metros cuadrados de construcci\u00f3n, 50,000 de los cuales son rentables, que represent\u00f3 inversiones por 2,000 millones de pesos, y gener\u00f3 m\u00e1s de 3,000 empleos directos a lo largo de los 28 meses que dur\u00f3 la obra.<\/p>\n<p>El proyecto habr\u00e1 de generar miles de empleos ya en su operaci\u00f3n, al tener apenas en su primera etapa, m\u00e1s de 120 locales comerciales, que incluyen a las marcas l\u00edderes a nivel nacional en el mercado del <em>retail<\/em>.<\/p>\n<div id=\"attachment_80175\" style=\"width: 709px\" class=\"wp-caption aligncenter\"><a href=\"https:\/\/centrourbano.com\/revista\/wp-content\/uploads\/The-Harbor-005-1-1.jpg\"><img loading=\"lazy\" decoding=\"async\" aria-describedby=\"caption-attachment-80175\" class=\"size-full wp-image-80175\" src=\"https:\/\/centrourbano.com\/revista\/wp-content\/uploads\/The-Harbor-005-1-1.jpg\" alt=\"Thor Urbana abre las puertas de The Harbor M\u00e9rida\" width=\"699\" height=\"466\" srcset=\"https:\/\/centrourbano.com\/revista\/wp-content\/uploads\/The-Harbor-005-1-1.jpg 699w, https:\/\/centrourbano.com\/revista\/wp-content\/uploads\/The-Harbor-005-1-1-300x200.jpg 300w\" sizes=\"auto, (max-width: 699px) 100vw, 699px\" \/><\/a><p id=\"caption-attachment-80175\" class=\"wp-caption-text\">El proyecto inmobiliario cuenta con m\u00e1s de 50,000 m\u00b2 de \u00e1rea rentable en su primera fase<\/p><\/div>\n<p>En esta, una m\u00e1s de las incursiones realizadas por Thor Urbana en la pen\u00ednsula de Yucat\u00e1n, trabajaron en alianza con <strong>GFA Grupo Inmobiliario<\/strong>, que figura tambi\u00e9n entre las firmas m\u00e1s s\u00f3lidas de esta industria.<\/p>\n<p>Y solo para que quede claro que no me la jal\u00e9 con eso de que estos amigos de Thor Urbana vienen imparables, les platico que esta semana inaugurar\u00e1n oooootro centro comercial; esta vez en Metepec, Estado de M\u00e9xico.<\/p>\n<p>&nbsp;<\/p>\n<p><strong>UPS&#8230; ELEVA CONEVAL REZAGO HABITACIONAL<\/strong><\/p>\n<p>Pues qu\u00e9 caray&#8230; Despu\u00e9s de que las cifras oficiales llevan a\u00f1os ubicando el rezago habitacional en 9 millones de unidades, publica el Coneval (Consejo Nacional de Evaluaci\u00f3n de la Pol\u00edtica de Desarrollo Social) un estudio que da otra versi\u00f3n de los hechos, ubicando el rezago en 14 millones de viviendas.<\/p>\n<p>En su Estudio Diagn\u00f3stico del Derecho a la Vivienda Digna y Decorosa (por cierto, qu\u00e9 nombre tan sangr\u00f3n), analiza el Coneval 55 indicadores clasificados en tres dimensiones: disponibilidad, accesibilidad y calidad.<\/p>\n<p>En cuanto a Accesibilidad, detalla el documento que 45% del parque habitacional del pa\u00eds requiere nueva edificaci\u00f3n o mejoras sustanciales, y que en los segmentos de menores ingresos este indicador se eleva a 58 por ciento.<\/p>\n<p>En lo que respecta a Disponibilidad, se\u00f1ala que 19.3% de la poblaci\u00f3n enfrenta carencias en cuanto a servicios b\u00e1sicos, en tanto que en lo que se refiere a Calidad, 8.4% de las viviendas presentan hacinamiento, en tanto que solo 50% de la poblaci\u00f3n dice estar satisfecha con su vivienda.<\/p>\n<p>Concluye el estudio sintetizando los retos en cinco l\u00edneas de atenci\u00f3n:<\/p>\n<p>1.-Atender a los segmentos de menores ingresos, porque 50.6% de la poblaci\u00f3n se ubica por debajo de la l\u00ednea de <strong>pobreza<\/strong>.<\/p>\n<p>2.-Dar prioridad a las <strong>Comunidades ind\u00edgenas<\/strong> por ser las que presentan mayores \u00edndices de precariedad, sobre todo en lo que se refiere a condiciones f\u00edsicas de la vivienda.<\/p>\n<p>3.-Extender la cobertura de los programas de vivienda a las\u00a0<strong>zonas rurales<\/strong>, por detectar que es ah\u00ed donde se encuentran las mayores \u00e1reas de oportunidad en todos los rubros evaluados.<\/p>\n<p>4.-Concentrar esfuerzos en\u00a0<strong>Chiapas<\/strong>,\u00a0<strong>Oaxaca\u00a0<\/strong>y\u00a0<strong>Guerrero<\/strong>, entidades que registran los mayores retos en temas como hacinamiento, calidad en materiales y nivel de acceso a servicios b\u00e1sicos.<\/p>\n<p>5.-Consolidar <strong>Zonas Metropolitanas<\/strong>, en las que el Coneval identifica como punto de atenci\u00f3n el acceso a servicios en las zonas perif\u00e9ricas, as\u00ed como la percepci\u00f3n de inseguridad.<\/p>\n<p>Profundiza el Coneval en el an\u00e1lisis de los retos cualitativos del rezago&#8230; Y vuelve a sacar trapitos sucios que a veces se van quedando regados&#8230; Llegar\u00e1 el tiempo de levantarlos&#8230;<\/p>\n<p>&nbsp;<\/p>\n","protected":false},"excerpt":{"rendered":"<p>&nbsp; No hab\u00eda que pensarle mucho para cabecear una nota que hable de Thor Urbana, que con muy pocos a\u00f1os en el mercado, ha marcado pautas en vol\u00famenes de inversi\u00f3n y metros cuadrados desarrollados, calidad de sus proyectos e innovaci\u00f3n&#8230;<\/p>\n","protected":false},"author":13,"featured_media":66099,"comment_status":"open","ping_status":"closed","sticky":false,"template":"","format":"standard","meta":{"om_disable_all_campaigns":false,"inline_featured_image":false,"_monsterinsights_skip_tracking":false,"_monsterinsights_sitenote_active":false,"_monsterinsights_sitenote_note":"","_monsterinsights_sitenote_category":0,"footnotes":""},"categories":[241,5],"tags":[2975,12285,8219,709,4393,3247,60],"class_list":["post-80246","post","type-post","status-publish","format-standard","has-post-thumbnail","hentry","category-blog-desde-la-casa","category-opinion","tag-coneval","tag-gfa-grupo-inmobiliario","tag-pobreza","tag-rezago-habitacional","tag-the-harbor-merida","tag-thor-urbana","tag-vivienda-2"],"yoast_head":"<!-- This site is optimized with the Yoast SEO plugin v27.4 - https:\/\/yoast.com\/product\/yoast-seo-wordpress\/ -->\n<title>Thor Urbana est\u00e1 imparable<\/title>\n<meta name=\"description\" content=\"No hab\u00eda que pensarle mucho para cabecear una nota que hable de Thor Urbana, que con muy pocos a\u00f1os en el mercado, ha marcado pautas en vol\u00famenes de inversi\u00f3n y metros cuadrados desarrollados, calidad de sus proyectos e innovaci\u00f3n...\" \/>\n<meta name=\"robots\" content=\"index, follow, max-snippet:-1, max-image-preview:large, max-video-preview:-1\" \/>\n<link rel=\"canonical\" href=\"https:\/\/centrourbano.com\/revista\/opinion\/thor-urbana-esta-imparable\/\" \/>\n<meta property=\"og:locale\" content=\"es_ES\" \/>\n<meta property=\"og:type\" content=\"article\" \/>\n<meta property=\"og:title\" content=\"Thor Urbana est\u00e1 imparable\" \/>\n<meta property=\"og:description\" content=\"No hab\u00eda que pensarle mucho para cabecear una nota que hable de Thor Urbana, que con muy pocos a\u00f1os en el mercado, ha marcado pautas en vol\u00famenes de inversi\u00f3n y metros cuadrados desarrollados, calidad de sus proyectos e innovaci\u00f3n...\" \/>\n<meta property=\"og:url\" content=\"https:\/\/centrourbano.com\/revista\/opinion\/thor-urbana-esta-imparable\/\" \/>\n<meta property=\"og:site_name\" content=\"Centro Urbano\" \/>\n<meta property=\"article:publisher\" content=\"https:\/\/www.facebook.com\/portalcentrourbano\" \/>\n<meta property=\"article:author\" content=\"https:\/\/www.facebook.com\/urbano.horacio\/\" \/>\n<meta property=\"article:published_time\" content=\"2018-10-22T15:09:59+00:00\" \/>\n<meta property=\"og:image\" content=\"https:\/\/centrourbano.com\/revista\/wp-content\/uploads\/Horacio-1.jpg\" \/>\n\t<meta property=\"og:image:width\" content=\"471\" \/>\n\t<meta property=\"og:image:height\" content=\"325\" \/>\n\t<meta property=\"og:image:type\" content=\"image\/jpeg\" \/>\n<meta name=\"author\" content=\"Horacio Urbano\" \/>\n<meta name=\"twitter:card\" content=\"summary_large_image\" \/>\n<meta name=\"twitter:creator\" content=\"@https:\/\/twitter.com\/horacio_urbano\" \/>\n<meta name=\"twitter:site\" content=\"@CentroUrbano\" \/>\n<meta name=\"twitter:label1\" content=\"Escrito por\" \/>\n\t<meta name=\"twitter:data1\" content=\"Horacio Urbano\" \/>\n\t<meta name=\"twitter:label2\" content=\"Tiempo de lectura\" \/>\n\t<meta name=\"twitter:data2\" content=\"3 minutos\" \/>\n<script type=\"application\/ld+json\" class=\"yoast-schema-graph\">{\"@context\":\"https:\\\/\\\/schema.org\",\"@graph\":[{\"@type\":\"Article\",\"@id\":\"https:\\\/\\\/centrourbano.com\\\/revista\\\/opinion\\\/thor-urbana-esta-imparable\\\/#article\",\"isPartOf\":{\"@id\":\"https:\\\/\\\/centrourbano.com\\\/revista\\\/opinion\\\/thor-urbana-esta-imparable\\\/\"},\"author\":{\"name\":\"Horacio Urbano\",\"@id\":\"https:\\\/\\\/centrourbano.com\\\/revista\\\/#\\\/schema\\\/person\\\/69755154fe97eeebe4fe9394cb318d28\"},\"headline\":\"Thor Urbana est\u00e1 imparable\",\"datePublished\":\"2018-10-22T15:09:59+00:00\",\"mainEntityOfPage\":{\"@id\":\"https:\\\/\\\/centrourbano.com\\\/revista\\\/opinion\\\/thor-urbana-esta-imparable\\\/\"},\"wordCount\":661,\"commentCount\":0,\"publisher\":{\"@id\":\"https:\\\/\\\/centrourbano.com\\\/revista\\\/#organization\"},\"image\":{\"@id\":\"https:\\\/\\\/centrourbano.com\\\/revista\\\/opinion\\\/thor-urbana-esta-imparable\\\/#primaryimage\"},\"thumbnailUrl\":\"https:\\\/\\\/centrourbano.com\\\/revista\\\/wp-content\\\/uploads\\\/Horacio-1.jpg\",\"keywords\":[\"Coneval\",\"GFa Grupo Inmobiliario\",\"pobreza\",\"Rezago habitacional\",\"The Harbor M\u00e9rida\",\"Thor Urbana\",\"vivienda\"],\"articleSection\":[\"Desde la Casa\",\"Opini\u00f3n\"],\"inLanguage\":\"es\",\"potentialAction\":[{\"@type\":\"CommentAction\",\"name\":\"Comment\",\"target\":[\"https:\\\/\\\/centrourbano.com\\\/revista\\\/opinion\\\/thor-urbana-esta-imparable\\\/#respond\"]}]},{\"@type\":\"WebPage\",\"@id\":\"https:\\\/\\\/centrourbano.com\\\/revista\\\/opinion\\\/thor-urbana-esta-imparable\\\/\",\"url\":\"https:\\\/\\\/centrourbano.com\\\/revista\\\/opinion\\\/thor-urbana-esta-imparable\\\/\",\"name\":\"Thor Urbana est\u00e1 imparable\",\"isPartOf\":{\"@id\":\"https:\\\/\\\/centrourbano.com\\\/revista\\\/#website\"},\"primaryImageOfPage\":{\"@id\":\"https:\\\/\\\/centrourbano.com\\\/revista\\\/opinion\\\/thor-urbana-esta-imparable\\\/#primaryimage\"},\"image\":{\"@id\":\"https:\\\/\\\/centrourbano.com\\\/revista\\\/opinion\\\/thor-urbana-esta-imparable\\\/#primaryimage\"},\"thumbnailUrl\":\"https:\\\/\\\/centrourbano.com\\\/revista\\\/wp-content\\\/uploads\\\/Horacio-1.jpg\",\"datePublished\":\"2018-10-22T15:09:59+00:00\",\"description\":\"No hab\u00eda que pensarle mucho para cabecear una nota que hable de Thor Urbana, que con muy pocos a\u00f1os en el mercado, ha marcado pautas en vol\u00famenes de inversi\u00f3n y metros cuadrados desarrollados, calidad de sus proyectos e innovaci\u00f3n...\",\"breadcrumb\":{\"@id\":\"https:\\\/\\\/centrourbano.com\\\/revista\\\/opinion\\\/thor-urbana-esta-imparable\\\/#breadcrumb\"},\"inLanguage\":\"es\",\"potentialAction\":[{\"@type\":\"ReadAction\",\"target\":[\"https:\\\/\\\/centrourbano.com\\\/revista\\\/opinion\\\/thor-urbana-esta-imparable\\\/\"]}]},{\"@type\":\"ImageObject\",\"inLanguage\":\"es\",\"@id\":\"https:\\\/\\\/centrourbano.com\\\/revista\\\/opinion\\\/thor-urbana-esta-imparable\\\/#primaryimage\",\"url\":\"https:\\\/\\\/centrourbano.com\\\/revista\\\/wp-content\\\/uploads\\\/Horacio-1.jpg\",\"contentUrl\":\"https:\\\/\\\/centrourbano.com\\\/revista\\\/wp-content\\\/uploads\\\/Horacio-1.jpg\",\"width\":471,\"height\":325,\"caption\":\"Eruviel \u00c1vila no fue un gobernador particularmente interesado en cosas que tuvieran que ver con vivienda y desarrollo urbano.\"},{\"@type\":\"BreadcrumbList\",\"@id\":\"https:\\\/\\\/centrourbano.com\\\/revista\\\/opinion\\\/thor-urbana-esta-imparable\\\/#breadcrumb\",\"itemListElement\":[{\"@type\":\"ListItem\",\"position\":1,\"name\":\"Portada\",\"item\":\"https:\\\/\\\/centrourbano.com\\\/revista\\\/\"},{\"@type\":\"ListItem\",\"position\":2,\"name\":\"Thor Urbana est\u00e1 imparable\"}]},{\"@type\":\"WebSite\",\"@id\":\"https:\\\/\\\/centrourbano.com\\\/revista\\\/#website\",\"url\":\"https:\\\/\\\/centrourbano.com\\\/revista\\\/\",\"name\":\"Centro Urbano\",\"description\":\"Medio especializado en los sectores vivienda, inmobiliario, construcci\u00f3n, arquitectura y urbanismo.\",\"publisher\":{\"@id\":\"https:\\\/\\\/centrourbano.com\\\/revista\\\/#organization\"},\"potentialAction\":[{\"@type\":\"SearchAction\",\"target\":{\"@type\":\"EntryPoint\",\"urlTemplate\":\"https:\\\/\\\/centrourbano.com\\\/revista\\\/?s={search_term_string}\"},\"query-input\":{\"@type\":\"PropertyValueSpecification\",\"valueRequired\":true,\"valueName\":\"search_term_string\"}}],\"inLanguage\":\"es\"},{\"@type\":\"Organization\",\"@id\":\"https:\\\/\\\/centrourbano.com\\\/revista\\\/#organization\",\"name\":\"Centro Urbano\",\"url\":\"https:\\\/\\\/centrourbano.com\\\/revista\\\/\",\"logo\":{\"@type\":\"ImageObject\",\"inLanguage\":\"es\",\"@id\":\"https:\\\/\\\/centrourbano.com\\\/revista\\\/#\\\/schema\\\/logo\\\/image\\\/\",\"url\":\"https:\\\/\\\/centrourbano.com\\\/revista\\\/wp-content\\\/uploads\\\/web_CU_logo-1.png\",\"contentUrl\":\"https:\\\/\\\/centrourbano.com\\\/revista\\\/wp-content\\\/uploads\\\/web_CU_logo-1.png\",\"width\":350,\"height\":91,\"caption\":\"Centro Urbano\"},\"image\":{\"@id\":\"https:\\\/\\\/centrourbano.com\\\/revista\\\/#\\\/schema\\\/logo\\\/image\\\/\"},\"sameAs\":[\"https:\\\/\\\/www.facebook.com\\\/portalcentrourbano\",\"https:\\\/\\\/x.com\\\/CentroUrbano\",\"https:\\\/\\\/www.instagram.com\\\/centro_urbano\\\/\",\"https:\\\/\\\/www.linkedin.com\\\/company\\\/centro-urbano\\\/\",\"http:\\\/\\\/www.youtube.com\\\/user\\\/portalcentrourbano\"]},{\"@type\":\"Person\",\"@id\":\"https:\\\/\\\/centrourbano.com\\\/revista\\\/#\\\/schema\\\/person\\\/69755154fe97eeebe4fe9394cb318d28\",\"name\":\"Horacio Urbano\",\"image\":{\"@type\":\"ImageObject\",\"inLanguage\":\"es\",\"@id\":\"https:\\\/\\\/secure.gravatar.com\\\/avatar\\\/bf4232bac122249113b7bcc4636a8d0432b9fa8bcce4243f1ed6c1ecb8fe915f?s=96&d=mm&r=g\",\"url\":\"https:\\\/\\\/secure.gravatar.com\\\/avatar\\\/bf4232bac122249113b7bcc4636a8d0432b9fa8bcce4243f1ed6c1ecb8fe915f?s=96&d=mm&r=g\",\"contentUrl\":\"https:\\\/\\\/secure.gravatar.com\\\/avatar\\\/bf4232bac122249113b7bcc4636a8d0432b9fa8bcce4243f1ed6c1ecb8fe915f?s=96&d=mm&r=g\",\"caption\":\"Horacio Urbano\"},\"description\":\"Horacio Urbano es arquitecto. Su experiencia profesional se ha desarrollado en los diferentes \u00e1mbitos que definen la industria de la vivienda. En 1999 inici\u00f3 un proyecto editorial dirigido a los sectores inmobiliario y construcci\u00f3n que a lo largo de los a\u00f1os se ha convertido en una poderosa plataforma multimedios y en una verdadera referencia para esta industria. Fundador, junto con la tambi\u00e9n arquitecta Roxana Fabris, de Grupo Centro Urbano, firma que impulsa y desarrolla una serie de esfuerzos de comunicaci\u00f3n relacionados con estos sectores. Como parte de su trabajo en M\u00e9xico y el extranjero, ha escrito o participado en una serie de libros especializados, es colaborador de diferentes medios impresos y electr\u00f3nicos, es activo conferencista y bajo diferentes modelos colabora tambi\u00e9n con diversas empresas e instituciones p\u00fablicas y privadas del sector.\",\"sameAs\":[\"http:\\\/\\\/horaciourbano.com\\\/home\\\/\",\"https:\\\/\\\/www.facebook.com\\\/urbano.horacio\\\/\",\"https:\\\/\\\/x.com\\\/https:\\\/\\\/twitter.com\\\/horacio_urbano\"],\"url\":\"https:\\\/\\\/centrourbano.com\\\/revista\\\/author\\\/horacio-urbano\\\/\"}]}<\/script>\n<!-- \/ Yoast SEO plugin. -->","yoast_head_json":{"title":"Thor Urbana est\u00e1 imparable","description":"No hab\u00eda que pensarle mucho para cabecear una nota que hable de Thor Urbana, que con muy pocos a\u00f1os en el mercado, ha marcado pautas en vol\u00famenes de inversi\u00f3n y metros cuadrados desarrollados, calidad de sus proyectos e innovaci\u00f3n...","robots":{"index":"index","follow":"follow","max-snippet":"max-snippet:-1","max-image-preview":"max-image-preview:large","max-video-preview":"max-video-preview:-1"},"canonical":"https:\/\/centrourbano.com\/revista\/opinion\/thor-urbana-esta-imparable\/","og_locale":"es_ES","og_type":"article","og_title":"Thor Urbana est\u00e1 imparable","og_description":"No hab\u00eda que pensarle mucho para cabecear una nota que hable de Thor Urbana, que con muy pocos a\u00f1os en el mercado, ha marcado pautas en vol\u00famenes de inversi\u00f3n y metros cuadrados desarrollados, calidad de sus proyectos e innovaci\u00f3n...","og_url":"https:\/\/centrourbano.com\/revista\/opinion\/thor-urbana-esta-imparable\/","og_site_name":"Centro Urbano","article_publisher":"https:\/\/www.facebook.com\/portalcentrourbano","article_author":"https:\/\/www.facebook.com\/urbano.horacio\/","article_published_time":"2018-10-22T15:09:59+00:00","og_image":[{"width":471,"height":325,"url":"https:\/\/centrourbano.com\/revista\/wp-content\/uploads\/Horacio-1.jpg","type":"image\/jpeg"}],"author":"Horacio Urbano","twitter_card":"summary_large_image","twitter_creator":"@https:\/\/twitter.com\/horacio_urbano","twitter_site":"@CentroUrbano","twitter_misc":{"Escrito por":"Horacio Urbano","Tiempo de lectura":"3 minutos"},"schema":{"@context":"https:\/\/schema.org","@graph":[{"@type":"Article","@id":"https:\/\/centrourbano.com\/revista\/opinion\/thor-urbana-esta-imparable\/#article","isPartOf":{"@id":"https:\/\/centrourbano.com\/revista\/opinion\/thor-urbana-esta-imparable\/"},"author":{"name":"Horacio Urbano","@id":"https:\/\/centrourbano.com\/revista\/#\/schema\/person\/69755154fe97eeebe4fe9394cb318d28"},"headline":"Thor Urbana est\u00e1 imparable","datePublished":"2018-10-22T15:09:59+00:00","mainEntityOfPage":{"@id":"https:\/\/centrourbano.com\/revista\/opinion\/thor-urbana-esta-imparable\/"},"wordCount":661,"commentCount":0,"publisher":{"@id":"https:\/\/centrourbano.com\/revista\/#organization"},"image":{"@id":"https:\/\/centrourbano.com\/revista\/opinion\/thor-urbana-esta-imparable\/#primaryimage"},"thumbnailUrl":"https:\/\/centrourbano.com\/revista\/wp-content\/uploads\/Horacio-1.jpg","keywords":["Coneval","GFa Grupo Inmobiliario","pobreza","Rezago habitacional","The Harbor M\u00e9rida","Thor Urbana","vivienda"],"articleSection":["Desde la Casa","Opini\u00f3n"],"inLanguage":"es","potentialAction":[{"@type":"CommentAction","name":"Comment","target":["https:\/\/centrourbano.com\/revista\/opinion\/thor-urbana-esta-imparable\/#respond"]}]},{"@type":"WebPage","@id":"https:\/\/centrourbano.com\/revista\/opinion\/thor-urbana-esta-imparable\/","url":"https:\/\/centrourbano.com\/revista\/opinion\/thor-urbana-esta-imparable\/","name":"Thor Urbana est\u00e1 imparable","isPartOf":{"@id":"https:\/\/centrourbano.com\/revista\/#website"},"primaryImageOfPage":{"@id":"https:\/\/centrourbano.com\/revista\/opinion\/thor-urbana-esta-imparable\/#primaryimage"},"image":{"@id":"https:\/\/centrourbano.com\/revista\/opinion\/thor-urbana-esta-imparable\/#primaryimage"},"thumbnailUrl":"https:\/\/centrourbano.com\/revista\/wp-content\/uploads\/Horacio-1.jpg","datePublished":"2018-10-22T15:09:59+00:00","description":"No hab\u00eda que pensarle mucho para cabecear una nota que hable de Thor Urbana, que con muy pocos a\u00f1os en el mercado, ha marcado pautas en vol\u00famenes de inversi\u00f3n y metros cuadrados desarrollados, calidad de sus proyectos e innovaci\u00f3n...","breadcrumb":{"@id":"https:\/\/centrourbano.com\/revista\/opinion\/thor-urbana-esta-imparable\/#breadcrumb"},"inLanguage":"es","potentialAction":[{"@type":"ReadAction","target":["https:\/\/centrourbano.com\/revista\/opinion\/thor-urbana-esta-imparable\/"]}]},{"@type":"ImageObject","inLanguage":"es","@id":"https:\/\/centrourbano.com\/revista\/opinion\/thor-urbana-esta-imparable\/#primaryimage","url":"https:\/\/centrourbano.com\/revista\/wp-content\/uploads\/Horacio-1.jpg","contentUrl":"https:\/\/centrourbano.com\/revista\/wp-content\/uploads\/Horacio-1.jpg","width":471,"height":325,"caption":"Eruviel \u00c1vila no fue un gobernador particularmente interesado en cosas que tuvieran que ver con vivienda y desarrollo urbano."},{"@type":"BreadcrumbList","@id":"https:\/\/centrourbano.com\/revista\/opinion\/thor-urbana-esta-imparable\/#breadcrumb","itemListElement":[{"@type":"ListItem","position":1,"name":"Portada","item":"https:\/\/centrourbano.com\/revista\/"},{"@type":"ListItem","position":2,"name":"Thor Urbana est\u00e1 imparable"}]},{"@type":"WebSite","@id":"https:\/\/centrourbano.com\/revista\/#website","url":"https:\/\/centrourbano.com\/revista\/","name":"Centro Urbano","description":"Medio especializado en los sectores vivienda, inmobiliario, construcci\u00f3n, arquitectura y urbanismo.","publisher":{"@id":"https:\/\/centrourbano.com\/revista\/#organization"},"potentialAction":[{"@type":"SearchAction","target":{"@type":"EntryPoint","urlTemplate":"https:\/\/centrourbano.com\/revista\/?s={search_term_string}"},"query-input":{"@type":"PropertyValueSpecification","valueRequired":true,"valueName":"search_term_string"}}],"inLanguage":"es"},{"@type":"Organization","@id":"https:\/\/centrourbano.com\/revista\/#organization","name":"Centro Urbano","url":"https:\/\/centrourbano.com\/revista\/","logo":{"@type":"ImageObject","inLanguage":"es","@id":"https:\/\/centrourbano.com\/revista\/#\/schema\/logo\/image\/","url":"https:\/\/centrourbano.com\/revista\/wp-content\/uploads\/web_CU_logo-1.png","contentUrl":"https:\/\/centrourbano.com\/revista\/wp-content\/uploads\/web_CU_logo-1.png","width":350,"height":91,"caption":"Centro Urbano"},"image":{"@id":"https:\/\/centrourbano.com\/revista\/#\/schema\/logo\/image\/"},"sameAs":["https:\/\/www.facebook.com\/portalcentrourbano","https:\/\/x.com\/CentroUrbano","https:\/\/www.instagram.com\/centro_urbano\/","https:\/\/www.linkedin.com\/company\/centro-urbano\/","http:\/\/www.youtube.com\/user\/portalcentrourbano"]},{"@type":"Person","@id":"https:\/\/centrourbano.com\/revista\/#\/schema\/person\/69755154fe97eeebe4fe9394cb318d28","name":"Horacio Urbano","image":{"@type":"ImageObject","inLanguage":"es","@id":"https:\/\/secure.gravatar.com\/avatar\/bf4232bac122249113b7bcc4636a8d0432b9fa8bcce4243f1ed6c1ecb8fe915f?s=96&d=mm&r=g","url":"https:\/\/secure.gravatar.com\/avatar\/bf4232bac122249113b7bcc4636a8d0432b9fa8bcce4243f1ed6c1ecb8fe915f?s=96&d=mm&r=g","contentUrl":"https:\/\/secure.gravatar.com\/avatar\/bf4232bac122249113b7bcc4636a8d0432b9fa8bcce4243f1ed6c1ecb8fe915f?s=96&d=mm&r=g","caption":"Horacio Urbano"},"description":"Horacio Urbano es arquitecto. Su experiencia profesional se ha desarrollado en los diferentes \u00e1mbitos que definen la industria de la vivienda. En 1999 inici\u00f3 un proyecto editorial dirigido a los sectores inmobiliario y construcci\u00f3n que a lo largo de los a\u00f1os se ha convertido en una poderosa plataforma multimedios y en una verdadera referencia para esta industria. Fundador, junto con la tambi\u00e9n arquitecta Roxana Fabris, de Grupo Centro Urbano, firma que impulsa y desarrolla una serie de esfuerzos de comunicaci\u00f3n relacionados con estos sectores. Como parte de su trabajo en M\u00e9xico y el extranjero, ha escrito o participado en una serie de libros especializados, es colaborador de diferentes medios impresos y electr\u00f3nicos, es activo conferencista y bajo diferentes modelos colabora tambi\u00e9n con diversas empresas e instituciones p\u00fablicas y privadas del sector.","sameAs":["http:\/\/horaciourbano.com\/home\/","https:\/\/www.facebook.com\/urbano.horacio\/","https:\/\/x.com\/https:\/\/twitter.com\/horacio_urbano"],"url":"https:\/\/centrourbano.com\/revista\/author\/horacio-urbano\/"}]}},"_links":{"self":[{"href":"https:\/\/centrourbano.com\/revista\/wp-json\/wp\/v2\/posts\/80246","targetHints":{"allow":["GET"]}}],"collection":[{"href":"https:\/\/centrourbano.com\/revista\/wp-json\/wp\/v2\/posts"}],"about":[{"href":"https:\/\/centrourbano.com\/revista\/wp-json\/wp\/v2\/types\/post"}],"author":[{"embeddable":true,"href":"https:\/\/centrourbano.com\/revista\/wp-json\/wp\/v2\/users\/13"}],"replies":[{"embeddable":true,"href":"https:\/\/centrourbano.com\/revista\/wp-json\/wp\/v2\/comments?post=80246"}],"version-history":[{"count":1,"href":"https:\/\/centrourbano.com\/revista\/wp-json\/wp\/v2\/posts\/80246\/revisions"}],"predecessor-version":[{"id":80249,"href":"https:\/\/centrourbano.com\/revista\/wp-json\/wp\/v2\/posts\/80246\/revisions\/80249"}],"wp:featuredmedia":[{"embeddable":true,"href":"https:\/\/centrourbano.com\/revista\/wp-json\/wp\/v2\/media\/66099"}],"wp:attachment":[{"href":"https:\/\/centrourbano.com\/revista\/wp-json\/wp\/v2\/media?parent=80246"}],"wp:term":[{"taxonomy":"category","embeddable":true,"href":"https:\/\/centrourbano.com\/revista\/wp-json\/wp\/v2\/categories?post=80246"},{"taxonomy":"post_tag","embeddable":true,"href":"https:\/\/centrourbano.com\/revista\/wp-json\/wp\/v2\/tags?post=80246"}],"curies":[{"name":"wp","href":"https:\/\/api.w.org\/{rel}","templated":true}]}}