{"id":80194,"date":"2018-10-19T16:58:15","date_gmt":"2018-10-19T21:58:15","guid":{"rendered":"https:\/\/centrourbano.com\/?p=80194"},"modified":"2018-10-19T16:58:15","modified_gmt":"2018-10-19T21:58:15","slug":"estado-de-mexico-fortalecera-su-sistema-de-movilidad","status":"publish","type":"post","link":"https:\/\/centrourbano.com\/revista\/urbanismo\/estado-de-mexico-fortalecera-su-sistema-de-movilidad\/","title":{"rendered":"Estado de M\u00e9xico fortalecer\u00e1 su sistema de movilidad"},"content":{"rendered":"<p><em>Se construir\u00e1n sistemas de transporte masivo, se renovar\u00e1 el parque vehicular actual y habr\u00e1 capacitaci\u00f3n para que los operadores ofrezcan un mejor servicio<\/em><!--more--><\/p>\n<p>Durante la inauguraci\u00f3n de la \u00a0<strong>Primera Semana de Movilidad y Seguridad Vial<\/strong> que tuvo lugar en el<strong>\u00a0Centro de Convenciones y Exposiciones<\/strong> <strong>de \u00a0Toluca<\/strong>, el gobernador del Estado de M\u00e9xico, Alfredo Del Mazo Maza, declar\u00f3 que su administraci\u00f3n tiene el compromiso de mejorar el sistema de trasporte p\u00fablico de la entidad, para que los mexiquenses puedan disponer de servicio seguro, eficiente y de calidad,<\/p>\n<p>En ese sentido, el mandatario estatal asegura que es importante que los tiempos de traslado disminuyan y que se reduzca el gasto en el transporte, ya que gran parte de la sociedad mexiquense invierte hasta cinco a\u00f1os de su vida en el tr\u00e1fico, y gasta hasta el 40% mensual de sus ingresos en transportaci\u00f3n.<\/p>\n<p>Asimismo reafirm\u00f3 que se requieren medidas eficientes e innovadoras para mejorar el servicio de transporte p\u00fablico que mejoren la competitividad, la conectividad, la productividad y, sobre todo, la calidad de vida y la seguridad de las familias.<\/p>\n<p>\u201cLa Primera Semana de la Movilidad y la Seguridad Vial es un espacio para conocer y analizar las pol\u00edticas de movilidad implementadas con \u00e9xito en M\u00e9xico y en otros pa\u00edses. Durante este evento, 90 expositores, entre los que se encuentran acad\u00e9micos, empresarios, ciudadanos, servidores p\u00fablicos, abordar\u00e1n el impacto econ\u00f3mico de la movilidad y la importancia de la recuperaci\u00f3n del espacio urbano para mantener el equilibrio social\u201d, se\u00f1al\u00f3 Del Mazo.<\/p>\n<p>Este tipo de foros tambi\u00e9n sirven para resolver problemas en materia de movilidad, como prevenir y reducir los incidentes viales de los cuales, en el a\u00f1o 2017, se registraron m\u00e1s de 13,500 en la entidad, donde el 70% involucraron veh\u00edculos privados, y en el 85% la causa del accidente fue el exceso de velocidad.<\/p>\n<p>Las medidas para desarrollar un mejor transporte incluyen fortalecer la infraestructura y las capacidades de los sistemas Mexib\u00fas y Mexicable, los cuales transportan conjuntamente a 325,000 usuarios diarios y se estima que la meta al final de la actual gesti\u00f3n es que ambos puedan movilizar diariamente a 725,000 personas.<\/p>\n<p>Por otro lado, presidente electo Andr\u00e9s Manuel L\u00f3pez Obrador y el gobernador Alfredo del Mazo acordaron en una reuni\u00f3n, impulsar un sistema innovador de transporte, en la zona oriente del estado, con la construcci\u00f3n de un tren ligero entre Chalco y La Paz e indic\u00f3 que en su sexenio tambi\u00e9n se ampliar\u00e1 la l\u00ednea del Mexicable, de Tlalnepantla a Ecatepec, y se construir\u00e1 otro en Naucalpan, entre Chamapa y el Mexipuerto Cuatro Caminos.<\/p>\n<p>Para mejorar el servicio de las l\u00edneas de Mexib\u00fas, ya est\u00e1 puesto en marcha el servicio expr\u00e9s de la L\u00ednea 2, y la reciente inauguraci\u00f3n de la Estaci\u00f3n Retorno Oriente en esta misma l\u00ednea, la cual conecta con el Tren Suburbano.<\/p>\n","protected":false},"excerpt":{"rendered":"<p>Se construir\u00e1n sistemas de transporte masivo, se renovar\u00e1 el parque vehicular actual y habr\u00e1 capacitaci\u00f3n para que los operadores ofrezcan un mejor servicio<\/p>\n","protected":false},"author":66,"featured_media":80197,"comment_status":"open","ping_status":"closed","sticky":false,"template":"","format":"standard","meta":{"om_disable_all_campaigns":false,"inline_featured_image":false,"_monsterinsights_skip_tracking":false,"_monsterinsights_sitenote_active":false,"_monsterinsights_sitenote_note":"","_monsterinsights_sitenote_category":0,"footnotes":""},"categories":[82],"tags":[303,1733,8032,487],"class_list":["post-80194","post","type-post","status-publish","format-standard","has-post-thumbnail","hentry","category-urbanismo","tag-estado-de-mexico","tag-mexibus","tag-mexicable","tag-movilidad"],"yoast_head":"<!-- This site is optimized with the Yoast SEO plugin v27.5 - https:\/\/yoast.com\/product\/yoast-seo-wordpress\/ -->\n<title>Estado de M\u00e9xico se fortalece en materia de movilidad<\/title>\n<meta name=\"description\" content=\"Se construir\u00e1n sistemas de transporte masivo, se renovar\u00e1 el parque vehicular actual y habr\u00e1 capacitaci\u00f3n para que los operadores ofrezcan un mejor servicio\" \/>\n<meta name=\"robots\" content=\"index, follow, max-snippet:-1, max-image-preview:large, max-video-preview:-1\" \/>\n<link rel=\"canonical\" href=\"https:\/\/centrourbano.com\/revista\/urbanismo\/estado-de-mexico-fortalecera-su-sistema-de-movilidad\/\" \/>\n<meta property=\"og:locale\" content=\"es_ES\" \/>\n<meta property=\"og:type\" content=\"article\" \/>\n<meta property=\"og:title\" content=\"Estado de M\u00e9xico se fortalece en materia de movilidad\" \/>\n<meta property=\"og:description\" content=\"Se construir\u00e1n sistemas de transporte masivo, se renovar\u00e1 el parque vehicular actual y habr\u00e1 capacitaci\u00f3n para que los operadores ofrezcan un mejor servicio\" \/>\n<meta property=\"og:url\" content=\"https:\/\/centrourbano.com\/revista\/urbanismo\/estado-de-mexico-fortalecera-su-sistema-de-movilidad\/\" \/>\n<meta property=\"og:site_name\" content=\"Centro Urbano\" \/>\n<meta property=\"article:publisher\" content=\"https:\/\/www.facebook.com\/portalcentrourbano\" \/>\n<meta property=\"article:published_time\" content=\"2018-10-19T21:58:15+00:00\" \/>\n<meta property=\"og:image\" content=\"https:\/\/centrourbano.com\/revista\/wp-content\/uploads\/w2_3403_6-1.jpg\" \/>\n\t<meta property=\"og:image:width\" content=\"3772\" \/>\n\t<meta property=\"og:image:height\" content=\"2657\" \/>\n\t<meta property=\"og:image:type\" content=\"image\/jpeg\" \/>\n<meta name=\"author\" content=\"Valeria G\u00f3mez\" \/>\n<meta name=\"twitter:card\" content=\"summary_large_image\" \/>\n<meta name=\"twitter:creator\" content=\"@CentroUrbano\" \/>\n<meta name=\"twitter:site\" content=\"@CentroUrbano\" \/>\n<meta name=\"twitter:label1\" content=\"Escrito por\" \/>\n\t<meta name=\"twitter:data1\" content=\"Valeria G\u00f3mez\" \/>\n\t<meta name=\"twitter:label2\" content=\"Tiempo de lectura\" \/>\n\t<meta name=\"twitter:data2\" content=\"2 minutos\" \/>\n<script type=\"application\/ld+json\" class=\"yoast-schema-graph\">{\"@context\":\"https:\\\/\\\/schema.org\",\"@graph\":[{\"@type\":\"Article\",\"@id\":\"https:\\\/\\\/centrourbano.com\\\/revista\\\/urbanismo\\\/estado-de-mexico-fortalecera-su-sistema-de-movilidad\\\/#article\",\"isPartOf\":{\"@id\":\"https:\\\/\\\/centrourbano.com\\\/revista\\\/urbanismo\\\/estado-de-mexico-fortalecera-su-sistema-de-movilidad\\\/\"},\"author\":{\"name\":\"Valeria G\u00f3mez\",\"@id\":\"https:\\\/\\\/centrourbano.com\\\/revista\\\/#\\\/schema\\\/person\\\/9cf11ab4e6c4a7be90b5ceaeaf5b1697\"},\"headline\":\"Estado de M\u00e9xico fortalecer\u00e1 su sistema de movilidad\",\"datePublished\":\"2018-10-19T21:58:15+00:00\",\"mainEntityOfPage\":{\"@id\":\"https:\\\/\\\/centrourbano.com\\\/revista\\\/urbanismo\\\/estado-de-mexico-fortalecera-su-sistema-de-movilidad\\\/\"},\"wordCount\":502,\"commentCount\":0,\"publisher\":{\"@id\":\"https:\\\/\\\/centrourbano.com\\\/revista\\\/#organization\"},\"image\":{\"@id\":\"https:\\\/\\\/centrourbano.com\\\/revista\\\/urbanismo\\\/estado-de-mexico-fortalecera-su-sistema-de-movilidad\\\/#primaryimage\"},\"thumbnailUrl\":\"https:\\\/\\\/centrourbano.com\\\/revista\\\/wp-content\\\/uploads\\\/w2_3403_6-1.jpg\",\"keywords\":[\"Estado de M\u00e9xico\",\"Mexibus\",\"Mexicable\",\"movilidad\"],\"articleSection\":[\"Urbanismo\"],\"inLanguage\":\"es\",\"potentialAction\":[{\"@type\":\"CommentAction\",\"name\":\"Comment\",\"target\":[\"https:\\\/\\\/centrourbano.com\\\/revista\\\/urbanismo\\\/estado-de-mexico-fortalecera-su-sistema-de-movilidad\\\/#respond\"]}]},{\"@type\":\"WebPage\",\"@id\":\"https:\\\/\\\/centrourbano.com\\\/revista\\\/urbanismo\\\/estado-de-mexico-fortalecera-su-sistema-de-movilidad\\\/\",\"url\":\"https:\\\/\\\/centrourbano.com\\\/revista\\\/urbanismo\\\/estado-de-mexico-fortalecera-su-sistema-de-movilidad\\\/\",\"name\":\"Estado de M\u00e9xico se fortalece en materia de movilidad\",\"isPartOf\":{\"@id\":\"https:\\\/\\\/centrourbano.com\\\/revista\\\/#website\"},\"primaryImageOfPage\":{\"@id\":\"https:\\\/\\\/centrourbano.com\\\/revista\\\/urbanismo\\\/estado-de-mexico-fortalecera-su-sistema-de-movilidad\\\/#primaryimage\"},\"image\":{\"@id\":\"https:\\\/\\\/centrourbano.com\\\/revista\\\/urbanismo\\\/estado-de-mexico-fortalecera-su-sistema-de-movilidad\\\/#primaryimage\"},\"thumbnailUrl\":\"https:\\\/\\\/centrourbano.com\\\/revista\\\/wp-content\\\/uploads\\\/w2_3403_6-1.jpg\",\"datePublished\":\"2018-10-19T21:58:15+00:00\",\"description\":\"Se construir\u00e1n sistemas de transporte masivo, se renovar\u00e1 el parque vehicular actual y habr\u00e1 capacitaci\u00f3n para que los operadores ofrezcan un mejor servicio\",\"breadcrumb\":{\"@id\":\"https:\\\/\\\/centrourbano.com\\\/revista\\\/urbanismo\\\/estado-de-mexico-fortalecera-su-sistema-de-movilidad\\\/#breadcrumb\"},\"inLanguage\":\"es\",\"potentialAction\":[{\"@type\":\"ReadAction\",\"target\":[\"https:\\\/\\\/centrourbano.com\\\/revista\\\/urbanismo\\\/estado-de-mexico-fortalecera-su-sistema-de-movilidad\\\/\"]}]},{\"@type\":\"ImageObject\",\"inLanguage\":\"es\",\"@id\":\"https:\\\/\\\/centrourbano.com\\\/revista\\\/urbanismo\\\/estado-de-mexico-fortalecera-su-sistema-de-movilidad\\\/#primaryimage\",\"url\":\"https:\\\/\\\/centrourbano.com\\\/revista\\\/wp-content\\\/uploads\\\/w2_3403_6-1.jpg\",\"contentUrl\":\"https:\\\/\\\/centrourbano.com\\\/revista\\\/wp-content\\\/uploads\\\/w2_3403_6-1.jpg\",\"width\":3772,\"height\":2657,\"caption\":\"Se construir\u00e1n sistemas de transporte masivo, se renovar\u00e1 el parque vehicular actual y habr\u00e1 capacitaci\u00f3n para que los operadores ofrezcan un mejor servicio\"},{\"@type\":\"BreadcrumbList\",\"@id\":\"https:\\\/\\\/centrourbano.com\\\/revista\\\/urbanismo\\\/estado-de-mexico-fortalecera-su-sistema-de-movilidad\\\/#breadcrumb\",\"itemListElement\":[{\"@type\":\"ListItem\",\"position\":1,\"name\":\"Portada\",\"item\":\"https:\\\/\\\/centrourbano.com\\\/revista\\\/\"},{\"@type\":\"ListItem\",\"position\":2,\"name\":\"Estado de M\u00e9xico fortalecer\u00e1 su sistema de movilidad\"}]},{\"@type\":\"WebSite\",\"@id\":\"https:\\\/\\\/centrourbano.com\\\/revista\\\/#website\",\"url\":\"https:\\\/\\\/centrourbano.com\\\/revista\\\/\",\"name\":\"Centro Urbano\",\"description\":\"Medio especializado en los sectores vivienda, inmobiliario, construcci\u00f3n, arquitectura y urbanismo.\",\"publisher\":{\"@id\":\"https:\\\/\\\/centrourbano.com\\\/revista\\\/#organization\"},\"potentialAction\":[{\"@type\":\"SearchAction\",\"target\":{\"@type\":\"EntryPoint\",\"urlTemplate\":\"https:\\\/\\\/centrourbano.com\\\/revista\\\/?s={search_term_string}\"},\"query-input\":{\"@type\":\"PropertyValueSpecification\",\"valueRequired\":true,\"valueName\":\"search_term_string\"}}],\"inLanguage\":\"es\"},{\"@type\":\"Organization\",\"@id\":\"https:\\\/\\\/centrourbano.com\\\/revista\\\/#organization\",\"name\":\"Centro Urbano\",\"url\":\"https:\\\/\\\/centrourbano.com\\\/revista\\\/\",\"logo\":{\"@type\":\"ImageObject\",\"inLanguage\":\"es\",\"@id\":\"https:\\\/\\\/centrourbano.com\\\/revista\\\/#\\\/schema\\\/logo\\\/image\\\/\",\"url\":\"https:\\\/\\\/centrourbano.com\\\/revista\\\/wp-content\\\/uploads\\\/web_CU_logo-1.png\",\"contentUrl\":\"https:\\\/\\\/centrourbano.com\\\/revista\\\/wp-content\\\/uploads\\\/web_CU_logo-1.png\",\"width\":350,\"height\":91,\"caption\":\"Centro Urbano\"},\"image\":{\"@id\":\"https:\\\/\\\/centrourbano.com\\\/revista\\\/#\\\/schema\\\/logo\\\/image\\\/\"},\"sameAs\":[\"https:\\\/\\\/www.facebook.com\\\/portalcentrourbano\",\"https:\\\/\\\/x.com\\\/CentroUrbano\",\"https:\\\/\\\/www.instagram.com\\\/centro_urbano\\\/\",\"https:\\\/\\\/www.linkedin.com\\\/company\\\/centro-urbano\\\/\",\"http:\\\/\\\/www.youtube.com\\\/user\\\/portalcentrourbano\"]},{\"@type\":\"Person\",\"@id\":\"https:\\\/\\\/centrourbano.com\\\/revista\\\/#\\\/schema\\\/person\\\/9cf11ab4e6c4a7be90b5ceaeaf5b1697\",\"name\":\"Valeria G\u00f3mez\",\"image\":{\"@type\":\"ImageObject\",\"inLanguage\":\"es\",\"@id\":\"https:\\\/\\\/secure.gravatar.com\\\/avatar\\\/6ac5ee2437ce720c0a29924adbc5914a56612f0ad0b8555914b4f2b27832582f?s=96&d=mm&r=g\",\"url\":\"https:\\\/\\\/secure.gravatar.com\\\/avatar\\\/6ac5ee2437ce720c0a29924adbc5914a56612f0ad0b8555914b4f2b27832582f?s=96&d=mm&r=g\",\"contentUrl\":\"https:\\\/\\\/secure.gravatar.com\\\/avatar\\\/6ac5ee2437ce720c0a29924adbc5914a56612f0ad0b8555914b4f2b27832582f?s=96&d=mm&r=g\",\"caption\":\"Valeria G\u00f3mez\"},\"url\":\"https:\\\/\\\/centrourbano.com\\\/revista\\\/author\\\/valeria-gomez\\\/\"}]}<\/script>\n<!-- \/ Yoast SEO plugin. -->","yoast_head_json":{"title":"Estado de M\u00e9xico se fortalece en materia de movilidad","description":"Se construir\u00e1n sistemas de transporte masivo, se renovar\u00e1 el parque vehicular actual y habr\u00e1 capacitaci\u00f3n para que los operadores ofrezcan un mejor servicio","robots":{"index":"index","follow":"follow","max-snippet":"max-snippet:-1","max-image-preview":"max-image-preview:large","max-video-preview":"max-video-preview:-1"},"canonical":"https:\/\/centrourbano.com\/revista\/urbanismo\/estado-de-mexico-fortalecera-su-sistema-de-movilidad\/","og_locale":"es_ES","og_type":"article","og_title":"Estado de M\u00e9xico se fortalece en materia de movilidad","og_description":"Se construir\u00e1n sistemas de transporte masivo, se renovar\u00e1 el parque vehicular actual y habr\u00e1 capacitaci\u00f3n para que los operadores ofrezcan un mejor servicio","og_url":"https:\/\/centrourbano.com\/revista\/urbanismo\/estado-de-mexico-fortalecera-su-sistema-de-movilidad\/","og_site_name":"Centro Urbano","article_publisher":"https:\/\/www.facebook.com\/portalcentrourbano","article_published_time":"2018-10-19T21:58:15+00:00","og_image":[{"width":3772,"height":2657,"url":"https:\/\/centrourbano.com\/revista\/wp-content\/uploads\/w2_3403_6-1.jpg","type":"image\/jpeg"}],"author":"Valeria G\u00f3mez","twitter_card":"summary_large_image","twitter_creator":"@CentroUrbano","twitter_site":"@CentroUrbano","twitter_misc":{"Escrito por":"Valeria G\u00f3mez","Tiempo de lectura":"2 minutos"},"schema":{"@context":"https:\/\/schema.org","@graph":[{"@type":"Article","@id":"https:\/\/centrourbano.com\/revista\/urbanismo\/estado-de-mexico-fortalecera-su-sistema-de-movilidad\/#article","isPartOf":{"@id":"https:\/\/centrourbano.com\/revista\/urbanismo\/estado-de-mexico-fortalecera-su-sistema-de-movilidad\/"},"author":{"name":"Valeria G\u00f3mez","@id":"https:\/\/centrourbano.com\/revista\/#\/schema\/person\/9cf11ab4e6c4a7be90b5ceaeaf5b1697"},"headline":"Estado de M\u00e9xico fortalecer\u00e1 su sistema de movilidad","datePublished":"2018-10-19T21:58:15+00:00","mainEntityOfPage":{"@id":"https:\/\/centrourbano.com\/revista\/urbanismo\/estado-de-mexico-fortalecera-su-sistema-de-movilidad\/"},"wordCount":502,"commentCount":0,"publisher":{"@id":"https:\/\/centrourbano.com\/revista\/#organization"},"image":{"@id":"https:\/\/centrourbano.com\/revista\/urbanismo\/estado-de-mexico-fortalecera-su-sistema-de-movilidad\/#primaryimage"},"thumbnailUrl":"https:\/\/centrourbano.com\/revista\/wp-content\/uploads\/w2_3403_6-1.jpg","keywords":["Estado de M\u00e9xico","Mexibus","Mexicable","movilidad"],"articleSection":["Urbanismo"],"inLanguage":"es","potentialAction":[{"@type":"CommentAction","name":"Comment","target":["https:\/\/centrourbano.com\/revista\/urbanismo\/estado-de-mexico-fortalecera-su-sistema-de-movilidad\/#respond"]}]},{"@type":"WebPage","@id":"https:\/\/centrourbano.com\/revista\/urbanismo\/estado-de-mexico-fortalecera-su-sistema-de-movilidad\/","url":"https:\/\/centrourbano.com\/revista\/urbanismo\/estado-de-mexico-fortalecera-su-sistema-de-movilidad\/","name":"Estado de M\u00e9xico se fortalece en materia de movilidad","isPartOf":{"@id":"https:\/\/centrourbano.com\/revista\/#website"},"primaryImageOfPage":{"@id":"https:\/\/centrourbano.com\/revista\/urbanismo\/estado-de-mexico-fortalecera-su-sistema-de-movilidad\/#primaryimage"},"image":{"@id":"https:\/\/centrourbano.com\/revista\/urbanismo\/estado-de-mexico-fortalecera-su-sistema-de-movilidad\/#primaryimage"},"thumbnailUrl":"https:\/\/centrourbano.com\/revista\/wp-content\/uploads\/w2_3403_6-1.jpg","datePublished":"2018-10-19T21:58:15+00:00","description":"Se construir\u00e1n sistemas de transporte masivo, se renovar\u00e1 el parque vehicular actual y habr\u00e1 capacitaci\u00f3n para que los operadores ofrezcan un mejor servicio","breadcrumb":{"@id":"https:\/\/centrourbano.com\/revista\/urbanismo\/estado-de-mexico-fortalecera-su-sistema-de-movilidad\/#breadcrumb"},"inLanguage":"es","potentialAction":[{"@type":"ReadAction","target":["https:\/\/centrourbano.com\/revista\/urbanismo\/estado-de-mexico-fortalecera-su-sistema-de-movilidad\/"]}]},{"@type":"ImageObject","inLanguage":"es","@id":"https:\/\/centrourbano.com\/revista\/urbanismo\/estado-de-mexico-fortalecera-su-sistema-de-movilidad\/#primaryimage","url":"https:\/\/centrourbano.com\/revista\/wp-content\/uploads\/w2_3403_6-1.jpg","contentUrl":"https:\/\/centrourbano.com\/revista\/wp-content\/uploads\/w2_3403_6-1.jpg","width":3772,"height":2657,"caption":"Se construir\u00e1n sistemas de transporte masivo, se renovar\u00e1 el parque vehicular actual y habr\u00e1 capacitaci\u00f3n para que los operadores ofrezcan un mejor servicio"},{"@type":"BreadcrumbList","@id":"https:\/\/centrourbano.com\/revista\/urbanismo\/estado-de-mexico-fortalecera-su-sistema-de-movilidad\/#breadcrumb","itemListElement":[{"@type":"ListItem","position":1,"name":"Portada","item":"https:\/\/centrourbano.com\/revista\/"},{"@type":"ListItem","position":2,"name":"Estado de M\u00e9xico fortalecer\u00e1 su sistema de movilidad"}]},{"@type":"WebSite","@id":"https:\/\/centrourbano.com\/revista\/#website","url":"https:\/\/centrourbano.com\/revista\/","name":"Centro Urbano","description":"Medio especializado en los sectores vivienda, inmobiliario, construcci\u00f3n, arquitectura y urbanismo.","publisher":{"@id":"https:\/\/centrourbano.com\/revista\/#organization"},"potentialAction":[{"@type":"SearchAction","target":{"@type":"EntryPoint","urlTemplate":"https:\/\/centrourbano.com\/revista\/?s={search_term_string}"},"query-input":{"@type":"PropertyValueSpecification","valueRequired":true,"valueName":"search_term_string"}}],"inLanguage":"es"},{"@type":"Organization","@id":"https:\/\/centrourbano.com\/revista\/#organization","name":"Centro Urbano","url":"https:\/\/centrourbano.com\/revista\/","logo":{"@type":"ImageObject","inLanguage":"es","@id":"https:\/\/centrourbano.com\/revista\/#\/schema\/logo\/image\/","url":"https:\/\/centrourbano.com\/revista\/wp-content\/uploads\/web_CU_logo-1.png","contentUrl":"https:\/\/centrourbano.com\/revista\/wp-content\/uploads\/web_CU_logo-1.png","width":350,"height":91,"caption":"Centro Urbano"},"image":{"@id":"https:\/\/centrourbano.com\/revista\/#\/schema\/logo\/image\/"},"sameAs":["https:\/\/www.facebook.com\/portalcentrourbano","https:\/\/x.com\/CentroUrbano","https:\/\/www.instagram.com\/centro_urbano\/","https:\/\/www.linkedin.com\/company\/centro-urbano\/","http:\/\/www.youtube.com\/user\/portalcentrourbano"]},{"@type":"Person","@id":"https:\/\/centrourbano.com\/revista\/#\/schema\/person\/9cf11ab4e6c4a7be90b5ceaeaf5b1697","name":"Valeria G\u00f3mez","image":{"@type":"ImageObject","inLanguage":"es","@id":"https:\/\/secure.gravatar.com\/avatar\/6ac5ee2437ce720c0a29924adbc5914a56612f0ad0b8555914b4f2b27832582f?s=96&d=mm&r=g","url":"https:\/\/secure.gravatar.com\/avatar\/6ac5ee2437ce720c0a29924adbc5914a56612f0ad0b8555914b4f2b27832582f?s=96&d=mm&r=g","contentUrl":"https:\/\/secure.gravatar.com\/avatar\/6ac5ee2437ce720c0a29924adbc5914a56612f0ad0b8555914b4f2b27832582f?s=96&d=mm&r=g","caption":"Valeria G\u00f3mez"},"url":"https:\/\/centrourbano.com\/revista\/author\/valeria-gomez\/"}]}},"_links":{"self":[{"href":"https:\/\/centrourbano.com\/revista\/wp-json\/wp\/v2\/posts\/80194","targetHints":{"allow":["GET"]}}],"collection":[{"href":"https:\/\/centrourbano.com\/revista\/wp-json\/wp\/v2\/posts"}],"about":[{"href":"https:\/\/centrourbano.com\/revista\/wp-json\/wp\/v2\/types\/post"}],"author":[{"embeddable":true,"href":"https:\/\/centrourbano.com\/revista\/wp-json\/wp\/v2\/users\/66"}],"replies":[{"embeddable":true,"href":"https:\/\/centrourbano.com\/revista\/wp-json\/wp\/v2\/comments?post=80194"}],"version-history":[{"count":3,"href":"https:\/\/centrourbano.com\/revista\/wp-json\/wp\/v2\/posts\/80194\/revisions"}],"predecessor-version":[{"id":80230,"href":"https:\/\/centrourbano.com\/revista\/wp-json\/wp\/v2\/posts\/80194\/revisions\/80230"}],"wp:featuredmedia":[{"embeddable":true,"href":"https:\/\/centrourbano.com\/revista\/wp-json\/wp\/v2\/media\/80197"}],"wp:attachment":[{"href":"https:\/\/centrourbano.com\/revista\/wp-json\/wp\/v2\/media?parent=80194"}],"wp:term":[{"taxonomy":"category","embeddable":true,"href":"https:\/\/centrourbano.com\/revista\/wp-json\/wp\/v2\/categories?post=80194"},{"taxonomy":"post_tag","embeddable":true,"href":"https:\/\/centrourbano.com\/revista\/wp-json\/wp\/v2\/tags?post=80194"}],"curies":[{"name":"wp","href":"https:\/\/api.w.org\/{rel}","templated":true}]}}