{"id":80169,"date":"2018-10-18T18:52:22","date_gmt":"2018-10-18T23:52:22","guid":{"rendered":"https:\/\/centrourbano.com\/?p=80169"},"modified":"2018-10-20T15:47:02","modified_gmt":"2018-10-20T20:47:02","slug":"gicsa-inaugura-el-malltertainment-explanada-puebla","status":"publish","type":"post","link":"https:\/\/centrourbano.com\/revista\/inmobiliario\/gicsa-inaugura-el-malltertainment-explanada-puebla\/","title":{"rendered":"Gicsa inaugura el malltertainment Explanada Puebla"},"content":{"rendered":"<p><em>Este mega desarrollo tuvo una inversi\u00f3n de casi 2,000 mdp y un \u00e1rea rentable de m\u00e1s de 73,000\u00a0m\u00b2<\/em><!--more--><\/p>\n<p>La desarrolladora inmobiliaria <strong>Gicsa<\/strong> inaugur\u00f3 formalmente <strong>Explanada Puebla<\/strong>, uno de sus tres primeros proyectos <strong>malltertainment<\/strong> del pa\u00eds este a\u00f1o, con el cual la firma busca generar nuevas experiencias en los usuarios con una amplia oferta comercial y de entretenimiento.<\/p>\n<p>Abraham Cababie Daniel, director general de Gicsa, en compa\u00f1\u00eda de\u00a0Jaime Oropeza Casas, secretario de Competitividad, Trabajo y Desarrollo Econ\u00f3mico (<strong>Sedecotrade<\/strong>)\u00a0y el empresario\u00a0Jos\u00e9 Chedraui Budib, cortaron el list\u00f3n de inauguraci\u00f3n de este gran complejo de usos mixtos.<\/p>\n<p>Ubicada en la ciudad de Cholula, Explanada Puebla tuvo una <strong>inversi\u00f3n<\/strong> de alrededor de <strong>2,000 millones de pesos<\/strong> y un \u00e1rea rentable de\u00a0<strong>73.108 metros cuadrados<\/strong> (m\u00b2) con espacio para m\u00e1s de 200 ofertas de consumo como Pineda Coval\u00edn, Starbucks, H&amp;M y Cinemex.<\/p>\n<p>En la inauguraci\u00f3n de este mega desarrollo inmobiliario que busca convertir el coraz\u00f3n de Cholula en una experiencia extraordinaria se ofrecieron presentaciones, m\u00fasica en vivo y exhibiciones, con la participaci\u00f3n de Maluma en un auditorio con el que cuenta la Explanada y la presencia del youtuber mexicano Juanpa Zurita.<\/p>\n<p>Entre los atractivos que tiene Explanada Puebla\u00a0se encuentran actividades extremas como paredes\u00a0para escalar, cines, pista de hielo y la pauta \u201cContender\u201d de nueve curvas de alrededor de 45 grados para <strong>Go Kart<\/strong>, as\u00ed como una feria y un globo aerost\u00e1tico.<\/p>\n<p>Recientemente Gicsa anunci\u00f3 que con\u00a0la apertura de sus desarrollos de usos mixtos\u00a0<strong>Explanada Puebla y Paseo Queretaro,\u00a0<\/strong>se incorporaron aproximadamente 158,627 m\u00b2 de \u00e1rea bruta rentable a la cartera de la compa\u00f1\u00eda.<\/p>\n<p>En ese sentido, la firma\u00a0alcanzar\u00eda\u00a0un total de\u00a0<strong>829,392 m\u00b2 de su portafolio\u00a0<\/strong>y espera cerrar el a\u00f1o con m\u00e1s de 835,000 m\u00b2 de \u00e1rea rentable, incluyendo el pr\u00f3ximo apertura de Masaryk 169.<\/p>\n","protected":false},"excerpt":{"rendered":"<p>Este mega desarrollo tuvo una inversi\u00f3n de casi 2,000 mdp y un \u00e1rea rentable de m\u00e1s de 73,000\u00a0m\u00b2<\/p>\n","protected":false},"author":69,"featured_media":80171,"comment_status":"open","ping_status":"closed","sticky":false,"template":"","format":"standard","meta":{"om_disable_all_campaigns":false,"inline_featured_image":false,"_monsterinsights_skip_tracking":false,"_monsterinsights_sitenote_active":false,"_monsterinsights_sitenote_note":"","_monsterinsights_sitenote_category":0,"footnotes":""},"categories":[15],"tags":[14322,4840,14323,1311],"class_list":["post-80169","post","type-post","status-publish","format-standard","has-post-thumbnail","hentry","category-inmobiliario","tag-explanada-puebla","tag-gicsa","tag-mallterteinment","tag-usos-mixtos"],"yoast_head":"<!-- This site is optimized with the Yoast SEO plugin v27.4 - https:\/\/yoast.com\/product\/yoast-seo-wordpress\/ -->\n<title>Gicsa inaugura el malltertainment Explanada Puebla<\/title>\n<meta name=\"description\" content=\"Este mega desarrollo tuvo una inversi\u00f3n de casi 2,000 mdp y un \u00e1rea rentable de m\u00e1s de 73,000 m\u00b2\" \/>\n<meta name=\"robots\" content=\"index, follow, max-snippet:-1, max-image-preview:large, max-video-preview:-1\" \/>\n<link rel=\"canonical\" href=\"https:\/\/centrourbano.com\/revista\/inmobiliario\/gicsa-inaugura-el-malltertainment-explanada-puebla\/\" \/>\n<meta property=\"og:locale\" content=\"es_ES\" \/>\n<meta property=\"og:type\" content=\"article\" \/>\n<meta property=\"og:title\" content=\"Gicsa inaugura el malltertainment Explanada Puebla\" \/>\n<meta property=\"og:description\" content=\"Este mega desarrollo tuvo una inversi\u00f3n de casi 2,000 mdp y un \u00e1rea rentable de m\u00e1s de 73,000 m\u00b2\" \/>\n<meta property=\"og:url\" content=\"https:\/\/centrourbano.com\/revista\/inmobiliario\/gicsa-inaugura-el-malltertainment-explanada-puebla\/\" \/>\n<meta property=\"og:site_name\" content=\"Centro Urbano\" \/>\n<meta property=\"article:publisher\" content=\"https:\/\/www.facebook.com\/portalcentrourbano\" \/>\n<meta property=\"article:published_time\" content=\"2018-10-18T23:52:22+00:00\" \/>\n<meta property=\"article:modified_time\" content=\"2018-10-20T20:47:02+00:00\" \/>\n<meta property=\"og:image\" content=\"https:\/\/centrourbano.com\/revista\/wp-content\/uploads\/WhatsApp-Image-2018-10-19-at-06.48.48.jpeg\" \/>\n\t<meta property=\"og:image:width\" content=\"1280\" \/>\n\t<meta property=\"og:image:height\" content=\"960\" \/>\n\t<meta property=\"og:image:type\" content=\"image\/jpeg\" \/>\n<meta name=\"author\" content=\"Fernando Navarrete\" \/>\n<meta name=\"twitter:card\" content=\"summary_large_image\" \/>\n<meta name=\"twitter:creator\" content=\"@CentroUrbano\" \/>\n<meta name=\"twitter:site\" content=\"@CentroUrbano\" \/>\n<meta name=\"twitter:label1\" content=\"Escrito por\" \/>\n\t<meta name=\"twitter:data1\" content=\"Fernando Navarrete\" \/>\n\t<meta name=\"twitter:label2\" content=\"Tiempo de lectura\" \/>\n\t<meta name=\"twitter:data2\" content=\"2 minutos\" \/>\n<script type=\"application\/ld+json\" class=\"yoast-schema-graph\">{\"@context\":\"https:\\\/\\\/schema.org\",\"@graph\":[{\"@type\":\"Article\",\"@id\":\"https:\\\/\\\/centrourbano.com\\\/revista\\\/inmobiliario\\\/gicsa-inaugura-el-malltertainment-explanada-puebla\\\/#article\",\"isPartOf\":{\"@id\":\"https:\\\/\\\/centrourbano.com\\\/revista\\\/inmobiliario\\\/gicsa-inaugura-el-malltertainment-explanada-puebla\\\/\"},\"author\":{\"name\":\"Fernando Navarrete\",\"@id\":\"https:\\\/\\\/centrourbano.com\\\/revista\\\/#\\\/schema\\\/person\\\/515c32d01ece40d20a7ed3fdf34051af\"},\"headline\":\"Gicsa inaugura el malltertainment Explanada Puebla\",\"datePublished\":\"2018-10-18T23:52:22+00:00\",\"dateModified\":\"2018-10-20T20:47:02+00:00\",\"mainEntityOfPage\":{\"@id\":\"https:\\\/\\\/centrourbano.com\\\/revista\\\/inmobiliario\\\/gicsa-inaugura-el-malltertainment-explanada-puebla\\\/\"},\"wordCount\":317,\"commentCount\":0,\"publisher\":{\"@id\":\"https:\\\/\\\/centrourbano.com\\\/revista\\\/#organization\"},\"image\":{\"@id\":\"https:\\\/\\\/centrourbano.com\\\/revista\\\/inmobiliario\\\/gicsa-inaugura-el-malltertainment-explanada-puebla\\\/#primaryimage\"},\"thumbnailUrl\":\"https:\\\/\\\/centrourbano.com\\\/revista\\\/wp-content\\\/uploads\\\/WhatsApp-Image-2018-10-19-at-06.48.48.jpeg\",\"keywords\":[\"Explanada Puebla\",\"GICSA\",\"Mallterteinment\",\"Usos mixtos\"],\"articleSection\":[\"Inmobiliario\"],\"inLanguage\":\"es\",\"potentialAction\":[{\"@type\":\"CommentAction\",\"name\":\"Comment\",\"target\":[\"https:\\\/\\\/centrourbano.com\\\/revista\\\/inmobiliario\\\/gicsa-inaugura-el-malltertainment-explanada-puebla\\\/#respond\"]}]},{\"@type\":\"WebPage\",\"@id\":\"https:\\\/\\\/centrourbano.com\\\/revista\\\/inmobiliario\\\/gicsa-inaugura-el-malltertainment-explanada-puebla\\\/\",\"url\":\"https:\\\/\\\/centrourbano.com\\\/revista\\\/inmobiliario\\\/gicsa-inaugura-el-malltertainment-explanada-puebla\\\/\",\"name\":\"Gicsa inaugura el malltertainment Explanada Puebla\",\"isPartOf\":{\"@id\":\"https:\\\/\\\/centrourbano.com\\\/revista\\\/#website\"},\"primaryImageOfPage\":{\"@id\":\"https:\\\/\\\/centrourbano.com\\\/revista\\\/inmobiliario\\\/gicsa-inaugura-el-malltertainment-explanada-puebla\\\/#primaryimage\"},\"image\":{\"@id\":\"https:\\\/\\\/centrourbano.com\\\/revista\\\/inmobiliario\\\/gicsa-inaugura-el-malltertainment-explanada-puebla\\\/#primaryimage\"},\"thumbnailUrl\":\"https:\\\/\\\/centrourbano.com\\\/revista\\\/wp-content\\\/uploads\\\/WhatsApp-Image-2018-10-19-at-06.48.48.jpeg\",\"datePublished\":\"2018-10-18T23:52:22+00:00\",\"dateModified\":\"2018-10-20T20:47:02+00:00\",\"description\":\"Este mega desarrollo tuvo una inversi\u00f3n de casi 2,000 mdp y un \u00e1rea rentable de m\u00e1s de 73,000 m\u00b2\",\"breadcrumb\":{\"@id\":\"https:\\\/\\\/centrourbano.com\\\/revista\\\/inmobiliario\\\/gicsa-inaugura-el-malltertainment-explanada-puebla\\\/#breadcrumb\"},\"inLanguage\":\"es\",\"potentialAction\":[{\"@type\":\"ReadAction\",\"target\":[\"https:\\\/\\\/centrourbano.com\\\/revista\\\/inmobiliario\\\/gicsa-inaugura-el-malltertainment-explanada-puebla\\\/\"]}]},{\"@type\":\"ImageObject\",\"inLanguage\":\"es\",\"@id\":\"https:\\\/\\\/centrourbano.com\\\/revista\\\/inmobiliario\\\/gicsa-inaugura-el-malltertainment-explanada-puebla\\\/#primaryimage\",\"url\":\"https:\\\/\\\/centrourbano.com\\\/revista\\\/wp-content\\\/uploads\\\/WhatsApp-Image-2018-10-19-at-06.48.48.jpeg\",\"contentUrl\":\"https:\\\/\\\/centrourbano.com\\\/revista\\\/wp-content\\\/uploads\\\/WhatsApp-Image-2018-10-19-at-06.48.48.jpeg\",\"width\":1280,\"height\":960,\"caption\":\"Este mega desarrollo tuvo una inversi\u00f3n de casi 2,000 mdp y un \u00e1rea rentable de m\u00e1s de 73,000 m\u00b2\"},{\"@type\":\"BreadcrumbList\",\"@id\":\"https:\\\/\\\/centrourbano.com\\\/revista\\\/inmobiliario\\\/gicsa-inaugura-el-malltertainment-explanada-puebla\\\/#breadcrumb\",\"itemListElement\":[{\"@type\":\"ListItem\",\"position\":1,\"name\":\"Portada\",\"item\":\"https:\\\/\\\/centrourbano.com\\\/revista\\\/\"},{\"@type\":\"ListItem\",\"position\":2,\"name\":\"Gicsa inaugura el malltertainment Explanada Puebla\"}]},{\"@type\":\"WebSite\",\"@id\":\"https:\\\/\\\/centrourbano.com\\\/revista\\\/#website\",\"url\":\"https:\\\/\\\/centrourbano.com\\\/revista\\\/\",\"name\":\"Centro Urbano\",\"description\":\"Medio especializado en los sectores vivienda, inmobiliario, construcci\u00f3n, arquitectura y urbanismo.\",\"publisher\":{\"@id\":\"https:\\\/\\\/centrourbano.com\\\/revista\\\/#organization\"},\"potentialAction\":[{\"@type\":\"SearchAction\",\"target\":{\"@type\":\"EntryPoint\",\"urlTemplate\":\"https:\\\/\\\/centrourbano.com\\\/revista\\\/?s={search_term_string}\"},\"query-input\":{\"@type\":\"PropertyValueSpecification\",\"valueRequired\":true,\"valueName\":\"search_term_string\"}}],\"inLanguage\":\"es\"},{\"@type\":\"Organization\",\"@id\":\"https:\\\/\\\/centrourbano.com\\\/revista\\\/#organization\",\"name\":\"Centro Urbano\",\"url\":\"https:\\\/\\\/centrourbano.com\\\/revista\\\/\",\"logo\":{\"@type\":\"ImageObject\",\"inLanguage\":\"es\",\"@id\":\"https:\\\/\\\/centrourbano.com\\\/revista\\\/#\\\/schema\\\/logo\\\/image\\\/\",\"url\":\"https:\\\/\\\/centrourbano.com\\\/revista\\\/wp-content\\\/uploads\\\/web_CU_logo-1.png\",\"contentUrl\":\"https:\\\/\\\/centrourbano.com\\\/revista\\\/wp-content\\\/uploads\\\/web_CU_logo-1.png\",\"width\":350,\"height\":91,\"caption\":\"Centro Urbano\"},\"image\":{\"@id\":\"https:\\\/\\\/centrourbano.com\\\/revista\\\/#\\\/schema\\\/logo\\\/image\\\/\"},\"sameAs\":[\"https:\\\/\\\/www.facebook.com\\\/portalcentrourbano\",\"https:\\\/\\\/x.com\\\/CentroUrbano\",\"https:\\\/\\\/www.instagram.com\\\/centro_urbano\\\/\",\"https:\\\/\\\/www.linkedin.com\\\/company\\\/centro-urbano\\\/\",\"http:\\\/\\\/www.youtube.com\\\/user\\\/portalcentrourbano\"]},{\"@type\":\"Person\",\"@id\":\"https:\\\/\\\/centrourbano.com\\\/revista\\\/#\\\/schema\\\/person\\\/515c32d01ece40d20a7ed3fdf34051af\",\"name\":\"Fernando Navarrete\",\"image\":{\"@type\":\"ImageObject\",\"inLanguage\":\"es\",\"@id\":\"https:\\\/\\\/secure.gravatar.com\\\/avatar\\\/f4dd6927a99e72698473e350e20ec8a38bd48cb668e15b03d04e8e537da41ad0?s=96&d=mm&r=g\",\"url\":\"https:\\\/\\\/secure.gravatar.com\\\/avatar\\\/f4dd6927a99e72698473e350e20ec8a38bd48cb668e15b03d04e8e537da41ad0?s=96&d=mm&r=g\",\"contentUrl\":\"https:\\\/\\\/secure.gravatar.com\\\/avatar\\\/f4dd6927a99e72698473e350e20ec8a38bd48cb668e15b03d04e8e537da41ad0?s=96&d=mm&r=g\",\"caption\":\"Fernando Navarrete\"},\"description\":\"Reportero de negocios, inmobiliario, construcci\u00f3n e industria. Me interesa la econom\u00eda, pol\u00edtica, historia y antropolog\u00eda. Estudi\u00e9 en la Facultad de Ciencias Pol\u00edticas y Sociales de la UNAM. Tengo experiencia en el sector p\u00fablico, la industria del acero, ingenier\u00eda civil, IT y corporativos; soy un nost\u00e1lgico nacionalista contempor\u00e1neo que cree en la grandeza de su pa\u00eds. Asiduo lector de Juan Rulfo, Jos\u00e9 Revueltas y J. R. R Tolkien.\",\"url\":\"https:\\\/\\\/centrourbano.com\\\/revista\\\/author\\\/fernando-navarrete\\\/\"}]}<\/script>\n<!-- \/ Yoast SEO plugin. -->","yoast_head_json":{"title":"Gicsa inaugura el malltertainment Explanada Puebla","description":"Este mega desarrollo tuvo una inversi\u00f3n de casi 2,000 mdp y un \u00e1rea rentable de m\u00e1s de 73,000 m\u00b2","robots":{"index":"index","follow":"follow","max-snippet":"max-snippet:-1","max-image-preview":"max-image-preview:large","max-video-preview":"max-video-preview:-1"},"canonical":"https:\/\/centrourbano.com\/revista\/inmobiliario\/gicsa-inaugura-el-malltertainment-explanada-puebla\/","og_locale":"es_ES","og_type":"article","og_title":"Gicsa inaugura el malltertainment Explanada Puebla","og_description":"Este mega desarrollo tuvo una inversi\u00f3n de casi 2,000 mdp y un \u00e1rea rentable de m\u00e1s de 73,000 m\u00b2","og_url":"https:\/\/centrourbano.com\/revista\/inmobiliario\/gicsa-inaugura-el-malltertainment-explanada-puebla\/","og_site_name":"Centro Urbano","article_publisher":"https:\/\/www.facebook.com\/portalcentrourbano","article_published_time":"2018-10-18T23:52:22+00:00","article_modified_time":"2018-10-20T20:47:02+00:00","og_image":[{"width":1280,"height":960,"url":"https:\/\/centrourbano.com\/revista\/wp-content\/uploads\/WhatsApp-Image-2018-10-19-at-06.48.48.jpeg","type":"image\/jpeg"}],"author":"Fernando Navarrete","twitter_card":"summary_large_image","twitter_creator":"@CentroUrbano","twitter_site":"@CentroUrbano","twitter_misc":{"Escrito por":"Fernando Navarrete","Tiempo de lectura":"2 minutos"},"schema":{"@context":"https:\/\/schema.org","@graph":[{"@type":"Article","@id":"https:\/\/centrourbano.com\/revista\/inmobiliario\/gicsa-inaugura-el-malltertainment-explanada-puebla\/#article","isPartOf":{"@id":"https:\/\/centrourbano.com\/revista\/inmobiliario\/gicsa-inaugura-el-malltertainment-explanada-puebla\/"},"author":{"name":"Fernando Navarrete","@id":"https:\/\/centrourbano.com\/revista\/#\/schema\/person\/515c32d01ece40d20a7ed3fdf34051af"},"headline":"Gicsa inaugura el malltertainment Explanada Puebla","datePublished":"2018-10-18T23:52:22+00:00","dateModified":"2018-10-20T20:47:02+00:00","mainEntityOfPage":{"@id":"https:\/\/centrourbano.com\/revista\/inmobiliario\/gicsa-inaugura-el-malltertainment-explanada-puebla\/"},"wordCount":317,"commentCount":0,"publisher":{"@id":"https:\/\/centrourbano.com\/revista\/#organization"},"image":{"@id":"https:\/\/centrourbano.com\/revista\/inmobiliario\/gicsa-inaugura-el-malltertainment-explanada-puebla\/#primaryimage"},"thumbnailUrl":"https:\/\/centrourbano.com\/revista\/wp-content\/uploads\/WhatsApp-Image-2018-10-19-at-06.48.48.jpeg","keywords":["Explanada Puebla","GICSA","Mallterteinment","Usos mixtos"],"articleSection":["Inmobiliario"],"inLanguage":"es","potentialAction":[{"@type":"CommentAction","name":"Comment","target":["https:\/\/centrourbano.com\/revista\/inmobiliario\/gicsa-inaugura-el-malltertainment-explanada-puebla\/#respond"]}]},{"@type":"WebPage","@id":"https:\/\/centrourbano.com\/revista\/inmobiliario\/gicsa-inaugura-el-malltertainment-explanada-puebla\/","url":"https:\/\/centrourbano.com\/revista\/inmobiliario\/gicsa-inaugura-el-malltertainment-explanada-puebla\/","name":"Gicsa inaugura el malltertainment Explanada Puebla","isPartOf":{"@id":"https:\/\/centrourbano.com\/revista\/#website"},"primaryImageOfPage":{"@id":"https:\/\/centrourbano.com\/revista\/inmobiliario\/gicsa-inaugura-el-malltertainment-explanada-puebla\/#primaryimage"},"image":{"@id":"https:\/\/centrourbano.com\/revista\/inmobiliario\/gicsa-inaugura-el-malltertainment-explanada-puebla\/#primaryimage"},"thumbnailUrl":"https:\/\/centrourbano.com\/revista\/wp-content\/uploads\/WhatsApp-Image-2018-10-19-at-06.48.48.jpeg","datePublished":"2018-10-18T23:52:22+00:00","dateModified":"2018-10-20T20:47:02+00:00","description":"Este mega desarrollo tuvo una inversi\u00f3n de casi 2,000 mdp y un \u00e1rea rentable de m\u00e1s de 73,000 m\u00b2","breadcrumb":{"@id":"https:\/\/centrourbano.com\/revista\/inmobiliario\/gicsa-inaugura-el-malltertainment-explanada-puebla\/#breadcrumb"},"inLanguage":"es","potentialAction":[{"@type":"ReadAction","target":["https:\/\/centrourbano.com\/revista\/inmobiliario\/gicsa-inaugura-el-malltertainment-explanada-puebla\/"]}]},{"@type":"ImageObject","inLanguage":"es","@id":"https:\/\/centrourbano.com\/revista\/inmobiliario\/gicsa-inaugura-el-malltertainment-explanada-puebla\/#primaryimage","url":"https:\/\/centrourbano.com\/revista\/wp-content\/uploads\/WhatsApp-Image-2018-10-19-at-06.48.48.jpeg","contentUrl":"https:\/\/centrourbano.com\/revista\/wp-content\/uploads\/WhatsApp-Image-2018-10-19-at-06.48.48.jpeg","width":1280,"height":960,"caption":"Este mega desarrollo tuvo una inversi\u00f3n de casi 2,000 mdp y un \u00e1rea rentable de m\u00e1s de 73,000 m\u00b2"},{"@type":"BreadcrumbList","@id":"https:\/\/centrourbano.com\/revista\/inmobiliario\/gicsa-inaugura-el-malltertainment-explanada-puebla\/#breadcrumb","itemListElement":[{"@type":"ListItem","position":1,"name":"Portada","item":"https:\/\/centrourbano.com\/revista\/"},{"@type":"ListItem","position":2,"name":"Gicsa inaugura el malltertainment Explanada Puebla"}]},{"@type":"WebSite","@id":"https:\/\/centrourbano.com\/revista\/#website","url":"https:\/\/centrourbano.com\/revista\/","name":"Centro Urbano","description":"Medio especializado en los sectores vivienda, inmobiliario, construcci\u00f3n, arquitectura y urbanismo.","publisher":{"@id":"https:\/\/centrourbano.com\/revista\/#organization"},"potentialAction":[{"@type":"SearchAction","target":{"@type":"EntryPoint","urlTemplate":"https:\/\/centrourbano.com\/revista\/?s={search_term_string}"},"query-input":{"@type":"PropertyValueSpecification","valueRequired":true,"valueName":"search_term_string"}}],"inLanguage":"es"},{"@type":"Organization","@id":"https:\/\/centrourbano.com\/revista\/#organization","name":"Centro Urbano","url":"https:\/\/centrourbano.com\/revista\/","logo":{"@type":"ImageObject","inLanguage":"es","@id":"https:\/\/centrourbano.com\/revista\/#\/schema\/logo\/image\/","url":"https:\/\/centrourbano.com\/revista\/wp-content\/uploads\/web_CU_logo-1.png","contentUrl":"https:\/\/centrourbano.com\/revista\/wp-content\/uploads\/web_CU_logo-1.png","width":350,"height":91,"caption":"Centro Urbano"},"image":{"@id":"https:\/\/centrourbano.com\/revista\/#\/schema\/logo\/image\/"},"sameAs":["https:\/\/www.facebook.com\/portalcentrourbano","https:\/\/x.com\/CentroUrbano","https:\/\/www.instagram.com\/centro_urbano\/","https:\/\/www.linkedin.com\/company\/centro-urbano\/","http:\/\/www.youtube.com\/user\/portalcentrourbano"]},{"@type":"Person","@id":"https:\/\/centrourbano.com\/revista\/#\/schema\/person\/515c32d01ece40d20a7ed3fdf34051af","name":"Fernando Navarrete","image":{"@type":"ImageObject","inLanguage":"es","@id":"https:\/\/secure.gravatar.com\/avatar\/f4dd6927a99e72698473e350e20ec8a38bd48cb668e15b03d04e8e537da41ad0?s=96&d=mm&r=g","url":"https:\/\/secure.gravatar.com\/avatar\/f4dd6927a99e72698473e350e20ec8a38bd48cb668e15b03d04e8e537da41ad0?s=96&d=mm&r=g","contentUrl":"https:\/\/secure.gravatar.com\/avatar\/f4dd6927a99e72698473e350e20ec8a38bd48cb668e15b03d04e8e537da41ad0?s=96&d=mm&r=g","caption":"Fernando Navarrete"},"description":"Reportero de negocios, inmobiliario, construcci\u00f3n e industria. Me interesa la econom\u00eda, pol\u00edtica, historia y antropolog\u00eda. Estudi\u00e9 en la Facultad de Ciencias Pol\u00edticas y Sociales de la UNAM. Tengo experiencia en el sector p\u00fablico, la industria del acero, ingenier\u00eda civil, IT y corporativos; soy un nost\u00e1lgico nacionalista contempor\u00e1neo que cree en la grandeza de su pa\u00eds. Asiduo lector de Juan Rulfo, Jos\u00e9 Revueltas y J. R. R Tolkien.","url":"https:\/\/centrourbano.com\/revista\/author\/fernando-navarrete\/"}]}},"_links":{"self":[{"href":"https:\/\/centrourbano.com\/revista\/wp-json\/wp\/v2\/posts\/80169","targetHints":{"allow":["GET"]}}],"collection":[{"href":"https:\/\/centrourbano.com\/revista\/wp-json\/wp\/v2\/posts"}],"about":[{"href":"https:\/\/centrourbano.com\/revista\/wp-json\/wp\/v2\/types\/post"}],"author":[{"embeddable":true,"href":"https:\/\/centrourbano.com\/revista\/wp-json\/wp\/v2\/users\/69"}],"replies":[{"embeddable":true,"href":"https:\/\/centrourbano.com\/revista\/wp-json\/wp\/v2\/comments?post=80169"}],"version-history":[{"count":3,"href":"https:\/\/centrourbano.com\/revista\/wp-json\/wp\/v2\/posts\/80169\/revisions"}],"predecessor-version":[{"id":80236,"href":"https:\/\/centrourbano.com\/revista\/wp-json\/wp\/v2\/posts\/80169\/revisions\/80236"}],"wp:featuredmedia":[{"embeddable":true,"href":"https:\/\/centrourbano.com\/revista\/wp-json\/wp\/v2\/media\/80171"}],"wp:attachment":[{"href":"https:\/\/centrourbano.com\/revista\/wp-json\/wp\/v2\/media?parent=80169"}],"wp:term":[{"taxonomy":"category","embeddable":true,"href":"https:\/\/centrourbano.com\/revista\/wp-json\/wp\/v2\/categories?post=80169"},{"taxonomy":"post_tag","embeddable":true,"href":"https:\/\/centrourbano.com\/revista\/wp-json\/wp\/v2\/tags?post=80169"}],"curies":[{"name":"wp","href":"https:\/\/api.w.org\/{rel}","templated":true}]}}