{"id":79868,"date":"2018-10-12T15:16:43","date_gmt":"2018-10-12T20:16:43","guid":{"rendered":"https:\/\/centrourbano.com\/?p=79868"},"modified":"2018-10-12T15:23:29","modified_gmt":"2018-10-12T20:23:29","slug":"be-grand-imprime-su-marca-premium-en-park-bosques","status":"publish","type":"post","link":"https:\/\/centrourbano.com\/revista\/inmobiliario\/be-grand-imprime-su-marca-premium-en-park-bosques\/","title":{"rendered":"Be Grand imprime su marca premium en Park Bosques"},"content":{"rendered":"<p><em>El desarrollo tendr\u00e1\u00a0siete torres de lujo que albergar\u00e1n hasta 258 departamentos, con espacios\u00a0que\u00a0van desde los 218 hasta los 600 m\u00b2<\/em><!--more--><\/p>\n<p><a href=\"https:\/\/begrand.mx\/\" target=\"_blank\" rel=\"noopener noreferrer\"><strong>Be Grand<\/strong><\/a> present\u00f3 el que podr\u00eda ser uno de sus desarrollos m\u00e1s ambiciosos en el Estado de M\u00e9xico; se trata de <strong>Be Grand Park Bosques<\/strong>, un mega proyecto residencial de 4,000 metros cuadrados (m\u00b2) que se levanta sobre el bulevar Palmas Hills en Huixquilucan y que lleva lo mejor de la marca en cada cent\u00edmetro de construcci\u00f3n.<\/p>\n<p>Park Bosques tendr\u00e1\u00a0siete torres de lujo que albergar\u00e1n hasta 258 departamentos, con espacios que van desde los 218 hasta los 600 m\u00b2 en los<strong> Sky Villa<\/strong>, todos con terrazas muy amplias, \u00e1reas verdes y una casa club con m\u00faltiples amenidades para los clientes como gimnasio, bar, spa y alberca.\u00a0<a href=\"https:\/\/centrourbano.com\/revista\/wp-content\/uploads\/43878636_243805162968826_2914755091296681984_n.jpg\" target=\"_blank\" rel=\"noopener noreferrer\"><img loading=\"lazy\" decoding=\"async\" class=\" wp-image-79873 alignright\" src=\"https:\/\/centrourbano.com\/revista\/wp-content\/uploads\/43878636_243805162968826_2914755091296681984_n-300x99.jpg\" alt=\"\" width=\"418\" height=\"138\" srcset=\"https:\/\/centrourbano.com\/revista\/wp-content\/uploads\/43878636_243805162968826_2914755091296681984_n-300x99.jpg 300w, https:\/\/centrourbano.com\/revista\/wp-content\/uploads\/43878636_243805162968826_2914755091296681984_n-768x254.jpg 768w, https:\/\/centrourbano.com\/revista\/wp-content\/uploads\/43878636_243805162968826_2914755091296681984_n-1024x338.jpg 1024w\" sizes=\"auto, (max-width: 418px) 100vw, 418px\" \/><\/a><\/p>\n<p>\u00abElegimos la zona de <strong>Interlomas<\/strong> porque es una zona importante en desarrollo habitacional, en crecimiento, donde tanto el municipio como el gobierno han apoyado much\u00edsimo, con obras viales, con el desarrollo cumpliendo con los reglamentos\u00bb, dijo a Centro Urbano, <strong>Genaro Herrera Gonz\u00e1lez,<\/strong> gerente comercial de Be Grand Park.<\/p>\n<p>El directivo de la firma explic\u00f3 que las primeras dos torres de este complejo se entregar\u00e1n en enero del pr\u00f3ximo a\u00f1o, mientras que las torres 3 y 4 ser\u00e1n terminadas para verano e invierno de 2019; el resto ser\u00edan entregadas hasta 2021, dependiendo del rendimiento comercial.<\/p>\n<p>Herrera Gonz\u00e1lez detall\u00f3 que la obra se encuentra en una\u00a0zona en explotaci\u00f3n al 100%, y dijo que aunque Interlomas y <strong>Bosque Real<\/strong> se han tardado en despegar por la lejan\u00eda de la zona metropolitana y las vialidades, se consolid\u00f3 como un gran mercado para el segmento residencial y de oficinas.<\/p>\n<p>Adem\u00e1s reconoci\u00f3 que en la Ciudad de M\u00e9xico se est\u00e1 viviendo una explosi\u00f3n de desarrollos inmobiliarios, pero destac\u00f3 que el diferenciador est\u00e1 en la calidad de la construcci\u00f3n de estas obras para ofrecer productos con un alto valor en el mercado.\u00a0<a href=\"https:\/\/centrourbano.com\/revista\/wp-content\/uploads\/44088615_1935707266524198_406148802047639552_n.jpg\" target=\"_blank\" rel=\"noopener noreferrer\"><img loading=\"lazy\" decoding=\"async\" class=\"size-medium wp-image-79874 alignleft\" src=\"https:\/\/centrourbano.com\/revista\/wp-content\/uploads\/44088615_1935707266524198_406148802047639552_n-225x300.jpg\" alt=\"\" width=\"225\" height=\"300\" srcset=\"https:\/\/centrourbano.com\/revista\/wp-content\/uploads\/44088615_1935707266524198_406148802047639552_n-225x300.jpg 225w, https:\/\/centrourbano.com\/revista\/wp-content\/uploads\/44088615_1935707266524198_406148802047639552_n-768x1024.jpg 768w\" sizes=\"auto, (max-width: 225px) 100vw, 225px\" \/><\/a><\/p>\n<p>A la pregunta sobre si las medidas tomadas en las alcald\u00edas de la\u00a0capital para frenar mega desarrollos de m\u00e1s de 10,000\u00a0\u00a0m\u00b2 podr\u00eda generar incertidumbre para proyectos como Park Bosques, el gerente comercial descart\u00f3 afectaciones si los desarrollos cumplen con la norma de construcci\u00f3n.<\/p>\n<p>\u00abBe Gran realmente no tiene ning\u00fan problema de ese tipo, no levantamos ni un solo desarrollo sin tener la aprobaci\u00f3n no solo del gobierno, sino de la comunidad que rodea a cada uno de nuestros desarrollos. Lo que hace Be Grand es <strong>crecer en orden<\/strong> sin atacar ninguna zona de m\u00e1s\u00bb, enfatiz\u00f3.<\/p>\n","protected":false},"excerpt":{"rendered":"<p>El desarrollo tendr\u00e1\u00a0siete torres de lujo que albergar\u00e1n hasta 258 departamentos, con espacios\u00a0que\u00a0van desde los 218 hasta los 600 m\u00b2<\/p>\n","protected":false},"author":69,"featured_media":79872,"comment_status":"open","ping_status":"closed","sticky":false,"template":"","format":"standard","meta":{"om_disable_all_campaigns":false,"inline_featured_image":false,"_monsterinsights_skip_tracking":false,"_monsterinsights_sitenote_active":false,"_monsterinsights_sitenote_note":"","_monsterinsights_sitenote_category":0,"footnotes":""},"categories":[15],"tags":[9485,14682,14683,6926,58,251],"class_list":["post-79868","post","type-post","status-publish","format-standard","has-post-thumbnail","hentry","category-inmobiliario","tag-be-grand","tag-be-grand-park-bosques","tag-bosque-real","tag-interlomas","tag-oficinas","tag-residencial"],"yoast_head":"<!-- This site is optimized with the Yoast SEO plugin v27.4 - https:\/\/yoast.com\/product\/yoast-seo-wordpress\/ -->\n<title>Be Grand imprime su marca premium en Park Bosques<\/title>\n<meta name=\"description\" content=\"El desarrollo tendr\u00e1 siete torres de lujo que albergar\u00e1n hasta 258 departamentos, con espacios que van desde los 218 hasta los 600 m\u00b2\" \/>\n<meta name=\"robots\" content=\"index, follow, max-snippet:-1, max-image-preview:large, max-video-preview:-1\" \/>\n<link rel=\"canonical\" href=\"https:\/\/centrourbano.com\/revista\/inmobiliario\/be-grand-imprime-su-marca-premium-en-park-bosques\/\" \/>\n<meta property=\"og:locale\" content=\"es_ES\" \/>\n<meta property=\"og:type\" content=\"article\" \/>\n<meta property=\"og:title\" content=\"Be Grand imprime su marca premium en Park Bosques\" \/>\n<meta property=\"og:description\" content=\"El desarrollo tendr\u00e1 siete torres de lujo que albergar\u00e1n hasta 258 departamentos, con espacios que van desde los 218 hasta los 600 m\u00b2\" \/>\n<meta property=\"og:url\" content=\"https:\/\/centrourbano.com\/revista\/inmobiliario\/be-grand-imprime-su-marca-premium-en-park-bosques\/\" \/>\n<meta property=\"og:site_name\" content=\"Centro Urbano\" \/>\n<meta property=\"article:publisher\" content=\"https:\/\/www.facebook.com\/portalcentrourbano\" \/>\n<meta property=\"article:published_time\" content=\"2018-10-12T20:16:43+00:00\" \/>\n<meta property=\"article:modified_time\" content=\"2018-10-12T20:23:29+00:00\" \/>\n<meta property=\"og:image\" content=\"https:\/\/centrourbano.com\/revista\/wp-content\/uploads\/43878630_303736883778087_8547399434923671552_n.jpg\" \/>\n\t<meta property=\"og:image:width\" content=\"4032\" \/>\n\t<meta property=\"og:image:height\" content=\"3024\" \/>\n\t<meta property=\"og:image:type\" content=\"image\/jpeg\" \/>\n<meta name=\"author\" content=\"Fernando Navarrete\" \/>\n<meta name=\"twitter:card\" content=\"summary_large_image\" \/>\n<meta name=\"twitter:creator\" content=\"@CentroUrbano\" \/>\n<meta name=\"twitter:site\" content=\"@CentroUrbano\" \/>\n<meta name=\"twitter:label1\" content=\"Escrito por\" \/>\n\t<meta name=\"twitter:data1\" content=\"Fernando Navarrete\" \/>\n\t<meta name=\"twitter:label2\" content=\"Tiempo de lectura\" \/>\n\t<meta name=\"twitter:data2\" content=\"2 minutos\" \/>\n<script type=\"application\/ld+json\" class=\"yoast-schema-graph\">{\"@context\":\"https:\\\/\\\/schema.org\",\"@graph\":[{\"@type\":\"Article\",\"@id\":\"https:\\\/\\\/centrourbano.com\\\/revista\\\/inmobiliario\\\/be-grand-imprime-su-marca-premium-en-park-bosques\\\/#article\",\"isPartOf\":{\"@id\":\"https:\\\/\\\/centrourbano.com\\\/revista\\\/inmobiliario\\\/be-grand-imprime-su-marca-premium-en-park-bosques\\\/\"},\"author\":{\"name\":\"Fernando Navarrete\",\"@id\":\"https:\\\/\\\/centrourbano.com\\\/revista\\\/#\\\/schema\\\/person\\\/515c32d01ece40d20a7ed3fdf34051af\"},\"headline\":\"Be Grand imprime su marca premium en Park Bosques\",\"datePublished\":\"2018-10-12T20:16:43+00:00\",\"dateModified\":\"2018-10-12T20:23:29+00:00\",\"mainEntityOfPage\":{\"@id\":\"https:\\\/\\\/centrourbano.com\\\/revista\\\/inmobiliario\\\/be-grand-imprime-su-marca-premium-en-park-bosques\\\/\"},\"wordCount\":438,\"commentCount\":0,\"publisher\":{\"@id\":\"https:\\\/\\\/centrourbano.com\\\/revista\\\/#organization\"},\"image\":{\"@id\":\"https:\\\/\\\/centrourbano.com\\\/revista\\\/inmobiliario\\\/be-grand-imprime-su-marca-premium-en-park-bosques\\\/#primaryimage\"},\"thumbnailUrl\":\"https:\\\/\\\/centrourbano.com\\\/revista\\\/wp-content\\\/uploads\\\/43878630_303736883778087_8547399434923671552_n.jpg\",\"keywords\":[\"Be Grand\",\"Be Grand Park Bosques\",\"Bosque Real\",\"Interlomas\",\"oficinas\",\"residencial\"],\"articleSection\":[\"Inmobiliario\"],\"inLanguage\":\"es\",\"potentialAction\":[{\"@type\":\"CommentAction\",\"name\":\"Comment\",\"target\":[\"https:\\\/\\\/centrourbano.com\\\/revista\\\/inmobiliario\\\/be-grand-imprime-su-marca-premium-en-park-bosques\\\/#respond\"]}]},{\"@type\":\"WebPage\",\"@id\":\"https:\\\/\\\/centrourbano.com\\\/revista\\\/inmobiliario\\\/be-grand-imprime-su-marca-premium-en-park-bosques\\\/\",\"url\":\"https:\\\/\\\/centrourbano.com\\\/revista\\\/inmobiliario\\\/be-grand-imprime-su-marca-premium-en-park-bosques\\\/\",\"name\":\"Be Grand imprime su marca premium en Park Bosques\",\"isPartOf\":{\"@id\":\"https:\\\/\\\/centrourbano.com\\\/revista\\\/#website\"},\"primaryImageOfPage\":{\"@id\":\"https:\\\/\\\/centrourbano.com\\\/revista\\\/inmobiliario\\\/be-grand-imprime-su-marca-premium-en-park-bosques\\\/#primaryimage\"},\"image\":{\"@id\":\"https:\\\/\\\/centrourbano.com\\\/revista\\\/inmobiliario\\\/be-grand-imprime-su-marca-premium-en-park-bosques\\\/#primaryimage\"},\"thumbnailUrl\":\"https:\\\/\\\/centrourbano.com\\\/revista\\\/wp-content\\\/uploads\\\/43878630_303736883778087_8547399434923671552_n.jpg\",\"datePublished\":\"2018-10-12T20:16:43+00:00\",\"dateModified\":\"2018-10-12T20:23:29+00:00\",\"description\":\"El desarrollo tendr\u00e1 siete torres de lujo que albergar\u00e1n hasta 258 departamentos, con espacios que van desde los 218 hasta los 600 m\u00b2\",\"breadcrumb\":{\"@id\":\"https:\\\/\\\/centrourbano.com\\\/revista\\\/inmobiliario\\\/be-grand-imprime-su-marca-premium-en-park-bosques\\\/#breadcrumb\"},\"inLanguage\":\"es\",\"potentialAction\":[{\"@type\":\"ReadAction\",\"target\":[\"https:\\\/\\\/centrourbano.com\\\/revista\\\/inmobiliario\\\/be-grand-imprime-su-marca-premium-en-park-bosques\\\/\"]}]},{\"@type\":\"ImageObject\",\"inLanguage\":\"es\",\"@id\":\"https:\\\/\\\/centrourbano.com\\\/revista\\\/inmobiliario\\\/be-grand-imprime-su-marca-premium-en-park-bosques\\\/#primaryimage\",\"url\":\"https:\\\/\\\/centrourbano.com\\\/revista\\\/wp-content\\\/uploads\\\/43878630_303736883778087_8547399434923671552_n.jpg\",\"contentUrl\":\"https:\\\/\\\/centrourbano.com\\\/revista\\\/wp-content\\\/uploads\\\/43878630_303736883778087_8547399434923671552_n.jpg\",\"width\":4032,\"height\":3024,\"caption\":\"El desarrollo tendr\u00e1 siete torres de lujo que albergar\u00e1n hasta 258 departamentos, con espacios que van desde los 218 hasta los 600 m\u00b2\"},{\"@type\":\"BreadcrumbList\",\"@id\":\"https:\\\/\\\/centrourbano.com\\\/revista\\\/inmobiliario\\\/be-grand-imprime-su-marca-premium-en-park-bosques\\\/#breadcrumb\",\"itemListElement\":[{\"@type\":\"ListItem\",\"position\":1,\"name\":\"Portada\",\"item\":\"https:\\\/\\\/centrourbano.com\\\/revista\\\/\"},{\"@type\":\"ListItem\",\"position\":2,\"name\":\"Be Grand imprime su marca premium en Park Bosques\"}]},{\"@type\":\"WebSite\",\"@id\":\"https:\\\/\\\/centrourbano.com\\\/revista\\\/#website\",\"url\":\"https:\\\/\\\/centrourbano.com\\\/revista\\\/\",\"name\":\"Centro Urbano\",\"description\":\"Medio especializado en los sectores vivienda, inmobiliario, construcci\u00f3n, arquitectura y urbanismo.\",\"publisher\":{\"@id\":\"https:\\\/\\\/centrourbano.com\\\/revista\\\/#organization\"},\"potentialAction\":[{\"@type\":\"SearchAction\",\"target\":{\"@type\":\"EntryPoint\",\"urlTemplate\":\"https:\\\/\\\/centrourbano.com\\\/revista\\\/?s={search_term_string}\"},\"query-input\":{\"@type\":\"PropertyValueSpecification\",\"valueRequired\":true,\"valueName\":\"search_term_string\"}}],\"inLanguage\":\"es\"},{\"@type\":\"Organization\",\"@id\":\"https:\\\/\\\/centrourbano.com\\\/revista\\\/#organization\",\"name\":\"Centro Urbano\",\"url\":\"https:\\\/\\\/centrourbano.com\\\/revista\\\/\",\"logo\":{\"@type\":\"ImageObject\",\"inLanguage\":\"es\",\"@id\":\"https:\\\/\\\/centrourbano.com\\\/revista\\\/#\\\/schema\\\/logo\\\/image\\\/\",\"url\":\"https:\\\/\\\/centrourbano.com\\\/revista\\\/wp-content\\\/uploads\\\/web_CU_logo-1.png\",\"contentUrl\":\"https:\\\/\\\/centrourbano.com\\\/revista\\\/wp-content\\\/uploads\\\/web_CU_logo-1.png\",\"width\":350,\"height\":91,\"caption\":\"Centro Urbano\"},\"image\":{\"@id\":\"https:\\\/\\\/centrourbano.com\\\/revista\\\/#\\\/schema\\\/logo\\\/image\\\/\"},\"sameAs\":[\"https:\\\/\\\/www.facebook.com\\\/portalcentrourbano\",\"https:\\\/\\\/x.com\\\/CentroUrbano\",\"https:\\\/\\\/www.instagram.com\\\/centro_urbano\\\/\",\"https:\\\/\\\/www.linkedin.com\\\/company\\\/centro-urbano\\\/\",\"http:\\\/\\\/www.youtube.com\\\/user\\\/portalcentrourbano\"]},{\"@type\":\"Person\",\"@id\":\"https:\\\/\\\/centrourbano.com\\\/revista\\\/#\\\/schema\\\/person\\\/515c32d01ece40d20a7ed3fdf34051af\",\"name\":\"Fernando Navarrete\",\"image\":{\"@type\":\"ImageObject\",\"inLanguage\":\"es\",\"@id\":\"https:\\\/\\\/secure.gravatar.com\\\/avatar\\\/f4dd6927a99e72698473e350e20ec8a38bd48cb668e15b03d04e8e537da41ad0?s=96&d=mm&r=g\",\"url\":\"https:\\\/\\\/secure.gravatar.com\\\/avatar\\\/f4dd6927a99e72698473e350e20ec8a38bd48cb668e15b03d04e8e537da41ad0?s=96&d=mm&r=g\",\"contentUrl\":\"https:\\\/\\\/secure.gravatar.com\\\/avatar\\\/f4dd6927a99e72698473e350e20ec8a38bd48cb668e15b03d04e8e537da41ad0?s=96&d=mm&r=g\",\"caption\":\"Fernando Navarrete\"},\"description\":\"Reportero de negocios, inmobiliario, construcci\u00f3n e industria. Me interesa la econom\u00eda, pol\u00edtica, historia y antropolog\u00eda. Estudi\u00e9 en la Facultad de Ciencias Pol\u00edticas y Sociales de la UNAM. Tengo experiencia en el sector p\u00fablico, la industria del acero, ingenier\u00eda civil, IT y corporativos; soy un nost\u00e1lgico nacionalista contempor\u00e1neo que cree en la grandeza de su pa\u00eds. Asiduo lector de Juan Rulfo, Jos\u00e9 Revueltas y J. R. R Tolkien.\",\"url\":\"https:\\\/\\\/centrourbano.com\\\/revista\\\/author\\\/fernando-navarrete\\\/\"}]}<\/script>\n<!-- \/ Yoast SEO plugin. -->","yoast_head_json":{"title":"Be Grand imprime su marca premium en Park Bosques","description":"El desarrollo tendr\u00e1 siete torres de lujo que albergar\u00e1n hasta 258 departamentos, con espacios que van desde los 218 hasta los 600 m\u00b2","robots":{"index":"index","follow":"follow","max-snippet":"max-snippet:-1","max-image-preview":"max-image-preview:large","max-video-preview":"max-video-preview:-1"},"canonical":"https:\/\/centrourbano.com\/revista\/inmobiliario\/be-grand-imprime-su-marca-premium-en-park-bosques\/","og_locale":"es_ES","og_type":"article","og_title":"Be Grand imprime su marca premium en Park Bosques","og_description":"El desarrollo tendr\u00e1 siete torres de lujo que albergar\u00e1n hasta 258 departamentos, con espacios que van desde los 218 hasta los 600 m\u00b2","og_url":"https:\/\/centrourbano.com\/revista\/inmobiliario\/be-grand-imprime-su-marca-premium-en-park-bosques\/","og_site_name":"Centro Urbano","article_publisher":"https:\/\/www.facebook.com\/portalcentrourbano","article_published_time":"2018-10-12T20:16:43+00:00","article_modified_time":"2018-10-12T20:23:29+00:00","og_image":[{"width":4032,"height":3024,"url":"https:\/\/centrourbano.com\/revista\/wp-content\/uploads\/43878630_303736883778087_8547399434923671552_n.jpg","type":"image\/jpeg"}],"author":"Fernando Navarrete","twitter_card":"summary_large_image","twitter_creator":"@CentroUrbano","twitter_site":"@CentroUrbano","twitter_misc":{"Escrito por":"Fernando Navarrete","Tiempo de lectura":"2 minutos"},"schema":{"@context":"https:\/\/schema.org","@graph":[{"@type":"Article","@id":"https:\/\/centrourbano.com\/revista\/inmobiliario\/be-grand-imprime-su-marca-premium-en-park-bosques\/#article","isPartOf":{"@id":"https:\/\/centrourbano.com\/revista\/inmobiliario\/be-grand-imprime-su-marca-premium-en-park-bosques\/"},"author":{"name":"Fernando Navarrete","@id":"https:\/\/centrourbano.com\/revista\/#\/schema\/person\/515c32d01ece40d20a7ed3fdf34051af"},"headline":"Be Grand imprime su marca premium en Park Bosques","datePublished":"2018-10-12T20:16:43+00:00","dateModified":"2018-10-12T20:23:29+00:00","mainEntityOfPage":{"@id":"https:\/\/centrourbano.com\/revista\/inmobiliario\/be-grand-imprime-su-marca-premium-en-park-bosques\/"},"wordCount":438,"commentCount":0,"publisher":{"@id":"https:\/\/centrourbano.com\/revista\/#organization"},"image":{"@id":"https:\/\/centrourbano.com\/revista\/inmobiliario\/be-grand-imprime-su-marca-premium-en-park-bosques\/#primaryimage"},"thumbnailUrl":"https:\/\/centrourbano.com\/revista\/wp-content\/uploads\/43878630_303736883778087_8547399434923671552_n.jpg","keywords":["Be Grand","Be Grand Park Bosques","Bosque Real","Interlomas","oficinas","residencial"],"articleSection":["Inmobiliario"],"inLanguage":"es","potentialAction":[{"@type":"CommentAction","name":"Comment","target":["https:\/\/centrourbano.com\/revista\/inmobiliario\/be-grand-imprime-su-marca-premium-en-park-bosques\/#respond"]}]},{"@type":"WebPage","@id":"https:\/\/centrourbano.com\/revista\/inmobiliario\/be-grand-imprime-su-marca-premium-en-park-bosques\/","url":"https:\/\/centrourbano.com\/revista\/inmobiliario\/be-grand-imprime-su-marca-premium-en-park-bosques\/","name":"Be Grand imprime su marca premium en Park Bosques","isPartOf":{"@id":"https:\/\/centrourbano.com\/revista\/#website"},"primaryImageOfPage":{"@id":"https:\/\/centrourbano.com\/revista\/inmobiliario\/be-grand-imprime-su-marca-premium-en-park-bosques\/#primaryimage"},"image":{"@id":"https:\/\/centrourbano.com\/revista\/inmobiliario\/be-grand-imprime-su-marca-premium-en-park-bosques\/#primaryimage"},"thumbnailUrl":"https:\/\/centrourbano.com\/revista\/wp-content\/uploads\/43878630_303736883778087_8547399434923671552_n.jpg","datePublished":"2018-10-12T20:16:43+00:00","dateModified":"2018-10-12T20:23:29+00:00","description":"El desarrollo tendr\u00e1 siete torres de lujo que albergar\u00e1n hasta 258 departamentos, con espacios que van desde los 218 hasta los 600 m\u00b2","breadcrumb":{"@id":"https:\/\/centrourbano.com\/revista\/inmobiliario\/be-grand-imprime-su-marca-premium-en-park-bosques\/#breadcrumb"},"inLanguage":"es","potentialAction":[{"@type":"ReadAction","target":["https:\/\/centrourbano.com\/revista\/inmobiliario\/be-grand-imprime-su-marca-premium-en-park-bosques\/"]}]},{"@type":"ImageObject","inLanguage":"es","@id":"https:\/\/centrourbano.com\/revista\/inmobiliario\/be-grand-imprime-su-marca-premium-en-park-bosques\/#primaryimage","url":"https:\/\/centrourbano.com\/revista\/wp-content\/uploads\/43878630_303736883778087_8547399434923671552_n.jpg","contentUrl":"https:\/\/centrourbano.com\/revista\/wp-content\/uploads\/43878630_303736883778087_8547399434923671552_n.jpg","width":4032,"height":3024,"caption":"El desarrollo tendr\u00e1 siete torres de lujo que albergar\u00e1n hasta 258 departamentos, con espacios que van desde los 218 hasta los 600 m\u00b2"},{"@type":"BreadcrumbList","@id":"https:\/\/centrourbano.com\/revista\/inmobiliario\/be-grand-imprime-su-marca-premium-en-park-bosques\/#breadcrumb","itemListElement":[{"@type":"ListItem","position":1,"name":"Portada","item":"https:\/\/centrourbano.com\/revista\/"},{"@type":"ListItem","position":2,"name":"Be Grand imprime su marca premium en Park Bosques"}]},{"@type":"WebSite","@id":"https:\/\/centrourbano.com\/revista\/#website","url":"https:\/\/centrourbano.com\/revista\/","name":"Centro Urbano","description":"Medio especializado en los sectores vivienda, inmobiliario, construcci\u00f3n, arquitectura y urbanismo.","publisher":{"@id":"https:\/\/centrourbano.com\/revista\/#organization"},"potentialAction":[{"@type":"SearchAction","target":{"@type":"EntryPoint","urlTemplate":"https:\/\/centrourbano.com\/revista\/?s={search_term_string}"},"query-input":{"@type":"PropertyValueSpecification","valueRequired":true,"valueName":"search_term_string"}}],"inLanguage":"es"},{"@type":"Organization","@id":"https:\/\/centrourbano.com\/revista\/#organization","name":"Centro Urbano","url":"https:\/\/centrourbano.com\/revista\/","logo":{"@type":"ImageObject","inLanguage":"es","@id":"https:\/\/centrourbano.com\/revista\/#\/schema\/logo\/image\/","url":"https:\/\/centrourbano.com\/revista\/wp-content\/uploads\/web_CU_logo-1.png","contentUrl":"https:\/\/centrourbano.com\/revista\/wp-content\/uploads\/web_CU_logo-1.png","width":350,"height":91,"caption":"Centro Urbano"},"image":{"@id":"https:\/\/centrourbano.com\/revista\/#\/schema\/logo\/image\/"},"sameAs":["https:\/\/www.facebook.com\/portalcentrourbano","https:\/\/x.com\/CentroUrbano","https:\/\/www.instagram.com\/centro_urbano\/","https:\/\/www.linkedin.com\/company\/centro-urbano\/","http:\/\/www.youtube.com\/user\/portalcentrourbano"]},{"@type":"Person","@id":"https:\/\/centrourbano.com\/revista\/#\/schema\/person\/515c32d01ece40d20a7ed3fdf34051af","name":"Fernando Navarrete","image":{"@type":"ImageObject","inLanguage":"es","@id":"https:\/\/secure.gravatar.com\/avatar\/f4dd6927a99e72698473e350e20ec8a38bd48cb668e15b03d04e8e537da41ad0?s=96&d=mm&r=g","url":"https:\/\/secure.gravatar.com\/avatar\/f4dd6927a99e72698473e350e20ec8a38bd48cb668e15b03d04e8e537da41ad0?s=96&d=mm&r=g","contentUrl":"https:\/\/secure.gravatar.com\/avatar\/f4dd6927a99e72698473e350e20ec8a38bd48cb668e15b03d04e8e537da41ad0?s=96&d=mm&r=g","caption":"Fernando Navarrete"},"description":"Reportero de negocios, inmobiliario, construcci\u00f3n e industria. Me interesa la econom\u00eda, pol\u00edtica, historia y antropolog\u00eda. Estudi\u00e9 en la Facultad de Ciencias Pol\u00edticas y Sociales de la UNAM. Tengo experiencia en el sector p\u00fablico, la industria del acero, ingenier\u00eda civil, IT y corporativos; soy un nost\u00e1lgico nacionalista contempor\u00e1neo que cree en la grandeza de su pa\u00eds. Asiduo lector de Juan Rulfo, Jos\u00e9 Revueltas y J. R. R Tolkien.","url":"https:\/\/centrourbano.com\/revista\/author\/fernando-navarrete\/"}]}},"_links":{"self":[{"href":"https:\/\/centrourbano.com\/revista\/wp-json\/wp\/v2\/posts\/79868","targetHints":{"allow":["GET"]}}],"collection":[{"href":"https:\/\/centrourbano.com\/revista\/wp-json\/wp\/v2\/posts"}],"about":[{"href":"https:\/\/centrourbano.com\/revista\/wp-json\/wp\/v2\/types\/post"}],"author":[{"embeddable":true,"href":"https:\/\/centrourbano.com\/revista\/wp-json\/wp\/v2\/users\/69"}],"replies":[{"embeddable":true,"href":"https:\/\/centrourbano.com\/revista\/wp-json\/wp\/v2\/comments?post=79868"}],"version-history":[{"count":3,"href":"https:\/\/centrourbano.com\/revista\/wp-json\/wp\/v2\/posts\/79868\/revisions"}],"predecessor-version":[{"id":79876,"href":"https:\/\/centrourbano.com\/revista\/wp-json\/wp\/v2\/posts\/79868\/revisions\/79876"}],"wp:featuredmedia":[{"embeddable":true,"href":"https:\/\/centrourbano.com\/revista\/wp-json\/wp\/v2\/media\/79872"}],"wp:attachment":[{"href":"https:\/\/centrourbano.com\/revista\/wp-json\/wp\/v2\/media?parent=79868"}],"wp:term":[{"taxonomy":"category","embeddable":true,"href":"https:\/\/centrourbano.com\/revista\/wp-json\/wp\/v2\/categories?post=79868"},{"taxonomy":"post_tag","embeddable":true,"href":"https:\/\/centrourbano.com\/revista\/wp-json\/wp\/v2\/tags?post=79868"}],"curies":[{"name":"wp","href":"https:\/\/api.w.org\/{rel}","templated":true}]}}